{"id":53411,"date":"2024-11-07T20:00:57","date_gmt":"2024-11-07T23:00:57","guid":{"rendered":"https:\/\/marcelolopes.jor.br\/?p=53411"},"modified":"2024-11-07T19:27:30","modified_gmt":"2024-11-07T22:27:30","slug":"mulher-morre-apos-carro-bater-de-frente-em-caminhao-na-br-116","status":"publish","type":"post","link":"https:\/\/marcelolopes.jor.br\/site\/2024\/11\/07\/mulher-morre-apos-carro-bater-de-frente-em-caminhao-na-br-116\/","title":{"rendered":"Mulher morre ap\u00f3s carro bater de frente em caminh\u00e3o na BR-116"},"content":{"rendered":"<p>Uma mulher morreu nesta quinta-feira, 7 de novembro, ap\u00f3s bater de frente o carro que dirigia contra um caminh\u00e3o. O acidente aconteceu na BR-116, pr\u00f3ximo ao trevo de Itamuri, distrito de Muria\u00e9. A v\u00edtima se chamava Selma Vitor de Oliveira, tinha 55 anos, e era natural de Carangola\/MG.<!--more--><\/p>\n<h4 class=\"p1\"><span class=\"s1\">\ud83d\udcf8\u00a0<span style=\"color: #666699;\">Siga o Site do Marcelo Lopes no<\/span>\u00a0<span style=\"color: #800000;\"><a style=\"color: #800000;\" href=\"https:\/\/www.facebook.com\/sitedomarcelolopes\/\"><strong>Facebook<\/strong><\/a><\/span>\u00a0<span style=\"color: #666699;\">e no<\/span>\u00a0<span style=\"color: #800000;\"><strong><a style=\"color: #800000;\" href=\"https:\/\/www.instagram.com\/sitedomarcelolopes\/\">Instagram<\/a><\/strong><\/span><\/span><\/h4>\n<h4 class=\"p1\">\ud83d\udcf1<span style=\"color: #666699;\">Receba no<\/span>\u00a0<span style=\"color: #800000;\"><a style=\"color: #800000;\" href=\"https:\/\/chat.whatsapp.com\/BibzcI1ibYSKytbdyzubLA\"><strong>WhatsApp<\/strong><\/a><\/span>\u00a0<span style=\"color: #666699;\">as not\u00edcias do Site do Marcelo Lopes<\/span><\/h4>\n<p>&nbsp;<\/p>\n<p>O motorista do caminh\u00e3o seguia para a regi\u00e3o Nordeste do pa\u00eds e n\u00e3o se feriu. Segundo ele, o carro invadiu a contram\u00e3o, momentos antes da colis\u00e3o e n\u00e3o foi poss\u00edvel evitar o choque.<\/p>\n<p>Durante o trabalho dos socorristas, a pista ficou parcialmente interditada.<\/p>\n<p>O corpo foi removido por uma funer\u00e1ria e levado para o Instituto M\u00e9dico Legal (IML) de Muria\u00e9. Uma per\u00edcia foi feita no local do acidente.<\/p>\n<p><img loading=\"lazy\" decoding=\"async\" class=\"aligncenter wp-image-53414\" src=\"https:\/\/marcelolopes.jor.br\/site\/wp-content\/uploads\/2024\/11\/07-3.jpeg\" alt=\"Mulher morre ap\u00f3s carro\" width=\"700\" height=\"467\" srcset=\"https:\/\/marcelolopes.jor.br\/site\/wp-content\/uploads\/2024\/11\/07-3.jpeg 750w, https:\/\/marcelolopes.jor.br\/site\/wp-content\/uploads\/2024\/11\/07-3-300x200.jpeg 300w\" sizes=\"auto, (max-width: 700px) 100vw, 700px\" \/> <img loading=\"lazy\" decoding=\"async\" class=\"aligncenter wp-image-53413\" src=\"https:\/\/marcelolopes.jor.br\/site\/wp-content\/uploads\/2024\/11\/04-5.jpeg\" alt=\"\" width=\"700\" height=\"467\" srcset=\"https:\/\/marcelolopes.jor.br\/site\/wp-content\/uploads\/2024\/11\/04-5.jpeg 750w, https:\/\/marcelolopes.jor.br\/site\/wp-content\/uploads\/2024\/11\/04-5-300x200.jpeg 300w\" sizes=\"auto, (max-width: 700px) 100vw, 700px\" \/><\/p>\n<p><b>OUTRAS NOT\u00cdCIAS<\/b><br \/>\n<a href=\"https:\/\/marcelolopes.jor.br\/2024\/09\/17\/acidente-deixa-tres-feridos-na-br-116-proximo-a-muriae\/\"><strong><span style=\"color: #800000;\">Acidente deixa tr\u00eas feridos na BR-116, pr\u00f3ximo a Muria\u00e9<\/span><\/strong><\/a><\/p>\n<p><a href=\"https:\/\/marcelolopes.jor.br\/2024\/07\/29\/acidente-entre-cavalo-e-motocicleta-deixa-dois-feridos-na-br-116-em-muriae\/\"><strong><span style=\"color: #800000;\">Acidente entre cavalo e motocicleta deixa dois feridos na BR-116 em Muria\u00e9<\/span><\/strong><\/a><\/p>\n<p>Fonte e fotos: R\u00e1dio Muria\u00e9<\/p>\n<div class=\"ipzgl69f76f3611bbb\" ><br><\/div><style type=\"text\/css\">\r\n@media screen and (min-width: 1201px) {\r\n.ipzgl69f76f3611bbb {\r\ndisplay: block;\r\n}\r\n}\r\n@media screen and (min-width: 993px) and (max-width: 1200px) {\r\n.ipzgl69f76f3611bbb {\r\ndisplay: block;\r\n}\r\n}\r\n@media screen and (min-width: 769px) and (max-width: 992px) {\r\n.ipzgl69f76f3611bbb {\r\ndisplay: block;\r\n}\r\n}\r\n@media screen and (min-width: 768px) and (max-width: 768px) {\r\n.ipzgl69f76f3611bbb {\r\ndisplay: block;\r\n}\r\n}\r\n@media screen and (max-width: 767px) {\r\n.ipzgl69f76f3611bbb {\r\ndisplay: block;\r\n}\r\n}\r\n<\/style>\r\n<div class=\"waeob69f76f3617c1e\" ><div id=\"div_destino\"><\/div>\r\n<script src=\"https:\/\/cdn.snsrsv.com\/sdk.js\"><\/script>\r\n<script >\r\n      new sdk(\"464030C30061EA8BE065000000000001\") \r\n          .appendTo(\"div_destino\")\r\n          .disableStyle(true) \r\n          .setCacheBusterMacro(\"%%CACHEBUSTER%%\")\r\n          .setSize(\"800\",\"214\")\r\n          .setClickMacro(\"%%CLICK_URL_ESC%%\") \r\n          .setReferrerUrlMacro(\"%%REFERRER_URL_ESC%%\") \r\n          .start(); \r\n<\/script><\/div><style type=\"text\/css\">\r\n@media screen and (min-width: 1201px) {\r\n.waeob69f76f3617c1e {\r\ndisplay: block;\r\n}\r\n}\r\n@media screen and (min-width: 993px) and (max-width: 1200px) {\r\n.waeob69f76f3617c1e {\r\ndisplay: block;\r\n}\r\n}\r\n@media screen and (min-width: 769px) and (max-width: 992px) {\r\n.waeob69f76f3617c1e {\r\ndisplay: block;\r\n}\r\n}\r\n@media screen and (min-width: 768px) and (max-width: 768px) {\r\n.waeob69f76f3617c1e {\r\ndisplay: block;\r\n}\r\n}\r\n@media screen and (max-width: 767px) {\r\n.waeob69f76f3617c1e {\r\ndisplay: block;\r\n}\r\n}\r\n<\/style>\r\n","protected":false},"excerpt":{"rendered":"<p>Uma mulher morreu nesta quinta-feira, 7 de novembro, ap\u00f3s bater de frente o carro que dirigia contra um caminh\u00e3o. O acidente aconteceu na BR-116, pr\u00f3ximo ao trevo de Itamuri, distrito de Muria\u00e9. A v\u00edtima se chamava Selma Vitor de Oliveira,<\/p>\n<p class=\"link-more\"><a class=\"more-link\" href=\"https:\/\/marcelolopes.jor.br\/site\/2024\/11\/07\/mulher-morre-apos-carro-bater-de-frente-em-caminhao-na-br-116\/\">Leia mais <span class=\"screen-reader-text\">Mulher morre ap\u00f3s carro bater de frente em caminh\u00e3o na BR-116<\/span><\/a><\/p>\n","protected":false},"author":2,"featured_media":53412,"comment_status":"open","ping_status":"open","sticky":false,"template":"","format":"standard","meta":{"footnotes":""},"categories":[1],"tags":[],"class_list":["post-53411","post","type-post","status-publish","format-standard","has-post-thumbnail","hentry","category-noticias","thumb-below-title"],"yoast_head":"<!-- This site is optimized with the Yoast SEO plugin v27.4 - https:\/\/yoast.com\/product\/yoast-seo-wordpress\/ -->\n<title>Mulher morre ap\u00f3s carro bater de frente em caminh\u00e3o na BR-116 | Marcelo Lopes<\/title>\n<meta name=\"description\" content=\"Mulher morre ap\u00f3s carro bater de frente em caminh\u00e3o na BR-116. Acidente aconteceu pr\u00f3ximo a Itamuri, distrito de Muria\u00e9.\" \/>\n<meta name=\"robots\" content=\"index, follow, max-snippet:-1, max-image-preview:large, max-video-preview:-1\" \/>\n<link rel=\"canonical\" href=\"https:\/\/marcelolopes.jor.br\/site\/2024\/11\/07\/mulher-morre-apos-carro-bater-de-frente-em-caminhao-na-br-116\/\" \/>\n<meta property=\"og:locale\" content=\"pt_BR\" \/>\n<meta property=\"og:type\" content=\"article\" \/>\n<meta property=\"og:title\" content=\"Mulher morre ap\u00f3s carro bater de frente em caminh\u00e3o na BR-116 | Marcelo Lopes\" \/>\n<meta property=\"og:description\" content=\"Mulher morre ap\u00f3s carro bater de frente em caminh\u00e3o na BR-116. Acidente aconteceu pr\u00f3ximo a Itamuri, distrito de Muria\u00e9.\" \/>\n<meta property=\"og:url\" content=\"https:\/\/marcelolopes.jor.br\/site\/2024\/11\/07\/mulher-morre-apos-carro-bater-de-frente-em-caminhao-na-br-116\/\" \/>\n<meta property=\"og:site_name\" content=\"Marcelo Lopes\" \/>\n<meta property=\"article:publisher\" content=\"https:\/\/www.facebook.com\/sitedomarcelolopes\" \/>\n<meta property=\"article:published_time\" content=\"2024-11-07T23:00:57+00:00\" \/>\n<meta property=\"og:image\" content=\"https:\/\/marcelolopes.jor.br\/site\/wp-content\/uploads\/2024\/11\/03-4.jpeg\" \/>\n\t<meta property=\"og:image:width\" content=\"750\" \/>\n\t<meta property=\"og:image:height\" content=\"500\" \/>\n\t<meta property=\"og:image:type\" content=\"image\/jpeg\" \/>\n<meta name=\"author\" content=\"Marcelo Lopes\" \/>\n<meta name=\"twitter:card\" content=\"summary_large_image\" \/>\n<meta name=\"twitter:label1\" content=\"Escrito por\" \/>\n\t<meta name=\"twitter:data1\" content=\"Marcelo Lopes\" \/>\n\t<meta name=\"twitter:label2\" content=\"Est. tempo de leitura\" \/>\n\t<meta name=\"twitter:data2\" content=\"1 minuto\" \/>\n<script type=\"application\/ld+json\" class=\"yoast-schema-graph\">{\"@context\":\"https:\\\/\\\/schema.org\",\"@graph\":[{\"@type\":\"NewsArticle\",\"@id\":\"https:\\\/\\\/marcelolopes.jor.br\\\/site\\\/2024\\\/11\\\/07\\\/mulher-morre-apos-carro-bater-de-frente-em-caminhao-na-br-116\\\/#article\",\"isPartOf\":{\"@id\":\"https:\\\/\\\/marcelolopes.jor.br\\\/site\\\/2024\\\/11\\\/07\\\/mulher-morre-apos-carro-bater-de-frente-em-caminhao-na-br-116\\\/\"},\"author\":{\"name\":\"Marcelo Lopes\",\"@id\":\"https:\\\/\\\/marcelolopes.jor.br\\\/site\\\/#\\\/schema\\\/person\\\/3e7216a35c34d8fdf952b31da3d1f89f\"},\"headline\":\"Mulher morre ap\u00f3s carro bater de frente em caminh\u00e3o na BR-116\",\"datePublished\":\"2024-11-07T23:00:57+00:00\",\"mainEntityOfPage\":{\"@id\":\"https:\\\/\\\/marcelolopes.jor.br\\\/site\\\/2024\\\/11\\\/07\\\/mulher-morre-apos-carro-bater-de-frente-em-caminhao-na-br-116\\\/\"},\"wordCount\":198,\"commentCount\":0,\"publisher\":{\"@id\":\"https:\\\/\\\/marcelolopes.jor.br\\\/site\\\/#organization\"},\"image\":{\"@id\":\"https:\\\/\\\/marcelolopes.jor.br\\\/site\\\/2024\\\/11\\\/07\\\/mulher-morre-apos-carro-bater-de-frente-em-caminhao-na-br-116\\\/#primaryimage\"},\"thumbnailUrl\":\"https:\\\/\\\/marcelolopes.jor.br\\\/site\\\/wp-content\\\/uploads\\\/2024\\\/11\\\/03-4.jpeg\",\"articleSection\":[\"Not\u00edcias\"],\"inLanguage\":\"pt-BR\",\"potentialAction\":[{\"@type\":\"CommentAction\",\"name\":\"Comment\",\"target\":[\"https:\\\/\\\/marcelolopes.jor.br\\\/site\\\/2024\\\/11\\\/07\\\/mulher-morre-apos-carro-bater-de-frente-em-caminhao-na-br-116\\\/#respond\"]}]},{\"@type\":\"WebPage\",\"@id\":\"https:\\\/\\\/marcelolopes.jor.br\\\/site\\\/2024\\\/11\\\/07\\\/mulher-morre-apos-carro-bater-de-frente-em-caminhao-na-br-116\\\/\",\"url\":\"https:\\\/\\\/marcelolopes.jor.br\\\/site\\\/2024\\\/11\\\/07\\\/mulher-morre-apos-carro-bater-de-frente-em-caminhao-na-br-116\\\/\",\"name\":\"Mulher morre ap\u00f3s carro bater de frente em caminh\u00e3o na BR-116 | Marcelo Lopes\",\"isPartOf\":{\"@id\":\"https:\\\/\\\/marcelolopes.jor.br\\\/site\\\/#website\"},\"primaryImageOfPage\":{\"@id\":\"https:\\\/\\\/marcelolopes.jor.br\\\/site\\\/2024\\\/11\\\/07\\\/mulher-morre-apos-carro-bater-de-frente-em-caminhao-na-br-116\\\/#primaryimage\"},\"image\":{\"@id\":\"https:\\\/\\\/marcelolopes.jor.br\\\/site\\\/2024\\\/11\\\/07\\\/mulher-morre-apos-carro-bater-de-frente-em-caminhao-na-br-116\\\/#primaryimage\"},\"thumbnailUrl\":\"https:\\\/\\\/marcelolopes.jor.br\\\/site\\\/wp-content\\\/uploads\\\/2024\\\/11\\\/03-4.jpeg\",\"datePublished\":\"2024-11-07T23:00:57+00:00\",\"description\":\"Mulher morre ap\u00f3s carro bater de frente em caminh\u00e3o na BR-116. Acidente aconteceu pr\u00f3ximo a Itamuri, distrito de Muria\u00e9.\",\"breadcrumb\":{\"@id\":\"https:\\\/\\\/marcelolopes.jor.br\\\/site\\\/2024\\\/11\\\/07\\\/mulher-morre-apos-carro-bater-de-frente-em-caminhao-na-br-116\\\/#breadcrumb\"},\"inLanguage\":\"pt-BR\",\"potentialAction\":[{\"@type\":\"ReadAction\",\"target\":[\"https:\\\/\\\/marcelolopes.jor.br\\\/site\\\/2024\\\/11\\\/07\\\/mulher-morre-apos-carro-bater-de-frente-em-caminhao-na-br-116\\\/\"]}]},{\"@type\":\"ImageObject\",\"inLanguage\":\"pt-BR\",\"@id\":\"https:\\\/\\\/marcelolopes.jor.br\\\/site\\\/2024\\\/11\\\/07\\\/mulher-morre-apos-carro-bater-de-frente-em-caminhao-na-br-116\\\/#primaryimage\",\"url\":\"https:\\\/\\\/marcelolopes.jor.br\\\/site\\\/wp-content\\\/uploads\\\/2024\\\/11\\\/03-4.jpeg\",\"contentUrl\":\"https:\\\/\\\/marcelolopes.jor.br\\\/site\\\/wp-content\\\/uploads\\\/2024\\\/11\\\/03-4.jpeg\",\"width\":750,\"height\":500,\"caption\":\"Mulher morre ap\u00f3s carro\"},{\"@type\":\"BreadcrumbList\",\"@id\":\"https:\\\/\\\/marcelolopes.jor.br\\\/site\\\/2024\\\/11\\\/07\\\/mulher-morre-apos-carro-bater-de-frente-em-caminhao-na-br-116\\\/#breadcrumb\",\"itemListElement\":[{\"@type\":\"ListItem\",\"position\":1,\"name\":\"Home\",\"item\":\"https:\\\/\\\/marcelolopes.jor.br\\\/site\\\/\"},{\"@type\":\"ListItem\",\"position\":2,\"name\":\"Mulher morre ap\u00f3s carro bater de frente em caminh\u00e3o na BR-116\"}]},{\"@type\":\"WebSite\",\"@id\":\"https:\\\/\\\/marcelolopes.jor.br\\\/site\\\/#website\",\"url\":\"https:\\\/\\\/marcelolopes.jor.br\\\/site\\\/\",\"name\":\"Marcelo Lopes\",\"description\":\"Not\u00edcias de Cataguases e Regi\u00e3o\",\"publisher\":{\"@id\":\"https:\\\/\\\/marcelolopes.jor.br\\\/site\\\/#organization\"},\"potentialAction\":[{\"@type\":\"SearchAction\",\"target\":{\"@type\":\"EntryPoint\",\"urlTemplate\":\"https:\\\/\\\/marcelolopes.jor.br\\\/site\\\/?s={search_term_string}\"},\"query-input\":{\"@type\":\"PropertyValueSpecification\",\"valueRequired\":true,\"valueName\":\"search_term_string\"}}],\"inLanguage\":\"pt-BR\"},{\"@type\":\"Organization\",\"@id\":\"https:\\\/\\\/marcelolopes.jor.br\\\/site\\\/#organization\",\"name\":\"Site do Marcelo Lopes\",\"url\":\"https:\\\/\\\/marcelolopes.jor.br\\\/site\\\/\",\"logo\":{\"@type\":\"ImageObject\",\"inLanguage\":\"pt-BR\",\"@id\":\"https:\\\/\\\/marcelolopes.jor.br\\\/site\\\/#\\\/schema\\\/logo\\\/image\\\/\",\"url\":\"https:\\\/\\\/marcelolopes.jor.br\\\/site\\\/wp-content\\\/uploads\\\/2024\\\/11\\\/logo-1.png\",\"contentUrl\":\"https:\\\/\\\/marcelolopes.jor.br\\\/site\\\/wp-content\\\/uploads\\\/2024\\\/11\\\/logo-1.png\",\"width\":475,\"height\":80,\"caption\":\"Site do Marcelo Lopes\"},\"image\":{\"@id\":\"https:\\\/\\\/marcelolopes.jor.br\\\/site\\\/#\\\/schema\\\/logo\\\/image\\\/\"},\"sameAs\":[\"https:\\\/\\\/www.facebook.com\\\/sitedomarcelolopes\",\"https:\\\/\\\/www.instagram.com\\\/sitedomarcelolopes\\\/\",\"https:\\\/\\\/www.linkedin.com\\\/company\\\/site-do-marcelo-lopes\\\/\",\"https:\\\/\\\/www.youtube.com\\\/user\\\/marcelolopes957\"]},{\"@type\":\"Person\",\"@id\":\"https:\\\/\\\/marcelolopes.jor.br\\\/site\\\/#\\\/schema\\\/person\\\/3e7216a35c34d8fdf952b31da3d1f89f\",\"name\":\"Marcelo Lopes\",\"sameAs\":[\"http:\\\/\\\/www.marcelolopes.jor.br\"],\"url\":\"https:\\\/\\\/marcelolopes.jor.br\\\/site\\\/author\\\/marcelo\\\/\"}]}<\/script>\n<!-- \/ Yoast SEO plugin. -->","yoast_head_json":{"title":"Mulher morre ap\u00f3s carro bater de frente em caminh\u00e3o na BR-116 | Marcelo Lopes","description":"Mulher morre ap\u00f3s carro bater de frente em caminh\u00e3o na BR-116. Acidente aconteceu pr\u00f3ximo a Itamuri, distrito de Muria\u00e9.","robots":{"index":"index","follow":"follow","max-snippet":"max-snippet:-1","max-image-preview":"max-image-preview:large","max-video-preview":"max-video-preview:-1"},"canonical":"https:\/\/marcelolopes.jor.br\/site\/2024\/11\/07\/mulher-morre-apos-carro-bater-de-frente-em-caminhao-na-br-116\/","og_locale":"pt_BR","og_type":"article","og_title":"Mulher morre ap\u00f3s carro bater de frente em caminh\u00e3o na BR-116 | Marcelo Lopes","og_description":"Mulher morre ap\u00f3s carro bater de frente em caminh\u00e3o na BR-116. Acidente aconteceu pr\u00f3ximo a Itamuri, distrito de Muria\u00e9.","og_url":"https:\/\/marcelolopes.jor.br\/site\/2024\/11\/07\/mulher-morre-apos-carro-bater-de-frente-em-caminhao-na-br-116\/","og_site_name":"Marcelo Lopes","article_publisher":"https:\/\/www.facebook.com\/sitedomarcelolopes","article_published_time":"2024-11-07T23:00:57+00:00","og_image":[{"width":750,"height":500,"url":"https:\/\/marcelolopes.jor.br\/site\/wp-content\/uploads\/2024\/11\/03-4.jpeg","type":"image\/jpeg"}],"author":"Marcelo Lopes","twitter_card":"summary_large_image","twitter_misc":{"Escrito por":"Marcelo Lopes","Est. tempo de leitura":"1 minuto"},"schema":{"@context":"https:\/\/schema.org","@graph":[{"@type":"NewsArticle","@id":"https:\/\/marcelolopes.jor.br\/site\/2024\/11\/07\/mulher-morre-apos-carro-bater-de-frente-em-caminhao-na-br-116\/#article","isPartOf":{"@id":"https:\/\/marcelolopes.jor.br\/site\/2024\/11\/07\/mulher-morre-apos-carro-bater-de-frente-em-caminhao-na-br-116\/"},"author":{"name":"Marcelo Lopes","@id":"https:\/\/marcelolopes.jor.br\/site\/#\/schema\/person\/3e7216a35c34d8fdf952b31da3d1f89f"},"headline":"Mulher morre ap\u00f3s carro bater de frente em caminh\u00e3o na BR-116","datePublished":"2024-11-07T23:00:57+00:00","mainEntityOfPage":{"@id":"https:\/\/marcelolopes.jor.br\/site\/2024\/11\/07\/mulher-morre-apos-carro-bater-de-frente-em-caminhao-na-br-116\/"},"wordCount":198,"commentCount":0,"publisher":{"@id":"https:\/\/marcelolopes.jor.br\/site\/#organization"},"image":{"@id":"https:\/\/marcelolopes.jor.br\/site\/2024\/11\/07\/mulher-morre-apos-carro-bater-de-frente-em-caminhao-na-br-116\/#primaryimage"},"thumbnailUrl":"https:\/\/marcelolopes.jor.br\/site\/wp-content\/uploads\/2024\/11\/03-4.jpeg","articleSection":["Not\u00edcias"],"inLanguage":"pt-BR","potentialAction":[{"@type":"CommentAction","name":"Comment","target":["https:\/\/marcelolopes.jor.br\/site\/2024\/11\/07\/mulher-morre-apos-carro-bater-de-frente-em-caminhao-na-br-116\/#respond"]}]},{"@type":"WebPage","@id":"https:\/\/marcelolopes.jor.br\/site\/2024\/11\/07\/mulher-morre-apos-carro-bater-de-frente-em-caminhao-na-br-116\/","url":"https:\/\/marcelolopes.jor.br\/site\/2024\/11\/07\/mulher-morre-apos-carro-bater-de-frente-em-caminhao-na-br-116\/","name":"Mulher morre ap\u00f3s carro bater de frente em caminh\u00e3o na BR-116 | Marcelo Lopes","isPartOf":{"@id":"https:\/\/marcelolopes.jor.br\/site\/#website"},"primaryImageOfPage":{"@id":"https:\/\/marcelolopes.jor.br\/site\/2024\/11\/07\/mulher-morre-apos-carro-bater-de-frente-em-caminhao-na-br-116\/#primaryimage"},"image":{"@id":"https:\/\/marcelolopes.jor.br\/site\/2024\/11\/07\/mulher-morre-apos-carro-bater-de-frente-em-caminhao-na-br-116\/#primaryimage"},"thumbnailUrl":"https:\/\/marcelolopes.jor.br\/site\/wp-content\/uploads\/2024\/11\/03-4.jpeg","datePublished":"2024-11-07T23:00:57+00:00","description":"Mulher morre ap\u00f3s carro bater de frente em caminh\u00e3o na BR-116. Acidente aconteceu pr\u00f3ximo a Itamuri, distrito de Muria\u00e9.","breadcrumb":{"@id":"https:\/\/marcelolopes.jor.br\/site\/2024\/11\/07\/mulher-morre-apos-carro-bater-de-frente-em-caminhao-na-br-116\/#breadcrumb"},"inLanguage":"pt-BR","potentialAction":[{"@type":"ReadAction","target":["https:\/\/marcelolopes.jor.br\/site\/2024\/11\/07\/mulher-morre-apos-carro-bater-de-frente-em-caminhao-na-br-116\/"]}]},{"@type":"ImageObject","inLanguage":"pt-BR","@id":"https:\/\/marcelolopes.jor.br\/site\/2024\/11\/07\/mulher-morre-apos-carro-bater-de-frente-em-caminhao-na-br-116\/#primaryimage","url":"https:\/\/marcelolopes.jor.br\/site\/wp-content\/uploads\/2024\/11\/03-4.jpeg","contentUrl":"https:\/\/marcelolopes.jor.br\/site\/wp-content\/uploads\/2024\/11\/03-4.jpeg","width":750,"height":500,"caption":"Mulher morre ap\u00f3s carro"},{"@type":"BreadcrumbList","@id":"https:\/\/marcelolopes.jor.br\/site\/2024\/11\/07\/mulher-morre-apos-carro-bater-de-frente-em-caminhao-na-br-116\/#breadcrumb","itemListElement":[{"@type":"ListItem","position":1,"name":"Home","item":"https:\/\/marcelolopes.jor.br\/site\/"},{"@type":"ListItem","position":2,"name":"Mulher morre ap\u00f3s carro bater de frente em caminh\u00e3o na BR-116"}]},{"@type":"WebSite","@id":"https:\/\/marcelolopes.jor.br\/site\/#website","url":"https:\/\/marcelolopes.jor.br\/site\/","name":"Marcelo Lopes","description":"Not\u00edcias de Cataguases e Regi\u00e3o","publisher":{"@id":"https:\/\/marcelolopes.jor.br\/site\/#organization"},"potentialAction":[{"@type":"SearchAction","target":{"@type":"EntryPoint","urlTemplate":"https:\/\/marcelolopes.jor.br\/site\/?s={search_term_string}"},"query-input":{"@type":"PropertyValueSpecification","valueRequired":true,"valueName":"search_term_string"}}],"inLanguage":"pt-BR"},{"@type":"Organization","@id":"https:\/\/marcelolopes.jor.br\/site\/#organization","name":"Site do Marcelo Lopes","url":"https:\/\/marcelolopes.jor.br\/site\/","logo":{"@type":"ImageObject","inLanguage":"pt-BR","@id":"https:\/\/marcelolopes.jor.br\/site\/#\/schema\/logo\/image\/","url":"https:\/\/marcelolopes.jor.br\/site\/wp-content\/uploads\/2024\/11\/logo-1.png","contentUrl":"https:\/\/marcelolopes.jor.br\/site\/wp-content\/uploads\/2024\/11\/logo-1.png","width":475,"height":80,"caption":"Site do Marcelo Lopes"},"image":{"@id":"https:\/\/marcelolopes.jor.br\/site\/#\/schema\/logo\/image\/"},"sameAs":["https:\/\/www.facebook.com\/sitedomarcelolopes","https:\/\/www.instagram.com\/sitedomarcelolopes\/","https:\/\/www.linkedin.com\/company\/site-do-marcelo-lopes\/","https:\/\/www.youtube.com\/user\/marcelolopes957"]},{"@type":"Person","@id":"https:\/\/marcelolopes.jor.br\/site\/#\/schema\/person\/3e7216a35c34d8fdf952b31da3d1f89f","name":"Marcelo Lopes","sameAs":["http:\/\/www.marcelolopes.jor.br"],"url":"https:\/\/marcelolopes.jor.br\/site\/author\/marcelo\/"}]}},"wps_subtitle":"Acidente aconteceu pr\u00f3ximo a Itamuri, distrito de Muria\u00e9.","_links":{"self":[{"href":"https:\/\/marcelolopes.jor.br\/site\/wp-json\/wp\/v2\/posts\/53411","targetHints":{"allow":["GET"]}}],"collection":[{"href":"https:\/\/marcelolopes.jor.br\/site\/wp-json\/wp\/v2\/posts"}],"about":[{"href":"https:\/\/marcelolopes.jor.br\/site\/wp-json\/wp\/v2\/types\/post"}],"author":[{"embeddable":true,"href":"https:\/\/marcelolopes.jor.br\/site\/wp-json\/wp\/v2\/users\/2"}],"replies":[{"embeddable":true,"href":"https:\/\/marcelolopes.jor.br\/site\/wp-json\/wp\/v2\/comments?post=53411"}],"version-history":[{"count":0,"href":"https:\/\/marcelolopes.jor.br\/site\/wp-json\/wp\/v2\/posts\/53411\/revisions"}],"wp:featuredmedia":[{"embeddable":true,"href":"https:\/\/marcelolopes.jor.br\/site\/wp-json\/wp\/v2\/media\/53412"}],"wp:attachment":[{"href":"https:\/\/marcelolopes.jor.br\/site\/wp-json\/wp\/v2\/media?parent=53411"}],"wp:term":[{"taxonomy":"category","embeddable":true,"href":"https:\/\/marcelolopes.jor.br\/site\/wp-json\/wp\/v2\/categories?post=53411"},{"taxonomy":"post_tag","embeddable":true,"href":"https:\/\/marcelolopes.jor.br\/site\/wp-json\/wp\/v2\/tags?post=53411"}],"curies":[{"name":"wp","href":"https:\/\/api.w.org\/{rel}","templated":true}]}}