{"id":52346,"date":"2024-09-29T07:00:44","date_gmt":"2024-09-29T10:00:44","guid":{"rendered":"https:\/\/marcelolopes.jor.br\/?p=52346"},"modified":"2024-09-27T11:58:04","modified_gmt":"2024-09-27T14:58:04","slug":"proprietario-rural-tem-ate-amanha-para-declarar-o-itr","status":"publish","type":"post","link":"https:\/\/marcelolopes.jor.br\/site\/2024\/09\/29\/proprietario-rural-tem-ate-amanha-para-declarar-o-itr\/","title":{"rendered":"Propriet\u00e1rio rural tem at\u00e9 amanh\u00e3 para declarar o ITR"},"content":{"rendered":"<p>Termina amanh\u00e3, segunda-feira, 30 de setembro, o prazo para declara\u00e7\u00e3o do Imposto sobre a Propriedade Territorial Rural (ITR) 2024. Os donos de propriedades rurais devem declarar o imposto atrav\u00e9s do site da Receita Federal.<!--more--><\/p>\n<h4 class=\"p1\"><span class=\"s1\">\ud83d\udcf8\u00a0<span style=\"color: #808080;\">Siga o Site do Marcelo Lopes no<\/span>\u00a0<a style=\"transition-property: all;\" href=\"https:\/\/www.facebook.com\/sitedomarcelolopes\/\"><strong><span style=\"color: #800000;\">Facebook<\/span><\/strong><\/a>\u00a0<span style=\"color: #808080;\">e no<\/span>\u00a0<strong><span style=\"color: #800000;\"><a style=\"color: #800000;\" href=\"https:\/\/www.instagram.com\/sitedomarcelolopes\/\">Instagram<\/a><\/span><\/strong><\/span><\/h4>\n<h4 class=\"p1\"><span style=\"font-size: 1.5rem;\">\ud83d\udcf1<\/span><span style=\"color: #808080;\">Receba no<\/span><span style=\"font-size: 1.5rem;\">\u00a0<\/span><a style=\"font-size: 1.5rem;\" href=\"https:\/\/chat.whatsapp.com\/BibzcI1ibYSKytbdyzubLA\"><strong><span style=\"color: #800000;\">WhatsApp<\/span><\/strong><\/a><span style=\"font-size: 1.5rem;\">\u00a0<\/span><span style=\"color: #808080;\">as not\u00edcias do Site do Marcelo Lope<\/span><span style=\"color: #808080; font-size: 1.5rem;\">s<\/span><\/h4>\n<p>&nbsp;<\/p>\n<p>Precisam declarar o imposto os titulares de dom\u00ednio, que possu\u00edrem posse plena ou usufrutu\u00e1rio de uma propriedade rural. Al\u00e9m disso, a declara\u00e7\u00e3o do ITR tamb\u00e9m \u00e9 obrigat\u00f3ria para quem vendeu ou deixou de ter a posse de uma propriedade rural entre 1\u00ba de janeiro de 2024 e a data de envio da declara\u00e7\u00e3o.<\/p>\n<p>Est\u00e3o isentos da declara\u00e7\u00e3o apenas os pequenos propriet\u00e1rios de terras rurais, que tenham menos de 30 hectares, que n\u00e3o possuam outros im\u00f3veis, ou propriedades de institui\u00e7\u00f5es sem fins lucrativos usadas para educa\u00e7\u00e3o ou assist\u00eancia social.<\/p>\n<p>O ITR pode ser pago em at\u00e9 quatro parcelas, de pelo menos R$ 50 cada. No entanto, se o valor total do imposto for inferior a R$ 100, o pagamento deve ser feito de uma vez s\u00f3. A declara\u00e7\u00e3o atrasada est\u00e1 sujeita a multa, de 1% ao m\u00eas sobre o valor do imposto devido, com um m\u00ednimo de R$ 50.<\/p>\n<p>A DITR, composta pelo Documento de Informa\u00e7\u00e3o e Atualiza\u00e7\u00e3o Cadastral do Imposto sobre a Propriedade Territorial Rural (Diac) e pelo Documento de Informa\u00e7\u00e3o e Apura\u00e7\u00e3o do Imposto sobre a Propriedade Territorial Rural (Diat), deve ser elaborada por meio do Programa Gerador da Declara\u00e7\u00e3o do ITR, relativo ao exerc\u00edcio de 2024 (Programa ITR 2024), a ser disponibilizado no <a href=\"https:\/\/www.gov.br\/receitafederal\/pt-br\/centrais-de-conteudo\/download\/pgd\/ditr\"><strong><span style=\"color: #800000;\">site da Receita Federal<\/span><\/strong><\/a> na internet.<\/p>\n<p><strong>OUTRAS NOT\u00cdCIAS<\/strong><br \/>\n<a href=\"https:\/\/marcelolopes.jor.br\/2024\/05\/28\/sindicato-rural-recebe-representante-do-ministerio-de-desenvolvimento-agrario\/\"><strong><span style=\"color: #800000;\">Sindicato Rural recebe representante do Minist\u00e9rio de Desenvolvimento Agr\u00e1rio<\/span><\/strong><\/a><\/p>\n<p><a href=\"https:\/\/marcelolopes.jor.br\/2024\/09\/15\/prazo-para-pagamento-do-itr-2024-termina-dia-30-de-setembro\/\"><strong><span style=\"color: #800000;\">Prazo para pagamento do ITR 2024 termina dia 30 de setembro<\/span><\/strong><\/a><\/p>\n<p>* Com informa\u00e7\u00f5es de FAEMG\/SENAR e Exame Agro | Foto: Pexels<\/p>\n<div class=\"lffxc6a97de8a30102\" ><div style=\"margin-left: auto; margin-right: auto; text-align: center; margin-top: 50px; \" id=\"teste-1523132817\"><a href=\"https:\/\/marcelolopes.jor.br\/site\/edital-audiencia-publica-energisa-minas-rio-2026\/\" aria-label=\"banneredital\"><img loading=\"lazy\" decoding=\"async\" src=\"https:\/\/marcelolopes.jor.br\/site\/wp-content\/uploads\/2026\/09\/banneredital.png\" alt=\"\"  srcset=\"https:\/\/marcelolopes.jor.br\/site\/wp-content\/uploads\/2026\/09\/banneredital.png 812w, https:\/\/marcelolopes.jor.br\/site\/wp-content\/uploads\/2026\/09\/banneredital-300x56.png 300w, https:\/\/marcelolopes.jor.br\/site\/wp-content\/uploads\/2026\/09\/banneredital-768x144.png 768w\" sizes=\"(max-width: 812px) 100vw, 812px\" width=\"812\" height=\"152\"  style=\"display: inline-block;\" \/><\/a><\/div><br><\/div><style type=\"text\/css\">\r\n@media screen and (min-width: 1201px) {\r\n.lffxc6a97de8a30102 {\r\ndisplay: block;\r\n}\r\n}\r\n@media screen and (min-width: 993px) and (max-width: 1200px) {\r\n.lffxc6a97de8a30102 {\r\ndisplay: block;\r\n}\r\n}\r\n@media screen and (min-width: 769px) and (max-width: 992px) {\r\n.lffxc6a97de8a30102 {\r\ndisplay: block;\r\n}\r\n}\r\n@media screen and (min-width: 768px) and (max-width: 768px) {\r\n.lffxc6a97de8a30102 {\r\ndisplay: block;\r\n}\r\n}\r\n@media screen and (max-width: 767px) {\r\n.lffxc6a97de8a30102 {\r\ndisplay: block;\r\n}\r\n}\r\n<\/style>\r\n<div class=\"baxrb6a97de8a378a6\" ><div id=\"div_destino\"><\/div>\r\n<script src=\"https:\/\/cdn.snsrsv.com\/sdk.js\"><\/script>\r\n<script >\r\n      new sdk(\"464030C30061EA8BE065000000000001\") \r\n          .appendTo(\"div_destino\")\r\n          .disableStyle(true) \r\n          .setCacheBusterMacro(\"%%CACHEBUSTER%%\")\r\n          .setSize(\"800\",\"214\")\r\n          .setClickMacro(\"%%CLICK_URL_ESC%%\") \r\n          .setReferrerUrlMacro(\"%%REFERRER_URL_ESC%%\") \r\n          .start(); \r\n<\/script><\/div><style type=\"text\/css\">\r\n@media screen and (min-width: 1201px) {\r\n.baxrb6a97de8a378a6 {\r\ndisplay: block;\r\n}\r\n}\r\n@media screen and (min-width: 993px) and (max-width: 1200px) {\r\n.baxrb6a97de8a378a6 {\r\ndisplay: block;\r\n}\r\n}\r\n@media screen and (min-width: 769px) and (max-width: 992px) {\r\n.baxrb6a97de8a378a6 {\r\ndisplay: block;\r\n}\r\n}\r\n@media screen and (min-width: 768px) and (max-width: 768px) {\r\n.baxrb6a97de8a378a6 {\r\ndisplay: block;\r\n}\r\n}\r\n@media screen and (max-width: 767px) {\r\n.baxrb6a97de8a378a6 {\r\ndisplay: block;\r\n}\r\n}\r\n<\/style>\r\n","protected":false},"excerpt":{"rendered":"<p>Termina amanh\u00e3, segunda-feira, 30 de setembro, o prazo para declara\u00e7\u00e3o do Imposto sobre a Propriedade Territorial Rural (ITR) 2024. Os donos de propriedades rurais devem declarar o imposto atrav\u00e9s do site da Receita Federal.<\/p>\n","protected":false},"author":2,"featured_media":52347,"comment_status":"open","ping_status":"open","sticky":false,"template":"","format":"standard","meta":{"footnotes":""},"categories":[1],"tags":[],"class_list":["post-52346","post","type-post","status-publish","format-standard","has-post-thumbnail","hentry","category-noticias","thumb-below-title"],"yoast_head":"<!-- This site is optimized with the Yoast SEO plugin v28.3 - https:\/\/yoast.com\/product\/yoast-seo-wordpress\/ -->\n<title>Propriet\u00e1rio rural tem at\u00e9 amanh\u00e3 para declarar o ITR | Marcelo Lopes<\/title>\n<meta name=\"description\" content=\"Propriet\u00e1rio rural tem at\u00e9 amanh\u00e3 para declarar o ITR. Pequenos propriet\u00e1rios est\u00e3o isentos da declara\u00e7\u00e3o.\" \/>\n<meta name=\"robots\" content=\"index, follow, max-snippet:-1, max-image-preview:large, max-video-preview:-1\" \/>\n<link rel=\"canonical\" href=\"https:\/\/marcelolopes.jor.br\/site\/2024\/09\/29\/proprietario-rural-tem-ate-amanha-para-declarar-o-itr\/\" \/>\n<meta property=\"og:locale\" content=\"pt_BR\" \/>\n<meta property=\"og:type\" content=\"article\" \/>\n<meta property=\"og:title\" content=\"Propriet\u00e1rio rural tem at\u00e9 amanh\u00e3 para declarar o ITR | Marcelo Lopes\" \/>\n<meta property=\"og:description\" content=\"Propriet\u00e1rio rural tem at\u00e9 amanh\u00e3 para declarar o ITR. Pequenos propriet\u00e1rios est\u00e3o isentos da declara\u00e7\u00e3o.\" \/>\n<meta property=\"og:url\" content=\"https:\/\/marcelolopes.jor.br\/site\/2024\/09\/29\/proprietario-rural-tem-ate-amanha-para-declarar-o-itr\/\" \/>\n<meta property=\"og:site_name\" content=\"Marcelo Lopes\" \/>\n<meta property=\"article:publisher\" content=\"https:\/\/www.facebook.com\/sitedomarcelolopes\" \/>\n<meta property=\"article:published_time\" content=\"2024-09-29T10:00:44+00:00\" \/>\n<meta property=\"og:image\" content=\"https:\/\/marcelolopes.jor.br\/site\/wp-content\/uploads\/2024\/09\/rural.png\" \/>\n\t<meta property=\"og:image:width\" content=\"800\" \/>\n\t<meta property=\"og:image:height\" content=\"550\" \/>\n\t<meta property=\"og:image:type\" content=\"image\/png\" \/>\n<meta name=\"author\" content=\"Marcelo Lopes\" \/>\n<meta name=\"twitter:card\" content=\"summary_large_image\" \/>\n<meta name=\"twitter:label1\" content=\"Escrito por\" \/>\n\t<meta name=\"twitter:data1\" content=\"Marcelo Lopes\" \/>\n\t<meta name=\"twitter:label2\" content=\"Est. tempo de leitura\" \/>\n\t<meta name=\"twitter:data2\" content=\"2 minutos\" \/>\n<script type=\"application\/ld+json\" class=\"yoast-schema-graph\">{\"@context\":\"https:\\\/\\\/schema.org\",\"@graph\":[{\"@type\":\"NewsArticle\",\"@id\":\"https:\\\/\\\/marcelolopes.jor.br\\\/site\\\/2024\\\/09\\\/29\\\/proprietario-rural-tem-ate-amanha-para-declarar-o-itr\\\/#article\",\"isPartOf\":{\"@id\":\"https:\\\/\\\/marcelolopes.jor.br\\\/site\\\/2024\\\/09\\\/29\\\/proprietario-rural-tem-ate-amanha-para-declarar-o-itr\\\/\"},\"author\":{\"name\":\"Marcelo Lopes\",\"@id\":\"https:\\\/\\\/marcelolopes.jor.br\\\/site\\\/#\\\/schema\\\/person\\\/3e7216a35c34d8fdf952b31da3d1f89f\"},\"headline\":\"Propriet\u00e1rio rural tem at\u00e9 amanh\u00e3 para declarar o ITR\",\"datePublished\":\"2024-09-29T10:00:44+00:00\",\"mainEntityOfPage\":{\"@id\":\"https:\\\/\\\/marcelolopes.jor.br\\\/site\\\/2024\\\/09\\\/29\\\/proprietario-rural-tem-ate-amanha-para-declarar-o-itr\\\/\"},\"wordCount\":328,\"commentCount\":0,\"publisher\":{\"@id\":\"https:\\\/\\\/marcelolopes.jor.br\\\/site\\\/#organization\"},\"image\":{\"@id\":\"https:\\\/\\\/marcelolopes.jor.br\\\/site\\\/2024\\\/09\\\/29\\\/proprietario-rural-tem-ate-amanha-para-declarar-o-itr\\\/#primaryimage\"},\"thumbnailUrl\":\"https:\\\/\\\/marcelolopes.jor.br\\\/site\\\/wp-content\\\/uploads\\\/2024\\\/09\\\/rural.png\",\"articleSection\":[\"Not\u00edcias\"],\"inLanguage\":\"pt-BR\",\"potentialAction\":[{\"@type\":\"CommentAction\",\"name\":\"Comment\",\"target\":[\"https:\\\/\\\/marcelolopes.jor.br\\\/site\\\/2024\\\/09\\\/29\\\/proprietario-rural-tem-ate-amanha-para-declarar-o-itr\\\/#respond\"]}]},{\"@type\":\"WebPage\",\"@id\":\"https:\\\/\\\/marcelolopes.jor.br\\\/site\\\/2024\\\/09\\\/29\\\/proprietario-rural-tem-ate-amanha-para-declarar-o-itr\\\/\",\"url\":\"https:\\\/\\\/marcelolopes.jor.br\\\/site\\\/2024\\\/09\\\/29\\\/proprietario-rural-tem-ate-amanha-para-declarar-o-itr\\\/\",\"name\":\"Propriet\u00e1rio rural tem at\u00e9 amanh\u00e3 para declarar o ITR | Marcelo Lopes\",\"isPartOf\":{\"@id\":\"https:\\\/\\\/marcelolopes.jor.br\\\/site\\\/#website\"},\"primaryImageOfPage\":{\"@id\":\"https:\\\/\\\/marcelolopes.jor.br\\\/site\\\/2024\\\/09\\\/29\\\/proprietario-rural-tem-ate-amanha-para-declarar-o-itr\\\/#primaryimage\"},\"image\":{\"@id\":\"https:\\\/\\\/marcelolopes.jor.br\\\/site\\\/2024\\\/09\\\/29\\\/proprietario-rural-tem-ate-amanha-para-declarar-o-itr\\\/#primaryimage\"},\"thumbnailUrl\":\"https:\\\/\\\/marcelolopes.jor.br\\\/site\\\/wp-content\\\/uploads\\\/2024\\\/09\\\/rural.png\",\"datePublished\":\"2024-09-29T10:00:44+00:00\",\"description\":\"Propriet\u00e1rio rural tem at\u00e9 amanh\u00e3 para declarar o ITR. Pequenos propriet\u00e1rios est\u00e3o isentos da declara\u00e7\u00e3o.\",\"breadcrumb\":{\"@id\":\"https:\\\/\\\/marcelolopes.jor.br\\\/site\\\/2024\\\/09\\\/29\\\/proprietario-rural-tem-ate-amanha-para-declarar-o-itr\\\/#breadcrumb\"},\"inLanguage\":\"pt-BR\",\"potentialAction\":[{\"@type\":\"ReadAction\",\"target\":[\"https:\\\/\\\/marcelolopes.jor.br\\\/site\\\/2024\\\/09\\\/29\\\/proprietario-rural-tem-ate-amanha-para-declarar-o-itr\\\/\"]}]},{\"@type\":\"ImageObject\",\"inLanguage\":\"pt-BR\",\"@id\":\"https:\\\/\\\/marcelolopes.jor.br\\\/site\\\/2024\\\/09\\\/29\\\/proprietario-rural-tem-ate-amanha-para-declarar-o-itr\\\/#primaryimage\",\"url\":\"https:\\\/\\\/marcelolopes.jor.br\\\/site\\\/wp-content\\\/uploads\\\/2024\\\/09\\\/rural.png\",\"contentUrl\":\"https:\\\/\\\/marcelolopes.jor.br\\\/site\\\/wp-content\\\/uploads\\\/2024\\\/09\\\/rural.png\",\"width\":800,\"height\":550,\"caption\":\"Propriet\u00e1rio rural tem at\u00e9\"},{\"@type\":\"BreadcrumbList\",\"@id\":\"https:\\\/\\\/marcelolopes.jor.br\\\/site\\\/2024\\\/09\\\/29\\\/proprietario-rural-tem-ate-amanha-para-declarar-o-itr\\\/#breadcrumb\",\"itemListElement\":[{\"@type\":\"ListItem\",\"position\":1,\"name\":\"Home\",\"item\":\"https:\\\/\\\/marcelolopes.jor.br\\\/site\\\/\"},{\"@type\":\"ListItem\",\"position\":2,\"name\":\"Propriet\u00e1rio rural tem at\u00e9 amanh\u00e3 para declarar o ITR\"}]},{\"@type\":\"WebSite\",\"@id\":\"https:\\\/\\\/marcelolopes.jor.br\\\/site\\\/#website\",\"url\":\"https:\\\/\\\/marcelolopes.jor.br\\\/site\\\/\",\"name\":\"Marcelo Lopes\",\"description\":\"Not\u00edcias de Cataguases e Regi\u00e3o\",\"publisher\":{\"@id\":\"https:\\\/\\\/marcelolopes.jor.br\\\/site\\\/#organization\"},\"potentialAction\":[{\"@type\":\"SearchAction\",\"target\":{\"@type\":\"EntryPoint\",\"urlTemplate\":\"https:\\\/\\\/marcelolopes.jor.br\\\/site\\\/?s={search_term_string}\"},\"query-input\":{\"@type\":\"PropertyValueSpecification\",\"valueRequired\":true,\"valueName\":\"search_term_string\"}}],\"inLanguage\":\"pt-BR\"},{\"@type\":\"Organization\",\"@id\":\"https:\\\/\\\/marcelolopes.jor.br\\\/site\\\/#organization\",\"name\":\"Site do Marcelo Lopes\",\"url\":\"https:\\\/\\\/marcelolopes.jor.br\\\/site\\\/\",\"logo\":{\"@type\":\"ImageObject\",\"inLanguage\":\"pt-BR\",\"@id\":\"https:\\\/\\\/marcelolopes.jor.br\\\/site\\\/#\\\/schema\\\/logo\\\/image\\\/\",\"url\":\"https:\\\/\\\/marcelolopes.jor.br\\\/site\\\/wp-content\\\/uploads\\\/2026\\\/07\\\/cropped-logo2026.png\",\"contentUrl\":\"https:\\\/\\\/marcelolopes.jor.br\\\/site\\\/wp-content\\\/uploads\\\/2026\\\/07\\\/cropped-logo2026.png\",\"width\":328,\"height\":96,\"caption\":\"Site do Marcelo Lopes\"},\"image\":{\"@id\":\"https:\\\/\\\/marcelolopes.jor.br\\\/site\\\/#\\\/schema\\\/logo\\\/image\\\/\"},\"sameAs\":[\"https:\\\/\\\/www.facebook.com\\\/sitedomarcelolopes\",\"https:\\\/\\\/www.instagram.com\\\/sitedomarcelolopes\\\/\",\"https:\\\/\\\/www.linkedin.com\\\/company\\\/site-do-marcelo-lopes\\\/\",\"https:\\\/\\\/www.youtube.com\\\/user\\\/marcelolopes957\"]},{\"@type\":\"Person\",\"@id\":\"https:\\\/\\\/marcelolopes.jor.br\\\/site\\\/#\\\/schema\\\/person\\\/3e7216a35c34d8fdf952b31da3d1f89f\",\"name\":\"Marcelo Lopes\",\"sameAs\":[\"http:\\\/\\\/www.marcelolopes.jor.br\"],\"url\":\"https:\\\/\\\/marcelolopes.jor.br\\\/site\\\/author\\\/marcelo\\\/\"}]}<\/script>\n<!-- \/ Yoast SEO plugin. -->","yoast_head_json":{"title":"Propriet\u00e1rio rural tem at\u00e9 amanh\u00e3 para declarar o ITR | Marcelo Lopes","description":"Propriet\u00e1rio rural tem at\u00e9 amanh\u00e3 para declarar o ITR. Pequenos propriet\u00e1rios est\u00e3o isentos da declara\u00e7\u00e3o.","robots":{"index":"index","follow":"follow","max-snippet":"max-snippet:-1","max-image-preview":"max-image-preview:large","max-video-preview":"max-video-preview:-1"},"canonical":"https:\/\/marcelolopes.jor.br\/site\/2024\/09\/29\/proprietario-rural-tem-ate-amanha-para-declarar-o-itr\/","og_locale":"pt_BR","og_type":"article","og_title":"Propriet\u00e1rio rural tem at\u00e9 amanh\u00e3 para declarar o ITR | Marcelo Lopes","og_description":"Propriet\u00e1rio rural tem at\u00e9 amanh\u00e3 para declarar o ITR. Pequenos propriet\u00e1rios est\u00e3o isentos da declara\u00e7\u00e3o.","og_url":"https:\/\/marcelolopes.jor.br\/site\/2024\/09\/29\/proprietario-rural-tem-ate-amanha-para-declarar-o-itr\/","og_site_name":"Marcelo Lopes","article_publisher":"https:\/\/www.facebook.com\/sitedomarcelolopes","article_published_time":"2024-09-29T10:00:44+00:00","og_image":[{"width":800,"height":550,"url":"https:\/\/marcelolopes.jor.br\/site\/wp-content\/uploads\/2024\/09\/rural.png","type":"image\/png"}],"author":"Marcelo Lopes","twitter_card":"summary_large_image","twitter_misc":{"Escrito por":"Marcelo Lopes","Est. tempo de leitura":"2 minutos"},"schema":{"@context":"https:\/\/schema.org","@graph":[{"@type":"NewsArticle","@id":"https:\/\/marcelolopes.jor.br\/site\/2024\/09\/29\/proprietario-rural-tem-ate-amanha-para-declarar-o-itr\/#article","isPartOf":{"@id":"https:\/\/marcelolopes.jor.br\/site\/2024\/09\/29\/proprietario-rural-tem-ate-amanha-para-declarar-o-itr\/"},"author":{"name":"Marcelo Lopes","@id":"https:\/\/marcelolopes.jor.br\/site\/#\/schema\/person\/3e7216a35c34d8fdf952b31da3d1f89f"},"headline":"Propriet\u00e1rio rural tem at\u00e9 amanh\u00e3 para declarar o ITR","datePublished":"2024-09-29T10:00:44+00:00","mainEntityOfPage":{"@id":"https:\/\/marcelolopes.jor.br\/site\/2024\/09\/29\/proprietario-rural-tem-ate-amanha-para-declarar-o-itr\/"},"wordCount":328,"commentCount":0,"publisher":{"@id":"https:\/\/marcelolopes.jor.br\/site\/#organization"},"image":{"@id":"https:\/\/marcelolopes.jor.br\/site\/2024\/09\/29\/proprietario-rural-tem-ate-amanha-para-declarar-o-itr\/#primaryimage"},"thumbnailUrl":"https:\/\/marcelolopes.jor.br\/site\/wp-content\/uploads\/2024\/09\/rural.png","articleSection":["Not\u00edcias"],"inLanguage":"pt-BR","potentialAction":[{"@type":"CommentAction","name":"Comment","target":["https:\/\/marcelolopes.jor.br\/site\/2024\/09\/29\/proprietario-rural-tem-ate-amanha-para-declarar-o-itr\/#respond"]}]},{"@type":"WebPage","@id":"https:\/\/marcelolopes.jor.br\/site\/2024\/09\/29\/proprietario-rural-tem-ate-amanha-para-declarar-o-itr\/","url":"https:\/\/marcelolopes.jor.br\/site\/2024\/09\/29\/proprietario-rural-tem-ate-amanha-para-declarar-o-itr\/","name":"Propriet\u00e1rio rural tem at\u00e9 amanh\u00e3 para declarar o ITR | Marcelo Lopes","isPartOf":{"@id":"https:\/\/marcelolopes.jor.br\/site\/#website"},"primaryImageOfPage":{"@id":"https:\/\/marcelolopes.jor.br\/site\/2024\/09\/29\/proprietario-rural-tem-ate-amanha-para-declarar-o-itr\/#primaryimage"},"image":{"@id":"https:\/\/marcelolopes.jor.br\/site\/2024\/09\/29\/proprietario-rural-tem-ate-amanha-para-declarar-o-itr\/#primaryimage"},"thumbnailUrl":"https:\/\/marcelolopes.jor.br\/site\/wp-content\/uploads\/2024\/09\/rural.png","datePublished":"2024-09-29T10:00:44+00:00","description":"Propriet\u00e1rio rural tem at\u00e9 amanh\u00e3 para declarar o ITR. Pequenos propriet\u00e1rios est\u00e3o isentos da declara\u00e7\u00e3o.","breadcrumb":{"@id":"https:\/\/marcelolopes.jor.br\/site\/2024\/09\/29\/proprietario-rural-tem-ate-amanha-para-declarar-o-itr\/#breadcrumb"},"inLanguage":"pt-BR","potentialAction":[{"@type":"ReadAction","target":["https:\/\/marcelolopes.jor.br\/site\/2024\/09\/29\/proprietario-rural-tem-ate-amanha-para-declarar-o-itr\/"]}]},{"@type":"ImageObject","inLanguage":"pt-BR","@id":"https:\/\/marcelolopes.jor.br\/site\/2024\/09\/29\/proprietario-rural-tem-ate-amanha-para-declarar-o-itr\/#primaryimage","url":"https:\/\/marcelolopes.jor.br\/site\/wp-content\/uploads\/2024\/09\/rural.png","contentUrl":"https:\/\/marcelolopes.jor.br\/site\/wp-content\/uploads\/2024\/09\/rural.png","width":800,"height":550,"caption":"Propriet\u00e1rio rural tem at\u00e9"},{"@type":"BreadcrumbList","@id":"https:\/\/marcelolopes.jor.br\/site\/2024\/09\/29\/proprietario-rural-tem-ate-amanha-para-declarar-o-itr\/#breadcrumb","itemListElement":[{"@type":"ListItem","position":1,"name":"Home","item":"https:\/\/marcelolopes.jor.br\/site\/"},{"@type":"ListItem","position":2,"name":"Propriet\u00e1rio rural tem at\u00e9 amanh\u00e3 para declarar o ITR"}]},{"@type":"WebSite","@id":"https:\/\/marcelolopes.jor.br\/site\/#website","url":"https:\/\/marcelolopes.jor.br\/site\/","name":"Marcelo Lopes","description":"Not\u00edcias de Cataguases e Regi\u00e3o","publisher":{"@id":"https:\/\/marcelolopes.jor.br\/site\/#organization"},"potentialAction":[{"@type":"SearchAction","target":{"@type":"EntryPoint","urlTemplate":"https:\/\/marcelolopes.jor.br\/site\/?s={search_term_string}"},"query-input":{"@type":"PropertyValueSpecification","valueRequired":true,"valueName":"search_term_string"}}],"inLanguage":"pt-BR"},{"@type":"Organization","@id":"https:\/\/marcelolopes.jor.br\/site\/#organization","name":"Site do Marcelo Lopes","url":"https:\/\/marcelolopes.jor.br\/site\/","logo":{"@type":"ImageObject","inLanguage":"pt-BR","@id":"https:\/\/marcelolopes.jor.br\/site\/#\/schema\/logo\/image\/","url":"https:\/\/marcelolopes.jor.br\/site\/wp-content\/uploads\/2026\/07\/cropped-logo2026.png","contentUrl":"https:\/\/marcelolopes.jor.br\/site\/wp-content\/uploads\/2026\/07\/cropped-logo2026.png","width":328,"height":96,"caption":"Site do Marcelo Lopes"},"image":{"@id":"https:\/\/marcelolopes.jor.br\/site\/#\/schema\/logo\/image\/"},"sameAs":["https:\/\/www.facebook.com\/sitedomarcelolopes","https:\/\/www.instagram.com\/sitedomarcelolopes\/","https:\/\/www.linkedin.com\/company\/site-do-marcelo-lopes\/","https:\/\/www.youtube.com\/user\/marcelolopes957"]},{"@type":"Person","@id":"https:\/\/marcelolopes.jor.br\/site\/#\/schema\/person\/3e7216a35c34d8fdf952b31da3d1f89f","name":"Marcelo Lopes","sameAs":["http:\/\/www.marcelolopes.jor.br"],"url":"https:\/\/marcelolopes.jor.br\/site\/author\/marcelo\/"}]}},"wps_subtitle":"Pequenos propriet\u00e1rios est\u00e3o isentos da declara\u00e7\u00e3o.","_links":{"self":[{"href":"https:\/\/marcelolopes.jor.br\/site\/wp-json\/wp\/v2\/posts\/52346","targetHints":{"allow":["GET"]}}],"collection":[{"href":"https:\/\/marcelolopes.jor.br\/site\/wp-json\/wp\/v2\/posts"}],"about":[{"href":"https:\/\/marcelolopes.jor.br\/site\/wp-json\/wp\/v2\/types\/post"}],"author":[{"embeddable":true,"href":"https:\/\/marcelolopes.jor.br\/site\/wp-json\/wp\/v2\/users\/2"}],"replies":[{"embeddable":true,"href":"https:\/\/marcelolopes.jor.br\/site\/wp-json\/wp\/v2\/comments?post=52346"}],"version-history":[{"count":0,"href":"https:\/\/marcelolopes.jor.br\/site\/wp-json\/wp\/v2\/posts\/52346\/revisions"}],"wp:featuredmedia":[{"embeddable":true,"href":"https:\/\/marcelolopes.jor.br\/site\/wp-json\/wp\/v2\/media\/52347"}],"wp:attachment":[{"href":"https:\/\/marcelolopes.jor.br\/site\/wp-json\/wp\/v2\/media?parent=52346"}],"wp:term":[{"taxonomy":"category","embeddable":true,"href":"https:\/\/marcelolopes.jor.br\/site\/wp-json\/wp\/v2\/categories?post=52346"},{"taxonomy":"post_tag","embeddable":true,"href":"https:\/\/marcelolopes.jor.br\/site\/wp-json\/wp\/v2\/tags?post=52346"}],"curies":[{"name":"wp","href":"https:\/\/api.w.org\/{rel}","templated":true}]}}