{"id":5193,"date":"2019-08-28T16:00:06","date_gmt":"2019-08-28T19:00:06","guid":{"rendered":"https:\/\/marcelolopes.jor.br\/?p=5193"},"modified":"2023-03-09T15:54:17","modified_gmt":"2023-03-09T18:54:17","slug":"almg-vai-debater-a-precarizacao-das-condicoes-de-trabalho-em-uba","status":"publish","type":"post","link":"https:\/\/marcelolopes.jor.br\/site\/2019\/08\/28\/almg-vai-debater-a-precarizacao-das-condicoes-de-trabalho-em-uba\/","title":{"rendered":"ALMG vai debater a precariza\u00e7\u00e3o das condi\u00e7\u00f5es de trabalho em Ub\u00e1"},"content":{"rendered":"<p style=\"text-align: justify;\">A Comiss\u00e3o do Trabalho, da Previd\u00eancia e da Assist\u00eancia Social da <a href=\"http:\/\/www.almg.gov.br\"><strong><span style=\"color: #800000;\">Assembleia Legislativa de Minas Gerais<\/span><\/strong><\/a> (ALMG) vai realizar audi\u00eancia p\u00fablica, no munic\u00edpio de Ub\u00e1, quinta-feira, 29 de agosto, a partir das 19 horas, para debater a precariza\u00e7\u00e3o das rela\u00e7\u00f5es de trabalho do setor moveleiro na regi\u00e3o.<!--more--><\/p>\n<p style=\"text-align: justify;\">Em audi\u00eancia realizada pela Assembleia, em outubro de 2017, sobre o tema, representantes sindicais falaram sobre a ocorr\u00eancia de acidentes de trabalho que atentam contra a integridade f\u00edsica dos empregados, como as mutila\u00e7\u00f5es sofridas por eles. O epis\u00f3dio de inc\u00eandio em uma empresa do ramo deixou oito trabalhadores com ferimentos graves, conforme registrou-se na reuni\u00e3o.<\/p>\n<p style=\"text-align: justify;\">Foi denunciada ainda a persegui\u00e7\u00e3o a membros dos sindicatos. Segundo os participantes da audi\u00eancia, aqueles que se filiam a qualquer uma dessas entidades s\u00e3o demitidos. Relatos de ass\u00e9dio moral e sexual tamb\u00e9m foram relatados.<\/p>\n<p style=\"text-align: justify;\">Como esses problemas ainda persistem, o deputado Bet\u00e3o (PT) solicitou a realiza\u00e7\u00e3o da audi\u00eancia p\u00fablica. &#8220;Os dados j\u00e1 foram piores. Nos anos anteriores o \u00edndice de amputa\u00e7\u00e3o e acidentes com trabalhadores era de cerca de duas pessoas por m\u00eas&#8221;, alerta o parlamentar.<\/p>\n<p style=\"text-align: justify;\">Segundo o deputado, esse contexto \u00e9 resultado da &#8220;tr\u00e1gica reforma trabalhista&#8221;, promovida pelo ex-presidente da Rep\u00fablica Michel Temer, e tamb\u00e9m da flexibiliza\u00e7\u00e3o das leis de seguran\u00e7a do trabalho anunciadas recentemente pelo atual presidente Jair Bolsonaro, com a edi\u00e7\u00e3o da Medida Provis\u00f3ria da Liberdade Econ\u00f4mica.<\/p>\n<p style=\"text-align: justify;\"><strong>Polo &#8211;<\/strong> O Polo Moveleiro de Ub\u00e1 \u00e9 considerado o maior do Estado e um dos principais do Brasil. \u00c9 formado pelos munic\u00edpios de Ub\u00e1, Guidoval, Pira\u00faba, Rio Pomba, Rodeiro, S\u00e3o Geraldo, Tocantins e Visconde do Rio Branco.<\/p>\n<p style=\"text-align: justify;\">O setor possui aproximadamente 300 empresas de m\u00f3veis, o que gera cerca de 13 mil empregos diretos. A cidade de Ub\u00e1 tem localiza\u00e7\u00e3o privilegiada na Zona da Mata, permitindo o acesso f\u00e1cil a importantes mercados consumidores do pa\u00eds como Esp\u00edrito Santo, Rio de Janeiro e S\u00e3o Paulo.<\/p>\n<p style=\"text-align: justify;\"><strong>Convidados &#8211;<\/strong> Foram convidados a participar da audi\u00eancia o presidente do Sindicato Intermunicipal das Ind\u00fastrias do Mobili\u00e1rio de Ub\u00e1, \u00c1ureo Cal\u00e7ado Barbosa; o presidente do Sindicato dos Oficiais Marceneiros e Trabalhadores nas Ind\u00fastrias de Madeira, Jos\u00e9 Carlos Reis Pereira; e o procurador do Minist\u00e9rio P\u00fablico do Trabalho, Hudson Machado Guimar\u00e3es; dentre outros.<\/p>\n<p>Fonte: ALMG | Foto: CIFlorestas<\/p>\n<div class=\"lqzhn69f705387659e\" ><br><\/div><style type=\"text\/css\">\r\n@media screen and (min-width: 1201px) {\r\n.lqzhn69f705387659e {\r\ndisplay: block;\r\n}\r\n}\r\n@media screen and (min-width: 993px) and (max-width: 1200px) {\r\n.lqzhn69f705387659e {\r\ndisplay: block;\r\n}\r\n}\r\n@media screen and (min-width: 769px) and (max-width: 992px) {\r\n.lqzhn69f705387659e {\r\ndisplay: block;\r\n}\r\n}\r\n@media screen and (min-width: 768px) and (max-width: 768px) {\r\n.lqzhn69f705387659e {\r\ndisplay: block;\r\n}\r\n}\r\n@media screen and (max-width: 767px) {\r\n.lqzhn69f705387659e {\r\ndisplay: block;\r\n}\r\n}\r\n<\/style>\r\n<div class=\"irzvd69f705387c20c\" ><div id=\"div_destino\"><\/div>\r\n<script src=\"https:\/\/cdn.snsrsv.com\/sdk.js\"><\/script>\r\n<script >\r\n      new sdk(\"464030C30061EA8BE065000000000001\") \r\n          .appendTo(\"div_destino\")\r\n          .disableStyle(true) \r\n          .setCacheBusterMacro(\"%%CACHEBUSTER%%\")\r\n          .setSize(\"800\",\"214\")\r\n          .setClickMacro(\"%%CLICK_URL_ESC%%\") \r\n          .setReferrerUrlMacro(\"%%REFERRER_URL_ESC%%\") \r\n          .start(); \r\n<\/script><\/div><style type=\"text\/css\">\r\n@media screen and (min-width: 1201px) {\r\n.irzvd69f705387c20c {\r\ndisplay: block;\r\n}\r\n}\r\n@media screen and (min-width: 993px) and (max-width: 1200px) {\r\n.irzvd69f705387c20c {\r\ndisplay: block;\r\n}\r\n}\r\n@media screen and (min-width: 769px) and (max-width: 992px) {\r\n.irzvd69f705387c20c {\r\ndisplay: block;\r\n}\r\n}\r\n@media screen and (min-width: 768px) and (max-width: 768px) {\r\n.irzvd69f705387c20c {\r\ndisplay: block;\r\n}\r\n}\r\n@media screen and (max-width: 767px) {\r\n.irzvd69f705387c20c {\r\ndisplay: block;\r\n}\r\n}\r\n<\/style>\r\n","protected":false},"excerpt":{"rendered":"<p>A Comiss\u00e3o do Trabalho, da Previd\u00eancia e da Assist\u00eancia Social da Assembleia Legislativa de Minas Gerais (ALMG) vai realizar audi\u00eancia p\u00fablica, no munic\u00edpio de Ub\u00e1, quinta-feira, 29 de agosto, a partir das 19 horas, para debater a precariza\u00e7\u00e3o das rela\u00e7\u00f5es<\/p>\n<p class=\"link-more\"><a class=\"more-link\" href=\"https:\/\/marcelolopes.jor.br\/site\/2019\/08\/28\/almg-vai-debater-a-precarizacao-das-condicoes-de-trabalho-em-uba\/\">Leia mais <span class=\"screen-reader-text\">ALMG vai debater a precariza\u00e7\u00e3o das condi\u00e7\u00f5es de trabalho em Ub\u00e1<\/span><\/a><\/p>\n","protected":false},"author":2,"featured_media":5196,"comment_status":"open","ping_status":"open","sticky":false,"template":"","format":"standard","meta":{"footnotes":""},"categories":[1],"tags":[623,1093,508,275],"class_list":["post-5193","post","type-post","status-publish","format-standard","has-post-thumbnail","hentry","category-noticias","tag-audiencia-publica","tag-setor-moveleiro","tag-trabalhadores","tag-uba","thumb-below-title"],"yoast_head":"<!-- This site is optimized with the Yoast SEO plugin v27.4 - https:\/\/yoast.com\/product\/yoast-seo-wordpress\/ -->\n<title>ALMG vai debater a precariza\u00e7\u00e3o das condi\u00e7\u00f5es de trabalho em...<\/title>\n<meta name=\"description\" content=\"ALMG vai debater a precariza\u00e7\u00e3o das condi\u00e7\u00f5es de trabalho em Ub\u00e1. Trabalhadores do setor moveleiro da regi\u00e3o ser\u00e3o ouvidos pela ALMG.\" \/>\n<meta name=\"robots\" content=\"index, follow, max-snippet:-1, max-image-preview:large, max-video-preview:-1\" \/>\n<link rel=\"canonical\" href=\"https:\/\/marcelolopes.jor.br\/site\/2019\/08\/28\/almg-vai-debater-a-precarizacao-das-condicoes-de-trabalho-em-uba\/\" \/>\n<meta property=\"og:locale\" content=\"pt_BR\" \/>\n<meta property=\"og:type\" content=\"article\" \/>\n<meta property=\"og:title\" content=\"ALMG vai debater a precariza\u00e7\u00e3o das condi\u00e7\u00f5es de trabalho em...\" \/>\n<meta property=\"og:description\" content=\"ALMG vai debater a precariza\u00e7\u00e3o das condi\u00e7\u00f5es de trabalho em Ub\u00e1. Trabalhadores do setor moveleiro da regi\u00e3o ser\u00e3o ouvidos pela ALMG.\" \/>\n<meta property=\"og:url\" content=\"https:\/\/marcelolopes.jor.br\/site\/2019\/08\/28\/almg-vai-debater-a-precarizacao-das-condicoes-de-trabalho-em-uba\/\" \/>\n<meta property=\"og:site_name\" content=\"Marcelo Lopes\" \/>\n<meta property=\"article:publisher\" content=\"https:\/\/www.facebook.com\/sitedomarcelolopes\" \/>\n<meta property=\"article:published_time\" content=\"2019-08-28T19:00:06+00:00\" \/>\n<meta property=\"article:modified_time\" content=\"2023-03-09T18:54:17+00:00\" \/>\n<meta property=\"og:image\" content=\"https:\/\/marcelolopes.jor.br\/site\/wp-content\/uploads\/2019\/08\/a_competitividade_mg_31455.jpg\" \/>\n\t<meta property=\"og:image:width\" content=\"1200\" \/>\n\t<meta property=\"og:image:height\" content=\"900\" \/>\n\t<meta property=\"og:image:type\" content=\"image\/jpeg\" \/>\n<meta name=\"author\" content=\"Marcelo Lopes\" \/>\n<meta name=\"twitter:card\" content=\"summary_large_image\" \/>\n<meta name=\"twitter:label1\" content=\"Escrito por\" \/>\n\t<meta name=\"twitter:data1\" content=\"Marcelo Lopes\" \/>\n\t<meta name=\"twitter:label2\" content=\"Est. tempo de leitura\" \/>\n\t<meta name=\"twitter:data2\" content=\"2 minutos\" \/>\n<script type=\"application\/ld+json\" class=\"yoast-schema-graph\">{\"@context\":\"https:\\\/\\\/schema.org\",\"@graph\":[{\"@type\":\"NewsArticle\",\"@id\":\"https:\\\/\\\/marcelolopes.jor.br\\\/site\\\/2019\\\/08\\\/28\\\/almg-vai-debater-a-precarizacao-das-condicoes-de-trabalho-em-uba\\\/#article\",\"isPartOf\":{\"@id\":\"https:\\\/\\\/marcelolopes.jor.br\\\/site\\\/2019\\\/08\\\/28\\\/almg-vai-debater-a-precarizacao-das-condicoes-de-trabalho-em-uba\\\/\"},\"author\":{\"name\":\"Marcelo Lopes\",\"@id\":\"https:\\\/\\\/marcelolopes.jor.br\\\/site\\\/#\\\/schema\\\/person\\\/3e7216a35c34d8fdf952b31da3d1f89f\"},\"headline\":\"ALMG vai debater a precariza\u00e7\u00e3o das condi\u00e7\u00f5es de trabalho em Ub\u00e1\",\"datePublished\":\"2019-08-28T19:00:06+00:00\",\"dateModified\":\"2023-03-09T18:54:17+00:00\",\"mainEntityOfPage\":{\"@id\":\"https:\\\/\\\/marcelolopes.jor.br\\\/site\\\/2019\\\/08\\\/28\\\/almg-vai-debater-a-precarizacao-das-condicoes-de-trabalho-em-uba\\\/\"},\"wordCount\":420,\"commentCount\":0,\"publisher\":{\"@id\":\"https:\\\/\\\/marcelolopes.jor.br\\\/site\\\/#organization\"},\"image\":{\"@id\":\"https:\\\/\\\/marcelolopes.jor.br\\\/site\\\/2019\\\/08\\\/28\\\/almg-vai-debater-a-precarizacao-das-condicoes-de-trabalho-em-uba\\\/#primaryimage\"},\"thumbnailUrl\":\"https:\\\/\\\/marcelolopes.jor.br\\\/site\\\/wp-content\\\/uploads\\\/2019\\\/08\\\/a_competitividade_mg_31455.jpg\",\"keywords\":[\"audi\u00eancia p\u00fablica\",\"setor moveleiro\",\"trabalhadores\",\"Ub\u00e1\"],\"articleSection\":[\"Not\u00edcias\"],\"inLanguage\":\"pt-BR\",\"potentialAction\":[{\"@type\":\"CommentAction\",\"name\":\"Comment\",\"target\":[\"https:\\\/\\\/marcelolopes.jor.br\\\/site\\\/2019\\\/08\\\/28\\\/almg-vai-debater-a-precarizacao-das-condicoes-de-trabalho-em-uba\\\/#respond\"]}]},{\"@type\":\"WebPage\",\"@id\":\"https:\\\/\\\/marcelolopes.jor.br\\\/site\\\/2019\\\/08\\\/28\\\/almg-vai-debater-a-precarizacao-das-condicoes-de-trabalho-em-uba\\\/\",\"url\":\"https:\\\/\\\/marcelolopes.jor.br\\\/site\\\/2019\\\/08\\\/28\\\/almg-vai-debater-a-precarizacao-das-condicoes-de-trabalho-em-uba\\\/\",\"name\":\"ALMG vai debater a precariza\u00e7\u00e3o das condi\u00e7\u00f5es de trabalho em...\",\"isPartOf\":{\"@id\":\"https:\\\/\\\/marcelolopes.jor.br\\\/site\\\/#website\"},\"primaryImageOfPage\":{\"@id\":\"https:\\\/\\\/marcelolopes.jor.br\\\/site\\\/2019\\\/08\\\/28\\\/almg-vai-debater-a-precarizacao-das-condicoes-de-trabalho-em-uba\\\/#primaryimage\"},\"image\":{\"@id\":\"https:\\\/\\\/marcelolopes.jor.br\\\/site\\\/2019\\\/08\\\/28\\\/almg-vai-debater-a-precarizacao-das-condicoes-de-trabalho-em-uba\\\/#primaryimage\"},\"thumbnailUrl\":\"https:\\\/\\\/marcelolopes.jor.br\\\/site\\\/wp-content\\\/uploads\\\/2019\\\/08\\\/a_competitividade_mg_31455.jpg\",\"datePublished\":\"2019-08-28T19:00:06+00:00\",\"dateModified\":\"2023-03-09T18:54:17+00:00\",\"description\":\"ALMG vai debater a precariza\u00e7\u00e3o das condi\u00e7\u00f5es de trabalho em Ub\u00e1. Trabalhadores do setor moveleiro da regi\u00e3o ser\u00e3o ouvidos pela ALMG.\",\"breadcrumb\":{\"@id\":\"https:\\\/\\\/marcelolopes.jor.br\\\/site\\\/2019\\\/08\\\/28\\\/almg-vai-debater-a-precarizacao-das-condicoes-de-trabalho-em-uba\\\/#breadcrumb\"},\"inLanguage\":\"pt-BR\",\"potentialAction\":[{\"@type\":\"ReadAction\",\"target\":[\"https:\\\/\\\/marcelolopes.jor.br\\\/site\\\/2019\\\/08\\\/28\\\/almg-vai-debater-a-precarizacao-das-condicoes-de-trabalho-em-uba\\\/\"]}]},{\"@type\":\"ImageObject\",\"inLanguage\":\"pt-BR\",\"@id\":\"https:\\\/\\\/marcelolopes.jor.br\\\/site\\\/2019\\\/08\\\/28\\\/almg-vai-debater-a-precarizacao-das-condicoes-de-trabalho-em-uba\\\/#primaryimage\",\"url\":\"https:\\\/\\\/marcelolopes.jor.br\\\/site\\\/wp-content\\\/uploads\\\/2019\\\/08\\\/a_competitividade_mg_31455.jpg\",\"contentUrl\":\"https:\\\/\\\/marcelolopes.jor.br\\\/site\\\/wp-content\\\/uploads\\\/2019\\\/08\\\/a_competitividade_mg_31455.jpg\",\"width\":1200,\"height\":900,\"caption\":\"ALMG vai debater a\"},{\"@type\":\"BreadcrumbList\",\"@id\":\"https:\\\/\\\/marcelolopes.jor.br\\\/site\\\/2019\\\/08\\\/28\\\/almg-vai-debater-a-precarizacao-das-condicoes-de-trabalho-em-uba\\\/#breadcrumb\",\"itemListElement\":[{\"@type\":\"ListItem\",\"position\":1,\"name\":\"Home\",\"item\":\"https:\\\/\\\/marcelolopes.jor.br\\\/site\\\/\"},{\"@type\":\"ListItem\",\"position\":2,\"name\":\"ALMG vai debater a precariza\u00e7\u00e3o das condi\u00e7\u00f5es de trabalho em Ub\u00e1\"}]},{\"@type\":\"WebSite\",\"@id\":\"https:\\\/\\\/marcelolopes.jor.br\\\/site\\\/#website\",\"url\":\"https:\\\/\\\/marcelolopes.jor.br\\\/site\\\/\",\"name\":\"Marcelo Lopes\",\"description\":\"Not\u00edcias de Cataguases e Regi\u00e3o\",\"publisher\":{\"@id\":\"https:\\\/\\\/marcelolopes.jor.br\\\/site\\\/#organization\"},\"potentialAction\":[{\"@type\":\"SearchAction\",\"target\":{\"@type\":\"EntryPoint\",\"urlTemplate\":\"https:\\\/\\\/marcelolopes.jor.br\\\/site\\\/?s={search_term_string}\"},\"query-input\":{\"@type\":\"PropertyValueSpecification\",\"valueRequired\":true,\"valueName\":\"search_term_string\"}}],\"inLanguage\":\"pt-BR\"},{\"@type\":\"Organization\",\"@id\":\"https:\\\/\\\/marcelolopes.jor.br\\\/site\\\/#organization\",\"name\":\"Site do Marcelo Lopes\",\"url\":\"https:\\\/\\\/marcelolopes.jor.br\\\/site\\\/\",\"logo\":{\"@type\":\"ImageObject\",\"inLanguage\":\"pt-BR\",\"@id\":\"https:\\\/\\\/marcelolopes.jor.br\\\/site\\\/#\\\/schema\\\/logo\\\/image\\\/\",\"url\":\"https:\\\/\\\/marcelolopes.jor.br\\\/site\\\/wp-content\\\/uploads\\\/2024\\\/11\\\/logo-1.png\",\"contentUrl\":\"https:\\\/\\\/marcelolopes.jor.br\\\/site\\\/wp-content\\\/uploads\\\/2024\\\/11\\\/logo-1.png\",\"width\":475,\"height\":80,\"caption\":\"Site do Marcelo Lopes\"},\"image\":{\"@id\":\"https:\\\/\\\/marcelolopes.jor.br\\\/site\\\/#\\\/schema\\\/logo\\\/image\\\/\"},\"sameAs\":[\"https:\\\/\\\/www.facebook.com\\\/sitedomarcelolopes\",\"https:\\\/\\\/www.instagram.com\\\/sitedomarcelolopes\\\/\",\"https:\\\/\\\/www.linkedin.com\\\/company\\\/site-do-marcelo-lopes\\\/\",\"https:\\\/\\\/www.youtube.com\\\/user\\\/marcelolopes957\"]},{\"@type\":\"Person\",\"@id\":\"https:\\\/\\\/marcelolopes.jor.br\\\/site\\\/#\\\/schema\\\/person\\\/3e7216a35c34d8fdf952b31da3d1f89f\",\"name\":\"Marcelo Lopes\",\"sameAs\":[\"http:\\\/\\\/www.marcelolopes.jor.br\"],\"url\":\"https:\\\/\\\/marcelolopes.jor.br\\\/site\\\/author\\\/marcelo\\\/\"}]}<\/script>\n<!-- \/ Yoast SEO plugin. -->","yoast_head_json":{"title":"ALMG vai debater a precariza\u00e7\u00e3o das condi\u00e7\u00f5es de trabalho em...","description":"ALMG vai debater a precariza\u00e7\u00e3o das condi\u00e7\u00f5es de trabalho em Ub\u00e1. Trabalhadores do setor moveleiro da regi\u00e3o ser\u00e3o ouvidos pela ALMG.","robots":{"index":"index","follow":"follow","max-snippet":"max-snippet:-1","max-image-preview":"max-image-preview:large","max-video-preview":"max-video-preview:-1"},"canonical":"https:\/\/marcelolopes.jor.br\/site\/2019\/08\/28\/almg-vai-debater-a-precarizacao-das-condicoes-de-trabalho-em-uba\/","og_locale":"pt_BR","og_type":"article","og_title":"ALMG vai debater a precariza\u00e7\u00e3o das condi\u00e7\u00f5es de trabalho em...","og_description":"ALMG vai debater a precariza\u00e7\u00e3o das condi\u00e7\u00f5es de trabalho em Ub\u00e1. Trabalhadores do setor moveleiro da regi\u00e3o ser\u00e3o ouvidos pela ALMG.","og_url":"https:\/\/marcelolopes.jor.br\/site\/2019\/08\/28\/almg-vai-debater-a-precarizacao-das-condicoes-de-trabalho-em-uba\/","og_site_name":"Marcelo Lopes","article_publisher":"https:\/\/www.facebook.com\/sitedomarcelolopes","article_published_time":"2019-08-28T19:00:06+00:00","article_modified_time":"2023-03-09T18:54:17+00:00","og_image":[{"width":1200,"height":900,"url":"https:\/\/marcelolopes.jor.br\/site\/wp-content\/uploads\/2019\/08\/a_competitividade_mg_31455.jpg","type":"image\/jpeg"}],"author":"Marcelo Lopes","twitter_card":"summary_large_image","twitter_misc":{"Escrito por":"Marcelo Lopes","Est. tempo de leitura":"2 minutos"},"schema":{"@context":"https:\/\/schema.org","@graph":[{"@type":"NewsArticle","@id":"https:\/\/marcelolopes.jor.br\/site\/2019\/08\/28\/almg-vai-debater-a-precarizacao-das-condicoes-de-trabalho-em-uba\/#article","isPartOf":{"@id":"https:\/\/marcelolopes.jor.br\/site\/2019\/08\/28\/almg-vai-debater-a-precarizacao-das-condicoes-de-trabalho-em-uba\/"},"author":{"name":"Marcelo Lopes","@id":"https:\/\/marcelolopes.jor.br\/site\/#\/schema\/person\/3e7216a35c34d8fdf952b31da3d1f89f"},"headline":"ALMG vai debater a precariza\u00e7\u00e3o das condi\u00e7\u00f5es de trabalho em Ub\u00e1","datePublished":"2019-08-28T19:00:06+00:00","dateModified":"2023-03-09T18:54:17+00:00","mainEntityOfPage":{"@id":"https:\/\/marcelolopes.jor.br\/site\/2019\/08\/28\/almg-vai-debater-a-precarizacao-das-condicoes-de-trabalho-em-uba\/"},"wordCount":420,"commentCount":0,"publisher":{"@id":"https:\/\/marcelolopes.jor.br\/site\/#organization"},"image":{"@id":"https:\/\/marcelolopes.jor.br\/site\/2019\/08\/28\/almg-vai-debater-a-precarizacao-das-condicoes-de-trabalho-em-uba\/#primaryimage"},"thumbnailUrl":"https:\/\/marcelolopes.jor.br\/site\/wp-content\/uploads\/2019\/08\/a_competitividade_mg_31455.jpg","keywords":["audi\u00eancia p\u00fablica","setor moveleiro","trabalhadores","Ub\u00e1"],"articleSection":["Not\u00edcias"],"inLanguage":"pt-BR","potentialAction":[{"@type":"CommentAction","name":"Comment","target":["https:\/\/marcelolopes.jor.br\/site\/2019\/08\/28\/almg-vai-debater-a-precarizacao-das-condicoes-de-trabalho-em-uba\/#respond"]}]},{"@type":"WebPage","@id":"https:\/\/marcelolopes.jor.br\/site\/2019\/08\/28\/almg-vai-debater-a-precarizacao-das-condicoes-de-trabalho-em-uba\/","url":"https:\/\/marcelolopes.jor.br\/site\/2019\/08\/28\/almg-vai-debater-a-precarizacao-das-condicoes-de-trabalho-em-uba\/","name":"ALMG vai debater a precariza\u00e7\u00e3o das condi\u00e7\u00f5es de trabalho em...","isPartOf":{"@id":"https:\/\/marcelolopes.jor.br\/site\/#website"},"primaryImageOfPage":{"@id":"https:\/\/marcelolopes.jor.br\/site\/2019\/08\/28\/almg-vai-debater-a-precarizacao-das-condicoes-de-trabalho-em-uba\/#primaryimage"},"image":{"@id":"https:\/\/marcelolopes.jor.br\/site\/2019\/08\/28\/almg-vai-debater-a-precarizacao-das-condicoes-de-trabalho-em-uba\/#primaryimage"},"thumbnailUrl":"https:\/\/marcelolopes.jor.br\/site\/wp-content\/uploads\/2019\/08\/a_competitividade_mg_31455.jpg","datePublished":"2019-08-28T19:00:06+00:00","dateModified":"2023-03-09T18:54:17+00:00","description":"ALMG vai debater a precariza\u00e7\u00e3o das condi\u00e7\u00f5es de trabalho em Ub\u00e1. Trabalhadores do setor moveleiro da regi\u00e3o ser\u00e3o ouvidos pela ALMG.","breadcrumb":{"@id":"https:\/\/marcelolopes.jor.br\/site\/2019\/08\/28\/almg-vai-debater-a-precarizacao-das-condicoes-de-trabalho-em-uba\/#breadcrumb"},"inLanguage":"pt-BR","potentialAction":[{"@type":"ReadAction","target":["https:\/\/marcelolopes.jor.br\/site\/2019\/08\/28\/almg-vai-debater-a-precarizacao-das-condicoes-de-trabalho-em-uba\/"]}]},{"@type":"ImageObject","inLanguage":"pt-BR","@id":"https:\/\/marcelolopes.jor.br\/site\/2019\/08\/28\/almg-vai-debater-a-precarizacao-das-condicoes-de-trabalho-em-uba\/#primaryimage","url":"https:\/\/marcelolopes.jor.br\/site\/wp-content\/uploads\/2019\/08\/a_competitividade_mg_31455.jpg","contentUrl":"https:\/\/marcelolopes.jor.br\/site\/wp-content\/uploads\/2019\/08\/a_competitividade_mg_31455.jpg","width":1200,"height":900,"caption":"ALMG vai debater a"},{"@type":"BreadcrumbList","@id":"https:\/\/marcelolopes.jor.br\/site\/2019\/08\/28\/almg-vai-debater-a-precarizacao-das-condicoes-de-trabalho-em-uba\/#breadcrumb","itemListElement":[{"@type":"ListItem","position":1,"name":"Home","item":"https:\/\/marcelolopes.jor.br\/site\/"},{"@type":"ListItem","position":2,"name":"ALMG vai debater a precariza\u00e7\u00e3o das condi\u00e7\u00f5es de trabalho em Ub\u00e1"}]},{"@type":"WebSite","@id":"https:\/\/marcelolopes.jor.br\/site\/#website","url":"https:\/\/marcelolopes.jor.br\/site\/","name":"Marcelo Lopes","description":"Not\u00edcias de Cataguases e Regi\u00e3o","publisher":{"@id":"https:\/\/marcelolopes.jor.br\/site\/#organization"},"potentialAction":[{"@type":"SearchAction","target":{"@type":"EntryPoint","urlTemplate":"https:\/\/marcelolopes.jor.br\/site\/?s={search_term_string}"},"query-input":{"@type":"PropertyValueSpecification","valueRequired":true,"valueName":"search_term_string"}}],"inLanguage":"pt-BR"},{"@type":"Organization","@id":"https:\/\/marcelolopes.jor.br\/site\/#organization","name":"Site do Marcelo Lopes","url":"https:\/\/marcelolopes.jor.br\/site\/","logo":{"@type":"ImageObject","inLanguage":"pt-BR","@id":"https:\/\/marcelolopes.jor.br\/site\/#\/schema\/logo\/image\/","url":"https:\/\/marcelolopes.jor.br\/site\/wp-content\/uploads\/2024\/11\/logo-1.png","contentUrl":"https:\/\/marcelolopes.jor.br\/site\/wp-content\/uploads\/2024\/11\/logo-1.png","width":475,"height":80,"caption":"Site do Marcelo Lopes"},"image":{"@id":"https:\/\/marcelolopes.jor.br\/site\/#\/schema\/logo\/image\/"},"sameAs":["https:\/\/www.facebook.com\/sitedomarcelolopes","https:\/\/www.instagram.com\/sitedomarcelolopes\/","https:\/\/www.linkedin.com\/company\/site-do-marcelo-lopes\/","https:\/\/www.youtube.com\/user\/marcelolopes957"]},{"@type":"Person","@id":"https:\/\/marcelolopes.jor.br\/site\/#\/schema\/person\/3e7216a35c34d8fdf952b31da3d1f89f","name":"Marcelo Lopes","sameAs":["http:\/\/www.marcelolopes.jor.br"],"url":"https:\/\/marcelolopes.jor.br\/site\/author\/marcelo\/"}]}},"wps_subtitle":"Trabalhadores do setor moveleiro da regi\u00e3o ser\u00e3o ouvidos pela Assembleia de Minas.","_links":{"self":[{"href":"https:\/\/marcelolopes.jor.br\/site\/wp-json\/wp\/v2\/posts\/5193","targetHints":{"allow":["GET"]}}],"collection":[{"href":"https:\/\/marcelolopes.jor.br\/site\/wp-json\/wp\/v2\/posts"}],"about":[{"href":"https:\/\/marcelolopes.jor.br\/site\/wp-json\/wp\/v2\/types\/post"}],"author":[{"embeddable":true,"href":"https:\/\/marcelolopes.jor.br\/site\/wp-json\/wp\/v2\/users\/2"}],"replies":[{"embeddable":true,"href":"https:\/\/marcelolopes.jor.br\/site\/wp-json\/wp\/v2\/comments?post=5193"}],"version-history":[{"count":0,"href":"https:\/\/marcelolopes.jor.br\/site\/wp-json\/wp\/v2\/posts\/5193\/revisions"}],"wp:featuredmedia":[{"embeddable":true,"href":"https:\/\/marcelolopes.jor.br\/site\/wp-json\/wp\/v2\/media\/5196"}],"wp:attachment":[{"href":"https:\/\/marcelolopes.jor.br\/site\/wp-json\/wp\/v2\/media?parent=5193"}],"wp:term":[{"taxonomy":"category","embeddable":true,"href":"https:\/\/marcelolopes.jor.br\/site\/wp-json\/wp\/v2\/categories?post=5193"},{"taxonomy":"post_tag","embeddable":true,"href":"https:\/\/marcelolopes.jor.br\/site\/wp-json\/wp\/v2\/tags?post=5193"}],"curies":[{"name":"wp","href":"https:\/\/api.w.org\/{rel}","templated":true}]}}