{"id":51906,"date":"2024-09-09T15:26:15","date_gmt":"2024-09-09T18:26:15","guid":{"rendered":"https:\/\/marcelolopes.jor.br\/?p=51906"},"modified":"2024-09-09T17:16:16","modified_gmt":"2024-09-09T20:16:16","slug":"justica-eleitoral-indefere-candidatura-de-ricardo-dias","status":"publish","type":"post","link":"https:\/\/marcelolopes.jor.br\/site\/2024\/09\/09\/justica-eleitoral-indefere-candidatura-de-ricardo-dias\/","title":{"rendered":"Justi\u00e7a Eleitoral indefere candidatura de Ricardo Dias"},"content":{"rendered":"<p><strong>MAT\u00c9RIA ATUALIZADA &#8211;<\/strong> O Juiz Eleitoral da 79\u00aa Zona Eleitoral de Cataguases, Diego Lavendoski Vasconcelos, indeferiu o registro da candidatura a vereador de Ricardo Geraldo Dias, que iria concorrer \u00e0 reelei\u00e7\u00e3o. Aquele ju\u00edzo atendeu pedido do Minist\u00e9rio P\u00fablico Eleitoral que ajuizou a\u00e7\u00e3o de impugna\u00e7\u00e3o no dia 19 de agosto \u00faltimo. Ricardo est\u00e1 filiado ao Partido Verde (PV), que atualmente comp\u00f5e a Federa\u00e7\u00e3o Brasil da Esperan\u00e7a &#8211; FE Brasil (PT\/PCdoB\/PV). Cabe recurso.<!--more--><\/p>\n<h4 class=\"p1\"><span class=\"s1\">\ud83d\udcf8 <span style=\"color: #808080;\">Siga o Site do Marcelo Lopes no<\/span> <a href=\"https:\/\/www.facebook.com\/sitedomarcelolopes\/\"><strong><span style=\"color: #800000;\">Facebook<\/span><\/strong><\/a> <span style=\"color: #808080;\">e no<\/span> <strong><span style=\"color: #800000;\"><a style=\"color: #800000;\" href=\"https:\/\/www.instagram.com\/sitedomarcelolopes\/\">Instagram<\/a><\/span><\/strong><\/span><\/h4>\n<h4 class=\"p1\"><span class=\"s1\">\ud83d\udcf1<span style=\"color: #808080;\">Receba no<\/span> <a href=\"https:\/\/chat.whatsapp.com\/BibzcI1ibYSKytbdyzubLA\"><strong><span style=\"color: #800000;\">WhatsApp<\/span><\/strong><\/a> <span style=\"color: #808080;\">as not\u00edcias do Site do Marcelo Lopes<\/span><\/span><\/h4>\n<p>&nbsp;<\/p>\n<p>O Minist\u00e9rio P\u00fablico Eleitoral ingressou na justi\u00e7a porque Ricardo Dias foi condenado em decis\u00e3o proferida pelo Superior Tribunal de Justi\u00e7a, pela pr\u00e1tica do crime de tr\u00e1fico de drogas, a uma pena de dois anos e seis meses de reclus\u00e3o e a pagamento de multa. Ainda para o MPE, Ricardo est\u00e1 ineleg\u00edvel, &#8220;tendo em vista que a inelegibilidade prevista no art. 1\u00b0, I, e, 7, da Lei Complementar n\u00b0 64\/90 decorre de condena\u00e7\u00e3o criminal com tr\u00e2nsito em julgado ou proferida por \u00f3rg\u00e3o colegiado, pela pr\u00e1tica do crime de tr\u00e1fico de drogas, e se estende desde a condena\u00e7\u00e3o at\u00e9 oito anos ap\u00f3s o cumprimento da pena.&#8221;<\/p>\n<p>Em sua defesa, Ricardo confirmou ter respondido a A\u00e7\u00e3o Penal pela pr\u00e1tica de tr\u00e1fico de drogas, quando foi condenado por cinco anos de reclus\u00e3o. Ele ainda afirmou que o caso tratava-se de venda de rem\u00e9dio pela farm\u00e1cia popular mantida pela Funda\u00e7\u00e3o Ricardo Dias, sem autoriza\u00e7\u00e3o da ANVISA, o que lhe causou a condena\u00e7\u00e3o a que recorreu ao Superior Tribunal de Justi\u00e7a onde teve a pena reduzida a 2 anos e seis meses de reclus\u00e3o. Ainda em sua defesa informou estar aguardando a realiza\u00e7\u00e3o de um Acordo de N\u00e3o Persecu\u00e7\u00e3o Penal, para suspender a efic\u00e1cia condenat\u00f3ria da senten\u00e7a, o que o tornaria eleg\u00edvel. Neste caso o processo &#8211; ainda conforme a defesa de Ricardo Dias &#8211; est\u00e1 com o Procurador Geral de Justi\u00e7a, em Bras\u00edlia, aguardando parecer.<\/p>\n<p>Todas as alega\u00e7\u00f5es da defesa foram contestadas pelo Minist\u00e9rio P\u00fablico Eleitoral e o juiz respons\u00e1vel pelo caso afirmou que, &#8220;na presente data, pesam sobre o impugnado os efeitos de senten\u00e7a condenat\u00f3ria, o que atrai a incid\u00eancia do instituto da inelegibilidade, nos exatos termos do art. 1\u00b0, I, e, 7, da Lei Complementar n\u00b0 64\/1990.&#8221; Com base neste entendimento, aquele magistrado julgou &#8220;procedente a A\u00e7\u00e3o de Impugna\u00e7\u00e3o de Registro de Candidatura&#8221;, ajuizada pelo Minist\u00e9rio P\u00fablico Eleitoral, e indeferiu o Requerimento de Registro de Candidatura de Ricardo Geraldo Dias, para concorrer ao cargo de Vereador, em Cataguases nas elei\u00e7\u00f5es de outubro deste ano.<\/p>\n<h3>Manifesta\u00e7\u00e3o da defesa de Ricardo Dias<\/h3>\n<blockquote><p>Em resposta a mat\u00e9ria publicada, noticiando o indeferimento do registro de candidatura do vereador Ricardo Geraldo Dias, entramos em contato com o escrit\u00f3rio de advogados Marrazzo da Costa, que patrocina a defesa do vereador\/candidato, que nos informou \u201cque dentro do prazo legal ajuizar\u00e1 o competente recurso eleitoral junto ao TRE-MG e que a jurisprud\u00eancia que se aplica a esse tipo de situa\u00e7\u00e3o \u00e9 bem pac\u00edfica em nossos tribunais, no sentido de deferir o registro da candidatura, possibilitando assim que o vereador Ricardo Dias concorra ao pleito de Outubro pr\u00f3ximo, que seja eleito e que continue a representar o povo de Cataguases de forma brilhante como vem fazendo.\u201d<\/p>\n<p>Disse ainda \u201cque o que est\u00e1 acontecendo \u00e9 mais uma persegui\u00e7\u00e3o pol\u00edtica contra o Ricardo Dias, e seus advers\u00e1rios sabem bem, que nas urnas, certamente ele ser\u00e1 o mais votado da cidade, pois fez um trabalho exemplar ao longo dos \u00faltimos 04 anos.\u201d<\/p>\n<p>Os advogados finalizaram dizendo aos eleitores de Cataguases \u201cse voc\u00ea eleitor tem inten\u00e7\u00e3o de votar em Ricardo Dias, continue trabalhando e nos ajude a faz\u00ea-lo o mais votado da cidade. E se voc\u00ea n\u00e3o tinha essa inten\u00e7\u00e3o, pense bem e entre nessa corrente do bem e nos ajude a faz\u00ea-lo o mais votado, pois assim corrigiremos essa persegui\u00e7\u00e3o. Quanto ao processo, fiquem tranq\u00fcilos que conseguiremos reverter essa situa\u00e7\u00e3o e ele ser\u00e1 candidato e ser\u00e1 eleito.\u201d<\/p>\n<p><span style=\"color: #333333; font-size: 1rem;\">Escrit\u00f3rio de Advocacia Marrazzo da Costa<\/span><\/p><\/blockquote>\n<p><strong>OUTRAS NOT\u00cdCIAS<\/strong><br \/>\n<a href=\"https:\/\/marcelolopes.jor.br\/2022\/04\/29\/tjmg-mantem-condenacao-de-ricardo-dias-por-venda-de-remedios-controlados-sem-autorizacao\/\"><strong><span style=\"color: #800000;\">TJMG mant\u00e9m condena\u00e7\u00e3o de Ricardo Dias por venda de rem\u00e9dios controlados sem autoriza\u00e7\u00e3o<\/span><\/strong><\/a><\/p>\n<p><a href=\"https:\/\/marcelolopes.jor.br\/2020\/10\/23\/vereador-ricardo-dias-divulga-nota-oficial-afirmando-que-vai-recorrer-da-condenacao\/\"><strong><span style=\"color: #800000;\">Vereador Ricardo Dias divulga nota oficial afirmando que vai recorrer da condena\u00e7\u00e3o<\/span><\/strong><\/a><\/p>\n<p>Fonte: TRE-MG<\/p>\n<div class=\"ogfin6a97de752fd87\" ><div style=\"margin-left: auto; margin-right: auto; text-align: center; margin-top: 50px; \" id=\"teste-1052773989\"><a href=\"https:\/\/marcelolopes.jor.br\/site\/edital-audiencia-publica-energisa-minas-rio-2026\/\" aria-label=\"banneredital\"><img loading=\"lazy\" decoding=\"async\" src=\"https:\/\/marcelolopes.jor.br\/site\/wp-content\/uploads\/2026\/09\/banneredital.png\" alt=\"\"  srcset=\"https:\/\/marcelolopes.jor.br\/site\/wp-content\/uploads\/2026\/09\/banneredital.png 812w, https:\/\/marcelolopes.jor.br\/site\/wp-content\/uploads\/2026\/09\/banneredital-300x56.png 300w, https:\/\/marcelolopes.jor.br\/site\/wp-content\/uploads\/2026\/09\/banneredital-768x144.png 768w\" sizes=\"(max-width: 812px) 100vw, 812px\" width=\"812\" height=\"152\"  style=\"display: inline-block;\" \/><\/a><\/div><br><\/div><style type=\"text\/css\">\r\n@media screen and (min-width: 1201px) {\r\n.ogfin6a97de752fd87 {\r\ndisplay: block;\r\n}\r\n}\r\n@media screen and (min-width: 993px) and (max-width: 1200px) {\r\n.ogfin6a97de752fd87 {\r\ndisplay: block;\r\n}\r\n}\r\n@media screen and (min-width: 769px) and (max-width: 992px) {\r\n.ogfin6a97de752fd87 {\r\ndisplay: block;\r\n}\r\n}\r\n@media screen and (min-width: 768px) and (max-width: 768px) {\r\n.ogfin6a97de752fd87 {\r\ndisplay: block;\r\n}\r\n}\r\n@media screen and (max-width: 767px) {\r\n.ogfin6a97de752fd87 {\r\ndisplay: block;\r\n}\r\n}\r\n<\/style>\r\n<div class=\"zetgl6a97de75352b5\" ><div id=\"div_destino\"><\/div>\r\n<script src=\"https:\/\/cdn.snsrsv.com\/sdk.js\"><\/script>\r\n<script >\r\n      new sdk(\"464030C30061EA8BE065000000000001\") \r\n          .appendTo(\"div_destino\")\r\n          .disableStyle(true) \r\n          .setCacheBusterMacro(\"%%CACHEBUSTER%%\")\r\n          .setSize(\"800\",\"214\")\r\n          .setClickMacro(\"%%CLICK_URL_ESC%%\") \r\n          .setReferrerUrlMacro(\"%%REFERRER_URL_ESC%%\") \r\n          .start(); \r\n<\/script><\/div><style type=\"text\/css\">\r\n@media screen and (min-width: 1201px) {\r\n.zetgl6a97de75352b5 {\r\ndisplay: block;\r\n}\r\n}\r\n@media screen and (min-width: 993px) and (max-width: 1200px) {\r\n.zetgl6a97de75352b5 {\r\ndisplay: block;\r\n}\r\n}\r\n@media screen and (min-width: 769px) and (max-width: 992px) {\r\n.zetgl6a97de75352b5 {\r\ndisplay: block;\r\n}\r\n}\r\n@media screen and (min-width: 768px) and (max-width: 768px) {\r\n.zetgl6a97de75352b5 {\r\ndisplay: block;\r\n}\r\n}\r\n@media screen and (max-width: 767px) {\r\n.zetgl6a97de75352b5 {\r\ndisplay: block;\r\n}\r\n}\r\n<\/style>\r\n","protected":false},"excerpt":{"rendered":"<p>MAT\u00c9RIA ATUALIZADA &#8211; O Juiz Eleitoral da 79\u00aa Zona Eleitoral de Cataguases, Diego Lavendoski Vasconcelos, indeferiu o registro da candidatura a vereador de Ricardo Geraldo Dias, que iria concorrer \u00e0 reelei\u00e7\u00e3o. Aquele ju\u00edzo atendeu pedido do Minist\u00e9rio P\u00fablico Eleitoral que<\/p>\n<p class=\"link-more\"><a class=\"more-link\" href=\"https:\/\/marcelolopes.jor.br\/site\/2024\/09\/09\/justica-eleitoral-indefere-candidatura-de-ricardo-dias\/\">Leia mais <span class=\"screen-reader-text\">Justi\u00e7a Eleitoral indefere candidatura de Ricardo Dias<\/span><\/a><\/p>\n","protected":false},"author":2,"featured_media":51907,"comment_status":"open","ping_status":"open","sticky":false,"template":"","format":"standard","meta":{"footnotes":""},"categories":[1],"tags":[],"class_list":["post-51906","post","type-post","status-publish","format-standard","has-post-thumbnail","hentry","category-noticias","thumb-below-title"],"yoast_head":"<!-- This site is optimized with the Yoast SEO plugin v28.3 - https:\/\/yoast.com\/product\/yoast-seo-wordpress\/ -->\n<title>Justi\u00e7a Eleitoral indefere candidatura de Ricardo Dias | Marcelo Lopes<\/title>\n<meta name=\"description\" content=\"Justi\u00e7a Eleitoral indefere candidatura de Ricardo Dias. Senten\u00e7a neste sentido foi proferida nesta segunda-feira.\" \/>\n<meta name=\"robots\" content=\"index, follow, max-snippet:-1, max-image-preview:large, max-video-preview:-1\" \/>\n<link rel=\"canonical\" href=\"https:\/\/marcelolopes.jor.br\/site\/2024\/09\/09\/justica-eleitoral-indefere-candidatura-de-ricardo-dias\/\" \/>\n<meta property=\"og:locale\" content=\"pt_BR\" \/>\n<meta property=\"og:type\" content=\"article\" \/>\n<meta property=\"og:title\" content=\"Justi\u00e7a Eleitoral indefere candidatura de Ricardo Dias | Marcelo Lopes\" \/>\n<meta property=\"og:description\" content=\"Justi\u00e7a Eleitoral indefere candidatura de Ricardo Dias. Senten\u00e7a neste sentido foi proferida nesta segunda-feira.\" \/>\n<meta property=\"og:url\" content=\"https:\/\/marcelolopes.jor.br\/site\/2024\/09\/09\/justica-eleitoral-indefere-candidatura-de-ricardo-dias\/\" \/>\n<meta property=\"og:site_name\" content=\"Marcelo Lopes\" \/>\n<meta property=\"article:publisher\" content=\"https:\/\/www.facebook.com\/sitedomarcelolopes\" \/>\n<meta property=\"article:published_time\" content=\"2024-09-09T18:26:15+00:00\" \/>\n<meta property=\"article:modified_time\" content=\"2024-09-09T20:16:16+00:00\" \/>\n<meta property=\"og:image\" content=\"https:\/\/marcelolopes.jor.br\/site\/wp-content\/uploads\/2024\/09\/Ricardo3.jpg\" \/>\n\t<meta property=\"og:image:width\" content=\"800\" \/>\n\t<meta property=\"og:image:height\" content=\"550\" \/>\n\t<meta property=\"og:image:type\" content=\"image\/jpeg\" \/>\n<meta name=\"author\" content=\"Marcelo Lopes\" \/>\n<meta name=\"twitter:card\" content=\"summary_large_image\" \/>\n<meta name=\"twitter:label1\" content=\"Escrito por\" \/>\n\t<meta name=\"twitter:data1\" content=\"Marcelo Lopes\" \/>\n\t<meta name=\"twitter:label2\" content=\"Est. tempo de leitura\" \/>\n\t<meta name=\"twitter:data2\" content=\"4 minutos\" \/>\n<script type=\"application\/ld+json\" class=\"yoast-schema-graph\">{\"@context\":\"https:\\\/\\\/schema.org\",\"@graph\":[{\"@type\":\"NewsArticle\",\"@id\":\"https:\\\/\\\/marcelolopes.jor.br\\\/site\\\/2024\\\/09\\\/09\\\/justica-eleitoral-indefere-candidatura-de-ricardo-dias\\\/#article\",\"isPartOf\":{\"@id\":\"https:\\\/\\\/marcelolopes.jor.br\\\/site\\\/2024\\\/09\\\/09\\\/justica-eleitoral-indefere-candidatura-de-ricardo-dias\\\/\"},\"author\":{\"name\":\"Marcelo Lopes\",\"@id\":\"https:\\\/\\\/marcelolopes.jor.br\\\/site\\\/#\\\/schema\\\/person\\\/3e7216a35c34d8fdf952b31da3d1f89f\"},\"headline\":\"Justi\u00e7a Eleitoral indefere candidatura de Ricardo Dias\",\"datePublished\":\"2024-09-09T18:26:15+00:00\",\"dateModified\":\"2024-09-09T20:16:16+00:00\",\"mainEntityOfPage\":{\"@id\":\"https:\\\/\\\/marcelolopes.jor.br\\\/site\\\/2024\\\/09\\\/09\\\/justica-eleitoral-indefere-candidatura-de-ricardo-dias\\\/\"},\"wordCount\":772,\"commentCount\":0,\"publisher\":{\"@id\":\"https:\\\/\\\/marcelolopes.jor.br\\\/site\\\/#organization\"},\"image\":{\"@id\":\"https:\\\/\\\/marcelolopes.jor.br\\\/site\\\/2024\\\/09\\\/09\\\/justica-eleitoral-indefere-candidatura-de-ricardo-dias\\\/#primaryimage\"},\"thumbnailUrl\":\"https:\\\/\\\/marcelolopes.jor.br\\\/site\\\/wp-content\\\/uploads\\\/2024\\\/09\\\/Ricardo3.jpg\",\"articleSection\":[\"Not\u00edcias\"],\"inLanguage\":\"pt-BR\",\"potentialAction\":[{\"@type\":\"CommentAction\",\"name\":\"Comment\",\"target\":[\"https:\\\/\\\/marcelolopes.jor.br\\\/site\\\/2024\\\/09\\\/09\\\/justica-eleitoral-indefere-candidatura-de-ricardo-dias\\\/#respond\"]}]},{\"@type\":\"WebPage\",\"@id\":\"https:\\\/\\\/marcelolopes.jor.br\\\/site\\\/2024\\\/09\\\/09\\\/justica-eleitoral-indefere-candidatura-de-ricardo-dias\\\/\",\"url\":\"https:\\\/\\\/marcelolopes.jor.br\\\/site\\\/2024\\\/09\\\/09\\\/justica-eleitoral-indefere-candidatura-de-ricardo-dias\\\/\",\"name\":\"Justi\u00e7a Eleitoral indefere candidatura de Ricardo Dias | Marcelo Lopes\",\"isPartOf\":{\"@id\":\"https:\\\/\\\/marcelolopes.jor.br\\\/site\\\/#website\"},\"primaryImageOfPage\":{\"@id\":\"https:\\\/\\\/marcelolopes.jor.br\\\/site\\\/2024\\\/09\\\/09\\\/justica-eleitoral-indefere-candidatura-de-ricardo-dias\\\/#primaryimage\"},\"image\":{\"@id\":\"https:\\\/\\\/marcelolopes.jor.br\\\/site\\\/2024\\\/09\\\/09\\\/justica-eleitoral-indefere-candidatura-de-ricardo-dias\\\/#primaryimage\"},\"thumbnailUrl\":\"https:\\\/\\\/marcelolopes.jor.br\\\/site\\\/wp-content\\\/uploads\\\/2024\\\/09\\\/Ricardo3.jpg\",\"datePublished\":\"2024-09-09T18:26:15+00:00\",\"dateModified\":\"2024-09-09T20:16:16+00:00\",\"description\":\"Justi\u00e7a Eleitoral indefere candidatura de Ricardo Dias. Senten\u00e7a neste sentido foi proferida nesta segunda-feira.\",\"breadcrumb\":{\"@id\":\"https:\\\/\\\/marcelolopes.jor.br\\\/site\\\/2024\\\/09\\\/09\\\/justica-eleitoral-indefere-candidatura-de-ricardo-dias\\\/#breadcrumb\"},\"inLanguage\":\"pt-BR\",\"potentialAction\":[{\"@type\":\"ReadAction\",\"target\":[\"https:\\\/\\\/marcelolopes.jor.br\\\/site\\\/2024\\\/09\\\/09\\\/justica-eleitoral-indefere-candidatura-de-ricardo-dias\\\/\"]}]},{\"@type\":\"ImageObject\",\"inLanguage\":\"pt-BR\",\"@id\":\"https:\\\/\\\/marcelolopes.jor.br\\\/site\\\/2024\\\/09\\\/09\\\/justica-eleitoral-indefere-candidatura-de-ricardo-dias\\\/#primaryimage\",\"url\":\"https:\\\/\\\/marcelolopes.jor.br\\\/site\\\/wp-content\\\/uploads\\\/2024\\\/09\\\/Ricardo3.jpg\",\"contentUrl\":\"https:\\\/\\\/marcelolopes.jor.br\\\/site\\\/wp-content\\\/uploads\\\/2024\\\/09\\\/Ricardo3.jpg\",\"width\":800,\"height\":550,\"caption\":\"Justi\u00e7a Eleitoral indefere candidatura\"},{\"@type\":\"BreadcrumbList\",\"@id\":\"https:\\\/\\\/marcelolopes.jor.br\\\/site\\\/2024\\\/09\\\/09\\\/justica-eleitoral-indefere-candidatura-de-ricardo-dias\\\/#breadcrumb\",\"itemListElement\":[{\"@type\":\"ListItem\",\"position\":1,\"name\":\"Home\",\"item\":\"https:\\\/\\\/marcelolopes.jor.br\\\/site\\\/\"},{\"@type\":\"ListItem\",\"position\":2,\"name\":\"Justi\u00e7a Eleitoral indefere candidatura de Ricardo Dias\"}]},{\"@type\":\"WebSite\",\"@id\":\"https:\\\/\\\/marcelolopes.jor.br\\\/site\\\/#website\",\"url\":\"https:\\\/\\\/marcelolopes.jor.br\\\/site\\\/\",\"name\":\"Marcelo Lopes\",\"description\":\"Not\u00edcias de Cataguases e Regi\u00e3o\",\"publisher\":{\"@id\":\"https:\\\/\\\/marcelolopes.jor.br\\\/site\\\/#organization\"},\"potentialAction\":[{\"@type\":\"SearchAction\",\"target\":{\"@type\":\"EntryPoint\",\"urlTemplate\":\"https:\\\/\\\/marcelolopes.jor.br\\\/site\\\/?s={search_term_string}\"},\"query-input\":{\"@type\":\"PropertyValueSpecification\",\"valueRequired\":true,\"valueName\":\"search_term_string\"}}],\"inLanguage\":\"pt-BR\"},{\"@type\":\"Organization\",\"@id\":\"https:\\\/\\\/marcelolopes.jor.br\\\/site\\\/#organization\",\"name\":\"Site do Marcelo Lopes\",\"url\":\"https:\\\/\\\/marcelolopes.jor.br\\\/site\\\/\",\"logo\":{\"@type\":\"ImageObject\",\"inLanguage\":\"pt-BR\",\"@id\":\"https:\\\/\\\/marcelolopes.jor.br\\\/site\\\/#\\\/schema\\\/logo\\\/image\\\/\",\"url\":\"https:\\\/\\\/marcelolopes.jor.br\\\/site\\\/wp-content\\\/uploads\\\/2026\\\/07\\\/cropped-logo2026.png\",\"contentUrl\":\"https:\\\/\\\/marcelolopes.jor.br\\\/site\\\/wp-content\\\/uploads\\\/2026\\\/07\\\/cropped-logo2026.png\",\"width\":328,\"height\":96,\"caption\":\"Site do Marcelo Lopes\"},\"image\":{\"@id\":\"https:\\\/\\\/marcelolopes.jor.br\\\/site\\\/#\\\/schema\\\/logo\\\/image\\\/\"},\"sameAs\":[\"https:\\\/\\\/www.facebook.com\\\/sitedomarcelolopes\",\"https:\\\/\\\/www.instagram.com\\\/sitedomarcelolopes\\\/\",\"https:\\\/\\\/www.linkedin.com\\\/company\\\/site-do-marcelo-lopes\\\/\",\"https:\\\/\\\/www.youtube.com\\\/user\\\/marcelolopes957\"]},{\"@type\":\"Person\",\"@id\":\"https:\\\/\\\/marcelolopes.jor.br\\\/site\\\/#\\\/schema\\\/person\\\/3e7216a35c34d8fdf952b31da3d1f89f\",\"name\":\"Marcelo Lopes\",\"sameAs\":[\"http:\\\/\\\/www.marcelolopes.jor.br\"],\"url\":\"https:\\\/\\\/marcelolopes.jor.br\\\/site\\\/author\\\/marcelo\\\/\"}]}<\/script>\n<!-- \/ Yoast SEO plugin. -->","yoast_head_json":{"title":"Justi\u00e7a Eleitoral indefere candidatura de Ricardo Dias | Marcelo Lopes","description":"Justi\u00e7a Eleitoral indefere candidatura de Ricardo Dias. Senten\u00e7a neste sentido foi proferida nesta segunda-feira.","robots":{"index":"index","follow":"follow","max-snippet":"max-snippet:-1","max-image-preview":"max-image-preview:large","max-video-preview":"max-video-preview:-1"},"canonical":"https:\/\/marcelolopes.jor.br\/site\/2024\/09\/09\/justica-eleitoral-indefere-candidatura-de-ricardo-dias\/","og_locale":"pt_BR","og_type":"article","og_title":"Justi\u00e7a Eleitoral indefere candidatura de Ricardo Dias | Marcelo Lopes","og_description":"Justi\u00e7a Eleitoral indefere candidatura de Ricardo Dias. Senten\u00e7a neste sentido foi proferida nesta segunda-feira.","og_url":"https:\/\/marcelolopes.jor.br\/site\/2024\/09\/09\/justica-eleitoral-indefere-candidatura-de-ricardo-dias\/","og_site_name":"Marcelo Lopes","article_publisher":"https:\/\/www.facebook.com\/sitedomarcelolopes","article_published_time":"2024-09-09T18:26:15+00:00","article_modified_time":"2024-09-09T20:16:16+00:00","og_image":[{"width":800,"height":550,"url":"https:\/\/marcelolopes.jor.br\/site\/wp-content\/uploads\/2024\/09\/Ricardo3.jpg","type":"image\/jpeg"}],"author":"Marcelo Lopes","twitter_card":"summary_large_image","twitter_misc":{"Escrito por":"Marcelo Lopes","Est. tempo de leitura":"4 minutos"},"schema":{"@context":"https:\/\/schema.org","@graph":[{"@type":"NewsArticle","@id":"https:\/\/marcelolopes.jor.br\/site\/2024\/09\/09\/justica-eleitoral-indefere-candidatura-de-ricardo-dias\/#article","isPartOf":{"@id":"https:\/\/marcelolopes.jor.br\/site\/2024\/09\/09\/justica-eleitoral-indefere-candidatura-de-ricardo-dias\/"},"author":{"name":"Marcelo Lopes","@id":"https:\/\/marcelolopes.jor.br\/site\/#\/schema\/person\/3e7216a35c34d8fdf952b31da3d1f89f"},"headline":"Justi\u00e7a Eleitoral indefere candidatura de Ricardo Dias","datePublished":"2024-09-09T18:26:15+00:00","dateModified":"2024-09-09T20:16:16+00:00","mainEntityOfPage":{"@id":"https:\/\/marcelolopes.jor.br\/site\/2024\/09\/09\/justica-eleitoral-indefere-candidatura-de-ricardo-dias\/"},"wordCount":772,"commentCount":0,"publisher":{"@id":"https:\/\/marcelolopes.jor.br\/site\/#organization"},"image":{"@id":"https:\/\/marcelolopes.jor.br\/site\/2024\/09\/09\/justica-eleitoral-indefere-candidatura-de-ricardo-dias\/#primaryimage"},"thumbnailUrl":"https:\/\/marcelolopes.jor.br\/site\/wp-content\/uploads\/2024\/09\/Ricardo3.jpg","articleSection":["Not\u00edcias"],"inLanguage":"pt-BR","potentialAction":[{"@type":"CommentAction","name":"Comment","target":["https:\/\/marcelolopes.jor.br\/site\/2024\/09\/09\/justica-eleitoral-indefere-candidatura-de-ricardo-dias\/#respond"]}]},{"@type":"WebPage","@id":"https:\/\/marcelolopes.jor.br\/site\/2024\/09\/09\/justica-eleitoral-indefere-candidatura-de-ricardo-dias\/","url":"https:\/\/marcelolopes.jor.br\/site\/2024\/09\/09\/justica-eleitoral-indefere-candidatura-de-ricardo-dias\/","name":"Justi\u00e7a Eleitoral indefere candidatura de Ricardo Dias | Marcelo Lopes","isPartOf":{"@id":"https:\/\/marcelolopes.jor.br\/site\/#website"},"primaryImageOfPage":{"@id":"https:\/\/marcelolopes.jor.br\/site\/2024\/09\/09\/justica-eleitoral-indefere-candidatura-de-ricardo-dias\/#primaryimage"},"image":{"@id":"https:\/\/marcelolopes.jor.br\/site\/2024\/09\/09\/justica-eleitoral-indefere-candidatura-de-ricardo-dias\/#primaryimage"},"thumbnailUrl":"https:\/\/marcelolopes.jor.br\/site\/wp-content\/uploads\/2024\/09\/Ricardo3.jpg","datePublished":"2024-09-09T18:26:15+00:00","dateModified":"2024-09-09T20:16:16+00:00","description":"Justi\u00e7a Eleitoral indefere candidatura de Ricardo Dias. Senten\u00e7a neste sentido foi proferida nesta segunda-feira.","breadcrumb":{"@id":"https:\/\/marcelolopes.jor.br\/site\/2024\/09\/09\/justica-eleitoral-indefere-candidatura-de-ricardo-dias\/#breadcrumb"},"inLanguage":"pt-BR","potentialAction":[{"@type":"ReadAction","target":["https:\/\/marcelolopes.jor.br\/site\/2024\/09\/09\/justica-eleitoral-indefere-candidatura-de-ricardo-dias\/"]}]},{"@type":"ImageObject","inLanguage":"pt-BR","@id":"https:\/\/marcelolopes.jor.br\/site\/2024\/09\/09\/justica-eleitoral-indefere-candidatura-de-ricardo-dias\/#primaryimage","url":"https:\/\/marcelolopes.jor.br\/site\/wp-content\/uploads\/2024\/09\/Ricardo3.jpg","contentUrl":"https:\/\/marcelolopes.jor.br\/site\/wp-content\/uploads\/2024\/09\/Ricardo3.jpg","width":800,"height":550,"caption":"Justi\u00e7a Eleitoral indefere candidatura"},{"@type":"BreadcrumbList","@id":"https:\/\/marcelolopes.jor.br\/site\/2024\/09\/09\/justica-eleitoral-indefere-candidatura-de-ricardo-dias\/#breadcrumb","itemListElement":[{"@type":"ListItem","position":1,"name":"Home","item":"https:\/\/marcelolopes.jor.br\/site\/"},{"@type":"ListItem","position":2,"name":"Justi\u00e7a Eleitoral indefere candidatura de Ricardo Dias"}]},{"@type":"WebSite","@id":"https:\/\/marcelolopes.jor.br\/site\/#website","url":"https:\/\/marcelolopes.jor.br\/site\/","name":"Marcelo Lopes","description":"Not\u00edcias de Cataguases e Regi\u00e3o","publisher":{"@id":"https:\/\/marcelolopes.jor.br\/site\/#organization"},"potentialAction":[{"@type":"SearchAction","target":{"@type":"EntryPoint","urlTemplate":"https:\/\/marcelolopes.jor.br\/site\/?s={search_term_string}"},"query-input":{"@type":"PropertyValueSpecification","valueRequired":true,"valueName":"search_term_string"}}],"inLanguage":"pt-BR"},{"@type":"Organization","@id":"https:\/\/marcelolopes.jor.br\/site\/#organization","name":"Site do Marcelo Lopes","url":"https:\/\/marcelolopes.jor.br\/site\/","logo":{"@type":"ImageObject","inLanguage":"pt-BR","@id":"https:\/\/marcelolopes.jor.br\/site\/#\/schema\/logo\/image\/","url":"https:\/\/marcelolopes.jor.br\/site\/wp-content\/uploads\/2026\/07\/cropped-logo2026.png","contentUrl":"https:\/\/marcelolopes.jor.br\/site\/wp-content\/uploads\/2026\/07\/cropped-logo2026.png","width":328,"height":96,"caption":"Site do Marcelo Lopes"},"image":{"@id":"https:\/\/marcelolopes.jor.br\/site\/#\/schema\/logo\/image\/"},"sameAs":["https:\/\/www.facebook.com\/sitedomarcelolopes","https:\/\/www.instagram.com\/sitedomarcelolopes\/","https:\/\/www.linkedin.com\/company\/site-do-marcelo-lopes\/","https:\/\/www.youtube.com\/user\/marcelolopes957"]},{"@type":"Person","@id":"https:\/\/marcelolopes.jor.br\/site\/#\/schema\/person\/3e7216a35c34d8fdf952b31da3d1f89f","name":"Marcelo Lopes","sameAs":["http:\/\/www.marcelolopes.jor.br"],"url":"https:\/\/marcelolopes.jor.br\/site\/author\/marcelo\/"}]}},"wps_subtitle":"Senten\u00e7a neste sentido foi proferida nesta segunda-feira.","_links":{"self":[{"href":"https:\/\/marcelolopes.jor.br\/site\/wp-json\/wp\/v2\/posts\/51906","targetHints":{"allow":["GET"]}}],"collection":[{"href":"https:\/\/marcelolopes.jor.br\/site\/wp-json\/wp\/v2\/posts"}],"about":[{"href":"https:\/\/marcelolopes.jor.br\/site\/wp-json\/wp\/v2\/types\/post"}],"author":[{"embeddable":true,"href":"https:\/\/marcelolopes.jor.br\/site\/wp-json\/wp\/v2\/users\/2"}],"replies":[{"embeddable":true,"href":"https:\/\/marcelolopes.jor.br\/site\/wp-json\/wp\/v2\/comments?post=51906"}],"version-history":[{"count":0,"href":"https:\/\/marcelolopes.jor.br\/site\/wp-json\/wp\/v2\/posts\/51906\/revisions"}],"wp:featuredmedia":[{"embeddable":true,"href":"https:\/\/marcelolopes.jor.br\/site\/wp-json\/wp\/v2\/media\/51907"}],"wp:attachment":[{"href":"https:\/\/marcelolopes.jor.br\/site\/wp-json\/wp\/v2\/media?parent=51906"}],"wp:term":[{"taxonomy":"category","embeddable":true,"href":"https:\/\/marcelolopes.jor.br\/site\/wp-json\/wp\/v2\/categories?post=51906"},{"taxonomy":"post_tag","embeddable":true,"href":"https:\/\/marcelolopes.jor.br\/site\/wp-json\/wp\/v2\/tags?post=51906"}],"curies":[{"name":"wp","href":"https:\/\/api.w.org\/{rel}","templated":true}]}}