{"id":51902,"date":"2024-09-09T12:00:48","date_gmt":"2024-09-09T15:00:48","guid":{"rendered":"https:\/\/marcelolopes.jor.br\/?p=51902"},"modified":"2024-09-09T11:17:31","modified_gmt":"2024-09-09T14:17:31","slug":"mpmg-pede-cancelamento-de-dois-shows-na-exposicao-de-guarani","status":"publish","type":"post","link":"https:\/\/marcelolopes.jor.br\/site\/2024\/09\/09\/mpmg-pede-cancelamento-de-dois-shows-na-exposicao-de-guarani\/","title":{"rendered":"MPMG pede cancelamento de dois shows na exposi\u00e7\u00e3o de Guarani"},"content":{"rendered":"<p>Quatro shows da 35\u00aa Expoagro de Guarani, munic\u00edpio distante 53 km de Cataguases, podem ser cancelados. As apresenta\u00e7\u00f5es do grupo Jeito Moleque, do cantor Alem\u00e3o do Forr\u00f3, da cantora Fabiana Sinfr\u00f4nio e da dupla Douglas e Vinicius est\u00e3o marcadas para acontecer entre os dias 12 e 15 de setembro. O evento custar\u00e1 R$ 415 mil aos cofres p\u00fablicos, valor que, segundo o Minist\u00e9rio P\u00fablico de Minas Gerais (MPMG), \u00e9 incompat\u00edvel com a atual situa\u00e7\u00e3o financeira da administra\u00e7\u00e3o municipal.<!--more--><\/p>\n<h4 class=\"p1\"><span class=\"s1\">\ud83d\udcf8 <span style=\"color: #808080;\">Siga o Site do Marcelo Lopes no<\/span> <a href=\"https:\/\/www.facebook.com\/sitedomarcelolopes\/\"><strong><span style=\"color: #800000;\">Facebook<\/span><\/strong><\/a> <span style=\"color: #808080;\">e no<\/span> <strong><span style=\"color: #800000;\"><a style=\"color: #800000;\" href=\"https:\/\/www.instagram.com\/sitedomarcelolopes\/\">Instagram<\/a><\/span><\/strong><\/span><\/h4>\n<h4 class=\"p1\"><span class=\"s1\">\ud83d\udcf1<span style=\"color: #808080;\">Receba no<\/span> <a href=\"https:\/\/chat.whatsapp.com\/BibzcI1ibYSKytbdyzubLA\"><strong><span style=\"color: #800000;\">WhatsApp<\/span><\/strong><\/a> <span style=\"color: #808080;\">as not\u00edcias do Site do Marcelo Lopes<\/span><\/span><\/h4>\n<p>&nbsp;<\/p>\n<p>Por conta disso, o MPMG ajuizou uma A\u00e7\u00e3o Civil P\u00fablica (ACP) solicitando \u00e0 Justi\u00e7a a suspens\u00e3o dos shows. A exposi\u00e7\u00e3o agropecu\u00e1ria, agendada para ocorrer entre 12 e 15 de setembro, ser\u00e1 o terceiro grande evento do ano custeado com dinheiro p\u00fablico. Al\u00e9m dos R$ 415 mil para os shows da Expoagro, a cidade j\u00e1 gastou R$ 180 mil em cach\u00eas durante o Carnaval e R$ 90 mil no anivers\u00e1rio do munic\u00edpio. Caso a ACP n\u00e3o seja deferida, o total gasto com cach\u00eas em ano eleitoral ultrapassar\u00e1 R$ 730 mil, o que \u00e9 significativamente maior do que os gastos com eventos semelhantes nos dois anos anteriores, de acordo com o Minist\u00e9rio P\u00fablico.<\/p>\n<p>A promotora de Justi\u00e7a, Silvana Dalpra, baseou o pedido em argumentos relacionados a dificuldades or\u00e7ament\u00e1rias j\u00e1 reconhecidas pela prefeitura em processos anteriores. Segundo o MPMG, a cidade tem reiteradamente alegado falta de recursos para cumprir obriga\u00e7\u00f5es constitucionais, o que contrasta com os altos gastos previstos para os shows da Expoagro.<\/p>\n<p>O MPMG argumenta que a despesa com os cach\u00eas da Expoagro 2024 exceder\u00e1 o or\u00e7amento destinado a \u00e1reas essenciais, como assist\u00eancia social e seguran\u00e7a p\u00fablica. Al\u00e9m disso, as contrata\u00e7\u00f5es dos artistas foram feitas por inexigibilidade de licita\u00e7\u00e3o, o que significa que n\u00e3o houve competi\u00e7\u00e3o de pre\u00e7os entre diferentes fornecedores.<\/p>\n<p>A prefeitura, que j\u00e1 enfrentou processos relacionados a patrim\u00f4nio cultural, contrata\u00e7\u00f5es irregulares e quest\u00f5es de saneamento, tem alegado falta de recursos para servi\u00e7os b\u00e1sicos e infraestrutura, o que o MPMG considera contradit\u00f3rio diante dos altos gastos com entretenimento. A administra\u00e7\u00e3o municipal justificou suas decis\u00f5es anteriores com base em restri\u00e7\u00f5es or\u00e7ament\u00e1rias e planejamento administrativo. Caso a Justi\u00e7a aceite a A\u00e7\u00e3o Civil P\u00fablica, a Expoagro poder\u00e1 ocorrer, mas os quatro shows com cach\u00eas elevados dever\u00e3o ser cancelados.<\/p>\n<p>At\u00e9 o fechamento desta mat\u00e9ria a Prefeitura de Guarani n\u00e3o havia se manifestado a respeito do cancelamento dos shows.<\/p>\n<p><strong>OUTRAS NOT\u00cdCIAS<\/strong><br \/>\n<a href=\"https:\/\/marcelolopes.jor.br\/2024\/08\/10\/acidente-em-guarani-deixa-condutora-em-estado-grave\/\"><strong><span style=\"color: #800000;\">Acidente em Guarani deixa condutora em estado grave<\/span><\/strong><\/a><\/p>\n<p><a href=\"https:\/\/marcelolopes.jor.br\/2024\/07\/13\/pm-de-meio-ambiente-apreende-passaro-e-arma-de-fogo-em-guarani\/\"><strong><span style=\"color: #800000;\">PM de Meio Ambiente apreende p\u00e1ssaro e arma de fogo em Guarani<\/span><\/strong><\/a><\/p>\n<p>Fonte Tribuna de Minas | Texto: Mariana Floriano | Foto: Prefeitura de Guarani &#8211; Divulga\u00e7\u00e3o<\/p>\n<div class=\"azlkw6a97de7482868\" ><div style=\"margin-left: auto; margin-right: auto; text-align: center; margin-top: 50px; \" id=\"teste-1511225834\"><a href=\"https:\/\/marcelolopes.jor.br\/site\/edital-audiencia-publica-energisa-minas-rio-2026\/\" aria-label=\"banneredital\"><img loading=\"lazy\" decoding=\"async\" src=\"https:\/\/marcelolopes.jor.br\/site\/wp-content\/uploads\/2026\/09\/banneredital.png\" alt=\"\"  srcset=\"https:\/\/marcelolopes.jor.br\/site\/wp-content\/uploads\/2026\/09\/banneredital.png 812w, https:\/\/marcelolopes.jor.br\/site\/wp-content\/uploads\/2026\/09\/banneredital-300x56.png 300w, https:\/\/marcelolopes.jor.br\/site\/wp-content\/uploads\/2026\/09\/banneredital-768x144.png 768w\" sizes=\"(max-width: 812px) 100vw, 812px\" width=\"812\" height=\"152\"  style=\"display: inline-block;\" \/><\/a><\/div><br><\/div><style type=\"text\/css\">\r\n@media screen and (min-width: 1201px) {\r\n.azlkw6a97de7482868 {\r\ndisplay: block;\r\n}\r\n}\r\n@media screen and (min-width: 993px) and (max-width: 1200px) {\r\n.azlkw6a97de7482868 {\r\ndisplay: block;\r\n}\r\n}\r\n@media screen and (min-width: 769px) and (max-width: 992px) {\r\n.azlkw6a97de7482868 {\r\ndisplay: block;\r\n}\r\n}\r\n@media screen and (min-width: 768px) and (max-width: 768px) {\r\n.azlkw6a97de7482868 {\r\ndisplay: block;\r\n}\r\n}\r\n@media screen and (max-width: 767px) {\r\n.azlkw6a97de7482868 {\r\ndisplay: block;\r\n}\r\n}\r\n<\/style>\r\n<div class=\"chvka6a97de7487bf9\" ><div id=\"div_destino\"><\/div>\r\n<script src=\"https:\/\/cdn.snsrsv.com\/sdk.js\"><\/script>\r\n<script >\r\n      new sdk(\"464030C30061EA8BE065000000000001\") \r\n          .appendTo(\"div_destino\")\r\n          .disableStyle(true) \r\n          .setCacheBusterMacro(\"%%CACHEBUSTER%%\")\r\n          .setSize(\"800\",\"214\")\r\n          .setClickMacro(\"%%CLICK_URL_ESC%%\") \r\n          .setReferrerUrlMacro(\"%%REFERRER_URL_ESC%%\") \r\n          .start(); \r\n<\/script><\/div><style type=\"text\/css\">\r\n@media screen and (min-width: 1201px) {\r\n.chvka6a97de7487bf9 {\r\ndisplay: block;\r\n}\r\n}\r\n@media screen and (min-width: 993px) and (max-width: 1200px) {\r\n.chvka6a97de7487bf9 {\r\ndisplay: block;\r\n}\r\n}\r\n@media screen and (min-width: 769px) and (max-width: 992px) {\r\n.chvka6a97de7487bf9 {\r\ndisplay: block;\r\n}\r\n}\r\n@media screen and (min-width: 768px) and (max-width: 768px) {\r\n.chvka6a97de7487bf9 {\r\ndisplay: block;\r\n}\r\n}\r\n@media screen and (max-width: 767px) {\r\n.chvka6a97de7487bf9 {\r\ndisplay: block;\r\n}\r\n}\r\n<\/style>\r\n","protected":false},"excerpt":{"rendered":"<p>Quatro shows da 35\u00aa Expoagro de Guarani, munic\u00edpio distante 53 km de Cataguases, podem ser cancelados. As apresenta\u00e7\u00f5es do grupo Jeito Moleque, do cantor Alem\u00e3o do Forr\u00f3, da cantora Fabiana Sinfr\u00f4nio e da dupla Douglas e Vinicius est\u00e3o marcadas para<\/p>\n<p class=\"link-more\"><a class=\"more-link\" href=\"https:\/\/marcelolopes.jor.br\/site\/2024\/09\/09\/mpmg-pede-cancelamento-de-dois-shows-na-exposicao-de-guarani\/\">Leia mais <span class=\"screen-reader-text\">MPMG pede cancelamento de dois shows na exposi\u00e7\u00e3o de Guarani<\/span><\/a><\/p>\n","protected":false},"author":2,"featured_media":51904,"comment_status":"open","ping_status":"open","sticky":false,"template":"","format":"standard","meta":{"footnotes":""},"categories":[1],"tags":[],"class_list":["post-51902","post","type-post","status-publish","format-standard","has-post-thumbnail","hentry","category-noticias","thumb-below-title"],"yoast_head":"<!-- This site is optimized with the Yoast SEO plugin v28.3 - https:\/\/yoast.com\/product\/yoast-seo-wordpress\/ -->\n<title>MPMG pede cancelamento de dois shows na Exposi\u00e7\u00e3o de<\/title>\n<meta name=\"description\" content=\"MPMG pede cancelamento de dois shows na Exposi\u00e7\u00e3o de Guarani. \u00d3rg\u00e3o diz que evento \u00e9 incompat\u00edvel com atual situa\u00e7\u00e3o financeira do munic\u00edpio.\" \/>\n<meta name=\"robots\" content=\"index, follow, max-snippet:-1, max-image-preview:large, max-video-preview:-1\" \/>\n<link rel=\"canonical\" href=\"https:\/\/marcelolopes.jor.br\/site\/2024\/09\/09\/mpmg-pede-cancelamento-de-dois-shows-na-exposicao-de-guarani\/\" \/>\n<meta property=\"og:locale\" content=\"pt_BR\" \/>\n<meta property=\"og:type\" content=\"article\" \/>\n<meta property=\"og:title\" content=\"MPMG pede cancelamento de dois shows na Exposi\u00e7\u00e3o de\" \/>\n<meta property=\"og:description\" content=\"MPMG pede cancelamento de dois shows na Exposi\u00e7\u00e3o de Guarani. \u00d3rg\u00e3o diz que evento \u00e9 incompat\u00edvel com atual situa\u00e7\u00e3o financeira do munic\u00edpio.\" \/>\n<meta property=\"og:url\" content=\"https:\/\/marcelolopes.jor.br\/site\/2024\/09\/09\/mpmg-pede-cancelamento-de-dois-shows-na-exposicao-de-guarani\/\" \/>\n<meta property=\"og:site_name\" content=\"Marcelo Lopes\" \/>\n<meta property=\"article:publisher\" content=\"https:\/\/www.facebook.com\/sitedomarcelolopes\" \/>\n<meta property=\"article:published_time\" content=\"2024-09-09T15:00:48+00:00\" \/>\n<meta property=\"og:image\" content=\"https:\/\/marcelolopes.jor.br\/site\/wp-content\/uploads\/2024\/09\/Guarani-parcial.jpg\" \/>\n\t<meta property=\"og:image:width\" content=\"800\" \/>\n\t<meta property=\"og:image:height\" content=\"533\" \/>\n\t<meta property=\"og:image:type\" content=\"image\/jpeg\" \/>\n<meta name=\"author\" content=\"Marcelo Lopes\" \/>\n<meta name=\"twitter:card\" content=\"summary_large_image\" \/>\n<meta name=\"twitter:label1\" content=\"Escrito por\" \/>\n\t<meta name=\"twitter:data1\" content=\"Marcelo Lopes\" \/>\n\t<meta name=\"twitter:label2\" content=\"Est. tempo de leitura\" \/>\n\t<meta name=\"twitter:data2\" content=\"2 minutos\" \/>\n<script type=\"application\/ld+json\" class=\"yoast-schema-graph\">{\"@context\":\"https:\\\/\\\/schema.org\",\"@graph\":[{\"@type\":\"NewsArticle\",\"@id\":\"https:\\\/\\\/marcelolopes.jor.br\\\/site\\\/2024\\\/09\\\/09\\\/mpmg-pede-cancelamento-de-dois-shows-na-exposicao-de-guarani\\\/#article\",\"isPartOf\":{\"@id\":\"https:\\\/\\\/marcelolopes.jor.br\\\/site\\\/2024\\\/09\\\/09\\\/mpmg-pede-cancelamento-de-dois-shows-na-exposicao-de-guarani\\\/\"},\"author\":{\"name\":\"Marcelo Lopes\",\"@id\":\"https:\\\/\\\/marcelolopes.jor.br\\\/site\\\/#\\\/schema\\\/person\\\/3e7216a35c34d8fdf952b31da3d1f89f\"},\"headline\":\"MPMG pede cancelamento de dois shows na exposi\u00e7\u00e3o de Guarani\",\"datePublished\":\"2024-09-09T15:00:48+00:00\",\"mainEntityOfPage\":{\"@id\":\"https:\\\/\\\/marcelolopes.jor.br\\\/site\\\/2024\\\/09\\\/09\\\/mpmg-pede-cancelamento-de-dois-shows-na-exposicao-de-guarani\\\/\"},\"wordCount\":498,\"commentCount\":0,\"publisher\":{\"@id\":\"https:\\\/\\\/marcelolopes.jor.br\\\/site\\\/#organization\"},\"image\":{\"@id\":\"https:\\\/\\\/marcelolopes.jor.br\\\/site\\\/2024\\\/09\\\/09\\\/mpmg-pede-cancelamento-de-dois-shows-na-exposicao-de-guarani\\\/#primaryimage\"},\"thumbnailUrl\":\"https:\\\/\\\/marcelolopes.jor.br\\\/site\\\/wp-content\\\/uploads\\\/2024\\\/09\\\/Guarani-parcial.jpg\",\"articleSection\":[\"Not\u00edcias\"],\"inLanguage\":\"pt-BR\",\"potentialAction\":[{\"@type\":\"CommentAction\",\"name\":\"Comment\",\"target\":[\"https:\\\/\\\/marcelolopes.jor.br\\\/site\\\/2024\\\/09\\\/09\\\/mpmg-pede-cancelamento-de-dois-shows-na-exposicao-de-guarani\\\/#respond\"]}]},{\"@type\":\"WebPage\",\"@id\":\"https:\\\/\\\/marcelolopes.jor.br\\\/site\\\/2024\\\/09\\\/09\\\/mpmg-pede-cancelamento-de-dois-shows-na-exposicao-de-guarani\\\/\",\"url\":\"https:\\\/\\\/marcelolopes.jor.br\\\/site\\\/2024\\\/09\\\/09\\\/mpmg-pede-cancelamento-de-dois-shows-na-exposicao-de-guarani\\\/\",\"name\":\"MPMG pede cancelamento de dois shows na Exposi\u00e7\u00e3o de\",\"isPartOf\":{\"@id\":\"https:\\\/\\\/marcelolopes.jor.br\\\/site\\\/#website\"},\"primaryImageOfPage\":{\"@id\":\"https:\\\/\\\/marcelolopes.jor.br\\\/site\\\/2024\\\/09\\\/09\\\/mpmg-pede-cancelamento-de-dois-shows-na-exposicao-de-guarani\\\/#primaryimage\"},\"image\":{\"@id\":\"https:\\\/\\\/marcelolopes.jor.br\\\/site\\\/2024\\\/09\\\/09\\\/mpmg-pede-cancelamento-de-dois-shows-na-exposicao-de-guarani\\\/#primaryimage\"},\"thumbnailUrl\":\"https:\\\/\\\/marcelolopes.jor.br\\\/site\\\/wp-content\\\/uploads\\\/2024\\\/09\\\/Guarani-parcial.jpg\",\"datePublished\":\"2024-09-09T15:00:48+00:00\",\"description\":\"MPMG pede cancelamento de dois shows na Exposi\u00e7\u00e3o de Guarani. \u00d3rg\u00e3o diz que evento \u00e9 incompat\u00edvel com atual situa\u00e7\u00e3o financeira do munic\u00edpio.\",\"breadcrumb\":{\"@id\":\"https:\\\/\\\/marcelolopes.jor.br\\\/site\\\/2024\\\/09\\\/09\\\/mpmg-pede-cancelamento-de-dois-shows-na-exposicao-de-guarani\\\/#breadcrumb\"},\"inLanguage\":\"pt-BR\",\"potentialAction\":[{\"@type\":\"ReadAction\",\"target\":[\"https:\\\/\\\/marcelolopes.jor.br\\\/site\\\/2024\\\/09\\\/09\\\/mpmg-pede-cancelamento-de-dois-shows-na-exposicao-de-guarani\\\/\"]}]},{\"@type\":\"ImageObject\",\"inLanguage\":\"pt-BR\",\"@id\":\"https:\\\/\\\/marcelolopes.jor.br\\\/site\\\/2024\\\/09\\\/09\\\/mpmg-pede-cancelamento-de-dois-shows-na-exposicao-de-guarani\\\/#primaryimage\",\"url\":\"https:\\\/\\\/marcelolopes.jor.br\\\/site\\\/wp-content\\\/uploads\\\/2024\\\/09\\\/Guarani-parcial.jpg\",\"contentUrl\":\"https:\\\/\\\/marcelolopes.jor.br\\\/site\\\/wp-content\\\/uploads\\\/2024\\\/09\\\/Guarani-parcial.jpg\",\"width\":800,\"height\":533,\"caption\":\"MPMG pede cancelamento de\"},{\"@type\":\"BreadcrumbList\",\"@id\":\"https:\\\/\\\/marcelolopes.jor.br\\\/site\\\/2024\\\/09\\\/09\\\/mpmg-pede-cancelamento-de-dois-shows-na-exposicao-de-guarani\\\/#breadcrumb\",\"itemListElement\":[{\"@type\":\"ListItem\",\"position\":1,\"name\":\"Home\",\"item\":\"https:\\\/\\\/marcelolopes.jor.br\\\/site\\\/\"},{\"@type\":\"ListItem\",\"position\":2,\"name\":\"MPMG pede cancelamento de dois shows na exposi\u00e7\u00e3o de Guarani\"}]},{\"@type\":\"WebSite\",\"@id\":\"https:\\\/\\\/marcelolopes.jor.br\\\/site\\\/#website\",\"url\":\"https:\\\/\\\/marcelolopes.jor.br\\\/site\\\/\",\"name\":\"Marcelo Lopes\",\"description\":\"Not\u00edcias de Cataguases e Regi\u00e3o\",\"publisher\":{\"@id\":\"https:\\\/\\\/marcelolopes.jor.br\\\/site\\\/#organization\"},\"potentialAction\":[{\"@type\":\"SearchAction\",\"target\":{\"@type\":\"EntryPoint\",\"urlTemplate\":\"https:\\\/\\\/marcelolopes.jor.br\\\/site\\\/?s={search_term_string}\"},\"query-input\":{\"@type\":\"PropertyValueSpecification\",\"valueRequired\":true,\"valueName\":\"search_term_string\"}}],\"inLanguage\":\"pt-BR\"},{\"@type\":\"Organization\",\"@id\":\"https:\\\/\\\/marcelolopes.jor.br\\\/site\\\/#organization\",\"name\":\"Site do Marcelo Lopes\",\"url\":\"https:\\\/\\\/marcelolopes.jor.br\\\/site\\\/\",\"logo\":{\"@type\":\"ImageObject\",\"inLanguage\":\"pt-BR\",\"@id\":\"https:\\\/\\\/marcelolopes.jor.br\\\/site\\\/#\\\/schema\\\/logo\\\/image\\\/\",\"url\":\"https:\\\/\\\/marcelolopes.jor.br\\\/site\\\/wp-content\\\/uploads\\\/2026\\\/07\\\/cropped-logo2026.png\",\"contentUrl\":\"https:\\\/\\\/marcelolopes.jor.br\\\/site\\\/wp-content\\\/uploads\\\/2026\\\/07\\\/cropped-logo2026.png\",\"width\":328,\"height\":96,\"caption\":\"Site do Marcelo Lopes\"},\"image\":{\"@id\":\"https:\\\/\\\/marcelolopes.jor.br\\\/site\\\/#\\\/schema\\\/logo\\\/image\\\/\"},\"sameAs\":[\"https:\\\/\\\/www.facebook.com\\\/sitedomarcelolopes\",\"https:\\\/\\\/www.instagram.com\\\/sitedomarcelolopes\\\/\",\"https:\\\/\\\/www.linkedin.com\\\/company\\\/site-do-marcelo-lopes\\\/\",\"https:\\\/\\\/www.youtube.com\\\/user\\\/marcelolopes957\"]},{\"@type\":\"Person\",\"@id\":\"https:\\\/\\\/marcelolopes.jor.br\\\/site\\\/#\\\/schema\\\/person\\\/3e7216a35c34d8fdf952b31da3d1f89f\",\"name\":\"Marcelo Lopes\",\"sameAs\":[\"http:\\\/\\\/www.marcelolopes.jor.br\"],\"url\":\"https:\\\/\\\/marcelolopes.jor.br\\\/site\\\/author\\\/marcelo\\\/\"}]}<\/script>\n<!-- \/ Yoast SEO plugin. -->","yoast_head_json":{"title":"MPMG pede cancelamento de dois shows na Exposi\u00e7\u00e3o de","description":"MPMG pede cancelamento de dois shows na Exposi\u00e7\u00e3o de Guarani. \u00d3rg\u00e3o diz que evento \u00e9 incompat\u00edvel com atual situa\u00e7\u00e3o financeira do munic\u00edpio.","robots":{"index":"index","follow":"follow","max-snippet":"max-snippet:-1","max-image-preview":"max-image-preview:large","max-video-preview":"max-video-preview:-1"},"canonical":"https:\/\/marcelolopes.jor.br\/site\/2024\/09\/09\/mpmg-pede-cancelamento-de-dois-shows-na-exposicao-de-guarani\/","og_locale":"pt_BR","og_type":"article","og_title":"MPMG pede cancelamento de dois shows na Exposi\u00e7\u00e3o de","og_description":"MPMG pede cancelamento de dois shows na Exposi\u00e7\u00e3o de Guarani. \u00d3rg\u00e3o diz que evento \u00e9 incompat\u00edvel com atual situa\u00e7\u00e3o financeira do munic\u00edpio.","og_url":"https:\/\/marcelolopes.jor.br\/site\/2024\/09\/09\/mpmg-pede-cancelamento-de-dois-shows-na-exposicao-de-guarani\/","og_site_name":"Marcelo Lopes","article_publisher":"https:\/\/www.facebook.com\/sitedomarcelolopes","article_published_time":"2024-09-09T15:00:48+00:00","og_image":[{"width":800,"height":533,"url":"https:\/\/marcelolopes.jor.br\/site\/wp-content\/uploads\/2024\/09\/Guarani-parcial.jpg","type":"image\/jpeg"}],"author":"Marcelo Lopes","twitter_card":"summary_large_image","twitter_misc":{"Escrito por":"Marcelo Lopes","Est. tempo de leitura":"2 minutos"},"schema":{"@context":"https:\/\/schema.org","@graph":[{"@type":"NewsArticle","@id":"https:\/\/marcelolopes.jor.br\/site\/2024\/09\/09\/mpmg-pede-cancelamento-de-dois-shows-na-exposicao-de-guarani\/#article","isPartOf":{"@id":"https:\/\/marcelolopes.jor.br\/site\/2024\/09\/09\/mpmg-pede-cancelamento-de-dois-shows-na-exposicao-de-guarani\/"},"author":{"name":"Marcelo Lopes","@id":"https:\/\/marcelolopes.jor.br\/site\/#\/schema\/person\/3e7216a35c34d8fdf952b31da3d1f89f"},"headline":"MPMG pede cancelamento de dois shows na exposi\u00e7\u00e3o de Guarani","datePublished":"2024-09-09T15:00:48+00:00","mainEntityOfPage":{"@id":"https:\/\/marcelolopes.jor.br\/site\/2024\/09\/09\/mpmg-pede-cancelamento-de-dois-shows-na-exposicao-de-guarani\/"},"wordCount":498,"commentCount":0,"publisher":{"@id":"https:\/\/marcelolopes.jor.br\/site\/#organization"},"image":{"@id":"https:\/\/marcelolopes.jor.br\/site\/2024\/09\/09\/mpmg-pede-cancelamento-de-dois-shows-na-exposicao-de-guarani\/#primaryimage"},"thumbnailUrl":"https:\/\/marcelolopes.jor.br\/site\/wp-content\/uploads\/2024\/09\/Guarani-parcial.jpg","articleSection":["Not\u00edcias"],"inLanguage":"pt-BR","potentialAction":[{"@type":"CommentAction","name":"Comment","target":["https:\/\/marcelolopes.jor.br\/site\/2024\/09\/09\/mpmg-pede-cancelamento-de-dois-shows-na-exposicao-de-guarani\/#respond"]}]},{"@type":"WebPage","@id":"https:\/\/marcelolopes.jor.br\/site\/2024\/09\/09\/mpmg-pede-cancelamento-de-dois-shows-na-exposicao-de-guarani\/","url":"https:\/\/marcelolopes.jor.br\/site\/2024\/09\/09\/mpmg-pede-cancelamento-de-dois-shows-na-exposicao-de-guarani\/","name":"MPMG pede cancelamento de dois shows na Exposi\u00e7\u00e3o de","isPartOf":{"@id":"https:\/\/marcelolopes.jor.br\/site\/#website"},"primaryImageOfPage":{"@id":"https:\/\/marcelolopes.jor.br\/site\/2024\/09\/09\/mpmg-pede-cancelamento-de-dois-shows-na-exposicao-de-guarani\/#primaryimage"},"image":{"@id":"https:\/\/marcelolopes.jor.br\/site\/2024\/09\/09\/mpmg-pede-cancelamento-de-dois-shows-na-exposicao-de-guarani\/#primaryimage"},"thumbnailUrl":"https:\/\/marcelolopes.jor.br\/site\/wp-content\/uploads\/2024\/09\/Guarani-parcial.jpg","datePublished":"2024-09-09T15:00:48+00:00","description":"MPMG pede cancelamento de dois shows na Exposi\u00e7\u00e3o de Guarani. \u00d3rg\u00e3o diz que evento \u00e9 incompat\u00edvel com atual situa\u00e7\u00e3o financeira do munic\u00edpio.","breadcrumb":{"@id":"https:\/\/marcelolopes.jor.br\/site\/2024\/09\/09\/mpmg-pede-cancelamento-de-dois-shows-na-exposicao-de-guarani\/#breadcrumb"},"inLanguage":"pt-BR","potentialAction":[{"@type":"ReadAction","target":["https:\/\/marcelolopes.jor.br\/site\/2024\/09\/09\/mpmg-pede-cancelamento-de-dois-shows-na-exposicao-de-guarani\/"]}]},{"@type":"ImageObject","inLanguage":"pt-BR","@id":"https:\/\/marcelolopes.jor.br\/site\/2024\/09\/09\/mpmg-pede-cancelamento-de-dois-shows-na-exposicao-de-guarani\/#primaryimage","url":"https:\/\/marcelolopes.jor.br\/site\/wp-content\/uploads\/2024\/09\/Guarani-parcial.jpg","contentUrl":"https:\/\/marcelolopes.jor.br\/site\/wp-content\/uploads\/2024\/09\/Guarani-parcial.jpg","width":800,"height":533,"caption":"MPMG pede cancelamento de"},{"@type":"BreadcrumbList","@id":"https:\/\/marcelolopes.jor.br\/site\/2024\/09\/09\/mpmg-pede-cancelamento-de-dois-shows-na-exposicao-de-guarani\/#breadcrumb","itemListElement":[{"@type":"ListItem","position":1,"name":"Home","item":"https:\/\/marcelolopes.jor.br\/site\/"},{"@type":"ListItem","position":2,"name":"MPMG pede cancelamento de dois shows na exposi\u00e7\u00e3o de Guarani"}]},{"@type":"WebSite","@id":"https:\/\/marcelolopes.jor.br\/site\/#website","url":"https:\/\/marcelolopes.jor.br\/site\/","name":"Marcelo Lopes","description":"Not\u00edcias de Cataguases e Regi\u00e3o","publisher":{"@id":"https:\/\/marcelolopes.jor.br\/site\/#organization"},"potentialAction":[{"@type":"SearchAction","target":{"@type":"EntryPoint","urlTemplate":"https:\/\/marcelolopes.jor.br\/site\/?s={search_term_string}"},"query-input":{"@type":"PropertyValueSpecification","valueRequired":true,"valueName":"search_term_string"}}],"inLanguage":"pt-BR"},{"@type":"Organization","@id":"https:\/\/marcelolopes.jor.br\/site\/#organization","name":"Site do Marcelo Lopes","url":"https:\/\/marcelolopes.jor.br\/site\/","logo":{"@type":"ImageObject","inLanguage":"pt-BR","@id":"https:\/\/marcelolopes.jor.br\/site\/#\/schema\/logo\/image\/","url":"https:\/\/marcelolopes.jor.br\/site\/wp-content\/uploads\/2026\/07\/cropped-logo2026.png","contentUrl":"https:\/\/marcelolopes.jor.br\/site\/wp-content\/uploads\/2026\/07\/cropped-logo2026.png","width":328,"height":96,"caption":"Site do Marcelo Lopes"},"image":{"@id":"https:\/\/marcelolopes.jor.br\/site\/#\/schema\/logo\/image\/"},"sameAs":["https:\/\/www.facebook.com\/sitedomarcelolopes","https:\/\/www.instagram.com\/sitedomarcelolopes\/","https:\/\/www.linkedin.com\/company\/site-do-marcelo-lopes\/","https:\/\/www.youtube.com\/user\/marcelolopes957"]},{"@type":"Person","@id":"https:\/\/marcelolopes.jor.br\/site\/#\/schema\/person\/3e7216a35c34d8fdf952b31da3d1f89f","name":"Marcelo Lopes","sameAs":["http:\/\/www.marcelolopes.jor.br"],"url":"https:\/\/marcelolopes.jor.br\/site\/author\/marcelo\/"}]}},"wps_subtitle":"\u00d3rg\u00e3o afirma que evento \u00e9 incompat\u00edvel com a atual situa\u00e7\u00e3o financeira do munic\u00edpio.","_links":{"self":[{"href":"https:\/\/marcelolopes.jor.br\/site\/wp-json\/wp\/v2\/posts\/51902","targetHints":{"allow":["GET"]}}],"collection":[{"href":"https:\/\/marcelolopes.jor.br\/site\/wp-json\/wp\/v2\/posts"}],"about":[{"href":"https:\/\/marcelolopes.jor.br\/site\/wp-json\/wp\/v2\/types\/post"}],"author":[{"embeddable":true,"href":"https:\/\/marcelolopes.jor.br\/site\/wp-json\/wp\/v2\/users\/2"}],"replies":[{"embeddable":true,"href":"https:\/\/marcelolopes.jor.br\/site\/wp-json\/wp\/v2\/comments?post=51902"}],"version-history":[{"count":0,"href":"https:\/\/marcelolopes.jor.br\/site\/wp-json\/wp\/v2\/posts\/51902\/revisions"}],"wp:featuredmedia":[{"embeddable":true,"href":"https:\/\/marcelolopes.jor.br\/site\/wp-json\/wp\/v2\/media\/51904"}],"wp:attachment":[{"href":"https:\/\/marcelolopes.jor.br\/site\/wp-json\/wp\/v2\/media?parent=51902"}],"wp:term":[{"taxonomy":"category","embeddable":true,"href":"https:\/\/marcelolopes.jor.br\/site\/wp-json\/wp\/v2\/categories?post=51902"},{"taxonomy":"post_tag","embeddable":true,"href":"https:\/\/marcelolopes.jor.br\/site\/wp-json\/wp\/v2\/tags?post=51902"}],"curies":[{"name":"wp","href":"https:\/\/api.w.org\/{rel}","templated":true}]}}