{"id":51876,"date":"2024-09-08T12:25:22","date_gmt":"2024-09-08T15:25:22","guid":{"rendered":"https:\/\/marcelolopes.jor.br\/?p=51876"},"modified":"2024-09-08T12:25:22","modified_gmt":"2024-09-08T15:25:22","slug":"minas-ao-luar-lota-praca-com-shows-de-thaylis-carneiro-e-lo-borges","status":"publish","type":"post","link":"https:\/\/marcelolopes.jor.br\/site\/2024\/09\/08\/minas-ao-luar-lota-praca-com-shows-de-thaylis-carneiro-e-lo-borges\/","title":{"rendered":"Minas ao Luar lota pra\u00e7a com shows de Thaylis Carneiro e L\u00f4 Borges"},"content":{"rendered":"<p>M\u00fasica boa, emo\u00e7\u00e3o e samba marcaram esta edi\u00e7\u00e3o do Minas ao Luar, que aconteceu na Pra\u00e7a Rui Barbosa na noite de s\u00e1bado, 7 de setembro. O evento, promovido pelo SESC Minas em parceria com o Sindicom\u00e9rcio &#8211; Cataguases, integrou a programa\u00e7\u00e3o de anivers\u00e1rio de 147 anos do munic\u00edpio, reunindo uma multid\u00e3o que curtiu as duas apresenta\u00e7\u00f5es cantando junto com os artistas num clima de muita anima\u00e7\u00e3o.<!--more--><\/p>\n<h4 class=\"p1\"><span class=\"s1\">\ud83d\udcf8 <span style=\"color: #808080;\">Siga o Site do Marcelo Lopes no<\/span> <a href=\"https:\/\/www.facebook.com\/sitedomarcelolopes\/\"><strong><span style=\"color: #800000;\">Facebook<\/span><\/strong><\/a> <span style=\"color: #808080;\">e no<\/span> <strong><span style=\"color: #800000;\"><a style=\"color: #800000;\" href=\"https:\/\/www.instagram.com\/sitedomarcelolopes\/\">Instagram<\/a><\/span><\/strong><\/span><\/h4>\n<h4 class=\"p1\"><span class=\"s1\">\ud83d\udcf1<span style=\"color: #808080;\">Receba no<\/span> <a href=\"https:\/\/chat.whatsapp.com\/BibzcI1ibYSKytbdyzubLA\"><strong><span style=\"color: #800000;\">WhatsApp<\/span><\/strong><\/a> <span style=\"color: #808080;\">as not\u00edcias do Site do Marcelo Lopes<\/span><\/span><\/h4>\n<p>&nbsp;<\/p>\n<p><img loading=\"lazy\" decoding=\"async\" class=\"aligncenter wp-image-51879\" src=\"https:\/\/marcelolopes.jor.br\/site\/wp-content\/uploads\/2024\/09\/IMG_7236-Grande-1024x576.jpeg\" alt=\"Minas ao Luar lota\" width=\"700\" height=\"394\" srcset=\"https:\/\/marcelolopes.jor.br\/site\/wp-content\/uploads\/2024\/09\/IMG_7236-Grande-1024x576.jpeg 1024w, https:\/\/marcelolopes.jor.br\/site\/wp-content\/uploads\/2024\/09\/IMG_7236-Grande-300x169.jpeg 300w, https:\/\/marcelolopes.jor.br\/site\/wp-content\/uploads\/2024\/09\/IMG_7236-Grande-768x432.jpeg 768w, https:\/\/marcelolopes.jor.br\/site\/wp-content\/uploads\/2024\/09\/IMG_7236-Grande-1200x675.jpeg 1200w, https:\/\/marcelolopes.jor.br\/site\/wp-content\/uploads\/2024\/09\/IMG_7236-Grande.jpeg 1280w\" sizes=\"auto, (max-width: 700px) 100vw, 700px\" \/>A sambista Thaylis Carneiro abriu a noite com uma performance que homenageou a grande Alcione, uma das maiores vozes do samba brasileiro. Thaylis, que \u00e9 considerada uma das principais representantes do samba na regi\u00e3o, trouxe ao palco interpreta\u00e7\u00f5es poderosas de cl\u00e1ssicos como &#8220;N\u00e3o Deixe o Samba Morrer&#8221; e &#8220;Meu \u00c9bano&#8221;. A apresenta\u00e7\u00e3o emocionou o p\u00fablico, que lotou a pra\u00e7a e acompanhou em coro os sucessos. Com seu carisma e talento, Thaylis mostrou a for\u00e7a do samba de raiz e aqueceu o p\u00fablico para a atra\u00e7\u00e3o principal.<\/p>\n<p>O ponto alto da noite foi o aguardado show de L\u00f4 Borges, um dos m\u00fasicos mais influentes do Clube da Esquina, movimento musical que marcou a hist\u00f3ria da MPB nos anos 1970. A presen\u00e7a de L\u00f4 Borges atraiu uma multid\u00e3o \u00e0 Pra\u00e7a Rui Barbosa, e sua performance trouxe sucessos que atravessam gera\u00e7\u00f5es, como &#8220;Trem Azul&#8221;, &#8220;Um Girassol da Cor de Seu Cabelo&#8221;, &#8220;Equatorial&#8221; e &#8220;Quem Sabe Isso Quer Dizer Amor&#8221;. A cada can\u00e7\u00e3o, o p\u00fablico se envolvia ainda mais naquela atmosfera de nostalgia e celebra\u00e7\u00e3o.<\/p>\n<p>A Secret\u00e1ria Municipal de Cultura e Turismo de Cataguases, Ros\u00e2ngela Moreira Lima, elogiou o evento e a qualidade das apresenta\u00e7\u00f5es, destacando a import\u00e2ncia do Minas ao Luar para a valoriza\u00e7\u00e3o da cultura local. &#8220;Foi uma noite inesquec\u00edvel. Sou f\u00e3 de L\u00f4 Borges e v\u00ea-lo ao vivo aqui em Cataguases \u00e9 um presente para a cidade&#8221;, afirmou.<\/p>\n<p>Ros\u00e2ngela tamb\u00e9m fez um balan\u00e7o positivo das comemora\u00e7\u00f5es pelos 147 anos de Cataguases, que contou com uma s\u00e9rie de eventos culturais, destacando o envolvimento da comunidade e a import\u00e2ncia de promover a cultura e o lazer no munic\u00edpio. Com uma programa\u00e7\u00e3o que celebrou a m\u00fasica brasileira em suas mais diversas formas, o Minas ao Luar proporcionou momentos de alegria e integra\u00e7\u00e3o na cidade.<\/p>\n<p><img loading=\"lazy\" decoding=\"async\" class=\"aligncenter wp-image-51881\" src=\"https:\/\/marcelolopes.jor.br\/site\/wp-content\/uploads\/2024\/09\/Thaylis-1.jpg\" alt=\"Minas ao Luar lota\" width=\"700\" height=\"540\" srcset=\"https:\/\/marcelolopes.jor.br\/site\/wp-content\/uploads\/2024\/09\/Thaylis-1.jpg 711w, https:\/\/marcelolopes.jor.br\/site\/wp-content\/uploads\/2024\/09\/Thaylis-1-300x231.jpg 300w\" sizes=\"auto, (max-width: 700px) 100vw, 700px\" \/><\/p>\n<p><img loading=\"lazy\" decoding=\"async\" class=\"aligncenter wp-image-51880\" src=\"https:\/\/marcelolopes.jor.br\/site\/wp-content\/uploads\/2024\/09\/IMG_7239-Grande-1024x576.jpeg\" alt=\"Minas ao Luar lota\" width=\"700\" height=\"394\" srcset=\"https:\/\/marcelolopes.jor.br\/site\/wp-content\/uploads\/2024\/09\/IMG_7239-Grande-1024x576.jpeg 1024w, https:\/\/marcelolopes.jor.br\/site\/wp-content\/uploads\/2024\/09\/IMG_7239-Grande-300x169.jpeg 300w, https:\/\/marcelolopes.jor.br\/site\/wp-content\/uploads\/2024\/09\/IMG_7239-Grande-768x432.jpeg 768w, https:\/\/marcelolopes.jor.br\/site\/wp-content\/uploads\/2024\/09\/IMG_7239-Grande-1200x675.jpeg 1200w, https:\/\/marcelolopes.jor.br\/site\/wp-content\/uploads\/2024\/09\/IMG_7239-Grande.jpeg 1280w\" sizes=\"auto, (max-width: 700px) 100vw, 700px\" \/><\/p>\n<p><img loading=\"lazy\" decoding=\"async\" class=\"aligncenter wp-image-51882\" src=\"https:\/\/marcelolopes.jor.br\/site\/wp-content\/uploads\/2024\/09\/Thaylis1.jpg\" alt=\"Minas ao Luar lota\" width=\"700\" height=\"481\" srcset=\"https:\/\/marcelolopes.jor.br\/site\/wp-content\/uploads\/2024\/09\/Thaylis1.jpg 800w, https:\/\/marcelolopes.jor.br\/site\/wp-content\/uploads\/2024\/09\/Thaylis1-300x206.jpg 300w, https:\/\/marcelolopes.jor.br\/site\/wp-content\/uploads\/2024\/09\/Thaylis1-768x528.jpg 768w\" sizes=\"auto, (max-width: 700px) 100vw, 700px\" \/><\/p>\n<p><img loading=\"lazy\" decoding=\"async\" class=\"aligncenter wp-image-51884\" src=\"https:\/\/marcelolopes.jor.br\/site\/wp-content\/uploads\/2024\/09\/IMG_7255-Grande-1024x576.jpeg\" alt=\"Minas ao Luar lota\" width=\"700\" height=\"394\" srcset=\"https:\/\/marcelolopes.jor.br\/site\/wp-content\/uploads\/2024\/09\/IMG_7255-Grande-1024x576.jpeg 1024w, https:\/\/marcelolopes.jor.br\/site\/wp-content\/uploads\/2024\/09\/IMG_7255-Grande-300x169.jpeg 300w, https:\/\/marcelolopes.jor.br\/site\/wp-content\/uploads\/2024\/09\/IMG_7255-Grande-768x432.jpeg 768w, https:\/\/marcelolopes.jor.br\/site\/wp-content\/uploads\/2024\/09\/IMG_7255-Grande-1200x675.jpeg 1200w, https:\/\/marcelolopes.jor.br\/site\/wp-content\/uploads\/2024\/09\/IMG_7255-Grande.jpeg 1280w\" sizes=\"auto, (max-width: 700px) 100vw, 700px\" \/><\/p>\n<p><img loading=\"lazy\" decoding=\"async\" class=\"aligncenter wp-image-51885\" src=\"https:\/\/marcelolopes.jor.br\/site\/wp-content\/uploads\/2024\/09\/IMG_7260-Grande-1024x576.jpeg\" alt=\"Minas ao Luar lota\" width=\"700\" height=\"394\" srcset=\"https:\/\/marcelolopes.jor.br\/site\/wp-content\/uploads\/2024\/09\/IMG_7260-Grande-1024x576.jpeg 1024w, https:\/\/marcelolopes.jor.br\/site\/wp-content\/uploads\/2024\/09\/IMG_7260-Grande-300x169.jpeg 300w, https:\/\/marcelolopes.jor.br\/site\/wp-content\/uploads\/2024\/09\/IMG_7260-Grande-768x432.jpeg 768w, https:\/\/marcelolopes.jor.br\/site\/wp-content\/uploads\/2024\/09\/IMG_7260-Grande-1200x675.jpeg 1200w, https:\/\/marcelolopes.jor.br\/site\/wp-content\/uploads\/2024\/09\/IMG_7260-Grande.jpeg 1280w\" sizes=\"auto, (max-width: 700px) 100vw, 700px\" \/><\/p>\n<p><img loading=\"lazy\" decoding=\"async\" class=\"aligncenter wp-image-51886\" src=\"https:\/\/marcelolopes.jor.br\/site\/wp-content\/uploads\/2024\/09\/IMG_7278-Grande-768x1024.jpeg\" alt=\"\" width=\"500\" height=\"667\" srcset=\"https:\/\/marcelolopes.jor.br\/site\/wp-content\/uploads\/2024\/09\/IMG_7278-Grande-768x1024.jpeg 768w, https:\/\/marcelolopes.jor.br\/site\/wp-content\/uploads\/2024\/09\/IMG_7278-Grande-225x300.jpeg 225w, https:\/\/marcelolopes.jor.br\/site\/wp-content\/uploads\/2024\/09\/IMG_7278-Grande-900x1200.jpeg 900w, https:\/\/marcelolopes.jor.br\/site\/wp-content\/uploads\/2024\/09\/IMG_7278-Grande.jpeg 960w\" sizes=\"auto, (max-width: 500px) 100vw, 500px\" \/><\/p>\n<p><img loading=\"lazy\" decoding=\"async\" class=\"aligncenter wp-image-51887\" src=\"https:\/\/marcelolopes.jor.br\/site\/wp-content\/uploads\/2024\/09\/IMG_7264-Grande-576x1024.jpeg\" alt=\"\" width=\"500\" height=\"889\" srcset=\"https:\/\/marcelolopes.jor.br\/site\/wp-content\/uploads\/2024\/09\/IMG_7264-Grande-576x1024.jpeg 576w, https:\/\/marcelolopes.jor.br\/site\/wp-content\/uploads\/2024\/09\/IMG_7264-Grande-169x300.jpeg 169w, https:\/\/marcelolopes.jor.br\/site\/wp-content\/uploads\/2024\/09\/IMG_7264-Grande-675x1200.jpeg 675w, https:\/\/marcelolopes.jor.br\/site\/wp-content\/uploads\/2024\/09\/IMG_7264-Grande.jpeg 720w\" sizes=\"auto, (max-width: 500px) 100vw, 500px\" \/><\/p>\n<p><strong>OUTRAS NOT\u00cdCIAS<\/strong><br \/>\n<a href=\"https:\/\/marcelolopes.jor.br\/2024\/09\/07\/wilson-sideral-faz-show-contagiante-de-mais-de-duas-horas\/\"><strong><span style=\"color: #800000;\">Wilson Sideral faz show contagiante de mais de duas horas<\/span><\/strong><\/a><\/p>\n<p><a href=\"https:\/\/marcelolopes.jor.br\/2024\/09\/06\/multidao-lota-praca-da-estacao-em-show-de-marcos-belutti\/\"><strong><span style=\"color: #800000;\">Multid\u00e3o lota pra\u00e7a da Esta\u00e7\u00e3o em show de Marcos &amp; Belutti<\/span><\/strong><\/a><\/p>\n<p>Fotos exclusivas Site do Marcelo Lopes<\/p>\n<div class=\"aebbo6a97de9260047\" ><div style=\"margin-left: auto; margin-right: auto; text-align: center; margin-top: 50px; \" id=\"teste-393446827\"><a href=\"https:\/\/marcelolopes.jor.br\/site\/edital-audiencia-publica-energisa-minas-rio-2026\/\" aria-label=\"banneredital\"><img loading=\"lazy\" decoding=\"async\" src=\"https:\/\/marcelolopes.jor.br\/site\/wp-content\/uploads\/2026\/09\/banneredital.png\" alt=\"\"  srcset=\"https:\/\/marcelolopes.jor.br\/site\/wp-content\/uploads\/2026\/09\/banneredital.png 812w, https:\/\/marcelolopes.jor.br\/site\/wp-content\/uploads\/2026\/09\/banneredital-300x56.png 300w, https:\/\/marcelolopes.jor.br\/site\/wp-content\/uploads\/2026\/09\/banneredital-768x144.png 768w\" sizes=\"(max-width: 812px) 100vw, 812px\" width=\"812\" height=\"152\"  style=\"display: inline-block;\" \/><\/a><\/div><br><\/div><style type=\"text\/css\">\r\n@media screen and (min-width: 1201px) {\r\n.aebbo6a97de9260047 {\r\ndisplay: block;\r\n}\r\n}\r\n@media screen and (min-width: 993px) and (max-width: 1200px) {\r\n.aebbo6a97de9260047 {\r\ndisplay: block;\r\n}\r\n}\r\n@media screen and (min-width: 769px) and (max-width: 992px) {\r\n.aebbo6a97de9260047 {\r\ndisplay: block;\r\n}\r\n}\r\n@media screen and (min-width: 768px) and (max-width: 768px) {\r\n.aebbo6a97de9260047 {\r\ndisplay: block;\r\n}\r\n}\r\n@media screen and (max-width: 767px) {\r\n.aebbo6a97de9260047 {\r\ndisplay: block;\r\n}\r\n}\r\n<\/style>\r\n<div class=\"spyik6a97de926721b\" ><div id=\"div_destino\"><\/div>\r\n<script src=\"https:\/\/cdn.snsrsv.com\/sdk.js\"><\/script>\r\n<script >\r\n      new sdk(\"464030C30061EA8BE065000000000001\") \r\n          .appendTo(\"div_destino\")\r\n          .disableStyle(true) \r\n          .setCacheBusterMacro(\"%%CACHEBUSTER%%\")\r\n          .setSize(\"800\",\"214\")\r\n          .setClickMacro(\"%%CLICK_URL_ESC%%\") \r\n          .setReferrerUrlMacro(\"%%REFERRER_URL_ESC%%\") \r\n          .start(); \r\n<\/script><\/div><style type=\"text\/css\">\r\n@media screen and (min-width: 1201px) {\r\n.spyik6a97de926721b {\r\ndisplay: block;\r\n}\r\n}\r\n@media screen and (min-width: 993px) and (max-width: 1200px) {\r\n.spyik6a97de926721b {\r\ndisplay: block;\r\n}\r\n}\r\n@media screen and (min-width: 769px) and (max-width: 992px) {\r\n.spyik6a97de926721b {\r\ndisplay: block;\r\n}\r\n}\r\n@media screen and (min-width: 768px) and (max-width: 768px) {\r\n.spyik6a97de926721b {\r\ndisplay: block;\r\n}\r\n}\r\n@media screen and (max-width: 767px) {\r\n.spyik6a97de926721b {\r\ndisplay: block;\r\n}\r\n}\r\n<\/style>\r\n","protected":false},"excerpt":{"rendered":"<p>M\u00fasica boa, emo\u00e7\u00e3o e samba marcaram esta edi\u00e7\u00e3o do Minas ao Luar, que aconteceu na Pra\u00e7a Rui Barbosa na noite de s\u00e1bado, 7 de setembro. O evento, promovido pelo SESC Minas em parceria com o Sindicom\u00e9rcio &#8211; Cataguases, integrou a<\/p>\n<p class=\"link-more\"><a class=\"more-link\" href=\"https:\/\/marcelolopes.jor.br\/site\/2024\/09\/08\/minas-ao-luar-lota-praca-com-shows-de-thaylis-carneiro-e-lo-borges\/\">Leia mais <span class=\"screen-reader-text\">Minas ao Luar lota pra\u00e7a com shows de Thaylis Carneiro e L\u00f4 Borges<\/span><\/a><\/p>\n","protected":false},"author":2,"featured_media":51878,"comment_status":"open","ping_status":"open","sticky":false,"template":"","format":"standard","meta":{"footnotes":""},"categories":[1],"tags":[],"class_list":["post-51876","post","type-post","status-publish","format-standard","has-post-thumbnail","hentry","category-noticias","thumb-below-title"],"yoast_head":"<!-- This site is optimized with the Yoast SEO plugin v28.3 - https:\/\/yoast.com\/product\/yoast-seo-wordpress\/ -->\n<title>Minas ao Luar lota pra\u00e7a com shows de Thaylis Carneiro e L\u00f4<\/title>\n<meta name=\"description\" content=\"Minas ao Luar lota pra\u00e7a com shows de Thaylis Carneiro e L\u00f4 Borges. Evento fez parte da programa\u00e7\u00e3o dos 147 anos de Cataguases.\" \/>\n<meta name=\"robots\" content=\"index, follow, max-snippet:-1, max-image-preview:large, max-video-preview:-1\" \/>\n<link rel=\"canonical\" href=\"https:\/\/marcelolopes.jor.br\/site\/2024\/09\/08\/minas-ao-luar-lota-praca-com-shows-de-thaylis-carneiro-e-lo-borges\/\" \/>\n<meta property=\"og:locale\" content=\"pt_BR\" \/>\n<meta property=\"og:type\" content=\"article\" \/>\n<meta property=\"og:title\" content=\"Minas ao Luar lota pra\u00e7a com shows de Thaylis Carneiro e L\u00f4\" \/>\n<meta property=\"og:description\" content=\"Minas ao Luar lota pra\u00e7a com shows de Thaylis Carneiro e L\u00f4 Borges. Evento fez parte da programa\u00e7\u00e3o dos 147 anos de Cataguases.\" \/>\n<meta property=\"og:url\" content=\"https:\/\/marcelolopes.jor.br\/site\/2024\/09\/08\/minas-ao-luar-lota-praca-com-shows-de-thaylis-carneiro-e-lo-borges\/\" \/>\n<meta property=\"og:site_name\" content=\"Marcelo Lopes\" \/>\n<meta property=\"article:publisher\" content=\"https:\/\/www.facebook.com\/sitedomarcelolopes\" \/>\n<meta property=\"article:published_time\" content=\"2024-09-08T15:25:22+00:00\" \/>\n<meta property=\"og:image\" content=\"https:\/\/marcelolopes.jor.br\/site\/wp-content\/uploads\/2024\/09\/IMG_7271-Grande.jpeg\" \/>\n\t<meta property=\"og:image:width\" content=\"1280\" \/>\n\t<meta property=\"og:image:height\" content=\"720\" \/>\n\t<meta property=\"og:image:type\" content=\"image\/jpeg\" \/>\n<meta name=\"author\" content=\"Marcelo Lopes\" \/>\n<meta name=\"twitter:card\" content=\"summary_large_image\" \/>\n<meta name=\"twitter:label1\" content=\"Escrito por\" \/>\n\t<meta name=\"twitter:data1\" content=\"Marcelo Lopes\" \/>\n\t<meta name=\"twitter:label2\" content=\"Est. tempo de leitura\" \/>\n\t<meta name=\"twitter:data2\" content=\"2 minutos\" \/>\n<script type=\"application\/ld+json\" class=\"yoast-schema-graph\">{\"@context\":\"https:\\\/\\\/schema.org\",\"@graph\":[{\"@type\":\"NewsArticle\",\"@id\":\"https:\\\/\\\/marcelolopes.jor.br\\\/site\\\/2024\\\/09\\\/08\\\/minas-ao-luar-lota-praca-com-shows-de-thaylis-carneiro-e-lo-borges\\\/#article\",\"isPartOf\":{\"@id\":\"https:\\\/\\\/marcelolopes.jor.br\\\/site\\\/2024\\\/09\\\/08\\\/minas-ao-luar-lota-praca-com-shows-de-thaylis-carneiro-e-lo-borges\\\/\"},\"author\":{\"name\":\"Marcelo Lopes\",\"@id\":\"https:\\\/\\\/marcelolopes.jor.br\\\/site\\\/#\\\/schema\\\/person\\\/3e7216a35c34d8fdf952b31da3d1f89f\"},\"headline\":\"Minas ao Luar lota pra\u00e7a com shows de Thaylis Carneiro e L\u00f4 Borges\",\"datePublished\":\"2024-09-08T15:25:22+00:00\",\"mainEntityOfPage\":{\"@id\":\"https:\\\/\\\/marcelolopes.jor.br\\\/site\\\/2024\\\/09\\\/08\\\/minas-ao-luar-lota-praca-com-shows-de-thaylis-carneiro-e-lo-borges\\\/\"},\"wordCount\":467,\"commentCount\":0,\"publisher\":{\"@id\":\"https:\\\/\\\/marcelolopes.jor.br\\\/site\\\/#organization\"},\"image\":{\"@id\":\"https:\\\/\\\/marcelolopes.jor.br\\\/site\\\/2024\\\/09\\\/08\\\/minas-ao-luar-lota-praca-com-shows-de-thaylis-carneiro-e-lo-borges\\\/#primaryimage\"},\"thumbnailUrl\":\"https:\\\/\\\/marcelolopes.jor.br\\\/site\\\/wp-content\\\/uploads\\\/2024\\\/09\\\/IMG_7271-Grande.jpeg\",\"articleSection\":[\"Not\u00edcias\"],\"inLanguage\":\"pt-BR\",\"potentialAction\":[{\"@type\":\"CommentAction\",\"name\":\"Comment\",\"target\":[\"https:\\\/\\\/marcelolopes.jor.br\\\/site\\\/2024\\\/09\\\/08\\\/minas-ao-luar-lota-praca-com-shows-de-thaylis-carneiro-e-lo-borges\\\/#respond\"]}]},{\"@type\":\"WebPage\",\"@id\":\"https:\\\/\\\/marcelolopes.jor.br\\\/site\\\/2024\\\/09\\\/08\\\/minas-ao-luar-lota-praca-com-shows-de-thaylis-carneiro-e-lo-borges\\\/\",\"url\":\"https:\\\/\\\/marcelolopes.jor.br\\\/site\\\/2024\\\/09\\\/08\\\/minas-ao-luar-lota-praca-com-shows-de-thaylis-carneiro-e-lo-borges\\\/\",\"name\":\"Minas ao Luar lota pra\u00e7a com shows de Thaylis Carneiro e L\u00f4\",\"isPartOf\":{\"@id\":\"https:\\\/\\\/marcelolopes.jor.br\\\/site\\\/#website\"},\"primaryImageOfPage\":{\"@id\":\"https:\\\/\\\/marcelolopes.jor.br\\\/site\\\/2024\\\/09\\\/08\\\/minas-ao-luar-lota-praca-com-shows-de-thaylis-carneiro-e-lo-borges\\\/#primaryimage\"},\"image\":{\"@id\":\"https:\\\/\\\/marcelolopes.jor.br\\\/site\\\/2024\\\/09\\\/08\\\/minas-ao-luar-lota-praca-com-shows-de-thaylis-carneiro-e-lo-borges\\\/#primaryimage\"},\"thumbnailUrl\":\"https:\\\/\\\/marcelolopes.jor.br\\\/site\\\/wp-content\\\/uploads\\\/2024\\\/09\\\/IMG_7271-Grande.jpeg\",\"datePublished\":\"2024-09-08T15:25:22+00:00\",\"description\":\"Minas ao Luar lota pra\u00e7a com shows de Thaylis Carneiro e L\u00f4 Borges. Evento fez parte da programa\u00e7\u00e3o dos 147 anos de Cataguases.\",\"breadcrumb\":{\"@id\":\"https:\\\/\\\/marcelolopes.jor.br\\\/site\\\/2024\\\/09\\\/08\\\/minas-ao-luar-lota-praca-com-shows-de-thaylis-carneiro-e-lo-borges\\\/#breadcrumb\"},\"inLanguage\":\"pt-BR\",\"potentialAction\":[{\"@type\":\"ReadAction\",\"target\":[\"https:\\\/\\\/marcelolopes.jor.br\\\/site\\\/2024\\\/09\\\/08\\\/minas-ao-luar-lota-praca-com-shows-de-thaylis-carneiro-e-lo-borges\\\/\"]}]},{\"@type\":\"ImageObject\",\"inLanguage\":\"pt-BR\",\"@id\":\"https:\\\/\\\/marcelolopes.jor.br\\\/site\\\/2024\\\/09\\\/08\\\/minas-ao-luar-lota-praca-com-shows-de-thaylis-carneiro-e-lo-borges\\\/#primaryimage\",\"url\":\"https:\\\/\\\/marcelolopes.jor.br\\\/site\\\/wp-content\\\/uploads\\\/2024\\\/09\\\/IMG_7271-Grande.jpeg\",\"contentUrl\":\"https:\\\/\\\/marcelolopes.jor.br\\\/site\\\/wp-content\\\/uploads\\\/2024\\\/09\\\/IMG_7271-Grande.jpeg\",\"width\":1280,\"height\":720,\"caption\":\"Minas ao Luar lota\"},{\"@type\":\"BreadcrumbList\",\"@id\":\"https:\\\/\\\/marcelolopes.jor.br\\\/site\\\/2024\\\/09\\\/08\\\/minas-ao-luar-lota-praca-com-shows-de-thaylis-carneiro-e-lo-borges\\\/#breadcrumb\",\"itemListElement\":[{\"@type\":\"ListItem\",\"position\":1,\"name\":\"Home\",\"item\":\"https:\\\/\\\/marcelolopes.jor.br\\\/site\\\/\"},{\"@type\":\"ListItem\",\"position\":2,\"name\":\"Minas ao Luar lota pra\u00e7a com shows de Thaylis Carneiro e L\u00f4 Borges\"}]},{\"@type\":\"WebSite\",\"@id\":\"https:\\\/\\\/marcelolopes.jor.br\\\/site\\\/#website\",\"url\":\"https:\\\/\\\/marcelolopes.jor.br\\\/site\\\/\",\"name\":\"Marcelo Lopes\",\"description\":\"Not\u00edcias de Cataguases e Regi\u00e3o\",\"publisher\":{\"@id\":\"https:\\\/\\\/marcelolopes.jor.br\\\/site\\\/#organization\"},\"potentialAction\":[{\"@type\":\"SearchAction\",\"target\":{\"@type\":\"EntryPoint\",\"urlTemplate\":\"https:\\\/\\\/marcelolopes.jor.br\\\/site\\\/?s={search_term_string}\"},\"query-input\":{\"@type\":\"PropertyValueSpecification\",\"valueRequired\":true,\"valueName\":\"search_term_string\"}}],\"inLanguage\":\"pt-BR\"},{\"@type\":\"Organization\",\"@id\":\"https:\\\/\\\/marcelolopes.jor.br\\\/site\\\/#organization\",\"name\":\"Site do Marcelo Lopes\",\"url\":\"https:\\\/\\\/marcelolopes.jor.br\\\/site\\\/\",\"logo\":{\"@type\":\"ImageObject\",\"inLanguage\":\"pt-BR\",\"@id\":\"https:\\\/\\\/marcelolopes.jor.br\\\/site\\\/#\\\/schema\\\/logo\\\/image\\\/\",\"url\":\"https:\\\/\\\/marcelolopes.jor.br\\\/site\\\/wp-content\\\/uploads\\\/2026\\\/07\\\/cropped-logo2026.png\",\"contentUrl\":\"https:\\\/\\\/marcelolopes.jor.br\\\/site\\\/wp-content\\\/uploads\\\/2026\\\/07\\\/cropped-logo2026.png\",\"width\":328,\"height\":96,\"caption\":\"Site do Marcelo Lopes\"},\"image\":{\"@id\":\"https:\\\/\\\/marcelolopes.jor.br\\\/site\\\/#\\\/schema\\\/logo\\\/image\\\/\"},\"sameAs\":[\"https:\\\/\\\/www.facebook.com\\\/sitedomarcelolopes\",\"https:\\\/\\\/www.instagram.com\\\/sitedomarcelolopes\\\/\",\"https:\\\/\\\/www.linkedin.com\\\/company\\\/site-do-marcelo-lopes\\\/\",\"https:\\\/\\\/www.youtube.com\\\/user\\\/marcelolopes957\"]},{\"@type\":\"Person\",\"@id\":\"https:\\\/\\\/marcelolopes.jor.br\\\/site\\\/#\\\/schema\\\/person\\\/3e7216a35c34d8fdf952b31da3d1f89f\",\"name\":\"Marcelo Lopes\",\"sameAs\":[\"http:\\\/\\\/www.marcelolopes.jor.br\"],\"url\":\"https:\\\/\\\/marcelolopes.jor.br\\\/site\\\/author\\\/marcelo\\\/\"}]}<\/script>\n<!-- \/ Yoast SEO plugin. -->","yoast_head_json":{"title":"Minas ao Luar lota pra\u00e7a com shows de Thaylis Carneiro e L\u00f4","description":"Minas ao Luar lota pra\u00e7a com shows de Thaylis Carneiro e L\u00f4 Borges. Evento fez parte da programa\u00e7\u00e3o dos 147 anos de Cataguases.","robots":{"index":"index","follow":"follow","max-snippet":"max-snippet:-1","max-image-preview":"max-image-preview:large","max-video-preview":"max-video-preview:-1"},"canonical":"https:\/\/marcelolopes.jor.br\/site\/2024\/09\/08\/minas-ao-luar-lota-praca-com-shows-de-thaylis-carneiro-e-lo-borges\/","og_locale":"pt_BR","og_type":"article","og_title":"Minas ao Luar lota pra\u00e7a com shows de Thaylis Carneiro e L\u00f4","og_description":"Minas ao Luar lota pra\u00e7a com shows de Thaylis Carneiro e L\u00f4 Borges. Evento fez parte da programa\u00e7\u00e3o dos 147 anos de Cataguases.","og_url":"https:\/\/marcelolopes.jor.br\/site\/2024\/09\/08\/minas-ao-luar-lota-praca-com-shows-de-thaylis-carneiro-e-lo-borges\/","og_site_name":"Marcelo Lopes","article_publisher":"https:\/\/www.facebook.com\/sitedomarcelolopes","article_published_time":"2024-09-08T15:25:22+00:00","og_image":[{"width":1280,"height":720,"url":"https:\/\/marcelolopes.jor.br\/site\/wp-content\/uploads\/2024\/09\/IMG_7271-Grande.jpeg","type":"image\/jpeg"}],"author":"Marcelo Lopes","twitter_card":"summary_large_image","twitter_misc":{"Escrito por":"Marcelo Lopes","Est. tempo de leitura":"2 minutos"},"schema":{"@context":"https:\/\/schema.org","@graph":[{"@type":"NewsArticle","@id":"https:\/\/marcelolopes.jor.br\/site\/2024\/09\/08\/minas-ao-luar-lota-praca-com-shows-de-thaylis-carneiro-e-lo-borges\/#article","isPartOf":{"@id":"https:\/\/marcelolopes.jor.br\/site\/2024\/09\/08\/minas-ao-luar-lota-praca-com-shows-de-thaylis-carneiro-e-lo-borges\/"},"author":{"name":"Marcelo Lopes","@id":"https:\/\/marcelolopes.jor.br\/site\/#\/schema\/person\/3e7216a35c34d8fdf952b31da3d1f89f"},"headline":"Minas ao Luar lota pra\u00e7a com shows de Thaylis Carneiro e L\u00f4 Borges","datePublished":"2024-09-08T15:25:22+00:00","mainEntityOfPage":{"@id":"https:\/\/marcelolopes.jor.br\/site\/2024\/09\/08\/minas-ao-luar-lota-praca-com-shows-de-thaylis-carneiro-e-lo-borges\/"},"wordCount":467,"commentCount":0,"publisher":{"@id":"https:\/\/marcelolopes.jor.br\/site\/#organization"},"image":{"@id":"https:\/\/marcelolopes.jor.br\/site\/2024\/09\/08\/minas-ao-luar-lota-praca-com-shows-de-thaylis-carneiro-e-lo-borges\/#primaryimage"},"thumbnailUrl":"https:\/\/marcelolopes.jor.br\/site\/wp-content\/uploads\/2024\/09\/IMG_7271-Grande.jpeg","articleSection":["Not\u00edcias"],"inLanguage":"pt-BR","potentialAction":[{"@type":"CommentAction","name":"Comment","target":["https:\/\/marcelolopes.jor.br\/site\/2024\/09\/08\/minas-ao-luar-lota-praca-com-shows-de-thaylis-carneiro-e-lo-borges\/#respond"]}]},{"@type":"WebPage","@id":"https:\/\/marcelolopes.jor.br\/site\/2024\/09\/08\/minas-ao-luar-lota-praca-com-shows-de-thaylis-carneiro-e-lo-borges\/","url":"https:\/\/marcelolopes.jor.br\/site\/2024\/09\/08\/minas-ao-luar-lota-praca-com-shows-de-thaylis-carneiro-e-lo-borges\/","name":"Minas ao Luar lota pra\u00e7a com shows de Thaylis Carneiro e L\u00f4","isPartOf":{"@id":"https:\/\/marcelolopes.jor.br\/site\/#website"},"primaryImageOfPage":{"@id":"https:\/\/marcelolopes.jor.br\/site\/2024\/09\/08\/minas-ao-luar-lota-praca-com-shows-de-thaylis-carneiro-e-lo-borges\/#primaryimage"},"image":{"@id":"https:\/\/marcelolopes.jor.br\/site\/2024\/09\/08\/minas-ao-luar-lota-praca-com-shows-de-thaylis-carneiro-e-lo-borges\/#primaryimage"},"thumbnailUrl":"https:\/\/marcelolopes.jor.br\/site\/wp-content\/uploads\/2024\/09\/IMG_7271-Grande.jpeg","datePublished":"2024-09-08T15:25:22+00:00","description":"Minas ao Luar lota pra\u00e7a com shows de Thaylis Carneiro e L\u00f4 Borges. Evento fez parte da programa\u00e7\u00e3o dos 147 anos de Cataguases.","breadcrumb":{"@id":"https:\/\/marcelolopes.jor.br\/site\/2024\/09\/08\/minas-ao-luar-lota-praca-com-shows-de-thaylis-carneiro-e-lo-borges\/#breadcrumb"},"inLanguage":"pt-BR","potentialAction":[{"@type":"ReadAction","target":["https:\/\/marcelolopes.jor.br\/site\/2024\/09\/08\/minas-ao-luar-lota-praca-com-shows-de-thaylis-carneiro-e-lo-borges\/"]}]},{"@type":"ImageObject","inLanguage":"pt-BR","@id":"https:\/\/marcelolopes.jor.br\/site\/2024\/09\/08\/minas-ao-luar-lota-praca-com-shows-de-thaylis-carneiro-e-lo-borges\/#primaryimage","url":"https:\/\/marcelolopes.jor.br\/site\/wp-content\/uploads\/2024\/09\/IMG_7271-Grande.jpeg","contentUrl":"https:\/\/marcelolopes.jor.br\/site\/wp-content\/uploads\/2024\/09\/IMG_7271-Grande.jpeg","width":1280,"height":720,"caption":"Minas ao Luar lota"},{"@type":"BreadcrumbList","@id":"https:\/\/marcelolopes.jor.br\/site\/2024\/09\/08\/minas-ao-luar-lota-praca-com-shows-de-thaylis-carneiro-e-lo-borges\/#breadcrumb","itemListElement":[{"@type":"ListItem","position":1,"name":"Home","item":"https:\/\/marcelolopes.jor.br\/site\/"},{"@type":"ListItem","position":2,"name":"Minas ao Luar lota pra\u00e7a com shows de Thaylis Carneiro e L\u00f4 Borges"}]},{"@type":"WebSite","@id":"https:\/\/marcelolopes.jor.br\/site\/#website","url":"https:\/\/marcelolopes.jor.br\/site\/","name":"Marcelo Lopes","description":"Not\u00edcias de Cataguases e Regi\u00e3o","publisher":{"@id":"https:\/\/marcelolopes.jor.br\/site\/#organization"},"potentialAction":[{"@type":"SearchAction","target":{"@type":"EntryPoint","urlTemplate":"https:\/\/marcelolopes.jor.br\/site\/?s={search_term_string}"},"query-input":{"@type":"PropertyValueSpecification","valueRequired":true,"valueName":"search_term_string"}}],"inLanguage":"pt-BR"},{"@type":"Organization","@id":"https:\/\/marcelolopes.jor.br\/site\/#organization","name":"Site do Marcelo Lopes","url":"https:\/\/marcelolopes.jor.br\/site\/","logo":{"@type":"ImageObject","inLanguage":"pt-BR","@id":"https:\/\/marcelolopes.jor.br\/site\/#\/schema\/logo\/image\/","url":"https:\/\/marcelolopes.jor.br\/site\/wp-content\/uploads\/2026\/07\/cropped-logo2026.png","contentUrl":"https:\/\/marcelolopes.jor.br\/site\/wp-content\/uploads\/2026\/07\/cropped-logo2026.png","width":328,"height":96,"caption":"Site do Marcelo Lopes"},"image":{"@id":"https:\/\/marcelolopes.jor.br\/site\/#\/schema\/logo\/image\/"},"sameAs":["https:\/\/www.facebook.com\/sitedomarcelolopes","https:\/\/www.instagram.com\/sitedomarcelolopes\/","https:\/\/www.linkedin.com\/company\/site-do-marcelo-lopes\/","https:\/\/www.youtube.com\/user\/marcelolopes957"]},{"@type":"Person","@id":"https:\/\/marcelolopes.jor.br\/site\/#\/schema\/person\/3e7216a35c34d8fdf952b31da3d1f89f","name":"Marcelo Lopes","sameAs":["http:\/\/www.marcelolopes.jor.br"],"url":"https:\/\/marcelolopes.jor.br\/site\/author\/marcelo\/"}]}},"wps_subtitle":"Evento fez parte da programa\u00e7\u00e3o dos 147 anos de Cataguases.","_links":{"self":[{"href":"https:\/\/marcelolopes.jor.br\/site\/wp-json\/wp\/v2\/posts\/51876","targetHints":{"allow":["GET"]}}],"collection":[{"href":"https:\/\/marcelolopes.jor.br\/site\/wp-json\/wp\/v2\/posts"}],"about":[{"href":"https:\/\/marcelolopes.jor.br\/site\/wp-json\/wp\/v2\/types\/post"}],"author":[{"embeddable":true,"href":"https:\/\/marcelolopes.jor.br\/site\/wp-json\/wp\/v2\/users\/2"}],"replies":[{"embeddable":true,"href":"https:\/\/marcelolopes.jor.br\/site\/wp-json\/wp\/v2\/comments?post=51876"}],"version-history":[{"count":0,"href":"https:\/\/marcelolopes.jor.br\/site\/wp-json\/wp\/v2\/posts\/51876\/revisions"}],"wp:featuredmedia":[{"embeddable":true,"href":"https:\/\/marcelolopes.jor.br\/site\/wp-json\/wp\/v2\/media\/51878"}],"wp:attachment":[{"href":"https:\/\/marcelolopes.jor.br\/site\/wp-json\/wp\/v2\/media?parent=51876"}],"wp:term":[{"taxonomy":"category","embeddable":true,"href":"https:\/\/marcelolopes.jor.br\/site\/wp-json\/wp\/v2\/categories?post=51876"},{"taxonomy":"post_tag","embeddable":true,"href":"https:\/\/marcelolopes.jor.br\/site\/wp-json\/wp\/v2\/tags?post=51876"}],"curies":[{"name":"wp","href":"https:\/\/api.w.org\/{rel}","templated":true}]}}