{"id":51871,"date":"2024-09-08T07:00:45","date_gmt":"2024-09-08T10:00:45","guid":{"rendered":"https:\/\/marcelolopes.jor.br\/?p=51871"},"modified":"2024-09-07T19:04:02","modified_gmt":"2024-09-07T22:04:02","slug":"ex-prefeito-tarcisio-filho-discursa-em-ato-civico-pelos-147-de-cataguases","status":"publish","type":"post","link":"https:\/\/marcelolopes.jor.br\/site\/2024\/09\/08\/ex-prefeito-tarcisio-filho-discursa-em-ato-civico-pelos-147-de-cataguases\/","title":{"rendered":"Ex-prefeito Tarc\u00edsio Filho discursa em Ato C\u00edvico pelos 147 de Cataguases"},"content":{"rendered":"<p>A manh\u00e3 deste s\u00e1bado, 7 de setembro, come\u00e7ou com a tradicional Hora C\u00edvica &#8211; momento solene &#8211; que faz alus\u00e3o \u00e0 Independ\u00eancia do Brasil e ao anivers\u00e1rio de Cataguases. Reunidos em frente ao Pa\u00e7o Municipal, autoridades, estudantes e a popula\u00e7\u00e3o em geral, participa do hasteamento das Bandeiras de Cataguases, Minas Gerais e do Brasil acompanhadas da execu\u00e7\u00e3o do Hino Nacional Brasileiro e o do munic\u00edpio. E como acontece todos os anos, um orador oficial \u00e9 convidado a fazer o discurso do dia e que este ano coube ao ex-prefeito Tarc\u00edsio Henriques Filho.<!--more--><\/p>\n<h4 class=\"p1\"><span class=\"s1\">\ud83d\udcf8 <span style=\"color: #808080;\">Siga o Site do Marcelo Lopes no<\/span> <a href=\"https:\/\/www.facebook.com\/sitedomarcelolopes\/\"><strong><span style=\"color: #800000;\">Facebook<\/span><\/strong><\/a> <span style=\"color: #808080;\">e no<\/span> <strong><span style=\"color: #800000;\"><a style=\"color: #800000;\" href=\"https:\/\/www.instagram.com\/sitedomarcelolopes\/\">Instagram<\/a><\/span><\/strong><\/span><\/h4>\n<h4 class=\"p1\"><span class=\"s1\">\ud83d\udcf1<span style=\"color: #808080;\">Receba no<\/span> <a href=\"https:\/\/chat.whatsapp.com\/BibzcI1ibYSKytbdyzubLA\"><strong><span style=\"color: #800000;\">WhatsApp<\/span><\/strong><\/a> <span style=\"color: #808080;\">as not\u00edcias do Site do Marcelo Lopes<\/span><\/span><\/h4>\n<p>&nbsp;<\/p>\n<p>Orador eloquente e antenado com a realidade de Cataguases, apesar de oficialmente residir na capital mineira, Tarc\u00edsio Filho acompanha de muito perto o que acontece na cidade que governou em meados dos anos 1990, cujo mandato ainda \u00e9 lembrado por muitos cataguasenses. Desta vez ele mostrou sua preocupa\u00e7\u00e3o com os destinos do munic\u00edpio e o quanto quer ver Cataguases alcan\u00e7ar um novo patamar de desenvolvimento e de melhorias para a sua popula\u00e7\u00e3o. Por isso talvez tenha falado muitas vezes, propositalmente, a palavra compromisso, mas que pode ser resumida em apenas uma de suas frases: &#8220;Temos compromissos com o trabalho, a dedica\u00e7\u00e3o e os anseios de nossa gente.&#8221;<\/p>\n<p><img loading=\"lazy\" decoding=\"async\" class=\"alignleft wp-image-51873\" src=\"https:\/\/marcelolopes.jor.br\/site\/wp-content\/uploads\/2024\/09\/WhatsApp-Image-2024-09-07-at-17.28.45-582x1024.jpeg\" alt=\"\" width=\"200\" height=\"352\" srcset=\"https:\/\/marcelolopes.jor.br\/site\/wp-content\/uploads\/2024\/09\/WhatsApp-Image-2024-09-07-at-17.28.45-582x1024.jpeg 582w, https:\/\/marcelolopes.jor.br\/site\/wp-content\/uploads\/2024\/09\/WhatsApp-Image-2024-09-07-at-17.28.45-171x300.jpeg 171w, https:\/\/marcelolopes.jor.br\/site\/wp-content\/uploads\/2024\/09\/WhatsApp-Image-2024-09-07-at-17.28.45-768x1351.jpeg 768w, https:\/\/marcelolopes.jor.br\/site\/wp-content\/uploads\/2024\/09\/WhatsApp-Image-2024-09-07-at-17.28.45-873x1536.jpeg 873w, https:\/\/marcelolopes.jor.br\/site\/wp-content\/uploads\/2024\/09\/WhatsApp-Image-2024-09-07-at-17.28.45-682x1200.jpeg 682w, https:\/\/marcelolopes.jor.br\/site\/wp-content\/uploads\/2024\/09\/WhatsApp-Image-2024-09-07-at-17.28.45.jpeg 910w\" sizes=\"auto, (max-width: 200px) 100vw, 200px\" \/>Ele prosseguiu falando de escolhas. &#8220;O futuro depende das escolhas que fazemos e fizermos quando formos chamados a fazer escolhas entre propostas que se apresentam, em momentos peri\u00f3dicos, para a a\u00e7\u00e3o p\u00fablica de nossas institui\u00e7\u00f5es. E que tais escolhas devem partir das considera\u00e7\u00f5es mais amplas das posi\u00e7\u00f5es postas no processo. (&#8230;) Nem sempre as escolhas que fizemos no passado, permitiram sustentar nossos compromissos, pois foram causa de distanciamento do que gostar\u00edamos de atingir&#8230; mas insistiremos e, se preciso, saberemos voltar atr\u00e1s. Refazer o caminhar&#8221;, garantiu concluindo em seguida: &#8220;Estaremos aqui, velando pelos interesses reais de nossa comunidade.&#8221;<\/p>\n<p><strong>OUTRAS NOT\u00cdCIAS<\/strong><br \/>\n<a href=\"https:\/\/marcelolopes.jor.br\/2024\/09\/07\/wilson-sideral-faz-show-contagiante-de-mais-de-duas-horas\/\"><strong><span style=\"color: #800000;\">Wilson Sideral faz show contagiante de mais de duas horas<\/span><\/strong><\/a><\/p>\n<p><a href=\"https:\/\/marcelolopes.jor.br\/2024\/09\/07\/exclusivo-jose-henriques-lidera-pesquisa-com-6679-dos-votos-validos\/\"><strong><span style=\"color: #800000;\">Exclusivo! Jos\u00e9 Henriques lidera pesquisa com 66,79% dos votos v\u00e1lidos<\/span><\/strong><\/a><\/p>\n<div class=\"ugboa6a97de906c67d\" ><div style=\"margin-left: auto; margin-right: auto; text-align: center; margin-top: 50px; \" id=\"teste-1829980733\"><a href=\"https:\/\/marcelolopes.jor.br\/site\/edital-audiencia-publica-energisa-minas-rio-2026\/\" aria-label=\"banneredital\"><img loading=\"lazy\" decoding=\"async\" src=\"https:\/\/marcelolopes.jor.br\/site\/wp-content\/uploads\/2026\/09\/banneredital.png\" alt=\"\"  srcset=\"https:\/\/marcelolopes.jor.br\/site\/wp-content\/uploads\/2026\/09\/banneredital.png 812w, https:\/\/marcelolopes.jor.br\/site\/wp-content\/uploads\/2026\/09\/banneredital-300x56.png 300w, https:\/\/marcelolopes.jor.br\/site\/wp-content\/uploads\/2026\/09\/banneredital-768x144.png 768w\" sizes=\"(max-width: 812px) 100vw, 812px\" width=\"812\" height=\"152\"  style=\"display: inline-block;\" \/><\/a><\/div><br><\/div><style type=\"text\/css\">\r\n@media screen and (min-width: 1201px) {\r\n.ugboa6a97de906c67d {\r\ndisplay: block;\r\n}\r\n}\r\n@media screen and (min-width: 993px) and (max-width: 1200px) {\r\n.ugboa6a97de906c67d {\r\ndisplay: block;\r\n}\r\n}\r\n@media screen and (min-width: 769px) and (max-width: 992px) {\r\n.ugboa6a97de906c67d {\r\ndisplay: block;\r\n}\r\n}\r\n@media screen and (min-width: 768px) and (max-width: 768px) {\r\n.ugboa6a97de906c67d {\r\ndisplay: block;\r\n}\r\n}\r\n@media screen and (max-width: 767px) {\r\n.ugboa6a97de906c67d {\r\ndisplay: block;\r\n}\r\n}\r\n<\/style>\r\n<div class=\"gvmph6a97de9081901\" ><div id=\"div_destino\"><\/div>\r\n<script src=\"https:\/\/cdn.snsrsv.com\/sdk.js\"><\/script>\r\n<script >\r\n      new sdk(\"464030C30061EA8BE065000000000001\") \r\n          .appendTo(\"div_destino\")\r\n          .disableStyle(true) \r\n          .setCacheBusterMacro(\"%%CACHEBUSTER%%\")\r\n          .setSize(\"800\",\"214\")\r\n          .setClickMacro(\"%%CLICK_URL_ESC%%\") \r\n          .setReferrerUrlMacro(\"%%REFERRER_URL_ESC%%\") \r\n          .start(); \r\n<\/script><\/div><style type=\"text\/css\">\r\n@media screen and (min-width: 1201px) {\r\n.gvmph6a97de9081901 {\r\ndisplay: block;\r\n}\r\n}\r\n@media screen and (min-width: 993px) and (max-width: 1200px) {\r\n.gvmph6a97de9081901 {\r\ndisplay: block;\r\n}\r\n}\r\n@media screen and (min-width: 769px) and (max-width: 992px) {\r\n.gvmph6a97de9081901 {\r\ndisplay: block;\r\n}\r\n}\r\n@media screen and (min-width: 768px) and (max-width: 768px) {\r\n.gvmph6a97de9081901 {\r\ndisplay: block;\r\n}\r\n}\r\n@media screen and (max-width: 767px) {\r\n.gvmph6a97de9081901 {\r\ndisplay: block;\r\n}\r\n}\r\n<\/style>\r\n","protected":false},"excerpt":{"rendered":"<p>A manh\u00e3 deste s\u00e1bado, 7 de setembro, come\u00e7ou com a tradicional Hora C\u00edvica &#8211; momento solene &#8211; que faz alus\u00e3o \u00e0 Independ\u00eancia do Brasil e ao anivers\u00e1rio de Cataguases. Reunidos em frente ao Pa\u00e7o Municipal, autoridades, estudantes e a popula\u00e7\u00e3o<\/p>\n<p class=\"link-more\"><a class=\"more-link\" href=\"https:\/\/marcelolopes.jor.br\/site\/2024\/09\/08\/ex-prefeito-tarcisio-filho-discursa-em-ato-civico-pelos-147-de-cataguases\/\">Leia mais <span class=\"screen-reader-text\">Ex-prefeito Tarc\u00edsio Filho discursa em Ato C\u00edvico pelos 147 de Cataguases<\/span><\/a><\/p>\n","protected":false},"author":2,"featured_media":51872,"comment_status":"open","ping_status":"open","sticky":false,"template":"","format":"standard","meta":{"footnotes":""},"categories":[1],"tags":[],"class_list":["post-51871","post","type-post","status-publish","format-standard","has-post-thumbnail","hentry","category-noticias","thumb-below-title"],"yoast_head":"<!-- This site is optimized with the Yoast SEO plugin v28.3 - https:\/\/yoast.com\/product\/yoast-seo-wordpress\/ -->\n<title>Ex-prefeito Tarc\u00edsio Filho discursa em ato c\u00edvico pelos 147 anos de<\/title>\n<meta name=\"description\" content=\"Ex-prefeito Tarc\u00edsio Filho discursa em ato c\u00edvico em Cataguases. &quot;Levantaremos sempre as bandeiras que nossa comunidade precisa&quot;, destacou.\" \/>\n<meta name=\"robots\" content=\"index, follow, max-snippet:-1, max-image-preview:large, max-video-preview:-1\" \/>\n<link rel=\"canonical\" href=\"https:\/\/marcelolopes.jor.br\/site\/2024\/09\/08\/ex-prefeito-tarcisio-filho-discursa-em-ato-civico-pelos-147-de-cataguases\/\" \/>\n<meta property=\"og:locale\" content=\"pt_BR\" \/>\n<meta property=\"og:type\" content=\"article\" \/>\n<meta property=\"og:title\" content=\"Ex-prefeito Tarc\u00edsio Filho discursa em ato c\u00edvico pelos 147 anos de\" \/>\n<meta property=\"og:description\" content=\"Ex-prefeito Tarc\u00edsio Filho discursa em ato c\u00edvico em Cataguases. &quot;Levantaremos sempre as bandeiras que nossa comunidade precisa&quot;, destacou.\" \/>\n<meta property=\"og:url\" content=\"https:\/\/marcelolopes.jor.br\/site\/2024\/09\/08\/ex-prefeito-tarcisio-filho-discursa-em-ato-civico-pelos-147-de-cataguases\/\" \/>\n<meta property=\"og:site_name\" content=\"Marcelo Lopes\" \/>\n<meta property=\"article:publisher\" content=\"https:\/\/www.facebook.com\/sitedomarcelolopes\" \/>\n<meta property=\"article:published_time\" content=\"2024-09-08T10:00:45+00:00\" \/>\n<meta property=\"og:image\" content=\"https:\/\/marcelolopes.jor.br\/site\/wp-content\/uploads\/2024\/09\/T-Filho.jpeg\" \/>\n\t<meta property=\"og:image:width\" content=\"1241\" \/>\n\t<meta property=\"og:image:height\" content=\"798\" \/>\n\t<meta property=\"og:image:type\" content=\"image\/jpeg\" \/>\n<meta name=\"author\" content=\"Marcelo Lopes\" \/>\n<meta name=\"twitter:card\" content=\"summary_large_image\" \/>\n<meta name=\"twitter:label1\" content=\"Escrito por\" \/>\n\t<meta name=\"twitter:data1\" content=\"Marcelo Lopes\" \/>\n\t<meta name=\"twitter:label2\" content=\"Est. tempo de leitura\" \/>\n\t<meta name=\"twitter:data2\" content=\"2 minutos\" \/>\n<script type=\"application\/ld+json\" class=\"yoast-schema-graph\">{\"@context\":\"https:\\\/\\\/schema.org\",\"@graph\":[{\"@type\":\"NewsArticle\",\"@id\":\"https:\\\/\\\/marcelolopes.jor.br\\\/site\\\/2024\\\/09\\\/08\\\/ex-prefeito-tarcisio-filho-discursa-em-ato-civico-pelos-147-de-cataguases\\\/#article\",\"isPartOf\":{\"@id\":\"https:\\\/\\\/marcelolopes.jor.br\\\/site\\\/2024\\\/09\\\/08\\\/ex-prefeito-tarcisio-filho-discursa-em-ato-civico-pelos-147-de-cataguases\\\/\"},\"author\":{\"name\":\"Marcelo Lopes\",\"@id\":\"https:\\\/\\\/marcelolopes.jor.br\\\/site\\\/#\\\/schema\\\/person\\\/3e7216a35c34d8fdf952b31da3d1f89f\"},\"headline\":\"Ex-prefeito Tarc\u00edsio Filho discursa em Ato C\u00edvico pelos 147 de Cataguases\",\"datePublished\":\"2024-09-08T10:00:45+00:00\",\"mainEntityOfPage\":{\"@id\":\"https:\\\/\\\/marcelolopes.jor.br\\\/site\\\/2024\\\/09\\\/08\\\/ex-prefeito-tarcisio-filho-discursa-em-ato-civico-pelos-147-de-cataguases\\\/\"},\"wordCount\":373,\"commentCount\":0,\"publisher\":{\"@id\":\"https:\\\/\\\/marcelolopes.jor.br\\\/site\\\/#organization\"},\"image\":{\"@id\":\"https:\\\/\\\/marcelolopes.jor.br\\\/site\\\/2024\\\/09\\\/08\\\/ex-prefeito-tarcisio-filho-discursa-em-ato-civico-pelos-147-de-cataguases\\\/#primaryimage\"},\"thumbnailUrl\":\"https:\\\/\\\/marcelolopes.jor.br\\\/site\\\/wp-content\\\/uploads\\\/2024\\\/09\\\/T-Filho.jpeg\",\"articleSection\":[\"Not\u00edcias\"],\"inLanguage\":\"pt-BR\",\"potentialAction\":[{\"@type\":\"CommentAction\",\"name\":\"Comment\",\"target\":[\"https:\\\/\\\/marcelolopes.jor.br\\\/site\\\/2024\\\/09\\\/08\\\/ex-prefeito-tarcisio-filho-discursa-em-ato-civico-pelos-147-de-cataguases\\\/#respond\"]}]},{\"@type\":\"WebPage\",\"@id\":\"https:\\\/\\\/marcelolopes.jor.br\\\/site\\\/2024\\\/09\\\/08\\\/ex-prefeito-tarcisio-filho-discursa-em-ato-civico-pelos-147-de-cataguases\\\/\",\"url\":\"https:\\\/\\\/marcelolopes.jor.br\\\/site\\\/2024\\\/09\\\/08\\\/ex-prefeito-tarcisio-filho-discursa-em-ato-civico-pelos-147-de-cataguases\\\/\",\"name\":\"Ex-prefeito Tarc\u00edsio Filho discursa em ato c\u00edvico pelos 147 anos de\",\"isPartOf\":{\"@id\":\"https:\\\/\\\/marcelolopes.jor.br\\\/site\\\/#website\"},\"primaryImageOfPage\":{\"@id\":\"https:\\\/\\\/marcelolopes.jor.br\\\/site\\\/2024\\\/09\\\/08\\\/ex-prefeito-tarcisio-filho-discursa-em-ato-civico-pelos-147-de-cataguases\\\/#primaryimage\"},\"image\":{\"@id\":\"https:\\\/\\\/marcelolopes.jor.br\\\/site\\\/2024\\\/09\\\/08\\\/ex-prefeito-tarcisio-filho-discursa-em-ato-civico-pelos-147-de-cataguases\\\/#primaryimage\"},\"thumbnailUrl\":\"https:\\\/\\\/marcelolopes.jor.br\\\/site\\\/wp-content\\\/uploads\\\/2024\\\/09\\\/T-Filho.jpeg\",\"datePublished\":\"2024-09-08T10:00:45+00:00\",\"description\":\"Ex-prefeito Tarc\u00edsio Filho discursa em ato c\u00edvico em Cataguases. \\\"Levantaremos sempre as bandeiras que nossa comunidade precisa\\\", destacou.\",\"breadcrumb\":{\"@id\":\"https:\\\/\\\/marcelolopes.jor.br\\\/site\\\/2024\\\/09\\\/08\\\/ex-prefeito-tarcisio-filho-discursa-em-ato-civico-pelos-147-de-cataguases\\\/#breadcrumb\"},\"inLanguage\":\"pt-BR\",\"potentialAction\":[{\"@type\":\"ReadAction\",\"target\":[\"https:\\\/\\\/marcelolopes.jor.br\\\/site\\\/2024\\\/09\\\/08\\\/ex-prefeito-tarcisio-filho-discursa-em-ato-civico-pelos-147-de-cataguases\\\/\"]}]},{\"@type\":\"ImageObject\",\"inLanguage\":\"pt-BR\",\"@id\":\"https:\\\/\\\/marcelolopes.jor.br\\\/site\\\/2024\\\/09\\\/08\\\/ex-prefeito-tarcisio-filho-discursa-em-ato-civico-pelos-147-de-cataguases\\\/#primaryimage\",\"url\":\"https:\\\/\\\/marcelolopes.jor.br\\\/site\\\/wp-content\\\/uploads\\\/2024\\\/09\\\/T-Filho.jpeg\",\"contentUrl\":\"https:\\\/\\\/marcelolopes.jor.br\\\/site\\\/wp-content\\\/uploads\\\/2024\\\/09\\\/T-Filho.jpeg\",\"width\":1241,\"height\":798,\"caption\":\"Ex-prefeito Tarc\u00edsio Filho\"},{\"@type\":\"BreadcrumbList\",\"@id\":\"https:\\\/\\\/marcelolopes.jor.br\\\/site\\\/2024\\\/09\\\/08\\\/ex-prefeito-tarcisio-filho-discursa-em-ato-civico-pelos-147-de-cataguases\\\/#breadcrumb\",\"itemListElement\":[{\"@type\":\"ListItem\",\"position\":1,\"name\":\"Home\",\"item\":\"https:\\\/\\\/marcelolopes.jor.br\\\/site\\\/\"},{\"@type\":\"ListItem\",\"position\":2,\"name\":\"Ex-prefeito Tarc\u00edsio Filho discursa em Ato C\u00edvico pelos 147 de Cataguases\"}]},{\"@type\":\"WebSite\",\"@id\":\"https:\\\/\\\/marcelolopes.jor.br\\\/site\\\/#website\",\"url\":\"https:\\\/\\\/marcelolopes.jor.br\\\/site\\\/\",\"name\":\"Marcelo Lopes\",\"description\":\"Not\u00edcias de Cataguases e Regi\u00e3o\",\"publisher\":{\"@id\":\"https:\\\/\\\/marcelolopes.jor.br\\\/site\\\/#organization\"},\"potentialAction\":[{\"@type\":\"SearchAction\",\"target\":{\"@type\":\"EntryPoint\",\"urlTemplate\":\"https:\\\/\\\/marcelolopes.jor.br\\\/site\\\/?s={search_term_string}\"},\"query-input\":{\"@type\":\"PropertyValueSpecification\",\"valueRequired\":true,\"valueName\":\"search_term_string\"}}],\"inLanguage\":\"pt-BR\"},{\"@type\":\"Organization\",\"@id\":\"https:\\\/\\\/marcelolopes.jor.br\\\/site\\\/#organization\",\"name\":\"Site do Marcelo Lopes\",\"url\":\"https:\\\/\\\/marcelolopes.jor.br\\\/site\\\/\",\"logo\":{\"@type\":\"ImageObject\",\"inLanguage\":\"pt-BR\",\"@id\":\"https:\\\/\\\/marcelolopes.jor.br\\\/site\\\/#\\\/schema\\\/logo\\\/image\\\/\",\"url\":\"https:\\\/\\\/marcelolopes.jor.br\\\/site\\\/wp-content\\\/uploads\\\/2026\\\/07\\\/cropped-logo2026.png\",\"contentUrl\":\"https:\\\/\\\/marcelolopes.jor.br\\\/site\\\/wp-content\\\/uploads\\\/2026\\\/07\\\/cropped-logo2026.png\",\"width\":328,\"height\":96,\"caption\":\"Site do Marcelo Lopes\"},\"image\":{\"@id\":\"https:\\\/\\\/marcelolopes.jor.br\\\/site\\\/#\\\/schema\\\/logo\\\/image\\\/\"},\"sameAs\":[\"https:\\\/\\\/www.facebook.com\\\/sitedomarcelolopes\",\"https:\\\/\\\/www.instagram.com\\\/sitedomarcelolopes\\\/\",\"https:\\\/\\\/www.linkedin.com\\\/company\\\/site-do-marcelo-lopes\\\/\",\"https:\\\/\\\/www.youtube.com\\\/user\\\/marcelolopes957\"]},{\"@type\":\"Person\",\"@id\":\"https:\\\/\\\/marcelolopes.jor.br\\\/site\\\/#\\\/schema\\\/person\\\/3e7216a35c34d8fdf952b31da3d1f89f\",\"name\":\"Marcelo Lopes\",\"sameAs\":[\"http:\\\/\\\/www.marcelolopes.jor.br\"],\"url\":\"https:\\\/\\\/marcelolopes.jor.br\\\/site\\\/author\\\/marcelo\\\/\"}]}<\/script>\n<!-- \/ Yoast SEO plugin. -->","yoast_head_json":{"title":"Ex-prefeito Tarc\u00edsio Filho discursa em ato c\u00edvico pelos 147 anos de","description":"Ex-prefeito Tarc\u00edsio Filho discursa em ato c\u00edvico em Cataguases. \"Levantaremos sempre as bandeiras que nossa comunidade precisa\", destacou.","robots":{"index":"index","follow":"follow","max-snippet":"max-snippet:-1","max-image-preview":"max-image-preview:large","max-video-preview":"max-video-preview:-1"},"canonical":"https:\/\/marcelolopes.jor.br\/site\/2024\/09\/08\/ex-prefeito-tarcisio-filho-discursa-em-ato-civico-pelos-147-de-cataguases\/","og_locale":"pt_BR","og_type":"article","og_title":"Ex-prefeito Tarc\u00edsio Filho discursa em ato c\u00edvico pelos 147 anos de","og_description":"Ex-prefeito Tarc\u00edsio Filho discursa em ato c\u00edvico em Cataguases. \"Levantaremos sempre as bandeiras que nossa comunidade precisa\", destacou.","og_url":"https:\/\/marcelolopes.jor.br\/site\/2024\/09\/08\/ex-prefeito-tarcisio-filho-discursa-em-ato-civico-pelos-147-de-cataguases\/","og_site_name":"Marcelo Lopes","article_publisher":"https:\/\/www.facebook.com\/sitedomarcelolopes","article_published_time":"2024-09-08T10:00:45+00:00","og_image":[{"width":1241,"height":798,"url":"https:\/\/marcelolopes.jor.br\/site\/wp-content\/uploads\/2024\/09\/T-Filho.jpeg","type":"image\/jpeg"}],"author":"Marcelo Lopes","twitter_card":"summary_large_image","twitter_misc":{"Escrito por":"Marcelo Lopes","Est. tempo de leitura":"2 minutos"},"schema":{"@context":"https:\/\/schema.org","@graph":[{"@type":"NewsArticle","@id":"https:\/\/marcelolopes.jor.br\/site\/2024\/09\/08\/ex-prefeito-tarcisio-filho-discursa-em-ato-civico-pelos-147-de-cataguases\/#article","isPartOf":{"@id":"https:\/\/marcelolopes.jor.br\/site\/2024\/09\/08\/ex-prefeito-tarcisio-filho-discursa-em-ato-civico-pelos-147-de-cataguases\/"},"author":{"name":"Marcelo Lopes","@id":"https:\/\/marcelolopes.jor.br\/site\/#\/schema\/person\/3e7216a35c34d8fdf952b31da3d1f89f"},"headline":"Ex-prefeito Tarc\u00edsio Filho discursa em Ato C\u00edvico pelos 147 de Cataguases","datePublished":"2024-09-08T10:00:45+00:00","mainEntityOfPage":{"@id":"https:\/\/marcelolopes.jor.br\/site\/2024\/09\/08\/ex-prefeito-tarcisio-filho-discursa-em-ato-civico-pelos-147-de-cataguases\/"},"wordCount":373,"commentCount":0,"publisher":{"@id":"https:\/\/marcelolopes.jor.br\/site\/#organization"},"image":{"@id":"https:\/\/marcelolopes.jor.br\/site\/2024\/09\/08\/ex-prefeito-tarcisio-filho-discursa-em-ato-civico-pelos-147-de-cataguases\/#primaryimage"},"thumbnailUrl":"https:\/\/marcelolopes.jor.br\/site\/wp-content\/uploads\/2024\/09\/T-Filho.jpeg","articleSection":["Not\u00edcias"],"inLanguage":"pt-BR","potentialAction":[{"@type":"CommentAction","name":"Comment","target":["https:\/\/marcelolopes.jor.br\/site\/2024\/09\/08\/ex-prefeito-tarcisio-filho-discursa-em-ato-civico-pelos-147-de-cataguases\/#respond"]}]},{"@type":"WebPage","@id":"https:\/\/marcelolopes.jor.br\/site\/2024\/09\/08\/ex-prefeito-tarcisio-filho-discursa-em-ato-civico-pelos-147-de-cataguases\/","url":"https:\/\/marcelolopes.jor.br\/site\/2024\/09\/08\/ex-prefeito-tarcisio-filho-discursa-em-ato-civico-pelos-147-de-cataguases\/","name":"Ex-prefeito Tarc\u00edsio Filho discursa em ato c\u00edvico pelos 147 anos de","isPartOf":{"@id":"https:\/\/marcelolopes.jor.br\/site\/#website"},"primaryImageOfPage":{"@id":"https:\/\/marcelolopes.jor.br\/site\/2024\/09\/08\/ex-prefeito-tarcisio-filho-discursa-em-ato-civico-pelos-147-de-cataguases\/#primaryimage"},"image":{"@id":"https:\/\/marcelolopes.jor.br\/site\/2024\/09\/08\/ex-prefeito-tarcisio-filho-discursa-em-ato-civico-pelos-147-de-cataguases\/#primaryimage"},"thumbnailUrl":"https:\/\/marcelolopes.jor.br\/site\/wp-content\/uploads\/2024\/09\/T-Filho.jpeg","datePublished":"2024-09-08T10:00:45+00:00","description":"Ex-prefeito Tarc\u00edsio Filho discursa em ato c\u00edvico em Cataguases. \"Levantaremos sempre as bandeiras que nossa comunidade precisa\", destacou.","breadcrumb":{"@id":"https:\/\/marcelolopes.jor.br\/site\/2024\/09\/08\/ex-prefeito-tarcisio-filho-discursa-em-ato-civico-pelos-147-de-cataguases\/#breadcrumb"},"inLanguage":"pt-BR","potentialAction":[{"@type":"ReadAction","target":["https:\/\/marcelolopes.jor.br\/site\/2024\/09\/08\/ex-prefeito-tarcisio-filho-discursa-em-ato-civico-pelos-147-de-cataguases\/"]}]},{"@type":"ImageObject","inLanguage":"pt-BR","@id":"https:\/\/marcelolopes.jor.br\/site\/2024\/09\/08\/ex-prefeito-tarcisio-filho-discursa-em-ato-civico-pelos-147-de-cataguases\/#primaryimage","url":"https:\/\/marcelolopes.jor.br\/site\/wp-content\/uploads\/2024\/09\/T-Filho.jpeg","contentUrl":"https:\/\/marcelolopes.jor.br\/site\/wp-content\/uploads\/2024\/09\/T-Filho.jpeg","width":1241,"height":798,"caption":"Ex-prefeito Tarc\u00edsio Filho"},{"@type":"BreadcrumbList","@id":"https:\/\/marcelolopes.jor.br\/site\/2024\/09\/08\/ex-prefeito-tarcisio-filho-discursa-em-ato-civico-pelos-147-de-cataguases\/#breadcrumb","itemListElement":[{"@type":"ListItem","position":1,"name":"Home","item":"https:\/\/marcelolopes.jor.br\/site\/"},{"@type":"ListItem","position":2,"name":"Ex-prefeito Tarc\u00edsio Filho discursa em Ato C\u00edvico pelos 147 de Cataguases"}]},{"@type":"WebSite","@id":"https:\/\/marcelolopes.jor.br\/site\/#website","url":"https:\/\/marcelolopes.jor.br\/site\/","name":"Marcelo Lopes","description":"Not\u00edcias de Cataguases e Regi\u00e3o","publisher":{"@id":"https:\/\/marcelolopes.jor.br\/site\/#organization"},"potentialAction":[{"@type":"SearchAction","target":{"@type":"EntryPoint","urlTemplate":"https:\/\/marcelolopes.jor.br\/site\/?s={search_term_string}"},"query-input":{"@type":"PropertyValueSpecification","valueRequired":true,"valueName":"search_term_string"}}],"inLanguage":"pt-BR"},{"@type":"Organization","@id":"https:\/\/marcelolopes.jor.br\/site\/#organization","name":"Site do Marcelo Lopes","url":"https:\/\/marcelolopes.jor.br\/site\/","logo":{"@type":"ImageObject","inLanguage":"pt-BR","@id":"https:\/\/marcelolopes.jor.br\/site\/#\/schema\/logo\/image\/","url":"https:\/\/marcelolopes.jor.br\/site\/wp-content\/uploads\/2026\/07\/cropped-logo2026.png","contentUrl":"https:\/\/marcelolopes.jor.br\/site\/wp-content\/uploads\/2026\/07\/cropped-logo2026.png","width":328,"height":96,"caption":"Site do Marcelo Lopes"},"image":{"@id":"https:\/\/marcelolopes.jor.br\/site\/#\/schema\/logo\/image\/"},"sameAs":["https:\/\/www.facebook.com\/sitedomarcelolopes","https:\/\/www.instagram.com\/sitedomarcelolopes\/","https:\/\/www.linkedin.com\/company\/site-do-marcelo-lopes\/","https:\/\/www.youtube.com\/user\/marcelolopes957"]},{"@type":"Person","@id":"https:\/\/marcelolopes.jor.br\/site\/#\/schema\/person\/3e7216a35c34d8fdf952b31da3d1f89f","name":"Marcelo Lopes","sameAs":["http:\/\/www.marcelolopes.jor.br"],"url":"https:\/\/marcelolopes.jor.br\/site\/author\/marcelo\/"}]}},"wps_subtitle":"\"Levantaremos sempre as bandeiras que nossa comunidade precisa\", destacou.","_links":{"self":[{"href":"https:\/\/marcelolopes.jor.br\/site\/wp-json\/wp\/v2\/posts\/51871","targetHints":{"allow":["GET"]}}],"collection":[{"href":"https:\/\/marcelolopes.jor.br\/site\/wp-json\/wp\/v2\/posts"}],"about":[{"href":"https:\/\/marcelolopes.jor.br\/site\/wp-json\/wp\/v2\/types\/post"}],"author":[{"embeddable":true,"href":"https:\/\/marcelolopes.jor.br\/site\/wp-json\/wp\/v2\/users\/2"}],"replies":[{"embeddable":true,"href":"https:\/\/marcelolopes.jor.br\/site\/wp-json\/wp\/v2\/comments?post=51871"}],"version-history":[{"count":0,"href":"https:\/\/marcelolopes.jor.br\/site\/wp-json\/wp\/v2\/posts\/51871\/revisions"}],"wp:featuredmedia":[{"embeddable":true,"href":"https:\/\/marcelolopes.jor.br\/site\/wp-json\/wp\/v2\/media\/51872"}],"wp:attachment":[{"href":"https:\/\/marcelolopes.jor.br\/site\/wp-json\/wp\/v2\/media?parent=51871"}],"wp:term":[{"taxonomy":"category","embeddable":true,"href":"https:\/\/marcelolopes.jor.br\/site\/wp-json\/wp\/v2\/categories?post=51871"},{"taxonomy":"post_tag","embeddable":true,"href":"https:\/\/marcelolopes.jor.br\/site\/wp-json\/wp\/v2\/tags?post=51871"}],"curies":[{"name":"wp","href":"https:\/\/api.w.org\/{rel}","templated":true}]}}