{"id":51812,"date":"2024-09-07T07:00:08","date_gmt":"2024-09-07T10:00:08","guid":{"rendered":"https:\/\/marcelolopes.jor.br\/?p=51812"},"modified":"2024-09-06T11:41:11","modified_gmt":"2024-09-06T14:41:11","slug":"governo-de-minas-lanca-sistema-que-facilita-pagamento-do-ipva","status":"publish","type":"post","link":"https:\/\/marcelolopes.jor.br\/site\/2024\/09\/07\/governo-de-minas-lanca-sistema-que-facilita-pagamento-do-ipva\/","title":{"rendered":"Governo de Minas lan\u00e7a sistema que facilita pagamento do IPVA"},"content":{"rendered":"<p>O IPVA Digital j\u00e1 pode ser acessado diretamente no <a href=\"https:\/\/www.fazenda.mg.gov.br\/\"><strong><span style=\"color: #800000;\">site<\/span><\/strong><\/a> da SEF. Nele, os motoristas precisar\u00e3o de menos cliques para chegar ao objetivo de pagar o Imposto sobre a Propriedade de Ve\u00edculos Automotores (IPVA) e a Taxa de Renova\u00e7\u00e3o do Licenciamento Anual de Ve\u00edculo (TRLAV). A nova funcionalidade foi lan\u00e7ada na \u00faltima quinta-feira, 5 de setembro, pelo Governo de Minas, por interm\u00e9dio da Secretaria de Estado de Fazenda (SEF\/MG).<!--more--><\/p>\n<h4 class=\"p1\"><span class=\"s1\">\ud83d\udcf8 <span style=\"color: #808080;\">Siga o Site do Marcelo Lopes no<\/span> <a href=\"https:\/\/www.facebook.com\/sitedomarcelolopes\/\"><strong><span style=\"color: #800000;\">Facebook<\/span><\/strong><\/a> <span style=\"color: #808080;\">e no<\/span> <strong><span style=\"color: #800000;\"><a style=\"color: #800000;\" href=\"https:\/\/www.instagram.com\/sitedomarcelolopes\/\">Instagram<\/a><\/span><\/strong><\/span><\/h4>\n<h4 class=\"p1\"><span class=\"s1\">\ud83d\udcf1<span style=\"color: #808080;\">Receba no<\/span> <a href=\"https:\/\/chat.whatsapp.com\/BibzcI1ibYSKytbdyzubLA\"><strong><span style=\"color: #800000;\">WhatsApp<\/span><\/strong><\/a> <span style=\"color: #808080;\">as not\u00edcias do Site do Marcelo Lopes<\/span><\/span><\/h4>\n<p>&nbsp;<\/p>\n<p>Ao digitar o Registro Nacional de Ve\u00edculos Automotores (Renavam), o cidad\u00e3o vai poder consultar e visualizar todos os d\u00e9bitos relacionados ao ve\u00edculo com maior transpar\u00eancia e facilidade na navegabilidade, tudo em uma \u00fanica tela. Al\u00e9m de poder visualizar e emitir os comprovantes de pagamentos de IPVA e TRLAV.<\/p>\n<p>O sistema ainda \u00e9 conectado diretamente \u00e0 Coordenadoria Estadual de Gest\u00e3o de Tr\u00e2nsito (CET), antigo Detran, que atualiza em tempo real as condi\u00e7\u00f5es e pend\u00eancias tribut\u00e1rias.<\/p>\n<p>O pagamento continua sendo poss\u00edvel com a emiss\u00e3o do Documento de Arrecada\u00e7\u00e3o Estadual (DAE), que \u00e9 a guia de recolhimento, ou via Pix.<\/p>\n<h3>Dados reunidos por CPF<\/h3>\n<p>Outra novidade trazida pelo IPVA Digital \u00e9 a possibilidade de reunir todos os tributos relacionados a ve\u00edculos pelo CPF do propriet\u00e1rio. Ou seja, quem tem mais de um ve\u00edculo, n\u00e3o precisar\u00e1 mais emitir as guias de pagamento separadamente. A consulta, inicialmente, estar\u00e1 limitada para at\u00e9 dez ve\u00edculos.<\/p>\n<p>No site da Fazenda, o cidad\u00e3o poder\u00e1 autenticar o CPF pelo aplicativo <a href=\"http:\/\/gov.br\/\"><strong><span style=\"color: #800000;\">gov.br<\/span><\/strong><\/a> e ter\u00e1 acesso aos extratos de d\u00e9bitos, status e hist\u00f3rico de todos os ve\u00edculos registrados em seu nome, tamb\u00e9m em visualiza\u00e7\u00e3o simplificada em uma \u00fanica tela.<\/p>\n<h3>Moderniza\u00e7\u00e3o<\/h3>\n<p>\u201cAntes, o propriet\u00e1rio tinha que procurar o d\u00e9bito por ano e clicar em cada item para gerar a solicita\u00e7\u00e3o de pagamento. Agora, conseguir\u00e1 visualizar em uma mesma tela todos os extratos dos d\u00e9bitos do ano vigente e dos per\u00edodos anteriores e escolher quais quitar, gerando apenas uma guia de arrecada\u00e7\u00e3o. O contribuinte resolver\u00e1 as suas pend\u00eancias em poucos cliques\u201d, explica o secret\u00e1rio de Estado de Fazenda, Luiz Claudio Gomes.<\/p>\n<p>O subsecret\u00e1rio da Receita Estadual, Osvaldo Scavazza, destaca que a Secretaria de Fazenda vem, sistematicamente, buscando a inova\u00e7\u00e3o e facilitar a vida dos mineiros para tornar cada vez mais simples e acess\u00edveis os servi\u00e7os prestados.<\/p>\n<p>Segundo Scavazza, essa \u00e9 apenas a primeira etapa do projeto IPVA Digital.<\/p>\n<p>\u201cEm breve, ser\u00e3o incorporadas novas funcionalidades para melhorar ainda mais esse sistema que atende a milh\u00f5es de propriet\u00e1rios de ve\u00edculos no estado de Minas Gerais\u201d, enfatiza.<\/p>\n<p>Essa primeira vers\u00e3o do IPVA Digital contempla as pessoas f\u00edsicas. Em um segundo momento, ser\u00e1 estendida \u00e0s pessoas jur\u00eddicas.<\/p>\n<h3>Facilidade<\/h3>\n<p>Para Max William, que tem registrado em seu nome um carro e uma motocicleta, um site mais intuitivo e de f\u00e1cil navega\u00e7\u00e3o trar\u00e1 mais conforto e comodidade, uma vez que diminui as chances de erros durante os pagamentos do IPVA e da Taxa de Licenciamento.<\/p>\n<p>\u201c\u00c0s vezes, as buscas complicadas nos sites nos levam a erros. Se deixarmos passar um d\u00e9bito em aberto, por exemplo, a gente fica devendo o imposto e nem se d\u00e1 conta. O site tem que ser de f\u00e1cil navegabilidade, intuitivo, funcional para todos e n\u00e3o somente a quem tem facilidade com as tecnologias\u201d, comenta.<\/p>\n<p>\u201cJ\u00e1 tive experi\u00eancia de pensar \u2018s\u00f3 quero pagar o que devo\u2019, mas nem sempre era f\u00e1cil chegar ao final com poucos cliques. Acredito que o servi\u00e7o p\u00fablico tamb\u00e9m tem que acompanhar as modernidades. Isso traz benef\u00edcios para n\u00f3s e para o governo\u201d, diz Max.<\/p>\n<h3>CRLV 2024<\/h3>\n<p>Vale lembrar que em Minas Gerais, o Certificado de Registro e Licenciamento de Ve\u00edculo (CRLV) 2024 come\u00e7ou a ser exigido a partir deste m\u00eas. Para obter o documento, o propriet\u00e1rio precisa estar em dia com todos os d\u00e9bitos relacionados ao ve\u00edculo, como o IPVA, a TRLAV e eventuais multas.<\/p>\n<p><strong>OUTRAS NOT\u00cdCIAS<\/strong><br \/>\n<a href=\"https:\/\/marcelolopes.jor.br\/2024\/04\/24\/ipva-2024-nao-quitado-ja-pode-ser-parcelado-em-minas-gerais\/\"><strong><span style=\"color: #800000;\">IPVA 2024 n\u00e3o quitado j\u00e1 pode ser parcelado em Minas Gerais<\/span><\/strong><\/a><\/p>\n<p><a href=\"https:\/\/marcelolopes.jor.br\/2024\/04\/10\/secretaria-de-fazenda-divulga-balanco-da-arrecadacao-do-ipva-2024\/\"><strong><span style=\"color: #800000;\">Secretaria de Fazenda divulga balan\u00e7o da arrecada\u00e7\u00e3o do IPVA 2024<\/span><\/strong><\/a><\/p>\n<p>Fonte: Ag\u00eancia Minas | Foto: SEF-MG<\/p>\n<div class=\"cebwg6a97ec4e81bd3\" ><div style=\"margin-left: auto; margin-right: auto; text-align: center; margin-top: 50px; \" id=\"teste-1254768183\"><a href=\"https:\/\/marcelolopes.jor.br\/site\/edital-audiencia-publica-energisa-minas-rio-2026\/\" aria-label=\"banneredital\"><img loading=\"lazy\" decoding=\"async\" src=\"https:\/\/marcelolopes.jor.br\/site\/wp-content\/uploads\/2026\/09\/banneredital.png\" alt=\"\"  srcset=\"https:\/\/marcelolopes.jor.br\/site\/wp-content\/uploads\/2026\/09\/banneredital.png 812w, https:\/\/marcelolopes.jor.br\/site\/wp-content\/uploads\/2026\/09\/banneredital-300x56.png 300w, https:\/\/marcelolopes.jor.br\/site\/wp-content\/uploads\/2026\/09\/banneredital-768x144.png 768w\" sizes=\"(max-width: 812px) 100vw, 812px\" width=\"812\" height=\"152\"  style=\"display: inline-block;\" \/><\/a><\/div><br><\/div><style type=\"text\/css\">\r\n@media screen and (min-width: 1201px) {\r\n.cebwg6a97ec4e81bd3 {\r\ndisplay: block;\r\n}\r\n}\r\n@media screen and (min-width: 993px) and (max-width: 1200px) {\r\n.cebwg6a97ec4e81bd3 {\r\ndisplay: block;\r\n}\r\n}\r\n@media screen and (min-width: 769px) and (max-width: 992px) {\r\n.cebwg6a97ec4e81bd3 {\r\ndisplay: block;\r\n}\r\n}\r\n@media screen and (min-width: 768px) and (max-width: 768px) {\r\n.cebwg6a97ec4e81bd3 {\r\ndisplay: block;\r\n}\r\n}\r\n@media screen and (max-width: 767px) {\r\n.cebwg6a97ec4e81bd3 {\r\ndisplay: block;\r\n}\r\n}\r\n<\/style>\r\n<div class=\"bdsok6a97ec4e88c15\" ><div id=\"div_destino\"><\/div>\r\n<script src=\"https:\/\/cdn.snsrsv.com\/sdk.js\"><\/script>\r\n<script >\r\n      new sdk(\"464030C30061EA8BE065000000000001\") \r\n          .appendTo(\"div_destino\")\r\n          .disableStyle(true) \r\n          .setCacheBusterMacro(\"%%CACHEBUSTER%%\")\r\n          .setSize(\"800\",\"214\")\r\n          .setClickMacro(\"%%CLICK_URL_ESC%%\") \r\n          .setReferrerUrlMacro(\"%%REFERRER_URL_ESC%%\") \r\n          .start(); \r\n<\/script><\/div><style type=\"text\/css\">\r\n@media screen and (min-width: 1201px) {\r\n.bdsok6a97ec4e88c15 {\r\ndisplay: block;\r\n}\r\n}\r\n@media screen and (min-width: 993px) and (max-width: 1200px) {\r\n.bdsok6a97ec4e88c15 {\r\ndisplay: block;\r\n}\r\n}\r\n@media screen and (min-width: 769px) and (max-width: 992px) {\r\n.bdsok6a97ec4e88c15 {\r\ndisplay: block;\r\n}\r\n}\r\n@media screen and (min-width: 768px) and (max-width: 768px) {\r\n.bdsok6a97ec4e88c15 {\r\ndisplay: block;\r\n}\r\n}\r\n@media screen and (max-width: 767px) {\r\n.bdsok6a97ec4e88c15 {\r\ndisplay: block;\r\n}\r\n}\r\n<\/style>\r\n","protected":false},"excerpt":{"rendered":"<p>O IPVA Digital j\u00e1 pode ser acessado diretamente no site da SEF. Nele, os motoristas precisar\u00e3o de menos cliques para chegar ao objetivo de pagar o Imposto sobre a Propriedade de Ve\u00edculos Automotores (IPVA) e a Taxa de Renova\u00e7\u00e3o do<\/p>\n<p class=\"link-more\"><a class=\"more-link\" href=\"https:\/\/marcelolopes.jor.br\/site\/2024\/09\/07\/governo-de-minas-lanca-sistema-que-facilita-pagamento-do-ipva\/\">Leia mais <span class=\"screen-reader-text\">Governo de Minas lan\u00e7a sistema que facilita pagamento do IPVA<\/span><\/a><\/p>\n","protected":false},"author":2,"featured_media":51813,"comment_status":"open","ping_status":"open","sticky":false,"template":"","format":"standard","meta":{"footnotes":""},"categories":[1],"tags":[],"class_list":["post-51812","post","type-post","status-publish","format-standard","has-post-thumbnail","hentry","category-noticias","thumb-below-title"],"yoast_head":"<!-- This site is optimized with the Yoast SEO plugin v28.3 - https:\/\/yoast.com\/product\/yoast-seo-wordpress\/ -->\n<title>Governo de Minas lan\u00e7a sistema que facilita pagamento do IPVA | Marcelo Lopes<\/title>\n<meta name=\"description\" content=\"Governo de Minas lan\u00e7a sistema que facilita pagamento do IPVA. Sistema tem rede de dados conectada em tempo real \u00e0 Coordenadoria de Tr\u00e2nsito.\" \/>\n<meta name=\"robots\" content=\"index, follow, max-snippet:-1, max-image-preview:large, max-video-preview:-1\" \/>\n<link rel=\"canonical\" href=\"https:\/\/marcelolopes.jor.br\/site\/2024\/09\/07\/governo-de-minas-lanca-sistema-que-facilita-pagamento-do-ipva\/\" \/>\n<meta property=\"og:locale\" content=\"pt_BR\" \/>\n<meta property=\"og:type\" content=\"article\" \/>\n<meta property=\"og:title\" content=\"Governo de Minas lan\u00e7a sistema que facilita pagamento do IPVA | Marcelo Lopes\" \/>\n<meta property=\"og:description\" content=\"Governo de Minas lan\u00e7a sistema que facilita pagamento do IPVA. Sistema tem rede de dados conectada em tempo real \u00e0 Coordenadoria de Tr\u00e2nsito.\" \/>\n<meta property=\"og:url\" content=\"https:\/\/marcelolopes.jor.br\/site\/2024\/09\/07\/governo-de-minas-lanca-sistema-que-facilita-pagamento-do-ipva\/\" \/>\n<meta property=\"og:site_name\" content=\"Marcelo Lopes\" \/>\n<meta property=\"article:publisher\" content=\"https:\/\/www.facebook.com\/sitedomarcelolopes\" \/>\n<meta property=\"article:published_time\" content=\"2024-09-07T10:00:08+00:00\" \/>\n<meta property=\"og:image\" content=\"https:\/\/marcelolopes.jor.br\/site\/wp-content\/uploads\/2024\/09\/FOTO_04.jpg\" \/>\n\t<meta property=\"og:image:width\" content=\"1920\" \/>\n\t<meta property=\"og:image:height\" content=\"1080\" \/>\n\t<meta property=\"og:image:type\" content=\"image\/jpeg\" \/>\n<meta name=\"author\" content=\"Marcelo Lopes\" \/>\n<meta name=\"twitter:card\" content=\"summary_large_image\" \/>\n<meta name=\"twitter:label1\" content=\"Escrito por\" \/>\n\t<meta name=\"twitter:data1\" content=\"Marcelo Lopes\" \/>\n\t<meta name=\"twitter:label2\" content=\"Est. tempo de leitura\" \/>\n\t<meta name=\"twitter:data2\" content=\"4 minutos\" \/>\n<script type=\"application\/ld+json\" class=\"yoast-schema-graph\">{\"@context\":\"https:\\\/\\\/schema.org\",\"@graph\":[{\"@type\":\"NewsArticle\",\"@id\":\"https:\\\/\\\/marcelolopes.jor.br\\\/site\\\/2024\\\/09\\\/07\\\/governo-de-minas-lanca-sistema-que-facilita-pagamento-do-ipva\\\/#article\",\"isPartOf\":{\"@id\":\"https:\\\/\\\/marcelolopes.jor.br\\\/site\\\/2024\\\/09\\\/07\\\/governo-de-minas-lanca-sistema-que-facilita-pagamento-do-ipva\\\/\"},\"author\":{\"name\":\"Marcelo Lopes\",\"@id\":\"https:\\\/\\\/marcelolopes.jor.br\\\/site\\\/#\\\/schema\\\/person\\\/3e7216a35c34d8fdf952b31da3d1f89f\"},\"headline\":\"Governo de Minas lan\u00e7a sistema que facilita pagamento do IPVA\",\"datePublished\":\"2024-09-07T10:00:08+00:00\",\"mainEntityOfPage\":{\"@id\":\"https:\\\/\\\/marcelolopes.jor.br\\\/site\\\/2024\\\/09\\\/07\\\/governo-de-minas-lanca-sistema-que-facilita-pagamento-do-ipva\\\/\"},\"wordCount\":741,\"commentCount\":0,\"publisher\":{\"@id\":\"https:\\\/\\\/marcelolopes.jor.br\\\/site\\\/#organization\"},\"image\":{\"@id\":\"https:\\\/\\\/marcelolopes.jor.br\\\/site\\\/2024\\\/09\\\/07\\\/governo-de-minas-lanca-sistema-que-facilita-pagamento-do-ipva\\\/#primaryimage\"},\"thumbnailUrl\":\"https:\\\/\\\/marcelolopes.jor.br\\\/site\\\/wp-content\\\/uploads\\\/2024\\\/09\\\/FOTO_04.jpg\",\"articleSection\":[\"Not\u00edcias\"],\"inLanguage\":\"pt-BR\",\"potentialAction\":[{\"@type\":\"CommentAction\",\"name\":\"Comment\",\"target\":[\"https:\\\/\\\/marcelolopes.jor.br\\\/site\\\/2024\\\/09\\\/07\\\/governo-de-minas-lanca-sistema-que-facilita-pagamento-do-ipva\\\/#respond\"]}]},{\"@type\":\"WebPage\",\"@id\":\"https:\\\/\\\/marcelolopes.jor.br\\\/site\\\/2024\\\/09\\\/07\\\/governo-de-minas-lanca-sistema-que-facilita-pagamento-do-ipva\\\/\",\"url\":\"https:\\\/\\\/marcelolopes.jor.br\\\/site\\\/2024\\\/09\\\/07\\\/governo-de-minas-lanca-sistema-que-facilita-pagamento-do-ipva\\\/\",\"name\":\"Governo de Minas lan\u00e7a sistema que facilita pagamento do IPVA | Marcelo Lopes\",\"isPartOf\":{\"@id\":\"https:\\\/\\\/marcelolopes.jor.br\\\/site\\\/#website\"},\"primaryImageOfPage\":{\"@id\":\"https:\\\/\\\/marcelolopes.jor.br\\\/site\\\/2024\\\/09\\\/07\\\/governo-de-minas-lanca-sistema-que-facilita-pagamento-do-ipva\\\/#primaryimage\"},\"image\":{\"@id\":\"https:\\\/\\\/marcelolopes.jor.br\\\/site\\\/2024\\\/09\\\/07\\\/governo-de-minas-lanca-sistema-que-facilita-pagamento-do-ipva\\\/#primaryimage\"},\"thumbnailUrl\":\"https:\\\/\\\/marcelolopes.jor.br\\\/site\\\/wp-content\\\/uploads\\\/2024\\\/09\\\/FOTO_04.jpg\",\"datePublished\":\"2024-09-07T10:00:08+00:00\",\"description\":\"Governo de Minas lan\u00e7a sistema que facilita pagamento do IPVA. Sistema tem rede de dados conectada em tempo real \u00e0 Coordenadoria de Tr\u00e2nsito.\",\"breadcrumb\":{\"@id\":\"https:\\\/\\\/marcelolopes.jor.br\\\/site\\\/2024\\\/09\\\/07\\\/governo-de-minas-lanca-sistema-que-facilita-pagamento-do-ipva\\\/#breadcrumb\"},\"inLanguage\":\"pt-BR\",\"potentialAction\":[{\"@type\":\"ReadAction\",\"target\":[\"https:\\\/\\\/marcelolopes.jor.br\\\/site\\\/2024\\\/09\\\/07\\\/governo-de-minas-lanca-sistema-que-facilita-pagamento-do-ipva\\\/\"]}]},{\"@type\":\"ImageObject\",\"inLanguage\":\"pt-BR\",\"@id\":\"https:\\\/\\\/marcelolopes.jor.br\\\/site\\\/2024\\\/09\\\/07\\\/governo-de-minas-lanca-sistema-que-facilita-pagamento-do-ipva\\\/#primaryimage\",\"url\":\"https:\\\/\\\/marcelolopes.jor.br\\\/site\\\/wp-content\\\/uploads\\\/2024\\\/09\\\/FOTO_04.jpg\",\"contentUrl\":\"https:\\\/\\\/marcelolopes.jor.br\\\/site\\\/wp-content\\\/uploads\\\/2024\\\/09\\\/FOTO_04.jpg\",\"width\":1920,\"height\":1080,\"caption\":\"Governo de Minas lan\u00e7a\"},{\"@type\":\"BreadcrumbList\",\"@id\":\"https:\\\/\\\/marcelolopes.jor.br\\\/site\\\/2024\\\/09\\\/07\\\/governo-de-minas-lanca-sistema-que-facilita-pagamento-do-ipva\\\/#breadcrumb\",\"itemListElement\":[{\"@type\":\"ListItem\",\"position\":1,\"name\":\"Home\",\"item\":\"https:\\\/\\\/marcelolopes.jor.br\\\/site\\\/\"},{\"@type\":\"ListItem\",\"position\":2,\"name\":\"Governo de Minas lan\u00e7a sistema que facilita pagamento do IPVA\"}]},{\"@type\":\"WebSite\",\"@id\":\"https:\\\/\\\/marcelolopes.jor.br\\\/site\\\/#website\",\"url\":\"https:\\\/\\\/marcelolopes.jor.br\\\/site\\\/\",\"name\":\"Marcelo Lopes\",\"description\":\"Not\u00edcias de Cataguases e Regi\u00e3o\",\"publisher\":{\"@id\":\"https:\\\/\\\/marcelolopes.jor.br\\\/site\\\/#organization\"},\"potentialAction\":[{\"@type\":\"SearchAction\",\"target\":{\"@type\":\"EntryPoint\",\"urlTemplate\":\"https:\\\/\\\/marcelolopes.jor.br\\\/site\\\/?s={search_term_string}\"},\"query-input\":{\"@type\":\"PropertyValueSpecification\",\"valueRequired\":true,\"valueName\":\"search_term_string\"}}],\"inLanguage\":\"pt-BR\"},{\"@type\":\"Organization\",\"@id\":\"https:\\\/\\\/marcelolopes.jor.br\\\/site\\\/#organization\",\"name\":\"Site do Marcelo Lopes\",\"url\":\"https:\\\/\\\/marcelolopes.jor.br\\\/site\\\/\",\"logo\":{\"@type\":\"ImageObject\",\"inLanguage\":\"pt-BR\",\"@id\":\"https:\\\/\\\/marcelolopes.jor.br\\\/site\\\/#\\\/schema\\\/logo\\\/image\\\/\",\"url\":\"https:\\\/\\\/marcelolopes.jor.br\\\/site\\\/wp-content\\\/uploads\\\/2026\\\/07\\\/cropped-logo2026.png\",\"contentUrl\":\"https:\\\/\\\/marcelolopes.jor.br\\\/site\\\/wp-content\\\/uploads\\\/2026\\\/07\\\/cropped-logo2026.png\",\"width\":328,\"height\":96,\"caption\":\"Site do Marcelo Lopes\"},\"image\":{\"@id\":\"https:\\\/\\\/marcelolopes.jor.br\\\/site\\\/#\\\/schema\\\/logo\\\/image\\\/\"},\"sameAs\":[\"https:\\\/\\\/www.facebook.com\\\/sitedomarcelolopes\",\"https:\\\/\\\/www.instagram.com\\\/sitedomarcelolopes\\\/\",\"https:\\\/\\\/www.linkedin.com\\\/company\\\/site-do-marcelo-lopes\\\/\",\"https:\\\/\\\/www.youtube.com\\\/user\\\/marcelolopes957\"]},{\"@type\":\"Person\",\"@id\":\"https:\\\/\\\/marcelolopes.jor.br\\\/site\\\/#\\\/schema\\\/person\\\/3e7216a35c34d8fdf952b31da3d1f89f\",\"name\":\"Marcelo Lopes\",\"sameAs\":[\"http:\\\/\\\/www.marcelolopes.jor.br\"],\"url\":\"https:\\\/\\\/marcelolopes.jor.br\\\/site\\\/author\\\/marcelo\\\/\"}]}<\/script>\n<!-- \/ Yoast SEO plugin. -->","yoast_head_json":{"title":"Governo de Minas lan\u00e7a sistema que facilita pagamento do IPVA | Marcelo Lopes","description":"Governo de Minas lan\u00e7a sistema que facilita pagamento do IPVA. Sistema tem rede de dados conectada em tempo real \u00e0 Coordenadoria de Tr\u00e2nsito.","robots":{"index":"index","follow":"follow","max-snippet":"max-snippet:-1","max-image-preview":"max-image-preview:large","max-video-preview":"max-video-preview:-1"},"canonical":"https:\/\/marcelolopes.jor.br\/site\/2024\/09\/07\/governo-de-minas-lanca-sistema-que-facilita-pagamento-do-ipva\/","og_locale":"pt_BR","og_type":"article","og_title":"Governo de Minas lan\u00e7a sistema que facilita pagamento do IPVA | Marcelo Lopes","og_description":"Governo de Minas lan\u00e7a sistema que facilita pagamento do IPVA. Sistema tem rede de dados conectada em tempo real \u00e0 Coordenadoria de Tr\u00e2nsito.","og_url":"https:\/\/marcelolopes.jor.br\/site\/2024\/09\/07\/governo-de-minas-lanca-sistema-que-facilita-pagamento-do-ipva\/","og_site_name":"Marcelo Lopes","article_publisher":"https:\/\/www.facebook.com\/sitedomarcelolopes","article_published_time":"2024-09-07T10:00:08+00:00","og_image":[{"width":1920,"height":1080,"url":"https:\/\/marcelolopes.jor.br\/site\/wp-content\/uploads\/2024\/09\/FOTO_04.jpg","type":"image\/jpeg"}],"author":"Marcelo Lopes","twitter_card":"summary_large_image","twitter_misc":{"Escrito por":"Marcelo Lopes","Est. tempo de leitura":"4 minutos"},"schema":{"@context":"https:\/\/schema.org","@graph":[{"@type":"NewsArticle","@id":"https:\/\/marcelolopes.jor.br\/site\/2024\/09\/07\/governo-de-minas-lanca-sistema-que-facilita-pagamento-do-ipva\/#article","isPartOf":{"@id":"https:\/\/marcelolopes.jor.br\/site\/2024\/09\/07\/governo-de-minas-lanca-sistema-que-facilita-pagamento-do-ipva\/"},"author":{"name":"Marcelo Lopes","@id":"https:\/\/marcelolopes.jor.br\/site\/#\/schema\/person\/3e7216a35c34d8fdf952b31da3d1f89f"},"headline":"Governo de Minas lan\u00e7a sistema que facilita pagamento do IPVA","datePublished":"2024-09-07T10:00:08+00:00","mainEntityOfPage":{"@id":"https:\/\/marcelolopes.jor.br\/site\/2024\/09\/07\/governo-de-minas-lanca-sistema-que-facilita-pagamento-do-ipva\/"},"wordCount":741,"commentCount":0,"publisher":{"@id":"https:\/\/marcelolopes.jor.br\/site\/#organization"},"image":{"@id":"https:\/\/marcelolopes.jor.br\/site\/2024\/09\/07\/governo-de-minas-lanca-sistema-que-facilita-pagamento-do-ipva\/#primaryimage"},"thumbnailUrl":"https:\/\/marcelolopes.jor.br\/site\/wp-content\/uploads\/2024\/09\/FOTO_04.jpg","articleSection":["Not\u00edcias"],"inLanguage":"pt-BR","potentialAction":[{"@type":"CommentAction","name":"Comment","target":["https:\/\/marcelolopes.jor.br\/site\/2024\/09\/07\/governo-de-minas-lanca-sistema-que-facilita-pagamento-do-ipva\/#respond"]}]},{"@type":"WebPage","@id":"https:\/\/marcelolopes.jor.br\/site\/2024\/09\/07\/governo-de-minas-lanca-sistema-que-facilita-pagamento-do-ipva\/","url":"https:\/\/marcelolopes.jor.br\/site\/2024\/09\/07\/governo-de-minas-lanca-sistema-que-facilita-pagamento-do-ipva\/","name":"Governo de Minas lan\u00e7a sistema que facilita pagamento do IPVA | Marcelo Lopes","isPartOf":{"@id":"https:\/\/marcelolopes.jor.br\/site\/#website"},"primaryImageOfPage":{"@id":"https:\/\/marcelolopes.jor.br\/site\/2024\/09\/07\/governo-de-minas-lanca-sistema-que-facilita-pagamento-do-ipva\/#primaryimage"},"image":{"@id":"https:\/\/marcelolopes.jor.br\/site\/2024\/09\/07\/governo-de-minas-lanca-sistema-que-facilita-pagamento-do-ipva\/#primaryimage"},"thumbnailUrl":"https:\/\/marcelolopes.jor.br\/site\/wp-content\/uploads\/2024\/09\/FOTO_04.jpg","datePublished":"2024-09-07T10:00:08+00:00","description":"Governo de Minas lan\u00e7a sistema que facilita pagamento do IPVA. Sistema tem rede de dados conectada em tempo real \u00e0 Coordenadoria de Tr\u00e2nsito.","breadcrumb":{"@id":"https:\/\/marcelolopes.jor.br\/site\/2024\/09\/07\/governo-de-minas-lanca-sistema-que-facilita-pagamento-do-ipva\/#breadcrumb"},"inLanguage":"pt-BR","potentialAction":[{"@type":"ReadAction","target":["https:\/\/marcelolopes.jor.br\/site\/2024\/09\/07\/governo-de-minas-lanca-sistema-que-facilita-pagamento-do-ipva\/"]}]},{"@type":"ImageObject","inLanguage":"pt-BR","@id":"https:\/\/marcelolopes.jor.br\/site\/2024\/09\/07\/governo-de-minas-lanca-sistema-que-facilita-pagamento-do-ipva\/#primaryimage","url":"https:\/\/marcelolopes.jor.br\/site\/wp-content\/uploads\/2024\/09\/FOTO_04.jpg","contentUrl":"https:\/\/marcelolopes.jor.br\/site\/wp-content\/uploads\/2024\/09\/FOTO_04.jpg","width":1920,"height":1080,"caption":"Governo de Minas lan\u00e7a"},{"@type":"BreadcrumbList","@id":"https:\/\/marcelolopes.jor.br\/site\/2024\/09\/07\/governo-de-minas-lanca-sistema-que-facilita-pagamento-do-ipva\/#breadcrumb","itemListElement":[{"@type":"ListItem","position":1,"name":"Home","item":"https:\/\/marcelolopes.jor.br\/site\/"},{"@type":"ListItem","position":2,"name":"Governo de Minas lan\u00e7a sistema que facilita pagamento do IPVA"}]},{"@type":"WebSite","@id":"https:\/\/marcelolopes.jor.br\/site\/#website","url":"https:\/\/marcelolopes.jor.br\/site\/","name":"Marcelo Lopes","description":"Not\u00edcias de Cataguases e Regi\u00e3o","publisher":{"@id":"https:\/\/marcelolopes.jor.br\/site\/#organization"},"potentialAction":[{"@type":"SearchAction","target":{"@type":"EntryPoint","urlTemplate":"https:\/\/marcelolopes.jor.br\/site\/?s={search_term_string}"},"query-input":{"@type":"PropertyValueSpecification","valueRequired":true,"valueName":"search_term_string"}}],"inLanguage":"pt-BR"},{"@type":"Organization","@id":"https:\/\/marcelolopes.jor.br\/site\/#organization","name":"Site do Marcelo Lopes","url":"https:\/\/marcelolopes.jor.br\/site\/","logo":{"@type":"ImageObject","inLanguage":"pt-BR","@id":"https:\/\/marcelolopes.jor.br\/site\/#\/schema\/logo\/image\/","url":"https:\/\/marcelolopes.jor.br\/site\/wp-content\/uploads\/2026\/07\/cropped-logo2026.png","contentUrl":"https:\/\/marcelolopes.jor.br\/site\/wp-content\/uploads\/2026\/07\/cropped-logo2026.png","width":328,"height":96,"caption":"Site do Marcelo Lopes"},"image":{"@id":"https:\/\/marcelolopes.jor.br\/site\/#\/schema\/logo\/image\/"},"sameAs":["https:\/\/www.facebook.com\/sitedomarcelolopes","https:\/\/www.instagram.com\/sitedomarcelolopes\/","https:\/\/www.linkedin.com\/company\/site-do-marcelo-lopes\/","https:\/\/www.youtube.com\/user\/marcelolopes957"]},{"@type":"Person","@id":"https:\/\/marcelolopes.jor.br\/site\/#\/schema\/person\/3e7216a35c34d8fdf952b31da3d1f89f","name":"Marcelo Lopes","sameAs":["http:\/\/www.marcelolopes.jor.br"],"url":"https:\/\/marcelolopes.jor.br\/site\/author\/marcelo\/"}]}},"wps_subtitle":"IPVA Digital tem rede de dados conectada em tempo real \u00e0 Coordenadoria de Tr\u00e2nsito.","_links":{"self":[{"href":"https:\/\/marcelolopes.jor.br\/site\/wp-json\/wp\/v2\/posts\/51812","targetHints":{"allow":["GET"]}}],"collection":[{"href":"https:\/\/marcelolopes.jor.br\/site\/wp-json\/wp\/v2\/posts"}],"about":[{"href":"https:\/\/marcelolopes.jor.br\/site\/wp-json\/wp\/v2\/types\/post"}],"author":[{"embeddable":true,"href":"https:\/\/marcelolopes.jor.br\/site\/wp-json\/wp\/v2\/users\/2"}],"replies":[{"embeddable":true,"href":"https:\/\/marcelolopes.jor.br\/site\/wp-json\/wp\/v2\/comments?post=51812"}],"version-history":[{"count":0,"href":"https:\/\/marcelolopes.jor.br\/site\/wp-json\/wp\/v2\/posts\/51812\/revisions"}],"wp:featuredmedia":[{"embeddable":true,"href":"https:\/\/marcelolopes.jor.br\/site\/wp-json\/wp\/v2\/media\/51813"}],"wp:attachment":[{"href":"https:\/\/marcelolopes.jor.br\/site\/wp-json\/wp\/v2\/media?parent=51812"}],"wp:term":[{"taxonomy":"category","embeddable":true,"href":"https:\/\/marcelolopes.jor.br\/site\/wp-json\/wp\/v2\/categories?post=51812"},{"taxonomy":"post_tag","embeddable":true,"href":"https:\/\/marcelolopes.jor.br\/site\/wp-json\/wp\/v2\/tags?post=51812"}],"curies":[{"name":"wp","href":"https:\/\/api.w.org\/{rel}","templated":true}]}}