{"id":51799,"date":"2024-09-06T12:00:16","date_gmt":"2024-09-06T15:00:16","guid":{"rendered":"https:\/\/marcelolopes.jor.br\/?p=51799"},"modified":"2024-09-06T11:49:29","modified_gmt":"2024-09-06T14:49:29","slug":"multidao-lota-praca-da-estacao-em-show-de-marcos-belutti","status":"publish","type":"post","link":"https:\/\/marcelolopes.jor.br\/site\/2024\/09\/06\/multidao-lota-praca-da-estacao-em-show-de-marcos-belutti\/","title":{"rendered":"Multid\u00e3o lota pra\u00e7a da Esta\u00e7\u00e3o em show de Marcos &#038; Belutti"},"content":{"rendered":"<p>A Pra\u00e7a Governador Valadares (pra\u00e7a da Esta\u00e7\u00e3o) foi completamente tomada pelo p\u00fablico na noite desta quinta-feira, 5 de setembro. L\u00e1 teve in\u00edcio as comemora\u00e7\u00f5es pelos 147 anos de Cataguases por meio de um show da dupla sertaneja Marcos &amp; Belutti. Todo o espa\u00e7o ficou completamente tomado por uma multid\u00e3o que assistiu, dan\u00e7ou e cantou os sucessos desta dupla que vem fazendo grande sucesso em todo o pa\u00eds. Antes, a plateia curtiu a apresenta\u00e7\u00e3o da DJ Maya, novo talento da discotecagem local e promessa de um futuro profissional promissor.<!--more--><\/p>\n<h4 class=\"p1\"><span class=\"s1\">\ud83d\udcf8 <span style=\"color: #808080;\">Siga o Site do Marcelo Lopes no<\/span> <a href=\"https:\/\/www.facebook.com\/sitedomarcelolopes\/\"><strong><span style=\"color: #800000;\">Facebook<\/span><\/strong><\/a> <span style=\"color: #808080;\">e no<\/span> <strong><span style=\"color: #800000;\"><a style=\"color: #800000;\" href=\"https:\/\/www.instagram.com\/sitedomarcelolopes\/\">Instagram<\/a><\/span><\/strong><\/span><\/h4>\n<h4 class=\"p1\"><span class=\"s1\">\ud83d\udcf1<span style=\"color: #808080;\">Receba no<\/span> <a href=\"https:\/\/chat.whatsapp.com\/BibzcI1ibYSKytbdyzubLA\"><strong><span style=\"color: #800000;\">WhatsApp<\/span><\/strong><\/a> <span style=\"color: #808080;\">as not\u00edcias do Site do Marcelo Lopes<\/span><\/span><\/h4>\n<p>&nbsp;<\/p>\n<p>O evento foi um sucesso total, e aconteceu sem qualquer incidente, conforme informou a Pol\u00edcia Militar por meio do tenente Vin\u00edcius Marinato, comandante do policiamento na cidade. Al\u00e9m de ter come\u00e7ado no hor\u00e1rio programado, terminou antes da meia noite, um facilitador para o p\u00fablico que acordou cedo para trabalhar nesta sexta-feira, 6. Al\u00e9m disso, toda a infraestrutura montada pela Secretaria Municipal de Cultura e Turismo, atendeu plenamente as necessidades das pessoas na hora de consumir bebidas e salgados. As barracas montadas no espa\u00e7o, ofereceram grande variedade de petiscos a pre\u00e7os bem competitivos.<\/p>\n<p>Ros\u00e2ngela Moreira Lima, secret\u00e1ria municipal de Cultura de Cataguases comemorou o sucesso da primeira noite de festas na cidade. &#8220;A gente trabalhou muito, incansavelmente eu diria, para que esta festa acontecesse da melhor maneira poss\u00edvel. Hoje, vendo essa multid\u00e3o aqui e o Marcos &amp; Belutti cantando no palco, n\u00e3o tenho d\u00favida que valeu muito todo este esfor\u00e7o de nossa equipe super competente&#8221;, disse. Ela aproveitou para lembrar que nesta sexta-feira, 6, outro show incr\u00edvel vai movimentar a cidade, e convidou todos a participarem. &#8220;Hoje temos Wilson Sideral, um cara muito talentoso, e este show dele, que est\u00e1 sendo apresentado em todo o pa\u00eds, t\u00e1 lindo e muito dan\u00e7ante. N\u00e3o d\u00e1 pra perder e quem estiver aqui vai confirmar o que estou falando,&#8221; completou a secret\u00e1ria.<\/p>\n<p><img loading=\"lazy\" decoding=\"async\" class=\"aligncenter wp-image-51810\" src=\"https:\/\/marcelolopes.jor.br\/site\/wp-content\/uploads\/2024\/09\/aereas.jpg\" alt=\"Multid\u00e3o lota pra\u00e7a da\" width=\"700\" height=\"481\" srcset=\"https:\/\/marcelolopes.jor.br\/site\/wp-content\/uploads\/2024\/09\/aereas.jpg 800w, https:\/\/marcelolopes.jor.br\/site\/wp-content\/uploads\/2024\/09\/aereas-300x206.jpg 300w, https:\/\/marcelolopes.jor.br\/site\/wp-content\/uploads\/2024\/09\/aereas-768x528.jpg 768w\" sizes=\"auto, (max-width: 700px) 100vw, 700px\" \/><\/p>\n<p><img loading=\"lazy\" decoding=\"async\" class=\"aligncenter wp-image-51800\" src=\"https:\/\/marcelolopes.jor.br\/site\/wp-content\/uploads\/2024\/09\/Maya.jpg\" alt=\"Multid\u00e3o lota pra\u00e7a da\" width=\"700\" height=\"408\" srcset=\"https:\/\/marcelolopes.jor.br\/site\/wp-content\/uploads\/2024\/09\/Maya.jpg 799w, https:\/\/marcelolopes.jor.br\/site\/wp-content\/uploads\/2024\/09\/Maya-300x175.jpg 300w, https:\/\/marcelolopes.jor.br\/site\/wp-content\/uploads\/2024\/09\/Maya-768x448.jpg 768w\" sizes=\"auto, (max-width: 700px) 100vw, 700px\" \/><\/p>\n<p><img loading=\"lazy\" decoding=\"async\" class=\"aligncenter wp-image-51801\" src=\"https:\/\/marcelolopes.jor.br\/site\/wp-content\/uploads\/2024\/09\/Eles.jpg\" alt=\"Multid\u00e3o lota pra\u00e7a da\" width=\"700\" height=\"395\" srcset=\"https:\/\/marcelolopes.jor.br\/site\/wp-content\/uploads\/2024\/09\/Eles.jpg 800w, https:\/\/marcelolopes.jor.br\/site\/wp-content\/uploads\/2024\/09\/Eles-300x170.jpg 300w, https:\/\/marcelolopes.jor.br\/site\/wp-content\/uploads\/2024\/09\/Eles-768x434.jpg 768w\" sizes=\"auto, (max-width: 700px) 100vw, 700px\" \/><\/p>\n<p><img loading=\"lazy\" decoding=\"async\" class=\"aligncenter wp-image-51803\" src=\"https:\/\/marcelolopes.jor.br\/site\/wp-content\/uploads\/2024\/09\/IMG_7144-Grande-1024x576.jpeg\" alt=\"Multid\u00e3o lota pra\u00e7a da\" width=\"700\" height=\"394\" srcset=\"https:\/\/marcelolopes.jor.br\/site\/wp-content\/uploads\/2024\/09\/IMG_7144-Grande-1024x576.jpeg 1024w, https:\/\/marcelolopes.jor.br\/site\/wp-content\/uploads\/2024\/09\/IMG_7144-Grande-300x169.jpeg 300w, https:\/\/marcelolopes.jor.br\/site\/wp-content\/uploads\/2024\/09\/IMG_7144-Grande-768x432.jpeg 768w, https:\/\/marcelolopes.jor.br\/site\/wp-content\/uploads\/2024\/09\/IMG_7144-Grande-1200x675.jpeg 1200w, https:\/\/marcelolopes.jor.br\/site\/wp-content\/uploads\/2024\/09\/IMG_7144-Grande.jpeg 1280w\" sizes=\"auto, (max-width: 700px) 100vw, 700px\" \/><\/p>\n<p><img loading=\"lazy\" decoding=\"async\" class=\"aligncenter wp-image-51805\" src=\"https:\/\/marcelolopes.jor.br\/site\/wp-content\/uploads\/2024\/09\/IMG_7163-Grande-1024x576.jpeg\" alt=\"Multid\u00e3o lota pra\u00e7a da\" width=\"700\" height=\"394\" srcset=\"https:\/\/marcelolopes.jor.br\/site\/wp-content\/uploads\/2024\/09\/IMG_7163-Grande-1024x576.jpeg 1024w, https:\/\/marcelolopes.jor.br\/site\/wp-content\/uploads\/2024\/09\/IMG_7163-Grande-300x169.jpeg 300w, https:\/\/marcelolopes.jor.br\/site\/wp-content\/uploads\/2024\/09\/IMG_7163-Grande-768x432.jpeg 768w, https:\/\/marcelolopes.jor.br\/site\/wp-content\/uploads\/2024\/09\/IMG_7163-Grande-1200x675.jpeg 1200w, https:\/\/marcelolopes.jor.br\/site\/wp-content\/uploads\/2024\/09\/IMG_7163-Grande.jpeg 1280w\" sizes=\"auto, (max-width: 700px) 100vw, 700px\" \/> <img loading=\"lazy\" decoding=\"async\" class=\"aligncenter wp-image-51806\" src=\"https:\/\/marcelolopes.jor.br\/site\/wp-content\/uploads\/2024\/09\/IMG_7152-Grande-1024x576.jpeg\" alt=\"\" width=\"700\" height=\"394\" srcset=\"https:\/\/marcelolopes.jor.br\/site\/wp-content\/uploads\/2024\/09\/IMG_7152-Grande-1024x576.jpeg 1024w, https:\/\/marcelolopes.jor.br\/site\/wp-content\/uploads\/2024\/09\/IMG_7152-Grande-300x169.jpeg 300w, https:\/\/marcelolopes.jor.br\/site\/wp-content\/uploads\/2024\/09\/IMG_7152-Grande-768x432.jpeg 768w, https:\/\/marcelolopes.jor.br\/site\/wp-content\/uploads\/2024\/09\/IMG_7152-Grande-1200x675.jpeg 1200w, https:\/\/marcelolopes.jor.br\/site\/wp-content\/uploads\/2024\/09\/IMG_7152-Grande.jpeg 1280w\" sizes=\"auto, (max-width: 700px) 100vw, 700px\" \/><\/p>\n<p><strong>OUTRAS NOTICIAS<\/strong><br \/>\n<a href=\"https:\/\/marcelolopes.jor.br\/2024\/09\/05\/fecomercio-mg-realiza-minas-ao-luar-com-show-gratuito-de-lo-borges\/\"><strong><span style=\"color: #800000;\">Fecom\u00e9rcio MG realiza Minas ao Luar com show gratuito de L\u00f4 Borges<\/span><\/strong><\/a><\/p>\n<p><a href=\"https:\/\/marcelolopes.jor.br\/2024\/08\/27\/cataguases-celebra-147-anos-com-otimos-shows-e-muitas-atracoes\/\"><strong><span style=\"color: #800000;\">Cataguases celebra 147 anos com \u00f3timos shows e muitas atra\u00e7\u00f5es<\/span><\/strong><\/a><\/p>\n<p>*Com fotos gentilmente cedidas por Drone Kt\u00e1<\/p>\n<div class=\"maigq6a97e9da05782\" ><div style=\"margin-left: auto; margin-right: auto; text-align: center; margin-top: 50px; \" id=\"teste-60134086\"><a href=\"https:\/\/marcelolopes.jor.br\/site\/edital-audiencia-publica-energisa-minas-rio-2026\/\" aria-label=\"banneredital\"><img loading=\"lazy\" decoding=\"async\" src=\"https:\/\/marcelolopes.jor.br\/site\/wp-content\/uploads\/2026\/09\/banneredital.png\" alt=\"\"  srcset=\"https:\/\/marcelolopes.jor.br\/site\/wp-content\/uploads\/2026\/09\/banneredital.png 812w, https:\/\/marcelolopes.jor.br\/site\/wp-content\/uploads\/2026\/09\/banneredital-300x56.png 300w, https:\/\/marcelolopes.jor.br\/site\/wp-content\/uploads\/2026\/09\/banneredital-768x144.png 768w\" sizes=\"(max-width: 812px) 100vw, 812px\" width=\"812\" height=\"152\"  style=\"display: inline-block;\" \/><\/a><\/div><br><\/div><style type=\"text\/css\">\r\n@media screen and (min-width: 1201px) {\r\n.maigq6a97e9da05782 {\r\ndisplay: block;\r\n}\r\n}\r\n@media screen and (min-width: 993px) and (max-width: 1200px) {\r\n.maigq6a97e9da05782 {\r\ndisplay: block;\r\n}\r\n}\r\n@media screen and (min-width: 769px) and (max-width: 992px) {\r\n.maigq6a97e9da05782 {\r\ndisplay: block;\r\n}\r\n}\r\n@media screen and (min-width: 768px) and (max-width: 768px) {\r\n.maigq6a97e9da05782 {\r\ndisplay: block;\r\n}\r\n}\r\n@media screen and (max-width: 767px) {\r\n.maigq6a97e9da05782 {\r\ndisplay: block;\r\n}\r\n}\r\n<\/style>\r\n<div class=\"zhfty6a97e9da0c610\" ><div id=\"div_destino\"><\/div>\r\n<script src=\"https:\/\/cdn.snsrsv.com\/sdk.js\"><\/script>\r\n<script >\r\n      new sdk(\"464030C30061EA8BE065000000000001\") \r\n          .appendTo(\"div_destino\")\r\n          .disableStyle(true) \r\n          .setCacheBusterMacro(\"%%CACHEBUSTER%%\")\r\n          .setSize(\"800\",\"214\")\r\n          .setClickMacro(\"%%CLICK_URL_ESC%%\") \r\n          .setReferrerUrlMacro(\"%%REFERRER_URL_ESC%%\") \r\n          .start(); \r\n<\/script><\/div><style type=\"text\/css\">\r\n@media screen and (min-width: 1201px) {\r\n.zhfty6a97e9da0c610 {\r\ndisplay: block;\r\n}\r\n}\r\n@media screen and (min-width: 993px) and (max-width: 1200px) {\r\n.zhfty6a97e9da0c610 {\r\ndisplay: block;\r\n}\r\n}\r\n@media screen and (min-width: 769px) and (max-width: 992px) {\r\n.zhfty6a97e9da0c610 {\r\ndisplay: block;\r\n}\r\n}\r\n@media screen and (min-width: 768px) and (max-width: 768px) {\r\n.zhfty6a97e9da0c610 {\r\ndisplay: block;\r\n}\r\n}\r\n@media screen and (max-width: 767px) {\r\n.zhfty6a97e9da0c610 {\r\ndisplay: block;\r\n}\r\n}\r\n<\/style>\r\n","protected":false},"excerpt":{"rendered":"<p>A Pra\u00e7a Governador Valadares (pra\u00e7a da Esta\u00e7\u00e3o) foi completamente tomada pelo p\u00fablico na noite desta quinta-feira, 5 de setembro. L\u00e1 teve in\u00edcio as comemora\u00e7\u00f5es pelos 147 anos de Cataguases por meio de um show da dupla sertaneja Marcos &amp; Belutti.<\/p>\n<p class=\"link-more\"><a class=\"more-link\" href=\"https:\/\/marcelolopes.jor.br\/site\/2024\/09\/06\/multidao-lota-praca-da-estacao-em-show-de-marcos-belutti\/\">Leia mais <span class=\"screen-reader-text\">Multid\u00e3o lota pra\u00e7a da Esta\u00e7\u00e3o em show de Marcos &#038; Belutti<\/span><\/a><\/p>\n","protected":false},"author":2,"featured_media":51804,"comment_status":"open","ping_status":"open","sticky":false,"template":"","format":"standard","meta":{"footnotes":""},"categories":[1],"tags":[],"class_list":["post-51799","post","type-post","status-publish","format-standard","has-post-thumbnail","hentry","category-noticias","thumb-below-title"],"yoast_head":"<!-- This site is optimized with the Yoast SEO plugin v28.3 - https:\/\/yoast.com\/product\/yoast-seo-wordpress\/ -->\n<title>Multid\u00e3o lota pra\u00e7a da Esta\u00e7\u00e3o em show de Marcos &amp; Belutti | Marcelo Lopes<\/title>\n<meta name=\"description\" content=\"Multid\u00e3o lota pra\u00e7a da Esta\u00e7\u00e3o em show de Marcos &amp; Belutti. Este foi o primeiro evento comemorativo pelos 147 anos de Cataguases.\" \/>\n<meta name=\"robots\" content=\"index, follow, max-snippet:-1, max-image-preview:large, max-video-preview:-1\" \/>\n<link rel=\"canonical\" href=\"https:\/\/marcelolopes.jor.br\/site\/2024\/09\/06\/multidao-lota-praca-da-estacao-em-show-de-marcos-belutti\/\" \/>\n<meta property=\"og:locale\" content=\"pt_BR\" \/>\n<meta property=\"og:type\" content=\"article\" \/>\n<meta property=\"og:title\" content=\"Multid\u00e3o lota pra\u00e7a da Esta\u00e7\u00e3o em show de Marcos &amp; Belutti | Marcelo Lopes\" \/>\n<meta property=\"og:description\" content=\"Multid\u00e3o lota pra\u00e7a da Esta\u00e7\u00e3o em show de Marcos &amp; Belutti. Este foi o primeiro evento comemorativo pelos 147 anos de Cataguases.\" \/>\n<meta property=\"og:url\" content=\"https:\/\/marcelolopes.jor.br\/site\/2024\/09\/06\/multidao-lota-praca-da-estacao-em-show-de-marcos-belutti\/\" \/>\n<meta property=\"og:site_name\" content=\"Marcelo Lopes\" \/>\n<meta property=\"article:publisher\" content=\"https:\/\/www.facebook.com\/sitedomarcelolopes\" \/>\n<meta property=\"article:published_time\" content=\"2024-09-06T15:00:16+00:00\" \/>\n<meta property=\"og:image\" content=\"https:\/\/marcelolopes.jor.br\/site\/wp-content\/uploads\/2024\/09\/IMG_7150-Grande.jpeg\" \/>\n\t<meta property=\"og:image:width\" content=\"1280\" \/>\n\t<meta property=\"og:image:height\" content=\"720\" \/>\n\t<meta property=\"og:image:type\" content=\"image\/jpeg\" \/>\n<meta name=\"author\" content=\"Marcelo Lopes\" \/>\n<meta name=\"twitter:card\" content=\"summary_large_image\" \/>\n<meta name=\"twitter:label1\" content=\"Escrito por\" \/>\n\t<meta name=\"twitter:data1\" content=\"Marcelo Lopes\" \/>\n\t<meta name=\"twitter:label2\" content=\"Est. tempo de leitura\" \/>\n\t<meta name=\"twitter:data2\" content=\"2 minutos\" \/>\n<script type=\"application\/ld+json\" class=\"yoast-schema-graph\">{\"@context\":\"https:\\\/\\\/schema.org\",\"@graph\":[{\"@type\":\"NewsArticle\",\"@id\":\"https:\\\/\\\/marcelolopes.jor.br\\\/site\\\/2024\\\/09\\\/06\\\/multidao-lota-praca-da-estacao-em-show-de-marcos-belutti\\\/#article\",\"isPartOf\":{\"@id\":\"https:\\\/\\\/marcelolopes.jor.br\\\/site\\\/2024\\\/09\\\/06\\\/multidao-lota-praca-da-estacao-em-show-de-marcos-belutti\\\/\"},\"author\":{\"name\":\"Marcelo Lopes\",\"@id\":\"https:\\\/\\\/marcelolopes.jor.br\\\/site\\\/#\\\/schema\\\/person\\\/3e7216a35c34d8fdf952b31da3d1f89f\"},\"headline\":\"Multid\u00e3o lota pra\u00e7a da Esta\u00e7\u00e3o em show de Marcos &#038; Belutti\",\"datePublished\":\"2024-09-06T15:00:16+00:00\",\"mainEntityOfPage\":{\"@id\":\"https:\\\/\\\/marcelolopes.jor.br\\\/site\\\/2024\\\/09\\\/06\\\/multidao-lota-praca-da-estacao-em-show-de-marcos-belutti\\\/\"},\"wordCount\":401,\"commentCount\":0,\"publisher\":{\"@id\":\"https:\\\/\\\/marcelolopes.jor.br\\\/site\\\/#organization\"},\"image\":{\"@id\":\"https:\\\/\\\/marcelolopes.jor.br\\\/site\\\/2024\\\/09\\\/06\\\/multidao-lota-praca-da-estacao-em-show-de-marcos-belutti\\\/#primaryimage\"},\"thumbnailUrl\":\"https:\\\/\\\/marcelolopes.jor.br\\\/site\\\/wp-content\\\/uploads\\\/2024\\\/09\\\/IMG_7150-Grande.jpeg\",\"articleSection\":[\"Not\u00edcias\"],\"inLanguage\":\"pt-BR\",\"potentialAction\":[{\"@type\":\"CommentAction\",\"name\":\"Comment\",\"target\":[\"https:\\\/\\\/marcelolopes.jor.br\\\/site\\\/2024\\\/09\\\/06\\\/multidao-lota-praca-da-estacao-em-show-de-marcos-belutti\\\/#respond\"]}]},{\"@type\":\"WebPage\",\"@id\":\"https:\\\/\\\/marcelolopes.jor.br\\\/site\\\/2024\\\/09\\\/06\\\/multidao-lota-praca-da-estacao-em-show-de-marcos-belutti\\\/\",\"url\":\"https:\\\/\\\/marcelolopes.jor.br\\\/site\\\/2024\\\/09\\\/06\\\/multidao-lota-praca-da-estacao-em-show-de-marcos-belutti\\\/\",\"name\":\"Multid\u00e3o lota pra\u00e7a da Esta\u00e7\u00e3o em show de Marcos & Belutti | Marcelo Lopes\",\"isPartOf\":{\"@id\":\"https:\\\/\\\/marcelolopes.jor.br\\\/site\\\/#website\"},\"primaryImageOfPage\":{\"@id\":\"https:\\\/\\\/marcelolopes.jor.br\\\/site\\\/2024\\\/09\\\/06\\\/multidao-lota-praca-da-estacao-em-show-de-marcos-belutti\\\/#primaryimage\"},\"image\":{\"@id\":\"https:\\\/\\\/marcelolopes.jor.br\\\/site\\\/2024\\\/09\\\/06\\\/multidao-lota-praca-da-estacao-em-show-de-marcos-belutti\\\/#primaryimage\"},\"thumbnailUrl\":\"https:\\\/\\\/marcelolopes.jor.br\\\/site\\\/wp-content\\\/uploads\\\/2024\\\/09\\\/IMG_7150-Grande.jpeg\",\"datePublished\":\"2024-09-06T15:00:16+00:00\",\"description\":\"Multid\u00e3o lota pra\u00e7a da Esta\u00e7\u00e3o em show de Marcos & Belutti. Este foi o primeiro evento comemorativo pelos 147 anos de Cataguases.\",\"breadcrumb\":{\"@id\":\"https:\\\/\\\/marcelolopes.jor.br\\\/site\\\/2024\\\/09\\\/06\\\/multidao-lota-praca-da-estacao-em-show-de-marcos-belutti\\\/#breadcrumb\"},\"inLanguage\":\"pt-BR\",\"potentialAction\":[{\"@type\":\"ReadAction\",\"target\":[\"https:\\\/\\\/marcelolopes.jor.br\\\/site\\\/2024\\\/09\\\/06\\\/multidao-lota-praca-da-estacao-em-show-de-marcos-belutti\\\/\"]}]},{\"@type\":\"ImageObject\",\"inLanguage\":\"pt-BR\",\"@id\":\"https:\\\/\\\/marcelolopes.jor.br\\\/site\\\/2024\\\/09\\\/06\\\/multidao-lota-praca-da-estacao-em-show-de-marcos-belutti\\\/#primaryimage\",\"url\":\"https:\\\/\\\/marcelolopes.jor.br\\\/site\\\/wp-content\\\/uploads\\\/2024\\\/09\\\/IMG_7150-Grande.jpeg\",\"contentUrl\":\"https:\\\/\\\/marcelolopes.jor.br\\\/site\\\/wp-content\\\/uploads\\\/2024\\\/09\\\/IMG_7150-Grande.jpeg\",\"width\":1280,\"height\":720,\"caption\":\"Multid\u00e3o lota pra\u00e7a da\"},{\"@type\":\"BreadcrumbList\",\"@id\":\"https:\\\/\\\/marcelolopes.jor.br\\\/site\\\/2024\\\/09\\\/06\\\/multidao-lota-praca-da-estacao-em-show-de-marcos-belutti\\\/#breadcrumb\",\"itemListElement\":[{\"@type\":\"ListItem\",\"position\":1,\"name\":\"Home\",\"item\":\"https:\\\/\\\/marcelolopes.jor.br\\\/site\\\/\"},{\"@type\":\"ListItem\",\"position\":2,\"name\":\"Multid\u00e3o lota pra\u00e7a da Esta\u00e7\u00e3o em show de Marcos &#038; Belutti\"}]},{\"@type\":\"WebSite\",\"@id\":\"https:\\\/\\\/marcelolopes.jor.br\\\/site\\\/#website\",\"url\":\"https:\\\/\\\/marcelolopes.jor.br\\\/site\\\/\",\"name\":\"Marcelo Lopes\",\"description\":\"Not\u00edcias de Cataguases e Regi\u00e3o\",\"publisher\":{\"@id\":\"https:\\\/\\\/marcelolopes.jor.br\\\/site\\\/#organization\"},\"potentialAction\":[{\"@type\":\"SearchAction\",\"target\":{\"@type\":\"EntryPoint\",\"urlTemplate\":\"https:\\\/\\\/marcelolopes.jor.br\\\/site\\\/?s={search_term_string}\"},\"query-input\":{\"@type\":\"PropertyValueSpecification\",\"valueRequired\":true,\"valueName\":\"search_term_string\"}}],\"inLanguage\":\"pt-BR\"},{\"@type\":\"Organization\",\"@id\":\"https:\\\/\\\/marcelolopes.jor.br\\\/site\\\/#organization\",\"name\":\"Site do Marcelo Lopes\",\"url\":\"https:\\\/\\\/marcelolopes.jor.br\\\/site\\\/\",\"logo\":{\"@type\":\"ImageObject\",\"inLanguage\":\"pt-BR\",\"@id\":\"https:\\\/\\\/marcelolopes.jor.br\\\/site\\\/#\\\/schema\\\/logo\\\/image\\\/\",\"url\":\"https:\\\/\\\/marcelolopes.jor.br\\\/site\\\/wp-content\\\/uploads\\\/2026\\\/07\\\/cropped-logo2026.png\",\"contentUrl\":\"https:\\\/\\\/marcelolopes.jor.br\\\/site\\\/wp-content\\\/uploads\\\/2026\\\/07\\\/cropped-logo2026.png\",\"width\":328,\"height\":96,\"caption\":\"Site do Marcelo Lopes\"},\"image\":{\"@id\":\"https:\\\/\\\/marcelolopes.jor.br\\\/site\\\/#\\\/schema\\\/logo\\\/image\\\/\"},\"sameAs\":[\"https:\\\/\\\/www.facebook.com\\\/sitedomarcelolopes\",\"https:\\\/\\\/www.instagram.com\\\/sitedomarcelolopes\\\/\",\"https:\\\/\\\/www.linkedin.com\\\/company\\\/site-do-marcelo-lopes\\\/\",\"https:\\\/\\\/www.youtube.com\\\/user\\\/marcelolopes957\"]},{\"@type\":\"Person\",\"@id\":\"https:\\\/\\\/marcelolopes.jor.br\\\/site\\\/#\\\/schema\\\/person\\\/3e7216a35c34d8fdf952b31da3d1f89f\",\"name\":\"Marcelo Lopes\",\"sameAs\":[\"http:\\\/\\\/www.marcelolopes.jor.br\"],\"url\":\"https:\\\/\\\/marcelolopes.jor.br\\\/site\\\/author\\\/marcelo\\\/\"}]}<\/script>\n<!-- \/ Yoast SEO plugin. -->","yoast_head_json":{"title":"Multid\u00e3o lota pra\u00e7a da Esta\u00e7\u00e3o em show de Marcos & Belutti | Marcelo Lopes","description":"Multid\u00e3o lota pra\u00e7a da Esta\u00e7\u00e3o em show de Marcos & Belutti. Este foi o primeiro evento comemorativo pelos 147 anos de Cataguases.","robots":{"index":"index","follow":"follow","max-snippet":"max-snippet:-1","max-image-preview":"max-image-preview:large","max-video-preview":"max-video-preview:-1"},"canonical":"https:\/\/marcelolopes.jor.br\/site\/2024\/09\/06\/multidao-lota-praca-da-estacao-em-show-de-marcos-belutti\/","og_locale":"pt_BR","og_type":"article","og_title":"Multid\u00e3o lota pra\u00e7a da Esta\u00e7\u00e3o em show de Marcos & Belutti | Marcelo Lopes","og_description":"Multid\u00e3o lota pra\u00e7a da Esta\u00e7\u00e3o em show de Marcos & Belutti. Este foi o primeiro evento comemorativo pelos 147 anos de Cataguases.","og_url":"https:\/\/marcelolopes.jor.br\/site\/2024\/09\/06\/multidao-lota-praca-da-estacao-em-show-de-marcos-belutti\/","og_site_name":"Marcelo Lopes","article_publisher":"https:\/\/www.facebook.com\/sitedomarcelolopes","article_published_time":"2024-09-06T15:00:16+00:00","og_image":[{"width":1280,"height":720,"url":"https:\/\/marcelolopes.jor.br\/site\/wp-content\/uploads\/2024\/09\/IMG_7150-Grande.jpeg","type":"image\/jpeg"}],"author":"Marcelo Lopes","twitter_card":"summary_large_image","twitter_misc":{"Escrito por":"Marcelo Lopes","Est. tempo de leitura":"2 minutos"},"schema":{"@context":"https:\/\/schema.org","@graph":[{"@type":"NewsArticle","@id":"https:\/\/marcelolopes.jor.br\/site\/2024\/09\/06\/multidao-lota-praca-da-estacao-em-show-de-marcos-belutti\/#article","isPartOf":{"@id":"https:\/\/marcelolopes.jor.br\/site\/2024\/09\/06\/multidao-lota-praca-da-estacao-em-show-de-marcos-belutti\/"},"author":{"name":"Marcelo Lopes","@id":"https:\/\/marcelolopes.jor.br\/site\/#\/schema\/person\/3e7216a35c34d8fdf952b31da3d1f89f"},"headline":"Multid\u00e3o lota pra\u00e7a da Esta\u00e7\u00e3o em show de Marcos &#038; Belutti","datePublished":"2024-09-06T15:00:16+00:00","mainEntityOfPage":{"@id":"https:\/\/marcelolopes.jor.br\/site\/2024\/09\/06\/multidao-lota-praca-da-estacao-em-show-de-marcos-belutti\/"},"wordCount":401,"commentCount":0,"publisher":{"@id":"https:\/\/marcelolopes.jor.br\/site\/#organization"},"image":{"@id":"https:\/\/marcelolopes.jor.br\/site\/2024\/09\/06\/multidao-lota-praca-da-estacao-em-show-de-marcos-belutti\/#primaryimage"},"thumbnailUrl":"https:\/\/marcelolopes.jor.br\/site\/wp-content\/uploads\/2024\/09\/IMG_7150-Grande.jpeg","articleSection":["Not\u00edcias"],"inLanguage":"pt-BR","potentialAction":[{"@type":"CommentAction","name":"Comment","target":["https:\/\/marcelolopes.jor.br\/site\/2024\/09\/06\/multidao-lota-praca-da-estacao-em-show-de-marcos-belutti\/#respond"]}]},{"@type":"WebPage","@id":"https:\/\/marcelolopes.jor.br\/site\/2024\/09\/06\/multidao-lota-praca-da-estacao-em-show-de-marcos-belutti\/","url":"https:\/\/marcelolopes.jor.br\/site\/2024\/09\/06\/multidao-lota-praca-da-estacao-em-show-de-marcos-belutti\/","name":"Multid\u00e3o lota pra\u00e7a da Esta\u00e7\u00e3o em show de Marcos & Belutti | Marcelo Lopes","isPartOf":{"@id":"https:\/\/marcelolopes.jor.br\/site\/#website"},"primaryImageOfPage":{"@id":"https:\/\/marcelolopes.jor.br\/site\/2024\/09\/06\/multidao-lota-praca-da-estacao-em-show-de-marcos-belutti\/#primaryimage"},"image":{"@id":"https:\/\/marcelolopes.jor.br\/site\/2024\/09\/06\/multidao-lota-praca-da-estacao-em-show-de-marcos-belutti\/#primaryimage"},"thumbnailUrl":"https:\/\/marcelolopes.jor.br\/site\/wp-content\/uploads\/2024\/09\/IMG_7150-Grande.jpeg","datePublished":"2024-09-06T15:00:16+00:00","description":"Multid\u00e3o lota pra\u00e7a da Esta\u00e7\u00e3o em show de Marcos & Belutti. Este foi o primeiro evento comemorativo pelos 147 anos de Cataguases.","breadcrumb":{"@id":"https:\/\/marcelolopes.jor.br\/site\/2024\/09\/06\/multidao-lota-praca-da-estacao-em-show-de-marcos-belutti\/#breadcrumb"},"inLanguage":"pt-BR","potentialAction":[{"@type":"ReadAction","target":["https:\/\/marcelolopes.jor.br\/site\/2024\/09\/06\/multidao-lota-praca-da-estacao-em-show-de-marcos-belutti\/"]}]},{"@type":"ImageObject","inLanguage":"pt-BR","@id":"https:\/\/marcelolopes.jor.br\/site\/2024\/09\/06\/multidao-lota-praca-da-estacao-em-show-de-marcos-belutti\/#primaryimage","url":"https:\/\/marcelolopes.jor.br\/site\/wp-content\/uploads\/2024\/09\/IMG_7150-Grande.jpeg","contentUrl":"https:\/\/marcelolopes.jor.br\/site\/wp-content\/uploads\/2024\/09\/IMG_7150-Grande.jpeg","width":1280,"height":720,"caption":"Multid\u00e3o lota pra\u00e7a da"},{"@type":"BreadcrumbList","@id":"https:\/\/marcelolopes.jor.br\/site\/2024\/09\/06\/multidao-lota-praca-da-estacao-em-show-de-marcos-belutti\/#breadcrumb","itemListElement":[{"@type":"ListItem","position":1,"name":"Home","item":"https:\/\/marcelolopes.jor.br\/site\/"},{"@type":"ListItem","position":2,"name":"Multid\u00e3o lota pra\u00e7a da Esta\u00e7\u00e3o em show de Marcos &#038; Belutti"}]},{"@type":"WebSite","@id":"https:\/\/marcelolopes.jor.br\/site\/#website","url":"https:\/\/marcelolopes.jor.br\/site\/","name":"Marcelo Lopes","description":"Not\u00edcias de Cataguases e Regi\u00e3o","publisher":{"@id":"https:\/\/marcelolopes.jor.br\/site\/#organization"},"potentialAction":[{"@type":"SearchAction","target":{"@type":"EntryPoint","urlTemplate":"https:\/\/marcelolopes.jor.br\/site\/?s={search_term_string}"},"query-input":{"@type":"PropertyValueSpecification","valueRequired":true,"valueName":"search_term_string"}}],"inLanguage":"pt-BR"},{"@type":"Organization","@id":"https:\/\/marcelolopes.jor.br\/site\/#organization","name":"Site do Marcelo Lopes","url":"https:\/\/marcelolopes.jor.br\/site\/","logo":{"@type":"ImageObject","inLanguage":"pt-BR","@id":"https:\/\/marcelolopes.jor.br\/site\/#\/schema\/logo\/image\/","url":"https:\/\/marcelolopes.jor.br\/site\/wp-content\/uploads\/2026\/07\/cropped-logo2026.png","contentUrl":"https:\/\/marcelolopes.jor.br\/site\/wp-content\/uploads\/2026\/07\/cropped-logo2026.png","width":328,"height":96,"caption":"Site do Marcelo Lopes"},"image":{"@id":"https:\/\/marcelolopes.jor.br\/site\/#\/schema\/logo\/image\/"},"sameAs":["https:\/\/www.facebook.com\/sitedomarcelolopes","https:\/\/www.instagram.com\/sitedomarcelolopes\/","https:\/\/www.linkedin.com\/company\/site-do-marcelo-lopes\/","https:\/\/www.youtube.com\/user\/marcelolopes957"]},{"@type":"Person","@id":"https:\/\/marcelolopes.jor.br\/site\/#\/schema\/person\/3e7216a35c34d8fdf952b31da3d1f89f","name":"Marcelo Lopes","sameAs":["http:\/\/www.marcelolopes.jor.br"],"url":"https:\/\/marcelolopes.jor.br\/site\/author\/marcelo\/"}]}},"wps_subtitle":"Este foi o primeiro evento comemorativo pelos 147 anos de Cataguases.","_links":{"self":[{"href":"https:\/\/marcelolopes.jor.br\/site\/wp-json\/wp\/v2\/posts\/51799","targetHints":{"allow":["GET"]}}],"collection":[{"href":"https:\/\/marcelolopes.jor.br\/site\/wp-json\/wp\/v2\/posts"}],"about":[{"href":"https:\/\/marcelolopes.jor.br\/site\/wp-json\/wp\/v2\/types\/post"}],"author":[{"embeddable":true,"href":"https:\/\/marcelolopes.jor.br\/site\/wp-json\/wp\/v2\/users\/2"}],"replies":[{"embeddable":true,"href":"https:\/\/marcelolopes.jor.br\/site\/wp-json\/wp\/v2\/comments?post=51799"}],"version-history":[{"count":0,"href":"https:\/\/marcelolopes.jor.br\/site\/wp-json\/wp\/v2\/posts\/51799\/revisions"}],"wp:featuredmedia":[{"embeddable":true,"href":"https:\/\/marcelolopes.jor.br\/site\/wp-json\/wp\/v2\/media\/51804"}],"wp:attachment":[{"href":"https:\/\/marcelolopes.jor.br\/site\/wp-json\/wp\/v2\/media?parent=51799"}],"wp:term":[{"taxonomy":"category","embeddable":true,"href":"https:\/\/marcelolopes.jor.br\/site\/wp-json\/wp\/v2\/categories?post=51799"},{"taxonomy":"post_tag","embeddable":true,"href":"https:\/\/marcelolopes.jor.br\/site\/wp-json\/wp\/v2\/tags?post=51799"}],"curies":[{"name":"wp","href":"https:\/\/api.w.org\/{rel}","templated":true}]}}