{"id":51771,"date":"2024-09-05T12:14:36","date_gmt":"2024-09-05T15:14:36","guid":{"rendered":"https:\/\/marcelolopes.jor.br\/?p=51771"},"modified":"2024-09-05T13:25:43","modified_gmt":"2024-09-05T16:25:43","slug":"pcmg-prende-suspeito-de-matar-adolescente-gravida-em-uba","status":"publish","type":"post","link":"https:\/\/marcelolopes.jor.br\/site\/2024\/09\/05\/pcmg-prende-suspeito-de-matar-adolescente-gravida-em-uba\/","title":{"rendered":"PCMG prende suspeito de matar adolescente gr\u00e1vida em Ub\u00e1"},"content":{"rendered":"<p>Na manh\u00e3 dessa quarta-feira, 4 de setembro, a Pol\u00edcia Civil de Minas Gerais (PCMG) prendeu um homem, de 27 anos, suspeito de matar uma adolescente, de 14, em 9 de agosto deste ano, em Ub\u00e1. Segundo levantamentos, a jovem era companheira do investigado e estava gr\u00e1vida de sete meses.<\/p>\n<p><!--more--><\/p>\n<h4>\ud83d\udcf8 Siga o Site do Marcelo Lopes no Facebook e no Instagram<br \/>\n\ud83d\udcf1Receba no WhatsApp as not\u00edcias do Site do Marcelo Lopes<\/h4>\n<p>&nbsp;<\/p>\n<p>Durante as investiga\u00e7\u00f5es, a PCMG localizou o suspeito em Maca\u00e9\u2013RJ e contou com apoio da Pol\u00edcia Civil do Estado do Rio de Janeiro (PCERJ) para realizar a pris\u00e3o.<\/p>\n<p>Apura\u00e7\u00f5es apontam que a v\u00edtima teria sido atingida por disparo de arma de fogo. Aos policiais, o investigado teria afirmado que a jovem teria atirado em si mesma; ele alegou que a v\u00edtima j\u00e1 tinha tentado suic\u00eddio antes, e que passava por uma crise depressiva.<\/p>\n<p>Com o homem, os policiais localizaram a arma utilizada no crime. Ele foi detido por posse irregular de arma de fogo, omiss\u00e3o de cautela, e fraude processual, por alterar a cena do crime. No entanto, ap\u00f3s audi\u00eancia de cust\u00f3dia, o investigado foi liberado.<\/p>\n<p>O laudo pericial apontou que devido ao \u00e2ngulo do disparo, a v\u00edtima n\u00e3o poderia ter atirado em si. Os policiais analisaram, ainda, por meio de imagens de c\u00e2meras de seguran\u00e7a, a din\u00e2mica dos fatos. Assim, a PCMG representou \u00e0 Justi\u00e7a pelo mandado de pris\u00e3o do indiv\u00edduo.<\/p>\n<p>Ap\u00f3s investiga\u00e7\u00f5es, o suspeito foi localizado em Maca\u00e9, no estado do Rio de Janeiro, na casa de uma irm\u00e3. A equipe solicitou apoio da 123\u00aa Delegacia de Pol\u00edcia Civil daquela cidade que cumpriu o mandado de pris\u00e3o.<\/p>\n<div class=\"refbm6a97ea1c76045\" ><div style=\"margin-left: auto; margin-right: auto; text-align: center; margin-top: 50px; \" id=\"teste-1038167449\"><a href=\"https:\/\/marcelolopes.jor.br\/site\/edital-audiencia-publica-energisa-minas-rio-2026\/\" aria-label=\"banneredital\"><img loading=\"lazy\" decoding=\"async\" src=\"https:\/\/marcelolopes.jor.br\/site\/wp-content\/uploads\/2026\/09\/banneredital.png\" alt=\"\"  srcset=\"https:\/\/marcelolopes.jor.br\/site\/wp-content\/uploads\/2026\/09\/banneredital.png 812w, https:\/\/marcelolopes.jor.br\/site\/wp-content\/uploads\/2026\/09\/banneredital-300x56.png 300w, https:\/\/marcelolopes.jor.br\/site\/wp-content\/uploads\/2026\/09\/banneredital-768x144.png 768w\" sizes=\"(max-width: 812px) 100vw, 812px\" width=\"812\" height=\"152\"  style=\"display: inline-block;\" \/><\/a><\/div><br><\/div><style type=\"text\/css\">\r\n@media screen and (min-width: 1201px) {\r\n.refbm6a97ea1c76045 {\r\ndisplay: block;\r\n}\r\n}\r\n@media screen and (min-width: 993px) and (max-width: 1200px) {\r\n.refbm6a97ea1c76045 {\r\ndisplay: block;\r\n}\r\n}\r\n@media screen and (min-width: 769px) and (max-width: 992px) {\r\n.refbm6a97ea1c76045 {\r\ndisplay: block;\r\n}\r\n}\r\n@media screen and (min-width: 768px) and (max-width: 768px) {\r\n.refbm6a97ea1c76045 {\r\ndisplay: block;\r\n}\r\n}\r\n@media screen and (max-width: 767px) {\r\n.refbm6a97ea1c76045 {\r\ndisplay: block;\r\n}\r\n}\r\n<\/style>\r\n<div class=\"waadr6a97ea1c7c3f6\" ><div id=\"div_destino\"><\/div>\r\n<script src=\"https:\/\/cdn.snsrsv.com\/sdk.js\"><\/script>\r\n<script >\r\n      new sdk(\"464030C30061EA8BE065000000000001\") \r\n          .appendTo(\"div_destino\")\r\n          .disableStyle(true) \r\n          .setCacheBusterMacro(\"%%CACHEBUSTER%%\")\r\n          .setSize(\"800\",\"214\")\r\n          .setClickMacro(\"%%CLICK_URL_ESC%%\") \r\n          .setReferrerUrlMacro(\"%%REFERRER_URL_ESC%%\") \r\n          .start(); \r\n<\/script><\/div><style type=\"text\/css\">\r\n@media screen and (min-width: 1201px) {\r\n.waadr6a97ea1c7c3f6 {\r\ndisplay: block;\r\n}\r\n}\r\n@media screen and (min-width: 993px) and (max-width: 1200px) {\r\n.waadr6a97ea1c7c3f6 {\r\ndisplay: block;\r\n}\r\n}\r\n@media screen and (min-width: 769px) and (max-width: 992px) {\r\n.waadr6a97ea1c7c3f6 {\r\ndisplay: block;\r\n}\r\n}\r\n@media screen and (min-width: 768px) and (max-width: 768px) {\r\n.waadr6a97ea1c7c3f6 {\r\ndisplay: block;\r\n}\r\n}\r\n@media screen and (max-width: 767px) {\r\n.waadr6a97ea1c7c3f6 {\r\ndisplay: block;\r\n}\r\n}\r\n<\/style>\r\n","protected":false},"excerpt":{"rendered":"<p>Na manh\u00e3 dessa quarta-feira, 4 de setembro, a Pol\u00edcia Civil de Minas Gerais (PCMG) prendeu um homem, de 27 anos, suspeito de matar uma adolescente, de 14, em 9 de agosto deste ano, em Ub\u00e1. Segundo levantamentos, a jovem era<\/p>\n<p class=\"link-more\"><a class=\"more-link\" href=\"https:\/\/marcelolopes.jor.br\/site\/2024\/09\/05\/pcmg-prende-suspeito-de-matar-adolescente-gravida-em-uba\/\">Leia mais <span class=\"screen-reader-text\">PCMG prende suspeito de matar adolescente gr\u00e1vida em Ub\u00e1<\/span><\/a><\/p>\n","protected":false},"author":2,"featured_media":51765,"comment_status":"open","ping_status":"open","sticky":false,"template":"","format":"standard","meta":{"footnotes":""},"categories":[1],"tags":[],"class_list":["post-51771","post","type-post","status-publish","format-standard","has-post-thumbnail","hentry","category-noticias","thumb-below-title"],"yoast_head":"<!-- This site is optimized with the Yoast SEO plugin v28.3 - https:\/\/yoast.com\/product\/yoast-seo-wordpress\/ -->\n<title>PCMG prende suspeito de matar adolescente gr\u00e1vida em Ub\u00e1 | Marcelo Lopes<\/title>\n<meta name=\"description\" content=\"PCMG prende suspeito de matar adolescente gr\u00e1vida em Ub\u00e1. O homem foi detido na casa da irm\u00e3, em Maca\u00e9\u2013RJ, nesta quarta-feira.\" \/>\n<meta name=\"robots\" content=\"index, follow, max-snippet:-1, max-image-preview:large, max-video-preview:-1\" \/>\n<link rel=\"canonical\" href=\"https:\/\/marcelolopes.jor.br\/site\/2024\/09\/05\/pcmg-prende-suspeito-de-matar-adolescente-gravida-em-uba\/\" \/>\n<meta property=\"og:locale\" content=\"pt_BR\" \/>\n<meta property=\"og:type\" content=\"article\" \/>\n<meta property=\"og:title\" content=\"PCMG prende suspeito de matar adolescente gr\u00e1vida em Ub\u00e1 | Marcelo Lopes\" \/>\n<meta property=\"og:description\" content=\"PCMG prende suspeito de matar adolescente gr\u00e1vida em Ub\u00e1. O homem foi detido na casa da irm\u00e3, em Maca\u00e9\u2013RJ, nesta quarta-feira.\" \/>\n<meta property=\"og:url\" content=\"https:\/\/marcelolopes.jor.br\/site\/2024\/09\/05\/pcmg-prende-suspeito-de-matar-adolescente-gravida-em-uba\/\" \/>\n<meta property=\"og:site_name\" content=\"Marcelo Lopes\" \/>\n<meta property=\"article:publisher\" content=\"https:\/\/www.facebook.com\/sitedomarcelolopes\" \/>\n<meta property=\"article:published_time\" content=\"2024-09-05T15:14:36+00:00\" \/>\n<meta property=\"article:modified_time\" content=\"2024-09-05T16:25:43+00:00\" \/>\n<meta property=\"og:image\" content=\"https:\/\/marcelolopes.jor.br\/site\/wp-content\/uploads\/2024\/09\/PCMG.jpeg\" \/>\n\t<meta property=\"og:image:width\" content=\"1280\" \/>\n\t<meta property=\"og:image:height\" content=\"960\" \/>\n\t<meta property=\"og:image:type\" content=\"image\/jpeg\" \/>\n<meta name=\"author\" content=\"Marcelo Lopes\" \/>\n<meta name=\"twitter:card\" content=\"summary_large_image\" \/>\n<meta name=\"twitter:label1\" content=\"Escrito por\" \/>\n\t<meta name=\"twitter:data1\" content=\"Marcelo Lopes\" \/>\n\t<meta name=\"twitter:label2\" content=\"Est. tempo de leitura\" \/>\n\t<meta name=\"twitter:data2\" content=\"1 minuto\" \/>\n<script type=\"application\/ld+json\" class=\"yoast-schema-graph\">{\"@context\":\"https:\\\/\\\/schema.org\",\"@graph\":[{\"@type\":\"NewsArticle\",\"@id\":\"https:\\\/\\\/marcelolopes.jor.br\\\/site\\\/2024\\\/09\\\/05\\\/pcmg-prende-suspeito-de-matar-adolescente-gravida-em-uba\\\/#article\",\"isPartOf\":{\"@id\":\"https:\\\/\\\/marcelolopes.jor.br\\\/site\\\/2024\\\/09\\\/05\\\/pcmg-prende-suspeito-de-matar-adolescente-gravida-em-uba\\\/\"},\"author\":{\"name\":\"Marcelo Lopes\",\"@id\":\"https:\\\/\\\/marcelolopes.jor.br\\\/site\\\/#\\\/schema\\\/person\\\/3e7216a35c34d8fdf952b31da3d1f89f\"},\"headline\":\"PCMG prende suspeito de matar adolescente gr\u00e1vida em Ub\u00e1\",\"datePublished\":\"2024-09-05T15:14:36+00:00\",\"dateModified\":\"2024-09-05T16:25:43+00:00\",\"mainEntityOfPage\":{\"@id\":\"https:\\\/\\\/marcelolopes.jor.br\\\/site\\\/2024\\\/09\\\/05\\\/pcmg-prende-suspeito-de-matar-adolescente-gravida-em-uba\\\/\"},\"wordCount\":301,\"commentCount\":0,\"publisher\":{\"@id\":\"https:\\\/\\\/marcelolopes.jor.br\\\/site\\\/#organization\"},\"image\":{\"@id\":\"https:\\\/\\\/marcelolopes.jor.br\\\/site\\\/2024\\\/09\\\/05\\\/pcmg-prende-suspeito-de-matar-adolescente-gravida-em-uba\\\/#primaryimage\"},\"thumbnailUrl\":\"https:\\\/\\\/marcelolopes.jor.br\\\/site\\\/wp-content\\\/uploads\\\/2024\\\/09\\\/PCMG.jpeg\",\"articleSection\":[\"Not\u00edcias\"],\"inLanguage\":\"pt-BR\",\"potentialAction\":[{\"@type\":\"CommentAction\",\"name\":\"Comment\",\"target\":[\"https:\\\/\\\/marcelolopes.jor.br\\\/site\\\/2024\\\/09\\\/05\\\/pcmg-prende-suspeito-de-matar-adolescente-gravida-em-uba\\\/#respond\"]}]},{\"@type\":\"WebPage\",\"@id\":\"https:\\\/\\\/marcelolopes.jor.br\\\/site\\\/2024\\\/09\\\/05\\\/pcmg-prende-suspeito-de-matar-adolescente-gravida-em-uba\\\/\",\"url\":\"https:\\\/\\\/marcelolopes.jor.br\\\/site\\\/2024\\\/09\\\/05\\\/pcmg-prende-suspeito-de-matar-adolescente-gravida-em-uba\\\/\",\"name\":\"PCMG prende suspeito de matar adolescente gr\u00e1vida em Ub\u00e1 | Marcelo Lopes\",\"isPartOf\":{\"@id\":\"https:\\\/\\\/marcelolopes.jor.br\\\/site\\\/#website\"},\"primaryImageOfPage\":{\"@id\":\"https:\\\/\\\/marcelolopes.jor.br\\\/site\\\/2024\\\/09\\\/05\\\/pcmg-prende-suspeito-de-matar-adolescente-gravida-em-uba\\\/#primaryimage\"},\"image\":{\"@id\":\"https:\\\/\\\/marcelolopes.jor.br\\\/site\\\/2024\\\/09\\\/05\\\/pcmg-prende-suspeito-de-matar-adolescente-gravida-em-uba\\\/#primaryimage\"},\"thumbnailUrl\":\"https:\\\/\\\/marcelolopes.jor.br\\\/site\\\/wp-content\\\/uploads\\\/2024\\\/09\\\/PCMG.jpeg\",\"datePublished\":\"2024-09-05T15:14:36+00:00\",\"dateModified\":\"2024-09-05T16:25:43+00:00\",\"description\":\"PCMG prende suspeito de matar adolescente gr\u00e1vida em Ub\u00e1. O homem foi detido na casa da irm\u00e3, em Maca\u00e9\u2013RJ, nesta quarta-feira.\",\"breadcrumb\":{\"@id\":\"https:\\\/\\\/marcelolopes.jor.br\\\/site\\\/2024\\\/09\\\/05\\\/pcmg-prende-suspeito-de-matar-adolescente-gravida-em-uba\\\/#breadcrumb\"},\"inLanguage\":\"pt-BR\",\"potentialAction\":[{\"@type\":\"ReadAction\",\"target\":[\"https:\\\/\\\/marcelolopes.jor.br\\\/site\\\/2024\\\/09\\\/05\\\/pcmg-prende-suspeito-de-matar-adolescente-gravida-em-uba\\\/\"]}]},{\"@type\":\"ImageObject\",\"inLanguage\":\"pt-BR\",\"@id\":\"https:\\\/\\\/marcelolopes.jor.br\\\/site\\\/2024\\\/09\\\/05\\\/pcmg-prende-suspeito-de-matar-adolescente-gravida-em-uba\\\/#primaryimage\",\"url\":\"https:\\\/\\\/marcelolopes.jor.br\\\/site\\\/wp-content\\\/uploads\\\/2024\\\/09\\\/PCMG.jpeg\",\"contentUrl\":\"https:\\\/\\\/marcelolopes.jor.br\\\/site\\\/wp-content\\\/uploads\\\/2024\\\/09\\\/PCMG.jpeg\",\"width\":1280,\"height\":960,\"caption\":\"PCMG prende suspeito de\"},{\"@type\":\"BreadcrumbList\",\"@id\":\"https:\\\/\\\/marcelolopes.jor.br\\\/site\\\/2024\\\/09\\\/05\\\/pcmg-prende-suspeito-de-matar-adolescente-gravida-em-uba\\\/#breadcrumb\",\"itemListElement\":[{\"@type\":\"ListItem\",\"position\":1,\"name\":\"Home\",\"item\":\"https:\\\/\\\/marcelolopes.jor.br\\\/site\\\/\"},{\"@type\":\"ListItem\",\"position\":2,\"name\":\"PCMG prende suspeito de matar adolescente gr\u00e1vida em Ub\u00e1\"}]},{\"@type\":\"WebSite\",\"@id\":\"https:\\\/\\\/marcelolopes.jor.br\\\/site\\\/#website\",\"url\":\"https:\\\/\\\/marcelolopes.jor.br\\\/site\\\/\",\"name\":\"Marcelo Lopes\",\"description\":\"Not\u00edcias de Cataguases e Regi\u00e3o\",\"publisher\":{\"@id\":\"https:\\\/\\\/marcelolopes.jor.br\\\/site\\\/#organization\"},\"potentialAction\":[{\"@type\":\"SearchAction\",\"target\":{\"@type\":\"EntryPoint\",\"urlTemplate\":\"https:\\\/\\\/marcelolopes.jor.br\\\/site\\\/?s={search_term_string}\"},\"query-input\":{\"@type\":\"PropertyValueSpecification\",\"valueRequired\":true,\"valueName\":\"search_term_string\"}}],\"inLanguage\":\"pt-BR\"},{\"@type\":\"Organization\",\"@id\":\"https:\\\/\\\/marcelolopes.jor.br\\\/site\\\/#organization\",\"name\":\"Site do Marcelo Lopes\",\"url\":\"https:\\\/\\\/marcelolopes.jor.br\\\/site\\\/\",\"logo\":{\"@type\":\"ImageObject\",\"inLanguage\":\"pt-BR\",\"@id\":\"https:\\\/\\\/marcelolopes.jor.br\\\/site\\\/#\\\/schema\\\/logo\\\/image\\\/\",\"url\":\"https:\\\/\\\/marcelolopes.jor.br\\\/site\\\/wp-content\\\/uploads\\\/2026\\\/07\\\/cropped-logo2026.png\",\"contentUrl\":\"https:\\\/\\\/marcelolopes.jor.br\\\/site\\\/wp-content\\\/uploads\\\/2026\\\/07\\\/cropped-logo2026.png\",\"width\":328,\"height\":96,\"caption\":\"Site do Marcelo Lopes\"},\"image\":{\"@id\":\"https:\\\/\\\/marcelolopes.jor.br\\\/site\\\/#\\\/schema\\\/logo\\\/image\\\/\"},\"sameAs\":[\"https:\\\/\\\/www.facebook.com\\\/sitedomarcelolopes\",\"https:\\\/\\\/www.instagram.com\\\/sitedomarcelolopes\\\/\",\"https:\\\/\\\/www.linkedin.com\\\/company\\\/site-do-marcelo-lopes\\\/\",\"https:\\\/\\\/www.youtube.com\\\/user\\\/marcelolopes957\"]},{\"@type\":\"Person\",\"@id\":\"https:\\\/\\\/marcelolopes.jor.br\\\/site\\\/#\\\/schema\\\/person\\\/3e7216a35c34d8fdf952b31da3d1f89f\",\"name\":\"Marcelo Lopes\",\"sameAs\":[\"http:\\\/\\\/www.marcelolopes.jor.br\"],\"url\":\"https:\\\/\\\/marcelolopes.jor.br\\\/site\\\/author\\\/marcelo\\\/\"}]}<\/script>\n<!-- \/ Yoast SEO plugin. -->","yoast_head_json":{"title":"PCMG prende suspeito de matar adolescente gr\u00e1vida em Ub\u00e1 | Marcelo Lopes","description":"PCMG prende suspeito de matar adolescente gr\u00e1vida em Ub\u00e1. O homem foi detido na casa da irm\u00e3, em Maca\u00e9\u2013RJ, nesta quarta-feira.","robots":{"index":"index","follow":"follow","max-snippet":"max-snippet:-1","max-image-preview":"max-image-preview:large","max-video-preview":"max-video-preview:-1"},"canonical":"https:\/\/marcelolopes.jor.br\/site\/2024\/09\/05\/pcmg-prende-suspeito-de-matar-adolescente-gravida-em-uba\/","og_locale":"pt_BR","og_type":"article","og_title":"PCMG prende suspeito de matar adolescente gr\u00e1vida em Ub\u00e1 | Marcelo Lopes","og_description":"PCMG prende suspeito de matar adolescente gr\u00e1vida em Ub\u00e1. O homem foi detido na casa da irm\u00e3, em Maca\u00e9\u2013RJ, nesta quarta-feira.","og_url":"https:\/\/marcelolopes.jor.br\/site\/2024\/09\/05\/pcmg-prende-suspeito-de-matar-adolescente-gravida-em-uba\/","og_site_name":"Marcelo Lopes","article_publisher":"https:\/\/www.facebook.com\/sitedomarcelolopes","article_published_time":"2024-09-05T15:14:36+00:00","article_modified_time":"2024-09-05T16:25:43+00:00","og_image":[{"width":1280,"height":960,"url":"https:\/\/marcelolopes.jor.br\/site\/wp-content\/uploads\/2024\/09\/PCMG.jpeg","type":"image\/jpeg"}],"author":"Marcelo Lopes","twitter_card":"summary_large_image","twitter_misc":{"Escrito por":"Marcelo Lopes","Est. tempo de leitura":"1 minuto"},"schema":{"@context":"https:\/\/schema.org","@graph":[{"@type":"NewsArticle","@id":"https:\/\/marcelolopes.jor.br\/site\/2024\/09\/05\/pcmg-prende-suspeito-de-matar-adolescente-gravida-em-uba\/#article","isPartOf":{"@id":"https:\/\/marcelolopes.jor.br\/site\/2024\/09\/05\/pcmg-prende-suspeito-de-matar-adolescente-gravida-em-uba\/"},"author":{"name":"Marcelo Lopes","@id":"https:\/\/marcelolopes.jor.br\/site\/#\/schema\/person\/3e7216a35c34d8fdf952b31da3d1f89f"},"headline":"PCMG prende suspeito de matar adolescente gr\u00e1vida em Ub\u00e1","datePublished":"2024-09-05T15:14:36+00:00","dateModified":"2024-09-05T16:25:43+00:00","mainEntityOfPage":{"@id":"https:\/\/marcelolopes.jor.br\/site\/2024\/09\/05\/pcmg-prende-suspeito-de-matar-adolescente-gravida-em-uba\/"},"wordCount":301,"commentCount":0,"publisher":{"@id":"https:\/\/marcelolopes.jor.br\/site\/#organization"},"image":{"@id":"https:\/\/marcelolopes.jor.br\/site\/2024\/09\/05\/pcmg-prende-suspeito-de-matar-adolescente-gravida-em-uba\/#primaryimage"},"thumbnailUrl":"https:\/\/marcelolopes.jor.br\/site\/wp-content\/uploads\/2024\/09\/PCMG.jpeg","articleSection":["Not\u00edcias"],"inLanguage":"pt-BR","potentialAction":[{"@type":"CommentAction","name":"Comment","target":["https:\/\/marcelolopes.jor.br\/site\/2024\/09\/05\/pcmg-prende-suspeito-de-matar-adolescente-gravida-em-uba\/#respond"]}]},{"@type":"WebPage","@id":"https:\/\/marcelolopes.jor.br\/site\/2024\/09\/05\/pcmg-prende-suspeito-de-matar-adolescente-gravida-em-uba\/","url":"https:\/\/marcelolopes.jor.br\/site\/2024\/09\/05\/pcmg-prende-suspeito-de-matar-adolescente-gravida-em-uba\/","name":"PCMG prende suspeito de matar adolescente gr\u00e1vida em Ub\u00e1 | Marcelo Lopes","isPartOf":{"@id":"https:\/\/marcelolopes.jor.br\/site\/#website"},"primaryImageOfPage":{"@id":"https:\/\/marcelolopes.jor.br\/site\/2024\/09\/05\/pcmg-prende-suspeito-de-matar-adolescente-gravida-em-uba\/#primaryimage"},"image":{"@id":"https:\/\/marcelolopes.jor.br\/site\/2024\/09\/05\/pcmg-prende-suspeito-de-matar-adolescente-gravida-em-uba\/#primaryimage"},"thumbnailUrl":"https:\/\/marcelolopes.jor.br\/site\/wp-content\/uploads\/2024\/09\/PCMG.jpeg","datePublished":"2024-09-05T15:14:36+00:00","dateModified":"2024-09-05T16:25:43+00:00","description":"PCMG prende suspeito de matar adolescente gr\u00e1vida em Ub\u00e1. O homem foi detido na casa da irm\u00e3, em Maca\u00e9\u2013RJ, nesta quarta-feira.","breadcrumb":{"@id":"https:\/\/marcelolopes.jor.br\/site\/2024\/09\/05\/pcmg-prende-suspeito-de-matar-adolescente-gravida-em-uba\/#breadcrumb"},"inLanguage":"pt-BR","potentialAction":[{"@type":"ReadAction","target":["https:\/\/marcelolopes.jor.br\/site\/2024\/09\/05\/pcmg-prende-suspeito-de-matar-adolescente-gravida-em-uba\/"]}]},{"@type":"ImageObject","inLanguage":"pt-BR","@id":"https:\/\/marcelolopes.jor.br\/site\/2024\/09\/05\/pcmg-prende-suspeito-de-matar-adolescente-gravida-em-uba\/#primaryimage","url":"https:\/\/marcelolopes.jor.br\/site\/wp-content\/uploads\/2024\/09\/PCMG.jpeg","contentUrl":"https:\/\/marcelolopes.jor.br\/site\/wp-content\/uploads\/2024\/09\/PCMG.jpeg","width":1280,"height":960,"caption":"PCMG prende suspeito de"},{"@type":"BreadcrumbList","@id":"https:\/\/marcelolopes.jor.br\/site\/2024\/09\/05\/pcmg-prende-suspeito-de-matar-adolescente-gravida-em-uba\/#breadcrumb","itemListElement":[{"@type":"ListItem","position":1,"name":"Home","item":"https:\/\/marcelolopes.jor.br\/site\/"},{"@type":"ListItem","position":2,"name":"PCMG prende suspeito de matar adolescente gr\u00e1vida em Ub\u00e1"}]},{"@type":"WebSite","@id":"https:\/\/marcelolopes.jor.br\/site\/#website","url":"https:\/\/marcelolopes.jor.br\/site\/","name":"Marcelo Lopes","description":"Not\u00edcias de Cataguases e Regi\u00e3o","publisher":{"@id":"https:\/\/marcelolopes.jor.br\/site\/#organization"},"potentialAction":[{"@type":"SearchAction","target":{"@type":"EntryPoint","urlTemplate":"https:\/\/marcelolopes.jor.br\/site\/?s={search_term_string}"},"query-input":{"@type":"PropertyValueSpecification","valueRequired":true,"valueName":"search_term_string"}}],"inLanguage":"pt-BR"},{"@type":"Organization","@id":"https:\/\/marcelolopes.jor.br\/site\/#organization","name":"Site do Marcelo Lopes","url":"https:\/\/marcelolopes.jor.br\/site\/","logo":{"@type":"ImageObject","inLanguage":"pt-BR","@id":"https:\/\/marcelolopes.jor.br\/site\/#\/schema\/logo\/image\/","url":"https:\/\/marcelolopes.jor.br\/site\/wp-content\/uploads\/2026\/07\/cropped-logo2026.png","contentUrl":"https:\/\/marcelolopes.jor.br\/site\/wp-content\/uploads\/2026\/07\/cropped-logo2026.png","width":328,"height":96,"caption":"Site do Marcelo Lopes"},"image":{"@id":"https:\/\/marcelolopes.jor.br\/site\/#\/schema\/logo\/image\/"},"sameAs":["https:\/\/www.facebook.com\/sitedomarcelolopes","https:\/\/www.instagram.com\/sitedomarcelolopes\/","https:\/\/www.linkedin.com\/company\/site-do-marcelo-lopes\/","https:\/\/www.youtube.com\/user\/marcelolopes957"]},{"@type":"Person","@id":"https:\/\/marcelolopes.jor.br\/site\/#\/schema\/person\/3e7216a35c34d8fdf952b31da3d1f89f","name":"Marcelo Lopes","sameAs":["http:\/\/www.marcelolopes.jor.br"],"url":"https:\/\/marcelolopes.jor.br\/site\/author\/marcelo\/"}]}},"wps_subtitle":"O homem foi detido na casa da irm\u00e3, em Maca\u00e9\u2013RJ.","_links":{"self":[{"href":"https:\/\/marcelolopes.jor.br\/site\/wp-json\/wp\/v2\/posts\/51771","targetHints":{"allow":["GET"]}}],"collection":[{"href":"https:\/\/marcelolopes.jor.br\/site\/wp-json\/wp\/v2\/posts"}],"about":[{"href":"https:\/\/marcelolopes.jor.br\/site\/wp-json\/wp\/v2\/types\/post"}],"author":[{"embeddable":true,"href":"https:\/\/marcelolopes.jor.br\/site\/wp-json\/wp\/v2\/users\/2"}],"replies":[{"embeddable":true,"href":"https:\/\/marcelolopes.jor.br\/site\/wp-json\/wp\/v2\/comments?post=51771"}],"version-history":[{"count":0,"href":"https:\/\/marcelolopes.jor.br\/site\/wp-json\/wp\/v2\/posts\/51771\/revisions"}],"wp:featuredmedia":[{"embeddable":true,"href":"https:\/\/marcelolopes.jor.br\/site\/wp-json\/wp\/v2\/media\/51765"}],"wp:attachment":[{"href":"https:\/\/marcelolopes.jor.br\/site\/wp-json\/wp\/v2\/media?parent=51771"}],"wp:term":[{"taxonomy":"category","embeddable":true,"href":"https:\/\/marcelolopes.jor.br\/site\/wp-json\/wp\/v2\/categories?post=51771"},{"taxonomy":"post_tag","embeddable":true,"href":"https:\/\/marcelolopes.jor.br\/site\/wp-json\/wp\/v2\/tags?post=51771"}],"curies":[{"name":"wp","href":"https:\/\/api.w.org\/{rel}","templated":true}]}}