{"id":51756,"date":"2024-09-05T07:00:21","date_gmt":"2024-09-05T10:00:21","guid":{"rendered":"https:\/\/marcelolopes.jor.br\/?p=51756"},"modified":"2024-09-04T18:34:11","modified_gmt":"2024-09-04T21:34:11","slug":"fecomercio-mg-realiza-minas-ao-luar-com-show-gratuito-de-lo-borges","status":"publish","type":"post","link":"https:\/\/marcelolopes.jor.br\/site\/2024\/09\/05\/fecomercio-mg-realiza-minas-ao-luar-com-show-gratuito-de-lo-borges\/","title":{"rendered":"Fecom\u00e9rcio MG realiza Minas ao Luar com show gratuito de L\u00f4 Borges"},"content":{"rendered":"<p>No pr\u00f3ximo s\u00e1bado, 7 de setembro, Cataguases recebe o projeto itinerante Minas ao Luar, realizado pelo Sistema Fecom\u00e9rcio MG, por meio do Sesc em Minas. O evento gratuito acontecer\u00e1 na pra\u00e7a Rui Barbosa, a partir das 19h, com abertura da artista local Thaylis Carneiro. Em seguida, L\u00f4 Borges, um dos \u00edcones da M\u00fasica Popular Brasileira, sobe ao palco para o show principal.<!--more--><\/p>\n<h4 class=\"p1\"><span class=\"s1\">\ud83d\udcf8 <span style=\"color: #808080;\">Siga o Site do Marcelo Lopes no<\/span> <a href=\"https:\/\/www.facebook.com\/sitedomarcelolopes\/\"><strong><span style=\"color: #800000;\">Facebook<\/span><\/strong><\/a> <span style=\"color: #808080;\">e no<\/span> <strong><span style=\"color: #800000;\"><a style=\"color: #800000;\" href=\"https:\/\/www.instagram.com\/sitedomarcelolopes\/\">Instagram<\/a><\/span><\/strong><\/span><\/h4>\n<h4 class=\"p1\"><span class=\"s1\">\ud83d\udcf1<span style=\"color: #808080;\">Receba no<\/span> <a href=\"https:\/\/chat.whatsapp.com\/BibzcI1ibYSKytbdyzubLA\"><strong><span style=\"color: #800000;\">WhatsApp<\/span><\/strong><\/a> <span style=\"color: #808080;\">as not\u00edcias do Site do Marcelo Lopes<\/span><\/span><\/h4>\n<p>&nbsp;<\/p>\n<p>L\u00f4 Borges \u00e9 cofundador do emblem\u00e1tico Clube da Esquina e coautor, ao lado de Milton Nascimento, do \u00e1lbum hom\u00f4nimo de 1972, que marcou a MPB com can\u00e7\u00f5es como \u201cPaisagem da Janela\u201d, \u201cUm Girassol da Cor do Seu Cabelo\u201d e \u201cO Trem Azul\u201d.<\/p>\n<p>O m\u00fasico emplacou seis EPs entre 2019 e 2024 e prepara novos lan\u00e7amentos para os pr\u00f3ximos meses. No ano passado, foi indicado ao Grammy Latino na categoria de Melhor \u00c1lbum de Rock em l\u00edngua portuguesa pelo disco \u201cN\u00e3o me Espere na Esta\u00e7\u00e3o\u201d, feito em colabora\u00e7\u00e3o com o letrista C\u00e9sar Maur\u00edcio.<\/p>\n<p><img loading=\"lazy\" decoding=\"async\" class=\"size-full wp-image-51758 alignleft\" src=\"https:\/\/marcelolopes.jor.br\/site\/wp-content\/uploads\/2024\/09\/Thaylis.jpg\" alt=\"\" width=\"200\" height=\"224\" \/>J\u00e1 a cantora, compositora e instrumentista Thaylis Carneiro (foto ao lado) interpretar\u00e1 sucessos de Alcione e outros sambistas consagrados. Uma das principais vozes da regi\u00e3o, est\u00e1 em franca ascens\u00e3o na cena musical brasileira, al\u00e9m de ter se consagrado vencedora do Festival Nacional da Can\u00e7\u00e3o, em 2018. Thaylis tamb\u00e9m j\u00e1 fez apresentou nos Pa\u00edses Baixos. Ambos os shows ter\u00e3o a participa\u00e7\u00e3o de int\u00e9rpretes de Libras.<\/p>\n<p>O evento conta com o apoio do Sindicom\u00e9rcio Cataguases.<\/p>\n<h3>Sobre o Minas ao Luar<\/h3>\n<p>Um dos maiores e mais antigos projetos de valoriza\u00e7\u00e3o da m\u00fasica brasileira e de difus\u00e3o das culturas populares no estado, o Minas ao Luar \u00e9 um evento do Sistema Fecom\u00e9rcio MG, realizado desde 1994 pelo Sesc em Minas. As duas institui\u00e7\u00f5es integram a CNC \u2013 Confedera\u00e7\u00e3o Nacional do Com\u00e9rcio \u2013 ao lado do Senac e dos Sindicatos Empresariais.<\/p>\n<p>O Programa j\u00e1 esteve em mais de 200 munic\u00edpios de Minas Gerais, com atra\u00e7\u00f5es gratuitas e eventos em espa\u00e7os p\u00fablicos.<\/p>\n<p><strong>OUTRAS NOT\u00cdCIAS<\/strong><br \/>\n<a href=\"https:\/\/marcelolopes.jor.br\/2023\/09\/10\/carmim-a-banda-e-flavio-venturini-lotam-a-praca-rui-barbosa-no-minas-ao-luar\/\"><strong><span style=\"color: #800000;\">Carmim a Banda e Fl\u00e1vio Venturini lotam a Pra\u00e7a Rui Barbosa no Minas ao Luar<\/span><\/strong><\/a><\/p>\n<p><a href=\"https:\/\/marcelolopes.jor.br\/2023\/09\/09\/minas-ao-luar-traz-shows-de-banda-carmim-e-de-flavio-venturini\/\"><strong><span style=\"color: #800000;\">Minas ao Luar traz shows de Banda Carmim e de Fl\u00e1vio Venturini<\/span><\/strong><\/a><\/p>\n<p>Fonte: Fecom\u00e9rcio MG | Foto: Jo\u00e3o Diniz<\/p>\n<div class=\"msmbt6a97e9e052b8a\" ><div style=\"margin-left: auto; margin-right: auto; text-align: center; margin-top: 50px; \" id=\"teste-1127363355\"><a href=\"https:\/\/marcelolopes.jor.br\/site\/edital-audiencia-publica-energisa-minas-rio-2026\/\" aria-label=\"banneredital\"><img loading=\"lazy\" decoding=\"async\" src=\"https:\/\/marcelolopes.jor.br\/site\/wp-content\/uploads\/2026\/09\/banneredital.png\" alt=\"\"  srcset=\"https:\/\/marcelolopes.jor.br\/site\/wp-content\/uploads\/2026\/09\/banneredital.png 812w, https:\/\/marcelolopes.jor.br\/site\/wp-content\/uploads\/2026\/09\/banneredital-300x56.png 300w, https:\/\/marcelolopes.jor.br\/site\/wp-content\/uploads\/2026\/09\/banneredital-768x144.png 768w\" sizes=\"(max-width: 812px) 100vw, 812px\" width=\"812\" height=\"152\"  style=\"display: inline-block;\" \/><\/a><\/div><br><\/div><style type=\"text\/css\">\r\n@media screen and (min-width: 1201px) {\r\n.msmbt6a97e9e052b8a {\r\ndisplay: block;\r\n}\r\n}\r\n@media screen and (min-width: 993px) and (max-width: 1200px) {\r\n.msmbt6a97e9e052b8a {\r\ndisplay: block;\r\n}\r\n}\r\n@media screen and (min-width: 769px) and (max-width: 992px) {\r\n.msmbt6a97e9e052b8a {\r\ndisplay: block;\r\n}\r\n}\r\n@media screen and (min-width: 768px) and (max-width: 768px) {\r\n.msmbt6a97e9e052b8a {\r\ndisplay: block;\r\n}\r\n}\r\n@media screen and (max-width: 767px) {\r\n.msmbt6a97e9e052b8a {\r\ndisplay: block;\r\n}\r\n}\r\n<\/style>\r\n<div class=\"kmiyx6a97e9e05b049\" ><div id=\"div_destino\"><\/div>\r\n<script src=\"https:\/\/cdn.snsrsv.com\/sdk.js\"><\/script>\r\n<script >\r\n      new sdk(\"464030C30061EA8BE065000000000001\") \r\n          .appendTo(\"div_destino\")\r\n          .disableStyle(true) \r\n          .setCacheBusterMacro(\"%%CACHEBUSTER%%\")\r\n          .setSize(\"800\",\"214\")\r\n          .setClickMacro(\"%%CLICK_URL_ESC%%\") \r\n          .setReferrerUrlMacro(\"%%REFERRER_URL_ESC%%\") \r\n          .start(); \r\n<\/script><\/div><style type=\"text\/css\">\r\n@media screen and (min-width: 1201px) {\r\n.kmiyx6a97e9e05b049 {\r\ndisplay: block;\r\n}\r\n}\r\n@media screen and (min-width: 993px) and (max-width: 1200px) {\r\n.kmiyx6a97e9e05b049 {\r\ndisplay: block;\r\n}\r\n}\r\n@media screen and (min-width: 769px) and (max-width: 992px) {\r\n.kmiyx6a97e9e05b049 {\r\ndisplay: block;\r\n}\r\n}\r\n@media screen and (min-width: 768px) and (max-width: 768px) {\r\n.kmiyx6a97e9e05b049 {\r\ndisplay: block;\r\n}\r\n}\r\n@media screen and (max-width: 767px) {\r\n.kmiyx6a97e9e05b049 {\r\ndisplay: block;\r\n}\r\n}\r\n<\/style>\r\n","protected":false},"excerpt":{"rendered":"<p>No pr\u00f3ximo s\u00e1bado, 7 de setembro, Cataguases recebe o projeto itinerante Minas ao Luar, realizado pelo Sistema Fecom\u00e9rcio MG, por meio do Sesc em Minas. O evento gratuito acontecer\u00e1 na pra\u00e7a Rui Barbosa, a partir das 19h, com abertura da<\/p>\n<p class=\"link-more\"><a class=\"more-link\" href=\"https:\/\/marcelolopes.jor.br\/site\/2024\/09\/05\/fecomercio-mg-realiza-minas-ao-luar-com-show-gratuito-de-lo-borges\/\">Leia mais <span class=\"screen-reader-text\">Fecom\u00e9rcio MG realiza Minas ao Luar com show gratuito de L\u00f4 Borges<\/span><\/a><\/p>\n","protected":false},"author":2,"featured_media":51757,"comment_status":"open","ping_status":"open","sticky":false,"template":"","format":"standard","meta":{"footnotes":""},"categories":[1],"tags":[],"class_list":["post-51756","post","type-post","status-publish","format-standard","has-post-thumbnail","hentry","category-noticias","thumb-below-title"],"yoast_head":"<!-- This site is optimized with the Yoast SEO plugin v28.3 - https:\/\/yoast.com\/product\/yoast-seo-wordpress\/ -->\n<title>Fecom\u00e9rcio MG realiza Minas ao Luar com show gratuito de L\u00f4<\/title>\n<meta name=\"description\" content=\"Fecom\u00e9rcio MG realiza Minas ao Luar com show gratuito de L\u00f4 Borges. Evento ser\u00e1 na Pra\u00e7a Rui Barbosa e ter\u00e1 tamb\u00e9m show de Thaylis Carneiro.\" \/>\n<meta name=\"robots\" content=\"index, follow, max-snippet:-1, max-image-preview:large, max-video-preview:-1\" \/>\n<link rel=\"canonical\" href=\"https:\/\/marcelolopes.jor.br\/site\/2024\/09\/05\/fecomercio-mg-realiza-minas-ao-luar-com-show-gratuito-de-lo-borges\/\" \/>\n<meta property=\"og:locale\" content=\"pt_BR\" \/>\n<meta property=\"og:type\" content=\"article\" \/>\n<meta property=\"og:title\" content=\"Fecom\u00e9rcio MG realiza Minas ao Luar com show gratuito de L\u00f4\" \/>\n<meta property=\"og:description\" content=\"Fecom\u00e9rcio MG realiza Minas ao Luar com show gratuito de L\u00f4 Borges. Evento ser\u00e1 na Pra\u00e7a Rui Barbosa e ter\u00e1 tamb\u00e9m show de Thaylis Carneiro.\" \/>\n<meta property=\"og:url\" content=\"https:\/\/marcelolopes.jor.br\/site\/2024\/09\/05\/fecomercio-mg-realiza-minas-ao-luar-com-show-gratuito-de-lo-borges\/\" \/>\n<meta property=\"og:site_name\" content=\"Marcelo Lopes\" \/>\n<meta property=\"article:publisher\" content=\"https:\/\/www.facebook.com\/sitedomarcelolopes\" \/>\n<meta property=\"article:published_time\" content=\"2024-09-05T10:00:21+00:00\" \/>\n<meta property=\"og:image\" content=\"https:\/\/marcelolopes.jor.br\/site\/wp-content\/uploads\/2024\/09\/Lo-Borgee.jpeg\" \/>\n\t<meta property=\"og:image:width\" content=\"1280\" \/>\n\t<meta property=\"og:image:height\" content=\"848\" \/>\n\t<meta property=\"og:image:type\" content=\"image\/jpeg\" \/>\n<meta name=\"author\" content=\"Marcelo Lopes\" \/>\n<meta name=\"twitter:card\" content=\"summary_large_image\" \/>\n<meta name=\"twitter:label1\" content=\"Escrito por\" \/>\n\t<meta name=\"twitter:data1\" content=\"Marcelo Lopes\" \/>\n\t<meta name=\"twitter:label2\" content=\"Est. tempo de leitura\" \/>\n\t<meta name=\"twitter:data2\" content=\"2 minutos\" \/>\n<script type=\"application\/ld+json\" class=\"yoast-schema-graph\">{\"@context\":\"https:\\\/\\\/schema.org\",\"@graph\":[{\"@type\":\"NewsArticle\",\"@id\":\"https:\\\/\\\/marcelolopes.jor.br\\\/site\\\/2024\\\/09\\\/05\\\/fecomercio-mg-realiza-minas-ao-luar-com-show-gratuito-de-lo-borges\\\/#article\",\"isPartOf\":{\"@id\":\"https:\\\/\\\/marcelolopes.jor.br\\\/site\\\/2024\\\/09\\\/05\\\/fecomercio-mg-realiza-minas-ao-luar-com-show-gratuito-de-lo-borges\\\/\"},\"author\":{\"name\":\"Marcelo Lopes\",\"@id\":\"https:\\\/\\\/marcelolopes.jor.br\\\/site\\\/#\\\/schema\\\/person\\\/3e7216a35c34d8fdf952b31da3d1f89f\"},\"headline\":\"Fecom\u00e9rcio MG realiza Minas ao Luar com show gratuito de L\u00f4 Borges\",\"datePublished\":\"2024-09-05T10:00:21+00:00\",\"mainEntityOfPage\":{\"@id\":\"https:\\\/\\\/marcelolopes.jor.br\\\/site\\\/2024\\\/09\\\/05\\\/fecomercio-mg-realiza-minas-ao-luar-com-show-gratuito-de-lo-borges\\\/\"},\"wordCount\":414,\"commentCount\":0,\"publisher\":{\"@id\":\"https:\\\/\\\/marcelolopes.jor.br\\\/site\\\/#organization\"},\"image\":{\"@id\":\"https:\\\/\\\/marcelolopes.jor.br\\\/site\\\/2024\\\/09\\\/05\\\/fecomercio-mg-realiza-minas-ao-luar-com-show-gratuito-de-lo-borges\\\/#primaryimage\"},\"thumbnailUrl\":\"https:\\\/\\\/marcelolopes.jor.br\\\/site\\\/wp-content\\\/uploads\\\/2024\\\/09\\\/Lo-Borgee.jpeg\",\"articleSection\":[\"Not\u00edcias\"],\"inLanguage\":\"pt-BR\",\"potentialAction\":[{\"@type\":\"CommentAction\",\"name\":\"Comment\",\"target\":[\"https:\\\/\\\/marcelolopes.jor.br\\\/site\\\/2024\\\/09\\\/05\\\/fecomercio-mg-realiza-minas-ao-luar-com-show-gratuito-de-lo-borges\\\/#respond\"]}]},{\"@type\":\"WebPage\",\"@id\":\"https:\\\/\\\/marcelolopes.jor.br\\\/site\\\/2024\\\/09\\\/05\\\/fecomercio-mg-realiza-minas-ao-luar-com-show-gratuito-de-lo-borges\\\/\",\"url\":\"https:\\\/\\\/marcelolopes.jor.br\\\/site\\\/2024\\\/09\\\/05\\\/fecomercio-mg-realiza-minas-ao-luar-com-show-gratuito-de-lo-borges\\\/\",\"name\":\"Fecom\u00e9rcio MG realiza Minas ao Luar com show gratuito de L\u00f4\",\"isPartOf\":{\"@id\":\"https:\\\/\\\/marcelolopes.jor.br\\\/site\\\/#website\"},\"primaryImageOfPage\":{\"@id\":\"https:\\\/\\\/marcelolopes.jor.br\\\/site\\\/2024\\\/09\\\/05\\\/fecomercio-mg-realiza-minas-ao-luar-com-show-gratuito-de-lo-borges\\\/#primaryimage\"},\"image\":{\"@id\":\"https:\\\/\\\/marcelolopes.jor.br\\\/site\\\/2024\\\/09\\\/05\\\/fecomercio-mg-realiza-minas-ao-luar-com-show-gratuito-de-lo-borges\\\/#primaryimage\"},\"thumbnailUrl\":\"https:\\\/\\\/marcelolopes.jor.br\\\/site\\\/wp-content\\\/uploads\\\/2024\\\/09\\\/Lo-Borgee.jpeg\",\"datePublished\":\"2024-09-05T10:00:21+00:00\",\"description\":\"Fecom\u00e9rcio MG realiza Minas ao Luar com show gratuito de L\u00f4 Borges. Evento ser\u00e1 na Pra\u00e7a Rui Barbosa e ter\u00e1 tamb\u00e9m show de Thaylis Carneiro.\",\"breadcrumb\":{\"@id\":\"https:\\\/\\\/marcelolopes.jor.br\\\/site\\\/2024\\\/09\\\/05\\\/fecomercio-mg-realiza-minas-ao-luar-com-show-gratuito-de-lo-borges\\\/#breadcrumb\"},\"inLanguage\":\"pt-BR\",\"potentialAction\":[{\"@type\":\"ReadAction\",\"target\":[\"https:\\\/\\\/marcelolopes.jor.br\\\/site\\\/2024\\\/09\\\/05\\\/fecomercio-mg-realiza-minas-ao-luar-com-show-gratuito-de-lo-borges\\\/\"]}]},{\"@type\":\"ImageObject\",\"inLanguage\":\"pt-BR\",\"@id\":\"https:\\\/\\\/marcelolopes.jor.br\\\/site\\\/2024\\\/09\\\/05\\\/fecomercio-mg-realiza-minas-ao-luar-com-show-gratuito-de-lo-borges\\\/#primaryimage\",\"url\":\"https:\\\/\\\/marcelolopes.jor.br\\\/site\\\/wp-content\\\/uploads\\\/2024\\\/09\\\/Lo-Borgee.jpeg\",\"contentUrl\":\"https:\\\/\\\/marcelolopes.jor.br\\\/site\\\/wp-content\\\/uploads\\\/2024\\\/09\\\/Lo-Borgee.jpeg\",\"width\":1280,\"height\":848,\"caption\":\"Fecom\u00e9rcio MG realiza Minas\"},{\"@type\":\"BreadcrumbList\",\"@id\":\"https:\\\/\\\/marcelolopes.jor.br\\\/site\\\/2024\\\/09\\\/05\\\/fecomercio-mg-realiza-minas-ao-luar-com-show-gratuito-de-lo-borges\\\/#breadcrumb\",\"itemListElement\":[{\"@type\":\"ListItem\",\"position\":1,\"name\":\"Home\",\"item\":\"https:\\\/\\\/marcelolopes.jor.br\\\/site\\\/\"},{\"@type\":\"ListItem\",\"position\":2,\"name\":\"Fecom\u00e9rcio MG realiza Minas ao Luar com show gratuito de L\u00f4 Borges\"}]},{\"@type\":\"WebSite\",\"@id\":\"https:\\\/\\\/marcelolopes.jor.br\\\/site\\\/#website\",\"url\":\"https:\\\/\\\/marcelolopes.jor.br\\\/site\\\/\",\"name\":\"Marcelo Lopes\",\"description\":\"Not\u00edcias de Cataguases e Regi\u00e3o\",\"publisher\":{\"@id\":\"https:\\\/\\\/marcelolopes.jor.br\\\/site\\\/#organization\"},\"potentialAction\":[{\"@type\":\"SearchAction\",\"target\":{\"@type\":\"EntryPoint\",\"urlTemplate\":\"https:\\\/\\\/marcelolopes.jor.br\\\/site\\\/?s={search_term_string}\"},\"query-input\":{\"@type\":\"PropertyValueSpecification\",\"valueRequired\":true,\"valueName\":\"search_term_string\"}}],\"inLanguage\":\"pt-BR\"},{\"@type\":\"Organization\",\"@id\":\"https:\\\/\\\/marcelolopes.jor.br\\\/site\\\/#organization\",\"name\":\"Site do Marcelo Lopes\",\"url\":\"https:\\\/\\\/marcelolopes.jor.br\\\/site\\\/\",\"logo\":{\"@type\":\"ImageObject\",\"inLanguage\":\"pt-BR\",\"@id\":\"https:\\\/\\\/marcelolopes.jor.br\\\/site\\\/#\\\/schema\\\/logo\\\/image\\\/\",\"url\":\"https:\\\/\\\/marcelolopes.jor.br\\\/site\\\/wp-content\\\/uploads\\\/2026\\\/07\\\/cropped-logo2026.png\",\"contentUrl\":\"https:\\\/\\\/marcelolopes.jor.br\\\/site\\\/wp-content\\\/uploads\\\/2026\\\/07\\\/cropped-logo2026.png\",\"width\":328,\"height\":96,\"caption\":\"Site do Marcelo Lopes\"},\"image\":{\"@id\":\"https:\\\/\\\/marcelolopes.jor.br\\\/site\\\/#\\\/schema\\\/logo\\\/image\\\/\"},\"sameAs\":[\"https:\\\/\\\/www.facebook.com\\\/sitedomarcelolopes\",\"https:\\\/\\\/www.instagram.com\\\/sitedomarcelolopes\\\/\",\"https:\\\/\\\/www.linkedin.com\\\/company\\\/site-do-marcelo-lopes\\\/\",\"https:\\\/\\\/www.youtube.com\\\/user\\\/marcelolopes957\"]},{\"@type\":\"Person\",\"@id\":\"https:\\\/\\\/marcelolopes.jor.br\\\/site\\\/#\\\/schema\\\/person\\\/3e7216a35c34d8fdf952b31da3d1f89f\",\"name\":\"Marcelo Lopes\",\"sameAs\":[\"http:\\\/\\\/www.marcelolopes.jor.br\"],\"url\":\"https:\\\/\\\/marcelolopes.jor.br\\\/site\\\/author\\\/marcelo\\\/\"}]}<\/script>\n<!-- \/ Yoast SEO plugin. -->","yoast_head_json":{"title":"Fecom\u00e9rcio MG realiza Minas ao Luar com show gratuito de L\u00f4","description":"Fecom\u00e9rcio MG realiza Minas ao Luar com show gratuito de L\u00f4 Borges. Evento ser\u00e1 na Pra\u00e7a Rui Barbosa e ter\u00e1 tamb\u00e9m show de Thaylis Carneiro.","robots":{"index":"index","follow":"follow","max-snippet":"max-snippet:-1","max-image-preview":"max-image-preview:large","max-video-preview":"max-video-preview:-1"},"canonical":"https:\/\/marcelolopes.jor.br\/site\/2024\/09\/05\/fecomercio-mg-realiza-minas-ao-luar-com-show-gratuito-de-lo-borges\/","og_locale":"pt_BR","og_type":"article","og_title":"Fecom\u00e9rcio MG realiza Minas ao Luar com show gratuito de L\u00f4","og_description":"Fecom\u00e9rcio MG realiza Minas ao Luar com show gratuito de L\u00f4 Borges. Evento ser\u00e1 na Pra\u00e7a Rui Barbosa e ter\u00e1 tamb\u00e9m show de Thaylis Carneiro.","og_url":"https:\/\/marcelolopes.jor.br\/site\/2024\/09\/05\/fecomercio-mg-realiza-minas-ao-luar-com-show-gratuito-de-lo-borges\/","og_site_name":"Marcelo Lopes","article_publisher":"https:\/\/www.facebook.com\/sitedomarcelolopes","article_published_time":"2024-09-05T10:00:21+00:00","og_image":[{"width":1280,"height":848,"url":"https:\/\/marcelolopes.jor.br\/site\/wp-content\/uploads\/2024\/09\/Lo-Borgee.jpeg","type":"image\/jpeg"}],"author":"Marcelo Lopes","twitter_card":"summary_large_image","twitter_misc":{"Escrito por":"Marcelo Lopes","Est. tempo de leitura":"2 minutos"},"schema":{"@context":"https:\/\/schema.org","@graph":[{"@type":"NewsArticle","@id":"https:\/\/marcelolopes.jor.br\/site\/2024\/09\/05\/fecomercio-mg-realiza-minas-ao-luar-com-show-gratuito-de-lo-borges\/#article","isPartOf":{"@id":"https:\/\/marcelolopes.jor.br\/site\/2024\/09\/05\/fecomercio-mg-realiza-minas-ao-luar-com-show-gratuito-de-lo-borges\/"},"author":{"name":"Marcelo Lopes","@id":"https:\/\/marcelolopes.jor.br\/site\/#\/schema\/person\/3e7216a35c34d8fdf952b31da3d1f89f"},"headline":"Fecom\u00e9rcio MG realiza Minas ao Luar com show gratuito de L\u00f4 Borges","datePublished":"2024-09-05T10:00:21+00:00","mainEntityOfPage":{"@id":"https:\/\/marcelolopes.jor.br\/site\/2024\/09\/05\/fecomercio-mg-realiza-minas-ao-luar-com-show-gratuito-de-lo-borges\/"},"wordCount":414,"commentCount":0,"publisher":{"@id":"https:\/\/marcelolopes.jor.br\/site\/#organization"},"image":{"@id":"https:\/\/marcelolopes.jor.br\/site\/2024\/09\/05\/fecomercio-mg-realiza-minas-ao-luar-com-show-gratuito-de-lo-borges\/#primaryimage"},"thumbnailUrl":"https:\/\/marcelolopes.jor.br\/site\/wp-content\/uploads\/2024\/09\/Lo-Borgee.jpeg","articleSection":["Not\u00edcias"],"inLanguage":"pt-BR","potentialAction":[{"@type":"CommentAction","name":"Comment","target":["https:\/\/marcelolopes.jor.br\/site\/2024\/09\/05\/fecomercio-mg-realiza-minas-ao-luar-com-show-gratuito-de-lo-borges\/#respond"]}]},{"@type":"WebPage","@id":"https:\/\/marcelolopes.jor.br\/site\/2024\/09\/05\/fecomercio-mg-realiza-minas-ao-luar-com-show-gratuito-de-lo-borges\/","url":"https:\/\/marcelolopes.jor.br\/site\/2024\/09\/05\/fecomercio-mg-realiza-minas-ao-luar-com-show-gratuito-de-lo-borges\/","name":"Fecom\u00e9rcio MG realiza Minas ao Luar com show gratuito de L\u00f4","isPartOf":{"@id":"https:\/\/marcelolopes.jor.br\/site\/#website"},"primaryImageOfPage":{"@id":"https:\/\/marcelolopes.jor.br\/site\/2024\/09\/05\/fecomercio-mg-realiza-minas-ao-luar-com-show-gratuito-de-lo-borges\/#primaryimage"},"image":{"@id":"https:\/\/marcelolopes.jor.br\/site\/2024\/09\/05\/fecomercio-mg-realiza-minas-ao-luar-com-show-gratuito-de-lo-borges\/#primaryimage"},"thumbnailUrl":"https:\/\/marcelolopes.jor.br\/site\/wp-content\/uploads\/2024\/09\/Lo-Borgee.jpeg","datePublished":"2024-09-05T10:00:21+00:00","description":"Fecom\u00e9rcio MG realiza Minas ao Luar com show gratuito de L\u00f4 Borges. Evento ser\u00e1 na Pra\u00e7a Rui Barbosa e ter\u00e1 tamb\u00e9m show de Thaylis Carneiro.","breadcrumb":{"@id":"https:\/\/marcelolopes.jor.br\/site\/2024\/09\/05\/fecomercio-mg-realiza-minas-ao-luar-com-show-gratuito-de-lo-borges\/#breadcrumb"},"inLanguage":"pt-BR","potentialAction":[{"@type":"ReadAction","target":["https:\/\/marcelolopes.jor.br\/site\/2024\/09\/05\/fecomercio-mg-realiza-minas-ao-luar-com-show-gratuito-de-lo-borges\/"]}]},{"@type":"ImageObject","inLanguage":"pt-BR","@id":"https:\/\/marcelolopes.jor.br\/site\/2024\/09\/05\/fecomercio-mg-realiza-minas-ao-luar-com-show-gratuito-de-lo-borges\/#primaryimage","url":"https:\/\/marcelolopes.jor.br\/site\/wp-content\/uploads\/2024\/09\/Lo-Borgee.jpeg","contentUrl":"https:\/\/marcelolopes.jor.br\/site\/wp-content\/uploads\/2024\/09\/Lo-Borgee.jpeg","width":1280,"height":848,"caption":"Fecom\u00e9rcio MG realiza Minas"},{"@type":"BreadcrumbList","@id":"https:\/\/marcelolopes.jor.br\/site\/2024\/09\/05\/fecomercio-mg-realiza-minas-ao-luar-com-show-gratuito-de-lo-borges\/#breadcrumb","itemListElement":[{"@type":"ListItem","position":1,"name":"Home","item":"https:\/\/marcelolopes.jor.br\/site\/"},{"@type":"ListItem","position":2,"name":"Fecom\u00e9rcio MG realiza Minas ao Luar com show gratuito de L\u00f4 Borges"}]},{"@type":"WebSite","@id":"https:\/\/marcelolopes.jor.br\/site\/#website","url":"https:\/\/marcelolopes.jor.br\/site\/","name":"Marcelo Lopes","description":"Not\u00edcias de Cataguases e Regi\u00e3o","publisher":{"@id":"https:\/\/marcelolopes.jor.br\/site\/#organization"},"potentialAction":[{"@type":"SearchAction","target":{"@type":"EntryPoint","urlTemplate":"https:\/\/marcelolopes.jor.br\/site\/?s={search_term_string}"},"query-input":{"@type":"PropertyValueSpecification","valueRequired":true,"valueName":"search_term_string"}}],"inLanguage":"pt-BR"},{"@type":"Organization","@id":"https:\/\/marcelolopes.jor.br\/site\/#organization","name":"Site do Marcelo Lopes","url":"https:\/\/marcelolopes.jor.br\/site\/","logo":{"@type":"ImageObject","inLanguage":"pt-BR","@id":"https:\/\/marcelolopes.jor.br\/site\/#\/schema\/logo\/image\/","url":"https:\/\/marcelolopes.jor.br\/site\/wp-content\/uploads\/2026\/07\/cropped-logo2026.png","contentUrl":"https:\/\/marcelolopes.jor.br\/site\/wp-content\/uploads\/2026\/07\/cropped-logo2026.png","width":328,"height":96,"caption":"Site do Marcelo Lopes"},"image":{"@id":"https:\/\/marcelolopes.jor.br\/site\/#\/schema\/logo\/image\/"},"sameAs":["https:\/\/www.facebook.com\/sitedomarcelolopes","https:\/\/www.instagram.com\/sitedomarcelolopes\/","https:\/\/www.linkedin.com\/company\/site-do-marcelo-lopes\/","https:\/\/www.youtube.com\/user\/marcelolopes957"]},{"@type":"Person","@id":"https:\/\/marcelolopes.jor.br\/site\/#\/schema\/person\/3e7216a35c34d8fdf952b31da3d1f89f","name":"Marcelo Lopes","sameAs":["http:\/\/www.marcelolopes.jor.br"],"url":"https:\/\/marcelolopes.jor.br\/site\/author\/marcelo\/"}]}},"wps_subtitle":"Evento ser\u00e1 na Pra\u00e7a Rui Barbosa e ter\u00e1 tamb\u00e9m show de Thaylis Carneiro.","_links":{"self":[{"href":"https:\/\/marcelolopes.jor.br\/site\/wp-json\/wp\/v2\/posts\/51756","targetHints":{"allow":["GET"]}}],"collection":[{"href":"https:\/\/marcelolopes.jor.br\/site\/wp-json\/wp\/v2\/posts"}],"about":[{"href":"https:\/\/marcelolopes.jor.br\/site\/wp-json\/wp\/v2\/types\/post"}],"author":[{"embeddable":true,"href":"https:\/\/marcelolopes.jor.br\/site\/wp-json\/wp\/v2\/users\/2"}],"replies":[{"embeddable":true,"href":"https:\/\/marcelolopes.jor.br\/site\/wp-json\/wp\/v2\/comments?post=51756"}],"version-history":[{"count":0,"href":"https:\/\/marcelolopes.jor.br\/site\/wp-json\/wp\/v2\/posts\/51756\/revisions"}],"wp:featuredmedia":[{"embeddable":true,"href":"https:\/\/marcelolopes.jor.br\/site\/wp-json\/wp\/v2\/media\/51757"}],"wp:attachment":[{"href":"https:\/\/marcelolopes.jor.br\/site\/wp-json\/wp\/v2\/media?parent=51756"}],"wp:term":[{"taxonomy":"category","embeddable":true,"href":"https:\/\/marcelolopes.jor.br\/site\/wp-json\/wp\/v2\/categories?post=51756"},{"taxonomy":"post_tag","embeddable":true,"href":"https:\/\/marcelolopes.jor.br\/site\/wp-json\/wp\/v2\/tags?post=51756"}],"curies":[{"name":"wp","href":"https:\/\/api.w.org\/{rel}","templated":true}]}}