{"id":51749,"date":"2024-09-04T20:00:04","date_gmt":"2024-09-04T23:00:04","guid":{"rendered":"https:\/\/marcelolopes.jor.br\/?p=51749"},"modified":"2024-09-04T16:59:07","modified_gmt":"2024-09-04T19:59:07","slug":"dia-16-comecam-os-sorteios-da-nota-fiscal-mineira-pelo-governo-de-minas","status":"publish","type":"post","link":"https:\/\/marcelolopes.jor.br\/site\/2024\/09\/04\/dia-16-comecam-os-sorteios-da-nota-fiscal-mineira-pelo-governo-de-minas\/","title":{"rendered":"Dia 16 come\u00e7am os sorteios da Nota Fiscal Mineira pelo governo de Minas"},"content":{"rendered":"<p>O Governo de Minas d\u00e1 in\u00edcio aos sorteios da Nota Fiscal Mineira e o consumidor que j\u00e1 baixou o aplicativo est\u00e1 concorrendo. O primeiro ser\u00e1 no pr\u00f3ximo dia 16 de setembro, com a distribui\u00e7\u00e3o de R$ 621 mil em pr\u00eamios, variando de R$ 100 a R$ 7,5 mil. Do total da premia\u00e7\u00e3o do primeiro sorteio, R$ 500 mil ser\u00e3o para os consumidores e R$ 121 mil para as entidades de assist\u00eancia social indicadas.<!--more--><\/p>\n<h4 class=\"p1\"><span class=\"s1\">\ud83d\udcf8 <span style=\"color: #808080;\">Siga o Site do Marcelo Lopes no<\/span> <a href=\"https:\/\/www.facebook.com\/sitedomarcelolopes\/\"><strong><span style=\"color: #800000;\">Facebook<\/span><\/strong><\/a> <span style=\"color: #808080;\">e no<\/span> <strong><span style=\"color: #800000;\"><a style=\"color: #800000;\" href=\"https:\/\/www.instagram.com\/sitedomarcelolopes\/\">Instagram<\/a><\/span><\/strong><\/span><\/h4>\n<h4 class=\"p1\"><span class=\"s1\">\ud83d\udcf1<span style=\"color: #808080;\">Receba no<\/span> <a href=\"https:\/\/chat.whatsapp.com\/BibzcI1ibYSKytbdyzubLA\"><strong><span style=\"color: #800000;\">WhatsApp<\/span><\/strong><\/a> <span style=\"color: #808080;\">as not\u00edcias do Site do Marcelo Lopes<\/span><\/span><\/h4>\n<p>&nbsp;<\/p>\n<p>Ainda no m\u00eas de setembro, ser\u00e3o realizados outros quatro sorteios, nos dias 20, 23, 27 e 30\/9, inclusive um dos pr\u00eamios mais aguardados, no valor de R$ 100 mil.<\/p>\n<p><img loading=\"lazy\" decoding=\"async\" class=\"aligncenter wp-image-51754\" src=\"https:\/\/marcelolopes.jor.br\/site\/wp-content\/uploads\/2024\/09\/image006.jpg\" alt=\"Dia 16 come\u00e7am os\" width=\"500\" height=\"389\" srcset=\"https:\/\/marcelolopes.jor.br\/site\/wp-content\/uploads\/2024\/09\/image006.jpg 583w, https:\/\/marcelolopes.jor.br\/site\/wp-content\/uploads\/2024\/09\/image006-300x233.jpg 300w\" sizes=\"auto, (max-width: 500px) 100vw, 500px\" \/><\/p>\n<p>O programa Nota Fiscal Mineira \u00e9 iniciativa do Governo de Minas, gerenciada pela Secretaria de Estado de Fazenda (SEF), por interm\u00e9dio da Divis\u00e3o de Educa\u00e7\u00e3o Fiscal (DEF) da Superintend\u00eancia de Arrecada\u00e7\u00e3o e Informa\u00e7\u00f5es Fiscais (Saif).<\/p>\n<p>O objetivo \u00e9 estimular o consumidor a exercer a cidadania ao solicitar a nota fiscal em todas as compras. Assim, o Estado pretende combater a sonega\u00e7\u00e3o do ICMS e promover a concorr\u00eancia leal, valorizando as empresas que cumprem as obriga\u00e7\u00f5es fiscais.<\/p>\n<h3>Como participar<\/h3>\n<p>Para participar do programa, basta o consumidor baixar o aplicativo Nota Fiscal Mineira e se cadastrar.<\/p>\n<p>No cadastro, ele ter\u00e1 a op\u00e7\u00e3o de indicar at\u00e9 tr\u00eas entidades de assist\u00eancia social, que tamb\u00e9m ser\u00e3o contempladas com pr\u00eamios em dinheiro, caso o consumidor que as indicou seja sorteado na faixa de premia\u00e7\u00e3o a partir de R$ 500. Nas compras entre R$ 0,01 at\u00e9 R$ 199, gera-se, automaticamente, um bilhete para concorrer aos pr\u00eamios.<\/p>\n<p>Uma vez cadastrado, o consumidor s\u00f3 precisar\u00e1 solicitar a nota fiscal com a inclus\u00e3o do CPF em todas as compras. O bilhete para o sorteio ser\u00e1 gerado automaticamente, sem a necessidade de qualquer outra a\u00e7\u00e3o por parte do participante. No pr\u00f3prio aplicativo, ser\u00e1 poss\u00edvel acompanhar todos os passos do programa, como os bilhetes gerados, as datas dos sorteios e os ganhadores.<\/p>\n<p><img loading=\"lazy\" decoding=\"async\" class=\"aligncenter wp-image-51753\" src=\"https:\/\/marcelolopes.jor.br\/site\/wp-content\/uploads\/2024\/09\/image007.jpg\" alt=\"\" width=\"500\" height=\"399\" srcset=\"https:\/\/marcelolopes.jor.br\/site\/wp-content\/uploads\/2024\/09\/image007.jpg 570w, https:\/\/marcelolopes.jor.br\/site\/wp-content\/uploads\/2024\/09\/image007-300x239.jpg 300w\" sizes=\"auto, (max-width: 500px) 100vw, 500px\" \/><\/p>\n<h3>Datas<\/h3>\n<p>Todos os detalhes dos sorteios do m\u00eas de setembro est\u00e3o na Resolu\u00e7\u00e3o 5.818\/2024, publicada no Di\u00e1rio Oficial do Estado de 30\/8, e <a href=\"http:\/\/www.notafiscalmineira.fazenda.mg.gov.br\/\"><strong><span style=\"color: #800000;\">no site oficial do programa<\/span><\/strong><\/a>, al\u00e9m do pr\u00f3prio aplicativo Nota Fiscal Mineira.<\/p>\n<p>Somando os cinco sorteios, as premia\u00e7\u00f5es de setembro chegam a R$ 3.258.750, sendo R$ 2.616 milh\u00f5es para os consumidores inscritos no programa e R$ 642.750 para as entidades de assist\u00eancia social indicadas. Todos os sorteios ser\u00e3o realizados com base nos n\u00fameros da Loteria Federal, conforme detalhado na Resolu\u00e7\u00e3o 5.818\/2024.<\/p>\n<p>Para mais informa\u00e7\u00f5es sobre o programa, acesse <a href=\"http:\/\/notafiscalmineira.fazenda.mg.gov.br\"><strong><span style=\"color: #800000;\">notafiscalmineira.fazenda.mg.gov.br<\/span><\/strong><\/a>.<\/p>\n<p><strong>OUTRAS NOTICIAS<\/strong><br \/>\n<a href=\"https:\/\/marcelolopes.jor.br\/2023\/02\/26\/loteria-mineira-lanca-site-de-jogos-on-line-e-apostas-esportivas\/\"><strong><span style=\"color: #800000;\">Loteria Mineira lan\u00e7a site de jogos on-line e apostas esportivas<\/span><\/strong><\/a><\/p>\n<p><a href=\"https:\/\/marcelolopes.jor.br\/2024\/08\/06\/nota-fiscal-mineira-vai-sortear-premios-de-ate-r-1-milhao\/\"><strong><span style=\"color: #800000;\">Nota Fiscal Mineira vai sortear pr\u00eamios de at\u00e9 R$ 1 milh\u00e3o<\/span><\/strong><\/a><\/p>\n<p>Fonte e Arte: Ag\u00eancia Minas | Foto: Pexels<\/p>\n<div class=\"hmhlu6a97f687b3f7b\" ><div style=\"margin-left: auto; margin-right: auto; text-align: center; margin-top: 50px; \" id=\"teste-1263222438\"><a href=\"https:\/\/marcelolopes.jor.br\/site\/edital-audiencia-publica-energisa-minas-rio-2026\/\" aria-label=\"banneredital\"><img loading=\"lazy\" decoding=\"async\" src=\"https:\/\/marcelolopes.jor.br\/site\/wp-content\/uploads\/2026\/09\/banneredital.png\" alt=\"\"  srcset=\"https:\/\/marcelolopes.jor.br\/site\/wp-content\/uploads\/2026\/09\/banneredital.png 812w, https:\/\/marcelolopes.jor.br\/site\/wp-content\/uploads\/2026\/09\/banneredital-300x56.png 300w, https:\/\/marcelolopes.jor.br\/site\/wp-content\/uploads\/2026\/09\/banneredital-768x144.png 768w\" sizes=\"(max-width: 812px) 100vw, 812px\" width=\"812\" height=\"152\"  style=\"display: inline-block;\" \/><\/a><\/div><br><\/div><style type=\"text\/css\">\r\n@media screen and (min-width: 1201px) {\r\n.hmhlu6a97f687b3f7b {\r\ndisplay: block;\r\n}\r\n}\r\n@media screen and (min-width: 993px) and (max-width: 1200px) {\r\n.hmhlu6a97f687b3f7b {\r\ndisplay: block;\r\n}\r\n}\r\n@media screen and (min-width: 769px) and (max-width: 992px) {\r\n.hmhlu6a97f687b3f7b {\r\ndisplay: block;\r\n}\r\n}\r\n@media screen and (min-width: 768px) and (max-width: 768px) {\r\n.hmhlu6a97f687b3f7b {\r\ndisplay: block;\r\n}\r\n}\r\n@media screen and (max-width: 767px) {\r\n.hmhlu6a97f687b3f7b {\r\ndisplay: block;\r\n}\r\n}\r\n<\/style>\r\n<div class=\"lndme6a97f687b9e48\" ><div id=\"div_destino\"><\/div>\r\n<script src=\"https:\/\/cdn.snsrsv.com\/sdk.js\"><\/script>\r\n<script >\r\n      new sdk(\"464030C30061EA8BE065000000000001\") \r\n          .appendTo(\"div_destino\")\r\n          .disableStyle(true) \r\n          .setCacheBusterMacro(\"%%CACHEBUSTER%%\")\r\n          .setSize(\"800\",\"214\")\r\n          .setClickMacro(\"%%CLICK_URL_ESC%%\") \r\n          .setReferrerUrlMacro(\"%%REFERRER_URL_ESC%%\") \r\n          .start(); \r\n<\/script><\/div><style type=\"text\/css\">\r\n@media screen and (min-width: 1201px) {\r\n.lndme6a97f687b9e48 {\r\ndisplay: block;\r\n}\r\n}\r\n@media screen and (min-width: 993px) and (max-width: 1200px) {\r\n.lndme6a97f687b9e48 {\r\ndisplay: block;\r\n}\r\n}\r\n@media screen and (min-width: 769px) and (max-width: 992px) {\r\n.lndme6a97f687b9e48 {\r\ndisplay: block;\r\n}\r\n}\r\n@media screen and (min-width: 768px) and (max-width: 768px) {\r\n.lndme6a97f687b9e48 {\r\ndisplay: block;\r\n}\r\n}\r\n@media screen and (max-width: 767px) {\r\n.lndme6a97f687b9e48 {\r\ndisplay: block;\r\n}\r\n}\r\n<\/style>\r\n","protected":false},"excerpt":{"rendered":"<p>O Governo de Minas d\u00e1 in\u00edcio aos sorteios da Nota Fiscal Mineira e o consumidor que j\u00e1 baixou o aplicativo est\u00e1 concorrendo. O primeiro ser\u00e1 no pr\u00f3ximo dia 16 de setembro, com a distribui\u00e7\u00e3o de R$ 621 mil em pr\u00eamios,<\/p>\n<p class=\"link-more\"><a class=\"more-link\" href=\"https:\/\/marcelolopes.jor.br\/site\/2024\/09\/04\/dia-16-comecam-os-sorteios-da-nota-fiscal-mineira-pelo-governo-de-minas\/\">Leia mais <span class=\"screen-reader-text\">Dia 16 come\u00e7am os sorteios da Nota Fiscal Mineira pelo governo de Minas<\/span><\/a><\/p>\n","protected":false},"author":2,"featured_media":51750,"comment_status":"open","ping_status":"open","sticky":false,"template":"","format":"standard","meta":{"footnotes":""},"categories":[1],"tags":[],"class_list":["post-51749","post","type-post","status-publish","format-standard","has-post-thumbnail","hentry","category-noticias","thumb-below-title"],"yoast_head":"<!-- This site is optimized with the Yoast SEO plugin v28.3 - https:\/\/yoast.com\/product\/yoast-seo-wordpress\/ -->\n<title>Dia 16 come\u00e7am os sorteios da Nota Fiscal mineira pelo governo<\/title>\n<meta name=\"description\" content=\"Dia 16 come\u00e7am os sorteios da Nota Fiscal mineira pelo governo de Minas. Secretaria de Fazenda anuncia R$ 3,2 milh\u00f5es em pr\u00eamios neste m\u00eas.\" \/>\n<meta name=\"robots\" content=\"index, follow, max-snippet:-1, max-image-preview:large, max-video-preview:-1\" \/>\n<link rel=\"canonical\" href=\"https:\/\/marcelolopes.jor.br\/site\/2024\/09\/04\/dia-16-comecam-os-sorteios-da-nota-fiscal-mineira-pelo-governo-de-minas\/\" \/>\n<meta property=\"og:locale\" content=\"pt_BR\" \/>\n<meta property=\"og:type\" content=\"article\" \/>\n<meta property=\"og:title\" content=\"Dia 16 come\u00e7am os sorteios da Nota Fiscal mineira pelo governo\" \/>\n<meta property=\"og:description\" content=\"Dia 16 come\u00e7am os sorteios da Nota Fiscal mineira pelo governo de Minas. Secretaria de Fazenda anuncia R$ 3,2 milh\u00f5es em pr\u00eamios neste m\u00eas.\" \/>\n<meta property=\"og:url\" content=\"https:\/\/marcelolopes.jor.br\/site\/2024\/09\/04\/dia-16-comecam-os-sorteios-da-nota-fiscal-mineira-pelo-governo-de-minas\/\" \/>\n<meta property=\"og:site_name\" content=\"Marcelo Lopes\" \/>\n<meta property=\"article:publisher\" content=\"https:\/\/www.facebook.com\/sitedomarcelolopes\" \/>\n<meta property=\"article:published_time\" content=\"2024-09-04T23:00:04+00:00\" \/>\n<meta property=\"og:image\" content=\"https:\/\/marcelolopes.jor.br\/site\/wp-content\/uploads\/2024\/09\/loteria.jpg\" \/>\n\t<meta property=\"og:image:width\" content=\"800\" \/>\n\t<meta property=\"og:image:height\" content=\"550\" \/>\n\t<meta property=\"og:image:type\" content=\"image\/jpeg\" \/>\n<meta name=\"author\" content=\"Marcelo Lopes\" \/>\n<meta name=\"twitter:card\" content=\"summary_large_image\" \/>\n<meta name=\"twitter:label1\" content=\"Escrito por\" \/>\n\t<meta name=\"twitter:data1\" content=\"Marcelo Lopes\" \/>\n\t<meta name=\"twitter:label2\" content=\"Est. tempo de leitura\" \/>\n\t<meta name=\"twitter:data2\" content=\"2 minutos\" \/>\n<script type=\"application\/ld+json\" class=\"yoast-schema-graph\">{\"@context\":\"https:\\\/\\\/schema.org\",\"@graph\":[{\"@type\":\"NewsArticle\",\"@id\":\"https:\\\/\\\/marcelolopes.jor.br\\\/site\\\/2024\\\/09\\\/04\\\/dia-16-comecam-os-sorteios-da-nota-fiscal-mineira-pelo-governo-de-minas\\\/#article\",\"isPartOf\":{\"@id\":\"https:\\\/\\\/marcelolopes.jor.br\\\/site\\\/2024\\\/09\\\/04\\\/dia-16-comecam-os-sorteios-da-nota-fiscal-mineira-pelo-governo-de-minas\\\/\"},\"author\":{\"name\":\"Marcelo Lopes\",\"@id\":\"https:\\\/\\\/marcelolopes.jor.br\\\/site\\\/#\\\/schema\\\/person\\\/3e7216a35c34d8fdf952b31da3d1f89f\"},\"headline\":\"Dia 16 come\u00e7am os sorteios da Nota Fiscal Mineira pelo governo de Minas\",\"datePublished\":\"2024-09-04T23:00:04+00:00\",\"mainEntityOfPage\":{\"@id\":\"https:\\\/\\\/marcelolopes.jor.br\\\/site\\\/2024\\\/09\\\/04\\\/dia-16-comecam-os-sorteios-da-nota-fiscal-mineira-pelo-governo-de-minas\\\/\"},\"wordCount\":499,\"commentCount\":0,\"publisher\":{\"@id\":\"https:\\\/\\\/marcelolopes.jor.br\\\/site\\\/#organization\"},\"image\":{\"@id\":\"https:\\\/\\\/marcelolopes.jor.br\\\/site\\\/2024\\\/09\\\/04\\\/dia-16-comecam-os-sorteios-da-nota-fiscal-mineira-pelo-governo-de-minas\\\/#primaryimage\"},\"thumbnailUrl\":\"https:\\\/\\\/marcelolopes.jor.br\\\/site\\\/wp-content\\\/uploads\\\/2024\\\/09\\\/loteria.jpg\",\"articleSection\":[\"Not\u00edcias\"],\"inLanguage\":\"pt-BR\",\"potentialAction\":[{\"@type\":\"CommentAction\",\"name\":\"Comment\",\"target\":[\"https:\\\/\\\/marcelolopes.jor.br\\\/site\\\/2024\\\/09\\\/04\\\/dia-16-comecam-os-sorteios-da-nota-fiscal-mineira-pelo-governo-de-minas\\\/#respond\"]}]},{\"@type\":\"WebPage\",\"@id\":\"https:\\\/\\\/marcelolopes.jor.br\\\/site\\\/2024\\\/09\\\/04\\\/dia-16-comecam-os-sorteios-da-nota-fiscal-mineira-pelo-governo-de-minas\\\/\",\"url\":\"https:\\\/\\\/marcelolopes.jor.br\\\/site\\\/2024\\\/09\\\/04\\\/dia-16-comecam-os-sorteios-da-nota-fiscal-mineira-pelo-governo-de-minas\\\/\",\"name\":\"Dia 16 come\u00e7am os sorteios da Nota Fiscal mineira pelo governo\",\"isPartOf\":{\"@id\":\"https:\\\/\\\/marcelolopes.jor.br\\\/site\\\/#website\"},\"primaryImageOfPage\":{\"@id\":\"https:\\\/\\\/marcelolopes.jor.br\\\/site\\\/2024\\\/09\\\/04\\\/dia-16-comecam-os-sorteios-da-nota-fiscal-mineira-pelo-governo-de-minas\\\/#primaryimage\"},\"image\":{\"@id\":\"https:\\\/\\\/marcelolopes.jor.br\\\/site\\\/2024\\\/09\\\/04\\\/dia-16-comecam-os-sorteios-da-nota-fiscal-mineira-pelo-governo-de-minas\\\/#primaryimage\"},\"thumbnailUrl\":\"https:\\\/\\\/marcelolopes.jor.br\\\/site\\\/wp-content\\\/uploads\\\/2024\\\/09\\\/loteria.jpg\",\"datePublished\":\"2024-09-04T23:00:04+00:00\",\"description\":\"Dia 16 come\u00e7am os sorteios da Nota Fiscal mineira pelo governo de Minas. Secretaria de Fazenda anuncia R$ 3,2 milh\u00f5es em pr\u00eamios neste m\u00eas.\",\"breadcrumb\":{\"@id\":\"https:\\\/\\\/marcelolopes.jor.br\\\/site\\\/2024\\\/09\\\/04\\\/dia-16-comecam-os-sorteios-da-nota-fiscal-mineira-pelo-governo-de-minas\\\/#breadcrumb\"},\"inLanguage\":\"pt-BR\",\"potentialAction\":[{\"@type\":\"ReadAction\",\"target\":[\"https:\\\/\\\/marcelolopes.jor.br\\\/site\\\/2024\\\/09\\\/04\\\/dia-16-comecam-os-sorteios-da-nota-fiscal-mineira-pelo-governo-de-minas\\\/\"]}]},{\"@type\":\"ImageObject\",\"inLanguage\":\"pt-BR\",\"@id\":\"https:\\\/\\\/marcelolopes.jor.br\\\/site\\\/2024\\\/09\\\/04\\\/dia-16-comecam-os-sorteios-da-nota-fiscal-mineira-pelo-governo-de-minas\\\/#primaryimage\",\"url\":\"https:\\\/\\\/marcelolopes.jor.br\\\/site\\\/wp-content\\\/uploads\\\/2024\\\/09\\\/loteria.jpg\",\"contentUrl\":\"https:\\\/\\\/marcelolopes.jor.br\\\/site\\\/wp-content\\\/uploads\\\/2024\\\/09\\\/loteria.jpg\",\"width\":800,\"height\":550},{\"@type\":\"BreadcrumbList\",\"@id\":\"https:\\\/\\\/marcelolopes.jor.br\\\/site\\\/2024\\\/09\\\/04\\\/dia-16-comecam-os-sorteios-da-nota-fiscal-mineira-pelo-governo-de-minas\\\/#breadcrumb\",\"itemListElement\":[{\"@type\":\"ListItem\",\"position\":1,\"name\":\"Home\",\"item\":\"https:\\\/\\\/marcelolopes.jor.br\\\/site\\\/\"},{\"@type\":\"ListItem\",\"position\":2,\"name\":\"Dia 16 come\u00e7am os sorteios da Nota Fiscal Mineira pelo governo de Minas\"}]},{\"@type\":\"WebSite\",\"@id\":\"https:\\\/\\\/marcelolopes.jor.br\\\/site\\\/#website\",\"url\":\"https:\\\/\\\/marcelolopes.jor.br\\\/site\\\/\",\"name\":\"Marcelo Lopes\",\"description\":\"Not\u00edcias de Cataguases e Regi\u00e3o\",\"publisher\":{\"@id\":\"https:\\\/\\\/marcelolopes.jor.br\\\/site\\\/#organization\"},\"potentialAction\":[{\"@type\":\"SearchAction\",\"target\":{\"@type\":\"EntryPoint\",\"urlTemplate\":\"https:\\\/\\\/marcelolopes.jor.br\\\/site\\\/?s={search_term_string}\"},\"query-input\":{\"@type\":\"PropertyValueSpecification\",\"valueRequired\":true,\"valueName\":\"search_term_string\"}}],\"inLanguage\":\"pt-BR\"},{\"@type\":\"Organization\",\"@id\":\"https:\\\/\\\/marcelolopes.jor.br\\\/site\\\/#organization\",\"name\":\"Site do Marcelo Lopes\",\"url\":\"https:\\\/\\\/marcelolopes.jor.br\\\/site\\\/\",\"logo\":{\"@type\":\"ImageObject\",\"inLanguage\":\"pt-BR\",\"@id\":\"https:\\\/\\\/marcelolopes.jor.br\\\/site\\\/#\\\/schema\\\/logo\\\/image\\\/\",\"url\":\"https:\\\/\\\/marcelolopes.jor.br\\\/site\\\/wp-content\\\/uploads\\\/2026\\\/07\\\/cropped-logo2026.png\",\"contentUrl\":\"https:\\\/\\\/marcelolopes.jor.br\\\/site\\\/wp-content\\\/uploads\\\/2026\\\/07\\\/cropped-logo2026.png\",\"width\":328,\"height\":96,\"caption\":\"Site do Marcelo Lopes\"},\"image\":{\"@id\":\"https:\\\/\\\/marcelolopes.jor.br\\\/site\\\/#\\\/schema\\\/logo\\\/image\\\/\"},\"sameAs\":[\"https:\\\/\\\/www.facebook.com\\\/sitedomarcelolopes\",\"https:\\\/\\\/www.instagram.com\\\/sitedomarcelolopes\\\/\",\"https:\\\/\\\/www.linkedin.com\\\/company\\\/site-do-marcelo-lopes\\\/\",\"https:\\\/\\\/www.youtube.com\\\/user\\\/marcelolopes957\"]},{\"@type\":\"Person\",\"@id\":\"https:\\\/\\\/marcelolopes.jor.br\\\/site\\\/#\\\/schema\\\/person\\\/3e7216a35c34d8fdf952b31da3d1f89f\",\"name\":\"Marcelo Lopes\",\"sameAs\":[\"http:\\\/\\\/www.marcelolopes.jor.br\"],\"url\":\"https:\\\/\\\/marcelolopes.jor.br\\\/site\\\/author\\\/marcelo\\\/\"}]}<\/script>\n<!-- \/ Yoast SEO plugin. -->","yoast_head_json":{"title":"Dia 16 come\u00e7am os sorteios da Nota Fiscal mineira pelo governo","description":"Dia 16 come\u00e7am os sorteios da Nota Fiscal mineira pelo governo de Minas. Secretaria de Fazenda anuncia R$ 3,2 milh\u00f5es em pr\u00eamios neste m\u00eas.","robots":{"index":"index","follow":"follow","max-snippet":"max-snippet:-1","max-image-preview":"max-image-preview:large","max-video-preview":"max-video-preview:-1"},"canonical":"https:\/\/marcelolopes.jor.br\/site\/2024\/09\/04\/dia-16-comecam-os-sorteios-da-nota-fiscal-mineira-pelo-governo-de-minas\/","og_locale":"pt_BR","og_type":"article","og_title":"Dia 16 come\u00e7am os sorteios da Nota Fiscal mineira pelo governo","og_description":"Dia 16 come\u00e7am os sorteios da Nota Fiscal mineira pelo governo de Minas. Secretaria de Fazenda anuncia R$ 3,2 milh\u00f5es em pr\u00eamios neste m\u00eas.","og_url":"https:\/\/marcelolopes.jor.br\/site\/2024\/09\/04\/dia-16-comecam-os-sorteios-da-nota-fiscal-mineira-pelo-governo-de-minas\/","og_site_name":"Marcelo Lopes","article_publisher":"https:\/\/www.facebook.com\/sitedomarcelolopes","article_published_time":"2024-09-04T23:00:04+00:00","og_image":[{"width":800,"height":550,"url":"https:\/\/marcelolopes.jor.br\/site\/wp-content\/uploads\/2024\/09\/loteria.jpg","type":"image\/jpeg"}],"author":"Marcelo Lopes","twitter_card":"summary_large_image","twitter_misc":{"Escrito por":"Marcelo Lopes","Est. tempo de leitura":"2 minutos"},"schema":{"@context":"https:\/\/schema.org","@graph":[{"@type":"NewsArticle","@id":"https:\/\/marcelolopes.jor.br\/site\/2024\/09\/04\/dia-16-comecam-os-sorteios-da-nota-fiscal-mineira-pelo-governo-de-minas\/#article","isPartOf":{"@id":"https:\/\/marcelolopes.jor.br\/site\/2024\/09\/04\/dia-16-comecam-os-sorteios-da-nota-fiscal-mineira-pelo-governo-de-minas\/"},"author":{"name":"Marcelo Lopes","@id":"https:\/\/marcelolopes.jor.br\/site\/#\/schema\/person\/3e7216a35c34d8fdf952b31da3d1f89f"},"headline":"Dia 16 come\u00e7am os sorteios da Nota Fiscal Mineira pelo governo de Minas","datePublished":"2024-09-04T23:00:04+00:00","mainEntityOfPage":{"@id":"https:\/\/marcelolopes.jor.br\/site\/2024\/09\/04\/dia-16-comecam-os-sorteios-da-nota-fiscal-mineira-pelo-governo-de-minas\/"},"wordCount":499,"commentCount":0,"publisher":{"@id":"https:\/\/marcelolopes.jor.br\/site\/#organization"},"image":{"@id":"https:\/\/marcelolopes.jor.br\/site\/2024\/09\/04\/dia-16-comecam-os-sorteios-da-nota-fiscal-mineira-pelo-governo-de-minas\/#primaryimage"},"thumbnailUrl":"https:\/\/marcelolopes.jor.br\/site\/wp-content\/uploads\/2024\/09\/loteria.jpg","articleSection":["Not\u00edcias"],"inLanguage":"pt-BR","potentialAction":[{"@type":"CommentAction","name":"Comment","target":["https:\/\/marcelolopes.jor.br\/site\/2024\/09\/04\/dia-16-comecam-os-sorteios-da-nota-fiscal-mineira-pelo-governo-de-minas\/#respond"]}]},{"@type":"WebPage","@id":"https:\/\/marcelolopes.jor.br\/site\/2024\/09\/04\/dia-16-comecam-os-sorteios-da-nota-fiscal-mineira-pelo-governo-de-minas\/","url":"https:\/\/marcelolopes.jor.br\/site\/2024\/09\/04\/dia-16-comecam-os-sorteios-da-nota-fiscal-mineira-pelo-governo-de-minas\/","name":"Dia 16 come\u00e7am os sorteios da Nota Fiscal mineira pelo governo","isPartOf":{"@id":"https:\/\/marcelolopes.jor.br\/site\/#website"},"primaryImageOfPage":{"@id":"https:\/\/marcelolopes.jor.br\/site\/2024\/09\/04\/dia-16-comecam-os-sorteios-da-nota-fiscal-mineira-pelo-governo-de-minas\/#primaryimage"},"image":{"@id":"https:\/\/marcelolopes.jor.br\/site\/2024\/09\/04\/dia-16-comecam-os-sorteios-da-nota-fiscal-mineira-pelo-governo-de-minas\/#primaryimage"},"thumbnailUrl":"https:\/\/marcelolopes.jor.br\/site\/wp-content\/uploads\/2024\/09\/loteria.jpg","datePublished":"2024-09-04T23:00:04+00:00","description":"Dia 16 come\u00e7am os sorteios da Nota Fiscal mineira pelo governo de Minas. Secretaria de Fazenda anuncia R$ 3,2 milh\u00f5es em pr\u00eamios neste m\u00eas.","breadcrumb":{"@id":"https:\/\/marcelolopes.jor.br\/site\/2024\/09\/04\/dia-16-comecam-os-sorteios-da-nota-fiscal-mineira-pelo-governo-de-minas\/#breadcrumb"},"inLanguage":"pt-BR","potentialAction":[{"@type":"ReadAction","target":["https:\/\/marcelolopes.jor.br\/site\/2024\/09\/04\/dia-16-comecam-os-sorteios-da-nota-fiscal-mineira-pelo-governo-de-minas\/"]}]},{"@type":"ImageObject","inLanguage":"pt-BR","@id":"https:\/\/marcelolopes.jor.br\/site\/2024\/09\/04\/dia-16-comecam-os-sorteios-da-nota-fiscal-mineira-pelo-governo-de-minas\/#primaryimage","url":"https:\/\/marcelolopes.jor.br\/site\/wp-content\/uploads\/2024\/09\/loteria.jpg","contentUrl":"https:\/\/marcelolopes.jor.br\/site\/wp-content\/uploads\/2024\/09\/loteria.jpg","width":800,"height":550},{"@type":"BreadcrumbList","@id":"https:\/\/marcelolopes.jor.br\/site\/2024\/09\/04\/dia-16-comecam-os-sorteios-da-nota-fiscal-mineira-pelo-governo-de-minas\/#breadcrumb","itemListElement":[{"@type":"ListItem","position":1,"name":"Home","item":"https:\/\/marcelolopes.jor.br\/site\/"},{"@type":"ListItem","position":2,"name":"Dia 16 come\u00e7am os sorteios da Nota Fiscal Mineira pelo governo de Minas"}]},{"@type":"WebSite","@id":"https:\/\/marcelolopes.jor.br\/site\/#website","url":"https:\/\/marcelolopes.jor.br\/site\/","name":"Marcelo Lopes","description":"Not\u00edcias de Cataguases e Regi\u00e3o","publisher":{"@id":"https:\/\/marcelolopes.jor.br\/site\/#organization"},"potentialAction":[{"@type":"SearchAction","target":{"@type":"EntryPoint","urlTemplate":"https:\/\/marcelolopes.jor.br\/site\/?s={search_term_string}"},"query-input":{"@type":"PropertyValueSpecification","valueRequired":true,"valueName":"search_term_string"}}],"inLanguage":"pt-BR"},{"@type":"Organization","@id":"https:\/\/marcelolopes.jor.br\/site\/#organization","name":"Site do Marcelo Lopes","url":"https:\/\/marcelolopes.jor.br\/site\/","logo":{"@type":"ImageObject","inLanguage":"pt-BR","@id":"https:\/\/marcelolopes.jor.br\/site\/#\/schema\/logo\/image\/","url":"https:\/\/marcelolopes.jor.br\/site\/wp-content\/uploads\/2026\/07\/cropped-logo2026.png","contentUrl":"https:\/\/marcelolopes.jor.br\/site\/wp-content\/uploads\/2026\/07\/cropped-logo2026.png","width":328,"height":96,"caption":"Site do Marcelo Lopes"},"image":{"@id":"https:\/\/marcelolopes.jor.br\/site\/#\/schema\/logo\/image\/"},"sameAs":["https:\/\/www.facebook.com\/sitedomarcelolopes","https:\/\/www.instagram.com\/sitedomarcelolopes\/","https:\/\/www.linkedin.com\/company\/site-do-marcelo-lopes\/","https:\/\/www.youtube.com\/user\/marcelolopes957"]},{"@type":"Person","@id":"https:\/\/marcelolopes.jor.br\/site\/#\/schema\/person\/3e7216a35c34d8fdf952b31da3d1f89f","name":"Marcelo Lopes","sameAs":["http:\/\/www.marcelolopes.jor.br"],"url":"https:\/\/marcelolopes.jor.br\/site\/author\/marcelo\/"}]}},"wps_subtitle":"Secretaria de Fazenda anuncia R$ 3,2 milh\u00f5es em pr\u00eamios neste m\u00eas.","_links":{"self":[{"href":"https:\/\/marcelolopes.jor.br\/site\/wp-json\/wp\/v2\/posts\/51749","targetHints":{"allow":["GET"]}}],"collection":[{"href":"https:\/\/marcelolopes.jor.br\/site\/wp-json\/wp\/v2\/posts"}],"about":[{"href":"https:\/\/marcelolopes.jor.br\/site\/wp-json\/wp\/v2\/types\/post"}],"author":[{"embeddable":true,"href":"https:\/\/marcelolopes.jor.br\/site\/wp-json\/wp\/v2\/users\/2"}],"replies":[{"embeddable":true,"href":"https:\/\/marcelolopes.jor.br\/site\/wp-json\/wp\/v2\/comments?post=51749"}],"version-history":[{"count":0,"href":"https:\/\/marcelolopes.jor.br\/site\/wp-json\/wp\/v2\/posts\/51749\/revisions"}],"wp:featuredmedia":[{"embeddable":true,"href":"https:\/\/marcelolopes.jor.br\/site\/wp-json\/wp\/v2\/media\/51750"}],"wp:attachment":[{"href":"https:\/\/marcelolopes.jor.br\/site\/wp-json\/wp\/v2\/media?parent=51749"}],"wp:term":[{"taxonomy":"category","embeddable":true,"href":"https:\/\/marcelolopes.jor.br\/site\/wp-json\/wp\/v2\/categories?post=51749"},{"taxonomy":"post_tag","embeddable":true,"href":"https:\/\/marcelolopes.jor.br\/site\/wp-json\/wp\/v2\/tags?post=51749"}],"curies":[{"name":"wp","href":"https:\/\/api.w.org\/{rel}","templated":true}]}}