{"id":51737,"date":"2024-09-04T07:00:37","date_gmt":"2024-09-04T10:00:37","guid":{"rendered":"https:\/\/marcelolopes.jor.br\/?p=51737"},"modified":"2024-09-03T19:29:33","modified_gmt":"2024-09-03T22:29:33","slug":"aneel-e-onee-lancam-a-olimpiada-nacional-de-eficiencia-energetica","status":"publish","type":"post","link":"https:\/\/marcelolopes.jor.br\/site\/2024\/09\/04\/aneel-e-onee-lancam-a-olimpiada-nacional-de-eficiencia-energetica\/","title":{"rendered":"Aneel e ONEE lan\u00e7am a Olimp\u00edada Nacional de Efici\u00eancia Energ\u00e9tica"},"content":{"rendered":"<p>A Ag\u00eancia Nacional de Energia El\u00e9trica (ANEEL) e o Instituto Abradee da Energia, ligado \u00e0 Associa\u00e7\u00e3o Brasileira de Distribuidores de Energia El\u00e9trica (ABRADEE) lan\u00e7aram a Olimp\u00edada Nacional de Efici\u00eancia Energ\u00e9tica (ONEE) 2024 com expectativa de alcan\u00e7ar mais de 200 mil alunos. A competi\u00e7\u00e3o visa engajar estudantes de todo o pa\u00eds em atividades que promovam a efici\u00eancia energ\u00e9tica e a sustentabilidade, al\u00e9m de incentivar a educa\u00e7\u00e3o sobre o consumo consciente de energia. Este ano a ONEE ter\u00e1 a participa\u00e7\u00e3o recorde de todas as concession\u00e1rias de distribui\u00e7\u00e3o de energia el\u00e9trica do Brasil.<!--more--><\/p>\n<h4 class=\"p1\"><span class=\"s1\">\ud83d\udcf8 <span style=\"color: #808080;\">Siga o Site do Marcelo Lopes no<\/span> <a href=\"https:\/\/www.facebook.com\/sitedomarcelolopes\/\"><strong><span style=\"color: #800000;\">Facebook<\/span><\/strong><\/a> <span style=\"color: #808080;\">e no<\/span> <strong><span style=\"color: #800000;\"><a style=\"color: #800000;\" href=\"https:\/\/www.instagram.com\/sitedomarcelolopes\/\">Instagram<\/a><\/span><\/strong><\/span><\/h4>\n<h4 class=\"p1\"><span class=\"s1\">\ud83d\udcf1<span style=\"color: #808080;\">Receba no<\/span> <a href=\"https:\/\/chat.whatsapp.com\/BibzcI1ibYSKytbdyzubLA\"><strong><span style=\"color: #800000;\">WhatsApp<\/span><\/strong><\/a> <span style=\"color: #808080;\">as not\u00edcias do Site do Marcelo Lopes<\/span><\/span><\/h4>\n<p>&nbsp;<\/p>\n<p>A edi\u00e7\u00e3o de 2024 \u00e9 coordenada pelo Instituto Abradee e viabilizada atrav\u00e9s dos recursos do Programa de Efici\u00eancia Energ\u00e9tica gerido pela ANEEL. Estima-se que pelo menos 9,6 mil professores e 3,1 mil escolas participem da ONEE em 2024. As inscri\u00e7\u00f5es para estudantes do 8\u00ba e do 9\u00ba ano das redes p\u00fablica e particular est\u00e3o abertas e podem ser realizadas pelos professores das escolas no endere\u00e7o <a href=\"https:\/\/www.onee.org.br\/\"><strong><span style=\"color: #800000;\">https:\/\/www.onee.org.br\/<\/span><\/strong><\/a> at\u00e9 o dia 04 de outubro.<\/p>\n<h3>Pr\u00eamios e engajamento est\u00e3o em jogo<\/h3>\n<p>Os participantes ser\u00e3o classificados e premiados com medalhas de ouro, prata e bronze. Os melhores de cada estado ser\u00e3o convidados para uma cerim\u00f4nia especial em Bras\u00edlia, na sede da ANEEL, prevista para acontecer em novembro. Al\u00e9m da distribui\u00e7\u00e3o de medalhas, est\u00e1 garantida a entrega de um notebook para os primeiros classificados de cada estado. Os estudantes agraciados com medalhas de ouro, prata e bronze na ONEE estar\u00e3o automaticamente classificados para a 2\u00aa fase da Olimp\u00edada Nacional de Ci\u00eancias (ONC) do ano seguinte, sem a necessidade de participa\u00e7\u00e3o na 1\u00aa fase da ONC.<\/p>\n<p>Para Thiago Peres de Oliveira, coordenador de Efici\u00eancia Energ\u00e9tica do Grupo Energisa, a ONEE \u00e9 uma parte importante do trabalho realizado com foco na tem\u00e1tica. \u201cA Energisa desenvolve a\u00e7\u00f5es cont\u00ednuas para estimular o uso consciente da energia el\u00e9trica. Em 2024, iremos investir mais de R$ 69,5 milh\u00f5es em projetos de efici\u00eancia energ\u00e9tica. Eles s\u00e3o norteados pelos nossos compromissos de sustentabilidade, e mitigam impactos do neg\u00f3cio com olhar para o uso consciente de energia, \u00e1gua, res\u00edduos e a redu\u00e7\u00e3o de emiss\u00f5es. A Olimp\u00edada Nacional de Efici\u00eancia Energ\u00e9tica vem fortalecer ainda mais as pr\u00e1ticas sustent\u00e1veis com a participa\u00e7\u00e3o de estudantes e professores que ser\u00e3o os multiplicadores desse conhecimento\u201d, afirma.<\/p>\n<h3>Passo a passo<\/h3>\n<p>Na primeira fase, os alunos participam de desafios em formato de games a serem resolvidos sobre o tema da olimp\u00edada. E na segunda etapa s\u00e3o propostas quest\u00f5es objetivas sobre o assunto que devem ser resolvidas no aplicativo ou no site da ONEE. Os alunos passam por desafios e enfrentar\u00e3o provas e din\u00e2micas, incluindo jogos voltados para a resolu\u00e7\u00e3o de problemas relacionados \u00e0 efici\u00eancia energ\u00e9tica.<\/p>\n<p>O ONEE oferece curso de forma\u00e7\u00e3o gratuito para estudantes e professores que participarem do evento. O curso possui quatro m\u00f3dulos com os seguintes assuntos: <em>\u201cConsumo Eficiente da Energia El\u00e9trica\u201d<\/em>, <em>\u201cEfici\u00eancia Energ\u00e9tica dos aparelhos\u201d<\/em>, <em>\u201cEfici\u00eancia Energ\u00e9tica e o desenvolvimento sustent\u00e1vel\u201d<\/em> e <em>\u201cCuidados no uso da Energia El\u00e9trica\u201d<\/em>. Quer saber mais, acesse: <a href=\"https:\/\/www.onee.org.br\/\"><strong><span style=\"color: #800000;\">https:\/\/www.onee.org.br\/<\/span><\/strong><\/a>.<\/p>\n<p><strong>OUTRAS NOT\u00cdCIAS<\/strong><br \/>\n<a href=\"https:\/\/marcelolopes.jor.br\/2024\/09\/01\/aneel-muda-bandeira-tarifaria-para-vermelha-patamar-2-em-setembro\/\"><strong><span style=\"color: #800000;\">Aneel muda bandeira tarif\u00e1ria para vermelha patamar 2 em setembro<\/span><\/strong><\/a><\/p>\n<p><a href=\"https:\/\/marcelolopes.jor.br\/2024\/06\/19\/conta-de-luz-vai-ficar-mais-barata-em-176-informa-aneel\/\"><strong><span style=\"color: #800000;\">Conta de luz vai ficar mais barata em 1,76%, informa Aneel<\/span><\/strong><\/a><\/p>\n<p>Fonte: Energisa Minas Rio | Foto: Pexels<\/p>\n<div class=\"hxlpq6a97f68e425cb\" ><div style=\"margin-left: auto; margin-right: auto; text-align: center; margin-top: 50px; \" id=\"teste-1329360271\"><a href=\"https:\/\/marcelolopes.jor.br\/site\/edital-audiencia-publica-energisa-minas-rio-2026\/\" aria-label=\"banneredital\"><img loading=\"lazy\" decoding=\"async\" src=\"https:\/\/marcelolopes.jor.br\/site\/wp-content\/uploads\/2026\/09\/banneredital.png\" alt=\"\"  srcset=\"https:\/\/marcelolopes.jor.br\/site\/wp-content\/uploads\/2026\/09\/banneredital.png 812w, https:\/\/marcelolopes.jor.br\/site\/wp-content\/uploads\/2026\/09\/banneredital-300x56.png 300w, https:\/\/marcelolopes.jor.br\/site\/wp-content\/uploads\/2026\/09\/banneredital-768x144.png 768w\" sizes=\"(max-width: 812px) 100vw, 812px\" width=\"812\" height=\"152\"  style=\"display: inline-block;\" \/><\/a><\/div><br><\/div><style type=\"text\/css\">\r\n@media screen and (min-width: 1201px) {\r\n.hxlpq6a97f68e425cb {\r\ndisplay: block;\r\n}\r\n}\r\n@media screen and (min-width: 993px) and (max-width: 1200px) {\r\n.hxlpq6a97f68e425cb {\r\ndisplay: block;\r\n}\r\n}\r\n@media screen and (min-width: 769px) and (max-width: 992px) {\r\n.hxlpq6a97f68e425cb {\r\ndisplay: block;\r\n}\r\n}\r\n@media screen and (min-width: 768px) and (max-width: 768px) {\r\n.hxlpq6a97f68e425cb {\r\ndisplay: block;\r\n}\r\n}\r\n@media screen and (max-width: 767px) {\r\n.hxlpq6a97f68e425cb {\r\ndisplay: block;\r\n}\r\n}\r\n<\/style>\r\n<div class=\"uhbps6a97f68e4866a\" ><div id=\"div_destino\"><\/div>\r\n<script src=\"https:\/\/cdn.snsrsv.com\/sdk.js\"><\/script>\r\n<script >\r\n      new sdk(\"464030C30061EA8BE065000000000001\") \r\n          .appendTo(\"div_destino\")\r\n          .disableStyle(true) \r\n          .setCacheBusterMacro(\"%%CACHEBUSTER%%\")\r\n          .setSize(\"800\",\"214\")\r\n          .setClickMacro(\"%%CLICK_URL_ESC%%\") \r\n          .setReferrerUrlMacro(\"%%REFERRER_URL_ESC%%\") \r\n          .start(); \r\n<\/script><\/div><style type=\"text\/css\">\r\n@media screen and (min-width: 1201px) {\r\n.uhbps6a97f68e4866a {\r\ndisplay: block;\r\n}\r\n}\r\n@media screen and (min-width: 993px) and (max-width: 1200px) {\r\n.uhbps6a97f68e4866a {\r\ndisplay: block;\r\n}\r\n}\r\n@media screen and (min-width: 769px) and (max-width: 992px) {\r\n.uhbps6a97f68e4866a {\r\ndisplay: block;\r\n}\r\n}\r\n@media screen and (min-width: 768px) and (max-width: 768px) {\r\n.uhbps6a97f68e4866a {\r\ndisplay: block;\r\n}\r\n}\r\n@media screen and (max-width: 767px) {\r\n.uhbps6a97f68e4866a {\r\ndisplay: block;\r\n}\r\n}\r\n<\/style>\r\n","protected":false},"excerpt":{"rendered":"<p>A Ag\u00eancia Nacional de Energia El\u00e9trica (ANEEL) e o Instituto Abradee da Energia, ligado \u00e0 Associa\u00e7\u00e3o Brasileira de Distribuidores de Energia El\u00e9trica (ABRADEE) lan\u00e7aram a Olimp\u00edada Nacional de Efici\u00eancia Energ\u00e9tica (ONEE) 2024 com expectativa de alcan\u00e7ar mais de 200 mil<\/p>\n<p class=\"link-more\"><a class=\"more-link\" href=\"https:\/\/marcelolopes.jor.br\/site\/2024\/09\/04\/aneel-e-onee-lancam-a-olimpiada-nacional-de-eficiencia-energetica\/\">Leia mais <span class=\"screen-reader-text\">Aneel e ONEE lan\u00e7am a Olimp\u00edada Nacional de Efici\u00eancia Energ\u00e9tica<\/span><\/a><\/p>\n","protected":false},"author":2,"featured_media":51739,"comment_status":"open","ping_status":"open","sticky":false,"template":"","format":"standard","meta":{"footnotes":""},"categories":[1],"tags":[],"class_list":["post-51737","post","type-post","status-publish","format-standard","has-post-thumbnail","hentry","category-noticias","thumb-below-title"],"yoast_head":"<!-- This site is optimized with the Yoast SEO plugin v28.3 - https:\/\/yoast.com\/product\/yoast-seo-wordpress\/ -->\n<title>Aneel e ONEE lan\u00e7am a Olimp\u00edada Nacional de Efici\u00eancia<\/title>\n<meta name=\"description\" content=\"Aneel e ONEE lan\u00e7am a Olimp\u00edada Nacional de Efici\u00eancia Energ\u00e9tica. Escolas da \u00e1rea da Energisa Minas Rio podem se inscrever.\" \/>\n<meta name=\"robots\" content=\"index, follow, max-snippet:-1, max-image-preview:large, max-video-preview:-1\" \/>\n<link rel=\"canonical\" href=\"https:\/\/marcelolopes.jor.br\/site\/2024\/09\/04\/aneel-e-onee-lancam-a-olimpiada-nacional-de-eficiencia-energetica\/\" \/>\n<meta property=\"og:locale\" content=\"pt_BR\" \/>\n<meta property=\"og:type\" content=\"article\" \/>\n<meta property=\"og:title\" content=\"Aneel e ONEE lan\u00e7am a Olimp\u00edada Nacional de Efici\u00eancia\" \/>\n<meta property=\"og:description\" content=\"Aneel e ONEE lan\u00e7am a Olimp\u00edada Nacional de Efici\u00eancia Energ\u00e9tica. Escolas da \u00e1rea da Energisa Minas Rio podem se inscrever.\" \/>\n<meta property=\"og:url\" content=\"https:\/\/marcelolopes.jor.br\/site\/2024\/09\/04\/aneel-e-onee-lancam-a-olimpiada-nacional-de-eficiencia-energetica\/\" \/>\n<meta property=\"og:site_name\" content=\"Marcelo Lopes\" \/>\n<meta property=\"article:publisher\" content=\"https:\/\/www.facebook.com\/sitedomarcelolopes\" \/>\n<meta property=\"article:published_time\" content=\"2024-09-04T10:00:37+00:00\" \/>\n<meta property=\"og:image\" content=\"https:\/\/marcelolopes.jor.br\/site\/wp-content\/uploads\/2024\/09\/estudantes.jpg\" \/>\n\t<meta property=\"og:image:width\" content=\"800\" \/>\n\t<meta property=\"og:image:height\" content=\"550\" \/>\n\t<meta property=\"og:image:type\" content=\"image\/jpeg\" \/>\n<meta name=\"author\" content=\"Marcelo Lopes\" \/>\n<meta name=\"twitter:card\" content=\"summary_large_image\" \/>\n<meta name=\"twitter:label1\" content=\"Escrito por\" \/>\n\t<meta name=\"twitter:data1\" content=\"Marcelo Lopes\" \/>\n\t<meta name=\"twitter:label2\" content=\"Est. tempo de leitura\" \/>\n\t<meta name=\"twitter:data2\" content=\"3 minutos\" \/>\n<script type=\"application\/ld+json\" class=\"yoast-schema-graph\">{\"@context\":\"https:\\\/\\\/schema.org\",\"@graph\":[{\"@type\":\"NewsArticle\",\"@id\":\"https:\\\/\\\/marcelolopes.jor.br\\\/site\\\/2024\\\/09\\\/04\\\/aneel-e-onee-lancam-a-olimpiada-nacional-de-eficiencia-energetica\\\/#article\",\"isPartOf\":{\"@id\":\"https:\\\/\\\/marcelolopes.jor.br\\\/site\\\/2024\\\/09\\\/04\\\/aneel-e-onee-lancam-a-olimpiada-nacional-de-eficiencia-energetica\\\/\"},\"author\":{\"name\":\"Marcelo Lopes\",\"@id\":\"https:\\\/\\\/marcelolopes.jor.br\\\/site\\\/#\\\/schema\\\/person\\\/3e7216a35c34d8fdf952b31da3d1f89f\"},\"headline\":\"Aneel e ONEE lan\u00e7am a Olimp\u00edada Nacional de Efici\u00eancia Energ\u00e9tica\",\"datePublished\":\"2024-09-04T10:00:37+00:00\",\"mainEntityOfPage\":{\"@id\":\"https:\\\/\\\/marcelolopes.jor.br\\\/site\\\/2024\\\/09\\\/04\\\/aneel-e-onee-lancam-a-olimpiada-nacional-de-eficiencia-energetica\\\/\"},\"wordCount\":619,\"commentCount\":0,\"publisher\":{\"@id\":\"https:\\\/\\\/marcelolopes.jor.br\\\/site\\\/#organization\"},\"image\":{\"@id\":\"https:\\\/\\\/marcelolopes.jor.br\\\/site\\\/2024\\\/09\\\/04\\\/aneel-e-onee-lancam-a-olimpiada-nacional-de-eficiencia-energetica\\\/#primaryimage\"},\"thumbnailUrl\":\"https:\\\/\\\/marcelolopes.jor.br\\\/site\\\/wp-content\\\/uploads\\\/2024\\\/09\\\/estudantes.jpg\",\"articleSection\":[\"Not\u00edcias\"],\"inLanguage\":\"pt-BR\",\"potentialAction\":[{\"@type\":\"CommentAction\",\"name\":\"Comment\",\"target\":[\"https:\\\/\\\/marcelolopes.jor.br\\\/site\\\/2024\\\/09\\\/04\\\/aneel-e-onee-lancam-a-olimpiada-nacional-de-eficiencia-energetica\\\/#respond\"]}]},{\"@type\":\"WebPage\",\"@id\":\"https:\\\/\\\/marcelolopes.jor.br\\\/site\\\/2024\\\/09\\\/04\\\/aneel-e-onee-lancam-a-olimpiada-nacional-de-eficiencia-energetica\\\/\",\"url\":\"https:\\\/\\\/marcelolopes.jor.br\\\/site\\\/2024\\\/09\\\/04\\\/aneel-e-onee-lancam-a-olimpiada-nacional-de-eficiencia-energetica\\\/\",\"name\":\"Aneel e ONEE lan\u00e7am a Olimp\u00edada Nacional de Efici\u00eancia\",\"isPartOf\":{\"@id\":\"https:\\\/\\\/marcelolopes.jor.br\\\/site\\\/#website\"},\"primaryImageOfPage\":{\"@id\":\"https:\\\/\\\/marcelolopes.jor.br\\\/site\\\/2024\\\/09\\\/04\\\/aneel-e-onee-lancam-a-olimpiada-nacional-de-eficiencia-energetica\\\/#primaryimage\"},\"image\":{\"@id\":\"https:\\\/\\\/marcelolopes.jor.br\\\/site\\\/2024\\\/09\\\/04\\\/aneel-e-onee-lancam-a-olimpiada-nacional-de-eficiencia-energetica\\\/#primaryimage\"},\"thumbnailUrl\":\"https:\\\/\\\/marcelolopes.jor.br\\\/site\\\/wp-content\\\/uploads\\\/2024\\\/09\\\/estudantes.jpg\",\"datePublished\":\"2024-09-04T10:00:37+00:00\",\"description\":\"Aneel e ONEE lan\u00e7am a Olimp\u00edada Nacional de Efici\u00eancia Energ\u00e9tica. Escolas da \u00e1rea da Energisa Minas Rio podem se inscrever.\",\"breadcrumb\":{\"@id\":\"https:\\\/\\\/marcelolopes.jor.br\\\/site\\\/2024\\\/09\\\/04\\\/aneel-e-onee-lancam-a-olimpiada-nacional-de-eficiencia-energetica\\\/#breadcrumb\"},\"inLanguage\":\"pt-BR\",\"potentialAction\":[{\"@type\":\"ReadAction\",\"target\":[\"https:\\\/\\\/marcelolopes.jor.br\\\/site\\\/2024\\\/09\\\/04\\\/aneel-e-onee-lancam-a-olimpiada-nacional-de-eficiencia-energetica\\\/\"]}]},{\"@type\":\"ImageObject\",\"inLanguage\":\"pt-BR\",\"@id\":\"https:\\\/\\\/marcelolopes.jor.br\\\/site\\\/2024\\\/09\\\/04\\\/aneel-e-onee-lancam-a-olimpiada-nacional-de-eficiencia-energetica\\\/#primaryimage\",\"url\":\"https:\\\/\\\/marcelolopes.jor.br\\\/site\\\/wp-content\\\/uploads\\\/2024\\\/09\\\/estudantes.jpg\",\"contentUrl\":\"https:\\\/\\\/marcelolopes.jor.br\\\/site\\\/wp-content\\\/uploads\\\/2024\\\/09\\\/estudantes.jpg\",\"width\":800,\"height\":550,\"caption\":\"Aneel e ONEE lan\u00e7am\"},{\"@type\":\"BreadcrumbList\",\"@id\":\"https:\\\/\\\/marcelolopes.jor.br\\\/site\\\/2024\\\/09\\\/04\\\/aneel-e-onee-lancam-a-olimpiada-nacional-de-eficiencia-energetica\\\/#breadcrumb\",\"itemListElement\":[{\"@type\":\"ListItem\",\"position\":1,\"name\":\"Home\",\"item\":\"https:\\\/\\\/marcelolopes.jor.br\\\/site\\\/\"},{\"@type\":\"ListItem\",\"position\":2,\"name\":\"Aneel e ONEE lan\u00e7am a Olimp\u00edada Nacional de Efici\u00eancia Energ\u00e9tica\"}]},{\"@type\":\"WebSite\",\"@id\":\"https:\\\/\\\/marcelolopes.jor.br\\\/site\\\/#website\",\"url\":\"https:\\\/\\\/marcelolopes.jor.br\\\/site\\\/\",\"name\":\"Marcelo Lopes\",\"description\":\"Not\u00edcias de Cataguases e Regi\u00e3o\",\"publisher\":{\"@id\":\"https:\\\/\\\/marcelolopes.jor.br\\\/site\\\/#organization\"},\"potentialAction\":[{\"@type\":\"SearchAction\",\"target\":{\"@type\":\"EntryPoint\",\"urlTemplate\":\"https:\\\/\\\/marcelolopes.jor.br\\\/site\\\/?s={search_term_string}\"},\"query-input\":{\"@type\":\"PropertyValueSpecification\",\"valueRequired\":true,\"valueName\":\"search_term_string\"}}],\"inLanguage\":\"pt-BR\"},{\"@type\":\"Organization\",\"@id\":\"https:\\\/\\\/marcelolopes.jor.br\\\/site\\\/#organization\",\"name\":\"Site do Marcelo Lopes\",\"url\":\"https:\\\/\\\/marcelolopes.jor.br\\\/site\\\/\",\"logo\":{\"@type\":\"ImageObject\",\"inLanguage\":\"pt-BR\",\"@id\":\"https:\\\/\\\/marcelolopes.jor.br\\\/site\\\/#\\\/schema\\\/logo\\\/image\\\/\",\"url\":\"https:\\\/\\\/marcelolopes.jor.br\\\/site\\\/wp-content\\\/uploads\\\/2026\\\/07\\\/cropped-logo2026.png\",\"contentUrl\":\"https:\\\/\\\/marcelolopes.jor.br\\\/site\\\/wp-content\\\/uploads\\\/2026\\\/07\\\/cropped-logo2026.png\",\"width\":328,\"height\":96,\"caption\":\"Site do Marcelo Lopes\"},\"image\":{\"@id\":\"https:\\\/\\\/marcelolopes.jor.br\\\/site\\\/#\\\/schema\\\/logo\\\/image\\\/\"},\"sameAs\":[\"https:\\\/\\\/www.facebook.com\\\/sitedomarcelolopes\",\"https:\\\/\\\/www.instagram.com\\\/sitedomarcelolopes\\\/\",\"https:\\\/\\\/www.linkedin.com\\\/company\\\/site-do-marcelo-lopes\\\/\",\"https:\\\/\\\/www.youtube.com\\\/user\\\/marcelolopes957\"]},{\"@type\":\"Person\",\"@id\":\"https:\\\/\\\/marcelolopes.jor.br\\\/site\\\/#\\\/schema\\\/person\\\/3e7216a35c34d8fdf952b31da3d1f89f\",\"name\":\"Marcelo Lopes\",\"sameAs\":[\"http:\\\/\\\/www.marcelolopes.jor.br\"],\"url\":\"https:\\\/\\\/marcelolopes.jor.br\\\/site\\\/author\\\/marcelo\\\/\"}]}<\/script>\n<!-- \/ Yoast SEO plugin. -->","yoast_head_json":{"title":"Aneel e ONEE lan\u00e7am a Olimp\u00edada Nacional de Efici\u00eancia","description":"Aneel e ONEE lan\u00e7am a Olimp\u00edada Nacional de Efici\u00eancia Energ\u00e9tica. Escolas da \u00e1rea da Energisa Minas Rio podem se inscrever.","robots":{"index":"index","follow":"follow","max-snippet":"max-snippet:-1","max-image-preview":"max-image-preview:large","max-video-preview":"max-video-preview:-1"},"canonical":"https:\/\/marcelolopes.jor.br\/site\/2024\/09\/04\/aneel-e-onee-lancam-a-olimpiada-nacional-de-eficiencia-energetica\/","og_locale":"pt_BR","og_type":"article","og_title":"Aneel e ONEE lan\u00e7am a Olimp\u00edada Nacional de Efici\u00eancia","og_description":"Aneel e ONEE lan\u00e7am a Olimp\u00edada Nacional de Efici\u00eancia Energ\u00e9tica. Escolas da \u00e1rea da Energisa Minas Rio podem se inscrever.","og_url":"https:\/\/marcelolopes.jor.br\/site\/2024\/09\/04\/aneel-e-onee-lancam-a-olimpiada-nacional-de-eficiencia-energetica\/","og_site_name":"Marcelo Lopes","article_publisher":"https:\/\/www.facebook.com\/sitedomarcelolopes","article_published_time":"2024-09-04T10:00:37+00:00","og_image":[{"width":800,"height":550,"url":"https:\/\/marcelolopes.jor.br\/site\/wp-content\/uploads\/2024\/09\/estudantes.jpg","type":"image\/jpeg"}],"author":"Marcelo Lopes","twitter_card":"summary_large_image","twitter_misc":{"Escrito por":"Marcelo Lopes","Est. tempo de leitura":"3 minutos"},"schema":{"@context":"https:\/\/schema.org","@graph":[{"@type":"NewsArticle","@id":"https:\/\/marcelolopes.jor.br\/site\/2024\/09\/04\/aneel-e-onee-lancam-a-olimpiada-nacional-de-eficiencia-energetica\/#article","isPartOf":{"@id":"https:\/\/marcelolopes.jor.br\/site\/2024\/09\/04\/aneel-e-onee-lancam-a-olimpiada-nacional-de-eficiencia-energetica\/"},"author":{"name":"Marcelo Lopes","@id":"https:\/\/marcelolopes.jor.br\/site\/#\/schema\/person\/3e7216a35c34d8fdf952b31da3d1f89f"},"headline":"Aneel e ONEE lan\u00e7am a Olimp\u00edada Nacional de Efici\u00eancia Energ\u00e9tica","datePublished":"2024-09-04T10:00:37+00:00","mainEntityOfPage":{"@id":"https:\/\/marcelolopes.jor.br\/site\/2024\/09\/04\/aneel-e-onee-lancam-a-olimpiada-nacional-de-eficiencia-energetica\/"},"wordCount":619,"commentCount":0,"publisher":{"@id":"https:\/\/marcelolopes.jor.br\/site\/#organization"},"image":{"@id":"https:\/\/marcelolopes.jor.br\/site\/2024\/09\/04\/aneel-e-onee-lancam-a-olimpiada-nacional-de-eficiencia-energetica\/#primaryimage"},"thumbnailUrl":"https:\/\/marcelolopes.jor.br\/site\/wp-content\/uploads\/2024\/09\/estudantes.jpg","articleSection":["Not\u00edcias"],"inLanguage":"pt-BR","potentialAction":[{"@type":"CommentAction","name":"Comment","target":["https:\/\/marcelolopes.jor.br\/site\/2024\/09\/04\/aneel-e-onee-lancam-a-olimpiada-nacional-de-eficiencia-energetica\/#respond"]}]},{"@type":"WebPage","@id":"https:\/\/marcelolopes.jor.br\/site\/2024\/09\/04\/aneel-e-onee-lancam-a-olimpiada-nacional-de-eficiencia-energetica\/","url":"https:\/\/marcelolopes.jor.br\/site\/2024\/09\/04\/aneel-e-onee-lancam-a-olimpiada-nacional-de-eficiencia-energetica\/","name":"Aneel e ONEE lan\u00e7am a Olimp\u00edada Nacional de Efici\u00eancia","isPartOf":{"@id":"https:\/\/marcelolopes.jor.br\/site\/#website"},"primaryImageOfPage":{"@id":"https:\/\/marcelolopes.jor.br\/site\/2024\/09\/04\/aneel-e-onee-lancam-a-olimpiada-nacional-de-eficiencia-energetica\/#primaryimage"},"image":{"@id":"https:\/\/marcelolopes.jor.br\/site\/2024\/09\/04\/aneel-e-onee-lancam-a-olimpiada-nacional-de-eficiencia-energetica\/#primaryimage"},"thumbnailUrl":"https:\/\/marcelolopes.jor.br\/site\/wp-content\/uploads\/2024\/09\/estudantes.jpg","datePublished":"2024-09-04T10:00:37+00:00","description":"Aneel e ONEE lan\u00e7am a Olimp\u00edada Nacional de Efici\u00eancia Energ\u00e9tica. Escolas da \u00e1rea da Energisa Minas Rio podem se inscrever.","breadcrumb":{"@id":"https:\/\/marcelolopes.jor.br\/site\/2024\/09\/04\/aneel-e-onee-lancam-a-olimpiada-nacional-de-eficiencia-energetica\/#breadcrumb"},"inLanguage":"pt-BR","potentialAction":[{"@type":"ReadAction","target":["https:\/\/marcelolopes.jor.br\/site\/2024\/09\/04\/aneel-e-onee-lancam-a-olimpiada-nacional-de-eficiencia-energetica\/"]}]},{"@type":"ImageObject","inLanguage":"pt-BR","@id":"https:\/\/marcelolopes.jor.br\/site\/2024\/09\/04\/aneel-e-onee-lancam-a-olimpiada-nacional-de-eficiencia-energetica\/#primaryimage","url":"https:\/\/marcelolopes.jor.br\/site\/wp-content\/uploads\/2024\/09\/estudantes.jpg","contentUrl":"https:\/\/marcelolopes.jor.br\/site\/wp-content\/uploads\/2024\/09\/estudantes.jpg","width":800,"height":550,"caption":"Aneel e ONEE lan\u00e7am"},{"@type":"BreadcrumbList","@id":"https:\/\/marcelolopes.jor.br\/site\/2024\/09\/04\/aneel-e-onee-lancam-a-olimpiada-nacional-de-eficiencia-energetica\/#breadcrumb","itemListElement":[{"@type":"ListItem","position":1,"name":"Home","item":"https:\/\/marcelolopes.jor.br\/site\/"},{"@type":"ListItem","position":2,"name":"Aneel e ONEE lan\u00e7am a Olimp\u00edada Nacional de Efici\u00eancia Energ\u00e9tica"}]},{"@type":"WebSite","@id":"https:\/\/marcelolopes.jor.br\/site\/#website","url":"https:\/\/marcelolopes.jor.br\/site\/","name":"Marcelo Lopes","description":"Not\u00edcias de Cataguases e Regi\u00e3o","publisher":{"@id":"https:\/\/marcelolopes.jor.br\/site\/#organization"},"potentialAction":[{"@type":"SearchAction","target":{"@type":"EntryPoint","urlTemplate":"https:\/\/marcelolopes.jor.br\/site\/?s={search_term_string}"},"query-input":{"@type":"PropertyValueSpecification","valueRequired":true,"valueName":"search_term_string"}}],"inLanguage":"pt-BR"},{"@type":"Organization","@id":"https:\/\/marcelolopes.jor.br\/site\/#organization","name":"Site do Marcelo Lopes","url":"https:\/\/marcelolopes.jor.br\/site\/","logo":{"@type":"ImageObject","inLanguage":"pt-BR","@id":"https:\/\/marcelolopes.jor.br\/site\/#\/schema\/logo\/image\/","url":"https:\/\/marcelolopes.jor.br\/site\/wp-content\/uploads\/2026\/07\/cropped-logo2026.png","contentUrl":"https:\/\/marcelolopes.jor.br\/site\/wp-content\/uploads\/2026\/07\/cropped-logo2026.png","width":328,"height":96,"caption":"Site do Marcelo Lopes"},"image":{"@id":"https:\/\/marcelolopes.jor.br\/site\/#\/schema\/logo\/image\/"},"sameAs":["https:\/\/www.facebook.com\/sitedomarcelolopes","https:\/\/www.instagram.com\/sitedomarcelolopes\/","https:\/\/www.linkedin.com\/company\/site-do-marcelo-lopes\/","https:\/\/www.youtube.com\/user\/marcelolopes957"]},{"@type":"Person","@id":"https:\/\/marcelolopes.jor.br\/site\/#\/schema\/person\/3e7216a35c34d8fdf952b31da3d1f89f","name":"Marcelo Lopes","sameAs":["http:\/\/www.marcelolopes.jor.br"],"url":"https:\/\/marcelolopes.jor.br\/site\/author\/marcelo\/"}]}},"wps_subtitle":"Escolas da \u00e1rea da Energisa Minas Rio podem se inscrever.","_links":{"self":[{"href":"https:\/\/marcelolopes.jor.br\/site\/wp-json\/wp\/v2\/posts\/51737","targetHints":{"allow":["GET"]}}],"collection":[{"href":"https:\/\/marcelolopes.jor.br\/site\/wp-json\/wp\/v2\/posts"}],"about":[{"href":"https:\/\/marcelolopes.jor.br\/site\/wp-json\/wp\/v2\/types\/post"}],"author":[{"embeddable":true,"href":"https:\/\/marcelolopes.jor.br\/site\/wp-json\/wp\/v2\/users\/2"}],"replies":[{"embeddable":true,"href":"https:\/\/marcelolopes.jor.br\/site\/wp-json\/wp\/v2\/comments?post=51737"}],"version-history":[{"count":0,"href":"https:\/\/marcelolopes.jor.br\/site\/wp-json\/wp\/v2\/posts\/51737\/revisions"}],"wp:featuredmedia":[{"embeddable":true,"href":"https:\/\/marcelolopes.jor.br\/site\/wp-json\/wp\/v2\/media\/51739"}],"wp:attachment":[{"href":"https:\/\/marcelolopes.jor.br\/site\/wp-json\/wp\/v2\/media?parent=51737"}],"wp:term":[{"taxonomy":"category","embeddable":true,"href":"https:\/\/marcelolopes.jor.br\/site\/wp-json\/wp\/v2\/categories?post=51737"},{"taxonomy":"post_tag","embeddable":true,"href":"https:\/\/marcelolopes.jor.br\/site\/wp-json\/wp\/v2\/tags?post=51737"}],"curies":[{"name":"wp","href":"https:\/\/api.w.org\/{rel}","templated":true}]}}