{"id":51725,"date":"2024-09-03T16:00:10","date_gmt":"2024-09-03T19:00:10","guid":{"rendered":"https:\/\/marcelolopes.jor.br\/?p=51725"},"modified":"2024-09-03T18:47:56","modified_gmt":"2024-09-03T21:47:56","slug":"corpo-de-bombeiros-de-cataguases-alerta-sobre-incendio-em-vegetacao","status":"publish","type":"post","link":"https:\/\/marcelolopes.jor.br\/site\/2024\/09\/03\/corpo-de-bombeiros-de-cataguases-alerta-sobre-incendio-em-vegetacao\/","title":{"rendered":"Corpo de Bombeiros de  Cataguases alerta sobre inc\u00eandio em vegeta\u00e7\u00e3o"},"content":{"rendered":"<p class=\"p1\"><span style=\"font-size: 1rem; -webkit-text-size-adjust: 100%;\">Com os avisos vigentes de onda de calor e baixa umidade relativa do ar, o Posto Avan\u00e7ado do Corpo de Bombeiros de Cataguases informou que a regi\u00e3o est\u00e1 com n\u00edvel cr\u00edtico para o risco de ativa\u00e7\u00e3o e propaga\u00e7\u00e3o de inc\u00eandios florestais. De acordo com o Comandante Guilherme Cantelle, o momento \u00e9 de que a popula\u00e7\u00e3o fique de prontid\u00e3o e atue preventivamente.<\/span><\/p>\n<p><!--more--><\/p>\n<h4 class=\"p1\"><span class=\"s1\">\ud83d\udcf8 <span style=\"color: #808080;\">Siga o Site do Marcelo Lopes no<\/span> <a href=\"https:\/\/www.facebook.com\/sitedomarcelolopes\/\"><strong><span style=\"color: #800000;\">Facebook<\/span><\/strong><\/a> <span style=\"color: #808080;\">e no<\/span> <strong><span style=\"color: #800000;\"><a style=\"color: #800000;\" href=\"https:\/\/www.instagram.com\/sitedomarcelolopes\/\">Instagram<\/a><\/span><\/strong><\/span><\/h4>\n<h4 class=\"p1\"><span class=\"s1\">\ud83d\udcf1<span style=\"color: #808080;\">Receba no<\/span> <a href=\"https:\/\/chat.whatsapp.com\/BibzcI1ibYSKytbdyzubLA\"><strong><span style=\"color: #800000;\">WhatsApp<\/span><\/strong><\/a> <span style=\"color: #808080;\">as not\u00edcias do Site do Marcelo Lopes<\/span><\/span><\/h4>\n<p>&nbsp;<\/p>\n<p class=\"p1\"><span class=\"s2\">Conforme informado pelo Corpo de Bombeiros, no \u00faltimo domingo, 1\u00b0 de setembro, os inc\u00eandios em vegeta\u00e7\u00e3o n\u00e3o s\u00f3 ceifaram a flora e a fauna, mas tamb\u00e9m a vida de dois irm\u00e3os que combatiam um inc\u00eandio em vegeta\u00e7\u00e3o pr\u00f3ximo \u00e0 resid\u00eancia de seu pai na cidade de Pedra do Anta, na Zona da Mata.<\/span><\/p>\n<p class=\"p1\"><span class=\"s2\">Apenas neste ano os Bombeiros atenderam 219 ocorr\u00eancias de inc\u00eandio em vegeta\u00e7\u00e3o, sendo o m\u00eas de julho o mais cr\u00edtico (54 registros). Desse total, mais de 40% dos registros tratava-se de ocorr\u00eancias em lotes vagos.<\/span><\/p>\n<p class=\"p1\"><span class=\"s2\">A corpora\u00e7\u00e3o lembra aos propriet\u00e1rios de lotes urbanos que \u00e9 dever deles zelar pelo seu patrim\u00f4nio conforme determina o artigo 1275, inciso III, do C\u00f3digo Civil e a legisla\u00e7\u00e3o municipal. Cabe \u00e0 eles mant\u00ea-los cal\u00e7ados, murados e limpos, sem que para a limpeza seja utilizado o fogo.<\/span><\/p>\n<p class=\"p1\"><span class=\"s2\">O Corpo de Bombeiros tamb\u00e9m alerta que quem realiza queimadas pode at\u00e9 resolver seus problemas, mas compartilha com toda a coletividade os preju\u00edzos, tais como: polui\u00e7\u00e3o atmosf\u00e9rica, empobrecimento dos solos, indisponibilidade de recursos \u00fanicos dos Bombeiros Militares em ocorr\u00eancias que poderiam ser evitadas, preju\u00edzos na transmiss\u00e3o de energia el\u00e9trica, entre in\u00fameros outros problemas.<\/span><\/p>\n<p class=\"p1\"><strong><span class=\"s2\">OUTRAS NOT\u00cdCIAS <\/span><\/strong><\/p>\n<p class=\"p1\"><a href=\"https:\/\/marcelolopes.jor.br\/2024\/09\/02\/queimadas-ja-deixaram-20-mil-clientes-da-energisa-sem-energia\/\"><strong><span class=\"s2\">Queimadas j\u00e1 deixaram 20 mil clientes da Energisa sem energia<\/span><\/strong><\/a><\/p>\n<p class=\"p1\"><a href=\"https:\/\/marcelolopes.jor.br\/2024\/08\/27\/cataguases-registra-104-incendios-e-queimadas-somente-neste-ano\/\"><strong><span class=\"s2\">Cataguases registra 104 inc\u00eandios e queimadas somente neste ano<\/span><\/strong><\/a><\/p>\n<p class=\"p1\"><span class=\"s2\">Fonte e fotos: O Vigilante Online<\/span><\/p>\n<div class=\"rlgjg6a97f6901d6ef\" ><div style=\"margin-left: auto; margin-right: auto; text-align: center; margin-top: 50px; \" id=\"teste-1179561676\"><a href=\"https:\/\/marcelolopes.jor.br\/site\/edital-audiencia-publica-energisa-minas-rio-2026\/\" aria-label=\"banneredital\"><img loading=\"lazy\" decoding=\"async\" src=\"https:\/\/marcelolopes.jor.br\/site\/wp-content\/uploads\/2026\/09\/banneredital.png\" alt=\"\"  srcset=\"https:\/\/marcelolopes.jor.br\/site\/wp-content\/uploads\/2026\/09\/banneredital.png 812w, https:\/\/marcelolopes.jor.br\/site\/wp-content\/uploads\/2026\/09\/banneredital-300x56.png 300w, https:\/\/marcelolopes.jor.br\/site\/wp-content\/uploads\/2026\/09\/banneredital-768x144.png 768w\" sizes=\"(max-width: 812px) 100vw, 812px\" width=\"812\" height=\"152\"  style=\"display: inline-block;\" \/><\/a><\/div><br><\/div><style type=\"text\/css\">\r\n@media screen and (min-width: 1201px) {\r\n.rlgjg6a97f6901d6ef {\r\ndisplay: block;\r\n}\r\n}\r\n@media screen and (min-width: 993px) and (max-width: 1200px) {\r\n.rlgjg6a97f6901d6ef {\r\ndisplay: block;\r\n}\r\n}\r\n@media screen and (min-width: 769px) and (max-width: 992px) {\r\n.rlgjg6a97f6901d6ef {\r\ndisplay: block;\r\n}\r\n}\r\n@media screen and (min-width: 768px) and (max-width: 768px) {\r\n.rlgjg6a97f6901d6ef {\r\ndisplay: block;\r\n}\r\n}\r\n@media screen and (max-width: 767px) {\r\n.rlgjg6a97f6901d6ef {\r\ndisplay: block;\r\n}\r\n}\r\n<\/style>\r\n<div class=\"gxsyj6a97f69022a14\" ><div id=\"div_destino\"><\/div>\r\n<script src=\"https:\/\/cdn.snsrsv.com\/sdk.js\"><\/script>\r\n<script >\r\n      new sdk(\"464030C30061EA8BE065000000000001\") \r\n          .appendTo(\"div_destino\")\r\n          .disableStyle(true) \r\n          .setCacheBusterMacro(\"%%CACHEBUSTER%%\")\r\n          .setSize(\"800\",\"214\")\r\n          .setClickMacro(\"%%CLICK_URL_ESC%%\") \r\n          .setReferrerUrlMacro(\"%%REFERRER_URL_ESC%%\") \r\n          .start(); \r\n<\/script><\/div><style type=\"text\/css\">\r\n@media screen and (min-width: 1201px) {\r\n.gxsyj6a97f69022a14 {\r\ndisplay: block;\r\n}\r\n}\r\n@media screen and (min-width: 993px) and (max-width: 1200px) {\r\n.gxsyj6a97f69022a14 {\r\ndisplay: block;\r\n}\r\n}\r\n@media screen and (min-width: 769px) and (max-width: 992px) {\r\n.gxsyj6a97f69022a14 {\r\ndisplay: block;\r\n}\r\n}\r\n@media screen and (min-width: 768px) and (max-width: 768px) {\r\n.gxsyj6a97f69022a14 {\r\ndisplay: block;\r\n}\r\n}\r\n@media screen and (max-width: 767px) {\r\n.gxsyj6a97f69022a14 {\r\ndisplay: block;\r\n}\r\n}\r\n<\/style>\r\n","protected":false},"excerpt":{"rendered":"<p>Com os avisos vigentes de onda de calor e baixa umidade relativa do ar, o Posto Avan\u00e7ado do Corpo de Bombeiros de Cataguases informou que a regi\u00e3o est\u00e1 com n\u00edvel cr\u00edtico para o risco de ativa\u00e7\u00e3o e propaga\u00e7\u00e3o de inc\u00eandios<\/p>\n<p class=\"link-more\"><a class=\"more-link\" href=\"https:\/\/marcelolopes.jor.br\/site\/2024\/09\/03\/corpo-de-bombeiros-de-cataguases-alerta-sobre-incendio-em-vegetacao\/\">Leia mais <span class=\"screen-reader-text\">Corpo de Bombeiros de  Cataguases alerta sobre inc\u00eandio em vegeta\u00e7\u00e3o<\/span><\/a><\/p>\n","protected":false},"author":2,"featured_media":51729,"comment_status":"open","ping_status":"open","sticky":false,"template":"","format":"standard","meta":{"footnotes":""},"categories":[1],"tags":[],"class_list":["post-51725","post","type-post","status-publish","format-standard","has-post-thumbnail","hentry","category-noticias","thumb-below-title"],"yoast_head":"<!-- This site is optimized with the Yoast SEO plugin v28.3 - https:\/\/yoast.com\/product\/yoast-seo-wordpress\/ -->\n<title>Corpo de Bombeiros de Cataguases alerta sobre inc\u00eandio em<\/title>\n<meta name=\"description\" content=\"Corpo de Bombeiros de Cataguases alerta sobre inc\u00eandio em vegeta\u00e7\u00e3o. O momento \u00e9 para a popula\u00e7\u00e3o ficar de prontid\u00e3o e atuar preventivamente.\" \/>\n<meta name=\"robots\" content=\"index, follow, max-snippet:-1, max-image-preview:large, max-video-preview:-1\" \/>\n<link rel=\"canonical\" href=\"https:\/\/marcelolopes.jor.br\/site\/2024\/09\/03\/corpo-de-bombeiros-de-cataguases-alerta-sobre-incendio-em-vegetacao\/\" \/>\n<meta property=\"og:locale\" content=\"pt_BR\" \/>\n<meta property=\"og:type\" content=\"article\" \/>\n<meta property=\"og:title\" content=\"Corpo de Bombeiros de Cataguases alerta sobre inc\u00eandio em\" \/>\n<meta property=\"og:description\" content=\"Corpo de Bombeiros de Cataguases alerta sobre inc\u00eandio em vegeta\u00e7\u00e3o. O momento \u00e9 para a popula\u00e7\u00e3o ficar de prontid\u00e3o e atuar preventivamente.\" \/>\n<meta property=\"og:url\" content=\"https:\/\/marcelolopes.jor.br\/site\/2024\/09\/03\/corpo-de-bombeiros-de-cataguases-alerta-sobre-incendio-em-vegetacao\/\" \/>\n<meta property=\"og:site_name\" content=\"Marcelo Lopes\" \/>\n<meta property=\"article:publisher\" content=\"https:\/\/www.facebook.com\/sitedomarcelolopes\" \/>\n<meta property=\"article:published_time\" content=\"2024-09-03T19:00:10+00:00\" \/>\n<meta property=\"article:modified_time\" content=\"2024-09-03T21:47:56+00:00\" \/>\n<meta property=\"og:image\" content=\"https:\/\/marcelolopes.jor.br\/site\/wp-content\/uploads\/2024\/09\/IMG_7046.jpeg\" \/>\n\t<meta property=\"og:image:width\" content=\"900\" \/>\n\t<meta property=\"og:image:height\" content=\"600\" \/>\n\t<meta property=\"og:image:type\" content=\"image\/jpeg\" \/>\n<meta name=\"author\" content=\"Marcelo Lopes\" \/>\n<meta name=\"twitter:card\" content=\"summary_large_image\" \/>\n<meta name=\"twitter:label1\" content=\"Escrito por\" \/>\n\t<meta name=\"twitter:data1\" content=\"Marcelo Lopes\" \/>\n\t<meta name=\"twitter:label2\" content=\"Est. tempo de leitura\" \/>\n\t<meta name=\"twitter:data2\" content=\"2 minutos\" \/>\n<script type=\"application\/ld+json\" class=\"yoast-schema-graph\">{\"@context\":\"https:\\\/\\\/schema.org\",\"@graph\":[{\"@type\":\"NewsArticle\",\"@id\":\"https:\\\/\\\/marcelolopes.jor.br\\\/site\\\/2024\\\/09\\\/03\\\/corpo-de-bombeiros-de-cataguases-alerta-sobre-incendio-em-vegetacao\\\/#article\",\"isPartOf\":{\"@id\":\"https:\\\/\\\/marcelolopes.jor.br\\\/site\\\/2024\\\/09\\\/03\\\/corpo-de-bombeiros-de-cataguases-alerta-sobre-incendio-em-vegetacao\\\/\"},\"author\":{\"name\":\"Marcelo Lopes\",\"@id\":\"https:\\\/\\\/marcelolopes.jor.br\\\/site\\\/#\\\/schema\\\/person\\\/3e7216a35c34d8fdf952b31da3d1f89f\"},\"headline\":\"Corpo de Bombeiros de Cataguases alerta sobre inc\u00eandio em vegeta\u00e7\u00e3o\",\"datePublished\":\"2024-09-03T19:00:10+00:00\",\"dateModified\":\"2024-09-03T21:47:56+00:00\",\"mainEntityOfPage\":{\"@id\":\"https:\\\/\\\/marcelolopes.jor.br\\\/site\\\/2024\\\/09\\\/03\\\/corpo-de-bombeiros-de-cataguases-alerta-sobre-incendio-em-vegetacao\\\/\"},\"wordCount\":342,\"commentCount\":0,\"publisher\":{\"@id\":\"https:\\\/\\\/marcelolopes.jor.br\\\/site\\\/#organization\"},\"image\":{\"@id\":\"https:\\\/\\\/marcelolopes.jor.br\\\/site\\\/2024\\\/09\\\/03\\\/corpo-de-bombeiros-de-cataguases-alerta-sobre-incendio-em-vegetacao\\\/#primaryimage\"},\"thumbnailUrl\":\"https:\\\/\\\/marcelolopes.jor.br\\\/site\\\/wp-content\\\/uploads\\\/2024\\\/09\\\/IMG_7046.jpeg\",\"articleSection\":[\"Not\u00edcias\"],\"inLanguage\":\"pt-BR\",\"potentialAction\":[{\"@type\":\"CommentAction\",\"name\":\"Comment\",\"target\":[\"https:\\\/\\\/marcelolopes.jor.br\\\/site\\\/2024\\\/09\\\/03\\\/corpo-de-bombeiros-de-cataguases-alerta-sobre-incendio-em-vegetacao\\\/#respond\"]}]},{\"@type\":\"WebPage\",\"@id\":\"https:\\\/\\\/marcelolopes.jor.br\\\/site\\\/2024\\\/09\\\/03\\\/corpo-de-bombeiros-de-cataguases-alerta-sobre-incendio-em-vegetacao\\\/\",\"url\":\"https:\\\/\\\/marcelolopes.jor.br\\\/site\\\/2024\\\/09\\\/03\\\/corpo-de-bombeiros-de-cataguases-alerta-sobre-incendio-em-vegetacao\\\/\",\"name\":\"Corpo de Bombeiros de Cataguases alerta sobre inc\u00eandio em\",\"isPartOf\":{\"@id\":\"https:\\\/\\\/marcelolopes.jor.br\\\/site\\\/#website\"},\"primaryImageOfPage\":{\"@id\":\"https:\\\/\\\/marcelolopes.jor.br\\\/site\\\/2024\\\/09\\\/03\\\/corpo-de-bombeiros-de-cataguases-alerta-sobre-incendio-em-vegetacao\\\/#primaryimage\"},\"image\":{\"@id\":\"https:\\\/\\\/marcelolopes.jor.br\\\/site\\\/2024\\\/09\\\/03\\\/corpo-de-bombeiros-de-cataguases-alerta-sobre-incendio-em-vegetacao\\\/#primaryimage\"},\"thumbnailUrl\":\"https:\\\/\\\/marcelolopes.jor.br\\\/site\\\/wp-content\\\/uploads\\\/2024\\\/09\\\/IMG_7046.jpeg\",\"datePublished\":\"2024-09-03T19:00:10+00:00\",\"dateModified\":\"2024-09-03T21:47:56+00:00\",\"description\":\"Corpo de Bombeiros de Cataguases alerta sobre inc\u00eandio em vegeta\u00e7\u00e3o. O momento \u00e9 para a popula\u00e7\u00e3o ficar de prontid\u00e3o e atuar preventivamente.\",\"breadcrumb\":{\"@id\":\"https:\\\/\\\/marcelolopes.jor.br\\\/site\\\/2024\\\/09\\\/03\\\/corpo-de-bombeiros-de-cataguases-alerta-sobre-incendio-em-vegetacao\\\/#breadcrumb\"},\"inLanguage\":\"pt-BR\",\"potentialAction\":[{\"@type\":\"ReadAction\",\"target\":[\"https:\\\/\\\/marcelolopes.jor.br\\\/site\\\/2024\\\/09\\\/03\\\/corpo-de-bombeiros-de-cataguases-alerta-sobre-incendio-em-vegetacao\\\/\"]}]},{\"@type\":\"ImageObject\",\"inLanguage\":\"pt-BR\",\"@id\":\"https:\\\/\\\/marcelolopes.jor.br\\\/site\\\/2024\\\/09\\\/03\\\/corpo-de-bombeiros-de-cataguases-alerta-sobre-incendio-em-vegetacao\\\/#primaryimage\",\"url\":\"https:\\\/\\\/marcelolopes.jor.br\\\/site\\\/wp-content\\\/uploads\\\/2024\\\/09\\\/IMG_7046.jpeg\",\"contentUrl\":\"https:\\\/\\\/marcelolopes.jor.br\\\/site\\\/wp-content\\\/uploads\\\/2024\\\/09\\\/IMG_7046.jpeg\",\"width\":900,\"height\":600},{\"@type\":\"BreadcrumbList\",\"@id\":\"https:\\\/\\\/marcelolopes.jor.br\\\/site\\\/2024\\\/09\\\/03\\\/corpo-de-bombeiros-de-cataguases-alerta-sobre-incendio-em-vegetacao\\\/#breadcrumb\",\"itemListElement\":[{\"@type\":\"ListItem\",\"position\":1,\"name\":\"Home\",\"item\":\"https:\\\/\\\/marcelolopes.jor.br\\\/site\\\/\"},{\"@type\":\"ListItem\",\"position\":2,\"name\":\"Corpo de Bombeiros de Cataguases alerta sobre inc\u00eandio em vegeta\u00e7\u00e3o\"}]},{\"@type\":\"WebSite\",\"@id\":\"https:\\\/\\\/marcelolopes.jor.br\\\/site\\\/#website\",\"url\":\"https:\\\/\\\/marcelolopes.jor.br\\\/site\\\/\",\"name\":\"Marcelo Lopes\",\"description\":\"Not\u00edcias de Cataguases e Regi\u00e3o\",\"publisher\":{\"@id\":\"https:\\\/\\\/marcelolopes.jor.br\\\/site\\\/#organization\"},\"potentialAction\":[{\"@type\":\"SearchAction\",\"target\":{\"@type\":\"EntryPoint\",\"urlTemplate\":\"https:\\\/\\\/marcelolopes.jor.br\\\/site\\\/?s={search_term_string}\"},\"query-input\":{\"@type\":\"PropertyValueSpecification\",\"valueRequired\":true,\"valueName\":\"search_term_string\"}}],\"inLanguage\":\"pt-BR\"},{\"@type\":\"Organization\",\"@id\":\"https:\\\/\\\/marcelolopes.jor.br\\\/site\\\/#organization\",\"name\":\"Site do Marcelo Lopes\",\"url\":\"https:\\\/\\\/marcelolopes.jor.br\\\/site\\\/\",\"logo\":{\"@type\":\"ImageObject\",\"inLanguage\":\"pt-BR\",\"@id\":\"https:\\\/\\\/marcelolopes.jor.br\\\/site\\\/#\\\/schema\\\/logo\\\/image\\\/\",\"url\":\"https:\\\/\\\/marcelolopes.jor.br\\\/site\\\/wp-content\\\/uploads\\\/2026\\\/07\\\/cropped-logo2026.png\",\"contentUrl\":\"https:\\\/\\\/marcelolopes.jor.br\\\/site\\\/wp-content\\\/uploads\\\/2026\\\/07\\\/cropped-logo2026.png\",\"width\":328,\"height\":96,\"caption\":\"Site do Marcelo Lopes\"},\"image\":{\"@id\":\"https:\\\/\\\/marcelolopes.jor.br\\\/site\\\/#\\\/schema\\\/logo\\\/image\\\/\"},\"sameAs\":[\"https:\\\/\\\/www.facebook.com\\\/sitedomarcelolopes\",\"https:\\\/\\\/www.instagram.com\\\/sitedomarcelolopes\\\/\",\"https:\\\/\\\/www.linkedin.com\\\/company\\\/site-do-marcelo-lopes\\\/\",\"https:\\\/\\\/www.youtube.com\\\/user\\\/marcelolopes957\"]},{\"@type\":\"Person\",\"@id\":\"https:\\\/\\\/marcelolopes.jor.br\\\/site\\\/#\\\/schema\\\/person\\\/3e7216a35c34d8fdf952b31da3d1f89f\",\"name\":\"Marcelo Lopes\",\"sameAs\":[\"http:\\\/\\\/www.marcelolopes.jor.br\"],\"url\":\"https:\\\/\\\/marcelolopes.jor.br\\\/site\\\/author\\\/marcelo\\\/\"}]}<\/script>\n<!-- \/ Yoast SEO plugin. -->","yoast_head_json":{"title":"Corpo de Bombeiros de Cataguases alerta sobre inc\u00eandio em","description":"Corpo de Bombeiros de Cataguases alerta sobre inc\u00eandio em vegeta\u00e7\u00e3o. O momento \u00e9 para a popula\u00e7\u00e3o ficar de prontid\u00e3o e atuar preventivamente.","robots":{"index":"index","follow":"follow","max-snippet":"max-snippet:-1","max-image-preview":"max-image-preview:large","max-video-preview":"max-video-preview:-1"},"canonical":"https:\/\/marcelolopes.jor.br\/site\/2024\/09\/03\/corpo-de-bombeiros-de-cataguases-alerta-sobre-incendio-em-vegetacao\/","og_locale":"pt_BR","og_type":"article","og_title":"Corpo de Bombeiros de Cataguases alerta sobre inc\u00eandio em","og_description":"Corpo de Bombeiros de Cataguases alerta sobre inc\u00eandio em vegeta\u00e7\u00e3o. O momento \u00e9 para a popula\u00e7\u00e3o ficar de prontid\u00e3o e atuar preventivamente.","og_url":"https:\/\/marcelolopes.jor.br\/site\/2024\/09\/03\/corpo-de-bombeiros-de-cataguases-alerta-sobre-incendio-em-vegetacao\/","og_site_name":"Marcelo Lopes","article_publisher":"https:\/\/www.facebook.com\/sitedomarcelolopes","article_published_time":"2024-09-03T19:00:10+00:00","article_modified_time":"2024-09-03T21:47:56+00:00","og_image":[{"width":900,"height":600,"url":"https:\/\/marcelolopes.jor.br\/site\/wp-content\/uploads\/2024\/09\/IMG_7046.jpeg","type":"image\/jpeg"}],"author":"Marcelo Lopes","twitter_card":"summary_large_image","twitter_misc":{"Escrito por":"Marcelo Lopes","Est. tempo de leitura":"2 minutos"},"schema":{"@context":"https:\/\/schema.org","@graph":[{"@type":"NewsArticle","@id":"https:\/\/marcelolopes.jor.br\/site\/2024\/09\/03\/corpo-de-bombeiros-de-cataguases-alerta-sobre-incendio-em-vegetacao\/#article","isPartOf":{"@id":"https:\/\/marcelolopes.jor.br\/site\/2024\/09\/03\/corpo-de-bombeiros-de-cataguases-alerta-sobre-incendio-em-vegetacao\/"},"author":{"name":"Marcelo Lopes","@id":"https:\/\/marcelolopes.jor.br\/site\/#\/schema\/person\/3e7216a35c34d8fdf952b31da3d1f89f"},"headline":"Corpo de Bombeiros de Cataguases alerta sobre inc\u00eandio em vegeta\u00e7\u00e3o","datePublished":"2024-09-03T19:00:10+00:00","dateModified":"2024-09-03T21:47:56+00:00","mainEntityOfPage":{"@id":"https:\/\/marcelolopes.jor.br\/site\/2024\/09\/03\/corpo-de-bombeiros-de-cataguases-alerta-sobre-incendio-em-vegetacao\/"},"wordCount":342,"commentCount":0,"publisher":{"@id":"https:\/\/marcelolopes.jor.br\/site\/#organization"},"image":{"@id":"https:\/\/marcelolopes.jor.br\/site\/2024\/09\/03\/corpo-de-bombeiros-de-cataguases-alerta-sobre-incendio-em-vegetacao\/#primaryimage"},"thumbnailUrl":"https:\/\/marcelolopes.jor.br\/site\/wp-content\/uploads\/2024\/09\/IMG_7046.jpeg","articleSection":["Not\u00edcias"],"inLanguage":"pt-BR","potentialAction":[{"@type":"CommentAction","name":"Comment","target":["https:\/\/marcelolopes.jor.br\/site\/2024\/09\/03\/corpo-de-bombeiros-de-cataguases-alerta-sobre-incendio-em-vegetacao\/#respond"]}]},{"@type":"WebPage","@id":"https:\/\/marcelolopes.jor.br\/site\/2024\/09\/03\/corpo-de-bombeiros-de-cataguases-alerta-sobre-incendio-em-vegetacao\/","url":"https:\/\/marcelolopes.jor.br\/site\/2024\/09\/03\/corpo-de-bombeiros-de-cataguases-alerta-sobre-incendio-em-vegetacao\/","name":"Corpo de Bombeiros de Cataguases alerta sobre inc\u00eandio em","isPartOf":{"@id":"https:\/\/marcelolopes.jor.br\/site\/#website"},"primaryImageOfPage":{"@id":"https:\/\/marcelolopes.jor.br\/site\/2024\/09\/03\/corpo-de-bombeiros-de-cataguases-alerta-sobre-incendio-em-vegetacao\/#primaryimage"},"image":{"@id":"https:\/\/marcelolopes.jor.br\/site\/2024\/09\/03\/corpo-de-bombeiros-de-cataguases-alerta-sobre-incendio-em-vegetacao\/#primaryimage"},"thumbnailUrl":"https:\/\/marcelolopes.jor.br\/site\/wp-content\/uploads\/2024\/09\/IMG_7046.jpeg","datePublished":"2024-09-03T19:00:10+00:00","dateModified":"2024-09-03T21:47:56+00:00","description":"Corpo de Bombeiros de Cataguases alerta sobre inc\u00eandio em vegeta\u00e7\u00e3o. O momento \u00e9 para a popula\u00e7\u00e3o ficar de prontid\u00e3o e atuar preventivamente.","breadcrumb":{"@id":"https:\/\/marcelolopes.jor.br\/site\/2024\/09\/03\/corpo-de-bombeiros-de-cataguases-alerta-sobre-incendio-em-vegetacao\/#breadcrumb"},"inLanguage":"pt-BR","potentialAction":[{"@type":"ReadAction","target":["https:\/\/marcelolopes.jor.br\/site\/2024\/09\/03\/corpo-de-bombeiros-de-cataguases-alerta-sobre-incendio-em-vegetacao\/"]}]},{"@type":"ImageObject","inLanguage":"pt-BR","@id":"https:\/\/marcelolopes.jor.br\/site\/2024\/09\/03\/corpo-de-bombeiros-de-cataguases-alerta-sobre-incendio-em-vegetacao\/#primaryimage","url":"https:\/\/marcelolopes.jor.br\/site\/wp-content\/uploads\/2024\/09\/IMG_7046.jpeg","contentUrl":"https:\/\/marcelolopes.jor.br\/site\/wp-content\/uploads\/2024\/09\/IMG_7046.jpeg","width":900,"height":600},{"@type":"BreadcrumbList","@id":"https:\/\/marcelolopes.jor.br\/site\/2024\/09\/03\/corpo-de-bombeiros-de-cataguases-alerta-sobre-incendio-em-vegetacao\/#breadcrumb","itemListElement":[{"@type":"ListItem","position":1,"name":"Home","item":"https:\/\/marcelolopes.jor.br\/site\/"},{"@type":"ListItem","position":2,"name":"Corpo de Bombeiros de Cataguases alerta sobre inc\u00eandio em vegeta\u00e7\u00e3o"}]},{"@type":"WebSite","@id":"https:\/\/marcelolopes.jor.br\/site\/#website","url":"https:\/\/marcelolopes.jor.br\/site\/","name":"Marcelo Lopes","description":"Not\u00edcias de Cataguases e Regi\u00e3o","publisher":{"@id":"https:\/\/marcelolopes.jor.br\/site\/#organization"},"potentialAction":[{"@type":"SearchAction","target":{"@type":"EntryPoint","urlTemplate":"https:\/\/marcelolopes.jor.br\/site\/?s={search_term_string}"},"query-input":{"@type":"PropertyValueSpecification","valueRequired":true,"valueName":"search_term_string"}}],"inLanguage":"pt-BR"},{"@type":"Organization","@id":"https:\/\/marcelolopes.jor.br\/site\/#organization","name":"Site do Marcelo Lopes","url":"https:\/\/marcelolopes.jor.br\/site\/","logo":{"@type":"ImageObject","inLanguage":"pt-BR","@id":"https:\/\/marcelolopes.jor.br\/site\/#\/schema\/logo\/image\/","url":"https:\/\/marcelolopes.jor.br\/site\/wp-content\/uploads\/2026\/07\/cropped-logo2026.png","contentUrl":"https:\/\/marcelolopes.jor.br\/site\/wp-content\/uploads\/2026\/07\/cropped-logo2026.png","width":328,"height":96,"caption":"Site do Marcelo Lopes"},"image":{"@id":"https:\/\/marcelolopes.jor.br\/site\/#\/schema\/logo\/image\/"},"sameAs":["https:\/\/www.facebook.com\/sitedomarcelolopes","https:\/\/www.instagram.com\/sitedomarcelolopes\/","https:\/\/www.linkedin.com\/company\/site-do-marcelo-lopes\/","https:\/\/www.youtube.com\/user\/marcelolopes957"]},{"@type":"Person","@id":"https:\/\/marcelolopes.jor.br\/site\/#\/schema\/person\/3e7216a35c34d8fdf952b31da3d1f89f","name":"Marcelo Lopes","sameAs":["http:\/\/www.marcelolopes.jor.br"],"url":"https:\/\/marcelolopes.jor.br\/site\/author\/marcelo\/"}]}},"wps_subtitle":"O momento \u00e9 para a popula\u00e7\u00e3o ficar de prontid\u00e3o e atuar preventivamente.","_links":{"self":[{"href":"https:\/\/marcelolopes.jor.br\/site\/wp-json\/wp\/v2\/posts\/51725","targetHints":{"allow":["GET"]}}],"collection":[{"href":"https:\/\/marcelolopes.jor.br\/site\/wp-json\/wp\/v2\/posts"}],"about":[{"href":"https:\/\/marcelolopes.jor.br\/site\/wp-json\/wp\/v2\/types\/post"}],"author":[{"embeddable":true,"href":"https:\/\/marcelolopes.jor.br\/site\/wp-json\/wp\/v2\/users\/2"}],"replies":[{"embeddable":true,"href":"https:\/\/marcelolopes.jor.br\/site\/wp-json\/wp\/v2\/comments?post=51725"}],"version-history":[{"count":0,"href":"https:\/\/marcelolopes.jor.br\/site\/wp-json\/wp\/v2\/posts\/51725\/revisions"}],"wp:featuredmedia":[{"embeddable":true,"href":"https:\/\/marcelolopes.jor.br\/site\/wp-json\/wp\/v2\/media\/51729"}],"wp:attachment":[{"href":"https:\/\/marcelolopes.jor.br\/site\/wp-json\/wp\/v2\/media?parent=51725"}],"wp:term":[{"taxonomy":"category","embeddable":true,"href":"https:\/\/marcelolopes.jor.br\/site\/wp-json\/wp\/v2\/categories?post=51725"},{"taxonomy":"post_tag","embeddable":true,"href":"https:\/\/marcelolopes.jor.br\/site\/wp-json\/wp\/v2\/tags?post=51725"}],"curies":[{"name":"wp","href":"https:\/\/api.w.org\/{rel}","templated":true}]}}