{"id":51704,"date":"2024-09-02T16:00:30","date_gmt":"2024-09-02T19:00:30","guid":{"rendered":"https:\/\/marcelolopes.jor.br\/?p=51704"},"modified":"2024-09-02T11:58:54","modified_gmt":"2024-09-02T14:58:54","slug":"queimadas-ja-deixaram-20-mil-clientes-da-energisa-sem-energia","status":"publish","type":"post","link":"https:\/\/marcelolopes.jor.br\/site\/2024\/09\/02\/queimadas-ja-deixaram-20-mil-clientes-da-energisa-sem-energia\/","title":{"rendered":"Queimadas j\u00e1 deixaram 20 mil clientes da Energisa sem energia"},"content":{"rendered":"<p>O clima seco e a maior incid\u00eancia dos ventos contribuem para um problema recorrente nesta \u00e9poca do ano: as queimadas, que t\u00eam aumentado nos \u00faltimos dias. Por isso, o setor de energia el\u00e9trica est\u00e1 atento e preocupado com o risco de interrup\u00e7\u00f5es de fornecimento, causada por inc\u00eandios. Bitucas de cigarros, fogo para limpeza de pastagens e fogueiras est\u00e3o entre os principais causadores de inc\u00eandios, cujas chamas podem atingir a rede el\u00e9trica e impactar o fornecimento de energia, inclusive de hospitais e \u00f3rg\u00e3os p\u00fablicos de seguran\u00e7a.<!--more--><\/p>\n<h4 class=\"p1\"><span class=\"s1\">\ud83d\udcf8 <span style=\"color: #808080;\">Siga o Site do Marcelo Lopes no<\/span> <a href=\"https:\/\/www.facebook.com\/sitedomarcelolopes\/\"><strong><span style=\"color: #800000;\">Facebook<\/span><\/strong><\/a> <span style=\"color: #808080;\">e no<\/span> <strong><span style=\"color: #800000;\"><a style=\"color: #800000;\" href=\"https:\/\/www.instagram.com\/sitedomarcelolopes\/\">Instagram<\/a><\/span><\/strong><\/span><\/h4>\n<h4 class=\"p1\"><span class=\"s1\">\ud83d\udcf1<span style=\"color: #808080;\">Receba no<\/span> <a href=\"https:\/\/chat.whatsapp.com\/BibzcI1ibYSKytbdyzubLA\"><strong><span style=\"color: #800000;\">WhatsApp<\/span><\/strong><\/a> <span style=\"color: #808080;\">as not\u00edcias do Site do Marcelo Lopes<\/span><\/span><\/h4>\n<p>&nbsp;<\/p>\n<blockquote><p>\u201cSem chuvas e baixa umidade do ar, o cen\u00e1rio fica prop\u00edcio para a r\u00e1pida dispers\u00e3o do fogo. E, ainda que as chamas n\u00e3o atinjam diretamente a rede de energia, o calor intenso pode danificar cabos condutores, postes, equipamentos do sistema el\u00e9trico e causar a interrup\u00e7\u00e3o no fornecimento da energia para clientes da localidade, inclusive servi\u00e7os essenciais\u201d, explica Valdecy Barros, supervisor da Energisa Minas Rio.<\/p><\/blockquote>\n<p>Somente no m\u00eas de agosto, mais de 20 mil clientes ficaram sem energia devido \u00e0s queimadas que atingiram a rede el\u00e9trica nas localidades de Martins Soares, Cana\u00e3, Araponga, Leopoldina, Piacatuba (distrito de Leopoldina), Manhua\u00e7u e o seu distrito de Santo Amaro.<\/p>\n<p>Quando isso acontece, equipes especializadas da Energisa s\u00e3o direcionadas para apoiar o Corpo de Bombeiros, minimizando os impactos relacionados \u00e0 distribui\u00e7\u00e3o de energia, enquanto \u00e9 feito o trabalho de conten\u00e7\u00e3o do inc\u00eandio.<\/p>\n<p>Com o intuito de despertar a aten\u00e7\u00e3o da comunidade para a preven\u00e7\u00e3o de queimadas, a Energisa listou algumas situa\u00e7\u00f5es que devem ser evitadas:<br \/>\n\u25c6 nunca jogue pontas de cigarro ou f\u00f3sforos acesos em lixeiras, \u00e0s margens de rodovias ou pr\u00f3ximo a qualquer tipo de vegeta\u00e7\u00e3o;<br \/>\n\u25c6 n\u00e3o queime o lixo dom\u00e9stico;<br \/>\n\u25c6 n\u00e3o fa\u00e7a queimadas para limpar pastagem ou plantio agr\u00edcola;<br \/>\n\u25c6 evite acender fogueiras, principalmente em locais perto da rede el\u00e9trica;<br \/>\n\u25c6 quando acender uma fogueira, posteriormente apague as cinzas com \u00e1gua, para que o vento n\u00e3o leve as brasas para matas, terrenos baldios ou lix\u00f5es;<br \/>\n\u25c6 vale lembrar que fazer queimadas pr\u00f3ximo \u00e0s linhas de transmiss\u00e3o constitui crime federal previsto no Decreto 2.661, de julho de 1998, que pro\u00edbe atear fogo numa faixa de 15 metros dos limites de seguran\u00e7a das linhas de transmiss\u00e3o de energia e de 100 metros ao redor das subesta\u00e7\u00f5es.<\/p>\n<p><strong>OUTRAS NOT\u00cdCIAS<\/strong><br \/>\n<a href=\"https:\/\/marcelolopes.jor.br\/2024\/08\/27\/cataguases-registra-104-incendios-e-queimadas-somente-neste-ano\/\"><strong><span style=\"color: #800000;\">Cataguases registra 104 inc\u00eandios e queimadas somente neste ano<\/span><\/strong><\/a><\/p>\n<p><a href=\"https:\/\/marcelolopes.jor.br\/2022\/07\/23\/estiagem-chama-atencao-para-risco-de-queimadas-perto-da-rede-eletrica-2\/\"><strong><span style=\"color: #800000;\">Estiagem chama aten\u00e7\u00e3o para risco de queimadas perto da rede el\u00e9trica<\/span><\/strong><\/a><\/p>\n<p>Fonte e foto: Energisa Minas Rio<\/p>\n<div class=\"aosli6a950b312e10d\" ><br><\/div><style type=\"text\/css\">\r\n@media screen and (min-width: 1201px) {\r\n.aosli6a950b312e10d {\r\ndisplay: block;\r\n}\r\n}\r\n@media screen and (min-width: 993px) and (max-width: 1200px) {\r\n.aosli6a950b312e10d {\r\ndisplay: block;\r\n}\r\n}\r\n@media screen and (min-width: 769px) and (max-width: 992px) {\r\n.aosli6a950b312e10d {\r\ndisplay: block;\r\n}\r\n}\r\n@media screen and (min-width: 768px) and (max-width: 768px) {\r\n.aosli6a950b312e10d {\r\ndisplay: block;\r\n}\r\n}\r\n@media screen and (max-width: 767px) {\r\n.aosli6a950b312e10d {\r\ndisplay: block;\r\n}\r\n}\r\n<\/style>\r\n<div class=\"mcxbs6a950b31337ba\" ><div id=\"div_destino\"><\/div>\r\n<script src=\"https:\/\/cdn.snsrsv.com\/sdk.js\"><\/script>\r\n<script >\r\n      new sdk(\"464030C30061EA8BE065000000000001\") \r\n          .appendTo(\"div_destino\")\r\n          .disableStyle(true) \r\n          .setCacheBusterMacro(\"%%CACHEBUSTER%%\")\r\n          .setSize(\"800\",\"214\")\r\n          .setClickMacro(\"%%CLICK_URL_ESC%%\") \r\n          .setReferrerUrlMacro(\"%%REFERRER_URL_ESC%%\") \r\n          .start(); \r\n<\/script><\/div><style type=\"text\/css\">\r\n@media screen and (min-width: 1201px) {\r\n.mcxbs6a950b31337ba {\r\ndisplay: block;\r\n}\r\n}\r\n@media screen and (min-width: 993px) and (max-width: 1200px) {\r\n.mcxbs6a950b31337ba {\r\ndisplay: block;\r\n}\r\n}\r\n@media screen and (min-width: 769px) and (max-width: 992px) {\r\n.mcxbs6a950b31337ba {\r\ndisplay: block;\r\n}\r\n}\r\n@media screen and (min-width: 768px) and (max-width: 768px) {\r\n.mcxbs6a950b31337ba {\r\ndisplay: block;\r\n}\r\n}\r\n@media screen and (max-width: 767px) {\r\n.mcxbs6a950b31337ba {\r\ndisplay: block;\r\n}\r\n}\r\n<\/style>\r\n","protected":false},"excerpt":{"rendered":"<p>O clima seco e a maior incid\u00eancia dos ventos contribuem para um problema recorrente nesta \u00e9poca do ano: as queimadas, que t\u00eam aumentado nos \u00faltimos dias. Por isso, o setor de energia el\u00e9trica est\u00e1 atento e preocupado com o risco<\/p>\n<p class=\"link-more\"><a class=\"more-link\" href=\"https:\/\/marcelolopes.jor.br\/site\/2024\/09\/02\/queimadas-ja-deixaram-20-mil-clientes-da-energisa-sem-energia\/\">Leia mais <span class=\"screen-reader-text\">Queimadas j\u00e1 deixaram 20 mil clientes da Energisa sem energia<\/span><\/a><\/p>\n","protected":false},"author":2,"featured_media":51706,"comment_status":"open","ping_status":"open","sticky":false,"template":"","format":"standard","meta":{"footnotes":""},"categories":[1],"tags":[],"class_list":["post-51704","post","type-post","status-publish","format-standard","has-post-thumbnail","hentry","category-noticias","thumb-below-title"],"yoast_head":"<!-- This site is optimized with the Yoast SEO plugin v28.3 - https:\/\/yoast.com\/product\/yoast-seo-wordpress\/ -->\n<title>Queimadas j\u00e1 deixaram 20 mil clientes da Energisa sem energia | Marcelo Lopes<\/title>\n<meta name=\"description\" content=\"Queimadas j\u00e1 deixaram 20 mil clientes da Energisa sem energia. N\u00fameros s\u00e3o apenas do m\u00eas de agosto. Popula\u00e7\u00e3o pode ajudar.\" \/>\n<meta name=\"robots\" content=\"index, follow, max-snippet:-1, max-image-preview:large, max-video-preview:-1\" \/>\n<link rel=\"canonical\" href=\"https:\/\/marcelolopes.jor.br\/site\/2024\/09\/02\/queimadas-ja-deixaram-20-mil-clientes-da-energisa-sem-energia\/\" \/>\n<meta property=\"og:locale\" content=\"pt_BR\" \/>\n<meta property=\"og:type\" content=\"article\" \/>\n<meta property=\"og:title\" content=\"Queimadas j\u00e1 deixaram 20 mil clientes da Energisa sem energia | Marcelo Lopes\" \/>\n<meta property=\"og:description\" content=\"Queimadas j\u00e1 deixaram 20 mil clientes da Energisa sem energia. N\u00fameros s\u00e3o apenas do m\u00eas de agosto. Popula\u00e7\u00e3o pode ajudar.\" \/>\n<meta property=\"og:url\" content=\"https:\/\/marcelolopes.jor.br\/site\/2024\/09\/02\/queimadas-ja-deixaram-20-mil-clientes-da-energisa-sem-energia\/\" \/>\n<meta property=\"og:site_name\" content=\"Marcelo Lopes\" \/>\n<meta property=\"article:publisher\" content=\"https:\/\/www.facebook.com\/sitedomarcelolopes\" \/>\n<meta property=\"article:published_time\" content=\"2024-09-02T19:00:30+00:00\" \/>\n<meta property=\"og:image\" content=\"https:\/\/marcelolopes.jor.br\/site\/wp-content\/uploads\/2024\/09\/image003.jpg\" \/>\n\t<meta property=\"og:image:width\" content=\"900\" \/>\n\t<meta property=\"og:image:height\" content=\"506\" \/>\n\t<meta property=\"og:image:type\" content=\"image\/jpeg\" \/>\n<meta name=\"author\" content=\"Marcelo Lopes\" \/>\n<meta name=\"twitter:card\" content=\"summary_large_image\" \/>\n<meta name=\"twitter:label1\" content=\"Escrito por\" \/>\n\t<meta name=\"twitter:data1\" content=\"Marcelo Lopes\" \/>\n\t<meta name=\"twitter:label2\" content=\"Est. tempo de leitura\" \/>\n\t<meta name=\"twitter:data2\" content=\"2 minutos\" \/>\n<script type=\"application\/ld+json\" class=\"yoast-schema-graph\">{\"@context\":\"https:\\\/\\\/schema.org\",\"@graph\":[{\"@type\":\"NewsArticle\",\"@id\":\"https:\\\/\\\/marcelolopes.jor.br\\\/site\\\/2024\\\/09\\\/02\\\/queimadas-ja-deixaram-20-mil-clientes-da-energisa-sem-energia\\\/#article\",\"isPartOf\":{\"@id\":\"https:\\\/\\\/marcelolopes.jor.br\\\/site\\\/2024\\\/09\\\/02\\\/queimadas-ja-deixaram-20-mil-clientes-da-energisa-sem-energia\\\/\"},\"author\":{\"name\":\"Marcelo Lopes\",\"@id\":\"https:\\\/\\\/marcelolopes.jor.br\\\/site\\\/#\\\/schema\\\/person\\\/3e7216a35c34d8fdf952b31da3d1f89f\"},\"headline\":\"Queimadas j\u00e1 deixaram 20 mil clientes da Energisa sem energia\",\"datePublished\":\"2024-09-02T19:00:30+00:00\",\"mainEntityOfPage\":{\"@id\":\"https:\\\/\\\/marcelolopes.jor.br\\\/site\\\/2024\\\/09\\\/02\\\/queimadas-ja-deixaram-20-mil-clientes-da-energisa-sem-energia\\\/\"},\"wordCount\":464,\"commentCount\":0,\"publisher\":{\"@id\":\"https:\\\/\\\/marcelolopes.jor.br\\\/site\\\/#organization\"},\"image\":{\"@id\":\"https:\\\/\\\/marcelolopes.jor.br\\\/site\\\/2024\\\/09\\\/02\\\/queimadas-ja-deixaram-20-mil-clientes-da-energisa-sem-energia\\\/#primaryimage\"},\"thumbnailUrl\":\"https:\\\/\\\/marcelolopes.jor.br\\\/site\\\/wp-content\\\/uploads\\\/2024\\\/09\\\/image003.jpg\",\"articleSection\":[\"Not\u00edcias\"],\"inLanguage\":\"pt-BR\",\"potentialAction\":[{\"@type\":\"CommentAction\",\"name\":\"Comment\",\"target\":[\"https:\\\/\\\/marcelolopes.jor.br\\\/site\\\/2024\\\/09\\\/02\\\/queimadas-ja-deixaram-20-mil-clientes-da-energisa-sem-energia\\\/#respond\"]}]},{\"@type\":\"WebPage\",\"@id\":\"https:\\\/\\\/marcelolopes.jor.br\\\/site\\\/2024\\\/09\\\/02\\\/queimadas-ja-deixaram-20-mil-clientes-da-energisa-sem-energia\\\/\",\"url\":\"https:\\\/\\\/marcelolopes.jor.br\\\/site\\\/2024\\\/09\\\/02\\\/queimadas-ja-deixaram-20-mil-clientes-da-energisa-sem-energia\\\/\",\"name\":\"Queimadas j\u00e1 deixaram 20 mil clientes da Energisa sem energia | Marcelo Lopes\",\"isPartOf\":{\"@id\":\"https:\\\/\\\/marcelolopes.jor.br\\\/site\\\/#website\"},\"primaryImageOfPage\":{\"@id\":\"https:\\\/\\\/marcelolopes.jor.br\\\/site\\\/2024\\\/09\\\/02\\\/queimadas-ja-deixaram-20-mil-clientes-da-energisa-sem-energia\\\/#primaryimage\"},\"image\":{\"@id\":\"https:\\\/\\\/marcelolopes.jor.br\\\/site\\\/2024\\\/09\\\/02\\\/queimadas-ja-deixaram-20-mil-clientes-da-energisa-sem-energia\\\/#primaryimage\"},\"thumbnailUrl\":\"https:\\\/\\\/marcelolopes.jor.br\\\/site\\\/wp-content\\\/uploads\\\/2024\\\/09\\\/image003.jpg\",\"datePublished\":\"2024-09-02T19:00:30+00:00\",\"description\":\"Queimadas j\u00e1 deixaram 20 mil clientes da Energisa sem energia. N\u00fameros s\u00e3o apenas do m\u00eas de agosto. Popula\u00e7\u00e3o pode ajudar.\",\"breadcrumb\":{\"@id\":\"https:\\\/\\\/marcelolopes.jor.br\\\/site\\\/2024\\\/09\\\/02\\\/queimadas-ja-deixaram-20-mil-clientes-da-energisa-sem-energia\\\/#breadcrumb\"},\"inLanguage\":\"pt-BR\",\"potentialAction\":[{\"@type\":\"ReadAction\",\"target\":[\"https:\\\/\\\/marcelolopes.jor.br\\\/site\\\/2024\\\/09\\\/02\\\/queimadas-ja-deixaram-20-mil-clientes-da-energisa-sem-energia\\\/\"]}]},{\"@type\":\"ImageObject\",\"inLanguage\":\"pt-BR\",\"@id\":\"https:\\\/\\\/marcelolopes.jor.br\\\/site\\\/2024\\\/09\\\/02\\\/queimadas-ja-deixaram-20-mil-clientes-da-energisa-sem-energia\\\/#primaryimage\",\"url\":\"https:\\\/\\\/marcelolopes.jor.br\\\/site\\\/wp-content\\\/uploads\\\/2024\\\/09\\\/image003.jpg\",\"contentUrl\":\"https:\\\/\\\/marcelolopes.jor.br\\\/site\\\/wp-content\\\/uploads\\\/2024\\\/09\\\/image003.jpg\",\"width\":900,\"height\":506,\"caption\":\"Queimadas j\u00e1 deixaram 20\"},{\"@type\":\"BreadcrumbList\",\"@id\":\"https:\\\/\\\/marcelolopes.jor.br\\\/site\\\/2024\\\/09\\\/02\\\/queimadas-ja-deixaram-20-mil-clientes-da-energisa-sem-energia\\\/#breadcrumb\",\"itemListElement\":[{\"@type\":\"ListItem\",\"position\":1,\"name\":\"Home\",\"item\":\"https:\\\/\\\/marcelolopes.jor.br\\\/site\\\/\"},{\"@type\":\"ListItem\",\"position\":2,\"name\":\"Queimadas j\u00e1 deixaram 20 mil clientes da Energisa sem energia\"}]},{\"@type\":\"WebSite\",\"@id\":\"https:\\\/\\\/marcelolopes.jor.br\\\/site\\\/#website\",\"url\":\"https:\\\/\\\/marcelolopes.jor.br\\\/site\\\/\",\"name\":\"Marcelo Lopes\",\"description\":\"Not\u00edcias de Cataguases e Regi\u00e3o\",\"publisher\":{\"@id\":\"https:\\\/\\\/marcelolopes.jor.br\\\/site\\\/#organization\"},\"potentialAction\":[{\"@type\":\"SearchAction\",\"target\":{\"@type\":\"EntryPoint\",\"urlTemplate\":\"https:\\\/\\\/marcelolopes.jor.br\\\/site\\\/?s={search_term_string}\"},\"query-input\":{\"@type\":\"PropertyValueSpecification\",\"valueRequired\":true,\"valueName\":\"search_term_string\"}}],\"inLanguage\":\"pt-BR\"},{\"@type\":\"Organization\",\"@id\":\"https:\\\/\\\/marcelolopes.jor.br\\\/site\\\/#organization\",\"name\":\"Site do Marcelo Lopes\",\"url\":\"https:\\\/\\\/marcelolopes.jor.br\\\/site\\\/\",\"logo\":{\"@type\":\"ImageObject\",\"inLanguage\":\"pt-BR\",\"@id\":\"https:\\\/\\\/marcelolopes.jor.br\\\/site\\\/#\\\/schema\\\/logo\\\/image\\\/\",\"url\":\"https:\\\/\\\/marcelolopes.jor.br\\\/site\\\/wp-content\\\/uploads\\\/2026\\\/07\\\/cropped-logo2026.png\",\"contentUrl\":\"https:\\\/\\\/marcelolopes.jor.br\\\/site\\\/wp-content\\\/uploads\\\/2026\\\/07\\\/cropped-logo2026.png\",\"width\":328,\"height\":96,\"caption\":\"Site do Marcelo Lopes\"},\"image\":{\"@id\":\"https:\\\/\\\/marcelolopes.jor.br\\\/site\\\/#\\\/schema\\\/logo\\\/image\\\/\"},\"sameAs\":[\"https:\\\/\\\/www.facebook.com\\\/sitedomarcelolopes\",\"https:\\\/\\\/www.instagram.com\\\/sitedomarcelolopes\\\/\",\"https:\\\/\\\/www.linkedin.com\\\/company\\\/site-do-marcelo-lopes\\\/\",\"https:\\\/\\\/www.youtube.com\\\/user\\\/marcelolopes957\"]},{\"@type\":\"Person\",\"@id\":\"https:\\\/\\\/marcelolopes.jor.br\\\/site\\\/#\\\/schema\\\/person\\\/3e7216a35c34d8fdf952b31da3d1f89f\",\"name\":\"Marcelo Lopes\",\"sameAs\":[\"http:\\\/\\\/www.marcelolopes.jor.br\"],\"url\":\"https:\\\/\\\/marcelolopes.jor.br\\\/site\\\/author\\\/marcelo\\\/\"}]}<\/script>\n<!-- \/ Yoast SEO plugin. -->","yoast_head_json":{"title":"Queimadas j\u00e1 deixaram 20 mil clientes da Energisa sem energia | Marcelo Lopes","description":"Queimadas j\u00e1 deixaram 20 mil clientes da Energisa sem energia. N\u00fameros s\u00e3o apenas do m\u00eas de agosto. Popula\u00e7\u00e3o pode ajudar.","robots":{"index":"index","follow":"follow","max-snippet":"max-snippet:-1","max-image-preview":"max-image-preview:large","max-video-preview":"max-video-preview:-1"},"canonical":"https:\/\/marcelolopes.jor.br\/site\/2024\/09\/02\/queimadas-ja-deixaram-20-mil-clientes-da-energisa-sem-energia\/","og_locale":"pt_BR","og_type":"article","og_title":"Queimadas j\u00e1 deixaram 20 mil clientes da Energisa sem energia | Marcelo Lopes","og_description":"Queimadas j\u00e1 deixaram 20 mil clientes da Energisa sem energia. N\u00fameros s\u00e3o apenas do m\u00eas de agosto. Popula\u00e7\u00e3o pode ajudar.","og_url":"https:\/\/marcelolopes.jor.br\/site\/2024\/09\/02\/queimadas-ja-deixaram-20-mil-clientes-da-energisa-sem-energia\/","og_site_name":"Marcelo Lopes","article_publisher":"https:\/\/www.facebook.com\/sitedomarcelolopes","article_published_time":"2024-09-02T19:00:30+00:00","og_image":[{"width":900,"height":506,"url":"https:\/\/marcelolopes.jor.br\/site\/wp-content\/uploads\/2024\/09\/image003.jpg","type":"image\/jpeg"}],"author":"Marcelo Lopes","twitter_card":"summary_large_image","twitter_misc":{"Escrito por":"Marcelo Lopes","Est. tempo de leitura":"2 minutos"},"schema":{"@context":"https:\/\/schema.org","@graph":[{"@type":"NewsArticle","@id":"https:\/\/marcelolopes.jor.br\/site\/2024\/09\/02\/queimadas-ja-deixaram-20-mil-clientes-da-energisa-sem-energia\/#article","isPartOf":{"@id":"https:\/\/marcelolopes.jor.br\/site\/2024\/09\/02\/queimadas-ja-deixaram-20-mil-clientes-da-energisa-sem-energia\/"},"author":{"name":"Marcelo Lopes","@id":"https:\/\/marcelolopes.jor.br\/site\/#\/schema\/person\/3e7216a35c34d8fdf952b31da3d1f89f"},"headline":"Queimadas j\u00e1 deixaram 20 mil clientes da Energisa sem energia","datePublished":"2024-09-02T19:00:30+00:00","mainEntityOfPage":{"@id":"https:\/\/marcelolopes.jor.br\/site\/2024\/09\/02\/queimadas-ja-deixaram-20-mil-clientes-da-energisa-sem-energia\/"},"wordCount":464,"commentCount":0,"publisher":{"@id":"https:\/\/marcelolopes.jor.br\/site\/#organization"},"image":{"@id":"https:\/\/marcelolopes.jor.br\/site\/2024\/09\/02\/queimadas-ja-deixaram-20-mil-clientes-da-energisa-sem-energia\/#primaryimage"},"thumbnailUrl":"https:\/\/marcelolopes.jor.br\/site\/wp-content\/uploads\/2024\/09\/image003.jpg","articleSection":["Not\u00edcias"],"inLanguage":"pt-BR","potentialAction":[{"@type":"CommentAction","name":"Comment","target":["https:\/\/marcelolopes.jor.br\/site\/2024\/09\/02\/queimadas-ja-deixaram-20-mil-clientes-da-energisa-sem-energia\/#respond"]}]},{"@type":"WebPage","@id":"https:\/\/marcelolopes.jor.br\/site\/2024\/09\/02\/queimadas-ja-deixaram-20-mil-clientes-da-energisa-sem-energia\/","url":"https:\/\/marcelolopes.jor.br\/site\/2024\/09\/02\/queimadas-ja-deixaram-20-mil-clientes-da-energisa-sem-energia\/","name":"Queimadas j\u00e1 deixaram 20 mil clientes da Energisa sem energia | Marcelo Lopes","isPartOf":{"@id":"https:\/\/marcelolopes.jor.br\/site\/#website"},"primaryImageOfPage":{"@id":"https:\/\/marcelolopes.jor.br\/site\/2024\/09\/02\/queimadas-ja-deixaram-20-mil-clientes-da-energisa-sem-energia\/#primaryimage"},"image":{"@id":"https:\/\/marcelolopes.jor.br\/site\/2024\/09\/02\/queimadas-ja-deixaram-20-mil-clientes-da-energisa-sem-energia\/#primaryimage"},"thumbnailUrl":"https:\/\/marcelolopes.jor.br\/site\/wp-content\/uploads\/2024\/09\/image003.jpg","datePublished":"2024-09-02T19:00:30+00:00","description":"Queimadas j\u00e1 deixaram 20 mil clientes da Energisa sem energia. N\u00fameros s\u00e3o apenas do m\u00eas de agosto. Popula\u00e7\u00e3o pode ajudar.","breadcrumb":{"@id":"https:\/\/marcelolopes.jor.br\/site\/2024\/09\/02\/queimadas-ja-deixaram-20-mil-clientes-da-energisa-sem-energia\/#breadcrumb"},"inLanguage":"pt-BR","potentialAction":[{"@type":"ReadAction","target":["https:\/\/marcelolopes.jor.br\/site\/2024\/09\/02\/queimadas-ja-deixaram-20-mil-clientes-da-energisa-sem-energia\/"]}]},{"@type":"ImageObject","inLanguage":"pt-BR","@id":"https:\/\/marcelolopes.jor.br\/site\/2024\/09\/02\/queimadas-ja-deixaram-20-mil-clientes-da-energisa-sem-energia\/#primaryimage","url":"https:\/\/marcelolopes.jor.br\/site\/wp-content\/uploads\/2024\/09\/image003.jpg","contentUrl":"https:\/\/marcelolopes.jor.br\/site\/wp-content\/uploads\/2024\/09\/image003.jpg","width":900,"height":506,"caption":"Queimadas j\u00e1 deixaram 20"},{"@type":"BreadcrumbList","@id":"https:\/\/marcelolopes.jor.br\/site\/2024\/09\/02\/queimadas-ja-deixaram-20-mil-clientes-da-energisa-sem-energia\/#breadcrumb","itemListElement":[{"@type":"ListItem","position":1,"name":"Home","item":"https:\/\/marcelolopes.jor.br\/site\/"},{"@type":"ListItem","position":2,"name":"Queimadas j\u00e1 deixaram 20 mil clientes da Energisa sem energia"}]},{"@type":"WebSite","@id":"https:\/\/marcelolopes.jor.br\/site\/#website","url":"https:\/\/marcelolopes.jor.br\/site\/","name":"Marcelo Lopes","description":"Not\u00edcias de Cataguases e Regi\u00e3o","publisher":{"@id":"https:\/\/marcelolopes.jor.br\/site\/#organization"},"potentialAction":[{"@type":"SearchAction","target":{"@type":"EntryPoint","urlTemplate":"https:\/\/marcelolopes.jor.br\/site\/?s={search_term_string}"},"query-input":{"@type":"PropertyValueSpecification","valueRequired":true,"valueName":"search_term_string"}}],"inLanguage":"pt-BR"},{"@type":"Organization","@id":"https:\/\/marcelolopes.jor.br\/site\/#organization","name":"Site do Marcelo Lopes","url":"https:\/\/marcelolopes.jor.br\/site\/","logo":{"@type":"ImageObject","inLanguage":"pt-BR","@id":"https:\/\/marcelolopes.jor.br\/site\/#\/schema\/logo\/image\/","url":"https:\/\/marcelolopes.jor.br\/site\/wp-content\/uploads\/2026\/07\/cropped-logo2026.png","contentUrl":"https:\/\/marcelolopes.jor.br\/site\/wp-content\/uploads\/2026\/07\/cropped-logo2026.png","width":328,"height":96,"caption":"Site do Marcelo Lopes"},"image":{"@id":"https:\/\/marcelolopes.jor.br\/site\/#\/schema\/logo\/image\/"},"sameAs":["https:\/\/www.facebook.com\/sitedomarcelolopes","https:\/\/www.instagram.com\/sitedomarcelolopes\/","https:\/\/www.linkedin.com\/company\/site-do-marcelo-lopes\/","https:\/\/www.youtube.com\/user\/marcelolopes957"]},{"@type":"Person","@id":"https:\/\/marcelolopes.jor.br\/site\/#\/schema\/person\/3e7216a35c34d8fdf952b31da3d1f89f","name":"Marcelo Lopes","sameAs":["http:\/\/www.marcelolopes.jor.br"],"url":"https:\/\/marcelolopes.jor.br\/site\/author\/marcelo\/"}]}},"wps_subtitle":"N\u00fameros s\u00e3o apenas do m\u00eas de agosto. Popula\u00e7\u00e3o pode ajudar.","_links":{"self":[{"href":"https:\/\/marcelolopes.jor.br\/site\/wp-json\/wp\/v2\/posts\/51704","targetHints":{"allow":["GET"]}}],"collection":[{"href":"https:\/\/marcelolopes.jor.br\/site\/wp-json\/wp\/v2\/posts"}],"about":[{"href":"https:\/\/marcelolopes.jor.br\/site\/wp-json\/wp\/v2\/types\/post"}],"author":[{"embeddable":true,"href":"https:\/\/marcelolopes.jor.br\/site\/wp-json\/wp\/v2\/users\/2"}],"replies":[{"embeddable":true,"href":"https:\/\/marcelolopes.jor.br\/site\/wp-json\/wp\/v2\/comments?post=51704"}],"version-history":[{"count":0,"href":"https:\/\/marcelolopes.jor.br\/site\/wp-json\/wp\/v2\/posts\/51704\/revisions"}],"wp:featuredmedia":[{"embeddable":true,"href":"https:\/\/marcelolopes.jor.br\/site\/wp-json\/wp\/v2\/media\/51706"}],"wp:attachment":[{"href":"https:\/\/marcelolopes.jor.br\/site\/wp-json\/wp\/v2\/media?parent=51704"}],"wp:term":[{"taxonomy":"category","embeddable":true,"href":"https:\/\/marcelolopes.jor.br\/site\/wp-json\/wp\/v2\/categories?post=51704"},{"taxonomy":"post_tag","embeddable":true,"href":"https:\/\/marcelolopes.jor.br\/site\/wp-json\/wp\/v2\/tags?post=51704"}],"curies":[{"name":"wp","href":"https:\/\/api.w.org\/{rel}","templated":true}]}}