{"id":5157,"date":"2019-08-27T12:00:35","date_gmt":"2019-08-27T15:00:35","guid":{"rendered":"https:\/\/marcelolopes.jor.br\/?p=5157"},"modified":"2019-08-27T16:59:07","modified_gmt":"2019-08-27T19:59:07","slug":"casal-suspeito-de-roubar-carro-em-cataguases-e-preso-em-muriae","status":"publish","type":"post","link":"https:\/\/marcelolopes.jor.br\/site\/2019\/08\/27\/casal-suspeito-de-roubar-carro-em-cataguases-e-preso-em-muriae\/","title":{"rendered":"Casal suspeito de roubar carro em Cataguases \u00e9 preso em Muria\u00e9"},"content":{"rendered":"<p style=\"text-align: justify;\">Informa\u00e7\u00f5es an\u00f4nimas levaram a Pol\u00edcia Militar a prender em Muria\u00e9, na tarde de segunda-feira, 26 de agosto, um casal suspeito de ter roubado um ve\u00edculo em Cataguases no dia anterior. Segundo a den\u00fancia o autom\u00f3vel, um Hyundai HB20, branco estaria circulando por uma rua do Bairro Dornelas naquela cidade com um homem de 36 anos, provavelmente morador do local e uma mulher, de 39 anos, de Laranjal.<!--more--><\/p>\n<p style=\"text-align: justify;\">Os policiais iniciaram um rastreamento e poucos minutos depois localizaram o carro suspeito saindo do Bairro Dornelas II. Por\u00e9m, seu condutor, ao avistar a viatura, fugiu em alta velocidade, seguindo em dire\u00e7\u00e3o a Avenida Dante Bruno, sendo perseguido por duas viaturas ordenando-lhe que parasse. Sem obedecer, o condutor continuou sua fuga at\u00e9 entrar pela contram\u00e3o na Rua Francisco Dornelas, onde bateu em um Chevette, e em seguida abandonou o ve\u00edculo passando ent\u00e3o a fugir \u00e0 p\u00e9, mas foi contido pelos militares instantes depois.<\/p>\n<p style=\"text-align: justify;\"><img loading=\"lazy\" decoding=\"async\" class=\"size-medium wp-image-5160 aligncenter\" src=\"https:\/\/marcelolopes.jor.br\/site\/wp-content\/uploads\/2019\/08\/Sem-t\u00edtulo5-450x275-300x183.jpg\" alt=\"\" width=\"300\" height=\"183\" srcset=\"https:\/\/marcelolopes.jor.br\/site\/wp-content\/uploads\/2019\/08\/Sem-t\u00edtulo5-450x275-300x183.jpg 300w, https:\/\/marcelolopes.jor.br\/site\/wp-content\/uploads\/2019\/08\/Sem-t\u00edtulo5-450x275.jpg 450w\" sizes=\"auto, (max-width: 300px) 100vw, 300px\" \/>A mulher que o acompanhava permaneceu dentro do carro e conforme informa\u00e7\u00f5es preliminares da PM, ela tamb\u00e9m teria participado do furto do ve\u00edculo. No momento em que foi abordada pelos militares n\u00e3o quis deixar o ve\u00edculo, mas acabou presa junto com seu comparsa, e ambos foram encaminhados a delegacia de Pol\u00edcia Civil, no bairro Safira, onde adotadas as medidas cab\u00edveis em rela\u00e7\u00e3o aos fatos. Ambos j\u00e1 possuem passagem pelo sistema prisional, conforme informou a PM. O autom\u00f3vel foi apreendido e levado para um p\u00e1tio credenciado do Detran-MG.<\/p>\n<p style=\"text-align: justify;\"><strong>O crime &#8211;<\/strong> No domingo, o casal estava em Cataguases e conheceu o dono do ve\u00edculo em um bar na Avenida Guido Marli\u00e8re. Depois de beberem juntos foram at\u00e9 \u00e0 resid\u00eancia da v\u00edtima que caiu no sono em seguida. Para a pol\u00edcia ele foi alvo do golpe conhecido como &#8220;Boa noite, Cinderela&#8221;. O casal furtou o ve\u00edculo, objetos pessoais da v\u00edtima e at\u00e9 roupas que o homem usava no momento de sua pris\u00e3o.<\/p>\n<p><img loading=\"lazy\" decoding=\"async\" class=\"aligncenter wp-image-5161\" src=\"https:\/\/marcelolopes.jor.br\/site\/wp-content\/uploads\/2019\/08\/Sem-t\u00edtulo3-450x246-300x164.jpg\" alt=\"\" width=\"400\" height=\"219\" srcset=\"https:\/\/marcelolopes.jor.br\/site\/wp-content\/uploads\/2019\/08\/Sem-t\u00edtulo3-450x246-300x164.jpg 300w, https:\/\/marcelolopes.jor.br\/site\/wp-content\/uploads\/2019\/08\/Sem-t\u00edtulo3-450x246.jpg 450w\" sizes=\"auto, (max-width: 400px) 100vw, 400px\" \/><\/p>\n<p><img loading=\"lazy\" decoding=\"async\" class=\"aligncenter wp-image-5163\" src=\"https:\/\/marcelolopes.jor.br\/site\/wp-content\/uploads\/2019\/08\/Sem-t\u00edtulo-3-450x262-300x175.jpg\" alt=\"\" width=\"400\" height=\"233\" srcset=\"https:\/\/marcelolopes.jor.br\/site\/wp-content\/uploads\/2019\/08\/Sem-t\u00edtulo-3-450x262-300x175.jpg 300w, https:\/\/marcelolopes.jor.br\/site\/wp-content\/uploads\/2019\/08\/Sem-t\u00edtulo-3-450x262.jpg 450w\" sizes=\"auto, (max-width: 400px) 100vw, 400px\" \/><\/p>\n<p><em>Com informa\u00e7\u00f5es e fotos do site Interligado Online.<\/em><\/p>\n<div class=\"usvxb69f743908541f\" ><br><\/div><style type=\"text\/css\">\r\n@media screen and (min-width: 1201px) {\r\n.usvxb69f743908541f {\r\ndisplay: block;\r\n}\r\n}\r\n@media screen and (min-width: 993px) and (max-width: 1200px) {\r\n.usvxb69f743908541f {\r\ndisplay: block;\r\n}\r\n}\r\n@media screen and (min-width: 769px) and (max-width: 992px) {\r\n.usvxb69f743908541f {\r\ndisplay: block;\r\n}\r\n}\r\n@media screen and (min-width: 768px) and (max-width: 768px) {\r\n.usvxb69f743908541f {\r\ndisplay: block;\r\n}\r\n}\r\n@media screen and (max-width: 767px) {\r\n.usvxb69f743908541f {\r\ndisplay: block;\r\n}\r\n}\r\n<\/style>\r\n<div class=\"bkirz69f743908bcd3\" ><div id=\"div_destino\"><\/div>\r\n<script src=\"https:\/\/cdn.snsrsv.com\/sdk.js\"><\/script>\r\n<script >\r\n      new sdk(\"464030C30061EA8BE065000000000001\") \r\n          .appendTo(\"div_destino\")\r\n          .disableStyle(true) \r\n          .setCacheBusterMacro(\"%%CACHEBUSTER%%\")\r\n          .setSize(\"800\",\"214\")\r\n          .setClickMacro(\"%%CLICK_URL_ESC%%\") \r\n          .setReferrerUrlMacro(\"%%REFERRER_URL_ESC%%\") \r\n          .start(); \r\n<\/script><\/div><style type=\"text\/css\">\r\n@media screen and (min-width: 1201px) {\r\n.bkirz69f743908bcd3 {\r\ndisplay: block;\r\n}\r\n}\r\n@media screen and (min-width: 993px) and (max-width: 1200px) {\r\n.bkirz69f743908bcd3 {\r\ndisplay: block;\r\n}\r\n}\r\n@media screen and (min-width: 769px) and (max-width: 992px) {\r\n.bkirz69f743908bcd3 {\r\ndisplay: block;\r\n}\r\n}\r\n@media screen and (min-width: 768px) and (max-width: 768px) {\r\n.bkirz69f743908bcd3 {\r\ndisplay: block;\r\n}\r\n}\r\n@media screen and (max-width: 767px) {\r\n.bkirz69f743908bcd3 {\r\ndisplay: block;\r\n}\r\n}\r\n<\/style>\r\n","protected":false},"excerpt":{"rendered":"<p>Informa\u00e7\u00f5es an\u00f4nimas levaram a Pol\u00edcia Militar a prender em Muria\u00e9, na tarde de segunda-feira, 26 de agosto, um casal suspeito de ter roubado um ve\u00edculo em Cataguases no dia anterior. Segundo a den\u00fancia o autom\u00f3vel, um Hyundai HB20, branco estaria<\/p>\n<p class=\"link-more\"><a class=\"more-link\" href=\"https:\/\/marcelolopes.jor.br\/site\/2019\/08\/27\/casal-suspeito-de-roubar-carro-em-cataguases-e-preso-em-muriae\/\">Leia mais <span class=\"screen-reader-text\">Casal suspeito de roubar carro em Cataguases \u00e9 preso em Muria\u00e9<\/span><\/a><\/p>\n","protected":false},"author":2,"featured_media":5159,"comment_status":"open","ping_status":"open","sticky":false,"template":"","format":"standard","meta":{"footnotes":""},"categories":[1],"tags":[1089,100,964,547],"class_list":["post-5157","post","type-post","status-publish","format-standard","has-post-thumbnail","hentry","category-noticias","tag-casal-preso","tag-furto","tag-golpe","tag-veiculos","thumb-below-title"],"yoast_head":"<!-- This site is optimized with the Yoast SEO plugin v27.4 - https:\/\/yoast.com\/product\/yoast-seo-wordpress\/ -->\n<title>Casal suspeito de roubar carro em Cataguases \u00e9 preso em Muria\u00e9 | Marcelo Lopes<\/title>\n<meta name=\"robots\" content=\"index, follow, max-snippet:-1, max-image-preview:large, max-video-preview:-1\" \/>\n<link rel=\"canonical\" href=\"https:\/\/marcelolopes.jor.br\/site\/2019\/08\/27\/casal-suspeito-de-roubar-carro-em-cataguases-e-preso-em-muriae\/\" \/>\n<meta property=\"og:locale\" content=\"pt_BR\" \/>\n<meta property=\"og:type\" content=\"article\" \/>\n<meta property=\"og:title\" content=\"Casal suspeito de roubar carro em Cataguases \u00e9 preso em Muria\u00e9 | Marcelo Lopes\" \/>\n<meta property=\"og:description\" content=\"Informa\u00e7\u00f5es an\u00f4nimas levaram a Pol\u00edcia Militar a prender em Muria\u00e9, na tarde de segunda-feira, 26 de agosto, um casal suspeito de ter roubado um ve\u00edculo em Cataguases no dia anterior. Segundo a den\u00fancia o autom\u00f3vel, um Hyundai HB20, branco estariaLeia mais Casal suspeito de roubar carro em Cataguases \u00e9 preso em Muria\u00e9\" \/>\n<meta property=\"og:url\" content=\"https:\/\/marcelolopes.jor.br\/site\/2019\/08\/27\/casal-suspeito-de-roubar-carro-em-cataguases-e-preso-em-muriae\/\" \/>\n<meta property=\"og:site_name\" content=\"Marcelo Lopes\" \/>\n<meta property=\"article:publisher\" content=\"https:\/\/www.facebook.com\/sitedomarcelolopes\" \/>\n<meta property=\"article:published_time\" content=\"2019-08-27T15:00:35+00:00\" \/>\n<meta property=\"article:modified_time\" content=\"2019-08-27T19:59:07+00:00\" \/>\n<meta property=\"og:image\" content=\"https:\/\/marcelolopes.jor.br\/site\/wp-content\/uploads\/2019\/08\/Sem-t\u00edtulo2.jpg\" \/>\n\t<meta property=\"og:image:width\" content=\"569\" \/>\n\t<meta property=\"og:image:height\" content=\"360\" \/>\n\t<meta property=\"og:image:type\" content=\"image\/jpeg\" \/>\n<meta name=\"author\" content=\"Marcelo Lopes\" \/>\n<meta name=\"twitter:card\" content=\"summary_large_image\" \/>\n<meta name=\"twitter:label1\" content=\"Escrito por\" \/>\n\t<meta name=\"twitter:data1\" content=\"Marcelo Lopes\" \/>\n\t<meta name=\"twitter:label2\" content=\"Est. tempo de leitura\" \/>\n\t<meta name=\"twitter:data2\" content=\"2 minutos\" \/>\n<script type=\"application\/ld+json\" class=\"yoast-schema-graph\">{\"@context\":\"https:\\\/\\\/schema.org\",\"@graph\":[{\"@type\":\"NewsArticle\",\"@id\":\"https:\\\/\\\/marcelolopes.jor.br\\\/site\\\/2019\\\/08\\\/27\\\/casal-suspeito-de-roubar-carro-em-cataguases-e-preso-em-muriae\\\/#article\",\"isPartOf\":{\"@id\":\"https:\\\/\\\/marcelolopes.jor.br\\\/site\\\/2019\\\/08\\\/27\\\/casal-suspeito-de-roubar-carro-em-cataguases-e-preso-em-muriae\\\/\"},\"author\":{\"name\":\"Marcelo Lopes\",\"@id\":\"https:\\\/\\\/marcelolopes.jor.br\\\/site\\\/#\\\/schema\\\/person\\\/3e7216a35c34d8fdf952b31da3d1f89f\"},\"headline\":\"Casal suspeito de roubar carro em Cataguases \u00e9 preso em Muria\u00e9\",\"datePublished\":\"2019-08-27T15:00:35+00:00\",\"dateModified\":\"2019-08-27T19:59:07+00:00\",\"mainEntityOfPage\":{\"@id\":\"https:\\\/\\\/marcelolopes.jor.br\\\/site\\\/2019\\\/08\\\/27\\\/casal-suspeito-de-roubar-carro-em-cataguases-e-preso-em-muriae\\\/\"},\"wordCount\":353,\"commentCount\":0,\"publisher\":{\"@id\":\"https:\\\/\\\/marcelolopes.jor.br\\\/site\\\/#organization\"},\"image\":{\"@id\":\"https:\\\/\\\/marcelolopes.jor.br\\\/site\\\/2019\\\/08\\\/27\\\/casal-suspeito-de-roubar-carro-em-cataguases-e-preso-em-muriae\\\/#primaryimage\"},\"thumbnailUrl\":\"https:\\\/\\\/marcelolopes.jor.br\\\/site\\\/wp-content\\\/uploads\\\/2019\\\/08\\\/Sem-t\u00edtulo2.jpg\",\"keywords\":[\"casal preso\",\"furto\",\"golpe\",\"ve\u00edculos\"],\"articleSection\":[\"Not\u00edcias\"],\"inLanguage\":\"pt-BR\",\"potentialAction\":[{\"@type\":\"CommentAction\",\"name\":\"Comment\",\"target\":[\"https:\\\/\\\/marcelolopes.jor.br\\\/site\\\/2019\\\/08\\\/27\\\/casal-suspeito-de-roubar-carro-em-cataguases-e-preso-em-muriae\\\/#respond\"]}]},{\"@type\":\"WebPage\",\"@id\":\"https:\\\/\\\/marcelolopes.jor.br\\\/site\\\/2019\\\/08\\\/27\\\/casal-suspeito-de-roubar-carro-em-cataguases-e-preso-em-muriae\\\/\",\"url\":\"https:\\\/\\\/marcelolopes.jor.br\\\/site\\\/2019\\\/08\\\/27\\\/casal-suspeito-de-roubar-carro-em-cataguases-e-preso-em-muriae\\\/\",\"name\":\"Casal suspeito de roubar carro em Cataguases \u00e9 preso em Muria\u00e9 | Marcelo Lopes\",\"isPartOf\":{\"@id\":\"https:\\\/\\\/marcelolopes.jor.br\\\/site\\\/#website\"},\"primaryImageOfPage\":{\"@id\":\"https:\\\/\\\/marcelolopes.jor.br\\\/site\\\/2019\\\/08\\\/27\\\/casal-suspeito-de-roubar-carro-em-cataguases-e-preso-em-muriae\\\/#primaryimage\"},\"image\":{\"@id\":\"https:\\\/\\\/marcelolopes.jor.br\\\/site\\\/2019\\\/08\\\/27\\\/casal-suspeito-de-roubar-carro-em-cataguases-e-preso-em-muriae\\\/#primaryimage\"},\"thumbnailUrl\":\"https:\\\/\\\/marcelolopes.jor.br\\\/site\\\/wp-content\\\/uploads\\\/2019\\\/08\\\/Sem-t\u00edtulo2.jpg\",\"datePublished\":\"2019-08-27T15:00:35+00:00\",\"dateModified\":\"2019-08-27T19:59:07+00:00\",\"breadcrumb\":{\"@id\":\"https:\\\/\\\/marcelolopes.jor.br\\\/site\\\/2019\\\/08\\\/27\\\/casal-suspeito-de-roubar-carro-em-cataguases-e-preso-em-muriae\\\/#breadcrumb\"},\"inLanguage\":\"pt-BR\",\"potentialAction\":[{\"@type\":\"ReadAction\",\"target\":[\"https:\\\/\\\/marcelolopes.jor.br\\\/site\\\/2019\\\/08\\\/27\\\/casal-suspeito-de-roubar-carro-em-cataguases-e-preso-em-muriae\\\/\"]}]},{\"@type\":\"ImageObject\",\"inLanguage\":\"pt-BR\",\"@id\":\"https:\\\/\\\/marcelolopes.jor.br\\\/site\\\/2019\\\/08\\\/27\\\/casal-suspeito-de-roubar-carro-em-cataguases-e-preso-em-muriae\\\/#primaryimage\",\"url\":\"https:\\\/\\\/marcelolopes.jor.br\\\/site\\\/wp-content\\\/uploads\\\/2019\\\/08\\\/Sem-t\u00edtulo2.jpg\",\"contentUrl\":\"https:\\\/\\\/marcelolopes.jor.br\\\/site\\\/wp-content\\\/uploads\\\/2019\\\/08\\\/Sem-t\u00edtulo2.jpg\",\"width\":569,\"height\":360},{\"@type\":\"BreadcrumbList\",\"@id\":\"https:\\\/\\\/marcelolopes.jor.br\\\/site\\\/2019\\\/08\\\/27\\\/casal-suspeito-de-roubar-carro-em-cataguases-e-preso-em-muriae\\\/#breadcrumb\",\"itemListElement\":[{\"@type\":\"ListItem\",\"position\":1,\"name\":\"Home\",\"item\":\"https:\\\/\\\/marcelolopes.jor.br\\\/site\\\/\"},{\"@type\":\"ListItem\",\"position\":2,\"name\":\"Casal suspeito de roubar carro em Cataguases \u00e9 preso em Muria\u00e9\"}]},{\"@type\":\"WebSite\",\"@id\":\"https:\\\/\\\/marcelolopes.jor.br\\\/site\\\/#website\",\"url\":\"https:\\\/\\\/marcelolopes.jor.br\\\/site\\\/\",\"name\":\"Marcelo Lopes\",\"description\":\"Not\u00edcias de Cataguases e Regi\u00e3o\",\"publisher\":{\"@id\":\"https:\\\/\\\/marcelolopes.jor.br\\\/site\\\/#organization\"},\"potentialAction\":[{\"@type\":\"SearchAction\",\"target\":{\"@type\":\"EntryPoint\",\"urlTemplate\":\"https:\\\/\\\/marcelolopes.jor.br\\\/site\\\/?s={search_term_string}\"},\"query-input\":{\"@type\":\"PropertyValueSpecification\",\"valueRequired\":true,\"valueName\":\"search_term_string\"}}],\"inLanguage\":\"pt-BR\"},{\"@type\":\"Organization\",\"@id\":\"https:\\\/\\\/marcelolopes.jor.br\\\/site\\\/#organization\",\"name\":\"Site do Marcelo Lopes\",\"url\":\"https:\\\/\\\/marcelolopes.jor.br\\\/site\\\/\",\"logo\":{\"@type\":\"ImageObject\",\"inLanguage\":\"pt-BR\",\"@id\":\"https:\\\/\\\/marcelolopes.jor.br\\\/site\\\/#\\\/schema\\\/logo\\\/image\\\/\",\"url\":\"https:\\\/\\\/marcelolopes.jor.br\\\/site\\\/wp-content\\\/uploads\\\/2024\\\/11\\\/logo-1.png\",\"contentUrl\":\"https:\\\/\\\/marcelolopes.jor.br\\\/site\\\/wp-content\\\/uploads\\\/2024\\\/11\\\/logo-1.png\",\"width\":475,\"height\":80,\"caption\":\"Site do Marcelo Lopes\"},\"image\":{\"@id\":\"https:\\\/\\\/marcelolopes.jor.br\\\/site\\\/#\\\/schema\\\/logo\\\/image\\\/\"},\"sameAs\":[\"https:\\\/\\\/www.facebook.com\\\/sitedomarcelolopes\",\"https:\\\/\\\/www.instagram.com\\\/sitedomarcelolopes\\\/\",\"https:\\\/\\\/www.linkedin.com\\\/company\\\/site-do-marcelo-lopes\\\/\",\"https:\\\/\\\/www.youtube.com\\\/user\\\/marcelolopes957\"]},{\"@type\":\"Person\",\"@id\":\"https:\\\/\\\/marcelolopes.jor.br\\\/site\\\/#\\\/schema\\\/person\\\/3e7216a35c34d8fdf952b31da3d1f89f\",\"name\":\"Marcelo Lopes\",\"sameAs\":[\"http:\\\/\\\/www.marcelolopes.jor.br\"],\"url\":\"https:\\\/\\\/marcelolopes.jor.br\\\/site\\\/author\\\/marcelo\\\/\"}]}<\/script>\n<!-- \/ Yoast SEO plugin. -->","yoast_head_json":{"title":"Casal suspeito de roubar carro em Cataguases \u00e9 preso em Muria\u00e9 | Marcelo Lopes","robots":{"index":"index","follow":"follow","max-snippet":"max-snippet:-1","max-image-preview":"max-image-preview:large","max-video-preview":"max-video-preview:-1"},"canonical":"https:\/\/marcelolopes.jor.br\/site\/2019\/08\/27\/casal-suspeito-de-roubar-carro-em-cataguases-e-preso-em-muriae\/","og_locale":"pt_BR","og_type":"article","og_title":"Casal suspeito de roubar carro em Cataguases \u00e9 preso em Muria\u00e9 | Marcelo Lopes","og_description":"Informa\u00e7\u00f5es an\u00f4nimas levaram a Pol\u00edcia Militar a prender em Muria\u00e9, na tarde de segunda-feira, 26 de agosto, um casal suspeito de ter roubado um ve\u00edculo em Cataguases no dia anterior. Segundo a den\u00fancia o autom\u00f3vel, um Hyundai HB20, branco estariaLeia mais Casal suspeito de roubar carro em Cataguases \u00e9 preso em Muria\u00e9","og_url":"https:\/\/marcelolopes.jor.br\/site\/2019\/08\/27\/casal-suspeito-de-roubar-carro-em-cataguases-e-preso-em-muriae\/","og_site_name":"Marcelo Lopes","article_publisher":"https:\/\/www.facebook.com\/sitedomarcelolopes","article_published_time":"2019-08-27T15:00:35+00:00","article_modified_time":"2019-08-27T19:59:07+00:00","og_image":[{"width":569,"height":360,"url":"https:\/\/marcelolopes.jor.br\/site\/wp-content\/uploads\/2019\/08\/Sem-t\u00edtulo2.jpg","type":"image\/jpeg"}],"author":"Marcelo Lopes","twitter_card":"summary_large_image","twitter_misc":{"Escrito por":"Marcelo Lopes","Est. tempo de leitura":"2 minutos"},"schema":{"@context":"https:\/\/schema.org","@graph":[{"@type":"NewsArticle","@id":"https:\/\/marcelolopes.jor.br\/site\/2019\/08\/27\/casal-suspeito-de-roubar-carro-em-cataguases-e-preso-em-muriae\/#article","isPartOf":{"@id":"https:\/\/marcelolopes.jor.br\/site\/2019\/08\/27\/casal-suspeito-de-roubar-carro-em-cataguases-e-preso-em-muriae\/"},"author":{"name":"Marcelo Lopes","@id":"https:\/\/marcelolopes.jor.br\/site\/#\/schema\/person\/3e7216a35c34d8fdf952b31da3d1f89f"},"headline":"Casal suspeito de roubar carro em Cataguases \u00e9 preso em Muria\u00e9","datePublished":"2019-08-27T15:00:35+00:00","dateModified":"2019-08-27T19:59:07+00:00","mainEntityOfPage":{"@id":"https:\/\/marcelolopes.jor.br\/site\/2019\/08\/27\/casal-suspeito-de-roubar-carro-em-cataguases-e-preso-em-muriae\/"},"wordCount":353,"commentCount":0,"publisher":{"@id":"https:\/\/marcelolopes.jor.br\/site\/#organization"},"image":{"@id":"https:\/\/marcelolopes.jor.br\/site\/2019\/08\/27\/casal-suspeito-de-roubar-carro-em-cataguases-e-preso-em-muriae\/#primaryimage"},"thumbnailUrl":"https:\/\/marcelolopes.jor.br\/site\/wp-content\/uploads\/2019\/08\/Sem-t\u00edtulo2.jpg","keywords":["casal preso","furto","golpe","ve\u00edculos"],"articleSection":["Not\u00edcias"],"inLanguage":"pt-BR","potentialAction":[{"@type":"CommentAction","name":"Comment","target":["https:\/\/marcelolopes.jor.br\/site\/2019\/08\/27\/casal-suspeito-de-roubar-carro-em-cataguases-e-preso-em-muriae\/#respond"]}]},{"@type":"WebPage","@id":"https:\/\/marcelolopes.jor.br\/site\/2019\/08\/27\/casal-suspeito-de-roubar-carro-em-cataguases-e-preso-em-muriae\/","url":"https:\/\/marcelolopes.jor.br\/site\/2019\/08\/27\/casal-suspeito-de-roubar-carro-em-cataguases-e-preso-em-muriae\/","name":"Casal suspeito de roubar carro em Cataguases \u00e9 preso em Muria\u00e9 | Marcelo Lopes","isPartOf":{"@id":"https:\/\/marcelolopes.jor.br\/site\/#website"},"primaryImageOfPage":{"@id":"https:\/\/marcelolopes.jor.br\/site\/2019\/08\/27\/casal-suspeito-de-roubar-carro-em-cataguases-e-preso-em-muriae\/#primaryimage"},"image":{"@id":"https:\/\/marcelolopes.jor.br\/site\/2019\/08\/27\/casal-suspeito-de-roubar-carro-em-cataguases-e-preso-em-muriae\/#primaryimage"},"thumbnailUrl":"https:\/\/marcelolopes.jor.br\/site\/wp-content\/uploads\/2019\/08\/Sem-t\u00edtulo2.jpg","datePublished":"2019-08-27T15:00:35+00:00","dateModified":"2019-08-27T19:59:07+00:00","breadcrumb":{"@id":"https:\/\/marcelolopes.jor.br\/site\/2019\/08\/27\/casal-suspeito-de-roubar-carro-em-cataguases-e-preso-em-muriae\/#breadcrumb"},"inLanguage":"pt-BR","potentialAction":[{"@type":"ReadAction","target":["https:\/\/marcelolopes.jor.br\/site\/2019\/08\/27\/casal-suspeito-de-roubar-carro-em-cataguases-e-preso-em-muriae\/"]}]},{"@type":"ImageObject","inLanguage":"pt-BR","@id":"https:\/\/marcelolopes.jor.br\/site\/2019\/08\/27\/casal-suspeito-de-roubar-carro-em-cataguases-e-preso-em-muriae\/#primaryimage","url":"https:\/\/marcelolopes.jor.br\/site\/wp-content\/uploads\/2019\/08\/Sem-t\u00edtulo2.jpg","contentUrl":"https:\/\/marcelolopes.jor.br\/site\/wp-content\/uploads\/2019\/08\/Sem-t\u00edtulo2.jpg","width":569,"height":360},{"@type":"BreadcrumbList","@id":"https:\/\/marcelolopes.jor.br\/site\/2019\/08\/27\/casal-suspeito-de-roubar-carro-em-cataguases-e-preso-em-muriae\/#breadcrumb","itemListElement":[{"@type":"ListItem","position":1,"name":"Home","item":"https:\/\/marcelolopes.jor.br\/site\/"},{"@type":"ListItem","position":2,"name":"Casal suspeito de roubar carro em Cataguases \u00e9 preso em Muria\u00e9"}]},{"@type":"WebSite","@id":"https:\/\/marcelolopes.jor.br\/site\/#website","url":"https:\/\/marcelolopes.jor.br\/site\/","name":"Marcelo Lopes","description":"Not\u00edcias de Cataguases e Regi\u00e3o","publisher":{"@id":"https:\/\/marcelolopes.jor.br\/site\/#organization"},"potentialAction":[{"@type":"SearchAction","target":{"@type":"EntryPoint","urlTemplate":"https:\/\/marcelolopes.jor.br\/site\/?s={search_term_string}"},"query-input":{"@type":"PropertyValueSpecification","valueRequired":true,"valueName":"search_term_string"}}],"inLanguage":"pt-BR"},{"@type":"Organization","@id":"https:\/\/marcelolopes.jor.br\/site\/#organization","name":"Site do Marcelo Lopes","url":"https:\/\/marcelolopes.jor.br\/site\/","logo":{"@type":"ImageObject","inLanguage":"pt-BR","@id":"https:\/\/marcelolopes.jor.br\/site\/#\/schema\/logo\/image\/","url":"https:\/\/marcelolopes.jor.br\/site\/wp-content\/uploads\/2024\/11\/logo-1.png","contentUrl":"https:\/\/marcelolopes.jor.br\/site\/wp-content\/uploads\/2024\/11\/logo-1.png","width":475,"height":80,"caption":"Site do Marcelo Lopes"},"image":{"@id":"https:\/\/marcelolopes.jor.br\/site\/#\/schema\/logo\/image\/"},"sameAs":["https:\/\/www.facebook.com\/sitedomarcelolopes","https:\/\/www.instagram.com\/sitedomarcelolopes\/","https:\/\/www.linkedin.com\/company\/site-do-marcelo-lopes\/","https:\/\/www.youtube.com\/user\/marcelolopes957"]},{"@type":"Person","@id":"https:\/\/marcelolopes.jor.br\/site\/#\/schema\/person\/3e7216a35c34d8fdf952b31da3d1f89f","name":"Marcelo Lopes","sameAs":["http:\/\/www.marcelolopes.jor.br"],"url":"https:\/\/marcelolopes.jor.br\/site\/author\/marcelo\/"}]}},"wps_subtitle":"Segundo apurou a Pol\u00edcia Militar a v\u00edtima teria ca\u00eddo no golpe \"Boa noite, Cinderela\".","_links":{"self":[{"href":"https:\/\/marcelolopes.jor.br\/site\/wp-json\/wp\/v2\/posts\/5157","targetHints":{"allow":["GET"]}}],"collection":[{"href":"https:\/\/marcelolopes.jor.br\/site\/wp-json\/wp\/v2\/posts"}],"about":[{"href":"https:\/\/marcelolopes.jor.br\/site\/wp-json\/wp\/v2\/types\/post"}],"author":[{"embeddable":true,"href":"https:\/\/marcelolopes.jor.br\/site\/wp-json\/wp\/v2\/users\/2"}],"replies":[{"embeddable":true,"href":"https:\/\/marcelolopes.jor.br\/site\/wp-json\/wp\/v2\/comments?post=5157"}],"version-history":[{"count":0,"href":"https:\/\/marcelolopes.jor.br\/site\/wp-json\/wp\/v2\/posts\/5157\/revisions"}],"wp:featuredmedia":[{"embeddable":true,"href":"https:\/\/marcelolopes.jor.br\/site\/wp-json\/wp\/v2\/media\/5159"}],"wp:attachment":[{"href":"https:\/\/marcelolopes.jor.br\/site\/wp-json\/wp\/v2\/media?parent=5157"}],"wp:term":[{"taxonomy":"category","embeddable":true,"href":"https:\/\/marcelolopes.jor.br\/site\/wp-json\/wp\/v2\/categories?post=5157"},{"taxonomy":"post_tag","embeddable":true,"href":"https:\/\/marcelolopes.jor.br\/site\/wp-json\/wp\/v2\/tags?post=5157"}],"curies":[{"name":"wp","href":"https:\/\/api.w.org\/{rel}","templated":true}]}}