{"id":5142,"date":"2019-08-26T20:00:34","date_gmt":"2019-08-26T23:00:34","guid":{"rendered":"https:\/\/marcelolopes.jor.br\/?p=5142"},"modified":"2019-08-26T20:18:00","modified_gmt":"2019-08-26T23:18:00","slug":"mulher-e-presa-em-mirai-suspeita-de-enterrar-barra-de-maconha","status":"publish","type":"post","link":"https:\/\/marcelolopes.jor.br\/site\/2019\/08\/26\/mulher-e-presa-em-mirai-suspeita-de-enterrar-barra-de-maconha\/","title":{"rendered":"Mulher \u00e9 presa em Mira\u00ed suspeita de enterrar uma barra de maconha"},"content":{"rendered":"<p style=\"text-align: justify;\">Uma mulher de 19 anos foi presa em flagrante na tarde de segunda-feira, 26 de agosto, em Mira\u00ed, ap\u00f3s policiais militares encontrarem uma barra de maconha de aproximadamente 500 gramas enterrada no quintal da resid\u00eancia de uma mulher que teria um relacionamento com o irm\u00e3o dela. De acordo com o comandante do pelot\u00e3o da PM naquela cidade, tenente Amarildo Martins, uma den\u00fancia an\u00f4nima levou \u00e0 descoberta da droga.<!--more--><\/p>\n<p style=\"text-align: justify;\">Militares foram at\u00e9 o im\u00f3vel, que fica na Rua Alo\u00edsio Antunes Siqueira, no Bairro Jacar\u00e9, onde foram autorizados a entrar pela moradora, de 37 anos. No quintal da casa, eles perceberam que havia terra remexida em alguns locais e, de posse de ferramentas, come\u00e7aram a escavar at\u00e9 que, embaixo de onde estava um vaso de plantas ornamentais, encontraram em um buraco, uma barra de maconha prensada, de aproximadamente quinhentos gramas.<\/p>\n<p style=\"text-align: justify;\">A moradora do im\u00f3vel negou qualquer envolvimento com drogas, o mesmo acontecendo com sua parente. Por\u00e9m, a den\u00fancia recebida pela Pol\u00edcia Militar assegurava ter sido ela, de 19 anos, quem teria enterrado a barra de maconha no quintal. A droga foi apreendida e a mulher recebeu voz de pris\u00e3o em flagrante e, ap\u00f3s passar por exames m\u00e9dicos, foi encaminhada para a Delegacia de Pol\u00edcia em Cataguases. Segundo informou tenente Amarildo, ela n\u00e3o tem passagem pela Pol\u00edcia.<\/p>\n<p><em>Fonte e fotos: Pol\u00edcia Militar de Minas Gerais<\/em><\/p>\n<div class=\"jkkiw69f73969d7f86\" ><br><\/div><style type=\"text\/css\">\r\n@media screen and (min-width: 1201px) {\r\n.jkkiw69f73969d7f86 {\r\ndisplay: block;\r\n}\r\n}\r\n@media screen and (min-width: 993px) and (max-width: 1200px) {\r\n.jkkiw69f73969d7f86 {\r\ndisplay: block;\r\n}\r\n}\r\n@media screen and (min-width: 769px) and (max-width: 992px) {\r\n.jkkiw69f73969d7f86 {\r\ndisplay: block;\r\n}\r\n}\r\n@media screen and (min-width: 768px) and (max-width: 768px) {\r\n.jkkiw69f73969d7f86 {\r\ndisplay: block;\r\n}\r\n}\r\n@media screen and (max-width: 767px) {\r\n.jkkiw69f73969d7f86 {\r\ndisplay: block;\r\n}\r\n}\r\n<\/style>\r\n<div class=\"fevro69f73969dd8c8\" ><div id=\"div_destino\"><\/div>\r\n<script src=\"https:\/\/cdn.snsrsv.com\/sdk.js\"><\/script>\r\n<script >\r\n      new sdk(\"464030C30061EA8BE065000000000001\") \r\n          .appendTo(\"div_destino\")\r\n          .disableStyle(true) \r\n          .setCacheBusterMacro(\"%%CACHEBUSTER%%\")\r\n          .setSize(\"800\",\"214\")\r\n          .setClickMacro(\"%%CLICK_URL_ESC%%\") \r\n          .setReferrerUrlMacro(\"%%REFERRER_URL_ESC%%\") \r\n          .start(); \r\n<\/script><\/div><style type=\"text\/css\">\r\n@media screen and (min-width: 1201px) {\r\n.fevro69f73969dd8c8 {\r\ndisplay: block;\r\n}\r\n}\r\n@media screen and (min-width: 993px) and (max-width: 1200px) {\r\n.fevro69f73969dd8c8 {\r\ndisplay: block;\r\n}\r\n}\r\n@media screen and (min-width: 769px) and (max-width: 992px) {\r\n.fevro69f73969dd8c8 {\r\ndisplay: block;\r\n}\r\n}\r\n@media screen and (min-width: 768px) and (max-width: 768px) {\r\n.fevro69f73969dd8c8 {\r\ndisplay: block;\r\n}\r\n}\r\n@media screen and (max-width: 767px) {\r\n.fevro69f73969dd8c8 {\r\ndisplay: block;\r\n}\r\n}\r\n<\/style>\r\n","protected":false},"excerpt":{"rendered":"<p>Uma mulher de 19 anos foi presa em flagrante na tarde de segunda-feira, 26 de agosto, em Mira\u00ed, ap\u00f3s policiais militares encontrarem uma barra de maconha de aproximadamente 500 gramas enterrada no quintal da resid\u00eancia de uma mulher que teria<\/p>\n<p class=\"link-more\"><a class=\"more-link\" href=\"https:\/\/marcelolopes.jor.br\/site\/2019\/08\/26\/mulher-e-presa-em-mirai-suspeita-de-enterrar-barra-de-maconha\/\">Leia mais <span class=\"screen-reader-text\">Mulher \u00e9 presa em Mira\u00ed suspeita de enterrar uma barra de maconha<\/span><\/a><\/p>\n","protected":false},"author":2,"featured_media":5143,"comment_status":"open","ping_status":"open","sticky":false,"template":"","format":"standard","meta":{"footnotes":""},"categories":[1],"tags":[136,1085,1084,1086],"class_list":["post-5142","post","type-post","status-publish","format-standard","has-post-thumbnail","hentry","category-noticias","tag-droga","tag-enterrada","tag-quintal","tag-terra","thumb-below-title"],"yoast_head":"<!-- This site is optimized with the Yoast SEO plugin v27.4 - https:\/\/yoast.com\/product\/yoast-seo-wordpress\/ -->\n<title>Mulher \u00e9 presa em Mira\u00ed suspeita de enterrar uma barra de maconha | Marcelo Lopes<\/title>\n<meta name=\"robots\" content=\"index, follow, max-snippet:-1, max-image-preview:large, max-video-preview:-1\" \/>\n<link rel=\"canonical\" href=\"https:\/\/marcelolopes.jor.br\/site\/2019\/08\/26\/mulher-e-presa-em-mirai-suspeita-de-enterrar-barra-de-maconha\/\" \/>\n<meta property=\"og:locale\" content=\"pt_BR\" \/>\n<meta property=\"og:type\" content=\"article\" \/>\n<meta property=\"og:title\" content=\"Mulher \u00e9 presa em Mira\u00ed suspeita de enterrar uma barra de maconha | Marcelo Lopes\" \/>\n<meta property=\"og:description\" content=\"Uma mulher de 19 anos foi presa em flagrante na tarde de segunda-feira, 26 de agosto, em Mira\u00ed, ap\u00f3s policiais militares encontrarem uma barra de maconha de aproximadamente 500 gramas enterrada no quintal da resid\u00eancia de uma mulher que teriaLeia mais Mulher \u00e9 presa em Mira\u00ed suspeita de enterrar uma barra de maconha\" \/>\n<meta property=\"og:url\" content=\"https:\/\/marcelolopes.jor.br\/site\/2019\/08\/26\/mulher-e-presa-em-mirai-suspeita-de-enterrar-barra-de-maconha\/\" \/>\n<meta property=\"og:site_name\" content=\"Marcelo Lopes\" \/>\n<meta property=\"article:publisher\" content=\"https:\/\/www.facebook.com\/sitedomarcelolopes\" \/>\n<meta property=\"article:published_time\" content=\"2019-08-26T23:00:34+00:00\" \/>\n<meta property=\"article:modified_time\" content=\"2019-08-26T23:18:00+00:00\" \/>\n<meta property=\"og:image\" content=\"https:\/\/marcelolopes.jor.br\/site\/wp-content\/uploads\/2019\/08\/Droga-enterrada.jpg\" \/>\n\t<meta property=\"og:image:width\" content=\"801\" \/>\n\t<meta property=\"og:image:height\" content=\"604\" \/>\n\t<meta property=\"og:image:type\" content=\"image\/jpeg\" \/>\n<meta name=\"author\" content=\"Marcelo Lopes\" \/>\n<meta name=\"twitter:card\" content=\"summary_large_image\" \/>\n<meta name=\"twitter:label1\" content=\"Escrito por\" \/>\n\t<meta name=\"twitter:data1\" content=\"Marcelo Lopes\" \/>\n\t<meta name=\"twitter:label2\" content=\"Est. tempo de leitura\" \/>\n\t<meta name=\"twitter:data2\" content=\"1 minuto\" \/>\n<script type=\"application\/ld+json\" class=\"yoast-schema-graph\">{\"@context\":\"https:\\\/\\\/schema.org\",\"@graph\":[{\"@type\":\"NewsArticle\",\"@id\":\"https:\\\/\\\/marcelolopes.jor.br\\\/site\\\/2019\\\/08\\\/26\\\/mulher-e-presa-em-mirai-suspeita-de-enterrar-barra-de-maconha\\\/#article\",\"isPartOf\":{\"@id\":\"https:\\\/\\\/marcelolopes.jor.br\\\/site\\\/2019\\\/08\\\/26\\\/mulher-e-presa-em-mirai-suspeita-de-enterrar-barra-de-maconha\\\/\"},\"author\":{\"name\":\"Marcelo Lopes\",\"@id\":\"https:\\\/\\\/marcelolopes.jor.br\\\/site\\\/#\\\/schema\\\/person\\\/3e7216a35c34d8fdf952b31da3d1f89f\"},\"headline\":\"Mulher \u00e9 presa em Mira\u00ed suspeita de enterrar uma barra de maconha\",\"datePublished\":\"2019-08-26T23:00:34+00:00\",\"dateModified\":\"2019-08-26T23:18:00+00:00\",\"mainEntityOfPage\":{\"@id\":\"https:\\\/\\\/marcelolopes.jor.br\\\/site\\\/2019\\\/08\\\/26\\\/mulher-e-presa-em-mirai-suspeita-de-enterrar-barra-de-maconha\\\/\"},\"wordCount\":247,\"commentCount\":0,\"publisher\":{\"@id\":\"https:\\\/\\\/marcelolopes.jor.br\\\/site\\\/#organization\"},\"image\":{\"@id\":\"https:\\\/\\\/marcelolopes.jor.br\\\/site\\\/2019\\\/08\\\/26\\\/mulher-e-presa-em-mirai-suspeita-de-enterrar-barra-de-maconha\\\/#primaryimage\"},\"thumbnailUrl\":\"https:\\\/\\\/marcelolopes.jor.br\\\/site\\\/wp-content\\\/uploads\\\/2019\\\/08\\\/Droga-enterrada.jpg\",\"keywords\":[\"droga\",\"enterrada\",\"quintal\",\"terra\"],\"articleSection\":[\"Not\u00edcias\"],\"inLanguage\":\"pt-BR\",\"potentialAction\":[{\"@type\":\"CommentAction\",\"name\":\"Comment\",\"target\":[\"https:\\\/\\\/marcelolopes.jor.br\\\/site\\\/2019\\\/08\\\/26\\\/mulher-e-presa-em-mirai-suspeita-de-enterrar-barra-de-maconha\\\/#respond\"]}]},{\"@type\":\"WebPage\",\"@id\":\"https:\\\/\\\/marcelolopes.jor.br\\\/site\\\/2019\\\/08\\\/26\\\/mulher-e-presa-em-mirai-suspeita-de-enterrar-barra-de-maconha\\\/\",\"url\":\"https:\\\/\\\/marcelolopes.jor.br\\\/site\\\/2019\\\/08\\\/26\\\/mulher-e-presa-em-mirai-suspeita-de-enterrar-barra-de-maconha\\\/\",\"name\":\"Mulher \u00e9 presa em Mira\u00ed suspeita de enterrar uma barra de maconha | Marcelo Lopes\",\"isPartOf\":{\"@id\":\"https:\\\/\\\/marcelolopes.jor.br\\\/site\\\/#website\"},\"primaryImageOfPage\":{\"@id\":\"https:\\\/\\\/marcelolopes.jor.br\\\/site\\\/2019\\\/08\\\/26\\\/mulher-e-presa-em-mirai-suspeita-de-enterrar-barra-de-maconha\\\/#primaryimage\"},\"image\":{\"@id\":\"https:\\\/\\\/marcelolopes.jor.br\\\/site\\\/2019\\\/08\\\/26\\\/mulher-e-presa-em-mirai-suspeita-de-enterrar-barra-de-maconha\\\/#primaryimage\"},\"thumbnailUrl\":\"https:\\\/\\\/marcelolopes.jor.br\\\/site\\\/wp-content\\\/uploads\\\/2019\\\/08\\\/Droga-enterrada.jpg\",\"datePublished\":\"2019-08-26T23:00:34+00:00\",\"dateModified\":\"2019-08-26T23:18:00+00:00\",\"breadcrumb\":{\"@id\":\"https:\\\/\\\/marcelolopes.jor.br\\\/site\\\/2019\\\/08\\\/26\\\/mulher-e-presa-em-mirai-suspeita-de-enterrar-barra-de-maconha\\\/#breadcrumb\"},\"inLanguage\":\"pt-BR\",\"potentialAction\":[{\"@type\":\"ReadAction\",\"target\":[\"https:\\\/\\\/marcelolopes.jor.br\\\/site\\\/2019\\\/08\\\/26\\\/mulher-e-presa-em-mirai-suspeita-de-enterrar-barra-de-maconha\\\/\"]}]},{\"@type\":\"ImageObject\",\"inLanguage\":\"pt-BR\",\"@id\":\"https:\\\/\\\/marcelolopes.jor.br\\\/site\\\/2019\\\/08\\\/26\\\/mulher-e-presa-em-mirai-suspeita-de-enterrar-barra-de-maconha\\\/#primaryimage\",\"url\":\"https:\\\/\\\/marcelolopes.jor.br\\\/site\\\/wp-content\\\/uploads\\\/2019\\\/08\\\/Droga-enterrada.jpg\",\"contentUrl\":\"https:\\\/\\\/marcelolopes.jor.br\\\/site\\\/wp-content\\\/uploads\\\/2019\\\/08\\\/Droga-enterrada.jpg\",\"width\":801,\"height\":604},{\"@type\":\"BreadcrumbList\",\"@id\":\"https:\\\/\\\/marcelolopes.jor.br\\\/site\\\/2019\\\/08\\\/26\\\/mulher-e-presa-em-mirai-suspeita-de-enterrar-barra-de-maconha\\\/#breadcrumb\",\"itemListElement\":[{\"@type\":\"ListItem\",\"position\":1,\"name\":\"Home\",\"item\":\"https:\\\/\\\/marcelolopes.jor.br\\\/site\\\/\"},{\"@type\":\"ListItem\",\"position\":2,\"name\":\"Mulher \u00e9 presa em Mira\u00ed suspeita de enterrar uma barra de maconha\"}]},{\"@type\":\"WebSite\",\"@id\":\"https:\\\/\\\/marcelolopes.jor.br\\\/site\\\/#website\",\"url\":\"https:\\\/\\\/marcelolopes.jor.br\\\/site\\\/\",\"name\":\"Marcelo Lopes\",\"description\":\"Not\u00edcias de Cataguases e Regi\u00e3o\",\"publisher\":{\"@id\":\"https:\\\/\\\/marcelolopes.jor.br\\\/site\\\/#organization\"},\"potentialAction\":[{\"@type\":\"SearchAction\",\"target\":{\"@type\":\"EntryPoint\",\"urlTemplate\":\"https:\\\/\\\/marcelolopes.jor.br\\\/site\\\/?s={search_term_string}\"},\"query-input\":{\"@type\":\"PropertyValueSpecification\",\"valueRequired\":true,\"valueName\":\"search_term_string\"}}],\"inLanguage\":\"pt-BR\"},{\"@type\":\"Organization\",\"@id\":\"https:\\\/\\\/marcelolopes.jor.br\\\/site\\\/#organization\",\"name\":\"Site do Marcelo Lopes\",\"url\":\"https:\\\/\\\/marcelolopes.jor.br\\\/site\\\/\",\"logo\":{\"@type\":\"ImageObject\",\"inLanguage\":\"pt-BR\",\"@id\":\"https:\\\/\\\/marcelolopes.jor.br\\\/site\\\/#\\\/schema\\\/logo\\\/image\\\/\",\"url\":\"https:\\\/\\\/marcelolopes.jor.br\\\/site\\\/wp-content\\\/uploads\\\/2024\\\/11\\\/logo-1.png\",\"contentUrl\":\"https:\\\/\\\/marcelolopes.jor.br\\\/site\\\/wp-content\\\/uploads\\\/2024\\\/11\\\/logo-1.png\",\"width\":475,\"height\":80,\"caption\":\"Site do Marcelo Lopes\"},\"image\":{\"@id\":\"https:\\\/\\\/marcelolopes.jor.br\\\/site\\\/#\\\/schema\\\/logo\\\/image\\\/\"},\"sameAs\":[\"https:\\\/\\\/www.facebook.com\\\/sitedomarcelolopes\",\"https:\\\/\\\/www.instagram.com\\\/sitedomarcelolopes\\\/\",\"https:\\\/\\\/www.linkedin.com\\\/company\\\/site-do-marcelo-lopes\\\/\",\"https:\\\/\\\/www.youtube.com\\\/user\\\/marcelolopes957\"]},{\"@type\":\"Person\",\"@id\":\"https:\\\/\\\/marcelolopes.jor.br\\\/site\\\/#\\\/schema\\\/person\\\/3e7216a35c34d8fdf952b31da3d1f89f\",\"name\":\"Marcelo Lopes\",\"sameAs\":[\"http:\\\/\\\/www.marcelolopes.jor.br\"],\"url\":\"https:\\\/\\\/marcelolopes.jor.br\\\/site\\\/author\\\/marcelo\\\/\"}]}<\/script>\n<!-- \/ Yoast SEO plugin. -->","yoast_head_json":{"title":"Mulher \u00e9 presa em Mira\u00ed suspeita de enterrar uma barra de maconha | Marcelo Lopes","robots":{"index":"index","follow":"follow","max-snippet":"max-snippet:-1","max-image-preview":"max-image-preview:large","max-video-preview":"max-video-preview:-1"},"canonical":"https:\/\/marcelolopes.jor.br\/site\/2019\/08\/26\/mulher-e-presa-em-mirai-suspeita-de-enterrar-barra-de-maconha\/","og_locale":"pt_BR","og_type":"article","og_title":"Mulher \u00e9 presa em Mira\u00ed suspeita de enterrar uma barra de maconha | Marcelo Lopes","og_description":"Uma mulher de 19 anos foi presa em flagrante na tarde de segunda-feira, 26 de agosto, em Mira\u00ed, ap\u00f3s policiais militares encontrarem uma barra de maconha de aproximadamente 500 gramas enterrada no quintal da resid\u00eancia de uma mulher que teriaLeia mais Mulher \u00e9 presa em Mira\u00ed suspeita de enterrar uma barra de maconha","og_url":"https:\/\/marcelolopes.jor.br\/site\/2019\/08\/26\/mulher-e-presa-em-mirai-suspeita-de-enterrar-barra-de-maconha\/","og_site_name":"Marcelo Lopes","article_publisher":"https:\/\/www.facebook.com\/sitedomarcelolopes","article_published_time":"2019-08-26T23:00:34+00:00","article_modified_time":"2019-08-26T23:18:00+00:00","og_image":[{"width":801,"height":604,"url":"https:\/\/marcelolopes.jor.br\/site\/wp-content\/uploads\/2019\/08\/Droga-enterrada.jpg","type":"image\/jpeg"}],"author":"Marcelo Lopes","twitter_card":"summary_large_image","twitter_misc":{"Escrito por":"Marcelo Lopes","Est. tempo de leitura":"1 minuto"},"schema":{"@context":"https:\/\/schema.org","@graph":[{"@type":"NewsArticle","@id":"https:\/\/marcelolopes.jor.br\/site\/2019\/08\/26\/mulher-e-presa-em-mirai-suspeita-de-enterrar-barra-de-maconha\/#article","isPartOf":{"@id":"https:\/\/marcelolopes.jor.br\/site\/2019\/08\/26\/mulher-e-presa-em-mirai-suspeita-de-enterrar-barra-de-maconha\/"},"author":{"name":"Marcelo Lopes","@id":"https:\/\/marcelolopes.jor.br\/site\/#\/schema\/person\/3e7216a35c34d8fdf952b31da3d1f89f"},"headline":"Mulher \u00e9 presa em Mira\u00ed suspeita de enterrar uma barra de maconha","datePublished":"2019-08-26T23:00:34+00:00","dateModified":"2019-08-26T23:18:00+00:00","mainEntityOfPage":{"@id":"https:\/\/marcelolopes.jor.br\/site\/2019\/08\/26\/mulher-e-presa-em-mirai-suspeita-de-enterrar-barra-de-maconha\/"},"wordCount":247,"commentCount":0,"publisher":{"@id":"https:\/\/marcelolopes.jor.br\/site\/#organization"},"image":{"@id":"https:\/\/marcelolopes.jor.br\/site\/2019\/08\/26\/mulher-e-presa-em-mirai-suspeita-de-enterrar-barra-de-maconha\/#primaryimage"},"thumbnailUrl":"https:\/\/marcelolopes.jor.br\/site\/wp-content\/uploads\/2019\/08\/Droga-enterrada.jpg","keywords":["droga","enterrada","quintal","terra"],"articleSection":["Not\u00edcias"],"inLanguage":"pt-BR","potentialAction":[{"@type":"CommentAction","name":"Comment","target":["https:\/\/marcelolopes.jor.br\/site\/2019\/08\/26\/mulher-e-presa-em-mirai-suspeita-de-enterrar-barra-de-maconha\/#respond"]}]},{"@type":"WebPage","@id":"https:\/\/marcelolopes.jor.br\/site\/2019\/08\/26\/mulher-e-presa-em-mirai-suspeita-de-enterrar-barra-de-maconha\/","url":"https:\/\/marcelolopes.jor.br\/site\/2019\/08\/26\/mulher-e-presa-em-mirai-suspeita-de-enterrar-barra-de-maconha\/","name":"Mulher \u00e9 presa em Mira\u00ed suspeita de enterrar uma barra de maconha | Marcelo Lopes","isPartOf":{"@id":"https:\/\/marcelolopes.jor.br\/site\/#website"},"primaryImageOfPage":{"@id":"https:\/\/marcelolopes.jor.br\/site\/2019\/08\/26\/mulher-e-presa-em-mirai-suspeita-de-enterrar-barra-de-maconha\/#primaryimage"},"image":{"@id":"https:\/\/marcelolopes.jor.br\/site\/2019\/08\/26\/mulher-e-presa-em-mirai-suspeita-de-enterrar-barra-de-maconha\/#primaryimage"},"thumbnailUrl":"https:\/\/marcelolopes.jor.br\/site\/wp-content\/uploads\/2019\/08\/Droga-enterrada.jpg","datePublished":"2019-08-26T23:00:34+00:00","dateModified":"2019-08-26T23:18:00+00:00","breadcrumb":{"@id":"https:\/\/marcelolopes.jor.br\/site\/2019\/08\/26\/mulher-e-presa-em-mirai-suspeita-de-enterrar-barra-de-maconha\/#breadcrumb"},"inLanguage":"pt-BR","potentialAction":[{"@type":"ReadAction","target":["https:\/\/marcelolopes.jor.br\/site\/2019\/08\/26\/mulher-e-presa-em-mirai-suspeita-de-enterrar-barra-de-maconha\/"]}]},{"@type":"ImageObject","inLanguage":"pt-BR","@id":"https:\/\/marcelolopes.jor.br\/site\/2019\/08\/26\/mulher-e-presa-em-mirai-suspeita-de-enterrar-barra-de-maconha\/#primaryimage","url":"https:\/\/marcelolopes.jor.br\/site\/wp-content\/uploads\/2019\/08\/Droga-enterrada.jpg","contentUrl":"https:\/\/marcelolopes.jor.br\/site\/wp-content\/uploads\/2019\/08\/Droga-enterrada.jpg","width":801,"height":604},{"@type":"BreadcrumbList","@id":"https:\/\/marcelolopes.jor.br\/site\/2019\/08\/26\/mulher-e-presa-em-mirai-suspeita-de-enterrar-barra-de-maconha\/#breadcrumb","itemListElement":[{"@type":"ListItem","position":1,"name":"Home","item":"https:\/\/marcelolopes.jor.br\/site\/"},{"@type":"ListItem","position":2,"name":"Mulher \u00e9 presa em Mira\u00ed suspeita de enterrar uma barra de maconha"}]},{"@type":"WebSite","@id":"https:\/\/marcelolopes.jor.br\/site\/#website","url":"https:\/\/marcelolopes.jor.br\/site\/","name":"Marcelo Lopes","description":"Not\u00edcias de Cataguases e Regi\u00e3o","publisher":{"@id":"https:\/\/marcelolopes.jor.br\/site\/#organization"},"potentialAction":[{"@type":"SearchAction","target":{"@type":"EntryPoint","urlTemplate":"https:\/\/marcelolopes.jor.br\/site\/?s={search_term_string}"},"query-input":{"@type":"PropertyValueSpecification","valueRequired":true,"valueName":"search_term_string"}}],"inLanguage":"pt-BR"},{"@type":"Organization","@id":"https:\/\/marcelolopes.jor.br\/site\/#organization","name":"Site do Marcelo Lopes","url":"https:\/\/marcelolopes.jor.br\/site\/","logo":{"@type":"ImageObject","inLanguage":"pt-BR","@id":"https:\/\/marcelolopes.jor.br\/site\/#\/schema\/logo\/image\/","url":"https:\/\/marcelolopes.jor.br\/site\/wp-content\/uploads\/2024\/11\/logo-1.png","contentUrl":"https:\/\/marcelolopes.jor.br\/site\/wp-content\/uploads\/2024\/11\/logo-1.png","width":475,"height":80,"caption":"Site do Marcelo Lopes"},"image":{"@id":"https:\/\/marcelolopes.jor.br\/site\/#\/schema\/logo\/image\/"},"sameAs":["https:\/\/www.facebook.com\/sitedomarcelolopes","https:\/\/www.instagram.com\/sitedomarcelolopes\/","https:\/\/www.linkedin.com\/company\/site-do-marcelo-lopes\/","https:\/\/www.youtube.com\/user\/marcelolopes957"]},{"@type":"Person","@id":"https:\/\/marcelolopes.jor.br\/site\/#\/schema\/person\/3e7216a35c34d8fdf952b31da3d1f89f","name":"Marcelo Lopes","sameAs":["http:\/\/www.marcelolopes.jor.br"],"url":"https:\/\/marcelolopes.jor.br\/site\/author\/marcelo\/"}]}},"wps_subtitle":"Pol\u00edcia Militar chegou ao local por meio de den\u00fancia an\u00f4nima. A droga tamb\u00e9m foi apreendida.","_links":{"self":[{"href":"https:\/\/marcelolopes.jor.br\/site\/wp-json\/wp\/v2\/posts\/5142","targetHints":{"allow":["GET"]}}],"collection":[{"href":"https:\/\/marcelolopes.jor.br\/site\/wp-json\/wp\/v2\/posts"}],"about":[{"href":"https:\/\/marcelolopes.jor.br\/site\/wp-json\/wp\/v2\/types\/post"}],"author":[{"embeddable":true,"href":"https:\/\/marcelolopes.jor.br\/site\/wp-json\/wp\/v2\/users\/2"}],"replies":[{"embeddable":true,"href":"https:\/\/marcelolopes.jor.br\/site\/wp-json\/wp\/v2\/comments?post=5142"}],"version-history":[{"count":0,"href":"https:\/\/marcelolopes.jor.br\/site\/wp-json\/wp\/v2\/posts\/5142\/revisions"}],"wp:featuredmedia":[{"embeddable":true,"href":"https:\/\/marcelolopes.jor.br\/site\/wp-json\/wp\/v2\/media\/5143"}],"wp:attachment":[{"href":"https:\/\/marcelolopes.jor.br\/site\/wp-json\/wp\/v2\/media?parent=5142"}],"wp:term":[{"taxonomy":"category","embeddable":true,"href":"https:\/\/marcelolopes.jor.br\/site\/wp-json\/wp\/v2\/categories?post=5142"},{"taxonomy":"post_tag","embeddable":true,"href":"https:\/\/marcelolopes.jor.br\/site\/wp-json\/wp\/v2\/tags?post=5142"}],"curies":[{"name":"wp","href":"https:\/\/api.w.org\/{rel}","templated":true}]}}