{"id":5058,"date":"2019-08-24T17:48:27","date_gmt":"2019-08-24T20:48:27","guid":{"rendered":"https:\/\/marcelolopes.jor.br\/?p=5058"},"modified":"2020-10-15T15:43:16","modified_gmt":"2020-10-15T18:43:16","slug":"corpo-e-encontrado-na-estrada-para-o-distrito-de-aracati","status":"publish","type":"post","link":"https:\/\/marcelolopes.jor.br\/site\/2019\/08\/24\/corpo-e-encontrado-na-estrada-para-o-distrito-de-aracati\/","title":{"rendered":"Corpo \u00e9 encontrado na estrada para o distrito de Aracati"},"content":{"rendered":"<p style=\"text-align: justify;\"><strong>MAT\u00c9RIA ATUALIZADA &#8211;<\/strong> O corpo de um homem foi encontrado no meio da tarde deste s\u00e1bado, 24 de agosto, ca\u00eddo no meio do mato, \u00e0s margens da ferrovia na estrada que liga Cataguases ao distrito de Aracati. Ele foi identificado como sendo Renato dos Santos Silva, 27 anos. Corpo foi levado para o Instituto M\u00e9dico Legal (IML) de Leopoldina. Segundo apurou a reportagem do Site ele estava desaparecido desde sexta-feira, 23 de agosto.<!--more--><\/p>\n<p style=\"text-align: justify;\">Uma den\u00fancia an\u00f4nima informou a Pol\u00edcia Militar sobre o ocorrido e a viatura com o sargento Carlos Vicente e o soldado Bastos foram at\u00e9 l\u00e1 e ap\u00f3s vasculharem a \u00e1rea localizaram o corpo. Em seguida acionaram a Per\u00edcia T\u00e9cnica da Pol\u00edcia Civil que realizou seu trabalho de praxe e liberou o corpo para o IML de Leopoldina.<\/p>\n<p style=\"text-align: justify;\">Durante o trabalho de per\u00edcia n\u00e3o foi poss\u00edvel identificar a v\u00edtima pois ela n\u00e3o trazia consigo seus documentos. As pessoas que \u00a0estavam no local onde o corpo foi encontrado tamb\u00e9m disseram n\u00e3o conhec\u00ea-lo. Segundo o perito, a v\u00edtima foi alvejada por tr\u00eas disparos de arma de fogo sendo dois na nuca e o terceiro na cabe\u00e7a. Neste momento n\u00e3o h\u00e1 suspeitos, mas a Pol\u00edcia Civil vai investigar o caso.<\/p>\n<p style=\"text-align: justify;\">Na sexta-feira, 23, Renato sofreu um acidente com sua motocicleta na Avenida Ver\u00edssimo Mendon\u00e7a, no Bairro Beira Rio, por volta dos 36 minutos deste s\u00e1bado, 24. Na ocasi\u00e3o teve escoria\u00e7\u00f5es no bra\u00e7o, foi ao Pronto-Socorro do Hospital de Cataguases de onde foi liberado ap\u00f3s ser medicado. Depois disso n\u00e3o teria sido mais visto. A moto dele foi apreendida pela PM ao fazer o registro do acidente porque ele n\u00e3o \u00e9 habilitado e o documento obrigat\u00f3rio do ve\u00edculo (CRLV) n\u00e3o estava em dia.<\/p>\n<p><em>\u00daltima atualiza\u00e7\u00e3o \u00e0s 22h03min.<\/em><\/p>\n<div class=\"qigij6a94c76ff09fd\" ><br><\/div><style type=\"text\/css\">\r\n@media screen and (min-width: 1201px) {\r\n.qigij6a94c76ff09fd {\r\ndisplay: block;\r\n}\r\n}\r\n@media screen and (min-width: 993px) and (max-width: 1200px) {\r\n.qigij6a94c76ff09fd {\r\ndisplay: block;\r\n}\r\n}\r\n@media screen and (min-width: 769px) and (max-width: 992px) {\r\n.qigij6a94c76ff09fd {\r\ndisplay: block;\r\n}\r\n}\r\n@media screen and (min-width: 768px) and (max-width: 768px) {\r\n.qigij6a94c76ff09fd {\r\ndisplay: block;\r\n}\r\n}\r\n@media screen and (max-width: 767px) {\r\n.qigij6a94c76ff09fd {\r\ndisplay: block;\r\n}\r\n}\r\n<\/style>\r\n<div class=\"neofp6a94c77002bd1\" ><div id=\"div_destino\"><\/div>\r\n<script src=\"https:\/\/cdn.snsrsv.com\/sdk.js\"><\/script>\r\n<script >\r\n      new sdk(\"464030C30061EA8BE065000000000001\") \r\n          .appendTo(\"div_destino\")\r\n          .disableStyle(true) \r\n          .setCacheBusterMacro(\"%%CACHEBUSTER%%\")\r\n          .setSize(\"800\",\"214\")\r\n          .setClickMacro(\"%%CLICK_URL_ESC%%\") \r\n          .setReferrerUrlMacro(\"%%REFERRER_URL_ESC%%\") \r\n          .start(); \r\n<\/script><\/div><style type=\"text\/css\">\r\n@media screen and (min-width: 1201px) {\r\n.neofp6a94c77002bd1 {\r\ndisplay: block;\r\n}\r\n}\r\n@media screen and (min-width: 993px) and (max-width: 1200px) {\r\n.neofp6a94c77002bd1 {\r\ndisplay: block;\r\n}\r\n}\r\n@media screen and (min-width: 769px) and (max-width: 992px) {\r\n.neofp6a94c77002bd1 {\r\ndisplay: block;\r\n}\r\n}\r\n@media screen and (min-width: 768px) and (max-width: 768px) {\r\n.neofp6a94c77002bd1 {\r\ndisplay: block;\r\n}\r\n}\r\n@media screen and (max-width: 767px) {\r\n.neofp6a94c77002bd1 {\r\ndisplay: block;\r\n}\r\n}\r\n<\/style>\r\n","protected":false},"excerpt":{"rendered":"<p>MAT\u00c9RIA ATUALIZADA &#8211; O corpo de um homem foi encontrado no meio da tarde deste s\u00e1bado, 24 de agosto, ca\u00eddo no meio do mato, \u00e0s margens da ferrovia na estrada que liga Cataguases ao distrito de Aracati. Ele foi identificado<\/p>\n<p class=\"link-more\"><a class=\"more-link\" href=\"https:\/\/marcelolopes.jor.br\/site\/2019\/08\/24\/corpo-e-encontrado-na-estrada-para-o-distrito-de-aracati\/\">Leia mais <span class=\"screen-reader-text\">Corpo \u00e9 encontrado na estrada para o distrito de Aracati<\/span><\/a><\/p>\n","protected":false},"author":2,"featured_media":5060,"comment_status":"open","ping_status":"open","sticky":false,"template":"","format":"standard","meta":{"footnotes":""},"categories":[1],"tags":[1073,521,245,228],"class_list":["post-5058","post","type-post","status-publish","format-standard","has-post-thumbnail","hentry","category-noticias","tag-aracati","tag-corpo","tag-homicidio","tag-morte","thumb-below-title"],"yoast_head":"<!-- This site is optimized with the Yoast SEO plugin v28.3 - https:\/\/yoast.com\/product\/yoast-seo-wordpress\/ -->\n<title>Corpo \u00e9 encontrado na estrada para o distrito de Aracati | Marcelo Lopes<\/title>\n<meta name=\"robots\" content=\"index, follow, max-snippet:-1, max-image-preview:large, max-video-preview:-1\" \/>\n<link rel=\"canonical\" href=\"https:\/\/marcelolopes.jor.br\/site\/2019\/08\/24\/corpo-e-encontrado-na-estrada-para-o-distrito-de-aracati\/\" \/>\n<meta property=\"og:locale\" content=\"pt_BR\" \/>\n<meta property=\"og:type\" content=\"article\" \/>\n<meta property=\"og:title\" content=\"Corpo \u00e9 encontrado na estrada para o distrito de Aracati | Marcelo Lopes\" \/>\n<meta property=\"og:description\" content=\"MAT\u00c9RIA ATUALIZADA &#8211; O corpo de um homem foi encontrado no meio da tarde deste s\u00e1bado, 24 de agosto, ca\u00eddo no meio do mato, \u00e0s margens da ferrovia na estrada que liga Cataguases ao distrito de Aracati. Ele foi identificadoLeia mais Corpo \u00e9 encontrado na estrada para o distrito de Aracati\" \/>\n<meta property=\"og:url\" content=\"https:\/\/marcelolopes.jor.br\/site\/2019\/08\/24\/corpo-e-encontrado-na-estrada-para-o-distrito-de-aracati\/\" \/>\n<meta property=\"og:site_name\" content=\"Marcelo Lopes\" \/>\n<meta property=\"article:publisher\" content=\"https:\/\/www.facebook.com\/sitedomarcelolopes\" \/>\n<meta property=\"article:published_time\" content=\"2019-08-24T20:48:27+00:00\" \/>\n<meta property=\"article:modified_time\" content=\"2020-10-15T18:43:16+00:00\" \/>\n<meta property=\"og:image\" content=\"https:\/\/marcelolopes.jor.br\/site\/wp-content\/uploads\/2019\/08\/Corpo.jpg\" \/>\n\t<meta property=\"og:image:width\" content=\"800\" \/>\n\t<meta property=\"og:image:height\" content=\"577\" \/>\n\t<meta property=\"og:image:type\" content=\"image\/jpeg\" \/>\n<meta name=\"author\" content=\"Marcelo Lopes\" \/>\n<meta name=\"twitter:card\" content=\"summary_large_image\" \/>\n<meta name=\"twitter:label1\" content=\"Escrito por\" \/>\n\t<meta name=\"twitter:data1\" content=\"Marcelo Lopes\" \/>\n\t<meta name=\"twitter:label2\" content=\"Est. tempo de leitura\" \/>\n\t<meta name=\"twitter:data2\" content=\"2 minutos\" \/>\n<script type=\"application\/ld+json\" class=\"yoast-schema-graph\">{\"@context\":\"https:\\\/\\\/schema.org\",\"@graph\":[{\"@type\":\"NewsArticle\",\"@id\":\"https:\\\/\\\/marcelolopes.jor.br\\\/site\\\/2019\\\/08\\\/24\\\/corpo-e-encontrado-na-estrada-para-o-distrito-de-aracati\\\/#article\",\"isPartOf\":{\"@id\":\"https:\\\/\\\/marcelolopes.jor.br\\\/site\\\/2019\\\/08\\\/24\\\/corpo-e-encontrado-na-estrada-para-o-distrito-de-aracati\\\/\"},\"author\":{\"name\":\"Marcelo Lopes\",\"@id\":\"https:\\\/\\\/marcelolopes.jor.br\\\/site\\\/#\\\/schema\\\/person\\\/3e7216a35c34d8fdf952b31da3d1f89f\"},\"headline\":\"Corpo \u00e9 encontrado na estrada para o distrito de Aracati\",\"datePublished\":\"2019-08-24T20:48:27+00:00\",\"dateModified\":\"2020-10-15T18:43:16+00:00\",\"mainEntityOfPage\":{\"@id\":\"https:\\\/\\\/marcelolopes.jor.br\\\/site\\\/2019\\\/08\\\/24\\\/corpo-e-encontrado-na-estrada-para-o-distrito-de-aracati\\\/\"},\"wordCount\":325,\"commentCount\":0,\"publisher\":{\"@id\":\"https:\\\/\\\/marcelolopes.jor.br\\\/site\\\/#organization\"},\"image\":{\"@id\":\"https:\\\/\\\/marcelolopes.jor.br\\\/site\\\/2019\\\/08\\\/24\\\/corpo-e-encontrado-na-estrada-para-o-distrito-de-aracati\\\/#primaryimage\"},\"thumbnailUrl\":\"https:\\\/\\\/marcelolopes.jor.br\\\/site\\\/wp-content\\\/uploads\\\/2019\\\/08\\\/Corpo.jpg\",\"keywords\":[\"Aracati\",\"corpo\",\"homic\u00eddio\",\"morte\"],\"articleSection\":[\"Not\u00edcias\"],\"inLanguage\":\"pt-BR\",\"potentialAction\":[{\"@type\":\"CommentAction\",\"name\":\"Comment\",\"target\":[\"https:\\\/\\\/marcelolopes.jor.br\\\/site\\\/2019\\\/08\\\/24\\\/corpo-e-encontrado-na-estrada-para-o-distrito-de-aracati\\\/#respond\"]}]},{\"@type\":\"WebPage\",\"@id\":\"https:\\\/\\\/marcelolopes.jor.br\\\/site\\\/2019\\\/08\\\/24\\\/corpo-e-encontrado-na-estrada-para-o-distrito-de-aracati\\\/\",\"url\":\"https:\\\/\\\/marcelolopes.jor.br\\\/site\\\/2019\\\/08\\\/24\\\/corpo-e-encontrado-na-estrada-para-o-distrito-de-aracati\\\/\",\"name\":\"Corpo \u00e9 encontrado na estrada para o distrito de Aracati | Marcelo Lopes\",\"isPartOf\":{\"@id\":\"https:\\\/\\\/marcelolopes.jor.br\\\/site\\\/#website\"},\"primaryImageOfPage\":{\"@id\":\"https:\\\/\\\/marcelolopes.jor.br\\\/site\\\/2019\\\/08\\\/24\\\/corpo-e-encontrado-na-estrada-para-o-distrito-de-aracati\\\/#primaryimage\"},\"image\":{\"@id\":\"https:\\\/\\\/marcelolopes.jor.br\\\/site\\\/2019\\\/08\\\/24\\\/corpo-e-encontrado-na-estrada-para-o-distrito-de-aracati\\\/#primaryimage\"},\"thumbnailUrl\":\"https:\\\/\\\/marcelolopes.jor.br\\\/site\\\/wp-content\\\/uploads\\\/2019\\\/08\\\/Corpo.jpg\",\"datePublished\":\"2019-08-24T20:48:27+00:00\",\"dateModified\":\"2020-10-15T18:43:16+00:00\",\"breadcrumb\":{\"@id\":\"https:\\\/\\\/marcelolopes.jor.br\\\/site\\\/2019\\\/08\\\/24\\\/corpo-e-encontrado-na-estrada-para-o-distrito-de-aracati\\\/#breadcrumb\"},\"inLanguage\":\"pt-BR\",\"potentialAction\":[{\"@type\":\"ReadAction\",\"target\":[\"https:\\\/\\\/marcelolopes.jor.br\\\/site\\\/2019\\\/08\\\/24\\\/corpo-e-encontrado-na-estrada-para-o-distrito-de-aracati\\\/\"]}]},{\"@type\":\"ImageObject\",\"inLanguage\":\"pt-BR\",\"@id\":\"https:\\\/\\\/marcelolopes.jor.br\\\/site\\\/2019\\\/08\\\/24\\\/corpo-e-encontrado-na-estrada-para-o-distrito-de-aracati\\\/#primaryimage\",\"url\":\"https:\\\/\\\/marcelolopes.jor.br\\\/site\\\/wp-content\\\/uploads\\\/2019\\\/08\\\/Corpo.jpg\",\"contentUrl\":\"https:\\\/\\\/marcelolopes.jor.br\\\/site\\\/wp-content\\\/uploads\\\/2019\\\/08\\\/Corpo.jpg\",\"width\":800,\"height\":577},{\"@type\":\"BreadcrumbList\",\"@id\":\"https:\\\/\\\/marcelolopes.jor.br\\\/site\\\/2019\\\/08\\\/24\\\/corpo-e-encontrado-na-estrada-para-o-distrito-de-aracati\\\/#breadcrumb\",\"itemListElement\":[{\"@type\":\"ListItem\",\"position\":1,\"name\":\"Home\",\"item\":\"https:\\\/\\\/marcelolopes.jor.br\\\/site\\\/\"},{\"@type\":\"ListItem\",\"position\":2,\"name\":\"Corpo \u00e9 encontrado na estrada para o distrito de Aracati\"}]},{\"@type\":\"WebSite\",\"@id\":\"https:\\\/\\\/marcelolopes.jor.br\\\/site\\\/#website\",\"url\":\"https:\\\/\\\/marcelolopes.jor.br\\\/site\\\/\",\"name\":\"Marcelo Lopes\",\"description\":\"Not\u00edcias de Cataguases e Regi\u00e3o\",\"publisher\":{\"@id\":\"https:\\\/\\\/marcelolopes.jor.br\\\/site\\\/#organization\"},\"potentialAction\":[{\"@type\":\"SearchAction\",\"target\":{\"@type\":\"EntryPoint\",\"urlTemplate\":\"https:\\\/\\\/marcelolopes.jor.br\\\/site\\\/?s={search_term_string}\"},\"query-input\":{\"@type\":\"PropertyValueSpecification\",\"valueRequired\":true,\"valueName\":\"search_term_string\"}}],\"inLanguage\":\"pt-BR\"},{\"@type\":\"Organization\",\"@id\":\"https:\\\/\\\/marcelolopes.jor.br\\\/site\\\/#organization\",\"name\":\"Site do Marcelo Lopes\",\"url\":\"https:\\\/\\\/marcelolopes.jor.br\\\/site\\\/\",\"logo\":{\"@type\":\"ImageObject\",\"inLanguage\":\"pt-BR\",\"@id\":\"https:\\\/\\\/marcelolopes.jor.br\\\/site\\\/#\\\/schema\\\/logo\\\/image\\\/\",\"url\":\"https:\\\/\\\/marcelolopes.jor.br\\\/site\\\/wp-content\\\/uploads\\\/2026\\\/07\\\/cropped-logo2026.png\",\"contentUrl\":\"https:\\\/\\\/marcelolopes.jor.br\\\/site\\\/wp-content\\\/uploads\\\/2026\\\/07\\\/cropped-logo2026.png\",\"width\":328,\"height\":96,\"caption\":\"Site do Marcelo Lopes\"},\"image\":{\"@id\":\"https:\\\/\\\/marcelolopes.jor.br\\\/site\\\/#\\\/schema\\\/logo\\\/image\\\/\"},\"sameAs\":[\"https:\\\/\\\/www.facebook.com\\\/sitedomarcelolopes\",\"https:\\\/\\\/www.instagram.com\\\/sitedomarcelolopes\\\/\",\"https:\\\/\\\/www.linkedin.com\\\/company\\\/site-do-marcelo-lopes\\\/\",\"https:\\\/\\\/www.youtube.com\\\/user\\\/marcelolopes957\"]},{\"@type\":\"Person\",\"@id\":\"https:\\\/\\\/marcelolopes.jor.br\\\/site\\\/#\\\/schema\\\/person\\\/3e7216a35c34d8fdf952b31da3d1f89f\",\"name\":\"Marcelo Lopes\",\"sameAs\":[\"http:\\\/\\\/www.marcelolopes.jor.br\"],\"url\":\"https:\\\/\\\/marcelolopes.jor.br\\\/site\\\/author\\\/marcelo\\\/\"}]}<\/script>\n<!-- \/ Yoast SEO plugin. -->","yoast_head_json":{"title":"Corpo \u00e9 encontrado na estrada para o distrito de Aracati | Marcelo Lopes","robots":{"index":"index","follow":"follow","max-snippet":"max-snippet:-1","max-image-preview":"max-image-preview:large","max-video-preview":"max-video-preview:-1"},"canonical":"https:\/\/marcelolopes.jor.br\/site\/2019\/08\/24\/corpo-e-encontrado-na-estrada-para-o-distrito-de-aracati\/","og_locale":"pt_BR","og_type":"article","og_title":"Corpo \u00e9 encontrado na estrada para o distrito de Aracati | Marcelo Lopes","og_description":"MAT\u00c9RIA ATUALIZADA &#8211; O corpo de um homem foi encontrado no meio da tarde deste s\u00e1bado, 24 de agosto, ca\u00eddo no meio do mato, \u00e0s margens da ferrovia na estrada que liga Cataguases ao distrito de Aracati. Ele foi identificadoLeia mais Corpo \u00e9 encontrado na estrada para o distrito de Aracati","og_url":"https:\/\/marcelolopes.jor.br\/site\/2019\/08\/24\/corpo-e-encontrado-na-estrada-para-o-distrito-de-aracati\/","og_site_name":"Marcelo Lopes","article_publisher":"https:\/\/www.facebook.com\/sitedomarcelolopes","article_published_time":"2019-08-24T20:48:27+00:00","article_modified_time":"2020-10-15T18:43:16+00:00","og_image":[{"width":800,"height":577,"url":"https:\/\/marcelolopes.jor.br\/site\/wp-content\/uploads\/2019\/08\/Corpo.jpg","type":"image\/jpeg"}],"author":"Marcelo Lopes","twitter_card":"summary_large_image","twitter_misc":{"Escrito por":"Marcelo Lopes","Est. tempo de leitura":"2 minutos"},"schema":{"@context":"https:\/\/schema.org","@graph":[{"@type":"NewsArticle","@id":"https:\/\/marcelolopes.jor.br\/site\/2019\/08\/24\/corpo-e-encontrado-na-estrada-para-o-distrito-de-aracati\/#article","isPartOf":{"@id":"https:\/\/marcelolopes.jor.br\/site\/2019\/08\/24\/corpo-e-encontrado-na-estrada-para-o-distrito-de-aracati\/"},"author":{"name":"Marcelo Lopes","@id":"https:\/\/marcelolopes.jor.br\/site\/#\/schema\/person\/3e7216a35c34d8fdf952b31da3d1f89f"},"headline":"Corpo \u00e9 encontrado na estrada para o distrito de Aracati","datePublished":"2019-08-24T20:48:27+00:00","dateModified":"2020-10-15T18:43:16+00:00","mainEntityOfPage":{"@id":"https:\/\/marcelolopes.jor.br\/site\/2019\/08\/24\/corpo-e-encontrado-na-estrada-para-o-distrito-de-aracati\/"},"wordCount":325,"commentCount":0,"publisher":{"@id":"https:\/\/marcelolopes.jor.br\/site\/#organization"},"image":{"@id":"https:\/\/marcelolopes.jor.br\/site\/2019\/08\/24\/corpo-e-encontrado-na-estrada-para-o-distrito-de-aracati\/#primaryimage"},"thumbnailUrl":"https:\/\/marcelolopes.jor.br\/site\/wp-content\/uploads\/2019\/08\/Corpo.jpg","keywords":["Aracati","corpo","homic\u00eddio","morte"],"articleSection":["Not\u00edcias"],"inLanguage":"pt-BR","potentialAction":[{"@type":"CommentAction","name":"Comment","target":["https:\/\/marcelolopes.jor.br\/site\/2019\/08\/24\/corpo-e-encontrado-na-estrada-para-o-distrito-de-aracati\/#respond"]}]},{"@type":"WebPage","@id":"https:\/\/marcelolopes.jor.br\/site\/2019\/08\/24\/corpo-e-encontrado-na-estrada-para-o-distrito-de-aracati\/","url":"https:\/\/marcelolopes.jor.br\/site\/2019\/08\/24\/corpo-e-encontrado-na-estrada-para-o-distrito-de-aracati\/","name":"Corpo \u00e9 encontrado na estrada para o distrito de Aracati | Marcelo Lopes","isPartOf":{"@id":"https:\/\/marcelolopes.jor.br\/site\/#website"},"primaryImageOfPage":{"@id":"https:\/\/marcelolopes.jor.br\/site\/2019\/08\/24\/corpo-e-encontrado-na-estrada-para-o-distrito-de-aracati\/#primaryimage"},"image":{"@id":"https:\/\/marcelolopes.jor.br\/site\/2019\/08\/24\/corpo-e-encontrado-na-estrada-para-o-distrito-de-aracati\/#primaryimage"},"thumbnailUrl":"https:\/\/marcelolopes.jor.br\/site\/wp-content\/uploads\/2019\/08\/Corpo.jpg","datePublished":"2019-08-24T20:48:27+00:00","dateModified":"2020-10-15T18:43:16+00:00","breadcrumb":{"@id":"https:\/\/marcelolopes.jor.br\/site\/2019\/08\/24\/corpo-e-encontrado-na-estrada-para-o-distrito-de-aracati\/#breadcrumb"},"inLanguage":"pt-BR","potentialAction":[{"@type":"ReadAction","target":["https:\/\/marcelolopes.jor.br\/site\/2019\/08\/24\/corpo-e-encontrado-na-estrada-para-o-distrito-de-aracati\/"]}]},{"@type":"ImageObject","inLanguage":"pt-BR","@id":"https:\/\/marcelolopes.jor.br\/site\/2019\/08\/24\/corpo-e-encontrado-na-estrada-para-o-distrito-de-aracati\/#primaryimage","url":"https:\/\/marcelolopes.jor.br\/site\/wp-content\/uploads\/2019\/08\/Corpo.jpg","contentUrl":"https:\/\/marcelolopes.jor.br\/site\/wp-content\/uploads\/2019\/08\/Corpo.jpg","width":800,"height":577},{"@type":"BreadcrumbList","@id":"https:\/\/marcelolopes.jor.br\/site\/2019\/08\/24\/corpo-e-encontrado-na-estrada-para-o-distrito-de-aracati\/#breadcrumb","itemListElement":[{"@type":"ListItem","position":1,"name":"Home","item":"https:\/\/marcelolopes.jor.br\/site\/"},{"@type":"ListItem","position":2,"name":"Corpo \u00e9 encontrado na estrada para o distrito de Aracati"}]},{"@type":"WebSite","@id":"https:\/\/marcelolopes.jor.br\/site\/#website","url":"https:\/\/marcelolopes.jor.br\/site\/","name":"Marcelo Lopes","description":"Not\u00edcias de Cataguases e Regi\u00e3o","publisher":{"@id":"https:\/\/marcelolopes.jor.br\/site\/#organization"},"potentialAction":[{"@type":"SearchAction","target":{"@type":"EntryPoint","urlTemplate":"https:\/\/marcelolopes.jor.br\/site\/?s={search_term_string}"},"query-input":{"@type":"PropertyValueSpecification","valueRequired":true,"valueName":"search_term_string"}}],"inLanguage":"pt-BR"},{"@type":"Organization","@id":"https:\/\/marcelolopes.jor.br\/site\/#organization","name":"Site do Marcelo Lopes","url":"https:\/\/marcelolopes.jor.br\/site\/","logo":{"@type":"ImageObject","inLanguage":"pt-BR","@id":"https:\/\/marcelolopes.jor.br\/site\/#\/schema\/logo\/image\/","url":"https:\/\/marcelolopes.jor.br\/site\/wp-content\/uploads\/2026\/07\/cropped-logo2026.png","contentUrl":"https:\/\/marcelolopes.jor.br\/site\/wp-content\/uploads\/2026\/07\/cropped-logo2026.png","width":328,"height":96,"caption":"Site do Marcelo Lopes"},"image":{"@id":"https:\/\/marcelolopes.jor.br\/site\/#\/schema\/logo\/image\/"},"sameAs":["https:\/\/www.facebook.com\/sitedomarcelolopes","https:\/\/www.instagram.com\/sitedomarcelolopes\/","https:\/\/www.linkedin.com\/company\/site-do-marcelo-lopes\/","https:\/\/www.youtube.com\/user\/marcelolopes957"]},{"@type":"Person","@id":"https:\/\/marcelolopes.jor.br\/site\/#\/schema\/person\/3e7216a35c34d8fdf952b31da3d1f89f","name":"Marcelo Lopes","sameAs":["http:\/\/www.marcelolopes.jor.br"],"url":"https:\/\/marcelolopes.jor.br\/site\/author\/marcelo\/"}]}},"wps_subtitle":"Den\u00fancia an\u00f4nima levou a Pol\u00edcia Militar at\u00e9 o local. V\u00edtima foi identificada e tinha 27 anos.","_links":{"self":[{"href":"https:\/\/marcelolopes.jor.br\/site\/wp-json\/wp\/v2\/posts\/5058","targetHints":{"allow":["GET"]}}],"collection":[{"href":"https:\/\/marcelolopes.jor.br\/site\/wp-json\/wp\/v2\/posts"}],"about":[{"href":"https:\/\/marcelolopes.jor.br\/site\/wp-json\/wp\/v2\/types\/post"}],"author":[{"embeddable":true,"href":"https:\/\/marcelolopes.jor.br\/site\/wp-json\/wp\/v2\/users\/2"}],"replies":[{"embeddable":true,"href":"https:\/\/marcelolopes.jor.br\/site\/wp-json\/wp\/v2\/comments?post=5058"}],"version-history":[{"count":0,"href":"https:\/\/marcelolopes.jor.br\/site\/wp-json\/wp\/v2\/posts\/5058\/revisions"}],"wp:featuredmedia":[{"embeddable":true,"href":"https:\/\/marcelolopes.jor.br\/site\/wp-json\/wp\/v2\/media\/5060"}],"wp:attachment":[{"href":"https:\/\/marcelolopes.jor.br\/site\/wp-json\/wp\/v2\/media?parent=5058"}],"wp:term":[{"taxonomy":"category","embeddable":true,"href":"https:\/\/marcelolopes.jor.br\/site\/wp-json\/wp\/v2\/categories?post=5058"},{"taxonomy":"post_tag","embeddable":true,"href":"https:\/\/marcelolopes.jor.br\/site\/wp-json\/wp\/v2\/tags?post=5058"}],"curies":[{"name":"wp","href":"https:\/\/api.w.org\/{rel}","templated":true}]}}