{"id":5053,"date":"2019-08-24T13:00:14","date_gmt":"2019-08-24T16:00:14","guid":{"rendered":"https:\/\/marcelolopes.jor.br\/?p=5053"},"modified":"2019-08-24T09:47:44","modified_gmt":"2019-08-24T12:47:44","slug":"fernando-pacheco-quer-gratuidade-no-reconhecimento-voluntario-de-paternidade","status":"publish","type":"post","link":"https:\/\/marcelolopes.jor.br\/site\/2019\/08\/24\/fernando-pacheco-quer-gratuidade-no-reconhecimento-voluntario-de-paternidade\/","title":{"rendered":"Fernando Pacheco quer gratuidade no reconhecimento volunt\u00e1rio de paternidade"},"content":{"rendered":"<p style=\"text-align: justify;\">Como relator do Projeto de Lei 493\/2019, o deputado estadual Fernando Pacheco apresentou parecer favor\u00e1vel \u00e0 gratuidade do reconhecimento volunt\u00e1rio da paternidade perante os oficiais de registro civil das pessoas naturais.<!--more--><\/p>\n<p style=\"text-align: justify;\">De autoria da deputada Ione Pinheiro, o Projeto recebeu aval da Comiss\u00e3o de Fiscaliza\u00e7\u00e3o Financeira e Or\u00e7ament\u00e1ria (FFO) \u2013 da qual o deputado Fernando Pacheco faz parte \u2013, na \u00faltima quarta, 14 de agosto, e segue para o plen\u00e1rio da Assembleia Legislativa para aprecia\u00e7\u00e3o dos demais parlamentares.<\/p>\n<p style=\"text-align: justify;\">O direito \u00e0 paternidade \u00e9 garantido pela Constitui\u00e7\u00e3o Federal e, segundo a autora da proposi\u00e7\u00e3o, \u201co projeto visa estimular o reconhecimento desse direito, visto que muitos desejam faz\u00ea-lo mas n\u00e3o t\u00eam condi\u00e7\u00f5es financeiras para arcar com as taxas cartor\u00e1rias relativas a esse procedimento\u201d.<\/p>\n<p style=\"text-align: justify;\">De acordo com o relat\u00f3rio de Fernando Pacheco, aprovado na FFO, a Lei 15.424, de 2004, conhecida como Lei de Emolumentos, j\u00e1 isenta os declaradamente pobres do pagamento de emolumentos e da taxa de fiscaliza\u00e7\u00e3o judici\u00e1ria pela averba\u00e7\u00e3o do reconhecimento volunt\u00e1rio de paternidade. A aprova\u00e7\u00e3o do projeto apenas estenderia a isen\u00e7\u00e3o para qualquer cidad\u00e3o, independentemente de sua condi\u00e7\u00e3o financeira.<\/p>\n<p><em>Com informa\u00e7\u00f5es da ALMG e\u00a0foto de Luiz Santana\/ALMG<\/em><\/p>\n<div class=\"tycxn69f72e3bec695\" ><br><\/div><style type=\"text\/css\">\r\n@media screen and (min-width: 1201px) {\r\n.tycxn69f72e3bec695 {\r\ndisplay: block;\r\n}\r\n}\r\n@media screen and (min-width: 993px) and (max-width: 1200px) {\r\n.tycxn69f72e3bec695 {\r\ndisplay: block;\r\n}\r\n}\r\n@media screen and (min-width: 769px) and (max-width: 992px) {\r\n.tycxn69f72e3bec695 {\r\ndisplay: block;\r\n}\r\n}\r\n@media screen and (min-width: 768px) and (max-width: 768px) {\r\n.tycxn69f72e3bec695 {\r\ndisplay: block;\r\n}\r\n}\r\n@media screen and (max-width: 767px) {\r\n.tycxn69f72e3bec695 {\r\ndisplay: block;\r\n}\r\n}\r\n<\/style>\r\n<div class=\"mjgbx69f72e3bf2a30\" ><div id=\"div_destino\"><\/div>\r\n<script src=\"https:\/\/cdn.snsrsv.com\/sdk.js\"><\/script>\r\n<script >\r\n      new sdk(\"464030C30061EA8BE065000000000001\") \r\n          .appendTo(\"div_destino\")\r\n          .disableStyle(true) \r\n          .setCacheBusterMacro(\"%%CACHEBUSTER%%\")\r\n          .setSize(\"800\",\"214\")\r\n          .setClickMacro(\"%%CLICK_URL_ESC%%\") \r\n          .setReferrerUrlMacro(\"%%REFERRER_URL_ESC%%\") \r\n          .start(); \r\n<\/script><\/div><style type=\"text\/css\">\r\n@media screen and (min-width: 1201px) {\r\n.mjgbx69f72e3bf2a30 {\r\ndisplay: block;\r\n}\r\n}\r\n@media screen and (min-width: 993px) and (max-width: 1200px) {\r\n.mjgbx69f72e3bf2a30 {\r\ndisplay: block;\r\n}\r\n}\r\n@media screen and (min-width: 769px) and (max-width: 992px) {\r\n.mjgbx69f72e3bf2a30 {\r\ndisplay: block;\r\n}\r\n}\r\n@media screen and (min-width: 768px) and (max-width: 768px) {\r\n.mjgbx69f72e3bf2a30 {\r\ndisplay: block;\r\n}\r\n}\r\n@media screen and (max-width: 767px) {\r\n.mjgbx69f72e3bf2a30 {\r\ndisplay: block;\r\n}\r\n}\r\n<\/style>\r\n","protected":false},"excerpt":{"rendered":"<p>Como relator do Projeto de Lei 493\/2019, o deputado estadual Fernando Pacheco apresentou parecer favor\u00e1vel \u00e0 gratuidade do reconhecimento volunt\u00e1rio da paternidade perante os oficiais de registro civil das pessoas naturais.<\/p>\n","protected":false},"author":2,"featured_media":5055,"comment_status":"open","ping_status":"open","sticky":false,"template":"","format":"standard","meta":{"footnotes":""},"categories":[1],"tags":[622,173,172,1072],"class_list":["post-5053","post","type-post","status-publish","format-standard","has-post-thumbnail","hentry","category-noticias","tag-almg","tag-deputado-estadual","tag-fernando-pacheco","tag-relator","thumb-below-title"],"yoast_head":"<!-- This site is optimized with the Yoast SEO plugin v27.4 - https:\/\/yoast.com\/product\/yoast-seo-wordpress\/ -->\n<title>Fernando Pacheco quer gratuidade no reconhecimento volunt\u00e1rio de paternidade | Marcelo Lopes<\/title>\n<meta name=\"robots\" content=\"index, follow, max-snippet:-1, max-image-preview:large, max-video-preview:-1\" \/>\n<link rel=\"canonical\" href=\"https:\/\/marcelolopes.jor.br\/site\/2019\/08\/24\/fernando-pacheco-quer-gratuidade-no-reconhecimento-voluntario-de-paternidade\/\" \/>\n<meta property=\"og:locale\" content=\"pt_BR\" \/>\n<meta property=\"og:type\" content=\"article\" \/>\n<meta property=\"og:title\" content=\"Fernando Pacheco quer gratuidade no reconhecimento volunt\u00e1rio de paternidade | Marcelo Lopes\" \/>\n<meta property=\"og:description\" content=\"Como relator do Projeto de Lei 493\/2019, o deputado estadual Fernando Pacheco apresentou parecer favor\u00e1vel \u00e0 gratuidade do reconhecimento volunt\u00e1rio da paternidade perante os oficiais de registro civil das pessoas naturais.\" \/>\n<meta property=\"og:url\" content=\"https:\/\/marcelolopes.jor.br\/site\/2019\/08\/24\/fernando-pacheco-quer-gratuidade-no-reconhecimento-voluntario-de-paternidade\/\" \/>\n<meta property=\"og:site_name\" content=\"Marcelo Lopes\" \/>\n<meta property=\"article:publisher\" content=\"https:\/\/www.facebook.com\/sitedomarcelolopes\" \/>\n<meta property=\"article:published_time\" content=\"2019-08-24T16:00:14+00:00\" \/>\n<meta property=\"og:image\" content=\"https:\/\/marcelolopes.jor.br\/site\/wp-content\/uploads\/2019\/08\/Comissao_Municipalismo_27_06_2019_Luiz-Santana.jpg\" \/>\n\t<meta property=\"og:image:width\" content=\"800\" \/>\n\t<meta property=\"og:image:height\" content=\"534\" \/>\n\t<meta property=\"og:image:type\" content=\"image\/jpeg\" \/>\n<meta name=\"author\" content=\"Marcelo Lopes\" \/>\n<meta name=\"twitter:card\" content=\"summary_large_image\" \/>\n<meta name=\"twitter:label1\" content=\"Escrito por\" \/>\n\t<meta name=\"twitter:data1\" content=\"Marcelo Lopes\" \/>\n\t<meta name=\"twitter:label2\" content=\"Est. tempo de leitura\" \/>\n\t<meta name=\"twitter:data2\" content=\"1 minuto\" \/>\n<script type=\"application\/ld+json\" class=\"yoast-schema-graph\">{\"@context\":\"https:\\\/\\\/schema.org\",\"@graph\":[{\"@type\":\"NewsArticle\",\"@id\":\"https:\\\/\\\/marcelolopes.jor.br\\\/site\\\/2019\\\/08\\\/24\\\/fernando-pacheco-quer-gratuidade-no-reconhecimento-voluntario-de-paternidade\\\/#article\",\"isPartOf\":{\"@id\":\"https:\\\/\\\/marcelolopes.jor.br\\\/site\\\/2019\\\/08\\\/24\\\/fernando-pacheco-quer-gratuidade-no-reconhecimento-voluntario-de-paternidade\\\/\"},\"author\":{\"name\":\"Marcelo Lopes\",\"@id\":\"https:\\\/\\\/marcelolopes.jor.br\\\/site\\\/#\\\/schema\\\/person\\\/3e7216a35c34d8fdf952b31da3d1f89f\"},\"headline\":\"Fernando Pacheco quer gratuidade no reconhecimento volunt\u00e1rio de paternidade\",\"datePublished\":\"2019-08-24T16:00:14+00:00\",\"mainEntityOfPage\":{\"@id\":\"https:\\\/\\\/marcelolopes.jor.br\\\/site\\\/2019\\\/08\\\/24\\\/fernando-pacheco-quer-gratuidade-no-reconhecimento-voluntario-de-paternidade\\\/\"},\"wordCount\":216,\"commentCount\":0,\"publisher\":{\"@id\":\"https:\\\/\\\/marcelolopes.jor.br\\\/site\\\/#organization\"},\"image\":{\"@id\":\"https:\\\/\\\/marcelolopes.jor.br\\\/site\\\/2019\\\/08\\\/24\\\/fernando-pacheco-quer-gratuidade-no-reconhecimento-voluntario-de-paternidade\\\/#primaryimage\"},\"thumbnailUrl\":\"https:\\\/\\\/marcelolopes.jor.br\\\/site\\\/wp-content\\\/uploads\\\/2019\\\/08\\\/Comissao_Municipalismo_27_06_2019_Luiz-Santana.jpg\",\"keywords\":[\"ALMG\",\"Deputado estadual\",\"Fernando Pacheco\",\"relator\"],\"articleSection\":[\"Not\u00edcias\"],\"inLanguage\":\"pt-BR\",\"potentialAction\":[{\"@type\":\"CommentAction\",\"name\":\"Comment\",\"target\":[\"https:\\\/\\\/marcelolopes.jor.br\\\/site\\\/2019\\\/08\\\/24\\\/fernando-pacheco-quer-gratuidade-no-reconhecimento-voluntario-de-paternidade\\\/#respond\"]}]},{\"@type\":\"WebPage\",\"@id\":\"https:\\\/\\\/marcelolopes.jor.br\\\/site\\\/2019\\\/08\\\/24\\\/fernando-pacheco-quer-gratuidade-no-reconhecimento-voluntario-de-paternidade\\\/\",\"url\":\"https:\\\/\\\/marcelolopes.jor.br\\\/site\\\/2019\\\/08\\\/24\\\/fernando-pacheco-quer-gratuidade-no-reconhecimento-voluntario-de-paternidade\\\/\",\"name\":\"Fernando Pacheco quer gratuidade no reconhecimento volunt\u00e1rio de paternidade | Marcelo Lopes\",\"isPartOf\":{\"@id\":\"https:\\\/\\\/marcelolopes.jor.br\\\/site\\\/#website\"},\"primaryImageOfPage\":{\"@id\":\"https:\\\/\\\/marcelolopes.jor.br\\\/site\\\/2019\\\/08\\\/24\\\/fernando-pacheco-quer-gratuidade-no-reconhecimento-voluntario-de-paternidade\\\/#primaryimage\"},\"image\":{\"@id\":\"https:\\\/\\\/marcelolopes.jor.br\\\/site\\\/2019\\\/08\\\/24\\\/fernando-pacheco-quer-gratuidade-no-reconhecimento-voluntario-de-paternidade\\\/#primaryimage\"},\"thumbnailUrl\":\"https:\\\/\\\/marcelolopes.jor.br\\\/site\\\/wp-content\\\/uploads\\\/2019\\\/08\\\/Comissao_Municipalismo_27_06_2019_Luiz-Santana.jpg\",\"datePublished\":\"2019-08-24T16:00:14+00:00\",\"breadcrumb\":{\"@id\":\"https:\\\/\\\/marcelolopes.jor.br\\\/site\\\/2019\\\/08\\\/24\\\/fernando-pacheco-quer-gratuidade-no-reconhecimento-voluntario-de-paternidade\\\/#breadcrumb\"},\"inLanguage\":\"pt-BR\",\"potentialAction\":[{\"@type\":\"ReadAction\",\"target\":[\"https:\\\/\\\/marcelolopes.jor.br\\\/site\\\/2019\\\/08\\\/24\\\/fernando-pacheco-quer-gratuidade-no-reconhecimento-voluntario-de-paternidade\\\/\"]}]},{\"@type\":\"ImageObject\",\"inLanguage\":\"pt-BR\",\"@id\":\"https:\\\/\\\/marcelolopes.jor.br\\\/site\\\/2019\\\/08\\\/24\\\/fernando-pacheco-quer-gratuidade-no-reconhecimento-voluntario-de-paternidade\\\/#primaryimage\",\"url\":\"https:\\\/\\\/marcelolopes.jor.br\\\/site\\\/wp-content\\\/uploads\\\/2019\\\/08\\\/Comissao_Municipalismo_27_06_2019_Luiz-Santana.jpg\",\"contentUrl\":\"https:\\\/\\\/marcelolopes.jor.br\\\/site\\\/wp-content\\\/uploads\\\/2019\\\/08\\\/Comissao_Municipalismo_27_06_2019_Luiz-Santana.jpg\",\"width\":800,\"height\":534,\"caption\":\"Fernando Pacheco (deputado estadual PHS\\\/MG)\"},{\"@type\":\"BreadcrumbList\",\"@id\":\"https:\\\/\\\/marcelolopes.jor.br\\\/site\\\/2019\\\/08\\\/24\\\/fernando-pacheco-quer-gratuidade-no-reconhecimento-voluntario-de-paternidade\\\/#breadcrumb\",\"itemListElement\":[{\"@type\":\"ListItem\",\"position\":1,\"name\":\"Home\",\"item\":\"https:\\\/\\\/marcelolopes.jor.br\\\/site\\\/\"},{\"@type\":\"ListItem\",\"position\":2,\"name\":\"Fernando Pacheco quer gratuidade no reconhecimento volunt\u00e1rio de paternidade\"}]},{\"@type\":\"WebSite\",\"@id\":\"https:\\\/\\\/marcelolopes.jor.br\\\/site\\\/#website\",\"url\":\"https:\\\/\\\/marcelolopes.jor.br\\\/site\\\/\",\"name\":\"Marcelo Lopes\",\"description\":\"Not\u00edcias de Cataguases e Regi\u00e3o\",\"publisher\":{\"@id\":\"https:\\\/\\\/marcelolopes.jor.br\\\/site\\\/#organization\"},\"potentialAction\":[{\"@type\":\"SearchAction\",\"target\":{\"@type\":\"EntryPoint\",\"urlTemplate\":\"https:\\\/\\\/marcelolopes.jor.br\\\/site\\\/?s={search_term_string}\"},\"query-input\":{\"@type\":\"PropertyValueSpecification\",\"valueRequired\":true,\"valueName\":\"search_term_string\"}}],\"inLanguage\":\"pt-BR\"},{\"@type\":\"Organization\",\"@id\":\"https:\\\/\\\/marcelolopes.jor.br\\\/site\\\/#organization\",\"name\":\"Site do Marcelo Lopes\",\"url\":\"https:\\\/\\\/marcelolopes.jor.br\\\/site\\\/\",\"logo\":{\"@type\":\"ImageObject\",\"inLanguage\":\"pt-BR\",\"@id\":\"https:\\\/\\\/marcelolopes.jor.br\\\/site\\\/#\\\/schema\\\/logo\\\/image\\\/\",\"url\":\"https:\\\/\\\/marcelolopes.jor.br\\\/site\\\/wp-content\\\/uploads\\\/2024\\\/11\\\/logo-1.png\",\"contentUrl\":\"https:\\\/\\\/marcelolopes.jor.br\\\/site\\\/wp-content\\\/uploads\\\/2024\\\/11\\\/logo-1.png\",\"width\":475,\"height\":80,\"caption\":\"Site do Marcelo Lopes\"},\"image\":{\"@id\":\"https:\\\/\\\/marcelolopes.jor.br\\\/site\\\/#\\\/schema\\\/logo\\\/image\\\/\"},\"sameAs\":[\"https:\\\/\\\/www.facebook.com\\\/sitedomarcelolopes\",\"https:\\\/\\\/www.instagram.com\\\/sitedomarcelolopes\\\/\",\"https:\\\/\\\/www.linkedin.com\\\/company\\\/site-do-marcelo-lopes\\\/\",\"https:\\\/\\\/www.youtube.com\\\/user\\\/marcelolopes957\"]},{\"@type\":\"Person\",\"@id\":\"https:\\\/\\\/marcelolopes.jor.br\\\/site\\\/#\\\/schema\\\/person\\\/3e7216a35c34d8fdf952b31da3d1f89f\",\"name\":\"Marcelo Lopes\",\"sameAs\":[\"http:\\\/\\\/www.marcelolopes.jor.br\"],\"url\":\"https:\\\/\\\/marcelolopes.jor.br\\\/site\\\/author\\\/marcelo\\\/\"}]}<\/script>\n<!-- \/ Yoast SEO plugin. -->","yoast_head_json":{"title":"Fernando Pacheco quer gratuidade no reconhecimento volunt\u00e1rio de paternidade | Marcelo Lopes","robots":{"index":"index","follow":"follow","max-snippet":"max-snippet:-1","max-image-preview":"max-image-preview:large","max-video-preview":"max-video-preview:-1"},"canonical":"https:\/\/marcelolopes.jor.br\/site\/2019\/08\/24\/fernando-pacheco-quer-gratuidade-no-reconhecimento-voluntario-de-paternidade\/","og_locale":"pt_BR","og_type":"article","og_title":"Fernando Pacheco quer gratuidade no reconhecimento volunt\u00e1rio de paternidade | Marcelo Lopes","og_description":"Como relator do Projeto de Lei 493\/2019, o deputado estadual Fernando Pacheco apresentou parecer favor\u00e1vel \u00e0 gratuidade do reconhecimento volunt\u00e1rio da paternidade perante os oficiais de registro civil das pessoas naturais.","og_url":"https:\/\/marcelolopes.jor.br\/site\/2019\/08\/24\/fernando-pacheco-quer-gratuidade-no-reconhecimento-voluntario-de-paternidade\/","og_site_name":"Marcelo Lopes","article_publisher":"https:\/\/www.facebook.com\/sitedomarcelolopes","article_published_time":"2019-08-24T16:00:14+00:00","og_image":[{"width":800,"height":534,"url":"https:\/\/marcelolopes.jor.br\/site\/wp-content\/uploads\/2019\/08\/Comissao_Municipalismo_27_06_2019_Luiz-Santana.jpg","type":"image\/jpeg"}],"author":"Marcelo Lopes","twitter_card":"summary_large_image","twitter_misc":{"Escrito por":"Marcelo Lopes","Est. tempo de leitura":"1 minuto"},"schema":{"@context":"https:\/\/schema.org","@graph":[{"@type":"NewsArticle","@id":"https:\/\/marcelolopes.jor.br\/site\/2019\/08\/24\/fernando-pacheco-quer-gratuidade-no-reconhecimento-voluntario-de-paternidade\/#article","isPartOf":{"@id":"https:\/\/marcelolopes.jor.br\/site\/2019\/08\/24\/fernando-pacheco-quer-gratuidade-no-reconhecimento-voluntario-de-paternidade\/"},"author":{"name":"Marcelo Lopes","@id":"https:\/\/marcelolopes.jor.br\/site\/#\/schema\/person\/3e7216a35c34d8fdf952b31da3d1f89f"},"headline":"Fernando Pacheco quer gratuidade no reconhecimento volunt\u00e1rio de paternidade","datePublished":"2019-08-24T16:00:14+00:00","mainEntityOfPage":{"@id":"https:\/\/marcelolopes.jor.br\/site\/2019\/08\/24\/fernando-pacheco-quer-gratuidade-no-reconhecimento-voluntario-de-paternidade\/"},"wordCount":216,"commentCount":0,"publisher":{"@id":"https:\/\/marcelolopes.jor.br\/site\/#organization"},"image":{"@id":"https:\/\/marcelolopes.jor.br\/site\/2019\/08\/24\/fernando-pacheco-quer-gratuidade-no-reconhecimento-voluntario-de-paternidade\/#primaryimage"},"thumbnailUrl":"https:\/\/marcelolopes.jor.br\/site\/wp-content\/uploads\/2019\/08\/Comissao_Municipalismo_27_06_2019_Luiz-Santana.jpg","keywords":["ALMG","Deputado estadual","Fernando Pacheco","relator"],"articleSection":["Not\u00edcias"],"inLanguage":"pt-BR","potentialAction":[{"@type":"CommentAction","name":"Comment","target":["https:\/\/marcelolopes.jor.br\/site\/2019\/08\/24\/fernando-pacheco-quer-gratuidade-no-reconhecimento-voluntario-de-paternidade\/#respond"]}]},{"@type":"WebPage","@id":"https:\/\/marcelolopes.jor.br\/site\/2019\/08\/24\/fernando-pacheco-quer-gratuidade-no-reconhecimento-voluntario-de-paternidade\/","url":"https:\/\/marcelolopes.jor.br\/site\/2019\/08\/24\/fernando-pacheco-quer-gratuidade-no-reconhecimento-voluntario-de-paternidade\/","name":"Fernando Pacheco quer gratuidade no reconhecimento volunt\u00e1rio de paternidade | Marcelo Lopes","isPartOf":{"@id":"https:\/\/marcelolopes.jor.br\/site\/#website"},"primaryImageOfPage":{"@id":"https:\/\/marcelolopes.jor.br\/site\/2019\/08\/24\/fernando-pacheco-quer-gratuidade-no-reconhecimento-voluntario-de-paternidade\/#primaryimage"},"image":{"@id":"https:\/\/marcelolopes.jor.br\/site\/2019\/08\/24\/fernando-pacheco-quer-gratuidade-no-reconhecimento-voluntario-de-paternidade\/#primaryimage"},"thumbnailUrl":"https:\/\/marcelolopes.jor.br\/site\/wp-content\/uploads\/2019\/08\/Comissao_Municipalismo_27_06_2019_Luiz-Santana.jpg","datePublished":"2019-08-24T16:00:14+00:00","breadcrumb":{"@id":"https:\/\/marcelolopes.jor.br\/site\/2019\/08\/24\/fernando-pacheco-quer-gratuidade-no-reconhecimento-voluntario-de-paternidade\/#breadcrumb"},"inLanguage":"pt-BR","potentialAction":[{"@type":"ReadAction","target":["https:\/\/marcelolopes.jor.br\/site\/2019\/08\/24\/fernando-pacheco-quer-gratuidade-no-reconhecimento-voluntario-de-paternidade\/"]}]},{"@type":"ImageObject","inLanguage":"pt-BR","@id":"https:\/\/marcelolopes.jor.br\/site\/2019\/08\/24\/fernando-pacheco-quer-gratuidade-no-reconhecimento-voluntario-de-paternidade\/#primaryimage","url":"https:\/\/marcelolopes.jor.br\/site\/wp-content\/uploads\/2019\/08\/Comissao_Municipalismo_27_06_2019_Luiz-Santana.jpg","contentUrl":"https:\/\/marcelolopes.jor.br\/site\/wp-content\/uploads\/2019\/08\/Comissao_Municipalismo_27_06_2019_Luiz-Santana.jpg","width":800,"height":534,"caption":"Fernando Pacheco (deputado estadual PHS\/MG)"},{"@type":"BreadcrumbList","@id":"https:\/\/marcelolopes.jor.br\/site\/2019\/08\/24\/fernando-pacheco-quer-gratuidade-no-reconhecimento-voluntario-de-paternidade\/#breadcrumb","itemListElement":[{"@type":"ListItem","position":1,"name":"Home","item":"https:\/\/marcelolopes.jor.br\/site\/"},{"@type":"ListItem","position":2,"name":"Fernando Pacheco quer gratuidade no reconhecimento volunt\u00e1rio de paternidade"}]},{"@type":"WebSite","@id":"https:\/\/marcelolopes.jor.br\/site\/#website","url":"https:\/\/marcelolopes.jor.br\/site\/","name":"Marcelo Lopes","description":"Not\u00edcias de Cataguases e Regi\u00e3o","publisher":{"@id":"https:\/\/marcelolopes.jor.br\/site\/#organization"},"potentialAction":[{"@type":"SearchAction","target":{"@type":"EntryPoint","urlTemplate":"https:\/\/marcelolopes.jor.br\/site\/?s={search_term_string}"},"query-input":{"@type":"PropertyValueSpecification","valueRequired":true,"valueName":"search_term_string"}}],"inLanguage":"pt-BR"},{"@type":"Organization","@id":"https:\/\/marcelolopes.jor.br\/site\/#organization","name":"Site do Marcelo Lopes","url":"https:\/\/marcelolopes.jor.br\/site\/","logo":{"@type":"ImageObject","inLanguage":"pt-BR","@id":"https:\/\/marcelolopes.jor.br\/site\/#\/schema\/logo\/image\/","url":"https:\/\/marcelolopes.jor.br\/site\/wp-content\/uploads\/2024\/11\/logo-1.png","contentUrl":"https:\/\/marcelolopes.jor.br\/site\/wp-content\/uploads\/2024\/11\/logo-1.png","width":475,"height":80,"caption":"Site do Marcelo Lopes"},"image":{"@id":"https:\/\/marcelolopes.jor.br\/site\/#\/schema\/logo\/image\/"},"sameAs":["https:\/\/www.facebook.com\/sitedomarcelolopes","https:\/\/www.instagram.com\/sitedomarcelolopes\/","https:\/\/www.linkedin.com\/company\/site-do-marcelo-lopes\/","https:\/\/www.youtube.com\/user\/marcelolopes957"]},{"@type":"Person","@id":"https:\/\/marcelolopes.jor.br\/site\/#\/schema\/person\/3e7216a35c34d8fdf952b31da3d1f89f","name":"Marcelo Lopes","sameAs":["http:\/\/www.marcelolopes.jor.br"],"url":"https:\/\/marcelolopes.jor.br\/site\/author\/marcelo\/"}]}},"wps_subtitle":"Para ele muitos desejam fazer o reconhecimento da paternidade, mas n\u00e3o podem arcar com seus custos","_links":{"self":[{"href":"https:\/\/marcelolopes.jor.br\/site\/wp-json\/wp\/v2\/posts\/5053","targetHints":{"allow":["GET"]}}],"collection":[{"href":"https:\/\/marcelolopes.jor.br\/site\/wp-json\/wp\/v2\/posts"}],"about":[{"href":"https:\/\/marcelolopes.jor.br\/site\/wp-json\/wp\/v2\/types\/post"}],"author":[{"embeddable":true,"href":"https:\/\/marcelolopes.jor.br\/site\/wp-json\/wp\/v2\/users\/2"}],"replies":[{"embeddable":true,"href":"https:\/\/marcelolopes.jor.br\/site\/wp-json\/wp\/v2\/comments?post=5053"}],"version-history":[{"count":0,"href":"https:\/\/marcelolopes.jor.br\/site\/wp-json\/wp\/v2\/posts\/5053\/revisions"}],"wp:featuredmedia":[{"embeddable":true,"href":"https:\/\/marcelolopes.jor.br\/site\/wp-json\/wp\/v2\/media\/5055"}],"wp:attachment":[{"href":"https:\/\/marcelolopes.jor.br\/site\/wp-json\/wp\/v2\/media?parent=5053"}],"wp:term":[{"taxonomy":"category","embeddable":true,"href":"https:\/\/marcelolopes.jor.br\/site\/wp-json\/wp\/v2\/categories?post=5053"},{"taxonomy":"post_tag","embeddable":true,"href":"https:\/\/marcelolopes.jor.br\/site\/wp-json\/wp\/v2\/tags?post=5053"}],"curies":[{"name":"wp","href":"https:\/\/api.w.org\/{rel}","templated":true}]}}