{"id":5014,"date":"2019-08-22T15:05:19","date_gmt":"2019-08-22T18:05:19","guid":{"rendered":"https:\/\/marcelolopes.jor.br\/?p=5014"},"modified":"2019-08-22T15:04:06","modified_gmt":"2019-08-22T18:04:06","slug":"policia-militar-prende-homem-suspeito-de-ter-furtado-em-varias-lojas-da-cidade","status":"publish","type":"post","link":"https:\/\/marcelolopes.jor.br\/site\/2019\/08\/22\/policia-militar-prende-homem-suspeito-de-ter-furtado-em-varias-lojas-da-cidade\/","title":{"rendered":"Pol\u00edcia Militar prende homem suspeito de ter furtado em v\u00e1rias lojas da cidade"},"content":{"rendered":"<p style=\"text-align: justify;\">Foi preso pela Pol\u00edcia Militar, na Vila Domingos Lopes, em Cataguases, por volta das 12h30min, desta quinta-feira, 22 de agosto, um homem de 30 anos de idade, suspeito de estar praticando furto em lojas do centro da cidade. Ele \u00e9 conhecido no meio policial e cumpria pena no pres\u00eddio de Cataguases at\u00e9 ser beneficiado pela liberdade tempor\u00e1ria n\u00e3o retornando para a deten\u00e7\u00e3o ap\u00f3s o t\u00e9rmino deste benef\u00edcio, conforme informou o comandante do 1\u00ba Pelot\u00e3o da PM e do policiamento em Cataguases, tenente Vin\u00edcius Marinato.<!--more--><\/p>\n<p style=\"text-align: justify;\">C\u00e2meras de seguran\u00e7a flagraram o suspeito fugindo pela Rua Nogueira Neves &#8211; esta semana &#8211; ap\u00f3s furtar cinco aparelhos celulares em uma loja daquele logradouro, revelou o tenente. &#8220;Coincidentemente o registro de furtos ao com\u00e9rcio aumentou significativamente nos \u00faltimos dias, per\u00edodo em que este suspeito estava fora da pris\u00e3o&#8221;, disse, acrescentando que diversas v\u00edtimas o reconheceram por meio de fotos e que ele \u00e9 usu\u00e1rio de crack, mas apesar de estar cumprindo pena em Cataguases, nasceu em Itabirito\/MG.<\/p>\n<p style=\"text-align: justify;\">Com as imagens dele a PM tamb\u00e9m descobriu que o suspeito estava rodando o Centro da cidade todas as manh\u00e3s e montou uma opera\u00e7\u00e3o para prend\u00ea-lo. Nesta quinta-feira, 22, informa\u00e7\u00f5es obtidas pela Intelig\u00eancia da Pol\u00edcia Militar, revelaram que ele estaria escondido em uma resid\u00eancia na Vila Domingos Lopes onde reside um homem que negou estar abrigando o suspeito, afirmando que ele invadiu sua casa. Uma equipe da PM foi at\u00e9 l\u00e1, entrou no im\u00f3vel e o encontrou dentro do banheiro, onde foi preso e levado para o Hospital de Cataguases onde passou por exame m\u00e9dico e ser\u00e1 apresentado ao delegado de Pol\u00edcia Civil em Cataguases no final da tarde. De l\u00e1 vai seguir para o pres\u00eddio para continuar cumprindo sua pena.<\/p>\n<p><em>Foto exclusiva Site do Marcelo Lopes<\/em><\/p>\n<div class=\"tbqqx69f72dd16ad41\" ><br><\/div><style type=\"text\/css\">\r\n@media screen and (min-width: 1201px) {\r\n.tbqqx69f72dd16ad41 {\r\ndisplay: block;\r\n}\r\n}\r\n@media screen and (min-width: 993px) and (max-width: 1200px) {\r\n.tbqqx69f72dd16ad41 {\r\ndisplay: block;\r\n}\r\n}\r\n@media screen and (min-width: 769px) and (max-width: 992px) {\r\n.tbqqx69f72dd16ad41 {\r\ndisplay: block;\r\n}\r\n}\r\n@media screen and (min-width: 768px) and (max-width: 768px) {\r\n.tbqqx69f72dd16ad41 {\r\ndisplay: block;\r\n}\r\n}\r\n@media screen and (max-width: 767px) {\r\n.tbqqx69f72dd16ad41 {\r\ndisplay: block;\r\n}\r\n}\r\n<\/style>\r\n<div class=\"bkprl69f72dd1703a4\" ><div id=\"div_destino\"><\/div>\r\n<script src=\"https:\/\/cdn.snsrsv.com\/sdk.js\"><\/script>\r\n<script >\r\n      new sdk(\"464030C30061EA8BE065000000000001\") \r\n          .appendTo(\"div_destino\")\r\n          .disableStyle(true) \r\n          .setCacheBusterMacro(\"%%CACHEBUSTER%%\")\r\n          .setSize(\"800\",\"214\")\r\n          .setClickMacro(\"%%CLICK_URL_ESC%%\") \r\n          .setReferrerUrlMacro(\"%%REFERRER_URL_ESC%%\") \r\n          .start(); \r\n<\/script><\/div><style type=\"text\/css\">\r\n@media screen and (min-width: 1201px) {\r\n.bkprl69f72dd1703a4 {\r\ndisplay: block;\r\n}\r\n}\r\n@media screen and (min-width: 993px) and (max-width: 1200px) {\r\n.bkprl69f72dd1703a4 {\r\ndisplay: block;\r\n}\r\n}\r\n@media screen and (min-width: 769px) and (max-width: 992px) {\r\n.bkprl69f72dd1703a4 {\r\ndisplay: block;\r\n}\r\n}\r\n@media screen and (min-width: 768px) and (max-width: 768px) {\r\n.bkprl69f72dd1703a4 {\r\ndisplay: block;\r\n}\r\n}\r\n@media screen and (max-width: 767px) {\r\n.bkprl69f72dd1703a4 {\r\ndisplay: block;\r\n}\r\n}\r\n<\/style>\r\n","protected":false},"excerpt":{"rendered":"<p>Foi preso pela Pol\u00edcia Militar, na Vila Domingos Lopes, em Cataguases, por volta das 12h30min, desta quinta-feira, 22 de agosto, um homem de 30 anos de idade, suspeito de estar praticando furto em lojas do centro da cidade. Ele \u00e9<\/p>\n<p class=\"link-more\"><a class=\"more-link\" href=\"https:\/\/marcelolopes.jor.br\/site\/2019\/08\/22\/policia-militar-prende-homem-suspeito-de-ter-furtado-em-varias-lojas-da-cidade\/\">Leia mais <span class=\"screen-reader-text\">Pol\u00edcia Militar prende homem suspeito de ter furtado em v\u00e1rias lojas da cidade<\/span><\/a><\/p>\n","protected":false},"author":2,"featured_media":5016,"comment_status":"open","ping_status":"open","sticky":false,"template":"","format":"standard","meta":{"footnotes":""},"categories":[1],"tags":[167,100,611,148],"class_list":["post-5014","post","type-post","status-publish","format-standard","has-post-thumbnail","hentry","category-noticias","tag-comercio","tag-furto","tag-ladrao","tag-loja","thumb-below-title"],"yoast_head":"<!-- This site is optimized with the Yoast SEO plugin v27.4 - https:\/\/yoast.com\/product\/yoast-seo-wordpress\/ -->\n<title>Pol\u00edcia Militar prende homem suspeito de ter furtado em v\u00e1rias lojas da cidade | Marcelo Lopes<\/title>\n<meta name=\"robots\" content=\"index, follow, max-snippet:-1, max-image-preview:large, max-video-preview:-1\" \/>\n<link rel=\"canonical\" href=\"https:\/\/marcelolopes.jor.br\/site\/2019\/08\/22\/policia-militar-prende-homem-suspeito-de-ter-furtado-em-varias-lojas-da-cidade\/\" \/>\n<meta property=\"og:locale\" content=\"pt_BR\" \/>\n<meta property=\"og:type\" content=\"article\" \/>\n<meta property=\"og:title\" content=\"Pol\u00edcia Militar prende homem suspeito de ter furtado em v\u00e1rias lojas da cidade | Marcelo Lopes\" \/>\n<meta property=\"og:description\" content=\"Foi preso pela Pol\u00edcia Militar, na Vila Domingos Lopes, em Cataguases, por volta das 12h30min, desta quinta-feira, 22 de agosto, um homem de 30 anos de idade, suspeito de estar praticando furto em lojas do centro da cidade. Ele \u00e9Leia mais Pol\u00edcia Militar prende homem suspeito de ter furtado em v\u00e1rias lojas da cidade\" \/>\n<meta property=\"og:url\" content=\"https:\/\/marcelolopes.jor.br\/site\/2019\/08\/22\/policia-militar-prende-homem-suspeito-de-ter-furtado-em-varias-lojas-da-cidade\/\" \/>\n<meta property=\"og:site_name\" content=\"Marcelo Lopes\" \/>\n<meta property=\"article:publisher\" content=\"https:\/\/www.facebook.com\/sitedomarcelolopes\" \/>\n<meta property=\"article:published_time\" content=\"2019-08-22T18:05:19+00:00\" \/>\n<meta property=\"og:image\" content=\"https:\/\/marcelolopes.jor.br\/site\/wp-content\/uploads\/2019\/08\/IMG_6506.jpg\" \/>\n\t<meta property=\"og:image:width\" content=\"800\" \/>\n\t<meta property=\"og:image:height\" content=\"600\" \/>\n\t<meta property=\"og:image:type\" content=\"image\/jpeg\" \/>\n<meta name=\"author\" content=\"Marcelo Lopes\" \/>\n<meta name=\"twitter:card\" content=\"summary_large_image\" \/>\n<meta name=\"twitter:label1\" content=\"Escrito por\" \/>\n\t<meta name=\"twitter:data1\" content=\"Marcelo Lopes\" \/>\n\t<meta name=\"twitter:label2\" content=\"Est. tempo de leitura\" \/>\n\t<meta name=\"twitter:data2\" content=\"2 minutos\" \/>\n<script type=\"application\/ld+json\" class=\"yoast-schema-graph\">{\"@context\":\"https:\\\/\\\/schema.org\",\"@graph\":[{\"@type\":\"NewsArticle\",\"@id\":\"https:\\\/\\\/marcelolopes.jor.br\\\/site\\\/2019\\\/08\\\/22\\\/policia-militar-prende-homem-suspeito-de-ter-furtado-em-varias-lojas-da-cidade\\\/#article\",\"isPartOf\":{\"@id\":\"https:\\\/\\\/marcelolopes.jor.br\\\/site\\\/2019\\\/08\\\/22\\\/policia-militar-prende-homem-suspeito-de-ter-furtado-em-varias-lojas-da-cidade\\\/\"},\"author\":{\"name\":\"Marcelo Lopes\",\"@id\":\"https:\\\/\\\/marcelolopes.jor.br\\\/site\\\/#\\\/schema\\\/person\\\/3e7216a35c34d8fdf952b31da3d1f89f\"},\"headline\":\"Pol\u00edcia Militar prende homem suspeito de ter furtado em v\u00e1rias lojas da cidade\",\"datePublished\":\"2019-08-22T18:05:19+00:00\",\"mainEntityOfPage\":{\"@id\":\"https:\\\/\\\/marcelolopes.jor.br\\\/site\\\/2019\\\/08\\\/22\\\/policia-militar-prende-homem-suspeito-de-ter-furtado-em-varias-lojas-da-cidade\\\/\"},\"wordCount\":330,\"commentCount\":0,\"publisher\":{\"@id\":\"https:\\\/\\\/marcelolopes.jor.br\\\/site\\\/#organization\"},\"image\":{\"@id\":\"https:\\\/\\\/marcelolopes.jor.br\\\/site\\\/2019\\\/08\\\/22\\\/policia-militar-prende-homem-suspeito-de-ter-furtado-em-varias-lojas-da-cidade\\\/#primaryimage\"},\"thumbnailUrl\":\"https:\\\/\\\/marcelolopes.jor.br\\\/site\\\/wp-content\\\/uploads\\\/2019\\\/08\\\/IMG_6506.jpg\",\"keywords\":[\"com\u00e9rcio\",\"furto\",\"ladr\u00e3o\",\"loja\"],\"articleSection\":[\"Not\u00edcias\"],\"inLanguage\":\"pt-BR\",\"potentialAction\":[{\"@type\":\"CommentAction\",\"name\":\"Comment\",\"target\":[\"https:\\\/\\\/marcelolopes.jor.br\\\/site\\\/2019\\\/08\\\/22\\\/policia-militar-prende-homem-suspeito-de-ter-furtado-em-varias-lojas-da-cidade\\\/#respond\"]}]},{\"@type\":\"WebPage\",\"@id\":\"https:\\\/\\\/marcelolopes.jor.br\\\/site\\\/2019\\\/08\\\/22\\\/policia-militar-prende-homem-suspeito-de-ter-furtado-em-varias-lojas-da-cidade\\\/\",\"url\":\"https:\\\/\\\/marcelolopes.jor.br\\\/site\\\/2019\\\/08\\\/22\\\/policia-militar-prende-homem-suspeito-de-ter-furtado-em-varias-lojas-da-cidade\\\/\",\"name\":\"Pol\u00edcia Militar prende homem suspeito de ter furtado em v\u00e1rias lojas da cidade | Marcelo Lopes\",\"isPartOf\":{\"@id\":\"https:\\\/\\\/marcelolopes.jor.br\\\/site\\\/#website\"},\"primaryImageOfPage\":{\"@id\":\"https:\\\/\\\/marcelolopes.jor.br\\\/site\\\/2019\\\/08\\\/22\\\/policia-militar-prende-homem-suspeito-de-ter-furtado-em-varias-lojas-da-cidade\\\/#primaryimage\"},\"image\":{\"@id\":\"https:\\\/\\\/marcelolopes.jor.br\\\/site\\\/2019\\\/08\\\/22\\\/policia-militar-prende-homem-suspeito-de-ter-furtado-em-varias-lojas-da-cidade\\\/#primaryimage\"},\"thumbnailUrl\":\"https:\\\/\\\/marcelolopes.jor.br\\\/site\\\/wp-content\\\/uploads\\\/2019\\\/08\\\/IMG_6506.jpg\",\"datePublished\":\"2019-08-22T18:05:19+00:00\",\"breadcrumb\":{\"@id\":\"https:\\\/\\\/marcelolopes.jor.br\\\/site\\\/2019\\\/08\\\/22\\\/policia-militar-prende-homem-suspeito-de-ter-furtado-em-varias-lojas-da-cidade\\\/#breadcrumb\"},\"inLanguage\":\"pt-BR\",\"potentialAction\":[{\"@type\":\"ReadAction\",\"target\":[\"https:\\\/\\\/marcelolopes.jor.br\\\/site\\\/2019\\\/08\\\/22\\\/policia-militar-prende-homem-suspeito-de-ter-furtado-em-varias-lojas-da-cidade\\\/\"]}]},{\"@type\":\"ImageObject\",\"inLanguage\":\"pt-BR\",\"@id\":\"https:\\\/\\\/marcelolopes.jor.br\\\/site\\\/2019\\\/08\\\/22\\\/policia-militar-prende-homem-suspeito-de-ter-furtado-em-varias-lojas-da-cidade\\\/#primaryimage\",\"url\":\"https:\\\/\\\/marcelolopes.jor.br\\\/site\\\/wp-content\\\/uploads\\\/2019\\\/08\\\/IMG_6506.jpg\",\"contentUrl\":\"https:\\\/\\\/marcelolopes.jor.br\\\/site\\\/wp-content\\\/uploads\\\/2019\\\/08\\\/IMG_6506.jpg\",\"width\":800,\"height\":600},{\"@type\":\"BreadcrumbList\",\"@id\":\"https:\\\/\\\/marcelolopes.jor.br\\\/site\\\/2019\\\/08\\\/22\\\/policia-militar-prende-homem-suspeito-de-ter-furtado-em-varias-lojas-da-cidade\\\/#breadcrumb\",\"itemListElement\":[{\"@type\":\"ListItem\",\"position\":1,\"name\":\"Home\",\"item\":\"https:\\\/\\\/marcelolopes.jor.br\\\/site\\\/\"},{\"@type\":\"ListItem\",\"position\":2,\"name\":\"Pol\u00edcia Militar prende homem suspeito de ter furtado em v\u00e1rias lojas da cidade\"}]},{\"@type\":\"WebSite\",\"@id\":\"https:\\\/\\\/marcelolopes.jor.br\\\/site\\\/#website\",\"url\":\"https:\\\/\\\/marcelolopes.jor.br\\\/site\\\/\",\"name\":\"Marcelo Lopes\",\"description\":\"Not\u00edcias de Cataguases e Regi\u00e3o\",\"publisher\":{\"@id\":\"https:\\\/\\\/marcelolopes.jor.br\\\/site\\\/#organization\"},\"potentialAction\":[{\"@type\":\"SearchAction\",\"target\":{\"@type\":\"EntryPoint\",\"urlTemplate\":\"https:\\\/\\\/marcelolopes.jor.br\\\/site\\\/?s={search_term_string}\"},\"query-input\":{\"@type\":\"PropertyValueSpecification\",\"valueRequired\":true,\"valueName\":\"search_term_string\"}}],\"inLanguage\":\"pt-BR\"},{\"@type\":\"Organization\",\"@id\":\"https:\\\/\\\/marcelolopes.jor.br\\\/site\\\/#organization\",\"name\":\"Site do Marcelo Lopes\",\"url\":\"https:\\\/\\\/marcelolopes.jor.br\\\/site\\\/\",\"logo\":{\"@type\":\"ImageObject\",\"inLanguage\":\"pt-BR\",\"@id\":\"https:\\\/\\\/marcelolopes.jor.br\\\/site\\\/#\\\/schema\\\/logo\\\/image\\\/\",\"url\":\"https:\\\/\\\/marcelolopes.jor.br\\\/site\\\/wp-content\\\/uploads\\\/2024\\\/11\\\/logo-1.png\",\"contentUrl\":\"https:\\\/\\\/marcelolopes.jor.br\\\/site\\\/wp-content\\\/uploads\\\/2024\\\/11\\\/logo-1.png\",\"width\":475,\"height\":80,\"caption\":\"Site do Marcelo Lopes\"},\"image\":{\"@id\":\"https:\\\/\\\/marcelolopes.jor.br\\\/site\\\/#\\\/schema\\\/logo\\\/image\\\/\"},\"sameAs\":[\"https:\\\/\\\/www.facebook.com\\\/sitedomarcelolopes\",\"https:\\\/\\\/www.instagram.com\\\/sitedomarcelolopes\\\/\",\"https:\\\/\\\/www.linkedin.com\\\/company\\\/site-do-marcelo-lopes\\\/\",\"https:\\\/\\\/www.youtube.com\\\/user\\\/marcelolopes957\"]},{\"@type\":\"Person\",\"@id\":\"https:\\\/\\\/marcelolopes.jor.br\\\/site\\\/#\\\/schema\\\/person\\\/3e7216a35c34d8fdf952b31da3d1f89f\",\"name\":\"Marcelo Lopes\",\"sameAs\":[\"http:\\\/\\\/www.marcelolopes.jor.br\"],\"url\":\"https:\\\/\\\/marcelolopes.jor.br\\\/site\\\/author\\\/marcelo\\\/\"}]}<\/script>\n<!-- \/ Yoast SEO plugin. -->","yoast_head_json":{"title":"Pol\u00edcia Militar prende homem suspeito de ter furtado em v\u00e1rias lojas da cidade | Marcelo Lopes","robots":{"index":"index","follow":"follow","max-snippet":"max-snippet:-1","max-image-preview":"max-image-preview:large","max-video-preview":"max-video-preview:-1"},"canonical":"https:\/\/marcelolopes.jor.br\/site\/2019\/08\/22\/policia-militar-prende-homem-suspeito-de-ter-furtado-em-varias-lojas-da-cidade\/","og_locale":"pt_BR","og_type":"article","og_title":"Pol\u00edcia Militar prende homem suspeito de ter furtado em v\u00e1rias lojas da cidade | Marcelo Lopes","og_description":"Foi preso pela Pol\u00edcia Militar, na Vila Domingos Lopes, em Cataguases, por volta das 12h30min, desta quinta-feira, 22 de agosto, um homem de 30 anos de idade, suspeito de estar praticando furto em lojas do centro da cidade. Ele \u00e9Leia mais Pol\u00edcia Militar prende homem suspeito de ter furtado em v\u00e1rias lojas da cidade","og_url":"https:\/\/marcelolopes.jor.br\/site\/2019\/08\/22\/policia-militar-prende-homem-suspeito-de-ter-furtado-em-varias-lojas-da-cidade\/","og_site_name":"Marcelo Lopes","article_publisher":"https:\/\/www.facebook.com\/sitedomarcelolopes","article_published_time":"2019-08-22T18:05:19+00:00","og_image":[{"width":800,"height":600,"url":"https:\/\/marcelolopes.jor.br\/site\/wp-content\/uploads\/2019\/08\/IMG_6506.jpg","type":"image\/jpeg"}],"author":"Marcelo Lopes","twitter_card":"summary_large_image","twitter_misc":{"Escrito por":"Marcelo Lopes","Est. tempo de leitura":"2 minutos"},"schema":{"@context":"https:\/\/schema.org","@graph":[{"@type":"NewsArticle","@id":"https:\/\/marcelolopes.jor.br\/site\/2019\/08\/22\/policia-militar-prende-homem-suspeito-de-ter-furtado-em-varias-lojas-da-cidade\/#article","isPartOf":{"@id":"https:\/\/marcelolopes.jor.br\/site\/2019\/08\/22\/policia-militar-prende-homem-suspeito-de-ter-furtado-em-varias-lojas-da-cidade\/"},"author":{"name":"Marcelo Lopes","@id":"https:\/\/marcelolopes.jor.br\/site\/#\/schema\/person\/3e7216a35c34d8fdf952b31da3d1f89f"},"headline":"Pol\u00edcia Militar prende homem suspeito de ter furtado em v\u00e1rias lojas da cidade","datePublished":"2019-08-22T18:05:19+00:00","mainEntityOfPage":{"@id":"https:\/\/marcelolopes.jor.br\/site\/2019\/08\/22\/policia-militar-prende-homem-suspeito-de-ter-furtado-em-varias-lojas-da-cidade\/"},"wordCount":330,"commentCount":0,"publisher":{"@id":"https:\/\/marcelolopes.jor.br\/site\/#organization"},"image":{"@id":"https:\/\/marcelolopes.jor.br\/site\/2019\/08\/22\/policia-militar-prende-homem-suspeito-de-ter-furtado-em-varias-lojas-da-cidade\/#primaryimage"},"thumbnailUrl":"https:\/\/marcelolopes.jor.br\/site\/wp-content\/uploads\/2019\/08\/IMG_6506.jpg","keywords":["com\u00e9rcio","furto","ladr\u00e3o","loja"],"articleSection":["Not\u00edcias"],"inLanguage":"pt-BR","potentialAction":[{"@type":"CommentAction","name":"Comment","target":["https:\/\/marcelolopes.jor.br\/site\/2019\/08\/22\/policia-militar-prende-homem-suspeito-de-ter-furtado-em-varias-lojas-da-cidade\/#respond"]}]},{"@type":"WebPage","@id":"https:\/\/marcelolopes.jor.br\/site\/2019\/08\/22\/policia-militar-prende-homem-suspeito-de-ter-furtado-em-varias-lojas-da-cidade\/","url":"https:\/\/marcelolopes.jor.br\/site\/2019\/08\/22\/policia-militar-prende-homem-suspeito-de-ter-furtado-em-varias-lojas-da-cidade\/","name":"Pol\u00edcia Militar prende homem suspeito de ter furtado em v\u00e1rias lojas da cidade | Marcelo Lopes","isPartOf":{"@id":"https:\/\/marcelolopes.jor.br\/site\/#website"},"primaryImageOfPage":{"@id":"https:\/\/marcelolopes.jor.br\/site\/2019\/08\/22\/policia-militar-prende-homem-suspeito-de-ter-furtado-em-varias-lojas-da-cidade\/#primaryimage"},"image":{"@id":"https:\/\/marcelolopes.jor.br\/site\/2019\/08\/22\/policia-militar-prende-homem-suspeito-de-ter-furtado-em-varias-lojas-da-cidade\/#primaryimage"},"thumbnailUrl":"https:\/\/marcelolopes.jor.br\/site\/wp-content\/uploads\/2019\/08\/IMG_6506.jpg","datePublished":"2019-08-22T18:05:19+00:00","breadcrumb":{"@id":"https:\/\/marcelolopes.jor.br\/site\/2019\/08\/22\/policia-militar-prende-homem-suspeito-de-ter-furtado-em-varias-lojas-da-cidade\/#breadcrumb"},"inLanguage":"pt-BR","potentialAction":[{"@type":"ReadAction","target":["https:\/\/marcelolopes.jor.br\/site\/2019\/08\/22\/policia-militar-prende-homem-suspeito-de-ter-furtado-em-varias-lojas-da-cidade\/"]}]},{"@type":"ImageObject","inLanguage":"pt-BR","@id":"https:\/\/marcelolopes.jor.br\/site\/2019\/08\/22\/policia-militar-prende-homem-suspeito-de-ter-furtado-em-varias-lojas-da-cidade\/#primaryimage","url":"https:\/\/marcelolopes.jor.br\/site\/wp-content\/uploads\/2019\/08\/IMG_6506.jpg","contentUrl":"https:\/\/marcelolopes.jor.br\/site\/wp-content\/uploads\/2019\/08\/IMG_6506.jpg","width":800,"height":600},{"@type":"BreadcrumbList","@id":"https:\/\/marcelolopes.jor.br\/site\/2019\/08\/22\/policia-militar-prende-homem-suspeito-de-ter-furtado-em-varias-lojas-da-cidade\/#breadcrumb","itemListElement":[{"@type":"ListItem","position":1,"name":"Home","item":"https:\/\/marcelolopes.jor.br\/site\/"},{"@type":"ListItem","position":2,"name":"Pol\u00edcia Militar prende homem suspeito de ter furtado em v\u00e1rias lojas da cidade"}]},{"@type":"WebSite","@id":"https:\/\/marcelolopes.jor.br\/site\/#website","url":"https:\/\/marcelolopes.jor.br\/site\/","name":"Marcelo Lopes","description":"Not\u00edcias de Cataguases e Regi\u00e3o","publisher":{"@id":"https:\/\/marcelolopes.jor.br\/site\/#organization"},"potentialAction":[{"@type":"SearchAction","target":{"@type":"EntryPoint","urlTemplate":"https:\/\/marcelolopes.jor.br\/site\/?s={search_term_string}"},"query-input":{"@type":"PropertyValueSpecification","valueRequired":true,"valueName":"search_term_string"}}],"inLanguage":"pt-BR"},{"@type":"Organization","@id":"https:\/\/marcelolopes.jor.br\/site\/#organization","name":"Site do Marcelo Lopes","url":"https:\/\/marcelolopes.jor.br\/site\/","logo":{"@type":"ImageObject","inLanguage":"pt-BR","@id":"https:\/\/marcelolopes.jor.br\/site\/#\/schema\/logo\/image\/","url":"https:\/\/marcelolopes.jor.br\/site\/wp-content\/uploads\/2024\/11\/logo-1.png","contentUrl":"https:\/\/marcelolopes.jor.br\/site\/wp-content\/uploads\/2024\/11\/logo-1.png","width":475,"height":80,"caption":"Site do Marcelo Lopes"},"image":{"@id":"https:\/\/marcelolopes.jor.br\/site\/#\/schema\/logo\/image\/"},"sameAs":["https:\/\/www.facebook.com\/sitedomarcelolopes","https:\/\/www.instagram.com\/sitedomarcelolopes\/","https:\/\/www.linkedin.com\/company\/site-do-marcelo-lopes\/","https:\/\/www.youtube.com\/user\/marcelolopes957"]},{"@type":"Person","@id":"https:\/\/marcelolopes.jor.br\/site\/#\/schema\/person\/3e7216a35c34d8fdf952b31da3d1f89f","name":"Marcelo Lopes","sameAs":["http:\/\/www.marcelolopes.jor.br"],"url":"https:\/\/marcelolopes.jor.br\/site\/author\/marcelo\/"}]}},"wps_subtitle":"De acordo com a PM o n\u00famero de furtos ao com\u00e9rcio local aumentou significativamente nos \u00faltimos dias","_links":{"self":[{"href":"https:\/\/marcelolopes.jor.br\/site\/wp-json\/wp\/v2\/posts\/5014","targetHints":{"allow":["GET"]}}],"collection":[{"href":"https:\/\/marcelolopes.jor.br\/site\/wp-json\/wp\/v2\/posts"}],"about":[{"href":"https:\/\/marcelolopes.jor.br\/site\/wp-json\/wp\/v2\/types\/post"}],"author":[{"embeddable":true,"href":"https:\/\/marcelolopes.jor.br\/site\/wp-json\/wp\/v2\/users\/2"}],"replies":[{"embeddable":true,"href":"https:\/\/marcelolopes.jor.br\/site\/wp-json\/wp\/v2\/comments?post=5014"}],"version-history":[{"count":0,"href":"https:\/\/marcelolopes.jor.br\/site\/wp-json\/wp\/v2\/posts\/5014\/revisions"}],"wp:featuredmedia":[{"embeddable":true,"href":"https:\/\/marcelolopes.jor.br\/site\/wp-json\/wp\/v2\/media\/5016"}],"wp:attachment":[{"href":"https:\/\/marcelolopes.jor.br\/site\/wp-json\/wp\/v2\/media?parent=5014"}],"wp:term":[{"taxonomy":"category","embeddable":true,"href":"https:\/\/marcelolopes.jor.br\/site\/wp-json\/wp\/v2\/categories?post=5014"},{"taxonomy":"post_tag","embeddable":true,"href":"https:\/\/marcelolopes.jor.br\/site\/wp-json\/wp\/v2\/tags?post=5014"}],"curies":[{"name":"wp","href":"https:\/\/api.w.org\/{rel}","templated":true}]}}