{"id":4986,"date":"2019-08-22T07:00:55","date_gmt":"2019-08-22T10:00:55","guid":{"rendered":"https:\/\/marcelolopes.jor.br\/?p=4986"},"modified":"2023-03-15T11:07:16","modified_gmt":"2023-03-15T14:07:16","slug":"saude-realiza-seminario-inedito-sobre-vigilancia-em-saude","status":"publish","type":"post","link":"https:\/\/marcelolopes.jor.br\/site\/2019\/08\/22\/saude-realiza-seminario-inedito-sobre-vigilancia-em-saude\/","title":{"rendered":"Sa\u00fade realiza semin\u00e1rio in\u00e9dito sobre Vigil\u00e2ncia em Sa\u00fade"},"content":{"rendered":"<p style=\"text-align: justify;\">Pela primeira em Cataguases e regi\u00e3o, profissionais de sa\u00fade se reuniram para debater o tema \u201cReflex\u00f5es sobre Vigil\u00e2ncia em Sa\u00fade no SUS\u201d. Isto aconteceu nesta quarta-feira, dia 21 de agosto, durante o I Semin\u00e1rio de Vigil\u00e2ncia em Sa\u00fade, que aconteceu no sal\u00e3o de eventos do Bevile Hotel, durante a manh\u00e3 e parte da tarde. Promovido pela Secretaria Municipal de Sa\u00fade, com o apoio da Ger\u00eancia Regional de Sa\u00fade (GRS Leopoldina), Conselho Municipal de Sa\u00fade e Sociedade de Medicina e Cirurgia de Cataguases, o evento foi composto por seis palestras relacionadas ao tema.<!--more--><\/p>\n<p style=\"text-align: justify;\">Conforme o site do <a href=\"http:\/\/www.saude.gov.br\"><strong><span style=\"color: #800000;\">Minist\u00e9rio da Sa\u00fade<\/span><\/strong><\/a>, a Vigil\u00e2ncia em Sa\u00fade \u00e9 respons\u00e1vel por a\u00e7\u00f5es de vigil\u00e2ncia, preven\u00e7\u00e3o e controle de doen\u00e7as transmiss\u00edveis, pela vigil\u00e2ncia de fatores de risco para o desenvolvimento de doen\u00e7as cr\u00f4nicas n\u00e3o transmiss\u00edveis, sa\u00fade ambiental e do trabalhador e tamb\u00e9m pela an\u00e1lise de situa\u00e7\u00e3o de sa\u00fade da popula\u00e7\u00e3o. Al\u00e9m disso, sua fun\u00e7\u00e3o \u00e9 coordenar programas de preven\u00e7\u00e3o e controle de doen\u00e7as transmiss\u00edveis de relev\u00e2ncia nacional entre outras a\u00e7\u00f5es. \u00c9 entendida como um processo cont\u00ednuo e sistem\u00e1tico de coleta, consolida\u00e7\u00e3o, dissemina\u00e7\u00e3o de dados sobre eventos relacionados \u00e0 sa\u00fade, que visa ao planejamento e \u00e0 implementa\u00e7\u00e3o de medidas de sa\u00fade p\u00fablica para a prote\u00e7\u00e3o, preven\u00e7\u00e3o e controle de riscos, agravos e doen\u00e7as, bem como para a promo\u00e7\u00e3o da sa\u00fade.<\/p>\n<p style=\"text-align: justify;\"><img loading=\"lazy\" decoding=\"async\" class=\"aligncenter wp-image-4989\" src=\"https:\/\/marcelolopes.jor.br\/site\/wp-content\/uploads\/2019\/08\/conferencia-sa\u00fade2-300x199.jpg\" alt=\"Sa\u00fade realiza semin\u00e1rio in\u00e9dito\" width=\"700\" height=\"465\" srcset=\"https:\/\/marcelolopes.jor.br\/site\/wp-content\/uploads\/2019\/08\/conferencia-sa\u00fade2-300x199.jpg 300w, https:\/\/marcelolopes.jor.br\/site\/wp-content\/uploads\/2019\/08\/conferencia-sa\u00fade2-768x511.jpg 768w, https:\/\/marcelolopes.jor.br\/site\/wp-content\/uploads\/2019\/08\/conferencia-sa\u00fade2-1024x681.jpg 1024w, https:\/\/marcelolopes.jor.br\/site\/wp-content\/uploads\/2019\/08\/conferencia-sa\u00fade2-1200x798.jpg 1200w, https:\/\/marcelolopes.jor.br\/site\/wp-content\/uploads\/2019\/08\/conferencia-sa\u00fade2.jpg 1280w\" sizes=\"auto, (max-width: 700px) 100vw, 700px\" \/>Por toda esta abrang\u00eancia do setor, a Secret\u00e1ria Municipal de Sa\u00fade de Cataguases, Daniela Rezende Coelho, abriu o semin\u00e1rio destacando sua import\u00e2ncia por ser um espa\u00e7o para a dissemina\u00e7\u00e3o de informa\u00e7\u00f5es valiosas e troca de experi\u00eancias, tendo em vista a relev\u00e2ncia dos palestrantes, \u201caltamente qualificados e atuantes em suas respectivas \u00e1reas\u201d, afirmou. Ainda segundo ela, o objetivo do encontro foi atingir o maior n\u00famero poss\u00edvel de profissionais para garantir a melhoria da qualidade da sa\u00fade coletiva e do Sistema \u00danico de Sa\u00fade no munic\u00edpio e regi\u00e3o.<\/p>\n<p style=\"text-align: justify;\">A primeira palestra do dia foi proferida por Aline Machado Caetano Costa, graduada em Matem\u00e1tica e especialista em Servi\u00e7os e Sistemas de Sa\u00fade e Economia da Sa\u00fade, atualmente diretora do departamento de Informa\u00e7\u00f5es Epidemiol\u00f3gicas da Secretaria de Estado da Sa\u00fade de Minas Gerais, que falou sobre \u201cVigil\u00e2ncia em Sa\u00fade: Conceitos, Hist\u00f3ria e Contexto Atual\u201d. Na sequ\u00eancia, a enfermeira Cl\u00e1udia Tartaglia Reis falou sobre \u201cSeguran\u00e7a do Paciente\u201d. Cl\u00e1udia \u00e9 especialista em Enfermagem do Trabalho, mestre e doutora em Sa\u00fade P\u00fablica, com p\u00f3s-doutorado em Gest\u00e3o e Pol\u00edticas de Sa\u00fade. Ela integra a equipe de planejamento e gest\u00e3o da Secretaria Municipal de Sa\u00fade, cargo vinculado ao Minist\u00e9rio da Sa\u00fade.<\/p>\n<p style=\"text-align: justify;\">\u201cVigil\u00e2ncia da Tuberculose\u201d foi o tema abordado por Maria C\u00e9lia Riguetto Nunes, fisioterapeuta, especialista em Sa\u00fade do Trabalhador e em Pol\u00edticas e Gest\u00e3o em Sa\u00fade, al\u00e9m de mestre em Ci\u00eancias da Nutri\u00e7\u00e3o. Ela integra o N\u00facleo de Vigil\u00e2ncia Epidemiol\u00f3gica, Ambiental e Sa\u00fade do Trabalhador da Ger\u00eancia Regional de Sa\u00fade de Leopoldina. Na parte da tarde, o palestrante foi o enfermeiro Lutianni Dias Brazolino, especialista em Epidemiologia e mestre em Ensino da Sa\u00fade, que falou sobre \u201cAlerta Arboviroses: Incid\u00eancia em Cataguases e Regi\u00e3o\u201d. Ele tamb\u00e9m integra o N\u00facleo de Vigil\u00e2ncia Epidemiol\u00f3gica, Ambiental e Sa\u00fade do Trabalhador da Ger\u00eancia Regional de Sa\u00fade de Leopoldina.<\/p>\n<p style=\"text-align: justify;\"><img loading=\"lazy\" decoding=\"async\" class=\"aligncenter wp-image-4990\" src=\"https:\/\/marcelolopes.jor.br\/site\/wp-content\/uploads\/2019\/08\/conferencia-sa\u00fade-300x199.jpg\" alt=\"\" width=\"700\" height=\"465\" srcset=\"https:\/\/marcelolopes.jor.br\/site\/wp-content\/uploads\/2019\/08\/conferencia-sa\u00fade-300x199.jpg 300w, https:\/\/marcelolopes.jor.br\/site\/wp-content\/uploads\/2019\/08\/conferencia-sa\u00fade-768x511.jpg 768w, https:\/\/marcelolopes.jor.br\/site\/wp-content\/uploads\/2019\/08\/conferencia-sa\u00fade-1024x681.jpg 1024w, https:\/\/marcelolopes.jor.br\/site\/wp-content\/uploads\/2019\/08\/conferencia-sa\u00fade-1200x798.jpg 1200w, https:\/\/marcelolopes.jor.br\/site\/wp-content\/uploads\/2019\/08\/conferencia-sa\u00fade.jpg 1280w\" sizes=\"auto, (max-width: 700px) 100vw, 700px\" \/>As \u00faltimas palestras do dia foram proferidas, respectivamente, por M\u00edriam Monteiro Oliveira e por \u00c2ngela Ferreira Vieira. M\u00edriam, que \u00e9 assistente social, especialista em Sa\u00fade P\u00fablica e em Gest\u00e3o Estrat\u00e9gica P\u00fablica, al\u00e9m de mestre em Planejamento Urbano e Regional, falou sobre \u201cVigil\u00e2ncia em Sa\u00fade do Trabalhador e Controle Social\u201d. Ela atua como gerente do departamento de Vigil\u00e2ncia em Sa\u00fade do Trabalhador da Secretaria Municipal de Sa\u00fade de Juiz de Fora. J\u00e1 \u00c2ngela, farmac\u00eautica com habilita\u00e7\u00e3o em ind\u00fastria de medicamentos, cosm\u00e9ticos e tecnologia de alimentos, com especializa\u00e7\u00e3o em Manipula\u00e7\u00e3o Magistral, abordou o tema \u201cA Vigil\u00e2ncia Sanit\u00e1ria no dia a dia do cidad\u00e3o\u201d. Ela \u00e9 diretora de Vigil\u00e2ncia de Alimentos da Secretaria Municipal de Sa\u00fade de Juiz de Fora.<\/p>\n<p style=\"text-align: justify;\">Ao final, os participantes tiveram um tempo para debates e troca de informa\u00e7\u00f5es. Al\u00e9m dos diversos profissionais de sa\u00fade da cidade e regi\u00e3o, da Secret\u00e1ria de Sa\u00fade de Cataguases, Daniela Rezende Coelho, o evento tamb\u00e9m contou com a participa\u00e7\u00e3o do presidente do Conselho Municipal de Sa\u00fade, m\u00e9dico Joseph Freire, do gerente Regional de Sa\u00fade Renan Guimar\u00e3es e foi idealizado por Amanda Silva de Souza Penha, coordenadora de Vigil\u00e2ncia em Sa\u00fade.<\/p>\n<p>Da Reda\u00e7\u00e3o<\/p>\n<div class=\"ksqmi69f756773f12e\" ><br><\/div><style type=\"text\/css\">\r\n@media screen and (min-width: 1201px) {\r\n.ksqmi69f756773f12e {\r\ndisplay: block;\r\n}\r\n}\r\n@media screen and (min-width: 993px) and (max-width: 1200px) {\r\n.ksqmi69f756773f12e {\r\ndisplay: block;\r\n}\r\n}\r\n@media screen and (min-width: 769px) and (max-width: 992px) {\r\n.ksqmi69f756773f12e {\r\ndisplay: block;\r\n}\r\n}\r\n@media screen and (min-width: 768px) and (max-width: 768px) {\r\n.ksqmi69f756773f12e {\r\ndisplay: block;\r\n}\r\n}\r\n@media screen and (max-width: 767px) {\r\n.ksqmi69f756773f12e {\r\ndisplay: block;\r\n}\r\n}\r\n<\/style>\r\n<div class=\"ykabj69f7567745174\" ><div id=\"div_destino\"><\/div>\r\n<script src=\"https:\/\/cdn.snsrsv.com\/sdk.js\"><\/script>\r\n<script >\r\n      new sdk(\"464030C30061EA8BE065000000000001\") \r\n          .appendTo(\"div_destino\")\r\n          .disableStyle(true) \r\n          .setCacheBusterMacro(\"%%CACHEBUSTER%%\")\r\n          .setSize(\"800\",\"214\")\r\n          .setClickMacro(\"%%CLICK_URL_ESC%%\") \r\n          .setReferrerUrlMacro(\"%%REFERRER_URL_ESC%%\") \r\n          .start(); \r\n<\/script><\/div><style type=\"text\/css\">\r\n@media screen and (min-width: 1201px) {\r\n.ykabj69f7567745174 {\r\ndisplay: block;\r\n}\r\n}\r\n@media screen and (min-width: 993px) and (max-width: 1200px) {\r\n.ykabj69f7567745174 {\r\ndisplay: block;\r\n}\r\n}\r\n@media screen and (min-width: 769px) and (max-width: 992px) {\r\n.ykabj69f7567745174 {\r\ndisplay: block;\r\n}\r\n}\r\n@media screen and (min-width: 768px) and (max-width: 768px) {\r\n.ykabj69f7567745174 {\r\ndisplay: block;\r\n}\r\n}\r\n@media screen and (max-width: 767px) {\r\n.ykabj69f7567745174 {\r\ndisplay: block;\r\n}\r\n}\r\n<\/style>\r\n","protected":false},"excerpt":{"rendered":"<p>Pela primeira em Cataguases e regi\u00e3o, profissionais de sa\u00fade se reuniram para debater o tema \u201cReflex\u00f5es sobre Vigil\u00e2ncia em Sa\u00fade no SUS\u201d. Isto aconteceu nesta quarta-feira, dia 21 de agosto, durante o I Semin\u00e1rio de Vigil\u00e2ncia em Sa\u00fade, que aconteceu<\/p>\n<p class=\"link-more\"><a class=\"more-link\" href=\"https:\/\/marcelolopes.jor.br\/site\/2019\/08\/22\/saude-realiza-seminario-inedito-sobre-vigilancia-em-saude\/\">Leia mais <span class=\"screen-reader-text\">Sa\u00fade realiza semin\u00e1rio in\u00e9dito sobre Vigil\u00e2ncia em Sa\u00fade<\/span><\/a><\/p>\n","protected":false},"author":2,"featured_media":4988,"comment_status":"open","ping_status":"open","sticky":false,"template":"","format":"standard","meta":{"footnotes":""},"categories":[1],"tags":[1057,1059,59,1058],"class_list":["post-4986","post","type-post","status-publish","format-standard","has-post-thumbnail","hentry","category-noticias","tag-conferencia","tag-doencas","tag-saude","tag-vigilancia-em-saude","thumb-below-title"],"yoast_head":"<!-- This site is optimized with the Yoast SEO plugin v27.4 - https:\/\/yoast.com\/product\/yoast-seo-wordpress\/ -->\n<title>Secretaria de Sa\u00fade realiza semin\u00e1rio in\u00e9dito sobre Vigil\u00e2ncia em<\/title>\n<meta name=\"description\" content=\"Secretaria de Sa\u00fade realiza semin\u00e1rio in\u00e9dito sobre Vigil\u00e2ncia em Sa\u00fade. Evento teve como tema Reflex\u00f5es sobre Vigil\u00e2ncia em Sa\u00fade no SUS&quot;.\" \/>\n<meta name=\"robots\" content=\"index, follow, max-snippet:-1, max-image-preview:large, max-video-preview:-1\" \/>\n<link rel=\"canonical\" href=\"https:\/\/marcelolopes.jor.br\/site\/2019\/08\/22\/saude-realiza-seminario-inedito-sobre-vigilancia-em-saude\/\" \/>\n<meta property=\"og:locale\" content=\"pt_BR\" \/>\n<meta property=\"og:type\" content=\"article\" \/>\n<meta property=\"og:title\" content=\"Secretaria de Sa\u00fade realiza semin\u00e1rio in\u00e9dito sobre Vigil\u00e2ncia em\" \/>\n<meta property=\"og:description\" content=\"Secretaria de Sa\u00fade realiza semin\u00e1rio in\u00e9dito sobre Vigil\u00e2ncia em Sa\u00fade. Evento teve como tema Reflex\u00f5es sobre Vigil\u00e2ncia em Sa\u00fade no SUS&quot;.\" \/>\n<meta property=\"og:url\" content=\"https:\/\/marcelolopes.jor.br\/site\/2019\/08\/22\/saude-realiza-seminario-inedito-sobre-vigilancia-em-saude\/\" \/>\n<meta property=\"og:site_name\" content=\"Marcelo Lopes\" \/>\n<meta property=\"article:publisher\" content=\"https:\/\/www.facebook.com\/sitedomarcelolopes\" \/>\n<meta property=\"article:published_time\" content=\"2019-08-22T10:00:55+00:00\" \/>\n<meta property=\"article:modified_time\" content=\"2023-03-15T14:07:16+00:00\" \/>\n<meta property=\"og:image\" content=\"https:\/\/marcelolopes.jor.br\/site\/wp-content\/uploads\/2019\/08\/conferencia-sa\u00fade1.jpg\" \/>\n\t<meta property=\"og:image:width\" content=\"1280\" \/>\n\t<meta property=\"og:image:height\" content=\"800\" \/>\n\t<meta property=\"og:image:type\" content=\"image\/jpeg\" \/>\n<meta name=\"author\" content=\"Marcelo Lopes\" \/>\n<meta name=\"twitter:card\" content=\"summary_large_image\" \/>\n<meta name=\"twitter:label1\" content=\"Escrito por\" \/>\n\t<meta name=\"twitter:data1\" content=\"Marcelo Lopes\" \/>\n\t<meta name=\"twitter:label2\" content=\"Est. tempo de leitura\" \/>\n\t<meta name=\"twitter:data2\" content=\"4 minutos\" \/>\n<script type=\"application\/ld+json\" class=\"yoast-schema-graph\">{\"@context\":\"https:\\\/\\\/schema.org\",\"@graph\":[{\"@type\":\"NewsArticle\",\"@id\":\"https:\\\/\\\/marcelolopes.jor.br\\\/site\\\/2019\\\/08\\\/22\\\/saude-realiza-seminario-inedito-sobre-vigilancia-em-saude\\\/#article\",\"isPartOf\":{\"@id\":\"https:\\\/\\\/marcelolopes.jor.br\\\/site\\\/2019\\\/08\\\/22\\\/saude-realiza-seminario-inedito-sobre-vigilancia-em-saude\\\/\"},\"author\":{\"name\":\"Marcelo Lopes\",\"@id\":\"https:\\\/\\\/marcelolopes.jor.br\\\/site\\\/#\\\/schema\\\/person\\\/3e7216a35c34d8fdf952b31da3d1f89f\"},\"headline\":\"Sa\u00fade realiza semin\u00e1rio in\u00e9dito sobre Vigil\u00e2ncia em Sa\u00fade\",\"datePublished\":\"2019-08-22T10:00:55+00:00\",\"dateModified\":\"2023-03-15T14:07:16+00:00\",\"mainEntityOfPage\":{\"@id\":\"https:\\\/\\\/marcelolopes.jor.br\\\/site\\\/2019\\\/08\\\/22\\\/saude-realiza-seminario-inedito-sobre-vigilancia-em-saude\\\/\"},\"wordCount\":858,\"commentCount\":0,\"publisher\":{\"@id\":\"https:\\\/\\\/marcelolopes.jor.br\\\/site\\\/#organization\"},\"image\":{\"@id\":\"https:\\\/\\\/marcelolopes.jor.br\\\/site\\\/2019\\\/08\\\/22\\\/saude-realiza-seminario-inedito-sobre-vigilancia-em-saude\\\/#primaryimage\"},\"thumbnailUrl\":\"https:\\\/\\\/marcelolopes.jor.br\\\/site\\\/wp-content\\\/uploads\\\/2019\\\/08\\\/conferencia-sa\u00fade1.jpg\",\"keywords\":[\"Confer\u00eancia\",\"doen\u00e7as\",\"sa\u00fade\",\"Vigil\u00e2ncia em Sa\u00fade\"],\"articleSection\":[\"Not\u00edcias\"],\"inLanguage\":\"pt-BR\",\"potentialAction\":[{\"@type\":\"CommentAction\",\"name\":\"Comment\",\"target\":[\"https:\\\/\\\/marcelolopes.jor.br\\\/site\\\/2019\\\/08\\\/22\\\/saude-realiza-seminario-inedito-sobre-vigilancia-em-saude\\\/#respond\"]}]},{\"@type\":\"WebPage\",\"@id\":\"https:\\\/\\\/marcelolopes.jor.br\\\/site\\\/2019\\\/08\\\/22\\\/saude-realiza-seminario-inedito-sobre-vigilancia-em-saude\\\/\",\"url\":\"https:\\\/\\\/marcelolopes.jor.br\\\/site\\\/2019\\\/08\\\/22\\\/saude-realiza-seminario-inedito-sobre-vigilancia-em-saude\\\/\",\"name\":\"Secretaria de Sa\u00fade realiza semin\u00e1rio in\u00e9dito sobre Vigil\u00e2ncia em\",\"isPartOf\":{\"@id\":\"https:\\\/\\\/marcelolopes.jor.br\\\/site\\\/#website\"},\"primaryImageOfPage\":{\"@id\":\"https:\\\/\\\/marcelolopes.jor.br\\\/site\\\/2019\\\/08\\\/22\\\/saude-realiza-seminario-inedito-sobre-vigilancia-em-saude\\\/#primaryimage\"},\"image\":{\"@id\":\"https:\\\/\\\/marcelolopes.jor.br\\\/site\\\/2019\\\/08\\\/22\\\/saude-realiza-seminario-inedito-sobre-vigilancia-em-saude\\\/#primaryimage\"},\"thumbnailUrl\":\"https:\\\/\\\/marcelolopes.jor.br\\\/site\\\/wp-content\\\/uploads\\\/2019\\\/08\\\/conferencia-sa\u00fade1.jpg\",\"datePublished\":\"2019-08-22T10:00:55+00:00\",\"dateModified\":\"2023-03-15T14:07:16+00:00\",\"description\":\"Secretaria de Sa\u00fade realiza semin\u00e1rio in\u00e9dito sobre Vigil\u00e2ncia em Sa\u00fade. Evento teve como tema Reflex\u00f5es sobre Vigil\u00e2ncia em Sa\u00fade no SUS\\\".\",\"breadcrumb\":{\"@id\":\"https:\\\/\\\/marcelolopes.jor.br\\\/site\\\/2019\\\/08\\\/22\\\/saude-realiza-seminario-inedito-sobre-vigilancia-em-saude\\\/#breadcrumb\"},\"inLanguage\":\"pt-BR\",\"potentialAction\":[{\"@type\":\"ReadAction\",\"target\":[\"https:\\\/\\\/marcelolopes.jor.br\\\/site\\\/2019\\\/08\\\/22\\\/saude-realiza-seminario-inedito-sobre-vigilancia-em-saude\\\/\"]}]},{\"@type\":\"ImageObject\",\"inLanguage\":\"pt-BR\",\"@id\":\"https:\\\/\\\/marcelolopes.jor.br\\\/site\\\/2019\\\/08\\\/22\\\/saude-realiza-seminario-inedito-sobre-vigilancia-em-saude\\\/#primaryimage\",\"url\":\"https:\\\/\\\/marcelolopes.jor.br\\\/site\\\/wp-content\\\/uploads\\\/2019\\\/08\\\/conferencia-sa\u00fade1.jpg\",\"contentUrl\":\"https:\\\/\\\/marcelolopes.jor.br\\\/site\\\/wp-content\\\/uploads\\\/2019\\\/08\\\/conferencia-sa\u00fade1.jpg\",\"width\":1280,\"height\":800,\"caption\":\"Sa\u00fade realiza semin\u00e1rio in\u00e9dito\"},{\"@type\":\"BreadcrumbList\",\"@id\":\"https:\\\/\\\/marcelolopes.jor.br\\\/site\\\/2019\\\/08\\\/22\\\/saude-realiza-seminario-inedito-sobre-vigilancia-em-saude\\\/#breadcrumb\",\"itemListElement\":[{\"@type\":\"ListItem\",\"position\":1,\"name\":\"Home\",\"item\":\"https:\\\/\\\/marcelolopes.jor.br\\\/site\\\/\"},{\"@type\":\"ListItem\",\"position\":2,\"name\":\"Sa\u00fade realiza semin\u00e1rio in\u00e9dito sobre Vigil\u00e2ncia em Sa\u00fade\"}]},{\"@type\":\"WebSite\",\"@id\":\"https:\\\/\\\/marcelolopes.jor.br\\\/site\\\/#website\",\"url\":\"https:\\\/\\\/marcelolopes.jor.br\\\/site\\\/\",\"name\":\"Marcelo Lopes\",\"description\":\"Not\u00edcias de Cataguases e Regi\u00e3o\",\"publisher\":{\"@id\":\"https:\\\/\\\/marcelolopes.jor.br\\\/site\\\/#organization\"},\"potentialAction\":[{\"@type\":\"SearchAction\",\"target\":{\"@type\":\"EntryPoint\",\"urlTemplate\":\"https:\\\/\\\/marcelolopes.jor.br\\\/site\\\/?s={search_term_string}\"},\"query-input\":{\"@type\":\"PropertyValueSpecification\",\"valueRequired\":true,\"valueName\":\"search_term_string\"}}],\"inLanguage\":\"pt-BR\"},{\"@type\":\"Organization\",\"@id\":\"https:\\\/\\\/marcelolopes.jor.br\\\/site\\\/#organization\",\"name\":\"Site do Marcelo Lopes\",\"url\":\"https:\\\/\\\/marcelolopes.jor.br\\\/site\\\/\",\"logo\":{\"@type\":\"ImageObject\",\"inLanguage\":\"pt-BR\",\"@id\":\"https:\\\/\\\/marcelolopes.jor.br\\\/site\\\/#\\\/schema\\\/logo\\\/image\\\/\",\"url\":\"https:\\\/\\\/marcelolopes.jor.br\\\/site\\\/wp-content\\\/uploads\\\/2024\\\/11\\\/logo-1.png\",\"contentUrl\":\"https:\\\/\\\/marcelolopes.jor.br\\\/site\\\/wp-content\\\/uploads\\\/2024\\\/11\\\/logo-1.png\",\"width\":475,\"height\":80,\"caption\":\"Site do Marcelo Lopes\"},\"image\":{\"@id\":\"https:\\\/\\\/marcelolopes.jor.br\\\/site\\\/#\\\/schema\\\/logo\\\/image\\\/\"},\"sameAs\":[\"https:\\\/\\\/www.facebook.com\\\/sitedomarcelolopes\",\"https:\\\/\\\/www.instagram.com\\\/sitedomarcelolopes\\\/\",\"https:\\\/\\\/www.linkedin.com\\\/company\\\/site-do-marcelo-lopes\\\/\",\"https:\\\/\\\/www.youtube.com\\\/user\\\/marcelolopes957\"]},{\"@type\":\"Person\",\"@id\":\"https:\\\/\\\/marcelolopes.jor.br\\\/site\\\/#\\\/schema\\\/person\\\/3e7216a35c34d8fdf952b31da3d1f89f\",\"name\":\"Marcelo Lopes\",\"sameAs\":[\"http:\\\/\\\/www.marcelolopes.jor.br\"],\"url\":\"https:\\\/\\\/marcelolopes.jor.br\\\/site\\\/author\\\/marcelo\\\/\"}]}<\/script>\n<!-- \/ Yoast SEO plugin. -->","yoast_head_json":{"title":"Secretaria de Sa\u00fade realiza semin\u00e1rio in\u00e9dito sobre Vigil\u00e2ncia em","description":"Secretaria de Sa\u00fade realiza semin\u00e1rio in\u00e9dito sobre Vigil\u00e2ncia em Sa\u00fade. Evento teve como tema Reflex\u00f5es sobre Vigil\u00e2ncia em Sa\u00fade no SUS\".","robots":{"index":"index","follow":"follow","max-snippet":"max-snippet:-1","max-image-preview":"max-image-preview:large","max-video-preview":"max-video-preview:-1"},"canonical":"https:\/\/marcelolopes.jor.br\/site\/2019\/08\/22\/saude-realiza-seminario-inedito-sobre-vigilancia-em-saude\/","og_locale":"pt_BR","og_type":"article","og_title":"Secretaria de Sa\u00fade realiza semin\u00e1rio in\u00e9dito sobre Vigil\u00e2ncia em","og_description":"Secretaria de Sa\u00fade realiza semin\u00e1rio in\u00e9dito sobre Vigil\u00e2ncia em Sa\u00fade. Evento teve como tema Reflex\u00f5es sobre Vigil\u00e2ncia em Sa\u00fade no SUS\".","og_url":"https:\/\/marcelolopes.jor.br\/site\/2019\/08\/22\/saude-realiza-seminario-inedito-sobre-vigilancia-em-saude\/","og_site_name":"Marcelo Lopes","article_publisher":"https:\/\/www.facebook.com\/sitedomarcelolopes","article_published_time":"2019-08-22T10:00:55+00:00","article_modified_time":"2023-03-15T14:07:16+00:00","og_image":[{"width":1280,"height":800,"url":"https:\/\/marcelolopes.jor.br\/site\/wp-content\/uploads\/2019\/08\/conferencia-sa\u00fade1.jpg","type":"image\/jpeg"}],"author":"Marcelo Lopes","twitter_card":"summary_large_image","twitter_misc":{"Escrito por":"Marcelo Lopes","Est. tempo de leitura":"4 minutos"},"schema":{"@context":"https:\/\/schema.org","@graph":[{"@type":"NewsArticle","@id":"https:\/\/marcelolopes.jor.br\/site\/2019\/08\/22\/saude-realiza-seminario-inedito-sobre-vigilancia-em-saude\/#article","isPartOf":{"@id":"https:\/\/marcelolopes.jor.br\/site\/2019\/08\/22\/saude-realiza-seminario-inedito-sobre-vigilancia-em-saude\/"},"author":{"name":"Marcelo Lopes","@id":"https:\/\/marcelolopes.jor.br\/site\/#\/schema\/person\/3e7216a35c34d8fdf952b31da3d1f89f"},"headline":"Sa\u00fade realiza semin\u00e1rio in\u00e9dito sobre Vigil\u00e2ncia em Sa\u00fade","datePublished":"2019-08-22T10:00:55+00:00","dateModified":"2023-03-15T14:07:16+00:00","mainEntityOfPage":{"@id":"https:\/\/marcelolopes.jor.br\/site\/2019\/08\/22\/saude-realiza-seminario-inedito-sobre-vigilancia-em-saude\/"},"wordCount":858,"commentCount":0,"publisher":{"@id":"https:\/\/marcelolopes.jor.br\/site\/#organization"},"image":{"@id":"https:\/\/marcelolopes.jor.br\/site\/2019\/08\/22\/saude-realiza-seminario-inedito-sobre-vigilancia-em-saude\/#primaryimage"},"thumbnailUrl":"https:\/\/marcelolopes.jor.br\/site\/wp-content\/uploads\/2019\/08\/conferencia-sa\u00fade1.jpg","keywords":["Confer\u00eancia","doen\u00e7as","sa\u00fade","Vigil\u00e2ncia em Sa\u00fade"],"articleSection":["Not\u00edcias"],"inLanguage":"pt-BR","potentialAction":[{"@type":"CommentAction","name":"Comment","target":["https:\/\/marcelolopes.jor.br\/site\/2019\/08\/22\/saude-realiza-seminario-inedito-sobre-vigilancia-em-saude\/#respond"]}]},{"@type":"WebPage","@id":"https:\/\/marcelolopes.jor.br\/site\/2019\/08\/22\/saude-realiza-seminario-inedito-sobre-vigilancia-em-saude\/","url":"https:\/\/marcelolopes.jor.br\/site\/2019\/08\/22\/saude-realiza-seminario-inedito-sobre-vigilancia-em-saude\/","name":"Secretaria de Sa\u00fade realiza semin\u00e1rio in\u00e9dito sobre Vigil\u00e2ncia em","isPartOf":{"@id":"https:\/\/marcelolopes.jor.br\/site\/#website"},"primaryImageOfPage":{"@id":"https:\/\/marcelolopes.jor.br\/site\/2019\/08\/22\/saude-realiza-seminario-inedito-sobre-vigilancia-em-saude\/#primaryimage"},"image":{"@id":"https:\/\/marcelolopes.jor.br\/site\/2019\/08\/22\/saude-realiza-seminario-inedito-sobre-vigilancia-em-saude\/#primaryimage"},"thumbnailUrl":"https:\/\/marcelolopes.jor.br\/site\/wp-content\/uploads\/2019\/08\/conferencia-sa\u00fade1.jpg","datePublished":"2019-08-22T10:00:55+00:00","dateModified":"2023-03-15T14:07:16+00:00","description":"Secretaria de Sa\u00fade realiza semin\u00e1rio in\u00e9dito sobre Vigil\u00e2ncia em Sa\u00fade. Evento teve como tema Reflex\u00f5es sobre Vigil\u00e2ncia em Sa\u00fade no SUS\".","breadcrumb":{"@id":"https:\/\/marcelolopes.jor.br\/site\/2019\/08\/22\/saude-realiza-seminario-inedito-sobre-vigilancia-em-saude\/#breadcrumb"},"inLanguage":"pt-BR","potentialAction":[{"@type":"ReadAction","target":["https:\/\/marcelolopes.jor.br\/site\/2019\/08\/22\/saude-realiza-seminario-inedito-sobre-vigilancia-em-saude\/"]}]},{"@type":"ImageObject","inLanguage":"pt-BR","@id":"https:\/\/marcelolopes.jor.br\/site\/2019\/08\/22\/saude-realiza-seminario-inedito-sobre-vigilancia-em-saude\/#primaryimage","url":"https:\/\/marcelolopes.jor.br\/site\/wp-content\/uploads\/2019\/08\/conferencia-sa\u00fade1.jpg","contentUrl":"https:\/\/marcelolopes.jor.br\/site\/wp-content\/uploads\/2019\/08\/conferencia-sa\u00fade1.jpg","width":1280,"height":800,"caption":"Sa\u00fade realiza semin\u00e1rio in\u00e9dito"},{"@type":"BreadcrumbList","@id":"https:\/\/marcelolopes.jor.br\/site\/2019\/08\/22\/saude-realiza-seminario-inedito-sobre-vigilancia-em-saude\/#breadcrumb","itemListElement":[{"@type":"ListItem","position":1,"name":"Home","item":"https:\/\/marcelolopes.jor.br\/site\/"},{"@type":"ListItem","position":2,"name":"Sa\u00fade realiza semin\u00e1rio in\u00e9dito sobre Vigil\u00e2ncia em Sa\u00fade"}]},{"@type":"WebSite","@id":"https:\/\/marcelolopes.jor.br\/site\/#website","url":"https:\/\/marcelolopes.jor.br\/site\/","name":"Marcelo Lopes","description":"Not\u00edcias de Cataguases e Regi\u00e3o","publisher":{"@id":"https:\/\/marcelolopes.jor.br\/site\/#organization"},"potentialAction":[{"@type":"SearchAction","target":{"@type":"EntryPoint","urlTemplate":"https:\/\/marcelolopes.jor.br\/site\/?s={search_term_string}"},"query-input":{"@type":"PropertyValueSpecification","valueRequired":true,"valueName":"search_term_string"}}],"inLanguage":"pt-BR"},{"@type":"Organization","@id":"https:\/\/marcelolopes.jor.br\/site\/#organization","name":"Site do Marcelo Lopes","url":"https:\/\/marcelolopes.jor.br\/site\/","logo":{"@type":"ImageObject","inLanguage":"pt-BR","@id":"https:\/\/marcelolopes.jor.br\/site\/#\/schema\/logo\/image\/","url":"https:\/\/marcelolopes.jor.br\/site\/wp-content\/uploads\/2024\/11\/logo-1.png","contentUrl":"https:\/\/marcelolopes.jor.br\/site\/wp-content\/uploads\/2024\/11\/logo-1.png","width":475,"height":80,"caption":"Site do Marcelo Lopes"},"image":{"@id":"https:\/\/marcelolopes.jor.br\/site\/#\/schema\/logo\/image\/"},"sameAs":["https:\/\/www.facebook.com\/sitedomarcelolopes","https:\/\/www.instagram.com\/sitedomarcelolopes\/","https:\/\/www.linkedin.com\/company\/site-do-marcelo-lopes\/","https:\/\/www.youtube.com\/user\/marcelolopes957"]},{"@type":"Person","@id":"https:\/\/marcelolopes.jor.br\/site\/#\/schema\/person\/3e7216a35c34d8fdf952b31da3d1f89f","name":"Marcelo Lopes","sameAs":["http:\/\/www.marcelolopes.jor.br"],"url":"https:\/\/marcelolopes.jor.br\/site\/author\/marcelo\/"}]}},"wps_subtitle":"Evento aconteceu em Cataguases e abordou o tema Reflex\u00f5es sobre Vigil\u00e2ncia em Sa\u00fade no SUS\".","_links":{"self":[{"href":"https:\/\/marcelolopes.jor.br\/site\/wp-json\/wp\/v2\/posts\/4986","targetHints":{"allow":["GET"]}}],"collection":[{"href":"https:\/\/marcelolopes.jor.br\/site\/wp-json\/wp\/v2\/posts"}],"about":[{"href":"https:\/\/marcelolopes.jor.br\/site\/wp-json\/wp\/v2\/types\/post"}],"author":[{"embeddable":true,"href":"https:\/\/marcelolopes.jor.br\/site\/wp-json\/wp\/v2\/users\/2"}],"replies":[{"embeddable":true,"href":"https:\/\/marcelolopes.jor.br\/site\/wp-json\/wp\/v2\/comments?post=4986"}],"version-history":[{"count":0,"href":"https:\/\/marcelolopes.jor.br\/site\/wp-json\/wp\/v2\/posts\/4986\/revisions"}],"wp:featuredmedia":[{"embeddable":true,"href":"https:\/\/marcelolopes.jor.br\/site\/wp-json\/wp\/v2\/media\/4988"}],"wp:attachment":[{"href":"https:\/\/marcelolopes.jor.br\/site\/wp-json\/wp\/v2\/media?parent=4986"}],"wp:term":[{"taxonomy":"category","embeddable":true,"href":"https:\/\/marcelolopes.jor.br\/site\/wp-json\/wp\/v2\/categories?post=4986"},{"taxonomy":"post_tag","embeddable":true,"href":"https:\/\/marcelolopes.jor.br\/site\/wp-json\/wp\/v2\/tags?post=4986"}],"curies":[{"name":"wp","href":"https:\/\/api.w.org\/{rel}","templated":true}]}}