{"id":4978,"date":"2019-08-21T20:00:25","date_gmt":"2019-08-21T23:00:25","guid":{"rendered":"https:\/\/marcelolopes.jor.br\/?p=4978"},"modified":"2019-08-21T20:05:44","modified_gmt":"2019-08-21T23:05:44","slug":"coopemata-comemora-21-anos-de-atividades-em-franco-crescimento","status":"publish","type":"post","link":"https:\/\/marcelolopes.jor.br\/site\/2019\/08\/21\/coopemata-comemora-21-anos-de-atividades-em-franco-crescimento\/","title":{"rendered":"Coopemata comemora 21 anos de atividades em franco crescimento"},"content":{"rendered":"<p style=\"text-align: justify;\">O Sicoob Coopemata est\u00e1 comemorando nesta quarta-feira, 21 de agosto, seus 21 anos de funcionamento. A Cooperativa, neste per\u00edodo, deixou de ser um projeto e tornou-se uma realidade que vem contribuindo para o crescimento de nossa regi\u00e3o, al\u00e9m de atuar tamb\u00e9m nas \u00e1reas cultural e social por meio de projetos e atividades que buscam melhorar a qualidade de vida da popula\u00e7\u00e3o onde est\u00e1 presente. A Coopemata \u00e9 presidida por C\u00e9sar Augusto Mattos e tem como vice-presidente Camilo Cristov\u00e3o Vicente, atual Presidente da C\u00e2mara de Dirigentes Lojistas.<!--more--><\/p>\n<p style=\"text-align: justify;\"><img loading=\"lazy\" decoding=\"async\" class=\"alignleft wp-image-4983\" src=\"https:\/\/marcelolopes.jor.br\/site\/wp-content\/uploads\/2019\/08\/4511CE89-B8C6-45DB-A98D-4CCD1F860E47-225x300.jpeg\" alt=\"\" width=\"200\" height=\"267\" srcset=\"https:\/\/marcelolopes.jor.br\/site\/wp-content\/uploads\/2019\/08\/4511CE89-B8C6-45DB-A98D-4CCD1F860E47-225x300.jpeg 225w, https:\/\/marcelolopes.jor.br\/site\/wp-content\/uploads\/2019\/08\/4511CE89-B8C6-45DB-A98D-4CCD1F860E47-768x1024.jpeg 768w, https:\/\/marcelolopes.jor.br\/site\/wp-content\/uploads\/2019\/08\/4511CE89-B8C6-45DB-A98D-4CCD1F860E47.jpeg 780w\" sizes=\"auto, (max-width: 200px) 100vw, 200px\" \/>A primeira ag\u00eancia (ou ponto de atendimento) \u00e9 a da Rua Coronel Vieira, bem pr\u00f3ximo \u00e0 Pra\u00e7a Rui Barbosa, onde tudo come\u00e7ou com as funcion\u00e1rias Cristiane Mazini e K\u00e1tia Toledo, al\u00e9m de Edinho, os \u00fanicos remanescentes daquele in\u00edcio de muitas dificuldades, conforme lembrou em outras oportunidades, o pr\u00f3prio C\u00e9sar Mattos que ao lado de Camilo Vicente, ajudaram a fundar a cooperativa. Hoje o local est\u00e1 totalmente reformado, foi ampliado e na ger\u00eancia est\u00e1 o competente e din\u00e2mico, Alexandre Pinheiro Nunes.<\/p>\n<p style=\"text-align: justify;\"><img loading=\"lazy\" decoding=\"async\" class=\"size-medium wp-image-4984 aligncenter\" src=\"https:\/\/marcelolopes.jor.br\/site\/wp-content\/uploads\/2019\/08\/65C082CA-ABAC-4BE9-92C0-451A70300F2B-300x146.jpeg\" alt=\"\" width=\"300\" height=\"146\" srcset=\"https:\/\/marcelolopes.jor.br\/site\/wp-content\/uploads\/2019\/08\/65C082CA-ABAC-4BE9-92C0-451A70300F2B-300x146.jpeg 300w, https:\/\/marcelolopes.jor.br\/site\/wp-content\/uploads\/2019\/08\/65C082CA-ABAC-4BE9-92C0-451A70300F2B-768x373.jpeg 768w, https:\/\/marcelolopes.jor.br\/site\/wp-content\/uploads\/2019\/08\/65C082CA-ABAC-4BE9-92C0-451A70300F2B-1024x498.jpeg 1024w, https:\/\/marcelolopes.jor.br\/site\/wp-content\/uploads\/2019\/08\/65C082CA-ABAC-4BE9-92C0-451A70300F2B.jpeg 1152w\" sizes=\"auto, (max-width: 300px) 100vw, 300px\" \/>Para comemorar estes vinte e um anos de atividades, a reportagem do Site preparou um v\u00eddeo a respeito e entrevistou K\u00e1tia Toledo e o pr\u00f3prio Alexandre. Eles falaram um pouco da hist\u00f3ria daquela Cooperativa e de seu crescimento. Acesse o link abaixo e assista \u00e0 entrevista.<\/p>\n<p><iframe loading=\"lazy\" width=\"880\" height=\"495\" src=\"https:\/\/www.youtube.com\/embed\/wu50upaxib0?feature=oembed\" frameborder=\"0\" allow=\"accelerometer; autoplay; encrypted-media; gyroscope; picture-in-picture\" allowfullscreen><\/iframe><\/p>\n<p>&nbsp;<\/p>\n<div class=\"pzsry69f73dd5ea02c\" ><br><\/div><style type=\"text\/css\">\r\n@media screen and (min-width: 1201px) {\r\n.pzsry69f73dd5ea02c {\r\ndisplay: block;\r\n}\r\n}\r\n@media screen and (min-width: 993px) and (max-width: 1200px) {\r\n.pzsry69f73dd5ea02c {\r\ndisplay: block;\r\n}\r\n}\r\n@media screen and (min-width: 769px) and (max-width: 992px) {\r\n.pzsry69f73dd5ea02c {\r\ndisplay: block;\r\n}\r\n}\r\n@media screen and (min-width: 768px) and (max-width: 768px) {\r\n.pzsry69f73dd5ea02c {\r\ndisplay: block;\r\n}\r\n}\r\n@media screen and (max-width: 767px) {\r\n.pzsry69f73dd5ea02c {\r\ndisplay: block;\r\n}\r\n}\r\n<\/style>\r\n<div class=\"cqjor69f73dd5ef318\" ><div id=\"div_destino\"><\/div>\r\n<script src=\"https:\/\/cdn.snsrsv.com\/sdk.js\"><\/script>\r\n<script >\r\n      new sdk(\"464030C30061EA8BE065000000000001\") \r\n          .appendTo(\"div_destino\")\r\n          .disableStyle(true) \r\n          .setCacheBusterMacro(\"%%CACHEBUSTER%%\")\r\n          .setSize(\"800\",\"214\")\r\n          .setClickMacro(\"%%CLICK_URL_ESC%%\") \r\n          .setReferrerUrlMacro(\"%%REFERRER_URL_ESC%%\") \r\n          .start(); \r\n<\/script><\/div><style type=\"text\/css\">\r\n@media screen and (min-width: 1201px) {\r\n.cqjor69f73dd5ef318 {\r\ndisplay: block;\r\n}\r\n}\r\n@media screen and (min-width: 993px) and (max-width: 1200px) {\r\n.cqjor69f73dd5ef318 {\r\ndisplay: block;\r\n}\r\n}\r\n@media screen and (min-width: 769px) and (max-width: 992px) {\r\n.cqjor69f73dd5ef318 {\r\ndisplay: block;\r\n}\r\n}\r\n@media screen and (min-width: 768px) and (max-width: 768px) {\r\n.cqjor69f73dd5ef318 {\r\ndisplay: block;\r\n}\r\n}\r\n@media screen and (max-width: 767px) {\r\n.cqjor69f73dd5ef318 {\r\ndisplay: block;\r\n}\r\n}\r\n<\/style>\r\n","protected":false},"excerpt":{"rendered":"<p>O Sicoob Coopemata est\u00e1 comemorando nesta quarta-feira, 21 de agosto, seus 21 anos de funcionamento. A Cooperativa, neste per\u00edodo, deixou de ser um projeto e tornou-se uma realidade que vem contribuindo para o crescimento de nossa regi\u00e3o, al\u00e9m de atuar<\/p>\n<p class=\"link-more\"><a class=\"more-link\" href=\"https:\/\/marcelolopes.jor.br\/site\/2019\/08\/21\/coopemata-comemora-21-anos-de-atividades-em-franco-crescimento\/\">Leia mais <span class=\"screen-reader-text\">Coopemata comemora 21 anos de atividades em franco crescimento<\/span><\/a><\/p>\n","protected":false},"author":2,"featured_media":4982,"comment_status":"open","ping_status":"open","sticky":false,"template":"","format":"standard","meta":{"footnotes":""},"categories":[1],"tags":[692,950,1056,370],"class_list":["post-4978","post","type-post","status-publish","format-standard","has-post-thumbnail","hentry","category-noticias","tag-aniversario","tag-cooperativa","tag-credito","tag-sicoob-coopemata","thumb-below-title"],"yoast_head":"<!-- This site is optimized with the Yoast SEO plugin v27.4 - https:\/\/yoast.com\/product\/yoast-seo-wordpress\/ -->\n<title>Coopemata comemora 21 anos de atividades em franco crescimento | Marcelo Lopes<\/title>\n<meta name=\"robots\" content=\"index, follow, max-snippet:-1, max-image-preview:large, max-video-preview:-1\" \/>\n<link rel=\"canonical\" href=\"https:\/\/marcelolopes.jor.br\/site\/2019\/08\/21\/coopemata-comemora-21-anos-de-atividades-em-franco-crescimento\/\" \/>\n<meta property=\"og:locale\" content=\"pt_BR\" \/>\n<meta property=\"og:type\" content=\"article\" \/>\n<meta property=\"og:title\" content=\"Coopemata comemora 21 anos de atividades em franco crescimento | Marcelo Lopes\" \/>\n<meta property=\"og:description\" content=\"O Sicoob Coopemata est\u00e1 comemorando nesta quarta-feira, 21 de agosto, seus 21 anos de funcionamento. A Cooperativa, neste per\u00edodo, deixou de ser um projeto e tornou-se uma realidade que vem contribuindo para o crescimento de nossa regi\u00e3o, al\u00e9m de atuarLeia mais Coopemata comemora 21 anos de atividades em franco crescimento\" \/>\n<meta property=\"og:url\" content=\"https:\/\/marcelolopes.jor.br\/site\/2019\/08\/21\/coopemata-comemora-21-anos-de-atividades-em-franco-crescimento\/\" \/>\n<meta property=\"og:site_name\" content=\"Marcelo Lopes\" \/>\n<meta property=\"article:publisher\" content=\"https:\/\/www.facebook.com\/sitedomarcelolopes\" \/>\n<meta property=\"article:published_time\" content=\"2019-08-21T23:00:25+00:00\" \/>\n<meta property=\"article:modified_time\" content=\"2019-08-21T23:05:44+00:00\" \/>\n<meta property=\"og:image\" content=\"https:\/\/marcelolopes.jor.br\/site\/wp-content\/uploads\/2019\/08\/1931D834-06EA-4C84-B2B4-5FBB8CADF543.jpeg\" \/>\n\t<meta property=\"og:image:width\" content=\"1152\" \/>\n\t<meta property=\"og:image:height\" content=\"560\" \/>\n\t<meta property=\"og:image:type\" content=\"image\/jpeg\" \/>\n<meta name=\"author\" content=\"Marcelo Lopes\" \/>\n<meta name=\"twitter:card\" content=\"summary_large_image\" \/>\n<meta name=\"twitter:label1\" content=\"Escrito por\" \/>\n\t<meta name=\"twitter:data1\" content=\"Marcelo Lopes\" \/>\n\t<meta name=\"twitter:label2\" content=\"Est. tempo de leitura\" \/>\n\t<meta name=\"twitter:data2\" content=\"1 minuto\" \/>\n<script type=\"application\/ld+json\" class=\"yoast-schema-graph\">{\"@context\":\"https:\\\/\\\/schema.org\",\"@graph\":[{\"@type\":\"NewsArticle\",\"@id\":\"https:\\\/\\\/marcelolopes.jor.br\\\/site\\\/2019\\\/08\\\/21\\\/coopemata-comemora-21-anos-de-atividades-em-franco-crescimento\\\/#article\",\"isPartOf\":{\"@id\":\"https:\\\/\\\/marcelolopes.jor.br\\\/site\\\/2019\\\/08\\\/21\\\/coopemata-comemora-21-anos-de-atividades-em-franco-crescimento\\\/\"},\"author\":{\"name\":\"Marcelo Lopes\",\"@id\":\"https:\\\/\\\/marcelolopes.jor.br\\\/site\\\/#\\\/schema\\\/person\\\/3e7216a35c34d8fdf952b31da3d1f89f\"},\"headline\":\"Coopemata comemora 21 anos de atividades em franco crescimento\",\"datePublished\":\"2019-08-21T23:00:25+00:00\",\"dateModified\":\"2019-08-21T23:05:44+00:00\",\"mainEntityOfPage\":{\"@id\":\"https:\\\/\\\/marcelolopes.jor.br\\\/site\\\/2019\\\/08\\\/21\\\/coopemata-comemora-21-anos-de-atividades-em-franco-crescimento\\\/\"},\"wordCount\":244,\"commentCount\":0,\"publisher\":{\"@id\":\"https:\\\/\\\/marcelolopes.jor.br\\\/site\\\/#organization\"},\"image\":{\"@id\":\"https:\\\/\\\/marcelolopes.jor.br\\\/site\\\/2019\\\/08\\\/21\\\/coopemata-comemora-21-anos-de-atividades-em-franco-crescimento\\\/#primaryimage\"},\"thumbnailUrl\":\"https:\\\/\\\/marcelolopes.jor.br\\\/site\\\/wp-content\\\/uploads\\\/2019\\\/08\\\/1931D834-06EA-4C84-B2B4-5FBB8CADF543.jpeg\",\"keywords\":[\"anivers\u00e1rio\",\"cooperativa\",\"cr\u00e9dito\",\"Sicoob Coopemata\"],\"articleSection\":[\"Not\u00edcias\"],\"inLanguage\":\"pt-BR\",\"potentialAction\":[{\"@type\":\"CommentAction\",\"name\":\"Comment\",\"target\":[\"https:\\\/\\\/marcelolopes.jor.br\\\/site\\\/2019\\\/08\\\/21\\\/coopemata-comemora-21-anos-de-atividades-em-franco-crescimento\\\/#respond\"]}]},{\"@type\":\"WebPage\",\"@id\":\"https:\\\/\\\/marcelolopes.jor.br\\\/site\\\/2019\\\/08\\\/21\\\/coopemata-comemora-21-anos-de-atividades-em-franco-crescimento\\\/\",\"url\":\"https:\\\/\\\/marcelolopes.jor.br\\\/site\\\/2019\\\/08\\\/21\\\/coopemata-comemora-21-anos-de-atividades-em-franco-crescimento\\\/\",\"name\":\"Coopemata comemora 21 anos de atividades em franco crescimento | Marcelo Lopes\",\"isPartOf\":{\"@id\":\"https:\\\/\\\/marcelolopes.jor.br\\\/site\\\/#website\"},\"primaryImageOfPage\":{\"@id\":\"https:\\\/\\\/marcelolopes.jor.br\\\/site\\\/2019\\\/08\\\/21\\\/coopemata-comemora-21-anos-de-atividades-em-franco-crescimento\\\/#primaryimage\"},\"image\":{\"@id\":\"https:\\\/\\\/marcelolopes.jor.br\\\/site\\\/2019\\\/08\\\/21\\\/coopemata-comemora-21-anos-de-atividades-em-franco-crescimento\\\/#primaryimage\"},\"thumbnailUrl\":\"https:\\\/\\\/marcelolopes.jor.br\\\/site\\\/wp-content\\\/uploads\\\/2019\\\/08\\\/1931D834-06EA-4C84-B2B4-5FBB8CADF543.jpeg\",\"datePublished\":\"2019-08-21T23:00:25+00:00\",\"dateModified\":\"2019-08-21T23:05:44+00:00\",\"breadcrumb\":{\"@id\":\"https:\\\/\\\/marcelolopes.jor.br\\\/site\\\/2019\\\/08\\\/21\\\/coopemata-comemora-21-anos-de-atividades-em-franco-crescimento\\\/#breadcrumb\"},\"inLanguage\":\"pt-BR\",\"potentialAction\":[{\"@type\":\"ReadAction\",\"target\":[\"https:\\\/\\\/marcelolopes.jor.br\\\/site\\\/2019\\\/08\\\/21\\\/coopemata-comemora-21-anos-de-atividades-em-franco-crescimento\\\/\"]}]},{\"@type\":\"ImageObject\",\"inLanguage\":\"pt-BR\",\"@id\":\"https:\\\/\\\/marcelolopes.jor.br\\\/site\\\/2019\\\/08\\\/21\\\/coopemata-comemora-21-anos-de-atividades-em-franco-crescimento\\\/#primaryimage\",\"url\":\"https:\\\/\\\/marcelolopes.jor.br\\\/site\\\/wp-content\\\/uploads\\\/2019\\\/08\\\/1931D834-06EA-4C84-B2B4-5FBB8CADF543.jpeg\",\"contentUrl\":\"https:\\\/\\\/marcelolopes.jor.br\\\/site\\\/wp-content\\\/uploads\\\/2019\\\/08\\\/1931D834-06EA-4C84-B2B4-5FBB8CADF543.jpeg\",\"width\":1152,\"height\":560},{\"@type\":\"BreadcrumbList\",\"@id\":\"https:\\\/\\\/marcelolopes.jor.br\\\/site\\\/2019\\\/08\\\/21\\\/coopemata-comemora-21-anos-de-atividades-em-franco-crescimento\\\/#breadcrumb\",\"itemListElement\":[{\"@type\":\"ListItem\",\"position\":1,\"name\":\"Home\",\"item\":\"https:\\\/\\\/marcelolopes.jor.br\\\/site\\\/\"},{\"@type\":\"ListItem\",\"position\":2,\"name\":\"Coopemata comemora 21 anos de atividades em franco crescimento\"}]},{\"@type\":\"WebSite\",\"@id\":\"https:\\\/\\\/marcelolopes.jor.br\\\/site\\\/#website\",\"url\":\"https:\\\/\\\/marcelolopes.jor.br\\\/site\\\/\",\"name\":\"Marcelo Lopes\",\"description\":\"Not\u00edcias de Cataguases e Regi\u00e3o\",\"publisher\":{\"@id\":\"https:\\\/\\\/marcelolopes.jor.br\\\/site\\\/#organization\"},\"potentialAction\":[{\"@type\":\"SearchAction\",\"target\":{\"@type\":\"EntryPoint\",\"urlTemplate\":\"https:\\\/\\\/marcelolopes.jor.br\\\/site\\\/?s={search_term_string}\"},\"query-input\":{\"@type\":\"PropertyValueSpecification\",\"valueRequired\":true,\"valueName\":\"search_term_string\"}}],\"inLanguage\":\"pt-BR\"},{\"@type\":\"Organization\",\"@id\":\"https:\\\/\\\/marcelolopes.jor.br\\\/site\\\/#organization\",\"name\":\"Site do Marcelo Lopes\",\"url\":\"https:\\\/\\\/marcelolopes.jor.br\\\/site\\\/\",\"logo\":{\"@type\":\"ImageObject\",\"inLanguage\":\"pt-BR\",\"@id\":\"https:\\\/\\\/marcelolopes.jor.br\\\/site\\\/#\\\/schema\\\/logo\\\/image\\\/\",\"url\":\"https:\\\/\\\/marcelolopes.jor.br\\\/site\\\/wp-content\\\/uploads\\\/2024\\\/11\\\/logo-1.png\",\"contentUrl\":\"https:\\\/\\\/marcelolopes.jor.br\\\/site\\\/wp-content\\\/uploads\\\/2024\\\/11\\\/logo-1.png\",\"width\":475,\"height\":80,\"caption\":\"Site do Marcelo Lopes\"},\"image\":{\"@id\":\"https:\\\/\\\/marcelolopes.jor.br\\\/site\\\/#\\\/schema\\\/logo\\\/image\\\/\"},\"sameAs\":[\"https:\\\/\\\/www.facebook.com\\\/sitedomarcelolopes\",\"https:\\\/\\\/www.instagram.com\\\/sitedomarcelolopes\\\/\",\"https:\\\/\\\/www.linkedin.com\\\/company\\\/site-do-marcelo-lopes\\\/\",\"https:\\\/\\\/www.youtube.com\\\/user\\\/marcelolopes957\"]},{\"@type\":\"Person\",\"@id\":\"https:\\\/\\\/marcelolopes.jor.br\\\/site\\\/#\\\/schema\\\/person\\\/3e7216a35c34d8fdf952b31da3d1f89f\",\"name\":\"Marcelo Lopes\",\"sameAs\":[\"http:\\\/\\\/www.marcelolopes.jor.br\"],\"url\":\"https:\\\/\\\/marcelolopes.jor.br\\\/site\\\/author\\\/marcelo\\\/\"}]}<\/script>\n<!-- \/ Yoast SEO plugin. -->","yoast_head_json":{"title":"Coopemata comemora 21 anos de atividades em franco crescimento | Marcelo Lopes","robots":{"index":"index","follow":"follow","max-snippet":"max-snippet:-1","max-image-preview":"max-image-preview:large","max-video-preview":"max-video-preview:-1"},"canonical":"https:\/\/marcelolopes.jor.br\/site\/2019\/08\/21\/coopemata-comemora-21-anos-de-atividades-em-franco-crescimento\/","og_locale":"pt_BR","og_type":"article","og_title":"Coopemata comemora 21 anos de atividades em franco crescimento | Marcelo Lopes","og_description":"O Sicoob Coopemata est\u00e1 comemorando nesta quarta-feira, 21 de agosto, seus 21 anos de funcionamento. A Cooperativa, neste per\u00edodo, deixou de ser um projeto e tornou-se uma realidade que vem contribuindo para o crescimento de nossa regi\u00e3o, al\u00e9m de atuarLeia mais Coopemata comemora 21 anos de atividades em franco crescimento","og_url":"https:\/\/marcelolopes.jor.br\/site\/2019\/08\/21\/coopemata-comemora-21-anos-de-atividades-em-franco-crescimento\/","og_site_name":"Marcelo Lopes","article_publisher":"https:\/\/www.facebook.com\/sitedomarcelolopes","article_published_time":"2019-08-21T23:00:25+00:00","article_modified_time":"2019-08-21T23:05:44+00:00","og_image":[{"width":1152,"height":560,"url":"https:\/\/marcelolopes.jor.br\/site\/wp-content\/uploads\/2019\/08\/1931D834-06EA-4C84-B2B4-5FBB8CADF543.jpeg","type":"image\/jpeg"}],"author":"Marcelo Lopes","twitter_card":"summary_large_image","twitter_misc":{"Escrito por":"Marcelo Lopes","Est. tempo de leitura":"1 minuto"},"schema":{"@context":"https:\/\/schema.org","@graph":[{"@type":"NewsArticle","@id":"https:\/\/marcelolopes.jor.br\/site\/2019\/08\/21\/coopemata-comemora-21-anos-de-atividades-em-franco-crescimento\/#article","isPartOf":{"@id":"https:\/\/marcelolopes.jor.br\/site\/2019\/08\/21\/coopemata-comemora-21-anos-de-atividades-em-franco-crescimento\/"},"author":{"name":"Marcelo Lopes","@id":"https:\/\/marcelolopes.jor.br\/site\/#\/schema\/person\/3e7216a35c34d8fdf952b31da3d1f89f"},"headline":"Coopemata comemora 21 anos de atividades em franco crescimento","datePublished":"2019-08-21T23:00:25+00:00","dateModified":"2019-08-21T23:05:44+00:00","mainEntityOfPage":{"@id":"https:\/\/marcelolopes.jor.br\/site\/2019\/08\/21\/coopemata-comemora-21-anos-de-atividades-em-franco-crescimento\/"},"wordCount":244,"commentCount":0,"publisher":{"@id":"https:\/\/marcelolopes.jor.br\/site\/#organization"},"image":{"@id":"https:\/\/marcelolopes.jor.br\/site\/2019\/08\/21\/coopemata-comemora-21-anos-de-atividades-em-franco-crescimento\/#primaryimage"},"thumbnailUrl":"https:\/\/marcelolopes.jor.br\/site\/wp-content\/uploads\/2019\/08\/1931D834-06EA-4C84-B2B4-5FBB8CADF543.jpeg","keywords":["anivers\u00e1rio","cooperativa","cr\u00e9dito","Sicoob Coopemata"],"articleSection":["Not\u00edcias"],"inLanguage":"pt-BR","potentialAction":[{"@type":"CommentAction","name":"Comment","target":["https:\/\/marcelolopes.jor.br\/site\/2019\/08\/21\/coopemata-comemora-21-anos-de-atividades-em-franco-crescimento\/#respond"]}]},{"@type":"WebPage","@id":"https:\/\/marcelolopes.jor.br\/site\/2019\/08\/21\/coopemata-comemora-21-anos-de-atividades-em-franco-crescimento\/","url":"https:\/\/marcelolopes.jor.br\/site\/2019\/08\/21\/coopemata-comemora-21-anos-de-atividades-em-franco-crescimento\/","name":"Coopemata comemora 21 anos de atividades em franco crescimento | Marcelo Lopes","isPartOf":{"@id":"https:\/\/marcelolopes.jor.br\/site\/#website"},"primaryImageOfPage":{"@id":"https:\/\/marcelolopes.jor.br\/site\/2019\/08\/21\/coopemata-comemora-21-anos-de-atividades-em-franco-crescimento\/#primaryimage"},"image":{"@id":"https:\/\/marcelolopes.jor.br\/site\/2019\/08\/21\/coopemata-comemora-21-anos-de-atividades-em-franco-crescimento\/#primaryimage"},"thumbnailUrl":"https:\/\/marcelolopes.jor.br\/site\/wp-content\/uploads\/2019\/08\/1931D834-06EA-4C84-B2B4-5FBB8CADF543.jpeg","datePublished":"2019-08-21T23:00:25+00:00","dateModified":"2019-08-21T23:05:44+00:00","breadcrumb":{"@id":"https:\/\/marcelolopes.jor.br\/site\/2019\/08\/21\/coopemata-comemora-21-anos-de-atividades-em-franco-crescimento\/#breadcrumb"},"inLanguage":"pt-BR","potentialAction":[{"@type":"ReadAction","target":["https:\/\/marcelolopes.jor.br\/site\/2019\/08\/21\/coopemata-comemora-21-anos-de-atividades-em-franco-crescimento\/"]}]},{"@type":"ImageObject","inLanguage":"pt-BR","@id":"https:\/\/marcelolopes.jor.br\/site\/2019\/08\/21\/coopemata-comemora-21-anos-de-atividades-em-franco-crescimento\/#primaryimage","url":"https:\/\/marcelolopes.jor.br\/site\/wp-content\/uploads\/2019\/08\/1931D834-06EA-4C84-B2B4-5FBB8CADF543.jpeg","contentUrl":"https:\/\/marcelolopes.jor.br\/site\/wp-content\/uploads\/2019\/08\/1931D834-06EA-4C84-B2B4-5FBB8CADF543.jpeg","width":1152,"height":560},{"@type":"BreadcrumbList","@id":"https:\/\/marcelolopes.jor.br\/site\/2019\/08\/21\/coopemata-comemora-21-anos-de-atividades-em-franco-crescimento\/#breadcrumb","itemListElement":[{"@type":"ListItem","position":1,"name":"Home","item":"https:\/\/marcelolopes.jor.br\/site\/"},{"@type":"ListItem","position":2,"name":"Coopemata comemora 21 anos de atividades em franco crescimento"}]},{"@type":"WebSite","@id":"https:\/\/marcelolopes.jor.br\/site\/#website","url":"https:\/\/marcelolopes.jor.br\/site\/","name":"Marcelo Lopes","description":"Not\u00edcias de Cataguases e Regi\u00e3o","publisher":{"@id":"https:\/\/marcelolopes.jor.br\/site\/#organization"},"potentialAction":[{"@type":"SearchAction","target":{"@type":"EntryPoint","urlTemplate":"https:\/\/marcelolopes.jor.br\/site\/?s={search_term_string}"},"query-input":{"@type":"PropertyValueSpecification","valueRequired":true,"valueName":"search_term_string"}}],"inLanguage":"pt-BR"},{"@type":"Organization","@id":"https:\/\/marcelolopes.jor.br\/site\/#organization","name":"Site do Marcelo Lopes","url":"https:\/\/marcelolopes.jor.br\/site\/","logo":{"@type":"ImageObject","inLanguage":"pt-BR","@id":"https:\/\/marcelolopes.jor.br\/site\/#\/schema\/logo\/image\/","url":"https:\/\/marcelolopes.jor.br\/site\/wp-content\/uploads\/2024\/11\/logo-1.png","contentUrl":"https:\/\/marcelolopes.jor.br\/site\/wp-content\/uploads\/2024\/11\/logo-1.png","width":475,"height":80,"caption":"Site do Marcelo Lopes"},"image":{"@id":"https:\/\/marcelolopes.jor.br\/site\/#\/schema\/logo\/image\/"},"sameAs":["https:\/\/www.facebook.com\/sitedomarcelolopes","https:\/\/www.instagram.com\/sitedomarcelolopes\/","https:\/\/www.linkedin.com\/company\/site-do-marcelo-lopes\/","https:\/\/www.youtube.com\/user\/marcelolopes957"]},{"@type":"Person","@id":"https:\/\/marcelolopes.jor.br\/site\/#\/schema\/person\/3e7216a35c34d8fdf952b31da3d1f89f","name":"Marcelo Lopes","sameAs":["http:\/\/www.marcelolopes.jor.br"],"url":"https:\/\/marcelolopes.jor.br\/site\/author\/marcelo\/"}]}},"wps_subtitle":"Cooperativa \u00e9 refer\u00eancia em Minas Gerais e no pa\u00eds e desenvolve projetos sociais e culturais.","_links":{"self":[{"href":"https:\/\/marcelolopes.jor.br\/site\/wp-json\/wp\/v2\/posts\/4978","targetHints":{"allow":["GET"]}}],"collection":[{"href":"https:\/\/marcelolopes.jor.br\/site\/wp-json\/wp\/v2\/posts"}],"about":[{"href":"https:\/\/marcelolopes.jor.br\/site\/wp-json\/wp\/v2\/types\/post"}],"author":[{"embeddable":true,"href":"https:\/\/marcelolopes.jor.br\/site\/wp-json\/wp\/v2\/users\/2"}],"replies":[{"embeddable":true,"href":"https:\/\/marcelolopes.jor.br\/site\/wp-json\/wp\/v2\/comments?post=4978"}],"version-history":[{"count":0,"href":"https:\/\/marcelolopes.jor.br\/site\/wp-json\/wp\/v2\/posts\/4978\/revisions"}],"wp:featuredmedia":[{"embeddable":true,"href":"https:\/\/marcelolopes.jor.br\/site\/wp-json\/wp\/v2\/media\/4982"}],"wp:attachment":[{"href":"https:\/\/marcelolopes.jor.br\/site\/wp-json\/wp\/v2\/media?parent=4978"}],"wp:term":[{"taxonomy":"category","embeddable":true,"href":"https:\/\/marcelolopes.jor.br\/site\/wp-json\/wp\/v2\/categories?post=4978"},{"taxonomy":"post_tag","embeddable":true,"href":"https:\/\/marcelolopes.jor.br\/site\/wp-json\/wp\/v2\/tags?post=4978"}],"curies":[{"name":"wp","href":"https:\/\/api.w.org\/{rel}","templated":true}]}}