{"id":4910,"date":"2019-08-20T21:00:21","date_gmt":"2019-08-21T00:00:21","guid":{"rendered":"https:\/\/marcelolopes.jor.br\/?p=4910"},"modified":"2019-08-20T17:40:23","modified_gmt":"2019-08-20T20:40:23","slug":"marcos-navarro-de-cataguases-e-o-novo-secretario-de-desenvolvimento-do-espirito-santo","status":"publish","type":"post","link":"https:\/\/marcelolopes.jor.br\/site\/2019\/08\/20\/marcos-navarro-de-cataguases-e-o-novo-secretario-de-desenvolvimento-do-espirito-santo\/","title":{"rendered":"Marcos Navarro, de Cataguases, \u00e9 o novo secret\u00e1rio de Desenvolvimento do Espirito Santo"},"content":{"rendered":"<p style=\"text-align: justify;\">O governador do Esp\u00edrito Santo, Renato Casagrande, escolheu nesta segunda-feira, 19 de agosto, o novo nome para comandar a Secretaria de Desenvolvimento (Sedes). A pasta ser\u00e1 ocupada pelo advogado cataguasense e especialista em gest\u00e3o, Marcos Kneip Navarro. O an\u00fancio foi feito pelo governador em live no Facebook. A posse ser\u00e1 segunda-feira, 26, conforme informou aquele governador.<!--more--><\/p>\n<p style=\"text-align: justify;\">Marcos Kneip Navarro deixa a Secretaria de Integra\u00e7\u00e3o, Desenvolvimento e Gest\u00e3o de Recursos do munic\u00edpio de Anchieta\/ES para substituir Heber Resende, que ficou frente \u00e0 Sedes entre janeiro e julho deste ano. Ele saiu da pasta para assumir a presid\u00eancia da rec\u00e9m-criada ES G\u00e1s.<\/p>\n<p style=\"text-align: justify;\">Advogado e empres\u00e1rio do ramo de constru\u00e7\u00e3o civil, Navarro tem especializa\u00e7\u00e3o em Gest\u00e3o de Neg\u00f3cios. Ele \u00e9 filho da ex-presidenta do Lions Clube de Cataguases, Wanda Kneip Navarro e j\u00e1 atuou no Rio de Janeiro, na ind\u00fastria naval, antes de migrar para o Esp\u00edrito Santo.<\/p>\n<p style=\"text-align: justify;\">\u201cMarcos tem um excelente servi\u00e7o prestado \u00e0 Prefeitura de Anchieta e regi\u00e3o. Espero que ele desenvolva e d\u00ea sequ\u00eancia ao que o ex-secret\u00e1rio Heber Resende vinha fazendo na Secretaria. Esperamos que ele promova o apoio integral \u00e0s entidades que representam o setor produtivo no Estado, vinculando os pequenos aos m\u00e9dios e grandes empreendedores, com o qual o titular da pasta tem relacionamento estreito, sem perder o olhar para o desenvolvimento regional, para o sistema Simplifica-ES, que zela pela desburocratiza\u00e7\u00e3o dos processos de abertura e funcionamento das empresas, e o incentivo \u00e0 inova\u00e7\u00e3o tecnol\u00f3gica a fim de propiciarmos um bom ambiente nesse campo. Esperamos ainda que estabele\u00e7a uma rela\u00e7\u00e3o forte com as demais Secretarias para incrementarmos os neg\u00f3cios no Estado\u201d, disse o governador Casagrande.<\/p>\n<p style=\"text-align: justify;\">Navarro agradeceu a confian\u00e7a do governador. \u201cN\u00e3o vai faltar trabalho nem dedica\u00e7\u00e3o para promover o crescimento do Esp\u00edrito Santo. \u00c9 um prazer integrar este time de muita qualidade que vem fazendo um trabalho brilhante. Chego para somar \u00e0 equipe e contribuir com a minha vis\u00e3o empresarial\u201d, disse.<\/p>\n<p><em>Fonte e foto: Folha de Vit\u00f3ria<\/em><\/p>\n<div class=\"aaryb69f76f019e49b\" ><br><\/div><style type=\"text\/css\">\r\n@media screen and (min-width: 1201px) {\r\n.aaryb69f76f019e49b {\r\ndisplay: block;\r\n}\r\n}\r\n@media screen and (min-width: 993px) and (max-width: 1200px) {\r\n.aaryb69f76f019e49b {\r\ndisplay: block;\r\n}\r\n}\r\n@media screen and (min-width: 769px) and (max-width: 992px) {\r\n.aaryb69f76f019e49b {\r\ndisplay: block;\r\n}\r\n}\r\n@media screen and (min-width: 768px) and (max-width: 768px) {\r\n.aaryb69f76f019e49b {\r\ndisplay: block;\r\n}\r\n}\r\n@media screen and (max-width: 767px) {\r\n.aaryb69f76f019e49b {\r\ndisplay: block;\r\n}\r\n}\r\n<\/style>\r\n<div class=\"rufig69f76f01a303b\" ><div id=\"div_destino\"><\/div>\r\n<script src=\"https:\/\/cdn.snsrsv.com\/sdk.js\"><\/script>\r\n<script >\r\n      new sdk(\"464030C30061EA8BE065000000000001\") \r\n          .appendTo(\"div_destino\")\r\n          .disableStyle(true) \r\n          .setCacheBusterMacro(\"%%CACHEBUSTER%%\")\r\n          .setSize(\"800\",\"214\")\r\n          .setClickMacro(\"%%CLICK_URL_ESC%%\") \r\n          .setReferrerUrlMacro(\"%%REFERRER_URL_ESC%%\") \r\n          .start(); \r\n<\/script><\/div><style type=\"text\/css\">\r\n@media screen and (min-width: 1201px) {\r\n.rufig69f76f01a303b {\r\ndisplay: block;\r\n}\r\n}\r\n@media screen and (min-width: 993px) and (max-width: 1200px) {\r\n.rufig69f76f01a303b {\r\ndisplay: block;\r\n}\r\n}\r\n@media screen and (min-width: 769px) and (max-width: 992px) {\r\n.rufig69f76f01a303b {\r\ndisplay: block;\r\n}\r\n}\r\n@media screen and (min-width: 768px) and (max-width: 768px) {\r\n.rufig69f76f01a303b {\r\ndisplay: block;\r\n}\r\n}\r\n@media screen and (max-width: 767px) {\r\n.rufig69f76f01a303b {\r\ndisplay: block;\r\n}\r\n}\r\n<\/style>\r\n","protected":false},"excerpt":{"rendered":"<p>O governador do Esp\u00edrito Santo, Renato Casagrande, escolheu nesta segunda-feira, 19 de agosto, o novo nome para comandar a Secretaria de Desenvolvimento (Sedes). A pasta ser\u00e1 ocupada pelo advogado cataguasense e especialista em gest\u00e3o, Marcos Kneip Navarro. O an\u00fancio foi<\/p>\n<p class=\"link-more\"><a class=\"more-link\" href=\"https:\/\/marcelolopes.jor.br\/site\/2019\/08\/20\/marcos-navarro-de-cataguases-e-o-novo-secretario-de-desenvolvimento-do-espirito-santo\/\">Leia mais <span class=\"screen-reader-text\">Marcos Navarro, de Cataguases, \u00e9 o novo secret\u00e1rio de Desenvolvimento do Espirito Santo<\/span><\/a><\/p>\n","protected":false},"author":2,"featured_media":4911,"comment_status":"open","ping_status":"open","sticky":false,"template":"","format":"standard","meta":{"footnotes":""},"categories":[1],"tags":[1048,1050,1051,1049],"class_list":["post-4910","post","type-post","status-publish","format-standard","has-post-thumbnail","hentry","category-noticias","tag-espirito-santo","tag-governador","tag-marcos-navarro","tag-secretario","thumb-below-title"],"yoast_head":"<!-- This site is optimized with the Yoast SEO plugin v27.4 - https:\/\/yoast.com\/product\/yoast-seo-wordpress\/ -->\n<title>Marcos Navarro, de Cataguases, \u00e9 o novo secret\u00e1rio de Desenvolvimento do Espirito Santo | Marcelo Lopes<\/title>\n<meta name=\"robots\" content=\"index, follow, max-snippet:-1, max-image-preview:large, max-video-preview:-1\" \/>\n<link rel=\"canonical\" href=\"https:\/\/marcelolopes.jor.br\/site\/2019\/08\/20\/marcos-navarro-de-cataguases-e-o-novo-secretario-de-desenvolvimento-do-espirito-santo\/\" \/>\n<meta property=\"og:locale\" content=\"pt_BR\" \/>\n<meta property=\"og:type\" content=\"article\" \/>\n<meta property=\"og:title\" content=\"Marcos Navarro, de Cataguases, \u00e9 o novo secret\u00e1rio de Desenvolvimento do Espirito Santo | Marcelo Lopes\" \/>\n<meta property=\"og:description\" content=\"O governador do Esp\u00edrito Santo, Renato Casagrande, escolheu nesta segunda-feira, 19 de agosto, o novo nome para comandar a Secretaria de Desenvolvimento (Sedes). A pasta ser\u00e1 ocupada pelo advogado cataguasense e especialista em gest\u00e3o, Marcos Kneip Navarro. O an\u00fancio foiLeia mais Marcos Navarro, de Cataguases, \u00e9 o novo secret\u00e1rio de Desenvolvimento do Espirito Santo\" \/>\n<meta property=\"og:url\" content=\"https:\/\/marcelolopes.jor.br\/site\/2019\/08\/20\/marcos-navarro-de-cataguases-e-o-novo-secretario-de-desenvolvimento-do-espirito-santo\/\" \/>\n<meta property=\"og:site_name\" content=\"Marcelo Lopes\" \/>\n<meta property=\"article:publisher\" content=\"https:\/\/www.facebook.com\/sitedomarcelolopes\" \/>\n<meta property=\"article:published_time\" content=\"2019-08-21T00:00:21+00:00\" \/>\n<meta property=\"og:image\" content=\"https:\/\/marcelolopes.jor.br\/site\/wp-content\/uploads\/2019\/08\/58cceb60-a4e7-0137-46d7-6231c35b6685-minified.jpg\" \/>\n\t<meta property=\"og:image:width\" content=\"800\" \/>\n\t<meta property=\"og:image:height\" content=\"605\" \/>\n\t<meta property=\"og:image:type\" content=\"image\/jpeg\" \/>\n<meta name=\"author\" content=\"Marcelo Lopes\" \/>\n<meta name=\"twitter:card\" content=\"summary_large_image\" \/>\n<meta name=\"twitter:label1\" content=\"Escrito por\" \/>\n\t<meta name=\"twitter:data1\" content=\"Marcelo Lopes\" \/>\n\t<meta name=\"twitter:label2\" content=\"Est. tempo de leitura\" \/>\n\t<meta name=\"twitter:data2\" content=\"2 minutos\" \/>\n<script type=\"application\/ld+json\" class=\"yoast-schema-graph\">{\"@context\":\"https:\\\/\\\/schema.org\",\"@graph\":[{\"@type\":\"NewsArticle\",\"@id\":\"https:\\\/\\\/marcelolopes.jor.br\\\/site\\\/2019\\\/08\\\/20\\\/marcos-navarro-de-cataguases-e-o-novo-secretario-de-desenvolvimento-do-espirito-santo\\\/#article\",\"isPartOf\":{\"@id\":\"https:\\\/\\\/marcelolopes.jor.br\\\/site\\\/2019\\\/08\\\/20\\\/marcos-navarro-de-cataguases-e-o-novo-secretario-de-desenvolvimento-do-espirito-santo\\\/\"},\"author\":{\"name\":\"Marcelo Lopes\",\"@id\":\"https:\\\/\\\/marcelolopes.jor.br\\\/site\\\/#\\\/schema\\\/person\\\/3e7216a35c34d8fdf952b31da3d1f89f\"},\"headline\":\"Marcos Navarro, de Cataguases, \u00e9 o novo secret\u00e1rio de Desenvolvimento do Espirito Santo\",\"datePublished\":\"2019-08-21T00:00:21+00:00\",\"mainEntityOfPage\":{\"@id\":\"https:\\\/\\\/marcelolopes.jor.br\\\/site\\\/2019\\\/08\\\/20\\\/marcos-navarro-de-cataguases-e-o-novo-secretario-de-desenvolvimento-do-espirito-santo\\\/\"},\"wordCount\":360,\"commentCount\":0,\"publisher\":{\"@id\":\"https:\\\/\\\/marcelolopes.jor.br\\\/site\\\/#organization\"},\"image\":{\"@id\":\"https:\\\/\\\/marcelolopes.jor.br\\\/site\\\/2019\\\/08\\\/20\\\/marcos-navarro-de-cataguases-e-o-novo-secretario-de-desenvolvimento-do-espirito-santo\\\/#primaryimage\"},\"thumbnailUrl\":\"https:\\\/\\\/marcelolopes.jor.br\\\/site\\\/wp-content\\\/uploads\\\/2019\\\/08\\\/58cceb60-a4e7-0137-46d7-6231c35b6685-minified.jpg\",\"keywords\":[\"Esp\u00edrito Santo\",\"governador\",\"Marcos Navarro\",\"Secret\u00e1rio\"],\"articleSection\":[\"Not\u00edcias\"],\"inLanguage\":\"pt-BR\",\"potentialAction\":[{\"@type\":\"CommentAction\",\"name\":\"Comment\",\"target\":[\"https:\\\/\\\/marcelolopes.jor.br\\\/site\\\/2019\\\/08\\\/20\\\/marcos-navarro-de-cataguases-e-o-novo-secretario-de-desenvolvimento-do-espirito-santo\\\/#respond\"]}]},{\"@type\":\"WebPage\",\"@id\":\"https:\\\/\\\/marcelolopes.jor.br\\\/site\\\/2019\\\/08\\\/20\\\/marcos-navarro-de-cataguases-e-o-novo-secretario-de-desenvolvimento-do-espirito-santo\\\/\",\"url\":\"https:\\\/\\\/marcelolopes.jor.br\\\/site\\\/2019\\\/08\\\/20\\\/marcos-navarro-de-cataguases-e-o-novo-secretario-de-desenvolvimento-do-espirito-santo\\\/\",\"name\":\"Marcos Navarro, de Cataguases, \u00e9 o novo secret\u00e1rio de Desenvolvimento do Espirito Santo | Marcelo Lopes\",\"isPartOf\":{\"@id\":\"https:\\\/\\\/marcelolopes.jor.br\\\/site\\\/#website\"},\"primaryImageOfPage\":{\"@id\":\"https:\\\/\\\/marcelolopes.jor.br\\\/site\\\/2019\\\/08\\\/20\\\/marcos-navarro-de-cataguases-e-o-novo-secretario-de-desenvolvimento-do-espirito-santo\\\/#primaryimage\"},\"image\":{\"@id\":\"https:\\\/\\\/marcelolopes.jor.br\\\/site\\\/2019\\\/08\\\/20\\\/marcos-navarro-de-cataguases-e-o-novo-secretario-de-desenvolvimento-do-espirito-santo\\\/#primaryimage\"},\"thumbnailUrl\":\"https:\\\/\\\/marcelolopes.jor.br\\\/site\\\/wp-content\\\/uploads\\\/2019\\\/08\\\/58cceb60-a4e7-0137-46d7-6231c35b6685-minified.jpg\",\"datePublished\":\"2019-08-21T00:00:21+00:00\",\"breadcrumb\":{\"@id\":\"https:\\\/\\\/marcelolopes.jor.br\\\/site\\\/2019\\\/08\\\/20\\\/marcos-navarro-de-cataguases-e-o-novo-secretario-de-desenvolvimento-do-espirito-santo\\\/#breadcrumb\"},\"inLanguage\":\"pt-BR\",\"potentialAction\":[{\"@type\":\"ReadAction\",\"target\":[\"https:\\\/\\\/marcelolopes.jor.br\\\/site\\\/2019\\\/08\\\/20\\\/marcos-navarro-de-cataguases-e-o-novo-secretario-de-desenvolvimento-do-espirito-santo\\\/\"]}]},{\"@type\":\"ImageObject\",\"inLanguage\":\"pt-BR\",\"@id\":\"https:\\\/\\\/marcelolopes.jor.br\\\/site\\\/2019\\\/08\\\/20\\\/marcos-navarro-de-cataguases-e-o-novo-secretario-de-desenvolvimento-do-espirito-santo\\\/#primaryimage\",\"url\":\"https:\\\/\\\/marcelolopes.jor.br\\\/site\\\/wp-content\\\/uploads\\\/2019\\\/08\\\/58cceb60-a4e7-0137-46d7-6231c35b6685-minified.jpg\",\"contentUrl\":\"https:\\\/\\\/marcelolopes.jor.br\\\/site\\\/wp-content\\\/uploads\\\/2019\\\/08\\\/58cceb60-a4e7-0137-46d7-6231c35b6685-minified.jpg\",\"width\":800,\"height\":605},{\"@type\":\"BreadcrumbList\",\"@id\":\"https:\\\/\\\/marcelolopes.jor.br\\\/site\\\/2019\\\/08\\\/20\\\/marcos-navarro-de-cataguases-e-o-novo-secretario-de-desenvolvimento-do-espirito-santo\\\/#breadcrumb\",\"itemListElement\":[{\"@type\":\"ListItem\",\"position\":1,\"name\":\"Home\",\"item\":\"https:\\\/\\\/marcelolopes.jor.br\\\/site\\\/\"},{\"@type\":\"ListItem\",\"position\":2,\"name\":\"Marcos Navarro, de Cataguases, \u00e9 o novo secret\u00e1rio de Desenvolvimento do Espirito Santo\"}]},{\"@type\":\"WebSite\",\"@id\":\"https:\\\/\\\/marcelolopes.jor.br\\\/site\\\/#website\",\"url\":\"https:\\\/\\\/marcelolopes.jor.br\\\/site\\\/\",\"name\":\"Marcelo Lopes\",\"description\":\"Not\u00edcias de Cataguases e Regi\u00e3o\",\"publisher\":{\"@id\":\"https:\\\/\\\/marcelolopes.jor.br\\\/site\\\/#organization\"},\"potentialAction\":[{\"@type\":\"SearchAction\",\"target\":{\"@type\":\"EntryPoint\",\"urlTemplate\":\"https:\\\/\\\/marcelolopes.jor.br\\\/site\\\/?s={search_term_string}\"},\"query-input\":{\"@type\":\"PropertyValueSpecification\",\"valueRequired\":true,\"valueName\":\"search_term_string\"}}],\"inLanguage\":\"pt-BR\"},{\"@type\":\"Organization\",\"@id\":\"https:\\\/\\\/marcelolopes.jor.br\\\/site\\\/#organization\",\"name\":\"Site do Marcelo Lopes\",\"url\":\"https:\\\/\\\/marcelolopes.jor.br\\\/site\\\/\",\"logo\":{\"@type\":\"ImageObject\",\"inLanguage\":\"pt-BR\",\"@id\":\"https:\\\/\\\/marcelolopes.jor.br\\\/site\\\/#\\\/schema\\\/logo\\\/image\\\/\",\"url\":\"https:\\\/\\\/marcelolopes.jor.br\\\/site\\\/wp-content\\\/uploads\\\/2024\\\/11\\\/logo-1.png\",\"contentUrl\":\"https:\\\/\\\/marcelolopes.jor.br\\\/site\\\/wp-content\\\/uploads\\\/2024\\\/11\\\/logo-1.png\",\"width\":475,\"height\":80,\"caption\":\"Site do Marcelo Lopes\"},\"image\":{\"@id\":\"https:\\\/\\\/marcelolopes.jor.br\\\/site\\\/#\\\/schema\\\/logo\\\/image\\\/\"},\"sameAs\":[\"https:\\\/\\\/www.facebook.com\\\/sitedomarcelolopes\",\"https:\\\/\\\/www.instagram.com\\\/sitedomarcelolopes\\\/\",\"https:\\\/\\\/www.linkedin.com\\\/company\\\/site-do-marcelo-lopes\\\/\",\"https:\\\/\\\/www.youtube.com\\\/user\\\/marcelolopes957\"]},{\"@type\":\"Person\",\"@id\":\"https:\\\/\\\/marcelolopes.jor.br\\\/site\\\/#\\\/schema\\\/person\\\/3e7216a35c34d8fdf952b31da3d1f89f\",\"name\":\"Marcelo Lopes\",\"sameAs\":[\"http:\\\/\\\/www.marcelolopes.jor.br\"],\"url\":\"https:\\\/\\\/marcelolopes.jor.br\\\/site\\\/author\\\/marcelo\\\/\"}]}<\/script>\n<!-- \/ Yoast SEO plugin. -->","yoast_head_json":{"title":"Marcos Navarro, de Cataguases, \u00e9 o novo secret\u00e1rio de Desenvolvimento do Espirito Santo | Marcelo Lopes","robots":{"index":"index","follow":"follow","max-snippet":"max-snippet:-1","max-image-preview":"max-image-preview:large","max-video-preview":"max-video-preview:-1"},"canonical":"https:\/\/marcelolopes.jor.br\/site\/2019\/08\/20\/marcos-navarro-de-cataguases-e-o-novo-secretario-de-desenvolvimento-do-espirito-santo\/","og_locale":"pt_BR","og_type":"article","og_title":"Marcos Navarro, de Cataguases, \u00e9 o novo secret\u00e1rio de Desenvolvimento do Espirito Santo | Marcelo Lopes","og_description":"O governador do Esp\u00edrito Santo, Renato Casagrande, escolheu nesta segunda-feira, 19 de agosto, o novo nome para comandar a Secretaria de Desenvolvimento (Sedes). A pasta ser\u00e1 ocupada pelo advogado cataguasense e especialista em gest\u00e3o, Marcos Kneip Navarro. O an\u00fancio foiLeia mais Marcos Navarro, de Cataguases, \u00e9 o novo secret\u00e1rio de Desenvolvimento do Espirito Santo","og_url":"https:\/\/marcelolopes.jor.br\/site\/2019\/08\/20\/marcos-navarro-de-cataguases-e-o-novo-secretario-de-desenvolvimento-do-espirito-santo\/","og_site_name":"Marcelo Lopes","article_publisher":"https:\/\/www.facebook.com\/sitedomarcelolopes","article_published_time":"2019-08-21T00:00:21+00:00","og_image":[{"width":800,"height":605,"url":"https:\/\/marcelolopes.jor.br\/site\/wp-content\/uploads\/2019\/08\/58cceb60-a4e7-0137-46d7-6231c35b6685-minified.jpg","type":"image\/jpeg"}],"author":"Marcelo Lopes","twitter_card":"summary_large_image","twitter_misc":{"Escrito por":"Marcelo Lopes","Est. tempo de leitura":"2 minutos"},"schema":{"@context":"https:\/\/schema.org","@graph":[{"@type":"NewsArticle","@id":"https:\/\/marcelolopes.jor.br\/site\/2019\/08\/20\/marcos-navarro-de-cataguases-e-o-novo-secretario-de-desenvolvimento-do-espirito-santo\/#article","isPartOf":{"@id":"https:\/\/marcelolopes.jor.br\/site\/2019\/08\/20\/marcos-navarro-de-cataguases-e-o-novo-secretario-de-desenvolvimento-do-espirito-santo\/"},"author":{"name":"Marcelo Lopes","@id":"https:\/\/marcelolopes.jor.br\/site\/#\/schema\/person\/3e7216a35c34d8fdf952b31da3d1f89f"},"headline":"Marcos Navarro, de Cataguases, \u00e9 o novo secret\u00e1rio de Desenvolvimento do Espirito Santo","datePublished":"2019-08-21T00:00:21+00:00","mainEntityOfPage":{"@id":"https:\/\/marcelolopes.jor.br\/site\/2019\/08\/20\/marcos-navarro-de-cataguases-e-o-novo-secretario-de-desenvolvimento-do-espirito-santo\/"},"wordCount":360,"commentCount":0,"publisher":{"@id":"https:\/\/marcelolopes.jor.br\/site\/#organization"},"image":{"@id":"https:\/\/marcelolopes.jor.br\/site\/2019\/08\/20\/marcos-navarro-de-cataguases-e-o-novo-secretario-de-desenvolvimento-do-espirito-santo\/#primaryimage"},"thumbnailUrl":"https:\/\/marcelolopes.jor.br\/site\/wp-content\/uploads\/2019\/08\/58cceb60-a4e7-0137-46d7-6231c35b6685-minified.jpg","keywords":["Esp\u00edrito Santo","governador","Marcos Navarro","Secret\u00e1rio"],"articleSection":["Not\u00edcias"],"inLanguage":"pt-BR","potentialAction":[{"@type":"CommentAction","name":"Comment","target":["https:\/\/marcelolopes.jor.br\/site\/2019\/08\/20\/marcos-navarro-de-cataguases-e-o-novo-secretario-de-desenvolvimento-do-espirito-santo\/#respond"]}]},{"@type":"WebPage","@id":"https:\/\/marcelolopes.jor.br\/site\/2019\/08\/20\/marcos-navarro-de-cataguases-e-o-novo-secretario-de-desenvolvimento-do-espirito-santo\/","url":"https:\/\/marcelolopes.jor.br\/site\/2019\/08\/20\/marcos-navarro-de-cataguases-e-o-novo-secretario-de-desenvolvimento-do-espirito-santo\/","name":"Marcos Navarro, de Cataguases, \u00e9 o novo secret\u00e1rio de Desenvolvimento do Espirito Santo | Marcelo Lopes","isPartOf":{"@id":"https:\/\/marcelolopes.jor.br\/site\/#website"},"primaryImageOfPage":{"@id":"https:\/\/marcelolopes.jor.br\/site\/2019\/08\/20\/marcos-navarro-de-cataguases-e-o-novo-secretario-de-desenvolvimento-do-espirito-santo\/#primaryimage"},"image":{"@id":"https:\/\/marcelolopes.jor.br\/site\/2019\/08\/20\/marcos-navarro-de-cataguases-e-o-novo-secretario-de-desenvolvimento-do-espirito-santo\/#primaryimage"},"thumbnailUrl":"https:\/\/marcelolopes.jor.br\/site\/wp-content\/uploads\/2019\/08\/58cceb60-a4e7-0137-46d7-6231c35b6685-minified.jpg","datePublished":"2019-08-21T00:00:21+00:00","breadcrumb":{"@id":"https:\/\/marcelolopes.jor.br\/site\/2019\/08\/20\/marcos-navarro-de-cataguases-e-o-novo-secretario-de-desenvolvimento-do-espirito-santo\/#breadcrumb"},"inLanguage":"pt-BR","potentialAction":[{"@type":"ReadAction","target":["https:\/\/marcelolopes.jor.br\/site\/2019\/08\/20\/marcos-navarro-de-cataguases-e-o-novo-secretario-de-desenvolvimento-do-espirito-santo\/"]}]},{"@type":"ImageObject","inLanguage":"pt-BR","@id":"https:\/\/marcelolopes.jor.br\/site\/2019\/08\/20\/marcos-navarro-de-cataguases-e-o-novo-secretario-de-desenvolvimento-do-espirito-santo\/#primaryimage","url":"https:\/\/marcelolopes.jor.br\/site\/wp-content\/uploads\/2019\/08\/58cceb60-a4e7-0137-46d7-6231c35b6685-minified.jpg","contentUrl":"https:\/\/marcelolopes.jor.br\/site\/wp-content\/uploads\/2019\/08\/58cceb60-a4e7-0137-46d7-6231c35b6685-minified.jpg","width":800,"height":605},{"@type":"BreadcrumbList","@id":"https:\/\/marcelolopes.jor.br\/site\/2019\/08\/20\/marcos-navarro-de-cataguases-e-o-novo-secretario-de-desenvolvimento-do-espirito-santo\/#breadcrumb","itemListElement":[{"@type":"ListItem","position":1,"name":"Home","item":"https:\/\/marcelolopes.jor.br\/site\/"},{"@type":"ListItem","position":2,"name":"Marcos Navarro, de Cataguases, \u00e9 o novo secret\u00e1rio de Desenvolvimento do Espirito Santo"}]},{"@type":"WebSite","@id":"https:\/\/marcelolopes.jor.br\/site\/#website","url":"https:\/\/marcelolopes.jor.br\/site\/","name":"Marcelo Lopes","description":"Not\u00edcias de Cataguases e Regi\u00e3o","publisher":{"@id":"https:\/\/marcelolopes.jor.br\/site\/#organization"},"potentialAction":[{"@type":"SearchAction","target":{"@type":"EntryPoint","urlTemplate":"https:\/\/marcelolopes.jor.br\/site\/?s={search_term_string}"},"query-input":{"@type":"PropertyValueSpecification","valueRequired":true,"valueName":"search_term_string"}}],"inLanguage":"pt-BR"},{"@type":"Organization","@id":"https:\/\/marcelolopes.jor.br\/site\/#organization","name":"Site do Marcelo Lopes","url":"https:\/\/marcelolopes.jor.br\/site\/","logo":{"@type":"ImageObject","inLanguage":"pt-BR","@id":"https:\/\/marcelolopes.jor.br\/site\/#\/schema\/logo\/image\/","url":"https:\/\/marcelolopes.jor.br\/site\/wp-content\/uploads\/2024\/11\/logo-1.png","contentUrl":"https:\/\/marcelolopes.jor.br\/site\/wp-content\/uploads\/2024\/11\/logo-1.png","width":475,"height":80,"caption":"Site do Marcelo Lopes"},"image":{"@id":"https:\/\/marcelolopes.jor.br\/site\/#\/schema\/logo\/image\/"},"sameAs":["https:\/\/www.facebook.com\/sitedomarcelolopes","https:\/\/www.instagram.com\/sitedomarcelolopes\/","https:\/\/www.linkedin.com\/company\/site-do-marcelo-lopes\/","https:\/\/www.youtube.com\/user\/marcelolopes957"]},{"@type":"Person","@id":"https:\/\/marcelolopes.jor.br\/site\/#\/schema\/person\/3e7216a35c34d8fdf952b31da3d1f89f","name":"Marcelo Lopes","sameAs":["http:\/\/www.marcelolopes.jor.br"],"url":"https:\/\/marcelolopes.jor.br\/site\/author\/marcelo\/"}]}},"wps_subtitle":"Ele assume a pasta na pr\u00f3xima segunda-feira. Navarro \u00e9 filho da ex-presidente do Lions, Wanda Kneip","_links":{"self":[{"href":"https:\/\/marcelolopes.jor.br\/site\/wp-json\/wp\/v2\/posts\/4910","targetHints":{"allow":["GET"]}}],"collection":[{"href":"https:\/\/marcelolopes.jor.br\/site\/wp-json\/wp\/v2\/posts"}],"about":[{"href":"https:\/\/marcelolopes.jor.br\/site\/wp-json\/wp\/v2\/types\/post"}],"author":[{"embeddable":true,"href":"https:\/\/marcelolopes.jor.br\/site\/wp-json\/wp\/v2\/users\/2"}],"replies":[{"embeddable":true,"href":"https:\/\/marcelolopes.jor.br\/site\/wp-json\/wp\/v2\/comments?post=4910"}],"version-history":[{"count":0,"href":"https:\/\/marcelolopes.jor.br\/site\/wp-json\/wp\/v2\/posts\/4910\/revisions"}],"wp:featuredmedia":[{"embeddable":true,"href":"https:\/\/marcelolopes.jor.br\/site\/wp-json\/wp\/v2\/media\/4911"}],"wp:attachment":[{"href":"https:\/\/marcelolopes.jor.br\/site\/wp-json\/wp\/v2\/media?parent=4910"}],"wp:term":[{"taxonomy":"category","embeddable":true,"href":"https:\/\/marcelolopes.jor.br\/site\/wp-json\/wp\/v2\/categories?post=4910"},{"taxonomy":"post_tag","embeddable":true,"href":"https:\/\/marcelolopes.jor.br\/site\/wp-json\/wp\/v2\/tags?post=4910"}],"curies":[{"name":"wp","href":"https:\/\/api.w.org\/{rel}","templated":true}]}}