{"id":4882,"date":"2019-08-21T07:00:14","date_gmt":"2019-08-21T10:00:14","guid":{"rendered":"https:\/\/marcelolopes.jor.br\/?p=4882"},"modified":"2019-08-20T14:49:22","modified_gmt":"2019-08-20T17:49:22","slug":"cresce-o-numero-de-microempreendedores-individuais-em-cataguases","status":"publish","type":"post","link":"https:\/\/marcelolopes.jor.br\/site\/2019\/08\/21\/cresce-o-numero-de-microempreendedores-individuais-em-cataguases\/","title":{"rendered":"Cresce o n\u00famero de microempreendedores individuais em Cataguases"},"content":{"rendered":"<p style=\"text-align: justify;\">Em agosto, Minas Gerais fechou o saldo de formaliza\u00e7\u00e3o com mais de 1 milh\u00e3o de Microempreendedores Individuais (MEI). Criado h\u00e1 10 anos, a figura jur\u00eddica do MEI representa hoje 67% dos pequenos neg\u00f3cios mineiros optantes pelo Simples Nacional. Em Cataguases eram MEI at\u00e9 o final de 2018, 3.292 profissionais. Este n\u00famero subiu para 3.575 em agosto deste ano, conforme dados do SEBRAE-MG. A situa\u00e7\u00e3o em Leopoldina tamb\u00e9m melhorou. Em 2018 eram 2.369 MEI`s e agora em agosto, 2.617.<!--more--><\/p>\n<p style=\"text-align: justify;\">De acordo com um levantamento feito pelo Sebrae com base nos dados do Portal do Empreendedor, Minas Gerais com 1.000.493 MEI, Rio de Janeiro (1.016.580 MEI) e S\u00e3o Paulo (2.345.332 MEI) s\u00e3o os \u00fanicos estados que conseguiram ultrapassar a marca de 1 milh\u00e3o de formalizados (at\u00e9 13\/08\/19). Juntos, os tr\u00eas estados correspondem a quase metade (49,8%) dos MEI no Brasil, ou seja, 4,3 milh\u00f5es dos 8,7 milh\u00f5es no pa\u00eds.<\/p>\n<p style=\"text-align: justify;\">\u201cAl\u00e9m das vantagens fiscais e previdenci\u00e1rias criadas pela legisla\u00e7\u00e3o, o aumento de formalizados na categoria MEI se deve tamb\u00e9m a fatores como a necessidade familiar de complemento de renda, devido ao aumento do desemprego nos \u00faltimos anos e, ainda, \u00e0 oportunidade de muitos empreendedores testarem e validarem suas ideias de neg\u00f3cios, com custos menores, antes de evolu\u00edrem o porte da empresa\u201d, justifica analista do Sebrae Minas, Laurana Viana.<\/p>\n<p style=\"text-align: justify;\">No acumulado do per\u00edodo (at\u00e9 13\/08\/19), o setor de servi\u00e7os representou 41% do saldo de formaliza\u00e7\u00f5es no estado, com mais de 400 mil MEI. As atividades com os maiores n\u00fameros de registros s\u00e3o: cabeleireiros, manicure e pedicure (88 mil MEI), com\u00e9rcio varejista de artigos do vestu\u00e1rio e acess\u00f3rios (75 mil MEI), obras de alvenaria (50 mil MEI), promo\u00e7\u00e3o de vendas (27 mil MEI) e lanchonetes, casas de ch\u00e1, de sucos e similares (27 mil MEI).<\/p>\n<p style=\"text-align: justify;\">As regi\u00f5es Centro e Zona da Mata e Vertentes lideram o ranking de formaliza\u00e7\u00f5es e juntas correspondem a quase metade (49%) dos MEI em Minas Gerais. As cidades com os maiores saldos de formalizados s\u00e3o: Belo Horizonte (174 mil MEI), Contagem (39 mil MEI), Uberl\u00e2ndia (38 mil MEI), Juiz de Fora (30 mil MEI) e Betim (23 mil MEI).<\/p>\n<p style=\"text-align: justify;\"><strong>Mudan\u00e7as<\/strong><br \/>\nDesde a Lei Complementar 128, que cria o MEI, a legisla\u00e7\u00e3o tem passado por v\u00e1rias mudan\u00e7as. Uma delas foi em rela\u00e7\u00e3o ao limite de faturamento anual. Inicialmente, poderia se tornar um MEI os empreendedores que tivessem uma renda de at\u00e9 R$ 36 mil por ano, um recurso muito limitado e que favorecia poucos trabalhadores. No decorrer dos anos ocorreram outras duas altera\u00e7\u00f5es do limite de faturamento: em 2012, passou para R$ 60 mil e, em 2018, foi reajustado para R$ 81 mil.<\/p>\n<p style=\"text-align: justify;\">Outra altera\u00e7\u00e3o foi no n\u00famero de ocupa\u00e7\u00f5es permitidas para a formaliza\u00e7\u00e3o. \u201cEm 2008, se restringia a 375 ocupa\u00e7\u00f5es, entre elas ambulante, cabeleireiro, costureira, pintor, encanador e carpinteiro. Ao longo de uma d\u00e9cada, mais 148 ocupa\u00e7\u00f5es foram inclu\u00eddas na lista de atividades, que somam hoje 523 ocupa\u00e7\u00f5es\u201d, explica a analista do Sebrae Minas.<\/p>\n<p style=\"text-align: justify;\">A burocracia tamb\u00e9m foi reduzida. No in\u00edcio, o processo de formaliza\u00e7\u00e3o s\u00f3 era efetivado com a impress\u00e3o de documentos que precisavam ser enviados para as Juntas Comerciais. Ap\u00f3s a automatiza\u00e7\u00e3o do Portal do Empreendedor, o processo passou a ser digital.<\/p>\n<p style=\"text-align: justify;\"><strong>Benef\u00edcios e apoio<\/strong><br \/>\nPara ser MEI, \u00e9 necess\u00e1rio ter um faturamento anual limitado a R$ 81 mil, n\u00e3o ter s\u00f3cio nem filiais, trabalhar sozinho ou ter no m\u00e1ximo um empregado (que receba piso da categoria ou sal\u00e1rio m\u00ednimo) e atuar em uma das ocupa\u00e7\u00f5es permitidas pela Lei. Entre as vantagens est\u00e3o: abrir conta banc\u00e1ria de Pessoa Jur\u00eddica, ter acesso a linhas de cr\u00e9dito com condi\u00e7\u00f5es mais atrativas, participar de licita\u00e7\u00f5es, dentre outros in\u00fameros benef\u00edcios que facilitam o dia a dia.<\/p>\n<p style=\"text-align: justify;\">Ao longo de 10 anos, o Sebrae Minas tem apoiado e desenvolvido a\u00e7\u00f5es para estimular a formaliza\u00e7\u00e3o de MEI no estado. Atualmente, oferece orienta\u00e7\u00f5es e capacita\u00e7\u00f5es para os MEI e empreendedores que querem se formalizar sobre quest\u00f5es legais e gerenciais da empresa como, por exemplo, a Semana do MEI, realizada anualmente. Al\u00e9m disso, atua no fomento \u00e0s pol\u00edticas p\u00fablicas que possibilitam a melhoria do ambiente legal e institucional para o desenvolvimento dos pequenos neg\u00f3cios.<\/p>\n<p>Fonte: Sebrae-MG<\/p>\n<div class=\"upgvr69f732a88ec1b\" ><br><\/div><style type=\"text\/css\">\r\n@media screen and (min-width: 1201px) {\r\n.upgvr69f732a88ec1b {\r\ndisplay: block;\r\n}\r\n}\r\n@media screen and (min-width: 993px) and (max-width: 1200px) {\r\n.upgvr69f732a88ec1b {\r\ndisplay: block;\r\n}\r\n}\r\n@media screen and (min-width: 769px) and (max-width: 992px) {\r\n.upgvr69f732a88ec1b {\r\ndisplay: block;\r\n}\r\n}\r\n@media screen and (min-width: 768px) and (max-width: 768px) {\r\n.upgvr69f732a88ec1b {\r\ndisplay: block;\r\n}\r\n}\r\n@media screen and (max-width: 767px) {\r\n.upgvr69f732a88ec1b {\r\ndisplay: block;\r\n}\r\n}\r\n<\/style>\r\n<div class=\"smoto69f732a894a51\" ><div id=\"div_destino\"><\/div>\r\n<script src=\"https:\/\/cdn.snsrsv.com\/sdk.js\"><\/script>\r\n<script >\r\n      new sdk(\"464030C30061EA8BE065000000000001\") \r\n          .appendTo(\"div_destino\")\r\n          .disableStyle(true) \r\n          .setCacheBusterMacro(\"%%CACHEBUSTER%%\")\r\n          .setSize(\"800\",\"214\")\r\n          .setClickMacro(\"%%CLICK_URL_ESC%%\") \r\n          .setReferrerUrlMacro(\"%%REFERRER_URL_ESC%%\") \r\n          .start(); \r\n<\/script><\/div><style type=\"text\/css\">\r\n@media screen and (min-width: 1201px) {\r\n.smoto69f732a894a51 {\r\ndisplay: block;\r\n}\r\n}\r\n@media screen and (min-width: 993px) and (max-width: 1200px) {\r\n.smoto69f732a894a51 {\r\ndisplay: block;\r\n}\r\n}\r\n@media screen and (min-width: 769px) and (max-width: 992px) {\r\n.smoto69f732a894a51 {\r\ndisplay: block;\r\n}\r\n}\r\n@media screen and (min-width: 768px) and (max-width: 768px) {\r\n.smoto69f732a894a51 {\r\ndisplay: block;\r\n}\r\n}\r\n@media screen and (max-width: 767px) {\r\n.smoto69f732a894a51 {\r\ndisplay: block;\r\n}\r\n}\r\n<\/style>\r\n","protected":false},"excerpt":{"rendered":"<p>Em agosto, Minas Gerais fechou o saldo de formaliza\u00e7\u00e3o com mais de 1 milh\u00e3o de Microempreendedores Individuais (MEI). Criado h\u00e1 10 anos, a figura jur\u00eddica do MEI representa hoje 67% dos pequenos neg\u00f3cios mineiros optantes pelo Simples Nacional. Em Cataguases<\/p>\n<p class=\"link-more\"><a class=\"more-link\" href=\"https:\/\/marcelolopes.jor.br\/site\/2019\/08\/21\/cresce-o-numero-de-microempreendedores-individuais-em-cataguases\/\">Leia mais <span class=\"screen-reader-text\">Cresce o n\u00famero de microempreendedores individuais em Cataguases<\/span><\/a><\/p>\n","protected":false},"author":2,"featured_media":4884,"comment_status":"open","ping_status":"open","sticky":false,"template":"","format":"standard","meta":{"footnotes":""},"categories":[1],"tags":[1042,706,179,178],"class_list":["post-4882","post","type-post","status-publish","format-standard","has-post-thumbnail","hentry","category-noticias","tag-emprego-e-renda","tag-microempreendedor","tag-sebrae-mg","tag-semana-mei","thumb-below-title"],"yoast_head":"<!-- This site is optimized with the Yoast SEO plugin v27.4 - https:\/\/yoast.com\/product\/yoast-seo-wordpress\/ -->\n<title>Cresce o n\u00famero de microempreendedores individuais em Cataguases | Marcelo Lopes<\/title>\n<meta name=\"robots\" content=\"index, follow, max-snippet:-1, max-image-preview:large, max-video-preview:-1\" \/>\n<link rel=\"canonical\" href=\"https:\/\/marcelolopes.jor.br\/site\/2019\/08\/21\/cresce-o-numero-de-microempreendedores-individuais-em-cataguases\/\" \/>\n<meta property=\"og:locale\" content=\"pt_BR\" \/>\n<meta property=\"og:type\" content=\"article\" \/>\n<meta property=\"og:title\" content=\"Cresce o n\u00famero de microempreendedores individuais em Cataguases | Marcelo Lopes\" \/>\n<meta property=\"og:description\" content=\"Em agosto, Minas Gerais fechou o saldo de formaliza\u00e7\u00e3o com mais de 1 milh\u00e3o de Microempreendedores Individuais (MEI). Criado h\u00e1 10 anos, a figura jur\u00eddica do MEI representa hoje 67% dos pequenos neg\u00f3cios mineiros optantes pelo Simples Nacional. Em CataguasesLeia mais Cresce o n\u00famero de microempreendedores individuais em Cataguases\" \/>\n<meta property=\"og:url\" content=\"https:\/\/marcelolopes.jor.br\/site\/2019\/08\/21\/cresce-o-numero-de-microempreendedores-individuais-em-cataguases\/\" \/>\n<meta property=\"og:site_name\" content=\"Marcelo Lopes\" \/>\n<meta property=\"article:publisher\" content=\"https:\/\/www.facebook.com\/sitedomarcelolopes\" \/>\n<meta property=\"article:published_time\" content=\"2019-08-21T10:00:14+00:00\" \/>\n<meta property=\"og:image\" content=\"https:\/\/marcelolopes.jor.br\/site\/wp-content\/uploads\/2019\/08\/micro.jpg\" \/>\n\t<meta property=\"og:image:width\" content=\"984\" \/>\n\t<meta property=\"og:image:height\" content=\"616\" \/>\n\t<meta property=\"og:image:type\" content=\"image\/jpeg\" \/>\n<meta name=\"author\" content=\"Marcelo Lopes\" \/>\n<meta name=\"twitter:card\" content=\"summary_large_image\" \/>\n<meta name=\"twitter:label1\" content=\"Escrito por\" \/>\n\t<meta name=\"twitter:data1\" content=\"Marcelo Lopes\" \/>\n\t<meta name=\"twitter:label2\" content=\"Est. tempo de leitura\" \/>\n\t<meta name=\"twitter:data2\" content=\"4 minutos\" \/>\n<script type=\"application\/ld+json\" class=\"yoast-schema-graph\">{\"@context\":\"https:\\\/\\\/schema.org\",\"@graph\":[{\"@type\":\"NewsArticle\",\"@id\":\"https:\\\/\\\/marcelolopes.jor.br\\\/site\\\/2019\\\/08\\\/21\\\/cresce-o-numero-de-microempreendedores-individuais-em-cataguases\\\/#article\",\"isPartOf\":{\"@id\":\"https:\\\/\\\/marcelolopes.jor.br\\\/site\\\/2019\\\/08\\\/21\\\/cresce-o-numero-de-microempreendedores-individuais-em-cataguases\\\/\"},\"author\":{\"name\":\"Marcelo Lopes\",\"@id\":\"https:\\\/\\\/marcelolopes.jor.br\\\/site\\\/#\\\/schema\\\/person\\\/3e7216a35c34d8fdf952b31da3d1f89f\"},\"headline\":\"Cresce o n\u00famero de microempreendedores individuais em Cataguases\",\"datePublished\":\"2019-08-21T10:00:14+00:00\",\"mainEntityOfPage\":{\"@id\":\"https:\\\/\\\/marcelolopes.jor.br\\\/site\\\/2019\\\/08\\\/21\\\/cresce-o-numero-de-microempreendedores-individuais-em-cataguases\\\/\"},\"wordCount\":724,\"commentCount\":0,\"publisher\":{\"@id\":\"https:\\\/\\\/marcelolopes.jor.br\\\/site\\\/#organization\"},\"image\":{\"@id\":\"https:\\\/\\\/marcelolopes.jor.br\\\/site\\\/2019\\\/08\\\/21\\\/cresce-o-numero-de-microempreendedores-individuais-em-cataguases\\\/#primaryimage\"},\"thumbnailUrl\":\"https:\\\/\\\/marcelolopes.jor.br\\\/site\\\/wp-content\\\/uploads\\\/2019\\\/08\\\/micro.jpg\",\"keywords\":[\"emprego e renda\",\"microempreendedor\",\"SEBRAE-MG\",\"Semana MEI\"],\"articleSection\":[\"Not\u00edcias\"],\"inLanguage\":\"pt-BR\",\"potentialAction\":[{\"@type\":\"CommentAction\",\"name\":\"Comment\",\"target\":[\"https:\\\/\\\/marcelolopes.jor.br\\\/site\\\/2019\\\/08\\\/21\\\/cresce-o-numero-de-microempreendedores-individuais-em-cataguases\\\/#respond\"]}]},{\"@type\":\"WebPage\",\"@id\":\"https:\\\/\\\/marcelolopes.jor.br\\\/site\\\/2019\\\/08\\\/21\\\/cresce-o-numero-de-microempreendedores-individuais-em-cataguases\\\/\",\"url\":\"https:\\\/\\\/marcelolopes.jor.br\\\/site\\\/2019\\\/08\\\/21\\\/cresce-o-numero-de-microempreendedores-individuais-em-cataguases\\\/\",\"name\":\"Cresce o n\u00famero de microempreendedores individuais em Cataguases | Marcelo Lopes\",\"isPartOf\":{\"@id\":\"https:\\\/\\\/marcelolopes.jor.br\\\/site\\\/#website\"},\"primaryImageOfPage\":{\"@id\":\"https:\\\/\\\/marcelolopes.jor.br\\\/site\\\/2019\\\/08\\\/21\\\/cresce-o-numero-de-microempreendedores-individuais-em-cataguases\\\/#primaryimage\"},\"image\":{\"@id\":\"https:\\\/\\\/marcelolopes.jor.br\\\/site\\\/2019\\\/08\\\/21\\\/cresce-o-numero-de-microempreendedores-individuais-em-cataguases\\\/#primaryimage\"},\"thumbnailUrl\":\"https:\\\/\\\/marcelolopes.jor.br\\\/site\\\/wp-content\\\/uploads\\\/2019\\\/08\\\/micro.jpg\",\"datePublished\":\"2019-08-21T10:00:14+00:00\",\"breadcrumb\":{\"@id\":\"https:\\\/\\\/marcelolopes.jor.br\\\/site\\\/2019\\\/08\\\/21\\\/cresce-o-numero-de-microempreendedores-individuais-em-cataguases\\\/#breadcrumb\"},\"inLanguage\":\"pt-BR\",\"potentialAction\":[{\"@type\":\"ReadAction\",\"target\":[\"https:\\\/\\\/marcelolopes.jor.br\\\/site\\\/2019\\\/08\\\/21\\\/cresce-o-numero-de-microempreendedores-individuais-em-cataguases\\\/\"]}]},{\"@type\":\"ImageObject\",\"inLanguage\":\"pt-BR\",\"@id\":\"https:\\\/\\\/marcelolopes.jor.br\\\/site\\\/2019\\\/08\\\/21\\\/cresce-o-numero-de-microempreendedores-individuais-em-cataguases\\\/#primaryimage\",\"url\":\"https:\\\/\\\/marcelolopes.jor.br\\\/site\\\/wp-content\\\/uploads\\\/2019\\\/08\\\/micro.jpg\",\"contentUrl\":\"https:\\\/\\\/marcelolopes.jor.br\\\/site\\\/wp-content\\\/uploads\\\/2019\\\/08\\\/micro.jpg\",\"width\":984,\"height\":616},{\"@type\":\"BreadcrumbList\",\"@id\":\"https:\\\/\\\/marcelolopes.jor.br\\\/site\\\/2019\\\/08\\\/21\\\/cresce-o-numero-de-microempreendedores-individuais-em-cataguases\\\/#breadcrumb\",\"itemListElement\":[{\"@type\":\"ListItem\",\"position\":1,\"name\":\"Home\",\"item\":\"https:\\\/\\\/marcelolopes.jor.br\\\/site\\\/\"},{\"@type\":\"ListItem\",\"position\":2,\"name\":\"Cresce o n\u00famero de microempreendedores individuais em Cataguases\"}]},{\"@type\":\"WebSite\",\"@id\":\"https:\\\/\\\/marcelolopes.jor.br\\\/site\\\/#website\",\"url\":\"https:\\\/\\\/marcelolopes.jor.br\\\/site\\\/\",\"name\":\"Marcelo Lopes\",\"description\":\"Not\u00edcias de Cataguases e Regi\u00e3o\",\"publisher\":{\"@id\":\"https:\\\/\\\/marcelolopes.jor.br\\\/site\\\/#organization\"},\"potentialAction\":[{\"@type\":\"SearchAction\",\"target\":{\"@type\":\"EntryPoint\",\"urlTemplate\":\"https:\\\/\\\/marcelolopes.jor.br\\\/site\\\/?s={search_term_string}\"},\"query-input\":{\"@type\":\"PropertyValueSpecification\",\"valueRequired\":true,\"valueName\":\"search_term_string\"}}],\"inLanguage\":\"pt-BR\"},{\"@type\":\"Organization\",\"@id\":\"https:\\\/\\\/marcelolopes.jor.br\\\/site\\\/#organization\",\"name\":\"Site do Marcelo Lopes\",\"url\":\"https:\\\/\\\/marcelolopes.jor.br\\\/site\\\/\",\"logo\":{\"@type\":\"ImageObject\",\"inLanguage\":\"pt-BR\",\"@id\":\"https:\\\/\\\/marcelolopes.jor.br\\\/site\\\/#\\\/schema\\\/logo\\\/image\\\/\",\"url\":\"https:\\\/\\\/marcelolopes.jor.br\\\/site\\\/wp-content\\\/uploads\\\/2024\\\/11\\\/logo-1.png\",\"contentUrl\":\"https:\\\/\\\/marcelolopes.jor.br\\\/site\\\/wp-content\\\/uploads\\\/2024\\\/11\\\/logo-1.png\",\"width\":475,\"height\":80,\"caption\":\"Site do Marcelo Lopes\"},\"image\":{\"@id\":\"https:\\\/\\\/marcelolopes.jor.br\\\/site\\\/#\\\/schema\\\/logo\\\/image\\\/\"},\"sameAs\":[\"https:\\\/\\\/www.facebook.com\\\/sitedomarcelolopes\",\"https:\\\/\\\/www.instagram.com\\\/sitedomarcelolopes\\\/\",\"https:\\\/\\\/www.linkedin.com\\\/company\\\/site-do-marcelo-lopes\\\/\",\"https:\\\/\\\/www.youtube.com\\\/user\\\/marcelolopes957\"]},{\"@type\":\"Person\",\"@id\":\"https:\\\/\\\/marcelolopes.jor.br\\\/site\\\/#\\\/schema\\\/person\\\/3e7216a35c34d8fdf952b31da3d1f89f\",\"name\":\"Marcelo Lopes\",\"sameAs\":[\"http:\\\/\\\/www.marcelolopes.jor.br\"],\"url\":\"https:\\\/\\\/marcelolopes.jor.br\\\/site\\\/author\\\/marcelo\\\/\"}]}<\/script>\n<!-- \/ Yoast SEO plugin. -->","yoast_head_json":{"title":"Cresce o n\u00famero de microempreendedores individuais em Cataguases | Marcelo Lopes","robots":{"index":"index","follow":"follow","max-snippet":"max-snippet:-1","max-image-preview":"max-image-preview:large","max-video-preview":"max-video-preview:-1"},"canonical":"https:\/\/marcelolopes.jor.br\/site\/2019\/08\/21\/cresce-o-numero-de-microempreendedores-individuais-em-cataguases\/","og_locale":"pt_BR","og_type":"article","og_title":"Cresce o n\u00famero de microempreendedores individuais em Cataguases | Marcelo Lopes","og_description":"Em agosto, Minas Gerais fechou o saldo de formaliza\u00e7\u00e3o com mais de 1 milh\u00e3o de Microempreendedores Individuais (MEI). Criado h\u00e1 10 anos, a figura jur\u00eddica do MEI representa hoje 67% dos pequenos neg\u00f3cios mineiros optantes pelo Simples Nacional. Em CataguasesLeia mais Cresce o n\u00famero de microempreendedores individuais em Cataguases","og_url":"https:\/\/marcelolopes.jor.br\/site\/2019\/08\/21\/cresce-o-numero-de-microempreendedores-individuais-em-cataguases\/","og_site_name":"Marcelo Lopes","article_publisher":"https:\/\/www.facebook.com\/sitedomarcelolopes","article_published_time":"2019-08-21T10:00:14+00:00","og_image":[{"width":984,"height":616,"url":"https:\/\/marcelolopes.jor.br\/site\/wp-content\/uploads\/2019\/08\/micro.jpg","type":"image\/jpeg"}],"author":"Marcelo Lopes","twitter_card":"summary_large_image","twitter_misc":{"Escrito por":"Marcelo Lopes","Est. tempo de leitura":"4 minutos"},"schema":{"@context":"https:\/\/schema.org","@graph":[{"@type":"NewsArticle","@id":"https:\/\/marcelolopes.jor.br\/site\/2019\/08\/21\/cresce-o-numero-de-microempreendedores-individuais-em-cataguases\/#article","isPartOf":{"@id":"https:\/\/marcelolopes.jor.br\/site\/2019\/08\/21\/cresce-o-numero-de-microempreendedores-individuais-em-cataguases\/"},"author":{"name":"Marcelo Lopes","@id":"https:\/\/marcelolopes.jor.br\/site\/#\/schema\/person\/3e7216a35c34d8fdf952b31da3d1f89f"},"headline":"Cresce o n\u00famero de microempreendedores individuais em Cataguases","datePublished":"2019-08-21T10:00:14+00:00","mainEntityOfPage":{"@id":"https:\/\/marcelolopes.jor.br\/site\/2019\/08\/21\/cresce-o-numero-de-microempreendedores-individuais-em-cataguases\/"},"wordCount":724,"commentCount":0,"publisher":{"@id":"https:\/\/marcelolopes.jor.br\/site\/#organization"},"image":{"@id":"https:\/\/marcelolopes.jor.br\/site\/2019\/08\/21\/cresce-o-numero-de-microempreendedores-individuais-em-cataguases\/#primaryimage"},"thumbnailUrl":"https:\/\/marcelolopes.jor.br\/site\/wp-content\/uploads\/2019\/08\/micro.jpg","keywords":["emprego e renda","microempreendedor","SEBRAE-MG","Semana MEI"],"articleSection":["Not\u00edcias"],"inLanguage":"pt-BR","potentialAction":[{"@type":"CommentAction","name":"Comment","target":["https:\/\/marcelolopes.jor.br\/site\/2019\/08\/21\/cresce-o-numero-de-microempreendedores-individuais-em-cataguases\/#respond"]}]},{"@type":"WebPage","@id":"https:\/\/marcelolopes.jor.br\/site\/2019\/08\/21\/cresce-o-numero-de-microempreendedores-individuais-em-cataguases\/","url":"https:\/\/marcelolopes.jor.br\/site\/2019\/08\/21\/cresce-o-numero-de-microempreendedores-individuais-em-cataguases\/","name":"Cresce o n\u00famero de microempreendedores individuais em Cataguases | Marcelo Lopes","isPartOf":{"@id":"https:\/\/marcelolopes.jor.br\/site\/#website"},"primaryImageOfPage":{"@id":"https:\/\/marcelolopes.jor.br\/site\/2019\/08\/21\/cresce-o-numero-de-microempreendedores-individuais-em-cataguases\/#primaryimage"},"image":{"@id":"https:\/\/marcelolopes.jor.br\/site\/2019\/08\/21\/cresce-o-numero-de-microempreendedores-individuais-em-cataguases\/#primaryimage"},"thumbnailUrl":"https:\/\/marcelolopes.jor.br\/site\/wp-content\/uploads\/2019\/08\/micro.jpg","datePublished":"2019-08-21T10:00:14+00:00","breadcrumb":{"@id":"https:\/\/marcelolopes.jor.br\/site\/2019\/08\/21\/cresce-o-numero-de-microempreendedores-individuais-em-cataguases\/#breadcrumb"},"inLanguage":"pt-BR","potentialAction":[{"@type":"ReadAction","target":["https:\/\/marcelolopes.jor.br\/site\/2019\/08\/21\/cresce-o-numero-de-microempreendedores-individuais-em-cataguases\/"]}]},{"@type":"ImageObject","inLanguage":"pt-BR","@id":"https:\/\/marcelolopes.jor.br\/site\/2019\/08\/21\/cresce-o-numero-de-microempreendedores-individuais-em-cataguases\/#primaryimage","url":"https:\/\/marcelolopes.jor.br\/site\/wp-content\/uploads\/2019\/08\/micro.jpg","contentUrl":"https:\/\/marcelolopes.jor.br\/site\/wp-content\/uploads\/2019\/08\/micro.jpg","width":984,"height":616},{"@type":"BreadcrumbList","@id":"https:\/\/marcelolopes.jor.br\/site\/2019\/08\/21\/cresce-o-numero-de-microempreendedores-individuais-em-cataguases\/#breadcrumb","itemListElement":[{"@type":"ListItem","position":1,"name":"Home","item":"https:\/\/marcelolopes.jor.br\/site\/"},{"@type":"ListItem","position":2,"name":"Cresce o n\u00famero de microempreendedores individuais em Cataguases"}]},{"@type":"WebSite","@id":"https:\/\/marcelolopes.jor.br\/site\/#website","url":"https:\/\/marcelolopes.jor.br\/site\/","name":"Marcelo Lopes","description":"Not\u00edcias de Cataguases e Regi\u00e3o","publisher":{"@id":"https:\/\/marcelolopes.jor.br\/site\/#organization"},"potentialAction":[{"@type":"SearchAction","target":{"@type":"EntryPoint","urlTemplate":"https:\/\/marcelolopes.jor.br\/site\/?s={search_term_string}"},"query-input":{"@type":"PropertyValueSpecification","valueRequired":true,"valueName":"search_term_string"}}],"inLanguage":"pt-BR"},{"@type":"Organization","@id":"https:\/\/marcelolopes.jor.br\/site\/#organization","name":"Site do Marcelo Lopes","url":"https:\/\/marcelolopes.jor.br\/site\/","logo":{"@type":"ImageObject","inLanguage":"pt-BR","@id":"https:\/\/marcelolopes.jor.br\/site\/#\/schema\/logo\/image\/","url":"https:\/\/marcelolopes.jor.br\/site\/wp-content\/uploads\/2024\/11\/logo-1.png","contentUrl":"https:\/\/marcelolopes.jor.br\/site\/wp-content\/uploads\/2024\/11\/logo-1.png","width":475,"height":80,"caption":"Site do Marcelo Lopes"},"image":{"@id":"https:\/\/marcelolopes.jor.br\/site\/#\/schema\/logo\/image\/"},"sameAs":["https:\/\/www.facebook.com\/sitedomarcelolopes","https:\/\/www.instagram.com\/sitedomarcelolopes\/","https:\/\/www.linkedin.com\/company\/site-do-marcelo-lopes\/","https:\/\/www.youtube.com\/user\/marcelolopes957"]},{"@type":"Person","@id":"https:\/\/marcelolopes.jor.br\/site\/#\/schema\/person\/3e7216a35c34d8fdf952b31da3d1f89f","name":"Marcelo Lopes","sameAs":["http:\/\/www.marcelolopes.jor.br"],"url":"https:\/\/marcelolopes.jor.br\/site\/author\/marcelo\/"}]}},"wps_subtitle":"Informa\u00e7\u00e3o foi divulgada pelo Sebrae-MG. Cataguases possui 3.575 MEI`s formalizados.","_links":{"self":[{"href":"https:\/\/marcelolopes.jor.br\/site\/wp-json\/wp\/v2\/posts\/4882","targetHints":{"allow":["GET"]}}],"collection":[{"href":"https:\/\/marcelolopes.jor.br\/site\/wp-json\/wp\/v2\/posts"}],"about":[{"href":"https:\/\/marcelolopes.jor.br\/site\/wp-json\/wp\/v2\/types\/post"}],"author":[{"embeddable":true,"href":"https:\/\/marcelolopes.jor.br\/site\/wp-json\/wp\/v2\/users\/2"}],"replies":[{"embeddable":true,"href":"https:\/\/marcelolopes.jor.br\/site\/wp-json\/wp\/v2\/comments?post=4882"}],"version-history":[{"count":0,"href":"https:\/\/marcelolopes.jor.br\/site\/wp-json\/wp\/v2\/posts\/4882\/revisions"}],"wp:featuredmedia":[{"embeddable":true,"href":"https:\/\/marcelolopes.jor.br\/site\/wp-json\/wp\/v2\/media\/4884"}],"wp:attachment":[{"href":"https:\/\/marcelolopes.jor.br\/site\/wp-json\/wp\/v2\/media?parent=4882"}],"wp:term":[{"taxonomy":"category","embeddable":true,"href":"https:\/\/marcelolopes.jor.br\/site\/wp-json\/wp\/v2\/categories?post=4882"},{"taxonomy":"post_tag","embeddable":true,"href":"https:\/\/marcelolopes.jor.br\/site\/wp-json\/wp\/v2\/tags?post=4882"}],"curies":[{"name":"wp","href":"https:\/\/api.w.org\/{rel}","templated":true}]}}