{"id":4832,"date":"2019-08-19T12:00:46","date_gmt":"2019-08-19T15:00:46","guid":{"rendered":"https:\/\/marcelolopes.jor.br\/?p=4832"},"modified":"2019-08-19T12:06:24","modified_gmt":"2019-08-19T15:06:24","slug":"medidas-preventivas-da-pm-garantem-festa-tranquila-em-astolfo-dutra","status":"publish","type":"post","link":"https:\/\/marcelolopes.jor.br\/site\/2019\/08\/19\/medidas-preventivas-da-pm-garantem-festa-tranquila-em-astolfo-dutra\/","title":{"rendered":"Medidas preventivas da PM garantem festa tranquila em Astolfo Dutra"},"content":{"rendered":"<p style=\"text-align: justify;\">A Pol\u00edcia Militar, atrav\u00e9s do comandante do 2\u00ba Pelot\u00e3o, respons\u00e1vel pela seguran\u00e7a nos munic\u00edpios de Astolfo Dutra, Itamarati de Minas e Dona Eus\u00e9bia, Tenente Weslley Jos\u00e9 de Oliveira, divulgou na manh\u00e3 desta segunda-feira, 19 de agosto, o balan\u00e7o das atividades preventivas que antecederam a realiza\u00e7\u00e3o da Expo Astolfo Dutra 2019 e contribu\u00edram, conforme afirmou \u00e0 reportagem do Site do Marcelo Lopes, &#8220;de maneira decisiva para que aquele evento transcorresse em clima de tranquilidade&#8221;.<!--more--><\/p>\n<p style=\"text-align: justify;\">De acordo com aquele oficial os tr\u00eas dias de festa em Astolfo Dutra foram de tranq\u00fcilidade e sem registro de ocorr\u00eancias mais graves. &#8220;N\u00e3o tivemos ocorr\u00eancias de les\u00e3o corporal, nem tampouco de furtos\/roubos, o que demonstra o quanto foi acertado o planejamento que fizemos para este evento que mobilizou a popula\u00e7\u00e3o de toda a regi\u00e3o&#8221;, disse, Tenente Weslley.<\/p>\n<p style=\"text-align: justify;\">Antes da realiza\u00e7\u00e3o da festa, por\u00e9m, entre os dias 15 e 18 de agosto, a equipe comandada por aquele oficial realizou v\u00e1rias opera\u00e7\u00f5es em Astolfo Dutra, Dona Euz\u00e9bia e Itamarati de Minas que resultaram na remo\u00e7\u00e3o de quatro ve\u00edculos e nas seguintes apreens\u00f5es:<\/p>\n<p style=\"text-align: justify;\">&#8211; 11 buchas de maconha;<br \/>\n&#8211; 90 pedras de crack;<br \/>\n&#8211; 05 frascos de &#8220;cheirinho de lol\u00f3&#8221;;<br \/>\n&#8211; 02 tabletes de maconha;<br \/>\n&#8211; 01 pino de coca\u00edna;<br \/>\n&#8211; 11 muni\u00e7\u00f5es de cal 38;<br \/>\n&#8211; 01 arma de fogo;<br \/>\n&#8211; 1400 muni\u00e7\u00f5es; aproximadamente de cal 22;<\/p>\n<p style=\"text-align: justify;\"><img loading=\"lazy\" decoding=\"async\" class=\"aligncenter wp-image-4835\" src=\"https:\/\/marcelolopes.jor.br\/site\/wp-content\/uploads\/2019\/08\/WhatsApp-Image-2019-08-19-at-09.46.58-300x225.jpeg\" alt=\"\" width=\"400\" height=\"300\" srcset=\"https:\/\/marcelolopes.jor.br\/site\/wp-content\/uploads\/2019\/08\/WhatsApp-Image-2019-08-19-at-09.46.58-300x225.jpeg 300w, https:\/\/marcelolopes.jor.br\/site\/wp-content\/uploads\/2019\/08\/WhatsApp-Image-2019-08-19-at-09.46.58-768x576.jpeg 768w, https:\/\/marcelolopes.jor.br\/site\/wp-content\/uploads\/2019\/08\/WhatsApp-Image-2019-08-19-at-09.46.58-1024x768.jpeg 1024w, https:\/\/marcelolopes.jor.br\/site\/wp-content\/uploads\/2019\/08\/WhatsApp-Image-2019-08-19-at-09.46.58-1200x900.jpeg 1200w, https:\/\/marcelolopes.jor.br\/site\/wp-content\/uploads\/2019\/08\/WhatsApp-Image-2019-08-19-at-09.46.58.jpeg 1280w\" sizes=\"auto, (max-width: 400px) 100vw, 400px\" \/>Tamb\u00e9m foi recuperado um ve\u00edculo que havia sido furtado, tr\u00eas pessoas foram presas e outros dois mandados de pris\u00e3o cumpridos. Com rela\u00e7\u00e3o \u00e0 Expo Astolfo Dutra 2019, Tenente Weslley informou que n\u00e3o foi registrado nenhuma ocorr\u00eancia policial alusiva \u00e0quela festa nem tampouco na \u00e1rea do Segundo Pelot\u00e3o, registro de crimes violentos neste per\u00edodo. De acordo com aquele comandante, &#8220;as a\u00e7\u00f5es preventivas, como blitzes realizadas nas entradas\/sa\u00eddas da cidade, visaram combater o crime e dar maior sensa\u00e7\u00e3o de seguran\u00e7a para o cidad\u00e3o de bem que deslocou para festa&#8221;, analisou. Tenente Weslley completou dizendo que &#8220;embora a Pol\u00edcia j\u00e1 tivesse feito campanhas educativas, orienta\u00e7\u00f5es nos meios de comunica\u00e7\u00e3o, os militares flagraram diversos ve\u00edculos destrancados, com vidros abertos, entre outras situa\u00e7\u00f5es, que facilitam a a\u00e7\u00e3o de criminosos.&#8221; Neste sentido, ele revela algumas medidas de seguran\u00e7a preconizadas pela Pol\u00edcia Militar. S\u00e3o elas:<\/p>\n<p style=\"text-align: justify;\">&#8211; N\u00e3o deixe ve\u00edculos destrancados e em locais ermos;<br \/>\n&#8211; Procure n\u00e3o deixar bolsas, carteiras, celulares a vista dentro dos ve\u00edculos;<br \/>\n&#8211; Em festas, locais com grande aglomera\u00e7\u00e3o de pessoas, evite andar com celulares nos bolsos de tr\u00e1s das vestimentas;<br \/>\n&#8211; N\u00e3o ande com grande quantia em dinheiro;<br \/>\n&#8211; A qualquer sinal de suspei\u00e7\u00e3o, acione a Pol\u00edcia Militar.<\/p>\n<p><img loading=\"lazy\" decoding=\"async\" class=\"aligncenter wp-image-4836\" src=\"https:\/\/marcelolopes.jor.br\/site\/wp-content\/uploads\/2019\/08\/WhatsApp-Image-2019-08-19-at-09.46.35-300x250.jpeg\" alt=\"\" width=\"400\" height=\"334\" srcset=\"https:\/\/marcelolopes.jor.br\/site\/wp-content\/uploads\/2019\/08\/WhatsApp-Image-2019-08-19-at-09.46.35-300x250.jpeg 300w, https:\/\/marcelolopes.jor.br\/site\/wp-content\/uploads\/2019\/08\/WhatsApp-Image-2019-08-19-at-09.46.35.jpeg 520w\" sizes=\"auto, (max-width: 400px) 100vw, 400px\" \/><\/p>\n<div class=\"whchk69f77d945b5e5\" ><br><\/div><style type=\"text\/css\">\r\n@media screen and (min-width: 1201px) {\r\n.whchk69f77d945b5e5 {\r\ndisplay: block;\r\n}\r\n}\r\n@media screen and (min-width: 993px) and (max-width: 1200px) {\r\n.whchk69f77d945b5e5 {\r\ndisplay: block;\r\n}\r\n}\r\n@media screen and (min-width: 769px) and (max-width: 992px) {\r\n.whchk69f77d945b5e5 {\r\ndisplay: block;\r\n}\r\n}\r\n@media screen and (min-width: 768px) and (max-width: 768px) {\r\n.whchk69f77d945b5e5 {\r\ndisplay: block;\r\n}\r\n}\r\n@media screen and (max-width: 767px) {\r\n.whchk69f77d945b5e5 {\r\ndisplay: block;\r\n}\r\n}\r\n<\/style>\r\n<div class=\"xwheo69f77d94621d5\" ><div id=\"div_destino\"><\/div>\r\n<script src=\"https:\/\/cdn.snsrsv.com\/sdk.js\"><\/script>\r\n<script >\r\n      new sdk(\"464030C30061EA8BE065000000000001\") \r\n          .appendTo(\"div_destino\")\r\n          .disableStyle(true) \r\n          .setCacheBusterMacro(\"%%CACHEBUSTER%%\")\r\n          .setSize(\"800\",\"214\")\r\n          .setClickMacro(\"%%CLICK_URL_ESC%%\") \r\n          .setReferrerUrlMacro(\"%%REFERRER_URL_ESC%%\") \r\n          .start(); \r\n<\/script><\/div><style type=\"text\/css\">\r\n@media screen and (min-width: 1201px) {\r\n.xwheo69f77d94621d5 {\r\ndisplay: block;\r\n}\r\n}\r\n@media screen and (min-width: 993px) and (max-width: 1200px) {\r\n.xwheo69f77d94621d5 {\r\ndisplay: block;\r\n}\r\n}\r\n@media screen and (min-width: 769px) and (max-width: 992px) {\r\n.xwheo69f77d94621d5 {\r\ndisplay: block;\r\n}\r\n}\r\n@media screen and (min-width: 768px) and (max-width: 768px) {\r\n.xwheo69f77d94621d5 {\r\ndisplay: block;\r\n}\r\n}\r\n@media screen and (max-width: 767px) {\r\n.xwheo69f77d94621d5 {\r\ndisplay: block;\r\n}\r\n}\r\n<\/style>\r\n","protected":false},"excerpt":{"rendered":"<p>A Pol\u00edcia Militar, atrav\u00e9s do comandante do 2\u00ba Pelot\u00e3o, respons\u00e1vel pela seguran\u00e7a nos munic\u00edpios de Astolfo Dutra, Itamarati de Minas e Dona Eus\u00e9bia, Tenente Weslley Jos\u00e9 de Oliveira, divulgou na manh\u00e3 desta segunda-feira, 19 de agosto, o balan\u00e7o das atividades<\/p>\n<p class=\"link-more\"><a class=\"more-link\" href=\"https:\/\/marcelolopes.jor.br\/site\/2019\/08\/19\/medidas-preventivas-da-pm-garantem-festa-tranquila-em-astolfo-dutra\/\">Leia mais <span class=\"screen-reader-text\">Medidas preventivas da PM garantem festa tranquila em Astolfo Dutra<\/span><\/a><\/p>\n","protected":false},"author":2,"featured_media":4834,"comment_status":"open","ping_status":"open","sticky":false,"template":"","format":"standard","meta":{"footnotes":""},"categories":[1],"tags":[998,1035,1033,1034],"class_list":["post-4832","post","type-post","status-publish","format-standard","has-post-thumbnail","hentry","category-noticias","tag-expo-2019","tag-expo-astolfo-dutra","tag-operacao-preventiva","tag-policiamento","thumb-below-title"],"yoast_head":"<!-- This site is optimized with the Yoast SEO plugin v27.4 - https:\/\/yoast.com\/product\/yoast-seo-wordpress\/ -->\n<title>Medidas preventivas da PM garantem festa tranquila em Astolfo Dutra | Marcelo Lopes<\/title>\n<meta name=\"robots\" content=\"index, follow, max-snippet:-1, max-image-preview:large, max-video-preview:-1\" \/>\n<link rel=\"canonical\" href=\"https:\/\/marcelolopes.jor.br\/site\/2019\/08\/19\/medidas-preventivas-da-pm-garantem-festa-tranquila-em-astolfo-dutra\/\" \/>\n<meta property=\"og:locale\" content=\"pt_BR\" \/>\n<meta property=\"og:type\" content=\"article\" \/>\n<meta property=\"og:title\" content=\"Medidas preventivas da PM garantem festa tranquila em Astolfo Dutra | Marcelo Lopes\" \/>\n<meta property=\"og:description\" content=\"A Pol\u00edcia Militar, atrav\u00e9s do comandante do 2\u00ba Pelot\u00e3o, respons\u00e1vel pela seguran\u00e7a nos munic\u00edpios de Astolfo Dutra, Itamarati de Minas e Dona Eus\u00e9bia, Tenente Weslley Jos\u00e9 de Oliveira, divulgou na manh\u00e3 desta segunda-feira, 19 de agosto, o balan\u00e7o das atividadesLeia mais Medidas preventivas da PM garantem festa tranquila em Astolfo Dutra\" \/>\n<meta property=\"og:url\" content=\"https:\/\/marcelolopes.jor.br\/site\/2019\/08\/19\/medidas-preventivas-da-pm-garantem-festa-tranquila-em-astolfo-dutra\/\" \/>\n<meta property=\"og:site_name\" content=\"Marcelo Lopes\" \/>\n<meta property=\"article:publisher\" content=\"https:\/\/www.facebook.com\/sitedomarcelolopes\" \/>\n<meta property=\"article:published_time\" content=\"2019-08-19T15:00:46+00:00\" \/>\n<meta property=\"article:modified_time\" content=\"2019-08-19T15:06:24+00:00\" \/>\n<meta property=\"og:image\" content=\"https:\/\/marcelolopes.jor.br\/site\/wp-content\/uploads\/2019\/08\/WhatsApp-Image-2019-08-19-at-09.46.36.jpeg\" \/>\n\t<meta property=\"og:image:width\" content=\"1280\" \/>\n\t<meta property=\"og:image:height\" content=\"960\" \/>\n\t<meta property=\"og:image:type\" content=\"image\/jpeg\" \/>\n<meta name=\"author\" content=\"Marcelo Lopes\" \/>\n<meta name=\"twitter:card\" content=\"summary_large_image\" \/>\n<meta name=\"twitter:label1\" content=\"Escrito por\" \/>\n\t<meta name=\"twitter:data1\" content=\"Marcelo Lopes\" \/>\n\t<meta name=\"twitter:label2\" content=\"Est. tempo de leitura\" \/>\n\t<meta name=\"twitter:data2\" content=\"2 minutos\" \/>\n<script type=\"application\/ld+json\" class=\"yoast-schema-graph\">{\"@context\":\"https:\\\/\\\/schema.org\",\"@graph\":[{\"@type\":\"NewsArticle\",\"@id\":\"https:\\\/\\\/marcelolopes.jor.br\\\/site\\\/2019\\\/08\\\/19\\\/medidas-preventivas-da-pm-garantem-festa-tranquila-em-astolfo-dutra\\\/#article\",\"isPartOf\":{\"@id\":\"https:\\\/\\\/marcelolopes.jor.br\\\/site\\\/2019\\\/08\\\/19\\\/medidas-preventivas-da-pm-garantem-festa-tranquila-em-astolfo-dutra\\\/\"},\"author\":{\"name\":\"Marcelo Lopes\",\"@id\":\"https:\\\/\\\/marcelolopes.jor.br\\\/site\\\/#\\\/schema\\\/person\\\/3e7216a35c34d8fdf952b31da3d1f89f\"},\"headline\":\"Medidas preventivas da PM garantem festa tranquila em Astolfo Dutra\",\"datePublished\":\"2019-08-19T15:00:46+00:00\",\"dateModified\":\"2019-08-19T15:06:24+00:00\",\"mainEntityOfPage\":{\"@id\":\"https:\\\/\\\/marcelolopes.jor.br\\\/site\\\/2019\\\/08\\\/19\\\/medidas-preventivas-da-pm-garantem-festa-tranquila-em-astolfo-dutra\\\/\"},\"wordCount\":470,\"commentCount\":0,\"publisher\":{\"@id\":\"https:\\\/\\\/marcelolopes.jor.br\\\/site\\\/#organization\"},\"image\":{\"@id\":\"https:\\\/\\\/marcelolopes.jor.br\\\/site\\\/2019\\\/08\\\/19\\\/medidas-preventivas-da-pm-garantem-festa-tranquila-em-astolfo-dutra\\\/#primaryimage\"},\"thumbnailUrl\":\"https:\\\/\\\/marcelolopes.jor.br\\\/site\\\/wp-content\\\/uploads\\\/2019\\\/08\\\/WhatsApp-Image-2019-08-19-at-09.46.36.jpeg\",\"keywords\":[\"Expo 2019\",\"Expo Astolfo Dutra\",\"opera\u00e7\u00e3o preventiva\",\"policiamento\"],\"articleSection\":[\"Not\u00edcias\"],\"inLanguage\":\"pt-BR\",\"potentialAction\":[{\"@type\":\"CommentAction\",\"name\":\"Comment\",\"target\":[\"https:\\\/\\\/marcelolopes.jor.br\\\/site\\\/2019\\\/08\\\/19\\\/medidas-preventivas-da-pm-garantem-festa-tranquila-em-astolfo-dutra\\\/#respond\"]}]},{\"@type\":\"WebPage\",\"@id\":\"https:\\\/\\\/marcelolopes.jor.br\\\/site\\\/2019\\\/08\\\/19\\\/medidas-preventivas-da-pm-garantem-festa-tranquila-em-astolfo-dutra\\\/\",\"url\":\"https:\\\/\\\/marcelolopes.jor.br\\\/site\\\/2019\\\/08\\\/19\\\/medidas-preventivas-da-pm-garantem-festa-tranquila-em-astolfo-dutra\\\/\",\"name\":\"Medidas preventivas da PM garantem festa tranquila em Astolfo Dutra | Marcelo Lopes\",\"isPartOf\":{\"@id\":\"https:\\\/\\\/marcelolopes.jor.br\\\/site\\\/#website\"},\"primaryImageOfPage\":{\"@id\":\"https:\\\/\\\/marcelolopes.jor.br\\\/site\\\/2019\\\/08\\\/19\\\/medidas-preventivas-da-pm-garantem-festa-tranquila-em-astolfo-dutra\\\/#primaryimage\"},\"image\":{\"@id\":\"https:\\\/\\\/marcelolopes.jor.br\\\/site\\\/2019\\\/08\\\/19\\\/medidas-preventivas-da-pm-garantem-festa-tranquila-em-astolfo-dutra\\\/#primaryimage\"},\"thumbnailUrl\":\"https:\\\/\\\/marcelolopes.jor.br\\\/site\\\/wp-content\\\/uploads\\\/2019\\\/08\\\/WhatsApp-Image-2019-08-19-at-09.46.36.jpeg\",\"datePublished\":\"2019-08-19T15:00:46+00:00\",\"dateModified\":\"2019-08-19T15:06:24+00:00\",\"breadcrumb\":{\"@id\":\"https:\\\/\\\/marcelolopes.jor.br\\\/site\\\/2019\\\/08\\\/19\\\/medidas-preventivas-da-pm-garantem-festa-tranquila-em-astolfo-dutra\\\/#breadcrumb\"},\"inLanguage\":\"pt-BR\",\"potentialAction\":[{\"@type\":\"ReadAction\",\"target\":[\"https:\\\/\\\/marcelolopes.jor.br\\\/site\\\/2019\\\/08\\\/19\\\/medidas-preventivas-da-pm-garantem-festa-tranquila-em-astolfo-dutra\\\/\"]}]},{\"@type\":\"ImageObject\",\"inLanguage\":\"pt-BR\",\"@id\":\"https:\\\/\\\/marcelolopes.jor.br\\\/site\\\/2019\\\/08\\\/19\\\/medidas-preventivas-da-pm-garantem-festa-tranquila-em-astolfo-dutra\\\/#primaryimage\",\"url\":\"https:\\\/\\\/marcelolopes.jor.br\\\/site\\\/wp-content\\\/uploads\\\/2019\\\/08\\\/WhatsApp-Image-2019-08-19-at-09.46.36.jpeg\",\"contentUrl\":\"https:\\\/\\\/marcelolopes.jor.br\\\/site\\\/wp-content\\\/uploads\\\/2019\\\/08\\\/WhatsApp-Image-2019-08-19-at-09.46.36.jpeg\",\"width\":1280,\"height\":960},{\"@type\":\"BreadcrumbList\",\"@id\":\"https:\\\/\\\/marcelolopes.jor.br\\\/site\\\/2019\\\/08\\\/19\\\/medidas-preventivas-da-pm-garantem-festa-tranquila-em-astolfo-dutra\\\/#breadcrumb\",\"itemListElement\":[{\"@type\":\"ListItem\",\"position\":1,\"name\":\"Home\",\"item\":\"https:\\\/\\\/marcelolopes.jor.br\\\/site\\\/\"},{\"@type\":\"ListItem\",\"position\":2,\"name\":\"Medidas preventivas da PM garantem festa tranquila em Astolfo Dutra\"}]},{\"@type\":\"WebSite\",\"@id\":\"https:\\\/\\\/marcelolopes.jor.br\\\/site\\\/#website\",\"url\":\"https:\\\/\\\/marcelolopes.jor.br\\\/site\\\/\",\"name\":\"Marcelo Lopes\",\"description\":\"Not\u00edcias de Cataguases e Regi\u00e3o\",\"publisher\":{\"@id\":\"https:\\\/\\\/marcelolopes.jor.br\\\/site\\\/#organization\"},\"potentialAction\":[{\"@type\":\"SearchAction\",\"target\":{\"@type\":\"EntryPoint\",\"urlTemplate\":\"https:\\\/\\\/marcelolopes.jor.br\\\/site\\\/?s={search_term_string}\"},\"query-input\":{\"@type\":\"PropertyValueSpecification\",\"valueRequired\":true,\"valueName\":\"search_term_string\"}}],\"inLanguage\":\"pt-BR\"},{\"@type\":\"Organization\",\"@id\":\"https:\\\/\\\/marcelolopes.jor.br\\\/site\\\/#organization\",\"name\":\"Site do Marcelo Lopes\",\"url\":\"https:\\\/\\\/marcelolopes.jor.br\\\/site\\\/\",\"logo\":{\"@type\":\"ImageObject\",\"inLanguage\":\"pt-BR\",\"@id\":\"https:\\\/\\\/marcelolopes.jor.br\\\/site\\\/#\\\/schema\\\/logo\\\/image\\\/\",\"url\":\"https:\\\/\\\/marcelolopes.jor.br\\\/site\\\/wp-content\\\/uploads\\\/2024\\\/11\\\/logo-1.png\",\"contentUrl\":\"https:\\\/\\\/marcelolopes.jor.br\\\/site\\\/wp-content\\\/uploads\\\/2024\\\/11\\\/logo-1.png\",\"width\":475,\"height\":80,\"caption\":\"Site do Marcelo Lopes\"},\"image\":{\"@id\":\"https:\\\/\\\/marcelolopes.jor.br\\\/site\\\/#\\\/schema\\\/logo\\\/image\\\/\"},\"sameAs\":[\"https:\\\/\\\/www.facebook.com\\\/sitedomarcelolopes\",\"https:\\\/\\\/www.instagram.com\\\/sitedomarcelolopes\\\/\",\"https:\\\/\\\/www.linkedin.com\\\/company\\\/site-do-marcelo-lopes\\\/\",\"https:\\\/\\\/www.youtube.com\\\/user\\\/marcelolopes957\"]},{\"@type\":\"Person\",\"@id\":\"https:\\\/\\\/marcelolopes.jor.br\\\/site\\\/#\\\/schema\\\/person\\\/3e7216a35c34d8fdf952b31da3d1f89f\",\"name\":\"Marcelo Lopes\",\"sameAs\":[\"http:\\\/\\\/www.marcelolopes.jor.br\"],\"url\":\"https:\\\/\\\/marcelolopes.jor.br\\\/site\\\/author\\\/marcelo\\\/\"}]}<\/script>\n<!-- \/ Yoast SEO plugin. -->","yoast_head_json":{"title":"Medidas preventivas da PM garantem festa tranquila em Astolfo Dutra | Marcelo Lopes","robots":{"index":"index","follow":"follow","max-snippet":"max-snippet:-1","max-image-preview":"max-image-preview:large","max-video-preview":"max-video-preview:-1"},"canonical":"https:\/\/marcelolopes.jor.br\/site\/2019\/08\/19\/medidas-preventivas-da-pm-garantem-festa-tranquila-em-astolfo-dutra\/","og_locale":"pt_BR","og_type":"article","og_title":"Medidas preventivas da PM garantem festa tranquila em Astolfo Dutra | Marcelo Lopes","og_description":"A Pol\u00edcia Militar, atrav\u00e9s do comandante do 2\u00ba Pelot\u00e3o, respons\u00e1vel pela seguran\u00e7a nos munic\u00edpios de Astolfo Dutra, Itamarati de Minas e Dona Eus\u00e9bia, Tenente Weslley Jos\u00e9 de Oliveira, divulgou na manh\u00e3 desta segunda-feira, 19 de agosto, o balan\u00e7o das atividadesLeia mais Medidas preventivas da PM garantem festa tranquila em Astolfo Dutra","og_url":"https:\/\/marcelolopes.jor.br\/site\/2019\/08\/19\/medidas-preventivas-da-pm-garantem-festa-tranquila-em-astolfo-dutra\/","og_site_name":"Marcelo Lopes","article_publisher":"https:\/\/www.facebook.com\/sitedomarcelolopes","article_published_time":"2019-08-19T15:00:46+00:00","article_modified_time":"2019-08-19T15:06:24+00:00","og_image":[{"width":1280,"height":960,"url":"https:\/\/marcelolopes.jor.br\/site\/wp-content\/uploads\/2019\/08\/WhatsApp-Image-2019-08-19-at-09.46.36.jpeg","type":"image\/jpeg"}],"author":"Marcelo Lopes","twitter_card":"summary_large_image","twitter_misc":{"Escrito por":"Marcelo Lopes","Est. tempo de leitura":"2 minutos"},"schema":{"@context":"https:\/\/schema.org","@graph":[{"@type":"NewsArticle","@id":"https:\/\/marcelolopes.jor.br\/site\/2019\/08\/19\/medidas-preventivas-da-pm-garantem-festa-tranquila-em-astolfo-dutra\/#article","isPartOf":{"@id":"https:\/\/marcelolopes.jor.br\/site\/2019\/08\/19\/medidas-preventivas-da-pm-garantem-festa-tranquila-em-astolfo-dutra\/"},"author":{"name":"Marcelo Lopes","@id":"https:\/\/marcelolopes.jor.br\/site\/#\/schema\/person\/3e7216a35c34d8fdf952b31da3d1f89f"},"headline":"Medidas preventivas da PM garantem festa tranquila em Astolfo Dutra","datePublished":"2019-08-19T15:00:46+00:00","dateModified":"2019-08-19T15:06:24+00:00","mainEntityOfPage":{"@id":"https:\/\/marcelolopes.jor.br\/site\/2019\/08\/19\/medidas-preventivas-da-pm-garantem-festa-tranquila-em-astolfo-dutra\/"},"wordCount":470,"commentCount":0,"publisher":{"@id":"https:\/\/marcelolopes.jor.br\/site\/#organization"},"image":{"@id":"https:\/\/marcelolopes.jor.br\/site\/2019\/08\/19\/medidas-preventivas-da-pm-garantem-festa-tranquila-em-astolfo-dutra\/#primaryimage"},"thumbnailUrl":"https:\/\/marcelolopes.jor.br\/site\/wp-content\/uploads\/2019\/08\/WhatsApp-Image-2019-08-19-at-09.46.36.jpeg","keywords":["Expo 2019","Expo Astolfo Dutra","opera\u00e7\u00e3o preventiva","policiamento"],"articleSection":["Not\u00edcias"],"inLanguage":"pt-BR","potentialAction":[{"@type":"CommentAction","name":"Comment","target":["https:\/\/marcelolopes.jor.br\/site\/2019\/08\/19\/medidas-preventivas-da-pm-garantem-festa-tranquila-em-astolfo-dutra\/#respond"]}]},{"@type":"WebPage","@id":"https:\/\/marcelolopes.jor.br\/site\/2019\/08\/19\/medidas-preventivas-da-pm-garantem-festa-tranquila-em-astolfo-dutra\/","url":"https:\/\/marcelolopes.jor.br\/site\/2019\/08\/19\/medidas-preventivas-da-pm-garantem-festa-tranquila-em-astolfo-dutra\/","name":"Medidas preventivas da PM garantem festa tranquila em Astolfo Dutra | Marcelo Lopes","isPartOf":{"@id":"https:\/\/marcelolopes.jor.br\/site\/#website"},"primaryImageOfPage":{"@id":"https:\/\/marcelolopes.jor.br\/site\/2019\/08\/19\/medidas-preventivas-da-pm-garantem-festa-tranquila-em-astolfo-dutra\/#primaryimage"},"image":{"@id":"https:\/\/marcelolopes.jor.br\/site\/2019\/08\/19\/medidas-preventivas-da-pm-garantem-festa-tranquila-em-astolfo-dutra\/#primaryimage"},"thumbnailUrl":"https:\/\/marcelolopes.jor.br\/site\/wp-content\/uploads\/2019\/08\/WhatsApp-Image-2019-08-19-at-09.46.36.jpeg","datePublished":"2019-08-19T15:00:46+00:00","dateModified":"2019-08-19T15:06:24+00:00","breadcrumb":{"@id":"https:\/\/marcelolopes.jor.br\/site\/2019\/08\/19\/medidas-preventivas-da-pm-garantem-festa-tranquila-em-astolfo-dutra\/#breadcrumb"},"inLanguage":"pt-BR","potentialAction":[{"@type":"ReadAction","target":["https:\/\/marcelolopes.jor.br\/site\/2019\/08\/19\/medidas-preventivas-da-pm-garantem-festa-tranquila-em-astolfo-dutra\/"]}]},{"@type":"ImageObject","inLanguage":"pt-BR","@id":"https:\/\/marcelolopes.jor.br\/site\/2019\/08\/19\/medidas-preventivas-da-pm-garantem-festa-tranquila-em-astolfo-dutra\/#primaryimage","url":"https:\/\/marcelolopes.jor.br\/site\/wp-content\/uploads\/2019\/08\/WhatsApp-Image-2019-08-19-at-09.46.36.jpeg","contentUrl":"https:\/\/marcelolopes.jor.br\/site\/wp-content\/uploads\/2019\/08\/WhatsApp-Image-2019-08-19-at-09.46.36.jpeg","width":1280,"height":960},{"@type":"BreadcrumbList","@id":"https:\/\/marcelolopes.jor.br\/site\/2019\/08\/19\/medidas-preventivas-da-pm-garantem-festa-tranquila-em-astolfo-dutra\/#breadcrumb","itemListElement":[{"@type":"ListItem","position":1,"name":"Home","item":"https:\/\/marcelolopes.jor.br\/site\/"},{"@type":"ListItem","position":2,"name":"Medidas preventivas da PM garantem festa tranquila em Astolfo Dutra"}]},{"@type":"WebSite","@id":"https:\/\/marcelolopes.jor.br\/site\/#website","url":"https:\/\/marcelolopes.jor.br\/site\/","name":"Marcelo Lopes","description":"Not\u00edcias de Cataguases e Regi\u00e3o","publisher":{"@id":"https:\/\/marcelolopes.jor.br\/site\/#organization"},"potentialAction":[{"@type":"SearchAction","target":{"@type":"EntryPoint","urlTemplate":"https:\/\/marcelolopes.jor.br\/site\/?s={search_term_string}"},"query-input":{"@type":"PropertyValueSpecification","valueRequired":true,"valueName":"search_term_string"}}],"inLanguage":"pt-BR"},{"@type":"Organization","@id":"https:\/\/marcelolopes.jor.br\/site\/#organization","name":"Site do Marcelo Lopes","url":"https:\/\/marcelolopes.jor.br\/site\/","logo":{"@type":"ImageObject","inLanguage":"pt-BR","@id":"https:\/\/marcelolopes.jor.br\/site\/#\/schema\/logo\/image\/","url":"https:\/\/marcelolopes.jor.br\/site\/wp-content\/uploads\/2024\/11\/logo-1.png","contentUrl":"https:\/\/marcelolopes.jor.br\/site\/wp-content\/uploads\/2024\/11\/logo-1.png","width":475,"height":80,"caption":"Site do Marcelo Lopes"},"image":{"@id":"https:\/\/marcelolopes.jor.br\/site\/#\/schema\/logo\/image\/"},"sameAs":["https:\/\/www.facebook.com\/sitedomarcelolopes","https:\/\/www.instagram.com\/sitedomarcelolopes\/","https:\/\/www.linkedin.com\/company\/site-do-marcelo-lopes\/","https:\/\/www.youtube.com\/user\/marcelolopes957"]},{"@type":"Person","@id":"https:\/\/marcelolopes.jor.br\/site\/#\/schema\/person\/3e7216a35c34d8fdf952b31da3d1f89f","name":"Marcelo Lopes","sameAs":["http:\/\/www.marcelolopes.jor.br"],"url":"https:\/\/marcelolopes.jor.br\/site\/author\/marcelo\/"}]}},"wps_subtitle":"Pol\u00edcia Militar divulgou balan\u00e7o das a\u00e7\u00f5es envolvendo as cidades vizinhas e tamb\u00e9m durante a festa.","_links":{"self":[{"href":"https:\/\/marcelolopes.jor.br\/site\/wp-json\/wp\/v2\/posts\/4832","targetHints":{"allow":["GET"]}}],"collection":[{"href":"https:\/\/marcelolopes.jor.br\/site\/wp-json\/wp\/v2\/posts"}],"about":[{"href":"https:\/\/marcelolopes.jor.br\/site\/wp-json\/wp\/v2\/types\/post"}],"author":[{"embeddable":true,"href":"https:\/\/marcelolopes.jor.br\/site\/wp-json\/wp\/v2\/users\/2"}],"replies":[{"embeddable":true,"href":"https:\/\/marcelolopes.jor.br\/site\/wp-json\/wp\/v2\/comments?post=4832"}],"version-history":[{"count":0,"href":"https:\/\/marcelolopes.jor.br\/site\/wp-json\/wp\/v2\/posts\/4832\/revisions"}],"wp:featuredmedia":[{"embeddable":true,"href":"https:\/\/marcelolopes.jor.br\/site\/wp-json\/wp\/v2\/media\/4834"}],"wp:attachment":[{"href":"https:\/\/marcelolopes.jor.br\/site\/wp-json\/wp\/v2\/media?parent=4832"}],"wp:term":[{"taxonomy":"category","embeddable":true,"href":"https:\/\/marcelolopes.jor.br\/site\/wp-json\/wp\/v2\/categories?post=4832"},{"taxonomy":"post_tag","embeddable":true,"href":"https:\/\/marcelolopes.jor.br\/site\/wp-json\/wp\/v2\/tags?post=4832"}],"curies":[{"name":"wp","href":"https:\/\/api.w.org\/{rel}","templated":true}]}}