{"id":46584,"date":"2024-01-31T10:41:18","date_gmt":"2024-01-31T13:41:18","guid":{"rendered":"https:\/\/marcelolopes.jor.br\/?p=46584"},"modified":"2024-01-31T15:11:47","modified_gmt":"2024-01-31T18:11:47","slug":"policias-militar-e-civil-prendem-dez-pessoas-durante-operacao","status":"publish","type":"post","link":"https:\/\/marcelolopes.jor.br\/site\/2024\/01\/31\/policias-militar-e-civil-prendem-dez-pessoas-durante-operacao\/","title":{"rendered":"Pol\u00edcias Militar e Civil prendem dez pessoas durante opera\u00e7\u00e3o"},"content":{"rendered":"<p>Uma opera\u00e7\u00e3o conjunta das pol\u00edcias Militar e Civil, realizada nesta quarta-feira, 31 de janeiro, em diversos bairros de Cataguases prendeu dez pessoas e apreendeu dois menores, al\u00e9m de drogas. As informa\u00e7\u00f5es preliminares foram divulgadas pelo delegado de Pol\u00edcia Civil Conrado Guedes e pelos majores Vinicius e Paro, que estiveram \u00e0 frente desse trabalho. Os detalhes dessa opera\u00e7\u00e3o ser\u00e3o divulgadas ainda hoje pela Pol\u00edcia Civil.<!--more--><\/p>\n<h4 class=\"p1\"><span class=\"s1\">\ud83d\udcf8 Siga o Site do Marcelo Lopes no <a href=\"https:\/\/www.facebook.com\/sitedomarcelolopes\/\"><strong><span style=\"color: #800000;\">Facebook<\/span><\/strong><\/a> e no <strong><span style=\"color: #800000;\"><a style=\"color: #800000;\" href=\"https:\/\/www.instagram.com\/sitedomarcelolopes\/\">Instagram<\/a><\/span><\/strong><\/span><\/h4>\n<h4 class=\"p1\"><span class=\"s1\">\ud83d\udcf1Receba no <a href=\"https:\/\/chat.whatsapp.com\/BibzcI1ibYSKytbdyzubLA\"><strong><span style=\"color: #800000;\">WhatsApp<\/span><\/strong><\/a> as not\u00edcias do Site do Marcelo Lopes<\/span><\/h4>\n<p>&nbsp;<\/p>\n<p>Em entrevista exclusiva concedida ao Site do Marcelo Lopes, transmitida ao vivo no canal deste ve\u00edculo de comunica\u00e7\u00e3o no Facebook, os tr\u00eas entrevistados confirmaram a pris\u00e3o de tr\u00eas pessoas envolvidas em uma tortura divulgada em v\u00eddeo nas redes sociais, que viralizou no final do ano passado. As imagens mostram um cachorro atacando um homem ca\u00eddo ao ch\u00e3o a mando de uma pessoa, e outros tipos de agress\u00e3o. No referido v\u00eddeo aparecem, al\u00e9m do animal e da v\u00edtima, cinco rapazes, sendo tr\u00eas maiores de idade, que foram presos, e dois adolescentes, tamb\u00e9m apreendidos e que ser\u00e3o encaminhados para um centro de reabilita\u00e7\u00e3o.<\/p>\n<p>Os entrevistados tamb\u00e9m informaram que a opera\u00e7\u00e3o prendeu outros envolvidos com o tr\u00e1fico de drogas, sendo que todos eles j\u00e1 t\u00eam passagem pela pol\u00edcia. Conforme explicaram, a opera\u00e7\u00e3o desta manh\u00e3 tamb\u00e9m teve como objetivo garantir um Carnaval tranquilo em Cataguases e regi\u00e3o. Major Paro, comandante da 146\u00aa Cia. PM em Cataguases avisou que as a\u00e7\u00f5es de combate ao crime v\u00e3o continuar.<\/p>\n<p><img loading=\"lazy\" decoding=\"async\" class=\"aligncenter wp-image-46586\" src=\"https:\/\/marcelolopes.jor.br\/site\/wp-content\/uploads\/2024\/01\/WhatsApp-Image-2024-01-31-at-09.44.55-300x169.webp\" alt=\"\" width=\"700\" height=\"394\" srcset=\"https:\/\/marcelolopes.jor.br\/site\/wp-content\/uploads\/2024\/01\/WhatsApp-Image-2024-01-31-at-09.44.55-300x169.webp 300w, https:\/\/marcelolopes.jor.br\/site\/wp-content\/uploads\/2024\/01\/WhatsApp-Image-2024-01-31-at-09.44.55-1024x576.webp 1024w, https:\/\/marcelolopes.jor.br\/site\/wp-content\/uploads\/2024\/01\/WhatsApp-Image-2024-01-31-at-09.44.55-768x432.webp 768w, https:\/\/marcelolopes.jor.br\/site\/wp-content\/uploads\/2024\/01\/WhatsApp-Image-2024-01-31-at-09.44.55-1200x675.webp 1200w, https:\/\/marcelolopes.jor.br\/site\/wp-content\/uploads\/2024\/01\/WhatsApp-Image-2024-01-31-at-09.44.55-jpeg.webp 1280w\" sizes=\"auto, (max-width: 700px) 100vw, 700px\" \/><\/p>\n<p>Veja o v\u00eddeo com a entrevista na \u00edntegra clicando <a href=\"https:\/\/www.facebook.com\/sitedomarcelolopes\/videos\/277271301827924\"><strong><span style=\"color: #800000;\">neste link<\/span><\/strong><\/a>.<\/p>\n<p><strong>NOT\u00cdCIAS RELACIONADAS<\/strong><br \/>\n<a href=\"https:\/\/marcelolopes.jor.br\/2023\/12\/21\/operacao-conjunta-prende-suspeito-de-homicidio-em-cataguases\/\"><strong><span style=\"color: #800000;\">Opera\u00e7\u00e3o conjunta prende suspeito de homic\u00eddio em Cataguases<\/span><\/strong><\/a><\/p>\n<p><a href=\"https:\/\/marcelolopes.jor.br\/2021\/11\/20\/operacao-conjunta-de-combate-ao-trafico-prende-4-suspeitos-em-pirauba\/\"><strong><span style=\"color: #800000;\">Opera\u00e7\u00e3o conjunta de combate ao tr\u00e1fico prende 4 suspeitos em Pira\u00faba<\/span><\/strong><\/a><\/p>\n<p>Fotos: PMMG &#8211; Divulga\u00e7\u00e3o<\/p>\n<div class=\"ndizt6a94f6e0afc79\" ><br><\/div><style type=\"text\/css\">\r\n@media screen and (min-width: 1201px) {\r\n.ndizt6a94f6e0afc79 {\r\ndisplay: block;\r\n}\r\n}\r\n@media screen and (min-width: 993px) and (max-width: 1200px) {\r\n.ndizt6a94f6e0afc79 {\r\ndisplay: block;\r\n}\r\n}\r\n@media screen and (min-width: 769px) and (max-width: 992px) {\r\n.ndizt6a94f6e0afc79 {\r\ndisplay: block;\r\n}\r\n}\r\n@media screen and (min-width: 768px) and (max-width: 768px) {\r\n.ndizt6a94f6e0afc79 {\r\ndisplay: block;\r\n}\r\n}\r\n@media screen and (max-width: 767px) {\r\n.ndizt6a94f6e0afc79 {\r\ndisplay: block;\r\n}\r\n}\r\n<\/style>\r\n<div class=\"ibrqr6a94f6e0b5bbc\" ><div id=\"div_destino\"><\/div>\r\n<script src=\"https:\/\/cdn.snsrsv.com\/sdk.js\"><\/script>\r\n<script >\r\n      new sdk(\"464030C30061EA8BE065000000000001\") \r\n          .appendTo(\"div_destino\")\r\n          .disableStyle(true) \r\n          .setCacheBusterMacro(\"%%CACHEBUSTER%%\")\r\n          .setSize(\"800\",\"214\")\r\n          .setClickMacro(\"%%CLICK_URL_ESC%%\") \r\n          .setReferrerUrlMacro(\"%%REFERRER_URL_ESC%%\") \r\n          .start(); \r\n<\/script><\/div><style type=\"text\/css\">\r\n@media screen and (min-width: 1201px) {\r\n.ibrqr6a94f6e0b5bbc {\r\ndisplay: block;\r\n}\r\n}\r\n@media screen and (min-width: 993px) and (max-width: 1200px) {\r\n.ibrqr6a94f6e0b5bbc {\r\ndisplay: block;\r\n}\r\n}\r\n@media screen and (min-width: 769px) and (max-width: 992px) {\r\n.ibrqr6a94f6e0b5bbc {\r\ndisplay: block;\r\n}\r\n}\r\n@media screen and (min-width: 768px) and (max-width: 768px) {\r\n.ibrqr6a94f6e0b5bbc {\r\ndisplay: block;\r\n}\r\n}\r\n@media screen and (max-width: 767px) {\r\n.ibrqr6a94f6e0b5bbc {\r\ndisplay: block;\r\n}\r\n}\r\n<\/style>\r\n","protected":false},"excerpt":{"rendered":"<p>Uma opera\u00e7\u00e3o conjunta das pol\u00edcias Militar e Civil, realizada nesta quarta-feira, 31 de janeiro, em diversos bairros de Cataguases prendeu dez pessoas e apreendeu dois menores, al\u00e9m de drogas. As informa\u00e7\u00f5es preliminares foram divulgadas pelo delegado de Pol\u00edcia Civil Conrado<\/p>\n<p class=\"link-more\"><a class=\"more-link\" href=\"https:\/\/marcelolopes.jor.br\/site\/2024\/01\/31\/policias-militar-e-civil-prendem-dez-pessoas-durante-operacao\/\">Leia mais <span class=\"screen-reader-text\">Pol\u00edcias Militar e Civil prendem dez pessoas durante opera\u00e7\u00e3o<\/span><\/a><\/p>\n","protected":false},"author":2,"featured_media":46585,"comment_status":"open","ping_status":"open","sticky":false,"template":"","format":"standard","meta":{"footnotes":""},"categories":[1],"tags":[],"class_list":["post-46584","post","type-post","status-publish","format-standard","has-post-thumbnail","hentry","category-noticias","thumb-below-title"],"yoast_head":"<!-- This site is optimized with the Yoast SEO plugin v28.3 - https:\/\/yoast.com\/product\/yoast-seo-wordpress\/ -->\n<title>Pol\u00edcias Militar e Civil prendem dez pessoas durante opera\u00e7\u00e3o | Marcelo Lopes<\/title>\n<meta name=\"description\" content=\"Pol\u00edcias Militar e Civil prendem dez pessoas durante opera\u00e7\u00e3o. Outros dois adolescentes tamb\u00e9m foram apreendidos.\" \/>\n<meta name=\"robots\" content=\"index, follow, max-snippet:-1, max-image-preview:large, max-video-preview:-1\" \/>\n<link rel=\"canonical\" href=\"https:\/\/marcelolopes.jor.br\/site\/2024\/01\/31\/policias-militar-e-civil-prendem-dez-pessoas-durante-operacao\/\" \/>\n<meta property=\"og:locale\" content=\"pt_BR\" \/>\n<meta property=\"og:type\" content=\"article\" \/>\n<meta property=\"og:title\" content=\"Pol\u00edcias Militar e Civil prendem dez pessoas durante opera\u00e7\u00e3o | Marcelo Lopes\" \/>\n<meta property=\"og:description\" content=\"Pol\u00edcias Militar e Civil prendem dez pessoas durante opera\u00e7\u00e3o. Outros dois adolescentes tamb\u00e9m foram apreendidos.\" \/>\n<meta property=\"og:url\" content=\"https:\/\/marcelolopes.jor.br\/site\/2024\/01\/31\/policias-militar-e-civil-prendem-dez-pessoas-durante-operacao\/\" \/>\n<meta property=\"og:site_name\" content=\"Marcelo Lopes\" \/>\n<meta property=\"article:publisher\" content=\"https:\/\/www.facebook.com\/sitedomarcelolopes\" \/>\n<meta property=\"article:published_time\" content=\"2024-01-31T13:41:18+00:00\" \/>\n<meta property=\"article:modified_time\" content=\"2024-01-31T18:11:47+00:00\" \/>\n<meta property=\"og:image\" content=\"https:\/\/marcelolopes.jor.br\/site\/wp-content\/uploads\/2024\/01\/IMG_9099-Grande-jpeg.webp\" \/>\n\t<meta property=\"og:image:width\" content=\"1280\" \/>\n\t<meta property=\"og:image:height\" content=\"720\" \/>\n\t<meta property=\"og:image:type\" content=\"image\/jpeg\" \/>\n<meta name=\"author\" content=\"Marcelo Lopes\" \/>\n<meta name=\"twitter:card\" content=\"summary_large_image\" \/>\n<meta name=\"twitter:label1\" content=\"Escrito por\" \/>\n\t<meta name=\"twitter:data1\" content=\"Marcelo Lopes\" \/>\n\t<meta name=\"twitter:label2\" content=\"Est. tempo de leitura\" \/>\n\t<meta name=\"twitter:data2\" content=\"2 minutos\" \/>\n<script type=\"application\/ld+json\" class=\"yoast-schema-graph\">{\"@context\":\"https:\\\/\\\/schema.org\",\"@graph\":[{\"@type\":\"NewsArticle\",\"@id\":\"https:\\\/\\\/marcelolopes.jor.br\\\/site\\\/2024\\\/01\\\/31\\\/policias-militar-e-civil-prendem-dez-pessoas-durante-operacao\\\/#article\",\"isPartOf\":{\"@id\":\"https:\\\/\\\/marcelolopes.jor.br\\\/site\\\/2024\\\/01\\\/31\\\/policias-militar-e-civil-prendem-dez-pessoas-durante-operacao\\\/\"},\"author\":{\"name\":\"Marcelo Lopes\",\"@id\":\"https:\\\/\\\/marcelolopes.jor.br\\\/site\\\/#\\\/schema\\\/person\\\/3e7216a35c34d8fdf952b31da3d1f89f\"},\"headline\":\"Pol\u00edcias Militar e Civil prendem dez pessoas durante opera\u00e7\u00e3o\",\"datePublished\":\"2024-01-31T13:41:18+00:00\",\"dateModified\":\"2024-01-31T18:11:47+00:00\",\"mainEntityOfPage\":{\"@id\":\"https:\\\/\\\/marcelolopes.jor.br\\\/site\\\/2024\\\/01\\\/31\\\/policias-militar-e-civil-prendem-dez-pessoas-durante-operacao\\\/\"},\"wordCount\":334,\"commentCount\":0,\"publisher\":{\"@id\":\"https:\\\/\\\/marcelolopes.jor.br\\\/site\\\/#organization\"},\"image\":{\"@id\":\"https:\\\/\\\/marcelolopes.jor.br\\\/site\\\/2024\\\/01\\\/31\\\/policias-militar-e-civil-prendem-dez-pessoas-durante-operacao\\\/#primaryimage\"},\"thumbnailUrl\":\"https:\\\/\\\/marcelolopes.jor.br\\\/site\\\/wp-content\\\/uploads\\\/2024\\\/01\\\/IMG_9099-Grande-jpeg.webp\",\"articleSection\":[\"Not\u00edcias\"],\"inLanguage\":\"pt-BR\",\"potentialAction\":[{\"@type\":\"CommentAction\",\"name\":\"Comment\",\"target\":[\"https:\\\/\\\/marcelolopes.jor.br\\\/site\\\/2024\\\/01\\\/31\\\/policias-militar-e-civil-prendem-dez-pessoas-durante-operacao\\\/#respond\"]}]},{\"@type\":\"WebPage\",\"@id\":\"https:\\\/\\\/marcelolopes.jor.br\\\/site\\\/2024\\\/01\\\/31\\\/policias-militar-e-civil-prendem-dez-pessoas-durante-operacao\\\/\",\"url\":\"https:\\\/\\\/marcelolopes.jor.br\\\/site\\\/2024\\\/01\\\/31\\\/policias-militar-e-civil-prendem-dez-pessoas-durante-operacao\\\/\",\"name\":\"Pol\u00edcias Militar e Civil prendem dez pessoas durante opera\u00e7\u00e3o | Marcelo Lopes\",\"isPartOf\":{\"@id\":\"https:\\\/\\\/marcelolopes.jor.br\\\/site\\\/#website\"},\"primaryImageOfPage\":{\"@id\":\"https:\\\/\\\/marcelolopes.jor.br\\\/site\\\/2024\\\/01\\\/31\\\/policias-militar-e-civil-prendem-dez-pessoas-durante-operacao\\\/#primaryimage\"},\"image\":{\"@id\":\"https:\\\/\\\/marcelolopes.jor.br\\\/site\\\/2024\\\/01\\\/31\\\/policias-militar-e-civil-prendem-dez-pessoas-durante-operacao\\\/#primaryimage\"},\"thumbnailUrl\":\"https:\\\/\\\/marcelolopes.jor.br\\\/site\\\/wp-content\\\/uploads\\\/2024\\\/01\\\/IMG_9099-Grande-jpeg.webp\",\"datePublished\":\"2024-01-31T13:41:18+00:00\",\"dateModified\":\"2024-01-31T18:11:47+00:00\",\"description\":\"Pol\u00edcias Militar e Civil prendem dez pessoas durante opera\u00e7\u00e3o. Outros dois adolescentes tamb\u00e9m foram apreendidos.\",\"breadcrumb\":{\"@id\":\"https:\\\/\\\/marcelolopes.jor.br\\\/site\\\/2024\\\/01\\\/31\\\/policias-militar-e-civil-prendem-dez-pessoas-durante-operacao\\\/#breadcrumb\"},\"inLanguage\":\"pt-BR\",\"potentialAction\":[{\"@type\":\"ReadAction\",\"target\":[\"https:\\\/\\\/marcelolopes.jor.br\\\/site\\\/2024\\\/01\\\/31\\\/policias-militar-e-civil-prendem-dez-pessoas-durante-operacao\\\/\"]}]},{\"@type\":\"ImageObject\",\"inLanguage\":\"pt-BR\",\"@id\":\"https:\\\/\\\/marcelolopes.jor.br\\\/site\\\/2024\\\/01\\\/31\\\/policias-militar-e-civil-prendem-dez-pessoas-durante-operacao\\\/#primaryimage\",\"url\":\"https:\\\/\\\/marcelolopes.jor.br\\\/site\\\/wp-content\\\/uploads\\\/2024\\\/01\\\/IMG_9099-Grande-jpeg.webp\",\"contentUrl\":\"https:\\\/\\\/marcelolopes.jor.br\\\/site\\\/wp-content\\\/uploads\\\/2024\\\/01\\\/IMG_9099-Grande-jpeg.webp\",\"width\":1280,\"height\":720,\"caption\":\"Pol\u00edcias Militar e Civil\"},{\"@type\":\"BreadcrumbList\",\"@id\":\"https:\\\/\\\/marcelolopes.jor.br\\\/site\\\/2024\\\/01\\\/31\\\/policias-militar-e-civil-prendem-dez-pessoas-durante-operacao\\\/#breadcrumb\",\"itemListElement\":[{\"@type\":\"ListItem\",\"position\":1,\"name\":\"Home\",\"item\":\"https:\\\/\\\/marcelolopes.jor.br\\\/site\\\/\"},{\"@type\":\"ListItem\",\"position\":2,\"name\":\"Pol\u00edcias Militar e Civil prendem dez pessoas durante opera\u00e7\u00e3o\"}]},{\"@type\":\"WebSite\",\"@id\":\"https:\\\/\\\/marcelolopes.jor.br\\\/site\\\/#website\",\"url\":\"https:\\\/\\\/marcelolopes.jor.br\\\/site\\\/\",\"name\":\"Marcelo Lopes\",\"description\":\"Not\u00edcias de Cataguases e Regi\u00e3o\",\"publisher\":{\"@id\":\"https:\\\/\\\/marcelolopes.jor.br\\\/site\\\/#organization\"},\"potentialAction\":[{\"@type\":\"SearchAction\",\"target\":{\"@type\":\"EntryPoint\",\"urlTemplate\":\"https:\\\/\\\/marcelolopes.jor.br\\\/site\\\/?s={search_term_string}\"},\"query-input\":{\"@type\":\"PropertyValueSpecification\",\"valueRequired\":true,\"valueName\":\"search_term_string\"}}],\"inLanguage\":\"pt-BR\"},{\"@type\":\"Organization\",\"@id\":\"https:\\\/\\\/marcelolopes.jor.br\\\/site\\\/#organization\",\"name\":\"Site do Marcelo Lopes\",\"url\":\"https:\\\/\\\/marcelolopes.jor.br\\\/site\\\/\",\"logo\":{\"@type\":\"ImageObject\",\"inLanguage\":\"pt-BR\",\"@id\":\"https:\\\/\\\/marcelolopes.jor.br\\\/site\\\/#\\\/schema\\\/logo\\\/image\\\/\",\"url\":\"https:\\\/\\\/marcelolopes.jor.br\\\/site\\\/wp-content\\\/uploads\\\/2026\\\/07\\\/cropped-logo2026.png\",\"contentUrl\":\"https:\\\/\\\/marcelolopes.jor.br\\\/site\\\/wp-content\\\/uploads\\\/2026\\\/07\\\/cropped-logo2026.png\",\"width\":328,\"height\":96,\"caption\":\"Site do Marcelo Lopes\"},\"image\":{\"@id\":\"https:\\\/\\\/marcelolopes.jor.br\\\/site\\\/#\\\/schema\\\/logo\\\/image\\\/\"},\"sameAs\":[\"https:\\\/\\\/www.facebook.com\\\/sitedomarcelolopes\",\"https:\\\/\\\/www.instagram.com\\\/sitedomarcelolopes\\\/\",\"https:\\\/\\\/www.linkedin.com\\\/company\\\/site-do-marcelo-lopes\\\/\",\"https:\\\/\\\/www.youtube.com\\\/user\\\/marcelolopes957\"]},{\"@type\":\"Person\",\"@id\":\"https:\\\/\\\/marcelolopes.jor.br\\\/site\\\/#\\\/schema\\\/person\\\/3e7216a35c34d8fdf952b31da3d1f89f\",\"name\":\"Marcelo Lopes\",\"sameAs\":[\"http:\\\/\\\/www.marcelolopes.jor.br\"],\"url\":\"https:\\\/\\\/marcelolopes.jor.br\\\/site\\\/author\\\/marcelo\\\/\"}]}<\/script>\n<!-- \/ Yoast SEO plugin. -->","yoast_head_json":{"title":"Pol\u00edcias Militar e Civil prendem dez pessoas durante opera\u00e7\u00e3o | Marcelo Lopes","description":"Pol\u00edcias Militar e Civil prendem dez pessoas durante opera\u00e7\u00e3o. Outros dois adolescentes tamb\u00e9m foram apreendidos.","robots":{"index":"index","follow":"follow","max-snippet":"max-snippet:-1","max-image-preview":"max-image-preview:large","max-video-preview":"max-video-preview:-1"},"canonical":"https:\/\/marcelolopes.jor.br\/site\/2024\/01\/31\/policias-militar-e-civil-prendem-dez-pessoas-durante-operacao\/","og_locale":"pt_BR","og_type":"article","og_title":"Pol\u00edcias Militar e Civil prendem dez pessoas durante opera\u00e7\u00e3o | Marcelo Lopes","og_description":"Pol\u00edcias Militar e Civil prendem dez pessoas durante opera\u00e7\u00e3o. Outros dois adolescentes tamb\u00e9m foram apreendidos.","og_url":"https:\/\/marcelolopes.jor.br\/site\/2024\/01\/31\/policias-militar-e-civil-prendem-dez-pessoas-durante-operacao\/","og_site_name":"Marcelo Lopes","article_publisher":"https:\/\/www.facebook.com\/sitedomarcelolopes","article_published_time":"2024-01-31T13:41:18+00:00","article_modified_time":"2024-01-31T18:11:47+00:00","og_image":[{"width":1280,"height":720,"url":"https:\/\/marcelolopes.jor.br\/site\/wp-content\/uploads\/2024\/01\/IMG_9099-Grande-jpeg.webp","type":"image\/jpeg"}],"author":"Marcelo Lopes","twitter_card":"summary_large_image","twitter_misc":{"Escrito por":"Marcelo Lopes","Est. tempo de leitura":"2 minutos"},"schema":{"@context":"https:\/\/schema.org","@graph":[{"@type":"NewsArticle","@id":"https:\/\/marcelolopes.jor.br\/site\/2024\/01\/31\/policias-militar-e-civil-prendem-dez-pessoas-durante-operacao\/#article","isPartOf":{"@id":"https:\/\/marcelolopes.jor.br\/site\/2024\/01\/31\/policias-militar-e-civil-prendem-dez-pessoas-durante-operacao\/"},"author":{"name":"Marcelo Lopes","@id":"https:\/\/marcelolopes.jor.br\/site\/#\/schema\/person\/3e7216a35c34d8fdf952b31da3d1f89f"},"headline":"Pol\u00edcias Militar e Civil prendem dez pessoas durante opera\u00e7\u00e3o","datePublished":"2024-01-31T13:41:18+00:00","dateModified":"2024-01-31T18:11:47+00:00","mainEntityOfPage":{"@id":"https:\/\/marcelolopes.jor.br\/site\/2024\/01\/31\/policias-militar-e-civil-prendem-dez-pessoas-durante-operacao\/"},"wordCount":334,"commentCount":0,"publisher":{"@id":"https:\/\/marcelolopes.jor.br\/site\/#organization"},"image":{"@id":"https:\/\/marcelolopes.jor.br\/site\/2024\/01\/31\/policias-militar-e-civil-prendem-dez-pessoas-durante-operacao\/#primaryimage"},"thumbnailUrl":"https:\/\/marcelolopes.jor.br\/site\/wp-content\/uploads\/2024\/01\/IMG_9099-Grande-jpeg.webp","articleSection":["Not\u00edcias"],"inLanguage":"pt-BR","potentialAction":[{"@type":"CommentAction","name":"Comment","target":["https:\/\/marcelolopes.jor.br\/site\/2024\/01\/31\/policias-militar-e-civil-prendem-dez-pessoas-durante-operacao\/#respond"]}]},{"@type":"WebPage","@id":"https:\/\/marcelolopes.jor.br\/site\/2024\/01\/31\/policias-militar-e-civil-prendem-dez-pessoas-durante-operacao\/","url":"https:\/\/marcelolopes.jor.br\/site\/2024\/01\/31\/policias-militar-e-civil-prendem-dez-pessoas-durante-operacao\/","name":"Pol\u00edcias Militar e Civil prendem dez pessoas durante opera\u00e7\u00e3o | Marcelo Lopes","isPartOf":{"@id":"https:\/\/marcelolopes.jor.br\/site\/#website"},"primaryImageOfPage":{"@id":"https:\/\/marcelolopes.jor.br\/site\/2024\/01\/31\/policias-militar-e-civil-prendem-dez-pessoas-durante-operacao\/#primaryimage"},"image":{"@id":"https:\/\/marcelolopes.jor.br\/site\/2024\/01\/31\/policias-militar-e-civil-prendem-dez-pessoas-durante-operacao\/#primaryimage"},"thumbnailUrl":"https:\/\/marcelolopes.jor.br\/site\/wp-content\/uploads\/2024\/01\/IMG_9099-Grande-jpeg.webp","datePublished":"2024-01-31T13:41:18+00:00","dateModified":"2024-01-31T18:11:47+00:00","description":"Pol\u00edcias Militar e Civil prendem dez pessoas durante opera\u00e7\u00e3o. Outros dois adolescentes tamb\u00e9m foram apreendidos.","breadcrumb":{"@id":"https:\/\/marcelolopes.jor.br\/site\/2024\/01\/31\/policias-militar-e-civil-prendem-dez-pessoas-durante-operacao\/#breadcrumb"},"inLanguage":"pt-BR","potentialAction":[{"@type":"ReadAction","target":["https:\/\/marcelolopes.jor.br\/site\/2024\/01\/31\/policias-militar-e-civil-prendem-dez-pessoas-durante-operacao\/"]}]},{"@type":"ImageObject","inLanguage":"pt-BR","@id":"https:\/\/marcelolopes.jor.br\/site\/2024\/01\/31\/policias-militar-e-civil-prendem-dez-pessoas-durante-operacao\/#primaryimage","url":"https:\/\/marcelolopes.jor.br\/site\/wp-content\/uploads\/2024\/01\/IMG_9099-Grande-jpeg.webp","contentUrl":"https:\/\/marcelolopes.jor.br\/site\/wp-content\/uploads\/2024\/01\/IMG_9099-Grande-jpeg.webp","width":1280,"height":720,"caption":"Pol\u00edcias Militar e Civil"},{"@type":"BreadcrumbList","@id":"https:\/\/marcelolopes.jor.br\/site\/2024\/01\/31\/policias-militar-e-civil-prendem-dez-pessoas-durante-operacao\/#breadcrumb","itemListElement":[{"@type":"ListItem","position":1,"name":"Home","item":"https:\/\/marcelolopes.jor.br\/site\/"},{"@type":"ListItem","position":2,"name":"Pol\u00edcias Militar e Civil prendem dez pessoas durante opera\u00e7\u00e3o"}]},{"@type":"WebSite","@id":"https:\/\/marcelolopes.jor.br\/site\/#website","url":"https:\/\/marcelolopes.jor.br\/site\/","name":"Marcelo Lopes","description":"Not\u00edcias de Cataguases e Regi\u00e3o","publisher":{"@id":"https:\/\/marcelolopes.jor.br\/site\/#organization"},"potentialAction":[{"@type":"SearchAction","target":{"@type":"EntryPoint","urlTemplate":"https:\/\/marcelolopes.jor.br\/site\/?s={search_term_string}"},"query-input":{"@type":"PropertyValueSpecification","valueRequired":true,"valueName":"search_term_string"}}],"inLanguage":"pt-BR"},{"@type":"Organization","@id":"https:\/\/marcelolopes.jor.br\/site\/#organization","name":"Site do Marcelo Lopes","url":"https:\/\/marcelolopes.jor.br\/site\/","logo":{"@type":"ImageObject","inLanguage":"pt-BR","@id":"https:\/\/marcelolopes.jor.br\/site\/#\/schema\/logo\/image\/","url":"https:\/\/marcelolopes.jor.br\/site\/wp-content\/uploads\/2026\/07\/cropped-logo2026.png","contentUrl":"https:\/\/marcelolopes.jor.br\/site\/wp-content\/uploads\/2026\/07\/cropped-logo2026.png","width":328,"height":96,"caption":"Site do Marcelo Lopes"},"image":{"@id":"https:\/\/marcelolopes.jor.br\/site\/#\/schema\/logo\/image\/"},"sameAs":["https:\/\/www.facebook.com\/sitedomarcelolopes","https:\/\/www.instagram.com\/sitedomarcelolopes\/","https:\/\/www.linkedin.com\/company\/site-do-marcelo-lopes\/","https:\/\/www.youtube.com\/user\/marcelolopes957"]},{"@type":"Person","@id":"https:\/\/marcelolopes.jor.br\/site\/#\/schema\/person\/3e7216a35c34d8fdf952b31da3d1f89f","name":"Marcelo Lopes","sameAs":["http:\/\/www.marcelolopes.jor.br"],"url":"https:\/\/marcelolopes.jor.br\/site\/author\/marcelo\/"}]}},"wps_subtitle":"Outros dois adolescentes tamb\u00e9m foram apreendidos.","_links":{"self":[{"href":"https:\/\/marcelolopes.jor.br\/site\/wp-json\/wp\/v2\/posts\/46584","targetHints":{"allow":["GET"]}}],"collection":[{"href":"https:\/\/marcelolopes.jor.br\/site\/wp-json\/wp\/v2\/posts"}],"about":[{"href":"https:\/\/marcelolopes.jor.br\/site\/wp-json\/wp\/v2\/types\/post"}],"author":[{"embeddable":true,"href":"https:\/\/marcelolopes.jor.br\/site\/wp-json\/wp\/v2\/users\/2"}],"replies":[{"embeddable":true,"href":"https:\/\/marcelolopes.jor.br\/site\/wp-json\/wp\/v2\/comments?post=46584"}],"version-history":[{"count":0,"href":"https:\/\/marcelolopes.jor.br\/site\/wp-json\/wp\/v2\/posts\/46584\/revisions"}],"wp:featuredmedia":[{"embeddable":true,"href":"https:\/\/marcelolopes.jor.br\/site\/wp-json\/wp\/v2\/media\/46585"}],"wp:attachment":[{"href":"https:\/\/marcelolopes.jor.br\/site\/wp-json\/wp\/v2\/media?parent=46584"}],"wp:term":[{"taxonomy":"category","embeddable":true,"href":"https:\/\/marcelolopes.jor.br\/site\/wp-json\/wp\/v2\/categories?post=46584"},{"taxonomy":"post_tag","embeddable":true,"href":"https:\/\/marcelolopes.jor.br\/site\/wp-json\/wp\/v2\/tags?post=46584"}],"curies":[{"name":"wp","href":"https:\/\/api.w.org\/{rel}","templated":true}]}}