{"id":4619,"date":"2019-08-14T20:00:24","date_gmt":"2019-08-14T23:00:24","guid":{"rendered":"https:\/\/marcelolopes.jor.br\/?p=4619"},"modified":"2019-08-14T15:12:21","modified_gmt":"2019-08-14T18:12:21","slug":"camara-repercute-julgamento-do-prefeito-com-discursos-inflamados","status":"publish","type":"post","link":"https:\/\/marcelolopes.jor.br\/site\/2019\/08\/14\/camara-repercute-julgamento-do-prefeito-com-discursos-inflamados\/","title":{"rendered":"C\u00e2mara repercute julgamento do prefeito com discursos inflamados"},"content":{"rendered":"<p style=\"text-align: justify;\">A sess\u00e3o desta ter\u00e7a-feira, 13 de agosto, da C\u00e2mara Municipal de Cataguases manteve dois vetos do prefeito e derrubou um, al\u00e9m de ter aprovado alguns Requerimentos dos vereadores. A expectativa, por\u00e9m, estava voltada para os inscritos a usarem a Tribuna Livre, expediente do Legislativo Municipal que permite \u00e0 popula\u00e7\u00e3o se manifestar sobre o tema que desejar durante dez minutos. Como a cidade ainda respira os \u00faltimos ares do epis\u00f3dio do julgamento do prefeito Willian Lobo de Almeida, tr\u00eas pronunciamentos repercutiram aquele evento, como o de Beto Pav\u00e3o, na foto principal acima.<!--more--><\/p>\n<p style=\"text-align: justify;\"><img loading=\"lazy\" decoding=\"async\" class=\"aligncenter wp-image-4622 size-medium\" src=\"https:\/\/marcelolopes.jor.br\/site\/wp-content\/uploads\/2019\/08\/IMG_6275-300x225.jpg\" alt=\"\" width=\"300\" height=\"225\" srcset=\"https:\/\/marcelolopes.jor.br\/site\/wp-content\/uploads\/2019\/08\/IMG_6275-300x225.jpg 300w, https:\/\/marcelolopes.jor.br\/site\/wp-content\/uploads\/2019\/08\/IMG_6275.jpg 640w\" sizes=\"auto, (max-width: 300px) 100vw, 300px\" \/>Outro fato relevante na reuni\u00e3o foi a presen\u00e7a da comandante da Guarda Municipal de Juiz de Fora, Emilce de Castro, que esteve acompanhada do sub-comandante, Ricardo Rodrigues Loures e do Supervisor de Tr\u00e2nsito, Cosme Rog\u00e9rio Vasques. Eles foram convidados pelo vereador Sargento Jorge Roberto a contarem a experi\u00eancia daquela institui\u00e7\u00e3o com o objetivo de trazer subs\u00eddios aos vereadores cataguasenses para incentivar a implanta\u00e7\u00e3o daquele servi\u00e7o em Cataguases. A Guarda Municipal atua como adjuvante em atividades de apoio ao cidad\u00e3o como no tr\u00e2nsito, e na preserva\u00e7\u00e3o do patrim\u00f4nio municipal, entre outras a\u00e7\u00f5es.<\/p>\n<p style=\"text-align: justify;\">Na vota\u00e7\u00e3o dos vetos impostos pelo prefeito, dois foram mantidos e apenas um derrubado, por 13 votos a 2. Trata-se do projeto de lei do vereador Rafael Moreira, que torna obrigat\u00f3rio atendimento priorit\u00e1rio a doador de sangue no munic\u00edpio de Cataguases. Segundo o vereador, esta lei mant\u00e9m a prioridade nos hospitais estabelecido pelo Protocolo de Manchester. J\u00e1 o vereador Bet\u00e3o do Remo, pediu esclarecimentos sobre o aterro sanit\u00e1rio de Cataguases. Ele solicitou informa\u00e7\u00f5es sobre o contrato entre a Prefeitura de Cataguases e a de Leopoldina que atualmente deposita seu lixo no aterro municipal e quer c\u00f3pia do \u00faltimo licenciamento ambiental daquele recinto, entre outras medidas.<\/p>\n<p style=\"text-align: justify;\">Na Tribuna Livre, o pronunciamento de Gilberto Feliciano Silva, o Beto Pav\u00e3o, foi o mais aguardado. Ele \u00e9 um dos autores da den\u00fancia contra o prefeito Willian Lobo que quase o levou a perder o mandato. Como foi citado pelo advogado de defesa do prefeito durante a sess\u00e3o de julgamento ocorrida na \u00faltima sexta-feira, defendeu-se atacando. Ele chamou a defesa do prefeito de &#8220;uma fal\u00e1cia&#8221;. E continuou: &#8220;A meu ver, o intuito era ludibriar, enganar e destruir toda e qualquer situa\u00e7\u00e3o que n\u00e3o favorecesse o acusado. E pelo jeito conseguiu! Ou n\u00e3o? O tempo dir\u00e1&#8221;, afirmou. Para ele, o advogado de defesa do prefeito cometeu o mesmo erro que afirmou terem cometido os acusadores de Willian: &#8220;ele se vestiu de mentira para se passar por verdade&#8221;, completou.<\/p>\n<p style=\"text-align: justify;\"><img loading=\"lazy\" decoding=\"async\" class=\"size-medium wp-image-4623 aligncenter\" src=\"https:\/\/marcelolopes.jor.br\/site\/wp-content\/uploads\/2019\/08\/IMG_6288-300x225.jpg\" alt=\"\" width=\"300\" height=\"225\" srcset=\"https:\/\/marcelolopes.jor.br\/site\/wp-content\/uploads\/2019\/08\/IMG_6288-300x225.jpg 300w, https:\/\/marcelolopes.jor.br\/site\/wp-content\/uploads\/2019\/08\/IMG_6288.jpg 640w\" sizes=\"auto, (max-width: 300px) 100vw, 300px\" \/>Outro que tamb\u00e9m falou sobre o julgamento foi o presidente da Casa, vereador Ricardo Dias. Ele, que tamb\u00e9m foi citado pelo advogado de defesa do prefeito, refutou as acusa\u00e7\u00f5es \u00e0 ele atribu\u00eddas afirmando: &#8220;O advogado Roosevelt, servidor municipal comissionado e que compareceu a quase todos os atos do processo de cassa\u00e7\u00e3o em hor\u00e1rio de seu servi\u00e7o p\u00fablico para defender interesses pessoais do prefeito, utilizou de sua prerrogativa de ser o \u00faltimo a se manifestar, para dizer, como se fosse verdade, um apanhado de mentiras, e relatou fatos injuriosos a meu respeito. (&#8230;) Desconsiderou que eu, como qualquer cidad\u00e3o, tenho o direito de denunciar as irregularidades cometidas por atos de um prefeito que foi considerado, juntamente com o Roosevelt, componentes de uma organiza\u00e7\u00e3o criminosa, nas palavras do promotor ao denunci\u00e1-lo por crime contra o er\u00e1rio&#8221;, assegurou.<\/p>\n<p style=\"text-align: justify;\"><img loading=\"lazy\" decoding=\"async\" class=\"size-medium wp-image-4624 aligncenter\" src=\"https:\/\/marcelolopes.jor.br\/site\/wp-content\/uploads\/2019\/08\/IMG_6298-300x225.jpg\" alt=\"\" width=\"300\" height=\"225\" srcset=\"https:\/\/marcelolopes.jor.br\/site\/wp-content\/uploads\/2019\/08\/IMG_6298-300x225.jpg 300w, https:\/\/marcelolopes.jor.br\/site\/wp-content\/uploads\/2019\/08\/IMG_6298.jpg 640w\" sizes=\"auto, (max-width: 300px) 100vw, 300px\" \/>O terceiro pronunciamento da noite sobre o mesmo tema foi do cidad\u00e3o Jos\u00e9 Fernando de Brito (foto acima), que elogiou o processo democr\u00e1tico pelo qual a C\u00e2mara julgou o prefeito, revelou estar acompanhando &#8220;mais de perto a pol\u00edtica municipal&#8221; e que a cidade lidou bem com aquele processo in\u00e9dito. Os servidores da C\u00e2mara, Juliana Batista de Paula e Daniel de Ara\u00fajo Sena (foto abaixo) apresentaram um resumo do curso que fizeram, cujo tema foi &#8220;Sindic\u00e2ncia e do Procedimento Administrativo Disciplinar&#8221;, no IBRAP em S\u00e3o Paulo.<\/p>\n<p><img loading=\"lazy\" decoding=\"async\" class=\"aligncenter wp-image-4625\" src=\"https:\/\/marcelolopes.jor.br\/site\/wp-content\/uploads\/2019\/08\/IMG_6279-300x225.jpg\" alt=\"\" width=\"400\" height=\"300\" srcset=\"https:\/\/marcelolopes.jor.br\/site\/wp-content\/uploads\/2019\/08\/IMG_6279-300x225.jpg 300w, https:\/\/marcelolopes.jor.br\/site\/wp-content\/uploads\/2019\/08\/IMG_6279.jpg 640w\" sizes=\"auto, (max-width: 400px) 100vw, 400px\" \/><\/p>\n<div class=\"respz69f76d2870f1d\" ><br><\/div><style type=\"text\/css\">\r\n@media screen and (min-width: 1201px) {\r\n.respz69f76d2870f1d {\r\ndisplay: block;\r\n}\r\n}\r\n@media screen and (min-width: 993px) and (max-width: 1200px) {\r\n.respz69f76d2870f1d {\r\ndisplay: block;\r\n}\r\n}\r\n@media screen and (min-width: 769px) and (max-width: 992px) {\r\n.respz69f76d2870f1d {\r\ndisplay: block;\r\n}\r\n}\r\n@media screen and (min-width: 768px) and (max-width: 768px) {\r\n.respz69f76d2870f1d {\r\ndisplay: block;\r\n}\r\n}\r\n@media screen and (max-width: 767px) {\r\n.respz69f76d2870f1d {\r\ndisplay: block;\r\n}\r\n}\r\n<\/style>\r\n<div class=\"mjtvb69f76d2876b5d\" ><div id=\"div_destino\"><\/div>\r\n<script src=\"https:\/\/cdn.snsrsv.com\/sdk.js\"><\/script>\r\n<script >\r\n      new sdk(\"464030C30061EA8BE065000000000001\") \r\n          .appendTo(\"div_destino\")\r\n          .disableStyle(true) \r\n          .setCacheBusterMacro(\"%%CACHEBUSTER%%\")\r\n          .setSize(\"800\",\"214\")\r\n          .setClickMacro(\"%%CLICK_URL_ESC%%\") \r\n          .setReferrerUrlMacro(\"%%REFERRER_URL_ESC%%\") \r\n          .start(); \r\n<\/script><\/div><style type=\"text\/css\">\r\n@media screen and (min-width: 1201px) {\r\n.mjtvb69f76d2876b5d {\r\ndisplay: block;\r\n}\r\n}\r\n@media screen and (min-width: 993px) and (max-width: 1200px) {\r\n.mjtvb69f76d2876b5d {\r\ndisplay: block;\r\n}\r\n}\r\n@media screen and (min-width: 769px) and (max-width: 992px) {\r\n.mjtvb69f76d2876b5d {\r\ndisplay: block;\r\n}\r\n}\r\n@media screen and (min-width: 768px) and (max-width: 768px) {\r\n.mjtvb69f76d2876b5d {\r\ndisplay: block;\r\n}\r\n}\r\n@media screen and (max-width: 767px) {\r\n.mjtvb69f76d2876b5d {\r\ndisplay: block;\r\n}\r\n}\r\n<\/style>\r\n","protected":false},"excerpt":{"rendered":"<p>A sess\u00e3o desta ter\u00e7a-feira, 13 de agosto, da C\u00e2mara Municipal de Cataguases manteve dois vetos do prefeito e derrubou um, al\u00e9m de ter aprovado alguns Requerimentos dos vereadores. A expectativa, por\u00e9m, estava voltada para os inscritos a usarem a Tribuna<\/p>\n<p class=\"link-more\"><a class=\"more-link\" href=\"https:\/\/marcelolopes.jor.br\/site\/2019\/08\/14\/camara-repercute-julgamento-do-prefeito-com-discursos-inflamados\/\">Leia mais <span class=\"screen-reader-text\">C\u00e2mara repercute julgamento do prefeito com discursos inflamados<\/span><\/a><\/p>\n","protected":false},"author":2,"featured_media":4621,"comment_status":"open","ping_status":"open","sticky":false,"template":"","format":"standard","meta":{"footnotes":""},"categories":[1],"tags":[1001,345,953,239],"class_list":["post-4619","post","type-post","status-publish","format-standard","has-post-thumbnail","hentry","category-noticias","tag-audiencia","tag-camara-municipal","tag-impeachment","tag-julgamento","thumb-below-title"],"yoast_head":"<!-- This site is optimized with the Yoast SEO plugin v27.4 - https:\/\/yoast.com\/product\/yoast-seo-wordpress\/ -->\n<title>C\u00e2mara repercute julgamento do prefeito com discursos inflamados | Marcelo Lopes<\/title>\n<meta name=\"robots\" content=\"index, follow, max-snippet:-1, max-image-preview:large, max-video-preview:-1\" \/>\n<link rel=\"canonical\" href=\"https:\/\/marcelolopes.jor.br\/site\/2019\/08\/14\/camara-repercute-julgamento-do-prefeito-com-discursos-inflamados\/\" \/>\n<meta property=\"og:locale\" content=\"pt_BR\" \/>\n<meta property=\"og:type\" content=\"article\" \/>\n<meta property=\"og:title\" content=\"C\u00e2mara repercute julgamento do prefeito com discursos inflamados | Marcelo Lopes\" \/>\n<meta property=\"og:description\" content=\"A sess\u00e3o desta ter\u00e7a-feira, 13 de agosto, da C\u00e2mara Municipal de Cataguases manteve dois vetos do prefeito e derrubou um, al\u00e9m de ter aprovado alguns Requerimentos dos vereadores. A expectativa, por\u00e9m, estava voltada para os inscritos a usarem a TribunaLeia mais C\u00e2mara repercute julgamento do prefeito com discursos inflamados\" \/>\n<meta property=\"og:url\" content=\"https:\/\/marcelolopes.jor.br\/site\/2019\/08\/14\/camara-repercute-julgamento-do-prefeito-com-discursos-inflamados\/\" \/>\n<meta property=\"og:site_name\" content=\"Marcelo Lopes\" \/>\n<meta property=\"article:publisher\" content=\"https:\/\/www.facebook.com\/sitedomarcelolopes\" \/>\n<meta property=\"article:published_time\" content=\"2019-08-14T23:00:24+00:00\" \/>\n<meta property=\"og:image\" content=\"https:\/\/marcelolopes.jor.br\/site\/wp-content\/uploads\/2019\/08\/IMG_6287.jpg\" \/>\n\t<meta property=\"og:image:width\" content=\"640\" \/>\n\t<meta property=\"og:image:height\" content=\"480\" \/>\n\t<meta property=\"og:image:type\" content=\"image\/jpeg\" \/>\n<meta name=\"author\" content=\"Marcelo Lopes\" \/>\n<meta name=\"twitter:card\" content=\"summary_large_image\" \/>\n<meta name=\"twitter:label1\" content=\"Escrito por\" \/>\n\t<meta name=\"twitter:data1\" content=\"Marcelo Lopes\" \/>\n\t<meta name=\"twitter:label2\" content=\"Est. tempo de leitura\" \/>\n\t<meta name=\"twitter:data2\" content=\"3 minutos\" \/>\n<script type=\"application\/ld+json\" class=\"yoast-schema-graph\">{\"@context\":\"https:\\\/\\\/schema.org\",\"@graph\":[{\"@type\":\"NewsArticle\",\"@id\":\"https:\\\/\\\/marcelolopes.jor.br\\\/site\\\/2019\\\/08\\\/14\\\/camara-repercute-julgamento-do-prefeito-com-discursos-inflamados\\\/#article\",\"isPartOf\":{\"@id\":\"https:\\\/\\\/marcelolopes.jor.br\\\/site\\\/2019\\\/08\\\/14\\\/camara-repercute-julgamento-do-prefeito-com-discursos-inflamados\\\/\"},\"author\":{\"name\":\"Marcelo Lopes\",\"@id\":\"https:\\\/\\\/marcelolopes.jor.br\\\/site\\\/#\\\/schema\\\/person\\\/3e7216a35c34d8fdf952b31da3d1f89f\"},\"headline\":\"C\u00e2mara repercute julgamento do prefeito com discursos inflamados\",\"datePublished\":\"2019-08-14T23:00:24+00:00\",\"mainEntityOfPage\":{\"@id\":\"https:\\\/\\\/marcelolopes.jor.br\\\/site\\\/2019\\\/08\\\/14\\\/camara-repercute-julgamento-do-prefeito-com-discursos-inflamados\\\/\"},\"wordCount\":696,\"commentCount\":0,\"publisher\":{\"@id\":\"https:\\\/\\\/marcelolopes.jor.br\\\/site\\\/#organization\"},\"image\":{\"@id\":\"https:\\\/\\\/marcelolopes.jor.br\\\/site\\\/2019\\\/08\\\/14\\\/camara-repercute-julgamento-do-prefeito-com-discursos-inflamados\\\/#primaryimage\"},\"thumbnailUrl\":\"https:\\\/\\\/marcelolopes.jor.br\\\/site\\\/wp-content\\\/uploads\\\/2019\\\/08\\\/IMG_6287.jpg\",\"keywords\":[\"Audi\u00eancia\",\"C\u00e2mara Municipal\",\"impeachment\",\"julgamento\"],\"articleSection\":[\"Not\u00edcias\"],\"inLanguage\":\"pt-BR\",\"potentialAction\":[{\"@type\":\"CommentAction\",\"name\":\"Comment\",\"target\":[\"https:\\\/\\\/marcelolopes.jor.br\\\/site\\\/2019\\\/08\\\/14\\\/camara-repercute-julgamento-do-prefeito-com-discursos-inflamados\\\/#respond\"]}]},{\"@type\":\"WebPage\",\"@id\":\"https:\\\/\\\/marcelolopes.jor.br\\\/site\\\/2019\\\/08\\\/14\\\/camara-repercute-julgamento-do-prefeito-com-discursos-inflamados\\\/\",\"url\":\"https:\\\/\\\/marcelolopes.jor.br\\\/site\\\/2019\\\/08\\\/14\\\/camara-repercute-julgamento-do-prefeito-com-discursos-inflamados\\\/\",\"name\":\"C\u00e2mara repercute julgamento do prefeito com discursos inflamados | Marcelo Lopes\",\"isPartOf\":{\"@id\":\"https:\\\/\\\/marcelolopes.jor.br\\\/site\\\/#website\"},\"primaryImageOfPage\":{\"@id\":\"https:\\\/\\\/marcelolopes.jor.br\\\/site\\\/2019\\\/08\\\/14\\\/camara-repercute-julgamento-do-prefeito-com-discursos-inflamados\\\/#primaryimage\"},\"image\":{\"@id\":\"https:\\\/\\\/marcelolopes.jor.br\\\/site\\\/2019\\\/08\\\/14\\\/camara-repercute-julgamento-do-prefeito-com-discursos-inflamados\\\/#primaryimage\"},\"thumbnailUrl\":\"https:\\\/\\\/marcelolopes.jor.br\\\/site\\\/wp-content\\\/uploads\\\/2019\\\/08\\\/IMG_6287.jpg\",\"datePublished\":\"2019-08-14T23:00:24+00:00\",\"breadcrumb\":{\"@id\":\"https:\\\/\\\/marcelolopes.jor.br\\\/site\\\/2019\\\/08\\\/14\\\/camara-repercute-julgamento-do-prefeito-com-discursos-inflamados\\\/#breadcrumb\"},\"inLanguage\":\"pt-BR\",\"potentialAction\":[{\"@type\":\"ReadAction\",\"target\":[\"https:\\\/\\\/marcelolopes.jor.br\\\/site\\\/2019\\\/08\\\/14\\\/camara-repercute-julgamento-do-prefeito-com-discursos-inflamados\\\/\"]}]},{\"@type\":\"ImageObject\",\"inLanguage\":\"pt-BR\",\"@id\":\"https:\\\/\\\/marcelolopes.jor.br\\\/site\\\/2019\\\/08\\\/14\\\/camara-repercute-julgamento-do-prefeito-com-discursos-inflamados\\\/#primaryimage\",\"url\":\"https:\\\/\\\/marcelolopes.jor.br\\\/site\\\/wp-content\\\/uploads\\\/2019\\\/08\\\/IMG_6287.jpg\",\"contentUrl\":\"https:\\\/\\\/marcelolopes.jor.br\\\/site\\\/wp-content\\\/uploads\\\/2019\\\/08\\\/IMG_6287.jpg\",\"width\":640,\"height\":480},{\"@type\":\"BreadcrumbList\",\"@id\":\"https:\\\/\\\/marcelolopes.jor.br\\\/site\\\/2019\\\/08\\\/14\\\/camara-repercute-julgamento-do-prefeito-com-discursos-inflamados\\\/#breadcrumb\",\"itemListElement\":[{\"@type\":\"ListItem\",\"position\":1,\"name\":\"Home\",\"item\":\"https:\\\/\\\/marcelolopes.jor.br\\\/site\\\/\"},{\"@type\":\"ListItem\",\"position\":2,\"name\":\"C\u00e2mara repercute julgamento do prefeito com discursos inflamados\"}]},{\"@type\":\"WebSite\",\"@id\":\"https:\\\/\\\/marcelolopes.jor.br\\\/site\\\/#website\",\"url\":\"https:\\\/\\\/marcelolopes.jor.br\\\/site\\\/\",\"name\":\"Marcelo Lopes\",\"description\":\"Not\u00edcias de Cataguases e Regi\u00e3o\",\"publisher\":{\"@id\":\"https:\\\/\\\/marcelolopes.jor.br\\\/site\\\/#organization\"},\"potentialAction\":[{\"@type\":\"SearchAction\",\"target\":{\"@type\":\"EntryPoint\",\"urlTemplate\":\"https:\\\/\\\/marcelolopes.jor.br\\\/site\\\/?s={search_term_string}\"},\"query-input\":{\"@type\":\"PropertyValueSpecification\",\"valueRequired\":true,\"valueName\":\"search_term_string\"}}],\"inLanguage\":\"pt-BR\"},{\"@type\":\"Organization\",\"@id\":\"https:\\\/\\\/marcelolopes.jor.br\\\/site\\\/#organization\",\"name\":\"Site do Marcelo Lopes\",\"url\":\"https:\\\/\\\/marcelolopes.jor.br\\\/site\\\/\",\"logo\":{\"@type\":\"ImageObject\",\"inLanguage\":\"pt-BR\",\"@id\":\"https:\\\/\\\/marcelolopes.jor.br\\\/site\\\/#\\\/schema\\\/logo\\\/image\\\/\",\"url\":\"https:\\\/\\\/marcelolopes.jor.br\\\/site\\\/wp-content\\\/uploads\\\/2024\\\/11\\\/logo-1.png\",\"contentUrl\":\"https:\\\/\\\/marcelolopes.jor.br\\\/site\\\/wp-content\\\/uploads\\\/2024\\\/11\\\/logo-1.png\",\"width\":475,\"height\":80,\"caption\":\"Site do Marcelo Lopes\"},\"image\":{\"@id\":\"https:\\\/\\\/marcelolopes.jor.br\\\/site\\\/#\\\/schema\\\/logo\\\/image\\\/\"},\"sameAs\":[\"https:\\\/\\\/www.facebook.com\\\/sitedomarcelolopes\",\"https:\\\/\\\/www.instagram.com\\\/sitedomarcelolopes\\\/\",\"https:\\\/\\\/www.linkedin.com\\\/company\\\/site-do-marcelo-lopes\\\/\",\"https:\\\/\\\/www.youtube.com\\\/user\\\/marcelolopes957\"]},{\"@type\":\"Person\",\"@id\":\"https:\\\/\\\/marcelolopes.jor.br\\\/site\\\/#\\\/schema\\\/person\\\/3e7216a35c34d8fdf952b31da3d1f89f\",\"name\":\"Marcelo Lopes\",\"sameAs\":[\"http:\\\/\\\/www.marcelolopes.jor.br\"],\"url\":\"https:\\\/\\\/marcelolopes.jor.br\\\/site\\\/author\\\/marcelo\\\/\"}]}<\/script>\n<!-- \/ Yoast SEO plugin. -->","yoast_head_json":{"title":"C\u00e2mara repercute julgamento do prefeito com discursos inflamados | Marcelo Lopes","robots":{"index":"index","follow":"follow","max-snippet":"max-snippet:-1","max-image-preview":"max-image-preview:large","max-video-preview":"max-video-preview:-1"},"canonical":"https:\/\/marcelolopes.jor.br\/site\/2019\/08\/14\/camara-repercute-julgamento-do-prefeito-com-discursos-inflamados\/","og_locale":"pt_BR","og_type":"article","og_title":"C\u00e2mara repercute julgamento do prefeito com discursos inflamados | Marcelo Lopes","og_description":"A sess\u00e3o desta ter\u00e7a-feira, 13 de agosto, da C\u00e2mara Municipal de Cataguases manteve dois vetos do prefeito e derrubou um, al\u00e9m de ter aprovado alguns Requerimentos dos vereadores. A expectativa, por\u00e9m, estava voltada para os inscritos a usarem a TribunaLeia mais C\u00e2mara repercute julgamento do prefeito com discursos inflamados","og_url":"https:\/\/marcelolopes.jor.br\/site\/2019\/08\/14\/camara-repercute-julgamento-do-prefeito-com-discursos-inflamados\/","og_site_name":"Marcelo Lopes","article_publisher":"https:\/\/www.facebook.com\/sitedomarcelolopes","article_published_time":"2019-08-14T23:00:24+00:00","og_image":[{"width":640,"height":480,"url":"https:\/\/marcelolopes.jor.br\/site\/wp-content\/uploads\/2019\/08\/IMG_6287.jpg","type":"image\/jpeg"}],"author":"Marcelo Lopes","twitter_card":"summary_large_image","twitter_misc":{"Escrito por":"Marcelo Lopes","Est. tempo de leitura":"3 minutos"},"schema":{"@context":"https:\/\/schema.org","@graph":[{"@type":"NewsArticle","@id":"https:\/\/marcelolopes.jor.br\/site\/2019\/08\/14\/camara-repercute-julgamento-do-prefeito-com-discursos-inflamados\/#article","isPartOf":{"@id":"https:\/\/marcelolopes.jor.br\/site\/2019\/08\/14\/camara-repercute-julgamento-do-prefeito-com-discursos-inflamados\/"},"author":{"name":"Marcelo Lopes","@id":"https:\/\/marcelolopes.jor.br\/site\/#\/schema\/person\/3e7216a35c34d8fdf952b31da3d1f89f"},"headline":"C\u00e2mara repercute julgamento do prefeito com discursos inflamados","datePublished":"2019-08-14T23:00:24+00:00","mainEntityOfPage":{"@id":"https:\/\/marcelolopes.jor.br\/site\/2019\/08\/14\/camara-repercute-julgamento-do-prefeito-com-discursos-inflamados\/"},"wordCount":696,"commentCount":0,"publisher":{"@id":"https:\/\/marcelolopes.jor.br\/site\/#organization"},"image":{"@id":"https:\/\/marcelolopes.jor.br\/site\/2019\/08\/14\/camara-repercute-julgamento-do-prefeito-com-discursos-inflamados\/#primaryimage"},"thumbnailUrl":"https:\/\/marcelolopes.jor.br\/site\/wp-content\/uploads\/2019\/08\/IMG_6287.jpg","keywords":["Audi\u00eancia","C\u00e2mara Municipal","impeachment","julgamento"],"articleSection":["Not\u00edcias"],"inLanguage":"pt-BR","potentialAction":[{"@type":"CommentAction","name":"Comment","target":["https:\/\/marcelolopes.jor.br\/site\/2019\/08\/14\/camara-repercute-julgamento-do-prefeito-com-discursos-inflamados\/#respond"]}]},{"@type":"WebPage","@id":"https:\/\/marcelolopes.jor.br\/site\/2019\/08\/14\/camara-repercute-julgamento-do-prefeito-com-discursos-inflamados\/","url":"https:\/\/marcelolopes.jor.br\/site\/2019\/08\/14\/camara-repercute-julgamento-do-prefeito-com-discursos-inflamados\/","name":"C\u00e2mara repercute julgamento do prefeito com discursos inflamados | Marcelo Lopes","isPartOf":{"@id":"https:\/\/marcelolopes.jor.br\/site\/#website"},"primaryImageOfPage":{"@id":"https:\/\/marcelolopes.jor.br\/site\/2019\/08\/14\/camara-repercute-julgamento-do-prefeito-com-discursos-inflamados\/#primaryimage"},"image":{"@id":"https:\/\/marcelolopes.jor.br\/site\/2019\/08\/14\/camara-repercute-julgamento-do-prefeito-com-discursos-inflamados\/#primaryimage"},"thumbnailUrl":"https:\/\/marcelolopes.jor.br\/site\/wp-content\/uploads\/2019\/08\/IMG_6287.jpg","datePublished":"2019-08-14T23:00:24+00:00","breadcrumb":{"@id":"https:\/\/marcelolopes.jor.br\/site\/2019\/08\/14\/camara-repercute-julgamento-do-prefeito-com-discursos-inflamados\/#breadcrumb"},"inLanguage":"pt-BR","potentialAction":[{"@type":"ReadAction","target":["https:\/\/marcelolopes.jor.br\/site\/2019\/08\/14\/camara-repercute-julgamento-do-prefeito-com-discursos-inflamados\/"]}]},{"@type":"ImageObject","inLanguage":"pt-BR","@id":"https:\/\/marcelolopes.jor.br\/site\/2019\/08\/14\/camara-repercute-julgamento-do-prefeito-com-discursos-inflamados\/#primaryimage","url":"https:\/\/marcelolopes.jor.br\/site\/wp-content\/uploads\/2019\/08\/IMG_6287.jpg","contentUrl":"https:\/\/marcelolopes.jor.br\/site\/wp-content\/uploads\/2019\/08\/IMG_6287.jpg","width":640,"height":480},{"@type":"BreadcrumbList","@id":"https:\/\/marcelolopes.jor.br\/site\/2019\/08\/14\/camara-repercute-julgamento-do-prefeito-com-discursos-inflamados\/#breadcrumb","itemListElement":[{"@type":"ListItem","position":1,"name":"Home","item":"https:\/\/marcelolopes.jor.br\/site\/"},{"@type":"ListItem","position":2,"name":"C\u00e2mara repercute julgamento do prefeito com discursos inflamados"}]},{"@type":"WebSite","@id":"https:\/\/marcelolopes.jor.br\/site\/#website","url":"https:\/\/marcelolopes.jor.br\/site\/","name":"Marcelo Lopes","description":"Not\u00edcias de Cataguases e Regi\u00e3o","publisher":{"@id":"https:\/\/marcelolopes.jor.br\/site\/#organization"},"potentialAction":[{"@type":"SearchAction","target":{"@type":"EntryPoint","urlTemplate":"https:\/\/marcelolopes.jor.br\/site\/?s={search_term_string}"},"query-input":{"@type":"PropertyValueSpecification","valueRequired":true,"valueName":"search_term_string"}}],"inLanguage":"pt-BR"},{"@type":"Organization","@id":"https:\/\/marcelolopes.jor.br\/site\/#organization","name":"Site do Marcelo Lopes","url":"https:\/\/marcelolopes.jor.br\/site\/","logo":{"@type":"ImageObject","inLanguage":"pt-BR","@id":"https:\/\/marcelolopes.jor.br\/site\/#\/schema\/logo\/image\/","url":"https:\/\/marcelolopes.jor.br\/site\/wp-content\/uploads\/2024\/11\/logo-1.png","contentUrl":"https:\/\/marcelolopes.jor.br\/site\/wp-content\/uploads\/2024\/11\/logo-1.png","width":475,"height":80,"caption":"Site do Marcelo Lopes"},"image":{"@id":"https:\/\/marcelolopes.jor.br\/site\/#\/schema\/logo\/image\/"},"sameAs":["https:\/\/www.facebook.com\/sitedomarcelolopes","https:\/\/www.instagram.com\/sitedomarcelolopes\/","https:\/\/www.linkedin.com\/company\/site-do-marcelo-lopes\/","https:\/\/www.youtube.com\/user\/marcelolopes957"]},{"@type":"Person","@id":"https:\/\/marcelolopes.jor.br\/site\/#\/schema\/person\/3e7216a35c34d8fdf952b31da3d1f89f","name":"Marcelo Lopes","sameAs":["http:\/\/www.marcelolopes.jor.br"],"url":"https:\/\/marcelolopes.jor.br\/site\/author\/marcelo\/"}]}},"wps_subtitle":"Beto Pav\u00e3o, um dos denunciantes, e o vereador Ricardo Dias foram para o ataque em suas defesas.","_links":{"self":[{"href":"https:\/\/marcelolopes.jor.br\/site\/wp-json\/wp\/v2\/posts\/4619","targetHints":{"allow":["GET"]}}],"collection":[{"href":"https:\/\/marcelolopes.jor.br\/site\/wp-json\/wp\/v2\/posts"}],"about":[{"href":"https:\/\/marcelolopes.jor.br\/site\/wp-json\/wp\/v2\/types\/post"}],"author":[{"embeddable":true,"href":"https:\/\/marcelolopes.jor.br\/site\/wp-json\/wp\/v2\/users\/2"}],"replies":[{"embeddable":true,"href":"https:\/\/marcelolopes.jor.br\/site\/wp-json\/wp\/v2\/comments?post=4619"}],"version-history":[{"count":0,"href":"https:\/\/marcelolopes.jor.br\/site\/wp-json\/wp\/v2\/posts\/4619\/revisions"}],"wp:featuredmedia":[{"embeddable":true,"href":"https:\/\/marcelolopes.jor.br\/site\/wp-json\/wp\/v2\/media\/4621"}],"wp:attachment":[{"href":"https:\/\/marcelolopes.jor.br\/site\/wp-json\/wp\/v2\/media?parent=4619"}],"wp:term":[{"taxonomy":"category","embeddable":true,"href":"https:\/\/marcelolopes.jor.br\/site\/wp-json\/wp\/v2\/categories?post=4619"},{"taxonomy":"post_tag","embeddable":true,"href":"https:\/\/marcelolopes.jor.br\/site\/wp-json\/wp\/v2\/tags?post=4619"}],"curies":[{"name":"wp","href":"https:\/\/api.w.org\/{rel}","templated":true}]}}