{"id":4523,"date":"2019-08-10T19:00:15","date_gmt":"2019-08-10T22:00:15","guid":{"rendered":"https:\/\/marcelolopes.jor.br\/?p=4523"},"modified":"2019-08-10T17:43:42","modified_gmt":"2019-08-10T20:43:42","slug":"homem-e-preso-em-leopoldina-suspeito-de-abusar-de-duas-meninas","status":"publish","type":"post","link":"https:\/\/marcelolopes.jor.br\/site\/2019\/08\/10\/homem-e-preso-em-leopoldina-suspeito-de-abusar-de-duas-meninas\/","title":{"rendered":"Homem \u00e9 preso em Leopoldina suspeito de abusar de duas meninas"},"content":{"rendered":"<p style=\"text-align: justify;\">Um homem de 34 anos foi preso em Leopoldina sexta-feira, 09 de agosto, suspeito de abusar de duas meninas, atualmente com 15 e 12 anos de idade, filhas de sua ex-companheira. A a\u00e7\u00e3o foi realizada pela Pol\u00edcia Civil depois que a m\u00e3e das v\u00edtimas denunciou o caso. A pris\u00e3o do indiv\u00edduo foi solicitada pela delegacia de Leopoldina e decretada preventivamente pela Justi\u00e7a daquela comarca.<!--more--><\/p>\n<p style=\"text-align: justify;\">De acordo com as informa\u00e7\u00f5es divulgadas pelo jornal O Vigilante Online, o suspeito foi preso no final da tarde de sexta-feira, por uma equipe da 3\u00aa Delegacia Regional de Pol\u00edcia Civil de Leopoldina, durante cumprimento a uma determina\u00e7\u00e3o judicial.<\/p>\n<p style=\"text-align: justify;\">Ele foi levado para o pres\u00eddio de Leopoldina onde se encontra \u00e0 disposi\u00e7\u00e3o da justi\u00e7a.<\/p>\n<p><em>Fonte e foto: Jornal O Vigilante Online<\/em><\/p>\n<div class=\"chkoe69f7278ad5f47\" ><br><\/div><style type=\"text\/css\">\r\n@media screen and (min-width: 1201px) {\r\n.chkoe69f7278ad5f47 {\r\ndisplay: block;\r\n}\r\n}\r\n@media screen and (min-width: 993px) and (max-width: 1200px) {\r\n.chkoe69f7278ad5f47 {\r\ndisplay: block;\r\n}\r\n}\r\n@media screen and (min-width: 769px) and (max-width: 992px) {\r\n.chkoe69f7278ad5f47 {\r\ndisplay: block;\r\n}\r\n}\r\n@media screen and (min-width: 768px) and (max-width: 768px) {\r\n.chkoe69f7278ad5f47 {\r\ndisplay: block;\r\n}\r\n}\r\n@media screen and (max-width: 767px) {\r\n.chkoe69f7278ad5f47 {\r\ndisplay: block;\r\n}\r\n}\r\n<\/style>\r\n<div class=\"etofk69f7278adbb4f\" ><div id=\"div_destino\"><\/div>\r\n<script src=\"https:\/\/cdn.snsrsv.com\/sdk.js\"><\/script>\r\n<script >\r\n      new sdk(\"464030C30061EA8BE065000000000001\") \r\n          .appendTo(\"div_destino\")\r\n          .disableStyle(true) \r\n          .setCacheBusterMacro(\"%%CACHEBUSTER%%\")\r\n          .setSize(\"800\",\"214\")\r\n          .setClickMacro(\"%%CLICK_URL_ESC%%\") \r\n          .setReferrerUrlMacro(\"%%REFERRER_URL_ESC%%\") \r\n          .start(); \r\n<\/script><\/div><style type=\"text\/css\">\r\n@media screen and (min-width: 1201px) {\r\n.etofk69f7278adbb4f {\r\ndisplay: block;\r\n}\r\n}\r\n@media screen and (min-width: 993px) and (max-width: 1200px) {\r\n.etofk69f7278adbb4f {\r\ndisplay: block;\r\n}\r\n}\r\n@media screen and (min-width: 769px) and (max-width: 992px) {\r\n.etofk69f7278adbb4f {\r\ndisplay: block;\r\n}\r\n}\r\n@media screen and (min-width: 768px) and (max-width: 768px) {\r\n.etofk69f7278adbb4f {\r\ndisplay: block;\r\n}\r\n}\r\n@media screen and (max-width: 767px) {\r\n.etofk69f7278adbb4f {\r\ndisplay: block;\r\n}\r\n}\r\n<\/style>\r\n","protected":false},"excerpt":{"rendered":"<p>Um homem de 34 anos foi preso em Leopoldina sexta-feira, 09 de agosto, suspeito de abusar de duas meninas, atualmente com 15 e 12 anos de idade, filhas de sua ex-companheira. A a\u00e7\u00e3o foi realizada pela Pol\u00edcia Civil depois que<\/p>\n<p class=\"link-more\"><a class=\"more-link\" href=\"https:\/\/marcelolopes.jor.br\/site\/2019\/08\/10\/homem-e-preso-em-leopoldina-suspeito-de-abusar-de-duas-meninas\/\">Leia mais <span class=\"screen-reader-text\">Homem \u00e9 preso em Leopoldina suspeito de abusar de duas meninas<\/span><\/a><\/p>\n","protected":false},"author":2,"featured_media":4525,"comment_status":"open","ping_status":"open","sticky":false,"template":"","format":"standard","meta":{"footnotes":""},"categories":[1],"tags":[968,884,916,969],"class_list":["post-4523","post","type-post","status-publish","format-standard","has-post-thumbnail","hentry","category-noticias","tag-abuso-sexual","tag-assedio-sexual","tag-criancas","tag-meninas","thumb-below-title"],"yoast_head":"<!-- This site is optimized with the Yoast SEO plugin v27.4 - https:\/\/yoast.com\/product\/yoast-seo-wordpress\/ -->\n<title>Homem \u00e9 preso em Leopoldina suspeito de abusar de duas meninas | Marcelo Lopes<\/title>\n<meta name=\"robots\" content=\"index, follow, max-snippet:-1, max-image-preview:large, max-video-preview:-1\" \/>\n<link rel=\"canonical\" href=\"https:\/\/marcelolopes.jor.br\/site\/2019\/08\/10\/homem-e-preso-em-leopoldina-suspeito-de-abusar-de-duas-meninas\/\" \/>\n<meta property=\"og:locale\" content=\"pt_BR\" \/>\n<meta property=\"og:type\" content=\"article\" \/>\n<meta property=\"og:title\" content=\"Homem \u00e9 preso em Leopoldina suspeito de abusar de duas meninas | Marcelo Lopes\" \/>\n<meta property=\"og:description\" content=\"Um homem de 34 anos foi preso em Leopoldina sexta-feira, 09 de agosto, suspeito de abusar de duas meninas, atualmente com 15 e 12 anos de idade, filhas de sua ex-companheira. A a\u00e7\u00e3o foi realizada pela Pol\u00edcia Civil depois queLeia mais Homem \u00e9 preso em Leopoldina suspeito de abusar de duas meninas\" \/>\n<meta property=\"og:url\" content=\"https:\/\/marcelolopes.jor.br\/site\/2019\/08\/10\/homem-e-preso-em-leopoldina-suspeito-de-abusar-de-duas-meninas\/\" \/>\n<meta property=\"og:site_name\" content=\"Marcelo Lopes\" \/>\n<meta property=\"article:publisher\" content=\"https:\/\/www.facebook.com\/sitedomarcelolopes\" \/>\n<meta property=\"article:published_time\" content=\"2019-08-10T22:00:15+00:00\" \/>\n<meta property=\"og:image\" content=\"https:\/\/marcelolopes.jor.br\/site\/wp-content\/uploads\/2019\/08\/f100aeeb1c764bb1b516759c90971c6a.jpg\" \/>\n\t<meta property=\"og:image:width\" content=\"900\" \/>\n\t<meta property=\"og:image:height\" content=\"500\" \/>\n\t<meta property=\"og:image:type\" content=\"image\/jpeg\" \/>\n<meta name=\"author\" content=\"Marcelo Lopes\" \/>\n<meta name=\"twitter:card\" content=\"summary_large_image\" \/>\n<meta name=\"twitter:label1\" content=\"Escrito por\" \/>\n\t<meta name=\"twitter:data1\" content=\"Marcelo Lopes\" \/>\n\t<meta name=\"twitter:label2\" content=\"Est. tempo de leitura\" \/>\n\t<meta name=\"twitter:data2\" content=\"1 minuto\" \/>\n<script type=\"application\/ld+json\" class=\"yoast-schema-graph\">{\"@context\":\"https:\\\/\\\/schema.org\",\"@graph\":[{\"@type\":\"NewsArticle\",\"@id\":\"https:\\\/\\\/marcelolopes.jor.br\\\/site\\\/2019\\\/08\\\/10\\\/homem-e-preso-em-leopoldina-suspeito-de-abusar-de-duas-meninas\\\/#article\",\"isPartOf\":{\"@id\":\"https:\\\/\\\/marcelolopes.jor.br\\\/site\\\/2019\\\/08\\\/10\\\/homem-e-preso-em-leopoldina-suspeito-de-abusar-de-duas-meninas\\\/\"},\"author\":{\"name\":\"Marcelo Lopes\",\"@id\":\"https:\\\/\\\/marcelolopes.jor.br\\\/site\\\/#\\\/schema\\\/person\\\/3e7216a35c34d8fdf952b31da3d1f89f\"},\"headline\":\"Homem \u00e9 preso em Leopoldina suspeito de abusar de duas meninas\",\"datePublished\":\"2019-08-10T22:00:15+00:00\",\"mainEntityOfPage\":{\"@id\":\"https:\\\/\\\/marcelolopes.jor.br\\\/site\\\/2019\\\/08\\\/10\\\/homem-e-preso-em-leopoldina-suspeito-de-abusar-de-duas-meninas\\\/\"},\"wordCount\":142,\"commentCount\":0,\"publisher\":{\"@id\":\"https:\\\/\\\/marcelolopes.jor.br\\\/site\\\/#organization\"},\"image\":{\"@id\":\"https:\\\/\\\/marcelolopes.jor.br\\\/site\\\/2019\\\/08\\\/10\\\/homem-e-preso-em-leopoldina-suspeito-de-abusar-de-duas-meninas\\\/#primaryimage\"},\"thumbnailUrl\":\"https:\\\/\\\/marcelolopes.jor.br\\\/site\\\/wp-content\\\/uploads\\\/2019\\\/08\\\/f100aeeb1c764bb1b516759c90971c6a.jpg\",\"keywords\":[\"abuso sexual\",\"ass\u00e9dio sexual\",\"crian\u00e7as\",\"meninas\"],\"articleSection\":[\"Not\u00edcias\"],\"inLanguage\":\"pt-BR\",\"potentialAction\":[{\"@type\":\"CommentAction\",\"name\":\"Comment\",\"target\":[\"https:\\\/\\\/marcelolopes.jor.br\\\/site\\\/2019\\\/08\\\/10\\\/homem-e-preso-em-leopoldina-suspeito-de-abusar-de-duas-meninas\\\/#respond\"]}]},{\"@type\":\"WebPage\",\"@id\":\"https:\\\/\\\/marcelolopes.jor.br\\\/site\\\/2019\\\/08\\\/10\\\/homem-e-preso-em-leopoldina-suspeito-de-abusar-de-duas-meninas\\\/\",\"url\":\"https:\\\/\\\/marcelolopes.jor.br\\\/site\\\/2019\\\/08\\\/10\\\/homem-e-preso-em-leopoldina-suspeito-de-abusar-de-duas-meninas\\\/\",\"name\":\"Homem \u00e9 preso em Leopoldina suspeito de abusar de duas meninas | Marcelo Lopes\",\"isPartOf\":{\"@id\":\"https:\\\/\\\/marcelolopes.jor.br\\\/site\\\/#website\"},\"primaryImageOfPage\":{\"@id\":\"https:\\\/\\\/marcelolopes.jor.br\\\/site\\\/2019\\\/08\\\/10\\\/homem-e-preso-em-leopoldina-suspeito-de-abusar-de-duas-meninas\\\/#primaryimage\"},\"image\":{\"@id\":\"https:\\\/\\\/marcelolopes.jor.br\\\/site\\\/2019\\\/08\\\/10\\\/homem-e-preso-em-leopoldina-suspeito-de-abusar-de-duas-meninas\\\/#primaryimage\"},\"thumbnailUrl\":\"https:\\\/\\\/marcelolopes.jor.br\\\/site\\\/wp-content\\\/uploads\\\/2019\\\/08\\\/f100aeeb1c764bb1b516759c90971c6a.jpg\",\"datePublished\":\"2019-08-10T22:00:15+00:00\",\"breadcrumb\":{\"@id\":\"https:\\\/\\\/marcelolopes.jor.br\\\/site\\\/2019\\\/08\\\/10\\\/homem-e-preso-em-leopoldina-suspeito-de-abusar-de-duas-meninas\\\/#breadcrumb\"},\"inLanguage\":\"pt-BR\",\"potentialAction\":[{\"@type\":\"ReadAction\",\"target\":[\"https:\\\/\\\/marcelolopes.jor.br\\\/site\\\/2019\\\/08\\\/10\\\/homem-e-preso-em-leopoldina-suspeito-de-abusar-de-duas-meninas\\\/\"]}]},{\"@type\":\"ImageObject\",\"inLanguage\":\"pt-BR\",\"@id\":\"https:\\\/\\\/marcelolopes.jor.br\\\/site\\\/2019\\\/08\\\/10\\\/homem-e-preso-em-leopoldina-suspeito-de-abusar-de-duas-meninas\\\/#primaryimage\",\"url\":\"https:\\\/\\\/marcelolopes.jor.br\\\/site\\\/wp-content\\\/uploads\\\/2019\\\/08\\\/f100aeeb1c764bb1b516759c90971c6a.jpg\",\"contentUrl\":\"https:\\\/\\\/marcelolopes.jor.br\\\/site\\\/wp-content\\\/uploads\\\/2019\\\/08\\\/f100aeeb1c764bb1b516759c90971c6a.jpg\",\"width\":900,\"height\":500},{\"@type\":\"BreadcrumbList\",\"@id\":\"https:\\\/\\\/marcelolopes.jor.br\\\/site\\\/2019\\\/08\\\/10\\\/homem-e-preso-em-leopoldina-suspeito-de-abusar-de-duas-meninas\\\/#breadcrumb\",\"itemListElement\":[{\"@type\":\"ListItem\",\"position\":1,\"name\":\"Home\",\"item\":\"https:\\\/\\\/marcelolopes.jor.br\\\/site\\\/\"},{\"@type\":\"ListItem\",\"position\":2,\"name\":\"Homem \u00e9 preso em Leopoldina suspeito de abusar de duas meninas\"}]},{\"@type\":\"WebSite\",\"@id\":\"https:\\\/\\\/marcelolopes.jor.br\\\/site\\\/#website\",\"url\":\"https:\\\/\\\/marcelolopes.jor.br\\\/site\\\/\",\"name\":\"Marcelo Lopes\",\"description\":\"Not\u00edcias de Cataguases e Regi\u00e3o\",\"publisher\":{\"@id\":\"https:\\\/\\\/marcelolopes.jor.br\\\/site\\\/#organization\"},\"potentialAction\":[{\"@type\":\"SearchAction\",\"target\":{\"@type\":\"EntryPoint\",\"urlTemplate\":\"https:\\\/\\\/marcelolopes.jor.br\\\/site\\\/?s={search_term_string}\"},\"query-input\":{\"@type\":\"PropertyValueSpecification\",\"valueRequired\":true,\"valueName\":\"search_term_string\"}}],\"inLanguage\":\"pt-BR\"},{\"@type\":\"Organization\",\"@id\":\"https:\\\/\\\/marcelolopes.jor.br\\\/site\\\/#organization\",\"name\":\"Site do Marcelo Lopes\",\"url\":\"https:\\\/\\\/marcelolopes.jor.br\\\/site\\\/\",\"logo\":{\"@type\":\"ImageObject\",\"inLanguage\":\"pt-BR\",\"@id\":\"https:\\\/\\\/marcelolopes.jor.br\\\/site\\\/#\\\/schema\\\/logo\\\/image\\\/\",\"url\":\"https:\\\/\\\/marcelolopes.jor.br\\\/site\\\/wp-content\\\/uploads\\\/2024\\\/11\\\/logo-1.png\",\"contentUrl\":\"https:\\\/\\\/marcelolopes.jor.br\\\/site\\\/wp-content\\\/uploads\\\/2024\\\/11\\\/logo-1.png\",\"width\":475,\"height\":80,\"caption\":\"Site do Marcelo Lopes\"},\"image\":{\"@id\":\"https:\\\/\\\/marcelolopes.jor.br\\\/site\\\/#\\\/schema\\\/logo\\\/image\\\/\"},\"sameAs\":[\"https:\\\/\\\/www.facebook.com\\\/sitedomarcelolopes\",\"https:\\\/\\\/www.instagram.com\\\/sitedomarcelolopes\\\/\",\"https:\\\/\\\/www.linkedin.com\\\/company\\\/site-do-marcelo-lopes\\\/\",\"https:\\\/\\\/www.youtube.com\\\/user\\\/marcelolopes957\"]},{\"@type\":\"Person\",\"@id\":\"https:\\\/\\\/marcelolopes.jor.br\\\/site\\\/#\\\/schema\\\/person\\\/3e7216a35c34d8fdf952b31da3d1f89f\",\"name\":\"Marcelo Lopes\",\"sameAs\":[\"http:\\\/\\\/www.marcelolopes.jor.br\"],\"url\":\"https:\\\/\\\/marcelolopes.jor.br\\\/site\\\/author\\\/marcelo\\\/\"}]}<\/script>\n<!-- \/ Yoast SEO plugin. -->","yoast_head_json":{"title":"Homem \u00e9 preso em Leopoldina suspeito de abusar de duas meninas | Marcelo Lopes","robots":{"index":"index","follow":"follow","max-snippet":"max-snippet:-1","max-image-preview":"max-image-preview:large","max-video-preview":"max-video-preview:-1"},"canonical":"https:\/\/marcelolopes.jor.br\/site\/2019\/08\/10\/homem-e-preso-em-leopoldina-suspeito-de-abusar-de-duas-meninas\/","og_locale":"pt_BR","og_type":"article","og_title":"Homem \u00e9 preso em Leopoldina suspeito de abusar de duas meninas | Marcelo Lopes","og_description":"Um homem de 34 anos foi preso em Leopoldina sexta-feira, 09 de agosto, suspeito de abusar de duas meninas, atualmente com 15 e 12 anos de idade, filhas de sua ex-companheira. A a\u00e7\u00e3o foi realizada pela Pol\u00edcia Civil depois queLeia mais Homem \u00e9 preso em Leopoldina suspeito de abusar de duas meninas","og_url":"https:\/\/marcelolopes.jor.br\/site\/2019\/08\/10\/homem-e-preso-em-leopoldina-suspeito-de-abusar-de-duas-meninas\/","og_site_name":"Marcelo Lopes","article_publisher":"https:\/\/www.facebook.com\/sitedomarcelolopes","article_published_time":"2019-08-10T22:00:15+00:00","og_image":[{"width":900,"height":500,"url":"https:\/\/marcelolopes.jor.br\/site\/wp-content\/uploads\/2019\/08\/f100aeeb1c764bb1b516759c90971c6a.jpg","type":"image\/jpeg"}],"author":"Marcelo Lopes","twitter_card":"summary_large_image","twitter_misc":{"Escrito por":"Marcelo Lopes","Est. tempo de leitura":"1 minuto"},"schema":{"@context":"https:\/\/schema.org","@graph":[{"@type":"NewsArticle","@id":"https:\/\/marcelolopes.jor.br\/site\/2019\/08\/10\/homem-e-preso-em-leopoldina-suspeito-de-abusar-de-duas-meninas\/#article","isPartOf":{"@id":"https:\/\/marcelolopes.jor.br\/site\/2019\/08\/10\/homem-e-preso-em-leopoldina-suspeito-de-abusar-de-duas-meninas\/"},"author":{"name":"Marcelo Lopes","@id":"https:\/\/marcelolopes.jor.br\/site\/#\/schema\/person\/3e7216a35c34d8fdf952b31da3d1f89f"},"headline":"Homem \u00e9 preso em Leopoldina suspeito de abusar de duas meninas","datePublished":"2019-08-10T22:00:15+00:00","mainEntityOfPage":{"@id":"https:\/\/marcelolopes.jor.br\/site\/2019\/08\/10\/homem-e-preso-em-leopoldina-suspeito-de-abusar-de-duas-meninas\/"},"wordCount":142,"commentCount":0,"publisher":{"@id":"https:\/\/marcelolopes.jor.br\/site\/#organization"},"image":{"@id":"https:\/\/marcelolopes.jor.br\/site\/2019\/08\/10\/homem-e-preso-em-leopoldina-suspeito-de-abusar-de-duas-meninas\/#primaryimage"},"thumbnailUrl":"https:\/\/marcelolopes.jor.br\/site\/wp-content\/uploads\/2019\/08\/f100aeeb1c764bb1b516759c90971c6a.jpg","keywords":["abuso sexual","ass\u00e9dio sexual","crian\u00e7as","meninas"],"articleSection":["Not\u00edcias"],"inLanguage":"pt-BR","potentialAction":[{"@type":"CommentAction","name":"Comment","target":["https:\/\/marcelolopes.jor.br\/site\/2019\/08\/10\/homem-e-preso-em-leopoldina-suspeito-de-abusar-de-duas-meninas\/#respond"]}]},{"@type":"WebPage","@id":"https:\/\/marcelolopes.jor.br\/site\/2019\/08\/10\/homem-e-preso-em-leopoldina-suspeito-de-abusar-de-duas-meninas\/","url":"https:\/\/marcelolopes.jor.br\/site\/2019\/08\/10\/homem-e-preso-em-leopoldina-suspeito-de-abusar-de-duas-meninas\/","name":"Homem \u00e9 preso em Leopoldina suspeito de abusar de duas meninas | Marcelo Lopes","isPartOf":{"@id":"https:\/\/marcelolopes.jor.br\/site\/#website"},"primaryImageOfPage":{"@id":"https:\/\/marcelolopes.jor.br\/site\/2019\/08\/10\/homem-e-preso-em-leopoldina-suspeito-de-abusar-de-duas-meninas\/#primaryimage"},"image":{"@id":"https:\/\/marcelolopes.jor.br\/site\/2019\/08\/10\/homem-e-preso-em-leopoldina-suspeito-de-abusar-de-duas-meninas\/#primaryimage"},"thumbnailUrl":"https:\/\/marcelolopes.jor.br\/site\/wp-content\/uploads\/2019\/08\/f100aeeb1c764bb1b516759c90971c6a.jpg","datePublished":"2019-08-10T22:00:15+00:00","breadcrumb":{"@id":"https:\/\/marcelolopes.jor.br\/site\/2019\/08\/10\/homem-e-preso-em-leopoldina-suspeito-de-abusar-de-duas-meninas\/#breadcrumb"},"inLanguage":"pt-BR","potentialAction":[{"@type":"ReadAction","target":["https:\/\/marcelolopes.jor.br\/site\/2019\/08\/10\/homem-e-preso-em-leopoldina-suspeito-de-abusar-de-duas-meninas\/"]}]},{"@type":"ImageObject","inLanguage":"pt-BR","@id":"https:\/\/marcelolopes.jor.br\/site\/2019\/08\/10\/homem-e-preso-em-leopoldina-suspeito-de-abusar-de-duas-meninas\/#primaryimage","url":"https:\/\/marcelolopes.jor.br\/site\/wp-content\/uploads\/2019\/08\/f100aeeb1c764bb1b516759c90971c6a.jpg","contentUrl":"https:\/\/marcelolopes.jor.br\/site\/wp-content\/uploads\/2019\/08\/f100aeeb1c764bb1b516759c90971c6a.jpg","width":900,"height":500},{"@type":"BreadcrumbList","@id":"https:\/\/marcelolopes.jor.br\/site\/2019\/08\/10\/homem-e-preso-em-leopoldina-suspeito-de-abusar-de-duas-meninas\/#breadcrumb","itemListElement":[{"@type":"ListItem","position":1,"name":"Home","item":"https:\/\/marcelolopes.jor.br\/site\/"},{"@type":"ListItem","position":2,"name":"Homem \u00e9 preso em Leopoldina suspeito de abusar de duas meninas"}]},{"@type":"WebSite","@id":"https:\/\/marcelolopes.jor.br\/site\/#website","url":"https:\/\/marcelolopes.jor.br\/site\/","name":"Marcelo Lopes","description":"Not\u00edcias de Cataguases e Regi\u00e3o","publisher":{"@id":"https:\/\/marcelolopes.jor.br\/site\/#organization"},"potentialAction":[{"@type":"SearchAction","target":{"@type":"EntryPoint","urlTemplate":"https:\/\/marcelolopes.jor.br\/site\/?s={search_term_string}"},"query-input":{"@type":"PropertyValueSpecification","valueRequired":true,"valueName":"search_term_string"}}],"inLanguage":"pt-BR"},{"@type":"Organization","@id":"https:\/\/marcelolopes.jor.br\/site\/#organization","name":"Site do Marcelo Lopes","url":"https:\/\/marcelolopes.jor.br\/site\/","logo":{"@type":"ImageObject","inLanguage":"pt-BR","@id":"https:\/\/marcelolopes.jor.br\/site\/#\/schema\/logo\/image\/","url":"https:\/\/marcelolopes.jor.br\/site\/wp-content\/uploads\/2024\/11\/logo-1.png","contentUrl":"https:\/\/marcelolopes.jor.br\/site\/wp-content\/uploads\/2024\/11\/logo-1.png","width":475,"height":80,"caption":"Site do Marcelo Lopes"},"image":{"@id":"https:\/\/marcelolopes.jor.br\/site\/#\/schema\/logo\/image\/"},"sameAs":["https:\/\/www.facebook.com\/sitedomarcelolopes","https:\/\/www.instagram.com\/sitedomarcelolopes\/","https:\/\/www.linkedin.com\/company\/site-do-marcelo-lopes\/","https:\/\/www.youtube.com\/user\/marcelolopes957"]},{"@type":"Person","@id":"https:\/\/marcelolopes.jor.br\/site\/#\/schema\/person\/3e7216a35c34d8fdf952b31da3d1f89f","name":"Marcelo Lopes","sameAs":["http:\/\/www.marcelolopes.jor.br"],"url":"https:\/\/marcelolopes.jor.br\/site\/author\/marcelo\/"}]}},"wps_subtitle":"As v\u00edtimas estavam com 15 e 12 anos de idade \u00e0 \u00e9poca do crime, revelou a Pol\u00edcia Civil.","_links":{"self":[{"href":"https:\/\/marcelolopes.jor.br\/site\/wp-json\/wp\/v2\/posts\/4523","targetHints":{"allow":["GET"]}}],"collection":[{"href":"https:\/\/marcelolopes.jor.br\/site\/wp-json\/wp\/v2\/posts"}],"about":[{"href":"https:\/\/marcelolopes.jor.br\/site\/wp-json\/wp\/v2\/types\/post"}],"author":[{"embeddable":true,"href":"https:\/\/marcelolopes.jor.br\/site\/wp-json\/wp\/v2\/users\/2"}],"replies":[{"embeddable":true,"href":"https:\/\/marcelolopes.jor.br\/site\/wp-json\/wp\/v2\/comments?post=4523"}],"version-history":[{"count":0,"href":"https:\/\/marcelolopes.jor.br\/site\/wp-json\/wp\/v2\/posts\/4523\/revisions"}],"wp:featuredmedia":[{"embeddable":true,"href":"https:\/\/marcelolopes.jor.br\/site\/wp-json\/wp\/v2\/media\/4525"}],"wp:attachment":[{"href":"https:\/\/marcelolopes.jor.br\/site\/wp-json\/wp\/v2\/media?parent=4523"}],"wp:term":[{"taxonomy":"category","embeddable":true,"href":"https:\/\/marcelolopes.jor.br\/site\/wp-json\/wp\/v2\/categories?post=4523"},{"taxonomy":"post_tag","embeddable":true,"href":"https:\/\/marcelolopes.jor.br\/site\/wp-json\/wp\/v2\/tags?post=4523"}],"curies":[{"name":"wp","href":"https:\/\/api.w.org\/{rel}","templated":true}]}}