{"id":4468,"date":"2019-08-09T16:00:49","date_gmt":"2019-08-09T19:00:49","guid":{"rendered":"https:\/\/marcelolopes.jor.br\/?p=4468"},"modified":"2019-08-09T08:55:14","modified_gmt":"2019-08-09T11:55:14","slug":"forum-de-cataguases-faz-processo-seletivo-para-contratar-dezesseis-estagiarios","status":"publish","type":"post","link":"https:\/\/marcelolopes.jor.br\/site\/2019\/08\/09\/forum-de-cataguases-faz-processo-seletivo-para-contratar-dezesseis-estagiarios\/","title":{"rendered":"F\u00f3rum de Cataguases faz processo seletivo para contratar dezesseis estagi\u00e1rios"},"content":{"rendered":"<p style=\"text-align: justify;\">O F\u00f3rum da Comarca de Cataguases, por meio de seu diretor, o Juiz de Direito, Reinaldo Daniel Moreira, est\u00e1 com Edital aberto visando receber inscri\u00e7\u00f5es de acad\u00eamicos do curso de Direito que estejam interessados em trabalhar como estagi\u00e1rios na 2\u00aa Vara C\u00edvel, Vara Criminal, Turma Recursal e na Unidade Jurisdicional do Juizado Especial. Os interessados precisam, obrigatoriamente, estarem cursando do quarto ao s\u00e9timo per\u00edodo, conforme determina\u00e7\u00e3o do Edital n\u00ba 01\/2019 (<a href=\"http:\/\/www.tjmg.jus.br\/portal-tjmg\/transparencia\/concursos-estagiarios\/cataguases-selecao-de-estagiarios-edital-01-2019.htm#.XUriAeNKiM9\"><strong>clique aqui para baixar<\/strong><\/a>).<!--more--><\/p>\n<p style=\"text-align: justify;\">Ser\u00e3o selecionados dezesseis candidatos e as inscri\u00e7\u00f5es &#8211; gratuitas &#8211; poder\u00e3o ser feitas no per\u00edodo de 12 a 30 de agosto, de 12h \u00e0s 18h, na sala da Administra\u00e7\u00e3o do F\u00f3rum de Cataguases, situada \u00e0 Pra\u00e7a Dr. Cunha Neto, s\/n\u00ba, Bairro Granjaria. N\u00e3o \u00e9 necess\u00e1rio que o candidato \u00e0 vaga de est\u00e1gio apresente c\u00f3pia de qualquer de seus documentos, uma vez que cabe \u00e0 ele a responsabilidade pela veracidade das informa\u00e7\u00f5es prestadas, explica o Edital.<\/p>\n<p style=\"text-align: justify;\">A prova da sele\u00e7\u00e3o de est\u00e1gio ser\u00e1 aplicada no dia 06 de setembro, no sal\u00e3o do Tribunal do J\u00fari da Comarca de Cataguases, de 8h \u00e0s 11h30min, contendo quest\u00f5es objetivas e discursivas\/dissertativas. Os candidatos dever\u00e3o chegar ao local munidos de caneta esferogr\u00e1fica azul ou preta, do comprovante de inscri\u00e7\u00e3o e de um documento de identidade com foto com, no m\u00ednimo, trinta minutos de anteced\u00eancia do in\u00edcio da prova.<\/p>\n<p style=\"text-align: justify;\">Os aprovados no certame cumprir\u00e3o carga hor\u00e1ria de seis horas di\u00e1rias, de segunda a sexta-feira, e far\u00e3o jus a uma bolsa est\u00e1gio de R$ 1.047,00, al\u00e9m de aux\u00edlio transporte em pec\u00fania equivalente a dez por cento do valor da bolsa est\u00e1gio, disp\u00f5e o Edital n\u00ba 01\/2019, da Dire\u00e7\u00e3o do Foro da Comarca de Cataguases.\u00a0Informa\u00e7\u00f5es complementares poder\u00e3o ser obtidas na sala da Administra\u00e7\u00e3o do F\u00f3rum da Comarca de Cataguases.<\/p>\n<div class=\"ihpxr69f7109c7be37\" ><br><\/div><style type=\"text\/css\">\r\n@media screen and (min-width: 1201px) {\r\n.ihpxr69f7109c7be37 {\r\ndisplay: block;\r\n}\r\n}\r\n@media screen and (min-width: 993px) and (max-width: 1200px) {\r\n.ihpxr69f7109c7be37 {\r\ndisplay: block;\r\n}\r\n}\r\n@media screen and (min-width: 769px) and (max-width: 992px) {\r\n.ihpxr69f7109c7be37 {\r\ndisplay: block;\r\n}\r\n}\r\n@media screen and (min-width: 768px) and (max-width: 768px) {\r\n.ihpxr69f7109c7be37 {\r\ndisplay: block;\r\n}\r\n}\r\n@media screen and (max-width: 767px) {\r\n.ihpxr69f7109c7be37 {\r\ndisplay: block;\r\n}\r\n}\r\n<\/style>\r\n<div class=\"fmpid69f7109c81e10\" ><div id=\"div_destino\"><\/div>\r\n<script src=\"https:\/\/cdn.snsrsv.com\/sdk.js\"><\/script>\r\n<script >\r\n      new sdk(\"464030C30061EA8BE065000000000001\") \r\n          .appendTo(\"div_destino\")\r\n          .disableStyle(true) \r\n          .setCacheBusterMacro(\"%%CACHEBUSTER%%\")\r\n          .setSize(\"800\",\"214\")\r\n          .setClickMacro(\"%%CLICK_URL_ESC%%\") \r\n          .setReferrerUrlMacro(\"%%REFERRER_URL_ESC%%\") \r\n          .start(); \r\n<\/script><\/div><style type=\"text\/css\">\r\n@media screen and (min-width: 1201px) {\r\n.fmpid69f7109c81e10 {\r\ndisplay: block;\r\n}\r\n}\r\n@media screen and (min-width: 993px) and (max-width: 1200px) {\r\n.fmpid69f7109c81e10 {\r\ndisplay: block;\r\n}\r\n}\r\n@media screen and (min-width: 769px) and (max-width: 992px) {\r\n.fmpid69f7109c81e10 {\r\ndisplay: block;\r\n}\r\n}\r\n@media screen and (min-width: 768px) and (max-width: 768px) {\r\n.fmpid69f7109c81e10 {\r\ndisplay: block;\r\n}\r\n}\r\n@media screen and (max-width: 767px) {\r\n.fmpid69f7109c81e10 {\r\ndisplay: block;\r\n}\r\n}\r\n<\/style>\r\n","protected":false},"excerpt":{"rendered":"<p>O F\u00f3rum da Comarca de Cataguases, por meio de seu diretor, o Juiz de Direito, Reinaldo Daniel Moreira, est\u00e1 com Edital aberto visando receber inscri\u00e7\u00f5es de acad\u00eamicos do curso de Direito que estejam interessados em trabalhar como estagi\u00e1rios na 2\u00aa<\/p>\n<p class=\"link-more\"><a class=\"more-link\" href=\"https:\/\/marcelolopes.jor.br\/site\/2019\/08\/09\/forum-de-cataguases-faz-processo-seletivo-para-contratar-dezesseis-estagiarios\/\">Leia mais <span class=\"screen-reader-text\">F\u00f3rum de Cataguases faz processo seletivo para contratar dezesseis estagi\u00e1rios<\/span><\/a><\/p>\n","protected":false},"author":2,"featured_media":4470,"comment_status":"open","ping_status":"open","sticky":false,"template":"","format":"standard","meta":{"footnotes":""},"categories":[1],"tags":[960,402,437,159],"class_list":["post-4468","post","type-post","status-publish","format-standard","has-post-thumbnail","hentry","category-noticias","tag-comarca-de-cataguases","tag-estagio","tag-forum","tag-processo-seletivo","thumb-below-title"],"yoast_head":"<!-- This site is optimized with the Yoast SEO plugin v27.4 - https:\/\/yoast.com\/product\/yoast-seo-wordpress\/ -->\n<title>F\u00f3rum de Cataguases faz processo seletivo para contratar dezesseis estagi\u00e1rios | Marcelo Lopes<\/title>\n<meta name=\"robots\" content=\"index, follow, max-snippet:-1, max-image-preview:large, max-video-preview:-1\" \/>\n<link rel=\"canonical\" href=\"https:\/\/marcelolopes.jor.br\/site\/2019\/08\/09\/forum-de-cataguases-faz-processo-seletivo-para-contratar-dezesseis-estagiarios\/\" \/>\n<meta property=\"og:locale\" content=\"pt_BR\" \/>\n<meta property=\"og:type\" content=\"article\" \/>\n<meta property=\"og:title\" content=\"F\u00f3rum de Cataguases faz processo seletivo para contratar dezesseis estagi\u00e1rios | Marcelo Lopes\" \/>\n<meta property=\"og:description\" content=\"O F\u00f3rum da Comarca de Cataguases, por meio de seu diretor, o Juiz de Direito, Reinaldo Daniel Moreira, est\u00e1 com Edital aberto visando receber inscri\u00e7\u00f5es de acad\u00eamicos do curso de Direito que estejam interessados em trabalhar como estagi\u00e1rios na 2\u00aaLeia mais F\u00f3rum de Cataguases faz processo seletivo para contratar dezesseis estagi\u00e1rios\" \/>\n<meta property=\"og:url\" content=\"https:\/\/marcelolopes.jor.br\/site\/2019\/08\/09\/forum-de-cataguases-faz-processo-seletivo-para-contratar-dezesseis-estagiarios\/\" \/>\n<meta property=\"og:site_name\" content=\"Marcelo Lopes\" \/>\n<meta property=\"article:publisher\" content=\"https:\/\/www.facebook.com\/sitedomarcelolopes\" \/>\n<meta property=\"article:published_time\" content=\"2019-08-09T19:00:49+00:00\" \/>\n<meta property=\"og:image\" content=\"https:\/\/marcelolopes.jor.br\/site\/wp-content\/uploads\/2019\/08\/Forum-fachada.jpg\" \/>\n\t<meta property=\"og:image:width\" content=\"800\" \/>\n\t<meta property=\"og:image:height\" content=\"600\" \/>\n\t<meta property=\"og:image:type\" content=\"image\/jpeg\" \/>\n<meta name=\"author\" content=\"Marcelo Lopes\" \/>\n<meta name=\"twitter:card\" content=\"summary_large_image\" \/>\n<meta name=\"twitter:label1\" content=\"Escrito por\" \/>\n\t<meta name=\"twitter:data1\" content=\"Marcelo Lopes\" \/>\n\t<meta name=\"twitter:label2\" content=\"Est. tempo de leitura\" \/>\n\t<meta name=\"twitter:data2\" content=\"2 minutos\" \/>\n<script type=\"application\/ld+json\" class=\"yoast-schema-graph\">{\"@context\":\"https:\\\/\\\/schema.org\",\"@graph\":[{\"@type\":\"NewsArticle\",\"@id\":\"https:\\\/\\\/marcelolopes.jor.br\\\/site\\\/2019\\\/08\\\/09\\\/forum-de-cataguases-faz-processo-seletivo-para-contratar-dezesseis-estagiarios\\\/#article\",\"isPartOf\":{\"@id\":\"https:\\\/\\\/marcelolopes.jor.br\\\/site\\\/2019\\\/08\\\/09\\\/forum-de-cataguases-faz-processo-seletivo-para-contratar-dezesseis-estagiarios\\\/\"},\"author\":{\"name\":\"Marcelo Lopes\",\"@id\":\"https:\\\/\\\/marcelolopes.jor.br\\\/site\\\/#\\\/schema\\\/person\\\/3e7216a35c34d8fdf952b31da3d1f89f\"},\"headline\":\"F\u00f3rum de Cataguases faz processo seletivo para contratar dezesseis estagi\u00e1rios\",\"datePublished\":\"2019-08-09T19:00:49+00:00\",\"mainEntityOfPage\":{\"@id\":\"https:\\\/\\\/marcelolopes.jor.br\\\/site\\\/2019\\\/08\\\/09\\\/forum-de-cataguases-faz-processo-seletivo-para-contratar-dezesseis-estagiarios\\\/\"},\"wordCount\":336,\"commentCount\":0,\"publisher\":{\"@id\":\"https:\\\/\\\/marcelolopes.jor.br\\\/site\\\/#organization\"},\"image\":{\"@id\":\"https:\\\/\\\/marcelolopes.jor.br\\\/site\\\/2019\\\/08\\\/09\\\/forum-de-cataguases-faz-processo-seletivo-para-contratar-dezesseis-estagiarios\\\/#primaryimage\"},\"thumbnailUrl\":\"https:\\\/\\\/marcelolopes.jor.br\\\/site\\\/wp-content\\\/uploads\\\/2019\\\/08\\\/Forum-fachada.jpg\",\"keywords\":[\"Comarca de Cataguases\",\"est\u00e1gio\",\"forum\",\"processo seletivo\"],\"articleSection\":[\"Not\u00edcias\"],\"inLanguage\":\"pt-BR\",\"potentialAction\":[{\"@type\":\"CommentAction\",\"name\":\"Comment\",\"target\":[\"https:\\\/\\\/marcelolopes.jor.br\\\/site\\\/2019\\\/08\\\/09\\\/forum-de-cataguases-faz-processo-seletivo-para-contratar-dezesseis-estagiarios\\\/#respond\"]}]},{\"@type\":\"WebPage\",\"@id\":\"https:\\\/\\\/marcelolopes.jor.br\\\/site\\\/2019\\\/08\\\/09\\\/forum-de-cataguases-faz-processo-seletivo-para-contratar-dezesseis-estagiarios\\\/\",\"url\":\"https:\\\/\\\/marcelolopes.jor.br\\\/site\\\/2019\\\/08\\\/09\\\/forum-de-cataguases-faz-processo-seletivo-para-contratar-dezesseis-estagiarios\\\/\",\"name\":\"F\u00f3rum de Cataguases faz processo seletivo para contratar dezesseis estagi\u00e1rios | Marcelo Lopes\",\"isPartOf\":{\"@id\":\"https:\\\/\\\/marcelolopes.jor.br\\\/site\\\/#website\"},\"primaryImageOfPage\":{\"@id\":\"https:\\\/\\\/marcelolopes.jor.br\\\/site\\\/2019\\\/08\\\/09\\\/forum-de-cataguases-faz-processo-seletivo-para-contratar-dezesseis-estagiarios\\\/#primaryimage\"},\"image\":{\"@id\":\"https:\\\/\\\/marcelolopes.jor.br\\\/site\\\/2019\\\/08\\\/09\\\/forum-de-cataguases-faz-processo-seletivo-para-contratar-dezesseis-estagiarios\\\/#primaryimage\"},\"thumbnailUrl\":\"https:\\\/\\\/marcelolopes.jor.br\\\/site\\\/wp-content\\\/uploads\\\/2019\\\/08\\\/Forum-fachada.jpg\",\"datePublished\":\"2019-08-09T19:00:49+00:00\",\"breadcrumb\":{\"@id\":\"https:\\\/\\\/marcelolopes.jor.br\\\/site\\\/2019\\\/08\\\/09\\\/forum-de-cataguases-faz-processo-seletivo-para-contratar-dezesseis-estagiarios\\\/#breadcrumb\"},\"inLanguage\":\"pt-BR\",\"potentialAction\":[{\"@type\":\"ReadAction\",\"target\":[\"https:\\\/\\\/marcelolopes.jor.br\\\/site\\\/2019\\\/08\\\/09\\\/forum-de-cataguases-faz-processo-seletivo-para-contratar-dezesseis-estagiarios\\\/\"]}]},{\"@type\":\"ImageObject\",\"inLanguage\":\"pt-BR\",\"@id\":\"https:\\\/\\\/marcelolopes.jor.br\\\/site\\\/2019\\\/08\\\/09\\\/forum-de-cataguases-faz-processo-seletivo-para-contratar-dezesseis-estagiarios\\\/#primaryimage\",\"url\":\"https:\\\/\\\/marcelolopes.jor.br\\\/site\\\/wp-content\\\/uploads\\\/2019\\\/08\\\/Forum-fachada.jpg\",\"contentUrl\":\"https:\\\/\\\/marcelolopes.jor.br\\\/site\\\/wp-content\\\/uploads\\\/2019\\\/08\\\/Forum-fachada.jpg\",\"width\":800,\"height\":600},{\"@type\":\"BreadcrumbList\",\"@id\":\"https:\\\/\\\/marcelolopes.jor.br\\\/site\\\/2019\\\/08\\\/09\\\/forum-de-cataguases-faz-processo-seletivo-para-contratar-dezesseis-estagiarios\\\/#breadcrumb\",\"itemListElement\":[{\"@type\":\"ListItem\",\"position\":1,\"name\":\"Home\",\"item\":\"https:\\\/\\\/marcelolopes.jor.br\\\/site\\\/\"},{\"@type\":\"ListItem\",\"position\":2,\"name\":\"F\u00f3rum de Cataguases faz processo seletivo para contratar dezesseis estagi\u00e1rios\"}]},{\"@type\":\"WebSite\",\"@id\":\"https:\\\/\\\/marcelolopes.jor.br\\\/site\\\/#website\",\"url\":\"https:\\\/\\\/marcelolopes.jor.br\\\/site\\\/\",\"name\":\"Marcelo Lopes\",\"description\":\"Not\u00edcias de Cataguases e Regi\u00e3o\",\"publisher\":{\"@id\":\"https:\\\/\\\/marcelolopes.jor.br\\\/site\\\/#organization\"},\"potentialAction\":[{\"@type\":\"SearchAction\",\"target\":{\"@type\":\"EntryPoint\",\"urlTemplate\":\"https:\\\/\\\/marcelolopes.jor.br\\\/site\\\/?s={search_term_string}\"},\"query-input\":{\"@type\":\"PropertyValueSpecification\",\"valueRequired\":true,\"valueName\":\"search_term_string\"}}],\"inLanguage\":\"pt-BR\"},{\"@type\":\"Organization\",\"@id\":\"https:\\\/\\\/marcelolopes.jor.br\\\/site\\\/#organization\",\"name\":\"Site do Marcelo Lopes\",\"url\":\"https:\\\/\\\/marcelolopes.jor.br\\\/site\\\/\",\"logo\":{\"@type\":\"ImageObject\",\"inLanguage\":\"pt-BR\",\"@id\":\"https:\\\/\\\/marcelolopes.jor.br\\\/site\\\/#\\\/schema\\\/logo\\\/image\\\/\",\"url\":\"https:\\\/\\\/marcelolopes.jor.br\\\/site\\\/wp-content\\\/uploads\\\/2024\\\/11\\\/logo-1.png\",\"contentUrl\":\"https:\\\/\\\/marcelolopes.jor.br\\\/site\\\/wp-content\\\/uploads\\\/2024\\\/11\\\/logo-1.png\",\"width\":475,\"height\":80,\"caption\":\"Site do Marcelo Lopes\"},\"image\":{\"@id\":\"https:\\\/\\\/marcelolopes.jor.br\\\/site\\\/#\\\/schema\\\/logo\\\/image\\\/\"},\"sameAs\":[\"https:\\\/\\\/www.facebook.com\\\/sitedomarcelolopes\",\"https:\\\/\\\/www.instagram.com\\\/sitedomarcelolopes\\\/\",\"https:\\\/\\\/www.linkedin.com\\\/company\\\/site-do-marcelo-lopes\\\/\",\"https:\\\/\\\/www.youtube.com\\\/user\\\/marcelolopes957\"]},{\"@type\":\"Person\",\"@id\":\"https:\\\/\\\/marcelolopes.jor.br\\\/site\\\/#\\\/schema\\\/person\\\/3e7216a35c34d8fdf952b31da3d1f89f\",\"name\":\"Marcelo Lopes\",\"sameAs\":[\"http:\\\/\\\/www.marcelolopes.jor.br\"],\"url\":\"https:\\\/\\\/marcelolopes.jor.br\\\/site\\\/author\\\/marcelo\\\/\"}]}<\/script>\n<!-- \/ Yoast SEO plugin. -->","yoast_head_json":{"title":"F\u00f3rum de Cataguases faz processo seletivo para contratar dezesseis estagi\u00e1rios | Marcelo Lopes","robots":{"index":"index","follow":"follow","max-snippet":"max-snippet:-1","max-image-preview":"max-image-preview:large","max-video-preview":"max-video-preview:-1"},"canonical":"https:\/\/marcelolopes.jor.br\/site\/2019\/08\/09\/forum-de-cataguases-faz-processo-seletivo-para-contratar-dezesseis-estagiarios\/","og_locale":"pt_BR","og_type":"article","og_title":"F\u00f3rum de Cataguases faz processo seletivo para contratar dezesseis estagi\u00e1rios | Marcelo Lopes","og_description":"O F\u00f3rum da Comarca de Cataguases, por meio de seu diretor, o Juiz de Direito, Reinaldo Daniel Moreira, est\u00e1 com Edital aberto visando receber inscri\u00e7\u00f5es de acad\u00eamicos do curso de Direito que estejam interessados em trabalhar como estagi\u00e1rios na 2\u00aaLeia mais F\u00f3rum de Cataguases faz processo seletivo para contratar dezesseis estagi\u00e1rios","og_url":"https:\/\/marcelolopes.jor.br\/site\/2019\/08\/09\/forum-de-cataguases-faz-processo-seletivo-para-contratar-dezesseis-estagiarios\/","og_site_name":"Marcelo Lopes","article_publisher":"https:\/\/www.facebook.com\/sitedomarcelolopes","article_published_time":"2019-08-09T19:00:49+00:00","og_image":[{"width":800,"height":600,"url":"https:\/\/marcelolopes.jor.br\/site\/wp-content\/uploads\/2019\/08\/Forum-fachada.jpg","type":"image\/jpeg"}],"author":"Marcelo Lopes","twitter_card":"summary_large_image","twitter_misc":{"Escrito por":"Marcelo Lopes","Est. tempo de leitura":"2 minutos"},"schema":{"@context":"https:\/\/schema.org","@graph":[{"@type":"NewsArticle","@id":"https:\/\/marcelolopes.jor.br\/site\/2019\/08\/09\/forum-de-cataguases-faz-processo-seletivo-para-contratar-dezesseis-estagiarios\/#article","isPartOf":{"@id":"https:\/\/marcelolopes.jor.br\/site\/2019\/08\/09\/forum-de-cataguases-faz-processo-seletivo-para-contratar-dezesseis-estagiarios\/"},"author":{"name":"Marcelo Lopes","@id":"https:\/\/marcelolopes.jor.br\/site\/#\/schema\/person\/3e7216a35c34d8fdf952b31da3d1f89f"},"headline":"F\u00f3rum de Cataguases faz processo seletivo para contratar dezesseis estagi\u00e1rios","datePublished":"2019-08-09T19:00:49+00:00","mainEntityOfPage":{"@id":"https:\/\/marcelolopes.jor.br\/site\/2019\/08\/09\/forum-de-cataguases-faz-processo-seletivo-para-contratar-dezesseis-estagiarios\/"},"wordCount":336,"commentCount":0,"publisher":{"@id":"https:\/\/marcelolopes.jor.br\/site\/#organization"},"image":{"@id":"https:\/\/marcelolopes.jor.br\/site\/2019\/08\/09\/forum-de-cataguases-faz-processo-seletivo-para-contratar-dezesseis-estagiarios\/#primaryimage"},"thumbnailUrl":"https:\/\/marcelolopes.jor.br\/site\/wp-content\/uploads\/2019\/08\/Forum-fachada.jpg","keywords":["Comarca de Cataguases","est\u00e1gio","forum","processo seletivo"],"articleSection":["Not\u00edcias"],"inLanguage":"pt-BR","potentialAction":[{"@type":"CommentAction","name":"Comment","target":["https:\/\/marcelolopes.jor.br\/site\/2019\/08\/09\/forum-de-cataguases-faz-processo-seletivo-para-contratar-dezesseis-estagiarios\/#respond"]}]},{"@type":"WebPage","@id":"https:\/\/marcelolopes.jor.br\/site\/2019\/08\/09\/forum-de-cataguases-faz-processo-seletivo-para-contratar-dezesseis-estagiarios\/","url":"https:\/\/marcelolopes.jor.br\/site\/2019\/08\/09\/forum-de-cataguases-faz-processo-seletivo-para-contratar-dezesseis-estagiarios\/","name":"F\u00f3rum de Cataguases faz processo seletivo para contratar dezesseis estagi\u00e1rios | Marcelo Lopes","isPartOf":{"@id":"https:\/\/marcelolopes.jor.br\/site\/#website"},"primaryImageOfPage":{"@id":"https:\/\/marcelolopes.jor.br\/site\/2019\/08\/09\/forum-de-cataguases-faz-processo-seletivo-para-contratar-dezesseis-estagiarios\/#primaryimage"},"image":{"@id":"https:\/\/marcelolopes.jor.br\/site\/2019\/08\/09\/forum-de-cataguases-faz-processo-seletivo-para-contratar-dezesseis-estagiarios\/#primaryimage"},"thumbnailUrl":"https:\/\/marcelolopes.jor.br\/site\/wp-content\/uploads\/2019\/08\/Forum-fachada.jpg","datePublished":"2019-08-09T19:00:49+00:00","breadcrumb":{"@id":"https:\/\/marcelolopes.jor.br\/site\/2019\/08\/09\/forum-de-cataguases-faz-processo-seletivo-para-contratar-dezesseis-estagiarios\/#breadcrumb"},"inLanguage":"pt-BR","potentialAction":[{"@type":"ReadAction","target":["https:\/\/marcelolopes.jor.br\/site\/2019\/08\/09\/forum-de-cataguases-faz-processo-seletivo-para-contratar-dezesseis-estagiarios\/"]}]},{"@type":"ImageObject","inLanguage":"pt-BR","@id":"https:\/\/marcelolopes.jor.br\/site\/2019\/08\/09\/forum-de-cataguases-faz-processo-seletivo-para-contratar-dezesseis-estagiarios\/#primaryimage","url":"https:\/\/marcelolopes.jor.br\/site\/wp-content\/uploads\/2019\/08\/Forum-fachada.jpg","contentUrl":"https:\/\/marcelolopes.jor.br\/site\/wp-content\/uploads\/2019\/08\/Forum-fachada.jpg","width":800,"height":600},{"@type":"BreadcrumbList","@id":"https:\/\/marcelolopes.jor.br\/site\/2019\/08\/09\/forum-de-cataguases-faz-processo-seletivo-para-contratar-dezesseis-estagiarios\/#breadcrumb","itemListElement":[{"@type":"ListItem","position":1,"name":"Home","item":"https:\/\/marcelolopes.jor.br\/site\/"},{"@type":"ListItem","position":2,"name":"F\u00f3rum de Cataguases faz processo seletivo para contratar dezesseis estagi\u00e1rios"}]},{"@type":"WebSite","@id":"https:\/\/marcelolopes.jor.br\/site\/#website","url":"https:\/\/marcelolopes.jor.br\/site\/","name":"Marcelo Lopes","description":"Not\u00edcias de Cataguases e Regi\u00e3o","publisher":{"@id":"https:\/\/marcelolopes.jor.br\/site\/#organization"},"potentialAction":[{"@type":"SearchAction","target":{"@type":"EntryPoint","urlTemplate":"https:\/\/marcelolopes.jor.br\/site\/?s={search_term_string}"},"query-input":{"@type":"PropertyValueSpecification","valueRequired":true,"valueName":"search_term_string"}}],"inLanguage":"pt-BR"},{"@type":"Organization","@id":"https:\/\/marcelolopes.jor.br\/site\/#organization","name":"Site do Marcelo Lopes","url":"https:\/\/marcelolopes.jor.br\/site\/","logo":{"@type":"ImageObject","inLanguage":"pt-BR","@id":"https:\/\/marcelolopes.jor.br\/site\/#\/schema\/logo\/image\/","url":"https:\/\/marcelolopes.jor.br\/site\/wp-content\/uploads\/2024\/11\/logo-1.png","contentUrl":"https:\/\/marcelolopes.jor.br\/site\/wp-content\/uploads\/2024\/11\/logo-1.png","width":475,"height":80,"caption":"Site do Marcelo Lopes"},"image":{"@id":"https:\/\/marcelolopes.jor.br\/site\/#\/schema\/logo\/image\/"},"sameAs":["https:\/\/www.facebook.com\/sitedomarcelolopes","https:\/\/www.instagram.com\/sitedomarcelolopes\/","https:\/\/www.linkedin.com\/company\/site-do-marcelo-lopes\/","https:\/\/www.youtube.com\/user\/marcelolopes957"]},{"@type":"Person","@id":"https:\/\/marcelolopes.jor.br\/site\/#\/schema\/person\/3e7216a35c34d8fdf952b31da3d1f89f","name":"Marcelo Lopes","sameAs":["http:\/\/www.marcelolopes.jor.br"],"url":"https:\/\/marcelolopes.jor.br\/site\/author\/marcelo\/"}]}},"wps_subtitle":"Inscri\u00e7\u00f5es ser\u00e3o abertas na pr\u00f3xima segunda-feira, 12, para acad\u00eamicos do curso de Direito.","_links":{"self":[{"href":"https:\/\/marcelolopes.jor.br\/site\/wp-json\/wp\/v2\/posts\/4468","targetHints":{"allow":["GET"]}}],"collection":[{"href":"https:\/\/marcelolopes.jor.br\/site\/wp-json\/wp\/v2\/posts"}],"about":[{"href":"https:\/\/marcelolopes.jor.br\/site\/wp-json\/wp\/v2\/types\/post"}],"author":[{"embeddable":true,"href":"https:\/\/marcelolopes.jor.br\/site\/wp-json\/wp\/v2\/users\/2"}],"replies":[{"embeddable":true,"href":"https:\/\/marcelolopes.jor.br\/site\/wp-json\/wp\/v2\/comments?post=4468"}],"version-history":[{"count":0,"href":"https:\/\/marcelolopes.jor.br\/site\/wp-json\/wp\/v2\/posts\/4468\/revisions"}],"wp:featuredmedia":[{"embeddable":true,"href":"https:\/\/marcelolopes.jor.br\/site\/wp-json\/wp\/v2\/media\/4470"}],"wp:attachment":[{"href":"https:\/\/marcelolopes.jor.br\/site\/wp-json\/wp\/v2\/media?parent=4468"}],"wp:term":[{"taxonomy":"category","embeddable":true,"href":"https:\/\/marcelolopes.jor.br\/site\/wp-json\/wp\/v2\/categories?post=4468"},{"taxonomy":"post_tag","embeddable":true,"href":"https:\/\/marcelolopes.jor.br\/site\/wp-json\/wp\/v2\/tags?post=4468"}],"curies":[{"name":"wp","href":"https:\/\/api.w.org\/{rel}","templated":true}]}}