{"id":4406,"date":"2019-08-07T16:00:59","date_gmt":"2019-08-07T19:00:59","guid":{"rendered":"https:\/\/marcelolopes.jor.br\/?p=4406"},"modified":"2019-08-07T10:56:34","modified_gmt":"2019-08-07T13:56:34","slug":"consumidor-sera-indenizado-por-ingerir-leite-estragado-em-leopoldina","status":"publish","type":"post","link":"https:\/\/marcelolopes.jor.br\/site\/2019\/08\/07\/consumidor-sera-indenizado-por-ingerir-leite-estragado-em-leopoldina\/","title":{"rendered":"Consumidor ser\u00e1 indenizado por ingerir leite estragado em Leopoldina"},"content":{"rendered":"<p style=\"text-align: justify;\">A Cooperativa dos Produtores de Leite de Leopoldina de Responsabilidade Ltda. dever\u00e1 pagar R$ 3 mil a um consumidor daquela cidade que adquiriu um fardo de leite integral impr\u00f3prio para consumo. Ele afirmou no processo que chegou a beber o leite, da marca Lac, e o produto apresentava gosto amargo e colora\u00e7\u00e3o diferente.<\/p>\n<p style=\"text-align: justify;\">A decis\u00e3o da 9\u00aa C\u00e2mara C\u00edvel do Tribunal de Justi\u00e7a de Minas Gerais (TJMG) foi divulgada nesta ter\u00e7a-feira, 6 de agosto, e modificou, em parte, senten\u00e7a da 2\u00aa Vara C\u00edvel de Leopoldina. Os desembargadores Jos\u00e9 Arthur Filho, relator, Pedro Bernardes e Luiz Artur Hil\u00e1rio concederam \u00e0 cooperativa a pagar indeniza\u00e7\u00e3o por danos morais.<\/p>\n<p style=\"text-align: justify;\">De acordo com o TJMG, o consumidor recorreu porque, em Primeira Inst\u00e2ncia, a Justi\u00e7a entendeu que o incidente n\u00e3o causava danos morais e determinou apenas a devolu\u00e7\u00e3o do valor pago pelo produto. O fundamento da senten\u00e7a foi que n\u00e3o houve ofensa \u00e0 sa\u00fade do consumidor, mal-estar ou intoxica\u00e7\u00e3o.<\/p>\n<p style=\"text-align: justify;\">Segundo o autor da a\u00e7\u00e3o, no entanto, a jurisprud\u00eancia confirma que a ingest\u00e3o de produto impr\u00f3prio para consumo acarreta sofrimento pass\u00edvel de repara\u00e7\u00e3o. O consumidor contou, nos autos do processo, que, ao procurar a funcion\u00e1ria do estabelecimento que comercializava o produto, soube que outras pessoas estiveram no supermercado para reclamar do leite, mas que a empresa se limitaria a repor o fardo com outras caixas de leite.<\/p>\n<p style=\"text-align: justify;\">O relator, desembargador Jos\u00e9 Arthur Filho, considerou que havia responsabilidade do fabricante, porque a cooperativa descumpriu o dever de zelar pela comercializa\u00e7\u00e3o do produto, pela seguran\u00e7a mercantil e pela manuten\u00e7\u00e3o da qualidade.<\/p>\n<p style=\"text-align: justify;\">Segundo o magistrado, o dever de indenizar surge se houver liga\u00e7\u00e3o entre o defeito existente no produto colocado no mercado e o dano sofrido pelo consumidor em raz\u00e3o do consumo do item.<\/p>\n<p style=\"text-align: justify;\">\u201cRelativamente \u00e0 caracteriza\u00e7\u00e3o do dano moral, em situa\u00e7\u00f5es da esp\u00e9cie, o Superior Tribunal de Justi\u00e7a, em precedentes recentes, tem considerado que a aquisi\u00e7\u00e3o de produto de g\u00eanero aliment\u00edcio impr\u00f3prio para o consumo exp\u00f5e o consumidor a risco, seja \u00e0 sua sa\u00fade f\u00edsica, seja \u00e0 sua integridade ps\u00edquica\u201d, afirmou.<\/p>\n<p style=\"text-align: justify;\">O relator disse ainda que a veracidade das alega\u00e7\u00f5es ficou comprovada porque o consumidor relatou ter sentido gosto amargo ao ingerir o produto, o que foi corroborado pelo depoimento de testemunha que trabalhava, \u00e0 \u00e9poca, no supermercado onde o leite foi comprado. A mulher falou que se recordava de reclama\u00e7\u00f5es de clientes que resultaram em trocas de leite.<\/p>\n<p style=\"text-align: justify;\">O advogado da Cooperativa, Marcos Almeida Junqueira Reis, declarou ao jornal O Vigilante Online que o juiz de 1\u00aa Inst\u00e2ncia entendeu &#8220;incab\u00edveis os danos pleiteados.&#8221; Em segunda inst\u00e2ncia, o advogado informou que o Tribunal entendeu cab\u00edvel a indeniza\u00e7\u00e3o e no momento &#8220;estamos analisando quais os rem\u00e9dios jur\u00eddicos iremos utilizar, provavelmente opondo Recurso Especial ao Superior Tribunal de Justi\u00e7a, em Bras\u00edlia&#8221;, completou.<\/p>\n<p style=\"text-align: justify;\"><em>Fonte: Assessoria de Comunica\u00e7\u00e3o Institucional &#8211; TJMG<\/em><\/p>\n<div class=\"qktag69f7689d29db2\" ><br><\/div><style type=\"text\/css\">\r\n@media screen and (min-width: 1201px) {\r\n.qktag69f7689d29db2 {\r\ndisplay: block;\r\n}\r\n}\r\n@media screen and (min-width: 993px) and (max-width: 1200px) {\r\n.qktag69f7689d29db2 {\r\ndisplay: block;\r\n}\r\n}\r\n@media screen and (min-width: 769px) and (max-width: 992px) {\r\n.qktag69f7689d29db2 {\r\ndisplay: block;\r\n}\r\n}\r\n@media screen and (min-width: 768px) and (max-width: 768px) {\r\n.qktag69f7689d29db2 {\r\ndisplay: block;\r\n}\r\n}\r\n@media screen and (max-width: 767px) {\r\n.qktag69f7689d29db2 {\r\ndisplay: block;\r\n}\r\n}\r\n<\/style>\r\n<div class=\"ktegq69f7689d2fb3d\" ><div id=\"div_destino\"><\/div>\r\n<script src=\"https:\/\/cdn.snsrsv.com\/sdk.js\"><\/script>\r\n<script >\r\n      new sdk(\"464030C30061EA8BE065000000000001\") \r\n          .appendTo(\"div_destino\")\r\n          .disableStyle(true) \r\n          .setCacheBusterMacro(\"%%CACHEBUSTER%%\")\r\n          .setSize(\"800\",\"214\")\r\n          .setClickMacro(\"%%CLICK_URL_ESC%%\") \r\n          .setReferrerUrlMacro(\"%%REFERRER_URL_ESC%%\") \r\n          .start(); \r\n<\/script><\/div><style type=\"text\/css\">\r\n@media screen and (min-width: 1201px) {\r\n.ktegq69f7689d2fb3d {\r\ndisplay: block;\r\n}\r\n}\r\n@media screen and (min-width: 993px) and (max-width: 1200px) {\r\n.ktegq69f7689d2fb3d {\r\ndisplay: block;\r\n}\r\n}\r\n@media screen and (min-width: 769px) and (max-width: 992px) {\r\n.ktegq69f7689d2fb3d {\r\ndisplay: block;\r\n}\r\n}\r\n@media screen and (min-width: 768px) and (max-width: 768px) {\r\n.ktegq69f7689d2fb3d {\r\ndisplay: block;\r\n}\r\n}\r\n@media screen and (max-width: 767px) {\r\n.ktegq69f7689d2fb3d {\r\ndisplay: block;\r\n}\r\n}\r\n<\/style>\r\n","protected":false},"excerpt":{"rendered":"<p>A Cooperativa dos Produtores de Leite de Leopoldina de Responsabilidade Ltda. dever\u00e1 pagar R$ 3 mil a um consumidor daquela cidade que adquiriu um fardo de leite integral impr\u00f3prio para consumo. Ele afirmou no processo que chegou a beber o<\/p>\n<p class=\"link-more\"><a class=\"more-link\" href=\"https:\/\/marcelolopes.jor.br\/site\/2019\/08\/07\/consumidor-sera-indenizado-por-ingerir-leite-estragado-em-leopoldina\/\">Leia mais <span class=\"screen-reader-text\">Consumidor ser\u00e1 indenizado por ingerir leite estragado em Leopoldina<\/span><\/a><\/p>\n","protected":false},"author":2,"featured_media":4407,"comment_status":"open","ping_status":"open","sticky":false,"template":"","format":"standard","meta":{"footnotes":""},"categories":[1],"tags":[950,951,949,421],"class_list":["post-4406","post","type-post","status-publish","format-standard","has-post-thumbnail","hentry","category-noticias","tag-cooperativa","tag-dano-moral","tag-leite","tag-tjmg","thumb-below-title"],"yoast_head":"<!-- This site is optimized with the Yoast SEO plugin v27.4 - https:\/\/yoast.com\/product\/yoast-seo-wordpress\/ -->\n<title>Consumidor ser\u00e1 indenizado por ingerir leite estragado em Leopoldina | Marcelo Lopes<\/title>\n<meta name=\"robots\" content=\"index, follow, max-snippet:-1, max-image-preview:large, max-video-preview:-1\" \/>\n<link rel=\"canonical\" href=\"https:\/\/marcelolopes.jor.br\/site\/2019\/08\/07\/consumidor-sera-indenizado-por-ingerir-leite-estragado-em-leopoldina\/\" \/>\n<meta property=\"og:locale\" content=\"pt_BR\" \/>\n<meta property=\"og:type\" content=\"article\" \/>\n<meta property=\"og:title\" content=\"Consumidor ser\u00e1 indenizado por ingerir leite estragado em Leopoldina | Marcelo Lopes\" \/>\n<meta property=\"og:description\" content=\"A Cooperativa dos Produtores de Leite de Leopoldina de Responsabilidade Ltda. dever\u00e1 pagar R$ 3 mil a um consumidor daquela cidade que adquiriu um fardo de leite integral impr\u00f3prio para consumo. Ele afirmou no processo que chegou a beber oLeia mais Consumidor ser\u00e1 indenizado por ingerir leite estragado em Leopoldina\" \/>\n<meta property=\"og:url\" content=\"https:\/\/marcelolopes.jor.br\/site\/2019\/08\/07\/consumidor-sera-indenizado-por-ingerir-leite-estragado-em-leopoldina\/\" \/>\n<meta property=\"og:site_name\" content=\"Marcelo Lopes\" \/>\n<meta property=\"article:publisher\" content=\"https:\/\/www.facebook.com\/sitedomarcelolopes\" \/>\n<meta property=\"article:published_time\" content=\"2019-08-07T19:00:59+00:00\" \/>\n<meta property=\"og:image\" content=\"https:\/\/marcelolopes.jor.br\/site\/wp-content\/uploads\/2019\/08\/por-que-o-leite-azeda-1086845.jpg\" \/>\n\t<meta property=\"og:image:width\" content=\"768\" \/>\n\t<meta property=\"og:image:height\" content=\"406\" \/>\n\t<meta property=\"og:image:type\" content=\"image\/jpeg\" \/>\n<meta name=\"author\" content=\"Marcelo Lopes\" \/>\n<meta name=\"twitter:card\" content=\"summary_large_image\" \/>\n<meta name=\"twitter:label1\" content=\"Escrito por\" \/>\n\t<meta name=\"twitter:data1\" content=\"Marcelo Lopes\" \/>\n\t<meta name=\"twitter:label2\" content=\"Est. tempo de leitura\" \/>\n\t<meta name=\"twitter:data2\" content=\"3 minutos\" \/>\n<script type=\"application\/ld+json\" class=\"yoast-schema-graph\">{\"@context\":\"https:\\\/\\\/schema.org\",\"@graph\":[{\"@type\":\"NewsArticle\",\"@id\":\"https:\\\/\\\/marcelolopes.jor.br\\\/site\\\/2019\\\/08\\\/07\\\/consumidor-sera-indenizado-por-ingerir-leite-estragado-em-leopoldina\\\/#article\",\"isPartOf\":{\"@id\":\"https:\\\/\\\/marcelolopes.jor.br\\\/site\\\/2019\\\/08\\\/07\\\/consumidor-sera-indenizado-por-ingerir-leite-estragado-em-leopoldina\\\/\"},\"author\":{\"name\":\"Marcelo Lopes\",\"@id\":\"https:\\\/\\\/marcelolopes.jor.br\\\/site\\\/#\\\/schema\\\/person\\\/3e7216a35c34d8fdf952b31da3d1f89f\"},\"headline\":\"Consumidor ser\u00e1 indenizado por ingerir leite estragado em Leopoldina\",\"datePublished\":\"2019-08-07T19:00:59+00:00\",\"mainEntityOfPage\":{\"@id\":\"https:\\\/\\\/marcelolopes.jor.br\\\/site\\\/2019\\\/08\\\/07\\\/consumidor-sera-indenizado-por-ingerir-leite-estragado-em-leopoldina\\\/\"},\"wordCount\":512,\"commentCount\":0,\"publisher\":{\"@id\":\"https:\\\/\\\/marcelolopes.jor.br\\\/site\\\/#organization\"},\"image\":{\"@id\":\"https:\\\/\\\/marcelolopes.jor.br\\\/site\\\/2019\\\/08\\\/07\\\/consumidor-sera-indenizado-por-ingerir-leite-estragado-em-leopoldina\\\/#primaryimage\"},\"thumbnailUrl\":\"https:\\\/\\\/marcelolopes.jor.br\\\/site\\\/wp-content\\\/uploads\\\/2019\\\/08\\\/por-que-o-leite-azeda-1086845.jpg\",\"keywords\":[\"cooperativa\",\"dano moral\",\"leite\",\"TJMG\"],\"articleSection\":[\"Not\u00edcias\"],\"inLanguage\":\"pt-BR\",\"potentialAction\":[{\"@type\":\"CommentAction\",\"name\":\"Comment\",\"target\":[\"https:\\\/\\\/marcelolopes.jor.br\\\/site\\\/2019\\\/08\\\/07\\\/consumidor-sera-indenizado-por-ingerir-leite-estragado-em-leopoldina\\\/#respond\"]}]},{\"@type\":\"WebPage\",\"@id\":\"https:\\\/\\\/marcelolopes.jor.br\\\/site\\\/2019\\\/08\\\/07\\\/consumidor-sera-indenizado-por-ingerir-leite-estragado-em-leopoldina\\\/\",\"url\":\"https:\\\/\\\/marcelolopes.jor.br\\\/site\\\/2019\\\/08\\\/07\\\/consumidor-sera-indenizado-por-ingerir-leite-estragado-em-leopoldina\\\/\",\"name\":\"Consumidor ser\u00e1 indenizado por ingerir leite estragado em Leopoldina | Marcelo Lopes\",\"isPartOf\":{\"@id\":\"https:\\\/\\\/marcelolopes.jor.br\\\/site\\\/#website\"},\"primaryImageOfPage\":{\"@id\":\"https:\\\/\\\/marcelolopes.jor.br\\\/site\\\/2019\\\/08\\\/07\\\/consumidor-sera-indenizado-por-ingerir-leite-estragado-em-leopoldina\\\/#primaryimage\"},\"image\":{\"@id\":\"https:\\\/\\\/marcelolopes.jor.br\\\/site\\\/2019\\\/08\\\/07\\\/consumidor-sera-indenizado-por-ingerir-leite-estragado-em-leopoldina\\\/#primaryimage\"},\"thumbnailUrl\":\"https:\\\/\\\/marcelolopes.jor.br\\\/site\\\/wp-content\\\/uploads\\\/2019\\\/08\\\/por-que-o-leite-azeda-1086845.jpg\",\"datePublished\":\"2019-08-07T19:00:59+00:00\",\"breadcrumb\":{\"@id\":\"https:\\\/\\\/marcelolopes.jor.br\\\/site\\\/2019\\\/08\\\/07\\\/consumidor-sera-indenizado-por-ingerir-leite-estragado-em-leopoldina\\\/#breadcrumb\"},\"inLanguage\":\"pt-BR\",\"potentialAction\":[{\"@type\":\"ReadAction\",\"target\":[\"https:\\\/\\\/marcelolopes.jor.br\\\/site\\\/2019\\\/08\\\/07\\\/consumidor-sera-indenizado-por-ingerir-leite-estragado-em-leopoldina\\\/\"]}]},{\"@type\":\"ImageObject\",\"inLanguage\":\"pt-BR\",\"@id\":\"https:\\\/\\\/marcelolopes.jor.br\\\/site\\\/2019\\\/08\\\/07\\\/consumidor-sera-indenizado-por-ingerir-leite-estragado-em-leopoldina\\\/#primaryimage\",\"url\":\"https:\\\/\\\/marcelolopes.jor.br\\\/site\\\/wp-content\\\/uploads\\\/2019\\\/08\\\/por-que-o-leite-azeda-1086845.jpg\",\"contentUrl\":\"https:\\\/\\\/marcelolopes.jor.br\\\/site\\\/wp-content\\\/uploads\\\/2019\\\/08\\\/por-que-o-leite-azeda-1086845.jpg\",\"width\":768,\"height\":406},{\"@type\":\"BreadcrumbList\",\"@id\":\"https:\\\/\\\/marcelolopes.jor.br\\\/site\\\/2019\\\/08\\\/07\\\/consumidor-sera-indenizado-por-ingerir-leite-estragado-em-leopoldina\\\/#breadcrumb\",\"itemListElement\":[{\"@type\":\"ListItem\",\"position\":1,\"name\":\"Home\",\"item\":\"https:\\\/\\\/marcelolopes.jor.br\\\/site\\\/\"},{\"@type\":\"ListItem\",\"position\":2,\"name\":\"Consumidor ser\u00e1 indenizado por ingerir leite estragado em Leopoldina\"}]},{\"@type\":\"WebSite\",\"@id\":\"https:\\\/\\\/marcelolopes.jor.br\\\/site\\\/#website\",\"url\":\"https:\\\/\\\/marcelolopes.jor.br\\\/site\\\/\",\"name\":\"Marcelo Lopes\",\"description\":\"Not\u00edcias de Cataguases e Regi\u00e3o\",\"publisher\":{\"@id\":\"https:\\\/\\\/marcelolopes.jor.br\\\/site\\\/#organization\"},\"potentialAction\":[{\"@type\":\"SearchAction\",\"target\":{\"@type\":\"EntryPoint\",\"urlTemplate\":\"https:\\\/\\\/marcelolopes.jor.br\\\/site\\\/?s={search_term_string}\"},\"query-input\":{\"@type\":\"PropertyValueSpecification\",\"valueRequired\":true,\"valueName\":\"search_term_string\"}}],\"inLanguage\":\"pt-BR\"},{\"@type\":\"Organization\",\"@id\":\"https:\\\/\\\/marcelolopes.jor.br\\\/site\\\/#organization\",\"name\":\"Site do Marcelo Lopes\",\"url\":\"https:\\\/\\\/marcelolopes.jor.br\\\/site\\\/\",\"logo\":{\"@type\":\"ImageObject\",\"inLanguage\":\"pt-BR\",\"@id\":\"https:\\\/\\\/marcelolopes.jor.br\\\/site\\\/#\\\/schema\\\/logo\\\/image\\\/\",\"url\":\"https:\\\/\\\/marcelolopes.jor.br\\\/site\\\/wp-content\\\/uploads\\\/2024\\\/11\\\/logo-1.png\",\"contentUrl\":\"https:\\\/\\\/marcelolopes.jor.br\\\/site\\\/wp-content\\\/uploads\\\/2024\\\/11\\\/logo-1.png\",\"width\":475,\"height\":80,\"caption\":\"Site do Marcelo Lopes\"},\"image\":{\"@id\":\"https:\\\/\\\/marcelolopes.jor.br\\\/site\\\/#\\\/schema\\\/logo\\\/image\\\/\"},\"sameAs\":[\"https:\\\/\\\/www.facebook.com\\\/sitedomarcelolopes\",\"https:\\\/\\\/www.instagram.com\\\/sitedomarcelolopes\\\/\",\"https:\\\/\\\/www.linkedin.com\\\/company\\\/site-do-marcelo-lopes\\\/\",\"https:\\\/\\\/www.youtube.com\\\/user\\\/marcelolopes957\"]},{\"@type\":\"Person\",\"@id\":\"https:\\\/\\\/marcelolopes.jor.br\\\/site\\\/#\\\/schema\\\/person\\\/3e7216a35c34d8fdf952b31da3d1f89f\",\"name\":\"Marcelo Lopes\",\"sameAs\":[\"http:\\\/\\\/www.marcelolopes.jor.br\"],\"url\":\"https:\\\/\\\/marcelolopes.jor.br\\\/site\\\/author\\\/marcelo\\\/\"}]}<\/script>\n<!-- \/ Yoast SEO plugin. -->","yoast_head_json":{"title":"Consumidor ser\u00e1 indenizado por ingerir leite estragado em Leopoldina | Marcelo Lopes","robots":{"index":"index","follow":"follow","max-snippet":"max-snippet:-1","max-image-preview":"max-image-preview:large","max-video-preview":"max-video-preview:-1"},"canonical":"https:\/\/marcelolopes.jor.br\/site\/2019\/08\/07\/consumidor-sera-indenizado-por-ingerir-leite-estragado-em-leopoldina\/","og_locale":"pt_BR","og_type":"article","og_title":"Consumidor ser\u00e1 indenizado por ingerir leite estragado em Leopoldina | Marcelo Lopes","og_description":"A Cooperativa dos Produtores de Leite de Leopoldina de Responsabilidade Ltda. dever\u00e1 pagar R$ 3 mil a um consumidor daquela cidade que adquiriu um fardo de leite integral impr\u00f3prio para consumo. Ele afirmou no processo que chegou a beber oLeia mais Consumidor ser\u00e1 indenizado por ingerir leite estragado em Leopoldina","og_url":"https:\/\/marcelolopes.jor.br\/site\/2019\/08\/07\/consumidor-sera-indenizado-por-ingerir-leite-estragado-em-leopoldina\/","og_site_name":"Marcelo Lopes","article_publisher":"https:\/\/www.facebook.com\/sitedomarcelolopes","article_published_time":"2019-08-07T19:00:59+00:00","og_image":[{"width":768,"height":406,"url":"https:\/\/marcelolopes.jor.br\/site\/wp-content\/uploads\/2019\/08\/por-que-o-leite-azeda-1086845.jpg","type":"image\/jpeg"}],"author":"Marcelo Lopes","twitter_card":"summary_large_image","twitter_misc":{"Escrito por":"Marcelo Lopes","Est. tempo de leitura":"3 minutos"},"schema":{"@context":"https:\/\/schema.org","@graph":[{"@type":"NewsArticle","@id":"https:\/\/marcelolopes.jor.br\/site\/2019\/08\/07\/consumidor-sera-indenizado-por-ingerir-leite-estragado-em-leopoldina\/#article","isPartOf":{"@id":"https:\/\/marcelolopes.jor.br\/site\/2019\/08\/07\/consumidor-sera-indenizado-por-ingerir-leite-estragado-em-leopoldina\/"},"author":{"name":"Marcelo Lopes","@id":"https:\/\/marcelolopes.jor.br\/site\/#\/schema\/person\/3e7216a35c34d8fdf952b31da3d1f89f"},"headline":"Consumidor ser\u00e1 indenizado por ingerir leite estragado em Leopoldina","datePublished":"2019-08-07T19:00:59+00:00","mainEntityOfPage":{"@id":"https:\/\/marcelolopes.jor.br\/site\/2019\/08\/07\/consumidor-sera-indenizado-por-ingerir-leite-estragado-em-leopoldina\/"},"wordCount":512,"commentCount":0,"publisher":{"@id":"https:\/\/marcelolopes.jor.br\/site\/#organization"},"image":{"@id":"https:\/\/marcelolopes.jor.br\/site\/2019\/08\/07\/consumidor-sera-indenizado-por-ingerir-leite-estragado-em-leopoldina\/#primaryimage"},"thumbnailUrl":"https:\/\/marcelolopes.jor.br\/site\/wp-content\/uploads\/2019\/08\/por-que-o-leite-azeda-1086845.jpg","keywords":["cooperativa","dano moral","leite","TJMG"],"articleSection":["Not\u00edcias"],"inLanguage":"pt-BR","potentialAction":[{"@type":"CommentAction","name":"Comment","target":["https:\/\/marcelolopes.jor.br\/site\/2019\/08\/07\/consumidor-sera-indenizado-por-ingerir-leite-estragado-em-leopoldina\/#respond"]}]},{"@type":"WebPage","@id":"https:\/\/marcelolopes.jor.br\/site\/2019\/08\/07\/consumidor-sera-indenizado-por-ingerir-leite-estragado-em-leopoldina\/","url":"https:\/\/marcelolopes.jor.br\/site\/2019\/08\/07\/consumidor-sera-indenizado-por-ingerir-leite-estragado-em-leopoldina\/","name":"Consumidor ser\u00e1 indenizado por ingerir leite estragado em Leopoldina | Marcelo Lopes","isPartOf":{"@id":"https:\/\/marcelolopes.jor.br\/site\/#website"},"primaryImageOfPage":{"@id":"https:\/\/marcelolopes.jor.br\/site\/2019\/08\/07\/consumidor-sera-indenizado-por-ingerir-leite-estragado-em-leopoldina\/#primaryimage"},"image":{"@id":"https:\/\/marcelolopes.jor.br\/site\/2019\/08\/07\/consumidor-sera-indenizado-por-ingerir-leite-estragado-em-leopoldina\/#primaryimage"},"thumbnailUrl":"https:\/\/marcelolopes.jor.br\/site\/wp-content\/uploads\/2019\/08\/por-que-o-leite-azeda-1086845.jpg","datePublished":"2019-08-07T19:00:59+00:00","breadcrumb":{"@id":"https:\/\/marcelolopes.jor.br\/site\/2019\/08\/07\/consumidor-sera-indenizado-por-ingerir-leite-estragado-em-leopoldina\/#breadcrumb"},"inLanguage":"pt-BR","potentialAction":[{"@type":"ReadAction","target":["https:\/\/marcelolopes.jor.br\/site\/2019\/08\/07\/consumidor-sera-indenizado-por-ingerir-leite-estragado-em-leopoldina\/"]}]},{"@type":"ImageObject","inLanguage":"pt-BR","@id":"https:\/\/marcelolopes.jor.br\/site\/2019\/08\/07\/consumidor-sera-indenizado-por-ingerir-leite-estragado-em-leopoldina\/#primaryimage","url":"https:\/\/marcelolopes.jor.br\/site\/wp-content\/uploads\/2019\/08\/por-que-o-leite-azeda-1086845.jpg","contentUrl":"https:\/\/marcelolopes.jor.br\/site\/wp-content\/uploads\/2019\/08\/por-que-o-leite-azeda-1086845.jpg","width":768,"height":406},{"@type":"BreadcrumbList","@id":"https:\/\/marcelolopes.jor.br\/site\/2019\/08\/07\/consumidor-sera-indenizado-por-ingerir-leite-estragado-em-leopoldina\/#breadcrumb","itemListElement":[{"@type":"ListItem","position":1,"name":"Home","item":"https:\/\/marcelolopes.jor.br\/site\/"},{"@type":"ListItem","position":2,"name":"Consumidor ser\u00e1 indenizado por ingerir leite estragado em Leopoldina"}]},{"@type":"WebSite","@id":"https:\/\/marcelolopes.jor.br\/site\/#website","url":"https:\/\/marcelolopes.jor.br\/site\/","name":"Marcelo Lopes","description":"Not\u00edcias de Cataguases e Regi\u00e3o","publisher":{"@id":"https:\/\/marcelolopes.jor.br\/site\/#organization"},"potentialAction":[{"@type":"SearchAction","target":{"@type":"EntryPoint","urlTemplate":"https:\/\/marcelolopes.jor.br\/site\/?s={search_term_string}"},"query-input":{"@type":"PropertyValueSpecification","valueRequired":true,"valueName":"search_term_string"}}],"inLanguage":"pt-BR"},{"@type":"Organization","@id":"https:\/\/marcelolopes.jor.br\/site\/#organization","name":"Site do Marcelo Lopes","url":"https:\/\/marcelolopes.jor.br\/site\/","logo":{"@type":"ImageObject","inLanguage":"pt-BR","@id":"https:\/\/marcelolopes.jor.br\/site\/#\/schema\/logo\/image\/","url":"https:\/\/marcelolopes.jor.br\/site\/wp-content\/uploads\/2024\/11\/logo-1.png","contentUrl":"https:\/\/marcelolopes.jor.br\/site\/wp-content\/uploads\/2024\/11\/logo-1.png","width":475,"height":80,"caption":"Site do Marcelo Lopes"},"image":{"@id":"https:\/\/marcelolopes.jor.br\/site\/#\/schema\/logo\/image\/"},"sameAs":["https:\/\/www.facebook.com\/sitedomarcelolopes","https:\/\/www.instagram.com\/sitedomarcelolopes\/","https:\/\/www.linkedin.com\/company\/site-do-marcelo-lopes\/","https:\/\/www.youtube.com\/user\/marcelolopes957"]},{"@type":"Person","@id":"https:\/\/marcelolopes.jor.br\/site\/#\/schema\/person\/3e7216a35c34d8fdf952b31da3d1f89f","name":"Marcelo Lopes","sameAs":["http:\/\/www.marcelolopes.jor.br"],"url":"https:\/\/marcelolopes.jor.br\/site\/author\/marcelo\/"}]}},"wps_subtitle":"O leite tinha gosto amargo e colora\u00e7\u00e3o diferente, segundo o consumidor.","_links":{"self":[{"href":"https:\/\/marcelolopes.jor.br\/site\/wp-json\/wp\/v2\/posts\/4406","targetHints":{"allow":["GET"]}}],"collection":[{"href":"https:\/\/marcelolopes.jor.br\/site\/wp-json\/wp\/v2\/posts"}],"about":[{"href":"https:\/\/marcelolopes.jor.br\/site\/wp-json\/wp\/v2\/types\/post"}],"author":[{"embeddable":true,"href":"https:\/\/marcelolopes.jor.br\/site\/wp-json\/wp\/v2\/users\/2"}],"replies":[{"embeddable":true,"href":"https:\/\/marcelolopes.jor.br\/site\/wp-json\/wp\/v2\/comments?post=4406"}],"version-history":[{"count":0,"href":"https:\/\/marcelolopes.jor.br\/site\/wp-json\/wp\/v2\/posts\/4406\/revisions"}],"wp:featuredmedia":[{"embeddable":true,"href":"https:\/\/marcelolopes.jor.br\/site\/wp-json\/wp\/v2\/media\/4407"}],"wp:attachment":[{"href":"https:\/\/marcelolopes.jor.br\/site\/wp-json\/wp\/v2\/media?parent=4406"}],"wp:term":[{"taxonomy":"category","embeddable":true,"href":"https:\/\/marcelolopes.jor.br\/site\/wp-json\/wp\/v2\/categories?post=4406"},{"taxonomy":"post_tag","embeddable":true,"href":"https:\/\/marcelolopes.jor.br\/site\/wp-json\/wp\/v2\/tags?post=4406"}],"curies":[{"name":"wp","href":"https:\/\/api.w.org\/{rel}","templated":true}]}}