{"id":4344,"date":"2019-08-05T20:00:44","date_gmt":"2019-08-05T23:00:44","guid":{"rendered":"https:\/\/marcelolopes.jor.br\/?p=4344"},"modified":"2026-08-03T17:45:07","modified_gmt":"2026-08-03T20:45:07","slug":"caixa-saques-das-contas-do-fgts-vao-comecar-dia-13-de-setembro","status":"publish","type":"post","link":"https:\/\/marcelolopes.jor.br\/site\/2019\/08\/05\/caixa-saques-das-contas-do-fgts-vao-comecar-dia-13-de-setembro\/","title":{"rendered":"Caixa: saques das contas do FGTS v\u00e3o come\u00e7ar dia 13 de setembro"},"content":{"rendered":"<p style=\"text-align: justify;\">A Caixa Econ\u00f4mica Federal divulgou na segunda-feira, 05 de agosto, o cronograma para os saques de at\u00e9 R$ 500 de cada conta ativa e inativa do Fundo de Garantia do Tempo de Servi\u00e7o (FGTS) e do PIS. Os saques de R$ 500 come\u00e7am no dia 13 de setembro para quem tiver conta poupan\u00e7a na Caixa e no dia 18 de outubro para quem n\u00e3o tem conta no banco.<!--more--><br \/>\nA previs\u00e3o do governo \u00e9 de que as medidas anunciadas no m\u00eas passado para os fundos injetem R$ 30 bilh\u00f5es na economia este ano e R$ 12 bilh\u00f5es no pr\u00f3ximo.<\/p>\n<p>Calend\u00e1rio para quem tem conta poupan\u00e7a na Caixa:<br \/>\n\u2022 Anivers\u00e1rio em janeiro, fevereiro, mar\u00e7o e abril: 13 de setembro de 2019<br \/>\n\u2022 Anivers\u00e1rio em maio, junho, julho e agosto: 27 de setembro de 2019<br \/>\n\u2022 Anivers\u00e1rio em setembro, outubro, novembro e dezembro: 9 de outubro de 2019<\/p>\n<p>Calend\u00e1rio para quem n\u00e3o tem conta poupan\u00e7a na Caixa:<br \/>\n\u2022 Anivers\u00e1rio em janeiro: 18 de outubro de 2019<br \/>\n\u2022 Anivers\u00e1rio em fevereiro: 25 de outubro de 2019<br \/>\n\u2022 Anivers\u00e1rio em mar\u00e7o: 8 de novembro de 2019<br \/>\n\u2022 Anivers\u00e1rio em abril: 22 de novembro de 2019<br \/>\n\u2022 Anivers\u00e1rio em maio: 6 de dezembro de 2019<br \/>\n\u2022 Anivers\u00e1rio em junho: 18 de dezembro de 2019<br \/>\n\u2022 Anivers\u00e1rio em julho: 10 de janeiro de 2020<br \/>\n\u2022 Anivers\u00e1rio em agosto: 17 de janeiro de 2020<br \/>\n\u2022 Anivers\u00e1rio em setembro: 24 de janeiro de 2020<br \/>\n\u2022 Anivers\u00e1rio em outubro: 7 de fevereiro de 2020<br \/>\n\u2022 Anivers\u00e1rio em novembro: 14 de fevereiro de 2020<br \/>\n\u2022 Anivers\u00e1rio em dezembro: 6 de mar\u00e7o de 2020<\/p>\n<p>As pessoas nascidas em janeiro, fevereiro, mar\u00e7o e abril poder\u00e3o sacar os recursos do FGTS primeiro, a partir de 13 de setembro. J\u00e1 quem faz anivers\u00e1rio em maio, junho, julho e agosto ter\u00e1 acesso aos saques a partir de 27 de setembro. Quem nasceu em setembro, outubro, novembro e dezembro poder\u00e1 sacar das contas do FGTS a partir 9 de outubro.<\/p>\n<p>O prazo final para que todos os trabalhadores realizem os saques de at\u00e9 R$ 500 por conta do FGTS acaba em 31 de mar\u00e7o de 2020. Os 33 milh\u00f5es de trabalhadores que t\u00eam conta poupan\u00e7a na Caixa receber\u00e3o os recursos automaticamente. A expectativa do banco \u00e9 de que at\u00e9 96 milh\u00f5es de pessoas saquem recursos do fundo.<\/p>\n<p>Nas casas lot\u00e9ricas poder\u00e3o ser realizados saques de at\u00e9 R$ 100, com a apresenta\u00e7\u00e3o de um documento de identidade e do CPF. Nesse caso, o escalonamento ser\u00e1 mais longo.<\/p>\n<p style=\"text-align: justify;\">Para os nascidos em janeiro, o saque nas lot\u00e9ricas come\u00e7ar\u00e1 apenas em 18 de outubro. Os saques nas lot\u00e9ricas seguir\u00e3o essa ordem: nascidos em fevereiro (25\/10), mar\u00e7o (08\/11), abril (22\/11), maio (06\/12), junho (18\/12), julho (10\/01), agosto (17\/01), setembro (24\/01), outubro (07\/02), novembro (14\/02) e dezembro (06\/03).<\/p>\n<p><strong>PIS<\/strong><br \/>\nJ\u00e1 os saques do PIS obedecer\u00e3o uma l\u00f3gica diferente, por idade do benefici\u00e1rio, sendo que os trabalhadores com conta na Caixa receber\u00e3o os recursos a partir do dia 19 deste m\u00eas, independentemente da idade.<\/p>\n<p style=\"text-align: justify;\">J\u00e1 os trabalhadores sem conta na Caixa que tenham mais de 60 anos poder\u00e3o sacar os recursos a partir do dia 26 de agosto. Os benefici\u00e1rios com at\u00e9 59 anos poder\u00e3o realizar os saques do PIS a partir de 2 de setembro. No caso do PIS, n\u00e3o h\u00e1 prazo limite para a retirada do dinheiro.<\/p>\n<p style=\"text-align: justify;\">O presidente da Caixa Econ\u00f4mica Federal, Pedro Guimar\u00e3es, reafirmou que a Caixa est\u00e1 focada para o atendimento de todos os brasileiros. &#8220;Funcionaremos inclusive nos s\u00e1bados e todos os executivos, inclusive eu, estaremos nas ag\u00eancias. Teremos diretores em todos os Estados e irei pessoalmente ao Norte e Nordeste&#8221;, completou.<\/p>\n<p>Fonte: R\u00e1dio Itatiaia | Foto: Sinbraf\/RS<\/p>\n<div class=\"vxjpo6a94c735a1219\" ><br><\/div><style type=\"text\/css\">\r\n@media screen and (min-width: 1201px) {\r\n.vxjpo6a94c735a1219 {\r\ndisplay: block;\r\n}\r\n}\r\n@media screen and (min-width: 993px) and (max-width: 1200px) {\r\n.vxjpo6a94c735a1219 {\r\ndisplay: block;\r\n}\r\n}\r\n@media screen and (min-width: 769px) and (max-width: 992px) {\r\n.vxjpo6a94c735a1219 {\r\ndisplay: block;\r\n}\r\n}\r\n@media screen and (min-width: 768px) and (max-width: 768px) {\r\n.vxjpo6a94c735a1219 {\r\ndisplay: block;\r\n}\r\n}\r\n@media screen and (max-width: 767px) {\r\n.vxjpo6a94c735a1219 {\r\ndisplay: block;\r\n}\r\n}\r\n<\/style>\r\n<div class=\"wjkjr6a94c735a64a9\" ><div id=\"div_destino\"><\/div>\r\n<script src=\"https:\/\/cdn.snsrsv.com\/sdk.js\"><\/script>\r\n<script >\r\n      new sdk(\"464030C30061EA8BE065000000000001\") \r\n          .appendTo(\"div_destino\")\r\n          .disableStyle(true) \r\n          .setCacheBusterMacro(\"%%CACHEBUSTER%%\")\r\n          .setSize(\"800\",\"214\")\r\n          .setClickMacro(\"%%CLICK_URL_ESC%%\") \r\n          .setReferrerUrlMacro(\"%%REFERRER_URL_ESC%%\") \r\n          .start(); \r\n<\/script><\/div><style type=\"text\/css\">\r\n@media screen and (min-width: 1201px) {\r\n.wjkjr6a94c735a64a9 {\r\ndisplay: block;\r\n}\r\n}\r\n@media screen and (min-width: 993px) and (max-width: 1200px) {\r\n.wjkjr6a94c735a64a9 {\r\ndisplay: block;\r\n}\r\n}\r\n@media screen and (min-width: 769px) and (max-width: 992px) {\r\n.wjkjr6a94c735a64a9 {\r\ndisplay: block;\r\n}\r\n}\r\n@media screen and (min-width: 768px) and (max-width: 768px) {\r\n.wjkjr6a94c735a64a9 {\r\ndisplay: block;\r\n}\r\n}\r\n@media screen and (max-width: 767px) {\r\n.wjkjr6a94c735a64a9 {\r\ndisplay: block;\r\n}\r\n}\r\n<\/style>\r\n","protected":false},"excerpt":{"rendered":"<p>A Caixa Econ\u00f4mica Federal divulgou na segunda-feira, 05 de agosto, o cronograma para os saques de at\u00e9 R$ 500 de cada conta ativa e inativa do Fundo de Garantia do Tempo de Servi\u00e7o (FGTS) e do PIS. Os saques de<\/p>\n<p class=\"link-more\"><a class=\"more-link\" href=\"https:\/\/marcelolopes.jor.br\/site\/2019\/08\/05\/caixa-saques-das-contas-do-fgts-vao-comecar-dia-13-de-setembro\/\">Leia mais <span class=\"screen-reader-text\">Caixa: saques das contas do FGTS v\u00e3o come\u00e7ar dia 13 de setembro<\/span><\/a><\/p>\n","protected":false},"author":2,"featured_media":68786,"comment_status":"open","ping_status":"open","sticky":false,"template":"","format":"standard","meta":{"footnotes":""},"categories":[1],"tags":[509,935,936,757],"class_list":["post-4344","post","type-post","status-publish","format-standard","has-post-thumbnail","hentry","category-noticias","tag-caixa","tag-fgts","tag-fundos","tag-pis-pasep","thumb-below-title"],"yoast_head":"<!-- This site is optimized with the Yoast SEO plugin v28.3 - https:\/\/yoast.com\/product\/yoast-seo-wordpress\/ -->\n<title>Caixa: saques das contas do FGTS v\u00e3o come\u00e7ar dia 13 de setembro | Marcelo Lopes<\/title>\n<meta name=\"robots\" content=\"index, follow, max-snippet:-1, max-image-preview:large, max-video-preview:-1\" \/>\n<link rel=\"canonical\" href=\"https:\/\/marcelolopes.jor.br\/site\/2019\/08\/05\/caixa-saques-das-contas-do-fgts-vao-comecar-dia-13-de-setembro\/\" \/>\n<meta property=\"og:locale\" content=\"pt_BR\" \/>\n<meta property=\"og:type\" content=\"article\" \/>\n<meta property=\"og:title\" content=\"Caixa: saques das contas do FGTS v\u00e3o come\u00e7ar dia 13 de setembro | Marcelo Lopes\" \/>\n<meta property=\"og:description\" content=\"A Caixa Econ\u00f4mica Federal divulgou na segunda-feira, 05 de agosto, o cronograma para os saques de at\u00e9 R$ 500 de cada conta ativa e inativa do Fundo de Garantia do Tempo de Servi\u00e7o (FGTS) e do PIS. Os saques deLeia mais Caixa: saques das contas do FGTS v\u00e3o come\u00e7ar dia 13 de setembro\" \/>\n<meta property=\"og:url\" content=\"https:\/\/marcelolopes.jor.br\/site\/2019\/08\/05\/caixa-saques-das-contas-do-fgts-vao-comecar-dia-13-de-setembro\/\" \/>\n<meta property=\"og:site_name\" content=\"Marcelo Lopes\" \/>\n<meta property=\"article:publisher\" content=\"https:\/\/www.facebook.com\/sitedomarcelolopes\" \/>\n<meta property=\"article:published_time\" content=\"2019-08-05T23:00:44+00:00\" \/>\n<meta property=\"article:modified_time\" content=\"2026-08-03T20:45:07+00:00\" \/>\n<meta property=\"og:image\" content=\"https:\/\/marcelolopes.jor.br\/site\/wp-content\/uploads\/2019\/08\/FGTS-RS-1.jpeg\" \/>\n\t<meta property=\"og:image:width\" content=\"600\" \/>\n\t<meta property=\"og:image:height\" content=\"400\" \/>\n\t<meta property=\"og:image:type\" content=\"image\/jpeg\" \/>\n<meta name=\"author\" content=\"Marcelo Lopes\" \/>\n<meta name=\"twitter:card\" content=\"summary_large_image\" \/>\n<meta name=\"twitter:label1\" content=\"Escrito por\" \/>\n\t<meta name=\"twitter:data1\" content=\"Marcelo Lopes\" \/>\n\t<meta name=\"twitter:label2\" content=\"Est. tempo de leitura\" \/>\n\t<meta name=\"twitter:data2\" content=\"3 minutos\" \/>\n<script type=\"application\/ld+json\" class=\"yoast-schema-graph\">{\"@context\":\"https:\\\/\\\/schema.org\",\"@graph\":[{\"@type\":\"NewsArticle\",\"@id\":\"https:\\\/\\\/marcelolopes.jor.br\\\/site\\\/2019\\\/08\\\/05\\\/caixa-saques-das-contas-do-fgts-vao-comecar-dia-13-de-setembro\\\/#article\",\"isPartOf\":{\"@id\":\"https:\\\/\\\/marcelolopes.jor.br\\\/site\\\/2019\\\/08\\\/05\\\/caixa-saques-das-contas-do-fgts-vao-comecar-dia-13-de-setembro\\\/\"},\"author\":{\"name\":\"Marcelo Lopes\",\"@id\":\"https:\\\/\\\/marcelolopes.jor.br\\\/site\\\/#\\\/schema\\\/person\\\/3e7216a35c34d8fdf952b31da3d1f89f\"},\"headline\":\"Caixa: saques das contas do FGTS v\u00e3o come\u00e7ar dia 13 de setembro\",\"datePublished\":\"2019-08-05T23:00:44+00:00\",\"dateModified\":\"2026-08-03T20:45:07+00:00\",\"mainEntityOfPage\":{\"@id\":\"https:\\\/\\\/marcelolopes.jor.br\\\/site\\\/2019\\\/08\\\/05\\\/caixa-saques-das-contas-do-fgts-vao-comecar-dia-13-de-setembro\\\/\"},\"wordCount\":597,\"commentCount\":0,\"publisher\":{\"@id\":\"https:\\\/\\\/marcelolopes.jor.br\\\/site\\\/#organization\"},\"image\":{\"@id\":\"https:\\\/\\\/marcelolopes.jor.br\\\/site\\\/2019\\\/08\\\/05\\\/caixa-saques-das-contas-do-fgts-vao-comecar-dia-13-de-setembro\\\/#primaryimage\"},\"thumbnailUrl\":\"https:\\\/\\\/marcelolopes.jor.br\\\/site\\\/wp-content\\\/uploads\\\/2019\\\/08\\\/FGTS-RS-1.jpeg\",\"keywords\":[\"Caixa\",\"FGTS\",\"fundos\",\"Pis\\\/Pasep\"],\"articleSection\":[\"Not\u00edcias\"],\"inLanguage\":\"pt-BR\",\"potentialAction\":[{\"@type\":\"CommentAction\",\"name\":\"Comment\",\"target\":[\"https:\\\/\\\/marcelolopes.jor.br\\\/site\\\/2019\\\/08\\\/05\\\/caixa-saques-das-contas-do-fgts-vao-comecar-dia-13-de-setembro\\\/#respond\"]}]},{\"@type\":\"WebPage\",\"@id\":\"https:\\\/\\\/marcelolopes.jor.br\\\/site\\\/2019\\\/08\\\/05\\\/caixa-saques-das-contas-do-fgts-vao-comecar-dia-13-de-setembro\\\/\",\"url\":\"https:\\\/\\\/marcelolopes.jor.br\\\/site\\\/2019\\\/08\\\/05\\\/caixa-saques-das-contas-do-fgts-vao-comecar-dia-13-de-setembro\\\/\",\"name\":\"Caixa: saques das contas do FGTS v\u00e3o come\u00e7ar dia 13 de setembro | Marcelo Lopes\",\"isPartOf\":{\"@id\":\"https:\\\/\\\/marcelolopes.jor.br\\\/site\\\/#website\"},\"primaryImageOfPage\":{\"@id\":\"https:\\\/\\\/marcelolopes.jor.br\\\/site\\\/2019\\\/08\\\/05\\\/caixa-saques-das-contas-do-fgts-vao-comecar-dia-13-de-setembro\\\/#primaryimage\"},\"image\":{\"@id\":\"https:\\\/\\\/marcelolopes.jor.br\\\/site\\\/2019\\\/08\\\/05\\\/caixa-saques-das-contas-do-fgts-vao-comecar-dia-13-de-setembro\\\/#primaryimage\"},\"thumbnailUrl\":\"https:\\\/\\\/marcelolopes.jor.br\\\/site\\\/wp-content\\\/uploads\\\/2019\\\/08\\\/FGTS-RS-1.jpeg\",\"datePublished\":\"2019-08-05T23:00:44+00:00\",\"dateModified\":\"2026-08-03T20:45:07+00:00\",\"breadcrumb\":{\"@id\":\"https:\\\/\\\/marcelolopes.jor.br\\\/site\\\/2019\\\/08\\\/05\\\/caixa-saques-das-contas-do-fgts-vao-comecar-dia-13-de-setembro\\\/#breadcrumb\"},\"inLanguage\":\"pt-BR\",\"potentialAction\":[{\"@type\":\"ReadAction\",\"target\":[\"https:\\\/\\\/marcelolopes.jor.br\\\/site\\\/2019\\\/08\\\/05\\\/caixa-saques-das-contas-do-fgts-vao-comecar-dia-13-de-setembro\\\/\"]}]},{\"@type\":\"ImageObject\",\"inLanguage\":\"pt-BR\",\"@id\":\"https:\\\/\\\/marcelolopes.jor.br\\\/site\\\/2019\\\/08\\\/05\\\/caixa-saques-das-contas-do-fgts-vao-comecar-dia-13-de-setembro\\\/#primaryimage\",\"url\":\"https:\\\/\\\/marcelolopes.jor.br\\\/site\\\/wp-content\\\/uploads\\\/2019\\\/08\\\/FGTS-RS-1.jpeg\",\"contentUrl\":\"https:\\\/\\\/marcelolopes.jor.br\\\/site\\\/wp-content\\\/uploads\\\/2019\\\/08\\\/FGTS-RS-1.jpeg\",\"width\":600,\"height\":400},{\"@type\":\"BreadcrumbList\",\"@id\":\"https:\\\/\\\/marcelolopes.jor.br\\\/site\\\/2019\\\/08\\\/05\\\/caixa-saques-das-contas-do-fgts-vao-comecar-dia-13-de-setembro\\\/#breadcrumb\",\"itemListElement\":[{\"@type\":\"ListItem\",\"position\":1,\"name\":\"Home\",\"item\":\"https:\\\/\\\/marcelolopes.jor.br\\\/site\\\/\"},{\"@type\":\"ListItem\",\"position\":2,\"name\":\"Caixa: saques das contas do FGTS v\u00e3o come\u00e7ar dia 13 de setembro\"}]},{\"@type\":\"WebSite\",\"@id\":\"https:\\\/\\\/marcelolopes.jor.br\\\/site\\\/#website\",\"url\":\"https:\\\/\\\/marcelolopes.jor.br\\\/site\\\/\",\"name\":\"Marcelo Lopes\",\"description\":\"Not\u00edcias de Cataguases e Regi\u00e3o\",\"publisher\":{\"@id\":\"https:\\\/\\\/marcelolopes.jor.br\\\/site\\\/#organization\"},\"potentialAction\":[{\"@type\":\"SearchAction\",\"target\":{\"@type\":\"EntryPoint\",\"urlTemplate\":\"https:\\\/\\\/marcelolopes.jor.br\\\/site\\\/?s={search_term_string}\"},\"query-input\":{\"@type\":\"PropertyValueSpecification\",\"valueRequired\":true,\"valueName\":\"search_term_string\"}}],\"inLanguage\":\"pt-BR\"},{\"@type\":\"Organization\",\"@id\":\"https:\\\/\\\/marcelolopes.jor.br\\\/site\\\/#organization\",\"name\":\"Site do Marcelo Lopes\",\"url\":\"https:\\\/\\\/marcelolopes.jor.br\\\/site\\\/\",\"logo\":{\"@type\":\"ImageObject\",\"inLanguage\":\"pt-BR\",\"@id\":\"https:\\\/\\\/marcelolopes.jor.br\\\/site\\\/#\\\/schema\\\/logo\\\/image\\\/\",\"url\":\"https:\\\/\\\/marcelolopes.jor.br\\\/site\\\/wp-content\\\/uploads\\\/2026\\\/07\\\/cropped-logo2026.png\",\"contentUrl\":\"https:\\\/\\\/marcelolopes.jor.br\\\/site\\\/wp-content\\\/uploads\\\/2026\\\/07\\\/cropped-logo2026.png\",\"width\":328,\"height\":96,\"caption\":\"Site do Marcelo Lopes\"},\"image\":{\"@id\":\"https:\\\/\\\/marcelolopes.jor.br\\\/site\\\/#\\\/schema\\\/logo\\\/image\\\/\"},\"sameAs\":[\"https:\\\/\\\/www.facebook.com\\\/sitedomarcelolopes\",\"https:\\\/\\\/www.instagram.com\\\/sitedomarcelolopes\\\/\",\"https:\\\/\\\/www.linkedin.com\\\/company\\\/site-do-marcelo-lopes\\\/\",\"https:\\\/\\\/www.youtube.com\\\/user\\\/marcelolopes957\"]},{\"@type\":\"Person\",\"@id\":\"https:\\\/\\\/marcelolopes.jor.br\\\/site\\\/#\\\/schema\\\/person\\\/3e7216a35c34d8fdf952b31da3d1f89f\",\"name\":\"Marcelo Lopes\",\"sameAs\":[\"http:\\\/\\\/www.marcelolopes.jor.br\"],\"url\":\"https:\\\/\\\/marcelolopes.jor.br\\\/site\\\/author\\\/marcelo\\\/\"}]}<\/script>\n<!-- \/ Yoast SEO plugin. -->","yoast_head_json":{"title":"Caixa: saques das contas do FGTS v\u00e3o come\u00e7ar dia 13 de setembro | Marcelo Lopes","robots":{"index":"index","follow":"follow","max-snippet":"max-snippet:-1","max-image-preview":"max-image-preview:large","max-video-preview":"max-video-preview:-1"},"canonical":"https:\/\/marcelolopes.jor.br\/site\/2019\/08\/05\/caixa-saques-das-contas-do-fgts-vao-comecar-dia-13-de-setembro\/","og_locale":"pt_BR","og_type":"article","og_title":"Caixa: saques das contas do FGTS v\u00e3o come\u00e7ar dia 13 de setembro | Marcelo Lopes","og_description":"A Caixa Econ\u00f4mica Federal divulgou na segunda-feira, 05 de agosto, o cronograma para os saques de at\u00e9 R$ 500 de cada conta ativa e inativa do Fundo de Garantia do Tempo de Servi\u00e7o (FGTS) e do PIS. Os saques deLeia mais Caixa: saques das contas do FGTS v\u00e3o come\u00e7ar dia 13 de setembro","og_url":"https:\/\/marcelolopes.jor.br\/site\/2019\/08\/05\/caixa-saques-das-contas-do-fgts-vao-comecar-dia-13-de-setembro\/","og_site_name":"Marcelo Lopes","article_publisher":"https:\/\/www.facebook.com\/sitedomarcelolopes","article_published_time":"2019-08-05T23:00:44+00:00","article_modified_time":"2026-08-03T20:45:07+00:00","og_image":[{"width":600,"height":400,"url":"https:\/\/marcelolopes.jor.br\/site\/wp-content\/uploads\/2019\/08\/FGTS-RS-1.jpeg","type":"image\/jpeg"}],"author":"Marcelo Lopes","twitter_card":"summary_large_image","twitter_misc":{"Escrito por":"Marcelo Lopes","Est. tempo de leitura":"3 minutos"},"schema":{"@context":"https:\/\/schema.org","@graph":[{"@type":"NewsArticle","@id":"https:\/\/marcelolopes.jor.br\/site\/2019\/08\/05\/caixa-saques-das-contas-do-fgts-vao-comecar-dia-13-de-setembro\/#article","isPartOf":{"@id":"https:\/\/marcelolopes.jor.br\/site\/2019\/08\/05\/caixa-saques-das-contas-do-fgts-vao-comecar-dia-13-de-setembro\/"},"author":{"name":"Marcelo Lopes","@id":"https:\/\/marcelolopes.jor.br\/site\/#\/schema\/person\/3e7216a35c34d8fdf952b31da3d1f89f"},"headline":"Caixa: saques das contas do FGTS v\u00e3o come\u00e7ar dia 13 de setembro","datePublished":"2019-08-05T23:00:44+00:00","dateModified":"2026-08-03T20:45:07+00:00","mainEntityOfPage":{"@id":"https:\/\/marcelolopes.jor.br\/site\/2019\/08\/05\/caixa-saques-das-contas-do-fgts-vao-comecar-dia-13-de-setembro\/"},"wordCount":597,"commentCount":0,"publisher":{"@id":"https:\/\/marcelolopes.jor.br\/site\/#organization"},"image":{"@id":"https:\/\/marcelolopes.jor.br\/site\/2019\/08\/05\/caixa-saques-das-contas-do-fgts-vao-comecar-dia-13-de-setembro\/#primaryimage"},"thumbnailUrl":"https:\/\/marcelolopes.jor.br\/site\/wp-content\/uploads\/2019\/08\/FGTS-RS-1.jpeg","keywords":["Caixa","FGTS","fundos","Pis\/Pasep"],"articleSection":["Not\u00edcias"],"inLanguage":"pt-BR","potentialAction":[{"@type":"CommentAction","name":"Comment","target":["https:\/\/marcelolopes.jor.br\/site\/2019\/08\/05\/caixa-saques-das-contas-do-fgts-vao-comecar-dia-13-de-setembro\/#respond"]}]},{"@type":"WebPage","@id":"https:\/\/marcelolopes.jor.br\/site\/2019\/08\/05\/caixa-saques-das-contas-do-fgts-vao-comecar-dia-13-de-setembro\/","url":"https:\/\/marcelolopes.jor.br\/site\/2019\/08\/05\/caixa-saques-das-contas-do-fgts-vao-comecar-dia-13-de-setembro\/","name":"Caixa: saques das contas do FGTS v\u00e3o come\u00e7ar dia 13 de setembro | Marcelo Lopes","isPartOf":{"@id":"https:\/\/marcelolopes.jor.br\/site\/#website"},"primaryImageOfPage":{"@id":"https:\/\/marcelolopes.jor.br\/site\/2019\/08\/05\/caixa-saques-das-contas-do-fgts-vao-comecar-dia-13-de-setembro\/#primaryimage"},"image":{"@id":"https:\/\/marcelolopes.jor.br\/site\/2019\/08\/05\/caixa-saques-das-contas-do-fgts-vao-comecar-dia-13-de-setembro\/#primaryimage"},"thumbnailUrl":"https:\/\/marcelolopes.jor.br\/site\/wp-content\/uploads\/2019\/08\/FGTS-RS-1.jpeg","datePublished":"2019-08-05T23:00:44+00:00","dateModified":"2026-08-03T20:45:07+00:00","breadcrumb":{"@id":"https:\/\/marcelolopes.jor.br\/site\/2019\/08\/05\/caixa-saques-das-contas-do-fgts-vao-comecar-dia-13-de-setembro\/#breadcrumb"},"inLanguage":"pt-BR","potentialAction":[{"@type":"ReadAction","target":["https:\/\/marcelolopes.jor.br\/site\/2019\/08\/05\/caixa-saques-das-contas-do-fgts-vao-comecar-dia-13-de-setembro\/"]}]},{"@type":"ImageObject","inLanguage":"pt-BR","@id":"https:\/\/marcelolopes.jor.br\/site\/2019\/08\/05\/caixa-saques-das-contas-do-fgts-vao-comecar-dia-13-de-setembro\/#primaryimage","url":"https:\/\/marcelolopes.jor.br\/site\/wp-content\/uploads\/2019\/08\/FGTS-RS-1.jpeg","contentUrl":"https:\/\/marcelolopes.jor.br\/site\/wp-content\/uploads\/2019\/08\/FGTS-RS-1.jpeg","width":600,"height":400},{"@type":"BreadcrumbList","@id":"https:\/\/marcelolopes.jor.br\/site\/2019\/08\/05\/caixa-saques-das-contas-do-fgts-vao-comecar-dia-13-de-setembro\/#breadcrumb","itemListElement":[{"@type":"ListItem","position":1,"name":"Home","item":"https:\/\/marcelolopes.jor.br\/site\/"},{"@type":"ListItem","position":2,"name":"Caixa: saques das contas do FGTS v\u00e3o come\u00e7ar dia 13 de setembro"}]},{"@type":"WebSite","@id":"https:\/\/marcelolopes.jor.br\/site\/#website","url":"https:\/\/marcelolopes.jor.br\/site\/","name":"Marcelo Lopes","description":"Not\u00edcias de Cataguases e Regi\u00e3o","publisher":{"@id":"https:\/\/marcelolopes.jor.br\/site\/#organization"},"potentialAction":[{"@type":"SearchAction","target":{"@type":"EntryPoint","urlTemplate":"https:\/\/marcelolopes.jor.br\/site\/?s={search_term_string}"},"query-input":{"@type":"PropertyValueSpecification","valueRequired":true,"valueName":"search_term_string"}}],"inLanguage":"pt-BR"},{"@type":"Organization","@id":"https:\/\/marcelolopes.jor.br\/site\/#organization","name":"Site do Marcelo Lopes","url":"https:\/\/marcelolopes.jor.br\/site\/","logo":{"@type":"ImageObject","inLanguage":"pt-BR","@id":"https:\/\/marcelolopes.jor.br\/site\/#\/schema\/logo\/image\/","url":"https:\/\/marcelolopes.jor.br\/site\/wp-content\/uploads\/2026\/07\/cropped-logo2026.png","contentUrl":"https:\/\/marcelolopes.jor.br\/site\/wp-content\/uploads\/2026\/07\/cropped-logo2026.png","width":328,"height":96,"caption":"Site do Marcelo Lopes"},"image":{"@id":"https:\/\/marcelolopes.jor.br\/site\/#\/schema\/logo\/image\/"},"sameAs":["https:\/\/www.facebook.com\/sitedomarcelolopes","https:\/\/www.instagram.com\/sitedomarcelolopes\/","https:\/\/www.linkedin.com\/company\/site-do-marcelo-lopes\/","https:\/\/www.youtube.com\/user\/marcelolopes957"]},{"@type":"Person","@id":"https:\/\/marcelolopes.jor.br\/site\/#\/schema\/person\/3e7216a35c34d8fdf952b31da3d1f89f","name":"Marcelo Lopes","sameAs":["http:\/\/www.marcelolopes.jor.br"],"url":"https:\/\/marcelolopes.jor.br\/site\/author\/marcelo\/"}]}},"wps_subtitle":"A previs\u00e3o do governo \u00e9 de que os fundos injetem R$ 30 bilh\u00f5es na economia este ano.","_links":{"self":[{"href":"https:\/\/marcelolopes.jor.br\/site\/wp-json\/wp\/v2\/posts\/4344","targetHints":{"allow":["GET"]}}],"collection":[{"href":"https:\/\/marcelolopes.jor.br\/site\/wp-json\/wp\/v2\/posts"}],"about":[{"href":"https:\/\/marcelolopes.jor.br\/site\/wp-json\/wp\/v2\/types\/post"}],"author":[{"embeddable":true,"href":"https:\/\/marcelolopes.jor.br\/site\/wp-json\/wp\/v2\/users\/2"}],"replies":[{"embeddable":true,"href":"https:\/\/marcelolopes.jor.br\/site\/wp-json\/wp\/v2\/comments?post=4344"}],"version-history":[{"count":0,"href":"https:\/\/marcelolopes.jor.br\/site\/wp-json\/wp\/v2\/posts\/4344\/revisions"}],"wp:featuredmedia":[{"embeddable":true,"href":"https:\/\/marcelolopes.jor.br\/site\/wp-json\/wp\/v2\/media\/68786"}],"wp:attachment":[{"href":"https:\/\/marcelolopes.jor.br\/site\/wp-json\/wp\/v2\/media?parent=4344"}],"wp:term":[{"taxonomy":"category","embeddable":true,"href":"https:\/\/marcelolopes.jor.br\/site\/wp-json\/wp\/v2\/categories?post=4344"},{"taxonomy":"post_tag","embeddable":true,"href":"https:\/\/marcelolopes.jor.br\/site\/wp-json\/wp\/v2\/tags?post=4344"}],"curies":[{"name":"wp","href":"https:\/\/api.w.org\/{rel}","templated":true}]}}