{"id":4255,"date":"2019-08-02T20:00:44","date_gmt":"2019-08-02T23:00:44","guid":{"rendered":"https:\/\/marcelolopes.jor.br\/?p=4255"},"modified":"2019-08-02T18:40:49","modified_gmt":"2019-08-02T21:40:49","slug":"aposentado-morre-esmagado-por-carreta-proximo-a-trevo-em-muriae","status":"publish","type":"post","link":"https:\/\/marcelolopes.jor.br\/site\/2019\/08\/02\/aposentado-morre-esmagado-por-carreta-proximo-a-trevo-em-muriae\/","title":{"rendered":"Aposentado morre esmagado por carreta pr\u00f3ximo a trevo em Muria\u00e9"},"content":{"rendered":"<p style=\"text-align: justify;\">Um idoso morreu na tarde desta sexta-feira, 02 de agosto, ao ser atropelado por uma carreta na BR 116, pr\u00f3ximo ao trevo do Gaspar, em Muria\u00e9, no momento em que atravessava a rodovia com uma bicicleta.<!--more--><\/p>\n<p style=\"text-align: justify;\">As primeiras informa\u00e7\u00f5es d\u00e3o conta que Sebasti\u00e3o Francisco, de 75 anos de idade, conhecido como Gazim, morador do bairro Gaspar, foi atingido por uma carreta que transportava leite enquanto seguia sentido Miradouro.<\/p>\n<p style=\"text-align: justify;\">O choque foi t\u00e3o forte que partes do corpo da v\u00edtima ficaram espalhadas na pista. O motorista do ve\u00edculo ficou em estado de choque ap\u00f3s o acidente e precisou ser amparado por uma equipe do Servi\u00e7o de Atendimento M\u00e9dico de Urg\u00eancia &#8211; SAMU que tamb\u00e9m compareceu na rodovia.<\/p>\n<p style=\"text-align: justify;\">A Pol\u00edcia Rodovi\u00e1ria Federal esteve no local para controlar o tr\u00e2nsito.<\/p>\n<p style=\"text-align: justify;\">Uma equipe da Per\u00edcia T\u00e9cnica da Pol\u00edcia Civil ir\u00e1 apurar as causas do acidente.<\/p>\n<p><img loading=\"lazy\" decoding=\"async\" class=\"aligncenter wp-image-4258 size-medium\" src=\"https:\/\/marcelolopes.jor.br\/site\/wp-content\/uploads\/2019\/08\/03-1-300x225.jpg\" alt=\"\" width=\"300\" height=\"225\" srcset=\"https:\/\/marcelolopes.jor.br\/site\/wp-content\/uploads\/2019\/08\/03-1-300x225.jpg 300w, https:\/\/marcelolopes.jor.br\/site\/wp-content\/uploads\/2019\/08\/03-1.jpg 700w\" sizes=\"auto, (max-width: 300px) 100vw, 300px\" \/><\/p>\n<p style=\"text-align: justify;\"><em>Fonte e fotos: R\u00e1dio Muria\u00e9<\/em><\/p>\n<div class=\"sduwu69f756722a346\" ><br><\/div><style type=\"text\/css\">\r\n@media screen and (min-width: 1201px) {\r\n.sduwu69f756722a346 {\r\ndisplay: block;\r\n}\r\n}\r\n@media screen and (min-width: 993px) and (max-width: 1200px) {\r\n.sduwu69f756722a346 {\r\ndisplay: block;\r\n}\r\n}\r\n@media screen and (min-width: 769px) and (max-width: 992px) {\r\n.sduwu69f756722a346 {\r\ndisplay: block;\r\n}\r\n}\r\n@media screen and (min-width: 768px) and (max-width: 768px) {\r\n.sduwu69f756722a346 {\r\ndisplay: block;\r\n}\r\n}\r\n@media screen and (max-width: 767px) {\r\n.sduwu69f756722a346 {\r\ndisplay: block;\r\n}\r\n}\r\n<\/style>\r\n<div class=\"bvpty69f756722fa98\" ><div id=\"div_destino\"><\/div>\r\n<script src=\"https:\/\/cdn.snsrsv.com\/sdk.js\"><\/script>\r\n<script >\r\n      new sdk(\"464030C30061EA8BE065000000000001\") \r\n          .appendTo(\"div_destino\")\r\n          .disableStyle(true) \r\n          .setCacheBusterMacro(\"%%CACHEBUSTER%%\")\r\n          .setSize(\"800\",\"214\")\r\n          .setClickMacro(\"%%CLICK_URL_ESC%%\") \r\n          .setReferrerUrlMacro(\"%%REFERRER_URL_ESC%%\") \r\n          .start(); \r\n<\/script><\/div><style type=\"text\/css\">\r\n@media screen and (min-width: 1201px) {\r\n.bvpty69f756722fa98 {\r\ndisplay: block;\r\n}\r\n}\r\n@media screen and (min-width: 993px) and (max-width: 1200px) {\r\n.bvpty69f756722fa98 {\r\ndisplay: block;\r\n}\r\n}\r\n@media screen and (min-width: 769px) and (max-width: 992px) {\r\n.bvpty69f756722fa98 {\r\ndisplay: block;\r\n}\r\n}\r\n@media screen and (min-width: 768px) and (max-width: 768px) {\r\n.bvpty69f756722fa98 {\r\ndisplay: block;\r\n}\r\n}\r\n@media screen and (max-width: 767px) {\r\n.bvpty69f756722fa98 {\r\ndisplay: block;\r\n}\r\n}\r\n<\/style>\r\n","protected":false},"excerpt":{"rendered":"<p>Um idoso morreu na tarde desta sexta-feira, 02 de agosto, ao ser atropelado por uma carreta na BR 116, pr\u00f3ximo ao trevo do Gaspar, em Muria\u00e9, no momento em que atravessava a rodovia com uma bicicleta.<\/p>\n","protected":false},"author":2,"featured_media":4257,"comment_status":"open","ping_status":"open","sticky":false,"template":"","format":"standard","meta":{"footnotes":""},"categories":[1],"tags":[124,142,140,54],"class_list":["post-4255","post","type-post","status-publish","format-standard","has-post-thumbnail","hentry","category-noticias","tag-acidente","tag-br-116","tag-carreta","tag-muriae","thumb-below-title"],"yoast_head":"<!-- This site is optimized with the Yoast SEO plugin v27.4 - https:\/\/yoast.com\/product\/yoast-seo-wordpress\/ -->\n<title>Aposentado morre esmagado por carreta pr\u00f3ximo a trevo em Muria\u00e9 | Marcelo Lopes<\/title>\n<meta name=\"robots\" content=\"index, follow, max-snippet:-1, max-image-preview:large, max-video-preview:-1\" \/>\n<link rel=\"canonical\" href=\"https:\/\/marcelolopes.jor.br\/site\/2019\/08\/02\/aposentado-morre-esmagado-por-carreta-proximo-a-trevo-em-muriae\/\" \/>\n<meta property=\"og:locale\" content=\"pt_BR\" \/>\n<meta property=\"og:type\" content=\"article\" \/>\n<meta property=\"og:title\" content=\"Aposentado morre esmagado por carreta pr\u00f3ximo a trevo em Muria\u00e9 | Marcelo Lopes\" \/>\n<meta property=\"og:description\" content=\"Um idoso morreu na tarde desta sexta-feira, 02 de agosto, ao ser atropelado por uma carreta na BR 116, pr\u00f3ximo ao trevo do Gaspar, em Muria\u00e9, no momento em que atravessava a rodovia com uma bicicleta.\" \/>\n<meta property=\"og:url\" content=\"https:\/\/marcelolopes.jor.br\/site\/2019\/08\/02\/aposentado-morre-esmagado-por-carreta-proximo-a-trevo-em-muriae\/\" \/>\n<meta property=\"og:site_name\" content=\"Marcelo Lopes\" \/>\n<meta property=\"article:publisher\" content=\"https:\/\/www.facebook.com\/sitedomarcelolopes\" \/>\n<meta property=\"article:published_time\" content=\"2019-08-02T23:00:44+00:00\" \/>\n<meta property=\"og:image\" content=\"https:\/\/marcelolopes.jor.br\/site\/wp-content\/uploads\/2019\/08\/29fff705c2fc4bd1df8b02f4fa561fc6.CAPA-1.jpg\" \/>\n\t<meta property=\"og:image:width\" content=\"600\" \/>\n\t<meta property=\"og:image:height\" content=\"449\" \/>\n\t<meta property=\"og:image:type\" content=\"image\/jpeg\" \/>\n<meta name=\"author\" content=\"Marcelo Lopes\" \/>\n<meta name=\"twitter:card\" content=\"summary_large_image\" \/>\n<meta name=\"twitter:label1\" content=\"Escrito por\" \/>\n\t<meta name=\"twitter:data1\" content=\"Marcelo Lopes\" \/>\n\t<meta name=\"twitter:label2\" content=\"Est. tempo de leitura\" \/>\n\t<meta name=\"twitter:data2\" content=\"1 minuto\" \/>\n<script type=\"application\/ld+json\" class=\"yoast-schema-graph\">{\"@context\":\"https:\\\/\\\/schema.org\",\"@graph\":[{\"@type\":\"NewsArticle\",\"@id\":\"https:\\\/\\\/marcelolopes.jor.br\\\/site\\\/2019\\\/08\\\/02\\\/aposentado-morre-esmagado-por-carreta-proximo-a-trevo-em-muriae\\\/#article\",\"isPartOf\":{\"@id\":\"https:\\\/\\\/marcelolopes.jor.br\\\/site\\\/2019\\\/08\\\/02\\\/aposentado-morre-esmagado-por-carreta-proximo-a-trevo-em-muriae\\\/\"},\"author\":{\"name\":\"Marcelo Lopes\",\"@id\":\"https:\\\/\\\/marcelolopes.jor.br\\\/site\\\/#\\\/schema\\\/person\\\/3e7216a35c34d8fdf952b31da3d1f89f\"},\"headline\":\"Aposentado morre esmagado por carreta pr\u00f3ximo a trevo em Muria\u00e9\",\"datePublished\":\"2019-08-02T23:00:44+00:00\",\"mainEntityOfPage\":{\"@id\":\"https:\\\/\\\/marcelolopes.jor.br\\\/site\\\/2019\\\/08\\\/02\\\/aposentado-morre-esmagado-por-carreta-proximo-a-trevo-em-muriae\\\/\"},\"wordCount\":173,\"commentCount\":0,\"publisher\":{\"@id\":\"https:\\\/\\\/marcelolopes.jor.br\\\/site\\\/#organization\"},\"image\":{\"@id\":\"https:\\\/\\\/marcelolopes.jor.br\\\/site\\\/2019\\\/08\\\/02\\\/aposentado-morre-esmagado-por-carreta-proximo-a-trevo-em-muriae\\\/#primaryimage\"},\"thumbnailUrl\":\"https:\\\/\\\/marcelolopes.jor.br\\\/site\\\/wp-content\\\/uploads\\\/2019\\\/08\\\/29fff705c2fc4bd1df8b02f4fa561fc6.CAPA-1.jpg\",\"keywords\":[\"acidente\",\"BR-116\",\"carreta\",\"Muria\u00e9\"],\"articleSection\":[\"Not\u00edcias\"],\"inLanguage\":\"pt-BR\",\"potentialAction\":[{\"@type\":\"CommentAction\",\"name\":\"Comment\",\"target\":[\"https:\\\/\\\/marcelolopes.jor.br\\\/site\\\/2019\\\/08\\\/02\\\/aposentado-morre-esmagado-por-carreta-proximo-a-trevo-em-muriae\\\/#respond\"]}]},{\"@type\":\"WebPage\",\"@id\":\"https:\\\/\\\/marcelolopes.jor.br\\\/site\\\/2019\\\/08\\\/02\\\/aposentado-morre-esmagado-por-carreta-proximo-a-trevo-em-muriae\\\/\",\"url\":\"https:\\\/\\\/marcelolopes.jor.br\\\/site\\\/2019\\\/08\\\/02\\\/aposentado-morre-esmagado-por-carreta-proximo-a-trevo-em-muriae\\\/\",\"name\":\"Aposentado morre esmagado por carreta pr\u00f3ximo a trevo em Muria\u00e9 | Marcelo Lopes\",\"isPartOf\":{\"@id\":\"https:\\\/\\\/marcelolopes.jor.br\\\/site\\\/#website\"},\"primaryImageOfPage\":{\"@id\":\"https:\\\/\\\/marcelolopes.jor.br\\\/site\\\/2019\\\/08\\\/02\\\/aposentado-morre-esmagado-por-carreta-proximo-a-trevo-em-muriae\\\/#primaryimage\"},\"image\":{\"@id\":\"https:\\\/\\\/marcelolopes.jor.br\\\/site\\\/2019\\\/08\\\/02\\\/aposentado-morre-esmagado-por-carreta-proximo-a-trevo-em-muriae\\\/#primaryimage\"},\"thumbnailUrl\":\"https:\\\/\\\/marcelolopes.jor.br\\\/site\\\/wp-content\\\/uploads\\\/2019\\\/08\\\/29fff705c2fc4bd1df8b02f4fa561fc6.CAPA-1.jpg\",\"datePublished\":\"2019-08-02T23:00:44+00:00\",\"breadcrumb\":{\"@id\":\"https:\\\/\\\/marcelolopes.jor.br\\\/site\\\/2019\\\/08\\\/02\\\/aposentado-morre-esmagado-por-carreta-proximo-a-trevo-em-muriae\\\/#breadcrumb\"},\"inLanguage\":\"pt-BR\",\"potentialAction\":[{\"@type\":\"ReadAction\",\"target\":[\"https:\\\/\\\/marcelolopes.jor.br\\\/site\\\/2019\\\/08\\\/02\\\/aposentado-morre-esmagado-por-carreta-proximo-a-trevo-em-muriae\\\/\"]}]},{\"@type\":\"ImageObject\",\"inLanguage\":\"pt-BR\",\"@id\":\"https:\\\/\\\/marcelolopes.jor.br\\\/site\\\/2019\\\/08\\\/02\\\/aposentado-morre-esmagado-por-carreta-proximo-a-trevo-em-muriae\\\/#primaryimage\",\"url\":\"https:\\\/\\\/marcelolopes.jor.br\\\/site\\\/wp-content\\\/uploads\\\/2019\\\/08\\\/29fff705c2fc4bd1df8b02f4fa561fc6.CAPA-1.jpg\",\"contentUrl\":\"https:\\\/\\\/marcelolopes.jor.br\\\/site\\\/wp-content\\\/uploads\\\/2019\\\/08\\\/29fff705c2fc4bd1df8b02f4fa561fc6.CAPA-1.jpg\",\"width\":600,\"height\":449},{\"@type\":\"BreadcrumbList\",\"@id\":\"https:\\\/\\\/marcelolopes.jor.br\\\/site\\\/2019\\\/08\\\/02\\\/aposentado-morre-esmagado-por-carreta-proximo-a-trevo-em-muriae\\\/#breadcrumb\",\"itemListElement\":[{\"@type\":\"ListItem\",\"position\":1,\"name\":\"Home\",\"item\":\"https:\\\/\\\/marcelolopes.jor.br\\\/site\\\/\"},{\"@type\":\"ListItem\",\"position\":2,\"name\":\"Aposentado morre esmagado por carreta pr\u00f3ximo a trevo em Muria\u00e9\"}]},{\"@type\":\"WebSite\",\"@id\":\"https:\\\/\\\/marcelolopes.jor.br\\\/site\\\/#website\",\"url\":\"https:\\\/\\\/marcelolopes.jor.br\\\/site\\\/\",\"name\":\"Marcelo Lopes\",\"description\":\"Not\u00edcias de Cataguases e Regi\u00e3o\",\"publisher\":{\"@id\":\"https:\\\/\\\/marcelolopes.jor.br\\\/site\\\/#organization\"},\"potentialAction\":[{\"@type\":\"SearchAction\",\"target\":{\"@type\":\"EntryPoint\",\"urlTemplate\":\"https:\\\/\\\/marcelolopes.jor.br\\\/site\\\/?s={search_term_string}\"},\"query-input\":{\"@type\":\"PropertyValueSpecification\",\"valueRequired\":true,\"valueName\":\"search_term_string\"}}],\"inLanguage\":\"pt-BR\"},{\"@type\":\"Organization\",\"@id\":\"https:\\\/\\\/marcelolopes.jor.br\\\/site\\\/#organization\",\"name\":\"Site do Marcelo Lopes\",\"url\":\"https:\\\/\\\/marcelolopes.jor.br\\\/site\\\/\",\"logo\":{\"@type\":\"ImageObject\",\"inLanguage\":\"pt-BR\",\"@id\":\"https:\\\/\\\/marcelolopes.jor.br\\\/site\\\/#\\\/schema\\\/logo\\\/image\\\/\",\"url\":\"https:\\\/\\\/marcelolopes.jor.br\\\/site\\\/wp-content\\\/uploads\\\/2024\\\/11\\\/logo-1.png\",\"contentUrl\":\"https:\\\/\\\/marcelolopes.jor.br\\\/site\\\/wp-content\\\/uploads\\\/2024\\\/11\\\/logo-1.png\",\"width\":475,\"height\":80,\"caption\":\"Site do Marcelo Lopes\"},\"image\":{\"@id\":\"https:\\\/\\\/marcelolopes.jor.br\\\/site\\\/#\\\/schema\\\/logo\\\/image\\\/\"},\"sameAs\":[\"https:\\\/\\\/www.facebook.com\\\/sitedomarcelolopes\",\"https:\\\/\\\/www.instagram.com\\\/sitedomarcelolopes\\\/\",\"https:\\\/\\\/www.linkedin.com\\\/company\\\/site-do-marcelo-lopes\\\/\",\"https:\\\/\\\/www.youtube.com\\\/user\\\/marcelolopes957\"]},{\"@type\":\"Person\",\"@id\":\"https:\\\/\\\/marcelolopes.jor.br\\\/site\\\/#\\\/schema\\\/person\\\/3e7216a35c34d8fdf952b31da3d1f89f\",\"name\":\"Marcelo Lopes\",\"sameAs\":[\"http:\\\/\\\/www.marcelolopes.jor.br\"],\"url\":\"https:\\\/\\\/marcelolopes.jor.br\\\/site\\\/author\\\/marcelo\\\/\"}]}<\/script>\n<!-- \/ Yoast SEO plugin. -->","yoast_head_json":{"title":"Aposentado morre esmagado por carreta pr\u00f3ximo a trevo em Muria\u00e9 | Marcelo Lopes","robots":{"index":"index","follow":"follow","max-snippet":"max-snippet:-1","max-image-preview":"max-image-preview:large","max-video-preview":"max-video-preview:-1"},"canonical":"https:\/\/marcelolopes.jor.br\/site\/2019\/08\/02\/aposentado-morre-esmagado-por-carreta-proximo-a-trevo-em-muriae\/","og_locale":"pt_BR","og_type":"article","og_title":"Aposentado morre esmagado por carreta pr\u00f3ximo a trevo em Muria\u00e9 | Marcelo Lopes","og_description":"Um idoso morreu na tarde desta sexta-feira, 02 de agosto, ao ser atropelado por uma carreta na BR 116, pr\u00f3ximo ao trevo do Gaspar, em Muria\u00e9, no momento em que atravessava a rodovia com uma bicicleta.","og_url":"https:\/\/marcelolopes.jor.br\/site\/2019\/08\/02\/aposentado-morre-esmagado-por-carreta-proximo-a-trevo-em-muriae\/","og_site_name":"Marcelo Lopes","article_publisher":"https:\/\/www.facebook.com\/sitedomarcelolopes","article_published_time":"2019-08-02T23:00:44+00:00","og_image":[{"width":600,"height":449,"url":"https:\/\/marcelolopes.jor.br\/site\/wp-content\/uploads\/2019\/08\/29fff705c2fc4bd1df8b02f4fa561fc6.CAPA-1.jpg","type":"image\/jpeg"}],"author":"Marcelo Lopes","twitter_card":"summary_large_image","twitter_misc":{"Escrito por":"Marcelo Lopes","Est. tempo de leitura":"1 minuto"},"schema":{"@context":"https:\/\/schema.org","@graph":[{"@type":"NewsArticle","@id":"https:\/\/marcelolopes.jor.br\/site\/2019\/08\/02\/aposentado-morre-esmagado-por-carreta-proximo-a-trevo-em-muriae\/#article","isPartOf":{"@id":"https:\/\/marcelolopes.jor.br\/site\/2019\/08\/02\/aposentado-morre-esmagado-por-carreta-proximo-a-trevo-em-muriae\/"},"author":{"name":"Marcelo Lopes","@id":"https:\/\/marcelolopes.jor.br\/site\/#\/schema\/person\/3e7216a35c34d8fdf952b31da3d1f89f"},"headline":"Aposentado morre esmagado por carreta pr\u00f3ximo a trevo em Muria\u00e9","datePublished":"2019-08-02T23:00:44+00:00","mainEntityOfPage":{"@id":"https:\/\/marcelolopes.jor.br\/site\/2019\/08\/02\/aposentado-morre-esmagado-por-carreta-proximo-a-trevo-em-muriae\/"},"wordCount":173,"commentCount":0,"publisher":{"@id":"https:\/\/marcelolopes.jor.br\/site\/#organization"},"image":{"@id":"https:\/\/marcelolopes.jor.br\/site\/2019\/08\/02\/aposentado-morre-esmagado-por-carreta-proximo-a-trevo-em-muriae\/#primaryimage"},"thumbnailUrl":"https:\/\/marcelolopes.jor.br\/site\/wp-content\/uploads\/2019\/08\/29fff705c2fc4bd1df8b02f4fa561fc6.CAPA-1.jpg","keywords":["acidente","BR-116","carreta","Muria\u00e9"],"articleSection":["Not\u00edcias"],"inLanguage":"pt-BR","potentialAction":[{"@type":"CommentAction","name":"Comment","target":["https:\/\/marcelolopes.jor.br\/site\/2019\/08\/02\/aposentado-morre-esmagado-por-carreta-proximo-a-trevo-em-muriae\/#respond"]}]},{"@type":"WebPage","@id":"https:\/\/marcelolopes.jor.br\/site\/2019\/08\/02\/aposentado-morre-esmagado-por-carreta-proximo-a-trevo-em-muriae\/","url":"https:\/\/marcelolopes.jor.br\/site\/2019\/08\/02\/aposentado-morre-esmagado-por-carreta-proximo-a-trevo-em-muriae\/","name":"Aposentado morre esmagado por carreta pr\u00f3ximo a trevo em Muria\u00e9 | Marcelo Lopes","isPartOf":{"@id":"https:\/\/marcelolopes.jor.br\/site\/#website"},"primaryImageOfPage":{"@id":"https:\/\/marcelolopes.jor.br\/site\/2019\/08\/02\/aposentado-morre-esmagado-por-carreta-proximo-a-trevo-em-muriae\/#primaryimage"},"image":{"@id":"https:\/\/marcelolopes.jor.br\/site\/2019\/08\/02\/aposentado-morre-esmagado-por-carreta-proximo-a-trevo-em-muriae\/#primaryimage"},"thumbnailUrl":"https:\/\/marcelolopes.jor.br\/site\/wp-content\/uploads\/2019\/08\/29fff705c2fc4bd1df8b02f4fa561fc6.CAPA-1.jpg","datePublished":"2019-08-02T23:00:44+00:00","breadcrumb":{"@id":"https:\/\/marcelolopes.jor.br\/site\/2019\/08\/02\/aposentado-morre-esmagado-por-carreta-proximo-a-trevo-em-muriae\/#breadcrumb"},"inLanguage":"pt-BR","potentialAction":[{"@type":"ReadAction","target":["https:\/\/marcelolopes.jor.br\/site\/2019\/08\/02\/aposentado-morre-esmagado-por-carreta-proximo-a-trevo-em-muriae\/"]}]},{"@type":"ImageObject","inLanguage":"pt-BR","@id":"https:\/\/marcelolopes.jor.br\/site\/2019\/08\/02\/aposentado-morre-esmagado-por-carreta-proximo-a-trevo-em-muriae\/#primaryimage","url":"https:\/\/marcelolopes.jor.br\/site\/wp-content\/uploads\/2019\/08\/29fff705c2fc4bd1df8b02f4fa561fc6.CAPA-1.jpg","contentUrl":"https:\/\/marcelolopes.jor.br\/site\/wp-content\/uploads\/2019\/08\/29fff705c2fc4bd1df8b02f4fa561fc6.CAPA-1.jpg","width":600,"height":449},{"@type":"BreadcrumbList","@id":"https:\/\/marcelolopes.jor.br\/site\/2019\/08\/02\/aposentado-morre-esmagado-por-carreta-proximo-a-trevo-em-muriae\/#breadcrumb","itemListElement":[{"@type":"ListItem","position":1,"name":"Home","item":"https:\/\/marcelolopes.jor.br\/site\/"},{"@type":"ListItem","position":2,"name":"Aposentado morre esmagado por carreta pr\u00f3ximo a trevo em Muria\u00e9"}]},{"@type":"WebSite","@id":"https:\/\/marcelolopes.jor.br\/site\/#website","url":"https:\/\/marcelolopes.jor.br\/site\/","name":"Marcelo Lopes","description":"Not\u00edcias de Cataguases e Regi\u00e3o","publisher":{"@id":"https:\/\/marcelolopes.jor.br\/site\/#organization"},"potentialAction":[{"@type":"SearchAction","target":{"@type":"EntryPoint","urlTemplate":"https:\/\/marcelolopes.jor.br\/site\/?s={search_term_string}"},"query-input":{"@type":"PropertyValueSpecification","valueRequired":true,"valueName":"search_term_string"}}],"inLanguage":"pt-BR"},{"@type":"Organization","@id":"https:\/\/marcelolopes.jor.br\/site\/#organization","name":"Site do Marcelo Lopes","url":"https:\/\/marcelolopes.jor.br\/site\/","logo":{"@type":"ImageObject","inLanguage":"pt-BR","@id":"https:\/\/marcelolopes.jor.br\/site\/#\/schema\/logo\/image\/","url":"https:\/\/marcelolopes.jor.br\/site\/wp-content\/uploads\/2024\/11\/logo-1.png","contentUrl":"https:\/\/marcelolopes.jor.br\/site\/wp-content\/uploads\/2024\/11\/logo-1.png","width":475,"height":80,"caption":"Site do Marcelo Lopes"},"image":{"@id":"https:\/\/marcelolopes.jor.br\/site\/#\/schema\/logo\/image\/"},"sameAs":["https:\/\/www.facebook.com\/sitedomarcelolopes","https:\/\/www.instagram.com\/sitedomarcelolopes\/","https:\/\/www.linkedin.com\/company\/site-do-marcelo-lopes\/","https:\/\/www.youtube.com\/user\/marcelolopes957"]},{"@type":"Person","@id":"https:\/\/marcelolopes.jor.br\/site\/#\/schema\/person\/3e7216a35c34d8fdf952b31da3d1f89f","name":"Marcelo Lopes","sameAs":["http:\/\/www.marcelolopes.jor.br"],"url":"https:\/\/marcelolopes.jor.br\/site\/author\/marcelo\/"}]}},"wps_subtitle":"Acidente aconteceu na \u00e1rea urbana da BR-116. Motorista ficou em estado de choque.","_links":{"self":[{"href":"https:\/\/marcelolopes.jor.br\/site\/wp-json\/wp\/v2\/posts\/4255","targetHints":{"allow":["GET"]}}],"collection":[{"href":"https:\/\/marcelolopes.jor.br\/site\/wp-json\/wp\/v2\/posts"}],"about":[{"href":"https:\/\/marcelolopes.jor.br\/site\/wp-json\/wp\/v2\/types\/post"}],"author":[{"embeddable":true,"href":"https:\/\/marcelolopes.jor.br\/site\/wp-json\/wp\/v2\/users\/2"}],"replies":[{"embeddable":true,"href":"https:\/\/marcelolopes.jor.br\/site\/wp-json\/wp\/v2\/comments?post=4255"}],"version-history":[{"count":0,"href":"https:\/\/marcelolopes.jor.br\/site\/wp-json\/wp\/v2\/posts\/4255\/revisions"}],"wp:featuredmedia":[{"embeddable":true,"href":"https:\/\/marcelolopes.jor.br\/site\/wp-json\/wp\/v2\/media\/4257"}],"wp:attachment":[{"href":"https:\/\/marcelolopes.jor.br\/site\/wp-json\/wp\/v2\/media?parent=4255"}],"wp:term":[{"taxonomy":"category","embeddable":true,"href":"https:\/\/marcelolopes.jor.br\/site\/wp-json\/wp\/v2\/categories?post=4255"},{"taxonomy":"post_tag","embeddable":true,"href":"https:\/\/marcelolopes.jor.br\/site\/wp-json\/wp\/v2\/tags?post=4255"}],"curies":[{"name":"wp","href":"https:\/\/api.w.org\/{rel}","templated":true}]}}