{"id":4234,"date":"2019-08-02T12:00:08","date_gmt":"2019-08-02T15:00:08","guid":{"rendered":"https:\/\/marcelolopes.jor.br\/?p=4234"},"modified":"2022-09-08T14:41:01","modified_gmt":"2022-09-08T17:41:01","slug":"comeca-terca-feira-o-encontro-internacional-de-palhacas-e-palhacos-de-todo-o-canto-em-cataguases","status":"publish","type":"post","link":"https:\/\/marcelolopes.jor.br\/site\/2019\/08\/02\/comeca-terca-feira-o-encontro-internacional-de-palhacas-e-palhacos-de-todo-o-canto-em-cataguases\/","title":{"rendered":"Come\u00e7a ter\u00e7a-feira o Encontro Internacional de Palha\u00e7as e Palha\u00e7os de Todo o Canto"},"content":{"rendered":"<p style=\"text-align: justify;\">Entre os dias 06 e 10 de agosto vai acontecer o 3\u00ba Encontro Internacional de Palha\u00e7as e Palha\u00e7os de Todo Canto em Cataguases. O evento vai contar com diversas atra\u00e7\u00f5es em uma programa\u00e7\u00e3o variada e divertida. De acordo com Marco Andrade, organizador do Encontro e um dos palha\u00e7os participantes, &#8220;vamos reunir muita gente linda nesse evento e profissionais reconhecidos no meio&#8221;, conta. Palha\u00e7os e palha\u00e7as da Argentina, Uruguai e Col\u00f4mbia tamb\u00e9m v\u00e3o se apresentar, acrescentou.<!--more--><\/p>\n<p style=\"text-align: justify;\"><img loading=\"lazy\" decoding=\"async\" class=\"aligncenter wp-image-4237 size-medium\" src=\"https:\/\/marcelolopes.jor.br\/site\/wp-content\/uploads\/2019\/08\/36990025_246506832625888_3818082246603046912_n-300x200.jpg\" alt=\"Come\u00e7a ter\u00e7a-feira o\" width=\"300\" height=\"200\" srcset=\"https:\/\/marcelolopes.jor.br\/site\/wp-content\/uploads\/2019\/08\/36990025_246506832625888_3818082246603046912_n-300x200.jpg 300w, https:\/\/marcelolopes.jor.br\/site\/wp-content\/uploads\/2019\/08\/36990025_246506832625888_3818082246603046912_n-768x512.jpg 768w, https:\/\/marcelolopes.jor.br\/site\/wp-content\/uploads\/2019\/08\/36990025_246506832625888_3818082246603046912_n.jpg 960w\" sizes=\"auto, (max-width: 300px) 100vw, 300px\" \/>O 3\u00ba Encontro Internacional de Palha\u00e7as e Palha\u00e7os de Todo Canto em Cataguases, tem o patroc\u00ednio master da Energisa e tamb\u00e9m da Cinta Moderna e H2O, parceiros desde o primeiro encontro, al\u00e9m do Apoio Cultural da Funda\u00e7\u00e3o Ormeo Junqueira Botelho, da F\u00e1brica do Futuro e do Polo Audiovisual da Zona da Mata, lembra Marco Andrade. Ele revela tamb\u00e9m que os espet\u00e1culos v\u00e3o acontecer durante o dia voltados para escolas de Cataguases com entrada franca para os eventos abertos ao p\u00fablico. Neste caso, informa, ser\u00e1 preciso que o interessado retire uma senha no Centro Cultural Humberto Mauro que lhe dar\u00e1 acesso ao evento. &#8220;As senhas ser\u00e3o distribu\u00eddas nos dias dos espet\u00e1culos&#8221;, revela Marquinho (foto abaixo).<\/p>\n<p style=\"text-align: justify;\"><img loading=\"lazy\" decoding=\"async\" class=\"aligncenter wp-image-4239\" src=\"https:\/\/marcelolopes.jor.br\/site\/wp-content\/uploads\/2019\/08\/37079267_248241249119113_8929811541864218624_n-200x300.jpg\" alt=\"\" width=\"300\" height=\"450\" srcset=\"https:\/\/marcelolopes.jor.br\/site\/wp-content\/uploads\/2019\/08\/37079267_248241249119113_8929811541864218624_n-200x300.jpg 200w, https:\/\/marcelolopes.jor.br\/site\/wp-content\/uploads\/2019\/08\/37079267_248241249119113_8929811541864218624_n.jpg 640w\" sizes=\"auto, (max-width: 300px) 100vw, 300px\" \/>No \u00faltimo dia, 10 de agosto, haver\u00e1 um show de m\u00fasica com Dudu Lima Trio e Toninho Horta, que vai acontecer no Anfiteatro Ivan M\u00fcller Botelho. Quem j\u00e1 viu garante ser um emocionante encontro no palco de duas gera\u00e7\u00f5es da m\u00fasica brasileira. A parceria musical que resultou nesse projeto especial na carreira dos dois artistas, iniciou-se em 2010 com participa\u00e7\u00e3o especial de Toninho Horta no \u00e1lbum: \u201cDudu Lima &#8211; Cordas Mineiras\u201d (lan\u00e7ado em CD e DVD). A partir da\u00ed, desenvolveram uma intensa qu\u00edmica musical apresentada nos shows ao vivo que tem feito nesse formato pa\u00eds afora. A noite ter\u00e1 como convidado especial o pianista, arranjador e compositor Dudu Viana, nascido em Cataguases e radicado no Rio de Janeiro, onde faz uma brilhante carreira, reconhecido como um grande nome da cena contempor\u00e2nea instrumental brasileira.<\/p>\n<p>A entrada tamb\u00e9m ser\u00e1 gratuita e quem quiser assistir ao show dever\u00e1 retirar a senha no Centro Cultural Humberto Mauro, de 8h \u00e0s 11:30h e de 13h \u00e0s 17:30h.<\/p>\n<p>Confira abaixo a programa\u00e7\u00e3o completa do Encontro e n\u00e3o perca este encontro que promete ser super divertido.<\/p>\n<p><img loading=\"lazy\" decoding=\"async\" class=\"aligncenter wp-image-4236\" src=\"https:\/\/marcelolopes.jor.br\/site\/wp-content\/uploads\/2019\/08\/Flyer-encontro-de-palha\u00e7os-versoweb-210x300.jpg\" alt=\"Come\u00e7a ter\u00e7a-feira o\" width=\"400\" height=\"571\" srcset=\"https:\/\/marcelolopes.jor.br\/site\/wp-content\/uploads\/2019\/08\/Flyer-encontro-de-palha\u00e7os-versoweb-210x300.jpg 210w, https:\/\/marcelolopes.jor.br\/site\/wp-content\/uploads\/2019\/08\/Flyer-encontro-de-palha\u00e7os-versoweb-768x1095.jpg 768w, https:\/\/marcelolopes.jor.br\/site\/wp-content\/uploads\/2019\/08\/Flyer-encontro-de-palha\u00e7os-versoweb-718x1024.jpg 718w, https:\/\/marcelolopes.jor.br\/site\/wp-content\/uploads\/2019\/08\/Flyer-encontro-de-palha\u00e7os-versoweb-841x1200.jpg 841w\" sizes=\"auto, (max-width: 400px) 100vw, 400px\" \/><\/p>\n<p><img loading=\"lazy\" decoding=\"async\" class=\"aligncenter wp-image-4240\" src=\"https:\/\/marcelolopes.jor.br\/site\/wp-content\/uploads\/2019\/08\/37005725_246506159292622_1225442130479022080_n-300x200.jpg\" alt=\"Come\u00e7a ter\u00e7a-feira o\" width=\"400\" height=\"267\" srcset=\"https:\/\/marcelolopes.jor.br\/site\/wp-content\/uploads\/2019\/08\/37005725_246506159292622_1225442130479022080_n-300x200.jpg 300w, https:\/\/marcelolopes.jor.br\/site\/wp-content\/uploads\/2019\/08\/37005725_246506159292622_1225442130479022080_n-768x512.jpg 768w, https:\/\/marcelolopes.jor.br\/site\/wp-content\/uploads\/2019\/08\/37005725_246506159292622_1225442130479022080_n.jpg 960w\" sizes=\"auto, (max-width: 400px) 100vw, 400px\" \/><\/p>\n<p><img loading=\"lazy\" decoding=\"async\" class=\"aligncenter wp-image-4242\" src=\"https:\/\/marcelolopes.jor.br\/site\/wp-content\/uploads\/2019\/08\/Circo-Valise-oficial-300x197.jpg\" alt=\"\" width=\"400\" height=\"262\" srcset=\"https:\/\/marcelolopes.jor.br\/site\/wp-content\/uploads\/2019\/08\/Circo-Valise-oficial-300x197.jpg 300w, https:\/\/marcelolopes.jor.br\/site\/wp-content\/uploads\/2019\/08\/Circo-Valise-oficial-768x503.jpg 768w, https:\/\/marcelolopes.jor.br\/site\/wp-content\/uploads\/2019\/08\/Circo-Valise-oficial.jpg 800w\" sizes=\"auto, (max-width: 400px) 100vw, 400px\" \/><\/p>\n<p><img loading=\"lazy\" decoding=\"async\" class=\"aligncenter wp-image-4243\" src=\"https:\/\/marcelolopes.jor.br\/site\/wp-content\/uploads\/2019\/08\/Daniel-Satin-300x215.jpg\" alt=\"\" width=\"400\" height=\"286\" srcset=\"https:\/\/marcelolopes.jor.br\/site\/wp-content\/uploads\/2019\/08\/Daniel-Satin-300x215.jpg 300w, https:\/\/marcelolopes.jor.br\/site\/wp-content\/uploads\/2019\/08\/Daniel-Satin-768x549.jpg 768w, https:\/\/marcelolopes.jor.br\/site\/wp-content\/uploads\/2019\/08\/Daniel-Satin.jpg 892w\" sizes=\"auto, (max-width: 400px) 100vw, 400px\" \/><\/p>\n<div class=\"lliwb69f7262f61513\" ><br><\/div><style type=\"text\/css\">\r\n@media screen and (min-width: 1201px) {\r\n.lliwb69f7262f61513 {\r\ndisplay: block;\r\n}\r\n}\r\n@media screen and (min-width: 993px) and (max-width: 1200px) {\r\n.lliwb69f7262f61513 {\r\ndisplay: block;\r\n}\r\n}\r\n@media screen and (min-width: 769px) and (max-width: 992px) {\r\n.lliwb69f7262f61513 {\r\ndisplay: block;\r\n}\r\n}\r\n@media screen and (min-width: 768px) and (max-width: 768px) {\r\n.lliwb69f7262f61513 {\r\ndisplay: block;\r\n}\r\n}\r\n@media screen and (max-width: 767px) {\r\n.lliwb69f7262f61513 {\r\ndisplay: block;\r\n}\r\n}\r\n<\/style>\r\n<div class=\"leyfb69f7262f6710e\" ><div id=\"div_destino\"><\/div>\r\n<script src=\"https:\/\/cdn.snsrsv.com\/sdk.js\"><\/script>\r\n<script >\r\n      new sdk(\"464030C30061EA8BE065000000000001\") \r\n          .appendTo(\"div_destino\")\r\n          .disableStyle(true) \r\n          .setCacheBusterMacro(\"%%CACHEBUSTER%%\")\r\n          .setSize(\"800\",\"214\")\r\n          .setClickMacro(\"%%CLICK_URL_ESC%%\") \r\n          .setReferrerUrlMacro(\"%%REFERRER_URL_ESC%%\") \r\n          .start(); \r\n<\/script><\/div><style type=\"text\/css\">\r\n@media screen and (min-width: 1201px) {\r\n.leyfb69f7262f6710e {\r\ndisplay: block;\r\n}\r\n}\r\n@media screen and (min-width: 993px) and (max-width: 1200px) {\r\n.leyfb69f7262f6710e {\r\ndisplay: block;\r\n}\r\n}\r\n@media screen and (min-width: 769px) and (max-width: 992px) {\r\n.leyfb69f7262f6710e {\r\ndisplay: block;\r\n}\r\n}\r\n@media screen and (min-width: 768px) and (max-width: 768px) {\r\n.leyfb69f7262f6710e {\r\ndisplay: block;\r\n}\r\n}\r\n@media screen and (max-width: 767px) {\r\n.leyfb69f7262f6710e {\r\ndisplay: block;\r\n}\r\n}\r\n<\/style>\r\n","protected":false},"excerpt":{"rendered":"<p>Entre os dias 06 e 10 de agosto vai acontecer o 3\u00ba Encontro Internacional de Palha\u00e7as e Palha\u00e7os de Todo Canto em Cataguases. O evento vai contar com diversas atra\u00e7\u00f5es em uma programa\u00e7\u00e3o variada e divertida. De acordo com Marco<\/p>\n<p class=\"link-more\"><a class=\"more-link\" href=\"https:\/\/marcelolopes.jor.br\/site\/2019\/08\/02\/comeca-terca-feira-o-encontro-internacional-de-palhacas-e-palhacos-de-todo-o-canto-em-cataguases\/\">Leia mais <span class=\"screen-reader-text\">Come\u00e7a ter\u00e7a-feira o Encontro Internacional de Palha\u00e7as e Palha\u00e7os de Todo o Canto<\/span><\/a><\/p>\n","protected":false},"author":2,"featured_media":4238,"comment_status":"open","ping_status":"open","sticky":false,"template":"","format":"standard","meta":{"footnotes":""},"categories":[1],"tags":[916,394,914,915],"class_list":["post-4234","post","type-post","status-publish","format-standard","has-post-thumbnail","hentry","category-noticias","tag-criancas","tag-encontro","tag-palhacas","tag-palhacos","thumb-below-title"],"yoast_head":"<!-- This site is optimized with the Yoast SEO plugin v27.4 - https:\/\/yoast.com\/product\/yoast-seo-wordpress\/ -->\n<title>Come\u00e7a ter\u00e7a-feira o Encontro de Palha\u00e7as e Palha\u00e7os<\/title>\n<meta name=\"description\" content=\"Come\u00e7a ter\u00e7a-feira o Encontro de Palha\u00e7as e Palha\u00e7os. Evento est\u00e1 em sua terceira edi\u00e7\u00e3o e \u00e9 sucesso de p\u00fablico.\" \/>\n<meta name=\"robots\" content=\"index, follow, max-snippet:-1, max-image-preview:large, max-video-preview:-1\" \/>\n<link rel=\"canonical\" href=\"https:\/\/marcelolopes.jor.br\/site\/2019\/08\/02\/comeca-terca-feira-o-encontro-internacional-de-palhacas-e-palhacos-de-todo-o-canto-em-cataguases\/\" \/>\n<meta property=\"og:locale\" content=\"pt_BR\" \/>\n<meta property=\"og:type\" content=\"article\" \/>\n<meta property=\"og:title\" content=\"Come\u00e7a ter\u00e7a-feira o Encontro de Palha\u00e7as e Palha\u00e7os\" \/>\n<meta property=\"og:description\" content=\"Come\u00e7a ter\u00e7a-feira o Encontro de Palha\u00e7as e Palha\u00e7os. Evento est\u00e1 em sua terceira edi\u00e7\u00e3o e \u00e9 sucesso de p\u00fablico.\" \/>\n<meta property=\"og:url\" content=\"https:\/\/marcelolopes.jor.br\/site\/2019\/08\/02\/comeca-terca-feira-o-encontro-internacional-de-palhacas-e-palhacos-de-todo-o-canto-em-cataguases\/\" \/>\n<meta property=\"og:site_name\" content=\"Marcelo Lopes\" \/>\n<meta property=\"article:publisher\" content=\"https:\/\/www.facebook.com\/sitedomarcelolopes\" \/>\n<meta property=\"article:published_time\" content=\"2019-08-02T15:00:08+00:00\" \/>\n<meta property=\"article:modified_time\" content=\"2022-09-08T17:41:01+00:00\" \/>\n<meta property=\"og:image\" content=\"https:\/\/marcelolopes.jor.br\/site\/wp-content\/uploads\/2019\/08\/36930974_243487412927830_5610226886379569152_n.jpg\" \/>\n\t<meta property=\"og:image:width\" content=\"960\" \/>\n\t<meta property=\"og:image:height\" content=\"640\" \/>\n\t<meta property=\"og:image:type\" content=\"image\/jpeg\" \/>\n<meta name=\"author\" content=\"Marcelo Lopes\" \/>\n<meta name=\"twitter:card\" content=\"summary_large_image\" \/>\n<meta name=\"twitter:label1\" content=\"Escrito por\" \/>\n\t<meta name=\"twitter:data1\" content=\"Marcelo Lopes\" \/>\n\t<meta name=\"twitter:label2\" content=\"Est. tempo de leitura\" \/>\n\t<meta name=\"twitter:data2\" content=\"2 minutos\" \/>\n<script type=\"application\/ld+json\" class=\"yoast-schema-graph\">{\"@context\":\"https:\\\/\\\/schema.org\",\"@graph\":[{\"@type\":\"NewsArticle\",\"@id\":\"https:\\\/\\\/marcelolopes.jor.br\\\/site\\\/2019\\\/08\\\/02\\\/comeca-terca-feira-o-encontro-internacional-de-palhacas-e-palhacos-de-todo-o-canto-em-cataguases\\\/#article\",\"isPartOf\":{\"@id\":\"https:\\\/\\\/marcelolopes.jor.br\\\/site\\\/2019\\\/08\\\/02\\\/comeca-terca-feira-o-encontro-internacional-de-palhacas-e-palhacos-de-todo-o-canto-em-cataguases\\\/\"},\"author\":{\"name\":\"Marcelo Lopes\",\"@id\":\"https:\\\/\\\/marcelolopes.jor.br\\\/site\\\/#\\\/schema\\\/person\\\/3e7216a35c34d8fdf952b31da3d1f89f\"},\"headline\":\"Come\u00e7a ter\u00e7a-feira o Encontro Internacional de Palha\u00e7as e Palha\u00e7os de Todo o Canto\",\"datePublished\":\"2019-08-02T15:00:08+00:00\",\"dateModified\":\"2022-09-08T17:41:01+00:00\",\"mainEntityOfPage\":{\"@id\":\"https:\\\/\\\/marcelolopes.jor.br\\\/site\\\/2019\\\/08\\\/02\\\/comeca-terca-feira-o-encontro-internacional-de-palhacas-e-palhacos-de-todo-o-canto-em-cataguases\\\/\"},\"wordCount\":416,\"commentCount\":0,\"publisher\":{\"@id\":\"https:\\\/\\\/marcelolopes.jor.br\\\/site\\\/#organization\"},\"image\":{\"@id\":\"https:\\\/\\\/marcelolopes.jor.br\\\/site\\\/2019\\\/08\\\/02\\\/comeca-terca-feira-o-encontro-internacional-de-palhacas-e-palhacos-de-todo-o-canto-em-cataguases\\\/#primaryimage\"},\"thumbnailUrl\":\"https:\\\/\\\/marcelolopes.jor.br\\\/site\\\/wp-content\\\/uploads\\\/2019\\\/08\\\/36930974_243487412927830_5610226886379569152_n.jpg\",\"keywords\":[\"crian\u00e7as\",\"Encontro\",\"Palha\u00e7as\",\"Palha\u00e7os\"],\"articleSection\":[\"Not\u00edcias\"],\"inLanguage\":\"pt-BR\",\"potentialAction\":[{\"@type\":\"CommentAction\",\"name\":\"Comment\",\"target\":[\"https:\\\/\\\/marcelolopes.jor.br\\\/site\\\/2019\\\/08\\\/02\\\/comeca-terca-feira-o-encontro-internacional-de-palhacas-e-palhacos-de-todo-o-canto-em-cataguases\\\/#respond\"]}]},{\"@type\":\"WebPage\",\"@id\":\"https:\\\/\\\/marcelolopes.jor.br\\\/site\\\/2019\\\/08\\\/02\\\/comeca-terca-feira-o-encontro-internacional-de-palhacas-e-palhacos-de-todo-o-canto-em-cataguases\\\/\",\"url\":\"https:\\\/\\\/marcelolopes.jor.br\\\/site\\\/2019\\\/08\\\/02\\\/comeca-terca-feira-o-encontro-internacional-de-palhacas-e-palhacos-de-todo-o-canto-em-cataguases\\\/\",\"name\":\"Come\u00e7a ter\u00e7a-feira o Encontro de Palha\u00e7as e Palha\u00e7os\",\"isPartOf\":{\"@id\":\"https:\\\/\\\/marcelolopes.jor.br\\\/site\\\/#website\"},\"primaryImageOfPage\":{\"@id\":\"https:\\\/\\\/marcelolopes.jor.br\\\/site\\\/2019\\\/08\\\/02\\\/comeca-terca-feira-o-encontro-internacional-de-palhacas-e-palhacos-de-todo-o-canto-em-cataguases\\\/#primaryimage\"},\"image\":{\"@id\":\"https:\\\/\\\/marcelolopes.jor.br\\\/site\\\/2019\\\/08\\\/02\\\/comeca-terca-feira-o-encontro-internacional-de-palhacas-e-palhacos-de-todo-o-canto-em-cataguases\\\/#primaryimage\"},\"thumbnailUrl\":\"https:\\\/\\\/marcelolopes.jor.br\\\/site\\\/wp-content\\\/uploads\\\/2019\\\/08\\\/36930974_243487412927830_5610226886379569152_n.jpg\",\"datePublished\":\"2019-08-02T15:00:08+00:00\",\"dateModified\":\"2022-09-08T17:41:01+00:00\",\"description\":\"Come\u00e7a ter\u00e7a-feira o Encontro de Palha\u00e7as e Palha\u00e7os. Evento est\u00e1 em sua terceira edi\u00e7\u00e3o e \u00e9 sucesso de p\u00fablico.\",\"breadcrumb\":{\"@id\":\"https:\\\/\\\/marcelolopes.jor.br\\\/site\\\/2019\\\/08\\\/02\\\/comeca-terca-feira-o-encontro-internacional-de-palhacas-e-palhacos-de-todo-o-canto-em-cataguases\\\/#breadcrumb\"},\"inLanguage\":\"pt-BR\",\"potentialAction\":[{\"@type\":\"ReadAction\",\"target\":[\"https:\\\/\\\/marcelolopes.jor.br\\\/site\\\/2019\\\/08\\\/02\\\/comeca-terca-feira-o-encontro-internacional-de-palhacas-e-palhacos-de-todo-o-canto-em-cataguases\\\/\"]}]},{\"@type\":\"ImageObject\",\"inLanguage\":\"pt-BR\",\"@id\":\"https:\\\/\\\/marcelolopes.jor.br\\\/site\\\/2019\\\/08\\\/02\\\/comeca-terca-feira-o-encontro-internacional-de-palhacas-e-palhacos-de-todo-o-canto-em-cataguases\\\/#primaryimage\",\"url\":\"https:\\\/\\\/marcelolopes.jor.br\\\/site\\\/wp-content\\\/uploads\\\/2019\\\/08\\\/36930974_243487412927830_5610226886379569152_n.jpg\",\"contentUrl\":\"https:\\\/\\\/marcelolopes.jor.br\\\/site\\\/wp-content\\\/uploads\\\/2019\\\/08\\\/36930974_243487412927830_5610226886379569152_n.jpg\",\"width\":960,\"height\":640,\"caption\":\"Come\u00e7a ter\u00e7a-feira o\"},{\"@type\":\"BreadcrumbList\",\"@id\":\"https:\\\/\\\/marcelolopes.jor.br\\\/site\\\/2019\\\/08\\\/02\\\/comeca-terca-feira-o-encontro-internacional-de-palhacas-e-palhacos-de-todo-o-canto-em-cataguases\\\/#breadcrumb\",\"itemListElement\":[{\"@type\":\"ListItem\",\"position\":1,\"name\":\"Home\",\"item\":\"https:\\\/\\\/marcelolopes.jor.br\\\/site\\\/\"},{\"@type\":\"ListItem\",\"position\":2,\"name\":\"Come\u00e7a ter\u00e7a-feira o Encontro Internacional de Palha\u00e7as e Palha\u00e7os de Todo o Canto\"}]},{\"@type\":\"WebSite\",\"@id\":\"https:\\\/\\\/marcelolopes.jor.br\\\/site\\\/#website\",\"url\":\"https:\\\/\\\/marcelolopes.jor.br\\\/site\\\/\",\"name\":\"Marcelo Lopes\",\"description\":\"Not\u00edcias de Cataguases e Regi\u00e3o\",\"publisher\":{\"@id\":\"https:\\\/\\\/marcelolopes.jor.br\\\/site\\\/#organization\"},\"potentialAction\":[{\"@type\":\"SearchAction\",\"target\":{\"@type\":\"EntryPoint\",\"urlTemplate\":\"https:\\\/\\\/marcelolopes.jor.br\\\/site\\\/?s={search_term_string}\"},\"query-input\":{\"@type\":\"PropertyValueSpecification\",\"valueRequired\":true,\"valueName\":\"search_term_string\"}}],\"inLanguage\":\"pt-BR\"},{\"@type\":\"Organization\",\"@id\":\"https:\\\/\\\/marcelolopes.jor.br\\\/site\\\/#organization\",\"name\":\"Site do Marcelo Lopes\",\"url\":\"https:\\\/\\\/marcelolopes.jor.br\\\/site\\\/\",\"logo\":{\"@type\":\"ImageObject\",\"inLanguage\":\"pt-BR\",\"@id\":\"https:\\\/\\\/marcelolopes.jor.br\\\/site\\\/#\\\/schema\\\/logo\\\/image\\\/\",\"url\":\"https:\\\/\\\/marcelolopes.jor.br\\\/site\\\/wp-content\\\/uploads\\\/2024\\\/11\\\/logo-1.png\",\"contentUrl\":\"https:\\\/\\\/marcelolopes.jor.br\\\/site\\\/wp-content\\\/uploads\\\/2024\\\/11\\\/logo-1.png\",\"width\":475,\"height\":80,\"caption\":\"Site do Marcelo Lopes\"},\"image\":{\"@id\":\"https:\\\/\\\/marcelolopes.jor.br\\\/site\\\/#\\\/schema\\\/logo\\\/image\\\/\"},\"sameAs\":[\"https:\\\/\\\/www.facebook.com\\\/sitedomarcelolopes\",\"https:\\\/\\\/www.instagram.com\\\/sitedomarcelolopes\\\/\",\"https:\\\/\\\/www.linkedin.com\\\/company\\\/site-do-marcelo-lopes\\\/\",\"https:\\\/\\\/www.youtube.com\\\/user\\\/marcelolopes957\"]},{\"@type\":\"Person\",\"@id\":\"https:\\\/\\\/marcelolopes.jor.br\\\/site\\\/#\\\/schema\\\/person\\\/3e7216a35c34d8fdf952b31da3d1f89f\",\"name\":\"Marcelo Lopes\",\"sameAs\":[\"http:\\\/\\\/www.marcelolopes.jor.br\"],\"url\":\"https:\\\/\\\/marcelolopes.jor.br\\\/site\\\/author\\\/marcelo\\\/\"}]}<\/script>\n<!-- \/ Yoast SEO plugin. -->","yoast_head_json":{"title":"Come\u00e7a ter\u00e7a-feira o Encontro de Palha\u00e7as e Palha\u00e7os","description":"Come\u00e7a ter\u00e7a-feira o Encontro de Palha\u00e7as e Palha\u00e7os. Evento est\u00e1 em sua terceira edi\u00e7\u00e3o e \u00e9 sucesso de p\u00fablico.","robots":{"index":"index","follow":"follow","max-snippet":"max-snippet:-1","max-image-preview":"max-image-preview:large","max-video-preview":"max-video-preview:-1"},"canonical":"https:\/\/marcelolopes.jor.br\/site\/2019\/08\/02\/comeca-terca-feira-o-encontro-internacional-de-palhacas-e-palhacos-de-todo-o-canto-em-cataguases\/","og_locale":"pt_BR","og_type":"article","og_title":"Come\u00e7a ter\u00e7a-feira o Encontro de Palha\u00e7as e Palha\u00e7os","og_description":"Come\u00e7a ter\u00e7a-feira o Encontro de Palha\u00e7as e Palha\u00e7os. Evento est\u00e1 em sua terceira edi\u00e7\u00e3o e \u00e9 sucesso de p\u00fablico.","og_url":"https:\/\/marcelolopes.jor.br\/site\/2019\/08\/02\/comeca-terca-feira-o-encontro-internacional-de-palhacas-e-palhacos-de-todo-o-canto-em-cataguases\/","og_site_name":"Marcelo Lopes","article_publisher":"https:\/\/www.facebook.com\/sitedomarcelolopes","article_published_time":"2019-08-02T15:00:08+00:00","article_modified_time":"2022-09-08T17:41:01+00:00","og_image":[{"width":960,"height":640,"url":"https:\/\/marcelolopes.jor.br\/site\/wp-content\/uploads\/2019\/08\/36930974_243487412927830_5610226886379569152_n.jpg","type":"image\/jpeg"}],"author":"Marcelo Lopes","twitter_card":"summary_large_image","twitter_misc":{"Escrito por":"Marcelo Lopes","Est. tempo de leitura":"2 minutos"},"schema":{"@context":"https:\/\/schema.org","@graph":[{"@type":"NewsArticle","@id":"https:\/\/marcelolopes.jor.br\/site\/2019\/08\/02\/comeca-terca-feira-o-encontro-internacional-de-palhacas-e-palhacos-de-todo-o-canto-em-cataguases\/#article","isPartOf":{"@id":"https:\/\/marcelolopes.jor.br\/site\/2019\/08\/02\/comeca-terca-feira-o-encontro-internacional-de-palhacas-e-palhacos-de-todo-o-canto-em-cataguases\/"},"author":{"name":"Marcelo Lopes","@id":"https:\/\/marcelolopes.jor.br\/site\/#\/schema\/person\/3e7216a35c34d8fdf952b31da3d1f89f"},"headline":"Come\u00e7a ter\u00e7a-feira o Encontro Internacional de Palha\u00e7as e Palha\u00e7os de Todo o Canto","datePublished":"2019-08-02T15:00:08+00:00","dateModified":"2022-09-08T17:41:01+00:00","mainEntityOfPage":{"@id":"https:\/\/marcelolopes.jor.br\/site\/2019\/08\/02\/comeca-terca-feira-o-encontro-internacional-de-palhacas-e-palhacos-de-todo-o-canto-em-cataguases\/"},"wordCount":416,"commentCount":0,"publisher":{"@id":"https:\/\/marcelolopes.jor.br\/site\/#organization"},"image":{"@id":"https:\/\/marcelolopes.jor.br\/site\/2019\/08\/02\/comeca-terca-feira-o-encontro-internacional-de-palhacas-e-palhacos-de-todo-o-canto-em-cataguases\/#primaryimage"},"thumbnailUrl":"https:\/\/marcelolopes.jor.br\/site\/wp-content\/uploads\/2019\/08\/36930974_243487412927830_5610226886379569152_n.jpg","keywords":["crian\u00e7as","Encontro","Palha\u00e7as","Palha\u00e7os"],"articleSection":["Not\u00edcias"],"inLanguage":"pt-BR","potentialAction":[{"@type":"CommentAction","name":"Comment","target":["https:\/\/marcelolopes.jor.br\/site\/2019\/08\/02\/comeca-terca-feira-o-encontro-internacional-de-palhacas-e-palhacos-de-todo-o-canto-em-cataguases\/#respond"]}]},{"@type":"WebPage","@id":"https:\/\/marcelolopes.jor.br\/site\/2019\/08\/02\/comeca-terca-feira-o-encontro-internacional-de-palhacas-e-palhacos-de-todo-o-canto-em-cataguases\/","url":"https:\/\/marcelolopes.jor.br\/site\/2019\/08\/02\/comeca-terca-feira-o-encontro-internacional-de-palhacas-e-palhacos-de-todo-o-canto-em-cataguases\/","name":"Come\u00e7a ter\u00e7a-feira o Encontro de Palha\u00e7as e Palha\u00e7os","isPartOf":{"@id":"https:\/\/marcelolopes.jor.br\/site\/#website"},"primaryImageOfPage":{"@id":"https:\/\/marcelolopes.jor.br\/site\/2019\/08\/02\/comeca-terca-feira-o-encontro-internacional-de-palhacas-e-palhacos-de-todo-o-canto-em-cataguases\/#primaryimage"},"image":{"@id":"https:\/\/marcelolopes.jor.br\/site\/2019\/08\/02\/comeca-terca-feira-o-encontro-internacional-de-palhacas-e-palhacos-de-todo-o-canto-em-cataguases\/#primaryimage"},"thumbnailUrl":"https:\/\/marcelolopes.jor.br\/site\/wp-content\/uploads\/2019\/08\/36930974_243487412927830_5610226886379569152_n.jpg","datePublished":"2019-08-02T15:00:08+00:00","dateModified":"2022-09-08T17:41:01+00:00","description":"Come\u00e7a ter\u00e7a-feira o Encontro de Palha\u00e7as e Palha\u00e7os. Evento est\u00e1 em sua terceira edi\u00e7\u00e3o e \u00e9 sucesso de p\u00fablico.","breadcrumb":{"@id":"https:\/\/marcelolopes.jor.br\/site\/2019\/08\/02\/comeca-terca-feira-o-encontro-internacional-de-palhacas-e-palhacos-de-todo-o-canto-em-cataguases\/#breadcrumb"},"inLanguage":"pt-BR","potentialAction":[{"@type":"ReadAction","target":["https:\/\/marcelolopes.jor.br\/site\/2019\/08\/02\/comeca-terca-feira-o-encontro-internacional-de-palhacas-e-palhacos-de-todo-o-canto-em-cataguases\/"]}]},{"@type":"ImageObject","inLanguage":"pt-BR","@id":"https:\/\/marcelolopes.jor.br\/site\/2019\/08\/02\/comeca-terca-feira-o-encontro-internacional-de-palhacas-e-palhacos-de-todo-o-canto-em-cataguases\/#primaryimage","url":"https:\/\/marcelolopes.jor.br\/site\/wp-content\/uploads\/2019\/08\/36930974_243487412927830_5610226886379569152_n.jpg","contentUrl":"https:\/\/marcelolopes.jor.br\/site\/wp-content\/uploads\/2019\/08\/36930974_243487412927830_5610226886379569152_n.jpg","width":960,"height":640,"caption":"Come\u00e7a ter\u00e7a-feira o"},{"@type":"BreadcrumbList","@id":"https:\/\/marcelolopes.jor.br\/site\/2019\/08\/02\/comeca-terca-feira-o-encontro-internacional-de-palhacas-e-palhacos-de-todo-o-canto-em-cataguases\/#breadcrumb","itemListElement":[{"@type":"ListItem","position":1,"name":"Home","item":"https:\/\/marcelolopes.jor.br\/site\/"},{"@type":"ListItem","position":2,"name":"Come\u00e7a ter\u00e7a-feira o Encontro Internacional de Palha\u00e7as e Palha\u00e7os de Todo o Canto"}]},{"@type":"WebSite","@id":"https:\/\/marcelolopes.jor.br\/site\/#website","url":"https:\/\/marcelolopes.jor.br\/site\/","name":"Marcelo Lopes","description":"Not\u00edcias de Cataguases e Regi\u00e3o","publisher":{"@id":"https:\/\/marcelolopes.jor.br\/site\/#organization"},"potentialAction":[{"@type":"SearchAction","target":{"@type":"EntryPoint","urlTemplate":"https:\/\/marcelolopes.jor.br\/site\/?s={search_term_string}"},"query-input":{"@type":"PropertyValueSpecification","valueRequired":true,"valueName":"search_term_string"}}],"inLanguage":"pt-BR"},{"@type":"Organization","@id":"https:\/\/marcelolopes.jor.br\/site\/#organization","name":"Site do Marcelo Lopes","url":"https:\/\/marcelolopes.jor.br\/site\/","logo":{"@type":"ImageObject","inLanguage":"pt-BR","@id":"https:\/\/marcelolopes.jor.br\/site\/#\/schema\/logo\/image\/","url":"https:\/\/marcelolopes.jor.br\/site\/wp-content\/uploads\/2024\/11\/logo-1.png","contentUrl":"https:\/\/marcelolopes.jor.br\/site\/wp-content\/uploads\/2024\/11\/logo-1.png","width":475,"height":80,"caption":"Site do Marcelo Lopes"},"image":{"@id":"https:\/\/marcelolopes.jor.br\/site\/#\/schema\/logo\/image\/"},"sameAs":["https:\/\/www.facebook.com\/sitedomarcelolopes","https:\/\/www.instagram.com\/sitedomarcelolopes\/","https:\/\/www.linkedin.com\/company\/site-do-marcelo-lopes\/","https:\/\/www.youtube.com\/user\/marcelolopes957"]},{"@type":"Person","@id":"https:\/\/marcelolopes.jor.br\/site\/#\/schema\/person\/3e7216a35c34d8fdf952b31da3d1f89f","name":"Marcelo Lopes","sameAs":["http:\/\/www.marcelolopes.jor.br"],"url":"https:\/\/marcelolopes.jor.br\/site\/author\/marcelo\/"}]}},"wps_subtitle":"Evento \u00e9 organizado por Marco Andrade, est\u00e1 em sua terceira edi\u00e7\u00e3o e \u00e9 sucesso de p\u00fablico.","_links":{"self":[{"href":"https:\/\/marcelolopes.jor.br\/site\/wp-json\/wp\/v2\/posts\/4234","targetHints":{"allow":["GET"]}}],"collection":[{"href":"https:\/\/marcelolopes.jor.br\/site\/wp-json\/wp\/v2\/posts"}],"about":[{"href":"https:\/\/marcelolopes.jor.br\/site\/wp-json\/wp\/v2\/types\/post"}],"author":[{"embeddable":true,"href":"https:\/\/marcelolopes.jor.br\/site\/wp-json\/wp\/v2\/users\/2"}],"replies":[{"embeddable":true,"href":"https:\/\/marcelolopes.jor.br\/site\/wp-json\/wp\/v2\/comments?post=4234"}],"version-history":[{"count":0,"href":"https:\/\/marcelolopes.jor.br\/site\/wp-json\/wp\/v2\/posts\/4234\/revisions"}],"wp:featuredmedia":[{"embeddable":true,"href":"https:\/\/marcelolopes.jor.br\/site\/wp-json\/wp\/v2\/media\/4238"}],"wp:attachment":[{"href":"https:\/\/marcelolopes.jor.br\/site\/wp-json\/wp\/v2\/media?parent=4234"}],"wp:term":[{"taxonomy":"category","embeddable":true,"href":"https:\/\/marcelolopes.jor.br\/site\/wp-json\/wp\/v2\/categories?post=4234"},{"taxonomy":"post_tag","embeddable":true,"href":"https:\/\/marcelolopes.jor.br\/site\/wp-json\/wp\/v2\/tags?post=4234"}],"curies":[{"name":"wp","href":"https:\/\/api.w.org\/{rel}","templated":true}]}}