{"id":4222,"date":"2019-08-01T20:00:47","date_gmt":"2019-08-01T23:00:47","guid":{"rendered":"https:\/\/marcelolopes.jor.br\/?p=4222"},"modified":"2019-08-01T18:42:16","modified_gmt":"2019-08-01T21:42:16","slug":"encontro-em-cataguases-discute-o-potencial-economico-da-macauba","status":"publish","type":"post","link":"https:\/\/marcelolopes.jor.br\/site\/2019\/08\/01\/encontro-em-cataguases-discute-o-potencial-economico-da-macauba\/","title":{"rendered":"Encontro em Cataguases discute o potencial econ\u00f4mico da Maca\u00faba"},"content":{"rendered":"<p style=\"text-align: justify;\">Foi realizado no audit\u00f3rio das Faculdades Integradas de Cataguases (FIC), na tarde de quinta-feira, 1\u00ba de agosto, um encontro com lideran\u00e7as pol\u00edticas e empres\u00e1rios da regi\u00e3o, para apresenta\u00e7\u00e3o da Plataforma de Bioquerosene e Renov\u00e1veis da Zona da Mata (PbioZM) \u2013 Projeto Minas Maca\u00faba. A iniciativa \u00e9 do deputado estadual Fernando Pacheco, que conheceu esta proposta recentemente em Juiz de Fora e vem defendendo sua implanta\u00e7\u00e3o como uma das medidas de revitaliza\u00e7\u00e3o econ\u00f4mica da Zona da Mata.<!--more--><\/p>\n<p style=\"text-align: justify;\">Estiveram presentes o coordenador da Plataforma de Bioquerosene e Renov\u00e1veis da Zona da Mata, Jackson Moreira; o representante da Secretaria de Desenvolvimento Econ\u00f4mico, Turismo e Agropecu\u00e1ria de Juiz de Fora, R\u00f4mulo Veiga; o diretor da FIC-Unis, Fred Henrique; representante da Secretaria de Desenvolvimento Econ\u00f4mico do Estado de Minas Gerais, Carlos Malta, e representando o Instituto Interamericano de Coopera\u00e7\u00e3o Agr\u00edcola da FAO-OEA, Jamil Macedo, al\u00e9m do deputado estadual Fernando Pacheco e o Secret\u00e1rio Municipal de Agricultura e Meio Ambiente de Cataguases, Jos\u00e9 Emilton Silva.<\/p>\n<p style=\"text-align: justify;\"><img loading=\"lazy\" decoding=\"async\" class=\"alignnone size-medium wp-image-4225\" src=\"https:\/\/marcelolopes.jor.br\/site\/wp-content\/uploads\/2019\/08\/IMG_5762-300x225.jpg\" alt=\"\" width=\"300\" height=\"225\" srcset=\"https:\/\/marcelolopes.jor.br\/site\/wp-content\/uploads\/2019\/08\/IMG_5762-300x225.jpg 300w, https:\/\/marcelolopes.jor.br\/site\/wp-content\/uploads\/2019\/08\/IMG_5762.jpg 640w\" sizes=\"auto, (max-width: 300px) 100vw, 300px\" \/>Em entrevista exclusiva ao Site do Marcelo Lopes, Jackson Moreira (foto acima), coordenador da Plataforma de Bioquerosene e Renov\u00e1veis da Zona da Mata, ele revelou-se um grande incentivador do projeto. Jackson define a Plataforma como sendo a nova fronteira agr\u00edcola de Minas Gerais e v\u00ea muitas vantagens no cultivo da maca\u00faba na regi\u00e3o. &#8220;Al\u00e9m de ser uma planta nativa da Mata Atl\u00e2ntica, ela ret\u00e9m \u00e1gua no solo al\u00e9m de produzir \u00e1gua. Seu cultivo \u00e9 de baixo custo, permite cons\u00f3rcio com outras culturas como o feij\u00e3o e a pecu\u00e1ria e em dez anos vai mudar a economia desta regi\u00e3o&#8221;, prev\u00ea.<\/p>\n<p style=\"text-align: justify;\">Jackson disse ainda que o projeto surgiu por causa da regi\u00e3o estar vivendo um per\u00edodo de retra\u00e7\u00e3o econ\u00f4mica. \u00cbm 2012 foi criada uma frente institucional com representantes da sociedade civil onde vislumbrou-se a possibilidade de fazer estudos que pudessem resgatar a capacidade econ\u00f4mica da Zona da Mata. &#8220;E a maca\u00faba surgiu como um desses projetos, principalmente a partir de um trabalho que j\u00e1 vinha sendo feito pela Universidade Federal de Vi\u00e7osa&#8221;, explicou. A partir da\u00ed, continua aquele t\u00e9cnico, &#8220;come\u00e7amos a trabalhar com a perspectiva da preserva\u00e7\u00e3o ambiental porque a Maca\u00faba, al\u00e9m de sua alta capacidade produtiva ela tamb\u00e9m proporciona uma recarga h\u00eddrica e de melhoramento do solo&#8221;, revelou.<\/p>\n<p style=\"text-align: justify;\">Com o desenvolvimento deste projeto, chegou-se \u00e0s empresas a\u00e9reas que tamb\u00e9m estudavam a mesma palmeira para fins de produ\u00e7\u00e3o de bioquerosene, o que despertou interesse de ambas as partes e com isso o aeroporto de Goian\u00e1 poder\u00e1 ser o primeiro a fornecer regularmente este tipo de combust\u00edvel, conta Jackson. &#8220;Foi assim que surgiu a Plataforma de Bioquerosene e Renov\u00e1veis da Zona da Mata&#8221;, disse ele informando em seguida que, &#8220;neste primeiro momento, a orienta\u00e7\u00e3o \u00e9 para que as prefeituras organizem esta a\u00e7\u00e3o como uma pol\u00edtica de desenvolvimento regional e, a partir da\u00ed, vamos construir toda a estrutura de gest\u00e3o.&#8221;<\/p>\n<p style=\"text-align: justify;\"><img loading=\"lazy\" decoding=\"async\" class=\"alignnone size-medium wp-image-4226\" src=\"https:\/\/marcelolopes.jor.br\/site\/wp-content\/uploads\/2019\/08\/IMG_5761-300x225.jpg\" alt=\"\" width=\"300\" height=\"225\" srcset=\"https:\/\/marcelolopes.jor.br\/site\/wp-content\/uploads\/2019\/08\/IMG_5761-300x225.jpg 300w, https:\/\/marcelolopes.jor.br\/site\/wp-content\/uploads\/2019\/08\/IMG_5761.jpg 640w\" sizes=\"auto, (max-width: 300px) 100vw, 300px\" \/>Interessado no projeto, o deputado Fernando Pacheco (foto acima), disse que a Zona da Mata necessita de iniciativas que impulsionem sua economia. Ele lembrou que o projeto Minas Maca\u00faba j\u00e1 vem sendo estudado h\u00e1 sete anos e que &#8220;chegou a hora de verticalizar as a\u00e7\u00f5es porque \u00e9 um modelo econ\u00f4mico novo pautado pela quest\u00e3o do meio ambiente&#8221;, disse. Sobre a realiza\u00e7\u00e3o do encontro em Cataguases, o deputado contou que neste m\u00eas de agosto, a Assembleia Legislativa de Minas Gerais vai realizar uma Audi\u00eancia P\u00fablica sobre o assunto, &#8220;mas antes quis trazer o assunto aqui para a nossa cidade porque entendo ser muito importante que a gente abrace este projeto&#8221;, destacou.<\/p>\n<p style=\"text-align: justify;\">Fernando Pacheco disse tamb\u00e9m que este encontro foi o primeiro passo no sentido de levar ao produtor rural informa\u00e7\u00f5es sobre a maca\u00faba, a fim de que ele possa, a partir deste conhecimento, vislumbrar mais uma fonte de renda segura porque o investimento, ressalta o deputado, \u00e9 muito baixo, e o poder p\u00fablico pode assessorar o produtor rural nesta cultura, al\u00e9m de oferecer subs\u00eddios para que possa investir nesta esp\u00e9cie de palmeia. &#8220;Com a maca\u00faba n\u00f3s vamos mudar o paradigma da nossa regi\u00e3o, porque ela \u00e9 sustent\u00e1vel, cria novas fronteiras agr\u00edcolas e abre uma nova frente na economia da Zona da Mata&#8221;, afirmou Fernando.<\/p>\n<p><img loading=\"lazy\" decoding=\"async\" class=\"aligncenter wp-image-4227\" src=\"https:\/\/marcelolopes.jor.br\/site\/wp-content\/uploads\/2019\/08\/IMG_5756-300x225.jpg\" alt=\"\" width=\"400\" height=\"300\" srcset=\"https:\/\/marcelolopes.jor.br\/site\/wp-content\/uploads\/2019\/08\/IMG_5756-300x225.jpg 300w, https:\/\/marcelolopes.jor.br\/site\/wp-content\/uploads\/2019\/08\/IMG_5756.jpg 640w\" sizes=\"auto, (max-width: 400px) 100vw, 400px\" \/><\/p>\n<div class=\"shgik69f77a90e4693\" ><br><\/div><style type=\"text\/css\">\r\n@media screen and (min-width: 1201px) {\r\n.shgik69f77a90e4693 {\r\ndisplay: block;\r\n}\r\n}\r\n@media screen and (min-width: 993px) and (max-width: 1200px) {\r\n.shgik69f77a90e4693 {\r\ndisplay: block;\r\n}\r\n}\r\n@media screen and (min-width: 769px) and (max-width: 992px) {\r\n.shgik69f77a90e4693 {\r\ndisplay: block;\r\n}\r\n}\r\n@media screen and (min-width: 768px) and (max-width: 768px) {\r\n.shgik69f77a90e4693 {\r\ndisplay: block;\r\n}\r\n}\r\n@media screen and (max-width: 767px) {\r\n.shgik69f77a90e4693 {\r\ndisplay: block;\r\n}\r\n}\r\n<\/style>\r\n<div class=\"vacyi69f77a90e8c8e\" ><div id=\"div_destino\"><\/div>\r\n<script src=\"https:\/\/cdn.snsrsv.com\/sdk.js\"><\/script>\r\n<script >\r\n      new sdk(\"464030C30061EA8BE065000000000001\") \r\n          .appendTo(\"div_destino\")\r\n          .disableStyle(true) \r\n          .setCacheBusterMacro(\"%%CACHEBUSTER%%\")\r\n          .setSize(\"800\",\"214\")\r\n          .setClickMacro(\"%%CLICK_URL_ESC%%\") \r\n          .setReferrerUrlMacro(\"%%REFERRER_URL_ESC%%\") \r\n          .start(); \r\n<\/script><\/div><style type=\"text\/css\">\r\n@media screen and (min-width: 1201px) {\r\n.vacyi69f77a90e8c8e {\r\ndisplay: block;\r\n}\r\n}\r\n@media screen and (min-width: 993px) and (max-width: 1200px) {\r\n.vacyi69f77a90e8c8e {\r\ndisplay: block;\r\n}\r\n}\r\n@media screen and (min-width: 769px) and (max-width: 992px) {\r\n.vacyi69f77a90e8c8e {\r\ndisplay: block;\r\n}\r\n}\r\n@media screen and (min-width: 768px) and (max-width: 768px) {\r\n.vacyi69f77a90e8c8e {\r\ndisplay: block;\r\n}\r\n}\r\n@media screen and (max-width: 767px) {\r\n.vacyi69f77a90e8c8e {\r\ndisplay: block;\r\n}\r\n}\r\n<\/style>\r\n","protected":false},"excerpt":{"rendered":"<p>Foi realizado no audit\u00f3rio das Faculdades Integradas de Cataguases (FIC), na tarde de quinta-feira, 1\u00ba de agosto, um encontro com lideran\u00e7as pol\u00edticas e empres\u00e1rios da regi\u00e3o, para apresenta\u00e7\u00e3o da Plataforma de Bioquerosene e Renov\u00e1veis da Zona da Mata (PbioZM) \u2013<\/p>\n<p class=\"link-more\"><a class=\"more-link\" href=\"https:\/\/marcelolopes.jor.br\/site\/2019\/08\/01\/encontro-em-cataguases-discute-o-potencial-economico-da-macauba\/\">Leia mais <span class=\"screen-reader-text\">Encontro em Cataguases discute o potencial econ\u00f4mico da Maca\u00faba<\/span><\/a><\/p>\n","protected":false},"author":2,"featured_media":4224,"comment_status":"open","ping_status":"open","sticky":false,"template":"","format":"standard","meta":{"footnotes":""},"categories":[1],"tags":[913,173,172,874],"class_list":["post-4222","post","type-post","status-publish","format-standard","has-post-thumbnail","hentry","category-noticias","tag-bioquerosene","tag-deputado-estadual","tag-fernando-pacheco","tag-macauba","thumb-below-title"],"yoast_head":"<!-- This site is optimized with the Yoast SEO plugin v27.4 - https:\/\/yoast.com\/product\/yoast-seo-wordpress\/ -->\n<title>Encontro em Cataguases discute o potencial econ\u00f4mico da Maca\u00faba | Marcelo Lopes<\/title>\n<meta name=\"robots\" content=\"index, follow, max-snippet:-1, max-image-preview:large, max-video-preview:-1\" \/>\n<link rel=\"canonical\" href=\"https:\/\/marcelolopes.jor.br\/site\/2019\/08\/01\/encontro-em-cataguases-discute-o-potencial-economico-da-macauba\/\" \/>\n<meta property=\"og:locale\" content=\"pt_BR\" \/>\n<meta property=\"og:type\" content=\"article\" \/>\n<meta property=\"og:title\" content=\"Encontro em Cataguases discute o potencial econ\u00f4mico da Maca\u00faba | Marcelo Lopes\" \/>\n<meta property=\"og:description\" content=\"Foi realizado no audit\u00f3rio das Faculdades Integradas de Cataguases (FIC), na tarde de quinta-feira, 1\u00ba de agosto, um encontro com lideran\u00e7as pol\u00edticas e empres\u00e1rios da regi\u00e3o, para apresenta\u00e7\u00e3o da Plataforma de Bioquerosene e Renov\u00e1veis da Zona da Mata (PbioZM) \u2013Leia mais Encontro em Cataguases discute o potencial econ\u00f4mico da Maca\u00faba\" \/>\n<meta property=\"og:url\" content=\"https:\/\/marcelolopes.jor.br\/site\/2019\/08\/01\/encontro-em-cataguases-discute-o-potencial-economico-da-macauba\/\" \/>\n<meta property=\"og:site_name\" content=\"Marcelo Lopes\" \/>\n<meta property=\"article:publisher\" content=\"https:\/\/www.facebook.com\/sitedomarcelolopes\" \/>\n<meta property=\"article:published_time\" content=\"2019-08-01T23:00:47+00:00\" \/>\n<meta property=\"og:image\" content=\"https:\/\/marcelolopes.jor.br\/site\/wp-content\/uploads\/2019\/08\/IMG_5770.jpg\" \/>\n\t<meta property=\"og:image:width\" content=\"640\" \/>\n\t<meta property=\"og:image:height\" content=\"480\" \/>\n\t<meta property=\"og:image:type\" content=\"image\/jpeg\" \/>\n<meta name=\"author\" content=\"Marcelo Lopes\" \/>\n<meta name=\"twitter:card\" content=\"summary_large_image\" \/>\n<meta name=\"twitter:label1\" content=\"Escrito por\" \/>\n\t<meta name=\"twitter:data1\" content=\"Marcelo Lopes\" \/>\n\t<meta name=\"twitter:label2\" content=\"Est. tempo de leitura\" \/>\n\t<meta name=\"twitter:data2\" content=\"4 minutos\" \/>\n<script type=\"application\/ld+json\" class=\"yoast-schema-graph\">{\"@context\":\"https:\\\/\\\/schema.org\",\"@graph\":[{\"@type\":\"NewsArticle\",\"@id\":\"https:\\\/\\\/marcelolopes.jor.br\\\/site\\\/2019\\\/08\\\/01\\\/encontro-em-cataguases-discute-o-potencial-economico-da-macauba\\\/#article\",\"isPartOf\":{\"@id\":\"https:\\\/\\\/marcelolopes.jor.br\\\/site\\\/2019\\\/08\\\/01\\\/encontro-em-cataguases-discute-o-potencial-economico-da-macauba\\\/\"},\"author\":{\"name\":\"Marcelo Lopes\",\"@id\":\"https:\\\/\\\/marcelolopes.jor.br\\\/site\\\/#\\\/schema\\\/person\\\/3e7216a35c34d8fdf952b31da3d1f89f\"},\"headline\":\"Encontro em Cataguases discute o potencial econ\u00f4mico da Maca\u00faba\",\"datePublished\":\"2019-08-01T23:00:47+00:00\",\"mainEntityOfPage\":{\"@id\":\"https:\\\/\\\/marcelolopes.jor.br\\\/site\\\/2019\\\/08\\\/01\\\/encontro-em-cataguases-discute-o-potencial-economico-da-macauba\\\/\"},\"wordCount\":755,\"commentCount\":0,\"publisher\":{\"@id\":\"https:\\\/\\\/marcelolopes.jor.br\\\/site\\\/#organization\"},\"image\":{\"@id\":\"https:\\\/\\\/marcelolopes.jor.br\\\/site\\\/2019\\\/08\\\/01\\\/encontro-em-cataguases-discute-o-potencial-economico-da-macauba\\\/#primaryimage\"},\"thumbnailUrl\":\"https:\\\/\\\/marcelolopes.jor.br\\\/site\\\/wp-content\\\/uploads\\\/2019\\\/08\\\/IMG_5770.jpg\",\"keywords\":[\"bioquerosene\",\"Deputado estadual\",\"Fernando Pacheco\",\"Maca\u00faba\"],\"articleSection\":[\"Not\u00edcias\"],\"inLanguage\":\"pt-BR\",\"potentialAction\":[{\"@type\":\"CommentAction\",\"name\":\"Comment\",\"target\":[\"https:\\\/\\\/marcelolopes.jor.br\\\/site\\\/2019\\\/08\\\/01\\\/encontro-em-cataguases-discute-o-potencial-economico-da-macauba\\\/#respond\"]}]},{\"@type\":\"WebPage\",\"@id\":\"https:\\\/\\\/marcelolopes.jor.br\\\/site\\\/2019\\\/08\\\/01\\\/encontro-em-cataguases-discute-o-potencial-economico-da-macauba\\\/\",\"url\":\"https:\\\/\\\/marcelolopes.jor.br\\\/site\\\/2019\\\/08\\\/01\\\/encontro-em-cataguases-discute-o-potencial-economico-da-macauba\\\/\",\"name\":\"Encontro em Cataguases discute o potencial econ\u00f4mico da Maca\u00faba | Marcelo Lopes\",\"isPartOf\":{\"@id\":\"https:\\\/\\\/marcelolopes.jor.br\\\/site\\\/#website\"},\"primaryImageOfPage\":{\"@id\":\"https:\\\/\\\/marcelolopes.jor.br\\\/site\\\/2019\\\/08\\\/01\\\/encontro-em-cataguases-discute-o-potencial-economico-da-macauba\\\/#primaryimage\"},\"image\":{\"@id\":\"https:\\\/\\\/marcelolopes.jor.br\\\/site\\\/2019\\\/08\\\/01\\\/encontro-em-cataguases-discute-o-potencial-economico-da-macauba\\\/#primaryimage\"},\"thumbnailUrl\":\"https:\\\/\\\/marcelolopes.jor.br\\\/site\\\/wp-content\\\/uploads\\\/2019\\\/08\\\/IMG_5770.jpg\",\"datePublished\":\"2019-08-01T23:00:47+00:00\",\"breadcrumb\":{\"@id\":\"https:\\\/\\\/marcelolopes.jor.br\\\/site\\\/2019\\\/08\\\/01\\\/encontro-em-cataguases-discute-o-potencial-economico-da-macauba\\\/#breadcrumb\"},\"inLanguage\":\"pt-BR\",\"potentialAction\":[{\"@type\":\"ReadAction\",\"target\":[\"https:\\\/\\\/marcelolopes.jor.br\\\/site\\\/2019\\\/08\\\/01\\\/encontro-em-cataguases-discute-o-potencial-economico-da-macauba\\\/\"]}]},{\"@type\":\"ImageObject\",\"inLanguage\":\"pt-BR\",\"@id\":\"https:\\\/\\\/marcelolopes.jor.br\\\/site\\\/2019\\\/08\\\/01\\\/encontro-em-cataguases-discute-o-potencial-economico-da-macauba\\\/#primaryimage\",\"url\":\"https:\\\/\\\/marcelolopes.jor.br\\\/site\\\/wp-content\\\/uploads\\\/2019\\\/08\\\/IMG_5770.jpg\",\"contentUrl\":\"https:\\\/\\\/marcelolopes.jor.br\\\/site\\\/wp-content\\\/uploads\\\/2019\\\/08\\\/IMG_5770.jpg\",\"width\":640,\"height\":480},{\"@type\":\"BreadcrumbList\",\"@id\":\"https:\\\/\\\/marcelolopes.jor.br\\\/site\\\/2019\\\/08\\\/01\\\/encontro-em-cataguases-discute-o-potencial-economico-da-macauba\\\/#breadcrumb\",\"itemListElement\":[{\"@type\":\"ListItem\",\"position\":1,\"name\":\"Home\",\"item\":\"https:\\\/\\\/marcelolopes.jor.br\\\/site\\\/\"},{\"@type\":\"ListItem\",\"position\":2,\"name\":\"Encontro em Cataguases discute o potencial econ\u00f4mico da Maca\u00faba\"}]},{\"@type\":\"WebSite\",\"@id\":\"https:\\\/\\\/marcelolopes.jor.br\\\/site\\\/#website\",\"url\":\"https:\\\/\\\/marcelolopes.jor.br\\\/site\\\/\",\"name\":\"Marcelo Lopes\",\"description\":\"Not\u00edcias de Cataguases e Regi\u00e3o\",\"publisher\":{\"@id\":\"https:\\\/\\\/marcelolopes.jor.br\\\/site\\\/#organization\"},\"potentialAction\":[{\"@type\":\"SearchAction\",\"target\":{\"@type\":\"EntryPoint\",\"urlTemplate\":\"https:\\\/\\\/marcelolopes.jor.br\\\/site\\\/?s={search_term_string}\"},\"query-input\":{\"@type\":\"PropertyValueSpecification\",\"valueRequired\":true,\"valueName\":\"search_term_string\"}}],\"inLanguage\":\"pt-BR\"},{\"@type\":\"Organization\",\"@id\":\"https:\\\/\\\/marcelolopes.jor.br\\\/site\\\/#organization\",\"name\":\"Site do Marcelo Lopes\",\"url\":\"https:\\\/\\\/marcelolopes.jor.br\\\/site\\\/\",\"logo\":{\"@type\":\"ImageObject\",\"inLanguage\":\"pt-BR\",\"@id\":\"https:\\\/\\\/marcelolopes.jor.br\\\/site\\\/#\\\/schema\\\/logo\\\/image\\\/\",\"url\":\"https:\\\/\\\/marcelolopes.jor.br\\\/site\\\/wp-content\\\/uploads\\\/2024\\\/11\\\/logo-1.png\",\"contentUrl\":\"https:\\\/\\\/marcelolopes.jor.br\\\/site\\\/wp-content\\\/uploads\\\/2024\\\/11\\\/logo-1.png\",\"width\":475,\"height\":80,\"caption\":\"Site do Marcelo Lopes\"},\"image\":{\"@id\":\"https:\\\/\\\/marcelolopes.jor.br\\\/site\\\/#\\\/schema\\\/logo\\\/image\\\/\"},\"sameAs\":[\"https:\\\/\\\/www.facebook.com\\\/sitedomarcelolopes\",\"https:\\\/\\\/www.instagram.com\\\/sitedomarcelolopes\\\/\",\"https:\\\/\\\/www.linkedin.com\\\/company\\\/site-do-marcelo-lopes\\\/\",\"https:\\\/\\\/www.youtube.com\\\/user\\\/marcelolopes957\"]},{\"@type\":\"Person\",\"@id\":\"https:\\\/\\\/marcelolopes.jor.br\\\/site\\\/#\\\/schema\\\/person\\\/3e7216a35c34d8fdf952b31da3d1f89f\",\"name\":\"Marcelo Lopes\",\"sameAs\":[\"http:\\\/\\\/www.marcelolopes.jor.br\"],\"url\":\"https:\\\/\\\/marcelolopes.jor.br\\\/site\\\/author\\\/marcelo\\\/\"}]}<\/script>\n<!-- \/ Yoast SEO plugin. -->","yoast_head_json":{"title":"Encontro em Cataguases discute o potencial econ\u00f4mico da Maca\u00faba | Marcelo Lopes","robots":{"index":"index","follow":"follow","max-snippet":"max-snippet:-1","max-image-preview":"max-image-preview:large","max-video-preview":"max-video-preview:-1"},"canonical":"https:\/\/marcelolopes.jor.br\/site\/2019\/08\/01\/encontro-em-cataguases-discute-o-potencial-economico-da-macauba\/","og_locale":"pt_BR","og_type":"article","og_title":"Encontro em Cataguases discute o potencial econ\u00f4mico da Maca\u00faba | Marcelo Lopes","og_description":"Foi realizado no audit\u00f3rio das Faculdades Integradas de Cataguases (FIC), na tarde de quinta-feira, 1\u00ba de agosto, um encontro com lideran\u00e7as pol\u00edticas e empres\u00e1rios da regi\u00e3o, para apresenta\u00e7\u00e3o da Plataforma de Bioquerosene e Renov\u00e1veis da Zona da Mata (PbioZM) \u2013Leia mais Encontro em Cataguases discute o potencial econ\u00f4mico da Maca\u00faba","og_url":"https:\/\/marcelolopes.jor.br\/site\/2019\/08\/01\/encontro-em-cataguases-discute-o-potencial-economico-da-macauba\/","og_site_name":"Marcelo Lopes","article_publisher":"https:\/\/www.facebook.com\/sitedomarcelolopes","article_published_time":"2019-08-01T23:00:47+00:00","og_image":[{"width":640,"height":480,"url":"https:\/\/marcelolopes.jor.br\/site\/wp-content\/uploads\/2019\/08\/IMG_5770.jpg","type":"image\/jpeg"}],"author":"Marcelo Lopes","twitter_card":"summary_large_image","twitter_misc":{"Escrito por":"Marcelo Lopes","Est. tempo de leitura":"4 minutos"},"schema":{"@context":"https:\/\/schema.org","@graph":[{"@type":"NewsArticle","@id":"https:\/\/marcelolopes.jor.br\/site\/2019\/08\/01\/encontro-em-cataguases-discute-o-potencial-economico-da-macauba\/#article","isPartOf":{"@id":"https:\/\/marcelolopes.jor.br\/site\/2019\/08\/01\/encontro-em-cataguases-discute-o-potencial-economico-da-macauba\/"},"author":{"name":"Marcelo Lopes","@id":"https:\/\/marcelolopes.jor.br\/site\/#\/schema\/person\/3e7216a35c34d8fdf952b31da3d1f89f"},"headline":"Encontro em Cataguases discute o potencial econ\u00f4mico da Maca\u00faba","datePublished":"2019-08-01T23:00:47+00:00","mainEntityOfPage":{"@id":"https:\/\/marcelolopes.jor.br\/site\/2019\/08\/01\/encontro-em-cataguases-discute-o-potencial-economico-da-macauba\/"},"wordCount":755,"commentCount":0,"publisher":{"@id":"https:\/\/marcelolopes.jor.br\/site\/#organization"},"image":{"@id":"https:\/\/marcelolopes.jor.br\/site\/2019\/08\/01\/encontro-em-cataguases-discute-o-potencial-economico-da-macauba\/#primaryimage"},"thumbnailUrl":"https:\/\/marcelolopes.jor.br\/site\/wp-content\/uploads\/2019\/08\/IMG_5770.jpg","keywords":["bioquerosene","Deputado estadual","Fernando Pacheco","Maca\u00faba"],"articleSection":["Not\u00edcias"],"inLanguage":"pt-BR","potentialAction":[{"@type":"CommentAction","name":"Comment","target":["https:\/\/marcelolopes.jor.br\/site\/2019\/08\/01\/encontro-em-cataguases-discute-o-potencial-economico-da-macauba\/#respond"]}]},{"@type":"WebPage","@id":"https:\/\/marcelolopes.jor.br\/site\/2019\/08\/01\/encontro-em-cataguases-discute-o-potencial-economico-da-macauba\/","url":"https:\/\/marcelolopes.jor.br\/site\/2019\/08\/01\/encontro-em-cataguases-discute-o-potencial-economico-da-macauba\/","name":"Encontro em Cataguases discute o potencial econ\u00f4mico da Maca\u00faba | Marcelo Lopes","isPartOf":{"@id":"https:\/\/marcelolopes.jor.br\/site\/#website"},"primaryImageOfPage":{"@id":"https:\/\/marcelolopes.jor.br\/site\/2019\/08\/01\/encontro-em-cataguases-discute-o-potencial-economico-da-macauba\/#primaryimage"},"image":{"@id":"https:\/\/marcelolopes.jor.br\/site\/2019\/08\/01\/encontro-em-cataguases-discute-o-potencial-economico-da-macauba\/#primaryimage"},"thumbnailUrl":"https:\/\/marcelolopes.jor.br\/site\/wp-content\/uploads\/2019\/08\/IMG_5770.jpg","datePublished":"2019-08-01T23:00:47+00:00","breadcrumb":{"@id":"https:\/\/marcelolopes.jor.br\/site\/2019\/08\/01\/encontro-em-cataguases-discute-o-potencial-economico-da-macauba\/#breadcrumb"},"inLanguage":"pt-BR","potentialAction":[{"@type":"ReadAction","target":["https:\/\/marcelolopes.jor.br\/site\/2019\/08\/01\/encontro-em-cataguases-discute-o-potencial-economico-da-macauba\/"]}]},{"@type":"ImageObject","inLanguage":"pt-BR","@id":"https:\/\/marcelolopes.jor.br\/site\/2019\/08\/01\/encontro-em-cataguases-discute-o-potencial-economico-da-macauba\/#primaryimage","url":"https:\/\/marcelolopes.jor.br\/site\/wp-content\/uploads\/2019\/08\/IMG_5770.jpg","contentUrl":"https:\/\/marcelolopes.jor.br\/site\/wp-content\/uploads\/2019\/08\/IMG_5770.jpg","width":640,"height":480},{"@type":"BreadcrumbList","@id":"https:\/\/marcelolopes.jor.br\/site\/2019\/08\/01\/encontro-em-cataguases-discute-o-potencial-economico-da-macauba\/#breadcrumb","itemListElement":[{"@type":"ListItem","position":1,"name":"Home","item":"https:\/\/marcelolopes.jor.br\/site\/"},{"@type":"ListItem","position":2,"name":"Encontro em Cataguases discute o potencial econ\u00f4mico da Maca\u00faba"}]},{"@type":"WebSite","@id":"https:\/\/marcelolopes.jor.br\/site\/#website","url":"https:\/\/marcelolopes.jor.br\/site\/","name":"Marcelo Lopes","description":"Not\u00edcias de Cataguases e Regi\u00e3o","publisher":{"@id":"https:\/\/marcelolopes.jor.br\/site\/#organization"},"potentialAction":[{"@type":"SearchAction","target":{"@type":"EntryPoint","urlTemplate":"https:\/\/marcelolopes.jor.br\/site\/?s={search_term_string}"},"query-input":{"@type":"PropertyValueSpecification","valueRequired":true,"valueName":"search_term_string"}}],"inLanguage":"pt-BR"},{"@type":"Organization","@id":"https:\/\/marcelolopes.jor.br\/site\/#organization","name":"Site do Marcelo Lopes","url":"https:\/\/marcelolopes.jor.br\/site\/","logo":{"@type":"ImageObject","inLanguage":"pt-BR","@id":"https:\/\/marcelolopes.jor.br\/site\/#\/schema\/logo\/image\/","url":"https:\/\/marcelolopes.jor.br\/site\/wp-content\/uploads\/2024\/11\/logo-1.png","contentUrl":"https:\/\/marcelolopes.jor.br\/site\/wp-content\/uploads\/2024\/11\/logo-1.png","width":475,"height":80,"caption":"Site do Marcelo Lopes"},"image":{"@id":"https:\/\/marcelolopes.jor.br\/site\/#\/schema\/logo\/image\/"},"sameAs":["https:\/\/www.facebook.com\/sitedomarcelolopes","https:\/\/www.instagram.com\/sitedomarcelolopes\/","https:\/\/www.linkedin.com\/company\/site-do-marcelo-lopes\/","https:\/\/www.youtube.com\/user\/marcelolopes957"]},{"@type":"Person","@id":"https:\/\/marcelolopes.jor.br\/site\/#\/schema\/person\/3e7216a35c34d8fdf952b31da3d1f89f","name":"Marcelo Lopes","sameAs":["http:\/\/www.marcelolopes.jor.br"],"url":"https:\/\/marcelolopes.jor.br\/site\/author\/marcelo\/"}]}},"wps_subtitle":"Projeto Minas Maca\u00faba j\u00e1 em atividade na regi\u00e3o vai produzir bioquerosene para avia\u00e7\u00e3o.","_links":{"self":[{"href":"https:\/\/marcelolopes.jor.br\/site\/wp-json\/wp\/v2\/posts\/4222","targetHints":{"allow":["GET"]}}],"collection":[{"href":"https:\/\/marcelolopes.jor.br\/site\/wp-json\/wp\/v2\/posts"}],"about":[{"href":"https:\/\/marcelolopes.jor.br\/site\/wp-json\/wp\/v2\/types\/post"}],"author":[{"embeddable":true,"href":"https:\/\/marcelolopes.jor.br\/site\/wp-json\/wp\/v2\/users\/2"}],"replies":[{"embeddable":true,"href":"https:\/\/marcelolopes.jor.br\/site\/wp-json\/wp\/v2\/comments?post=4222"}],"version-history":[{"count":0,"href":"https:\/\/marcelolopes.jor.br\/site\/wp-json\/wp\/v2\/posts\/4222\/revisions"}],"wp:featuredmedia":[{"embeddable":true,"href":"https:\/\/marcelolopes.jor.br\/site\/wp-json\/wp\/v2\/media\/4224"}],"wp:attachment":[{"href":"https:\/\/marcelolopes.jor.br\/site\/wp-json\/wp\/v2\/media?parent=4222"}],"wp:term":[{"taxonomy":"category","embeddable":true,"href":"https:\/\/marcelolopes.jor.br\/site\/wp-json\/wp\/v2\/categories?post=4222"},{"taxonomy":"post_tag","embeddable":true,"href":"https:\/\/marcelolopes.jor.br\/site\/wp-json\/wp\/v2\/tags?post=4222"}],"curies":[{"name":"wp","href":"https:\/\/api.w.org\/{rel}","templated":true}]}}