{"id":4197,"date":"2019-07-31T20:20:42","date_gmt":"2019-07-31T23:20:42","guid":{"rendered":"https:\/\/marcelolopes.jor.br\/?p=4197"},"modified":"2019-07-31T20:21:17","modified_gmt":"2019-07-31T23:21:17","slug":"justica-nega-liminar-e-prefeito-sera-julgado-pela-camara-municipal-de-cataguases","status":"publish","type":"post","link":"https:\/\/marcelolopes.jor.br\/site\/2019\/07\/31\/justica-nega-liminar-e-prefeito-sera-julgado-pela-camara-municipal-de-cataguases\/","title":{"rendered":"Justi\u00e7a nega liminar e prefeito ser\u00e1 julgado pela C\u00e2mara Municipal de Cataguases"},"content":{"rendered":"<p style=\"text-align: justify;\">O prefeito de Cataguases, Willian Lobo de Almeida, teve negado seu pedido de liminar em Mandado de Seguran\u00e7a impetrado no Tribunal de Justi\u00e7a de Minas Gerais. Ele pediu a paralisa\u00e7\u00e3o do processo de julgamento que tramita na C\u00e2mara Municipal de Cataguases por improbidade administrativa. De acordo com a defesa do prefeito, &#8220;o processo pol\u00edtico administrativo est\u00e1 eivado de nulidade, desde o recebimento da den\u00fancia.&#8221;<!--more--><\/p>\n<p style=\"text-align: justify;\">No dia 09 de julho, Willian Lobo impetrou este mesmo Mandado de Seguran\u00e7a na Segunda Vara C\u00edvel da Comarca de Cataguases que caiu nas m\u00e3os &#8211; por sorteio &#8211; do juiz Claudio Henrique Fucks. Naquela ocasi\u00e3o, e ap\u00f3s analisar o caso, aquele magistrado decidiu remeter o processo para o Tribunal de Justi\u00e7a de Minas Gerais. Nesta quarta-feira, 31 de julho, ele foi julgado pelo Desembargador Baeta Neves, que negou o pedido de liminar pleiteado pelo r\u00e9u.<\/p>\n<p style=\"text-align: justify;\">Leia mat\u00e9ria a respeito clicando<a href=\"https:\/\/marcelolopes.jor.br\/2019\/07\/13\/prefeito-willian-tenta-na-justica-anular-processo-de-cassacao\/#more-3487\"><strong> aqui<\/strong><\/a><\/p>\n<p>Desde o dia 13 de maio o prefeito \u00e9 r\u00e9u na C\u00e2mara Municipal em um processo que apura poss\u00edveis irregularidades praticadas por ele na contrata\u00e7\u00e3o da empresa Innovar Consultoria em Medicina do Trabalho Ltda. A den\u00fancia \u00e9 de autoria de quatro cataguasenses e foi aceita pelo Legislativo no dia 12 de maio. Se acatada por pelo menos dez vereadores, Willian perde o mandato e quem assume o cargo de prefeito \u00e9 o vice, Tita Lima. A vota\u00e7\u00e3o final vai acontecer na C\u00e2mara Municipal ainda em agosto, mas a data n\u00e3o est\u00e1 definida, segundo apurou a reportagem do Site do Marcelo Lopes.<\/p>\n<p style=\"text-align: justify;\"><img loading=\"lazy\" decoding=\"async\" class=\"aligncenter wp-image-4199\" src=\"https:\/\/marcelolopes.jor.br\/site\/wp-content\/uploads\/2019\/07\/noticia01_-divulgacao_livroJuiz_lailson_baeta24-05-19-266x300.jpg\" alt=\"\" width=\"250\" height=\"282\" srcset=\"https:\/\/marcelolopes.jor.br\/site\/wp-content\/uploads\/2019\/07\/noticia01_-divulgacao_livroJuiz_lailson_baeta24-05-19-266x300.jpg 266w, https:\/\/marcelolopes.jor.br\/site\/wp-content\/uploads\/2019\/07\/noticia01_-divulgacao_livroJuiz_lailson_baeta24-05-19.jpg 444w\" sizes=\"auto, (max-width: 250px) 100vw, 250px\" \/>Na decis\u00e3o proferida nesta quarta-feira, o Desembargador Baeta Neves (foto acima) afirmou que &#8220;ap\u00f3s an\u00e1lise do contexto probat\u00f3rio produzido nos autos, n\u00e3o vislumbro a exist\u00eancia de prova pr\u00e9-constitu\u00edda apta a demonstrar o impedimento dos mencionados vereadores para participar de processo de responsabiliza\u00e7\u00e3o pol\u00edtico-administrativa, n\u00e3o havendo, em princ\u00edpio, \u00f3bice ao prosseguimento do processo instaurado&#8221;, ao se referir a participa\u00e7\u00e3o dos vereadores no julgamento. A defesa de Willian tenta impedir nove dos quinze edis de participarem deste julgamento.<\/p>\n<p style=\"text-align: justify;\">Em seguida aquele magistrado conclui sua decis\u00e3o: &#8220;Portanto, n\u00e3o se vislumbrando, de plano, a exist\u00eancia de ind\u00edcios de ilegalidade no ato impugnado, imp\u00f5e-se a indeferimento do pedido liminar formulado, porquanto n\u00e3o atendidos os requisitos do art. 7\u00ba, III, da Lei 12.016\/09.&#8221; N\u00e3o h\u00e1 data para aquele Tribunal julgar o m\u00e9rito do Mandado de Seguran\u00e7a o que, possivelmente, ocorrer\u00e1 ap\u00f3s o julgamento do processo pelos vereadores. A C\u00e2mara Municipal de Cataguases retoma as sess\u00f5es ordin\u00e1rias nesta ter\u00e7a-feira, 06 de agosto.<\/p>\n<p><em>Fotos: Arquivo e site TJMG\u00a0<\/em><\/p>\n<div class=\"yqedd69f77a95aee5e\" ><br><\/div><style type=\"text\/css\">\r\n@media screen and (min-width: 1201px) {\r\n.yqedd69f77a95aee5e {\r\ndisplay: block;\r\n}\r\n}\r\n@media screen and (min-width: 993px) and (max-width: 1200px) {\r\n.yqedd69f77a95aee5e {\r\ndisplay: block;\r\n}\r\n}\r\n@media screen and (min-width: 769px) and (max-width: 992px) {\r\n.yqedd69f77a95aee5e {\r\ndisplay: block;\r\n}\r\n}\r\n@media screen and (min-width: 768px) and (max-width: 768px) {\r\n.yqedd69f77a95aee5e {\r\ndisplay: block;\r\n}\r\n}\r\n@media screen and (max-width: 767px) {\r\n.yqedd69f77a95aee5e {\r\ndisplay: block;\r\n}\r\n}\r\n<\/style>\r\n<div class=\"kymlw69f77a95b5756\" ><div id=\"div_destino\"><\/div>\r\n<script src=\"https:\/\/cdn.snsrsv.com\/sdk.js\"><\/script>\r\n<script >\r\n      new sdk(\"464030C30061EA8BE065000000000001\") \r\n          .appendTo(\"div_destino\")\r\n          .disableStyle(true) \r\n          .setCacheBusterMacro(\"%%CACHEBUSTER%%\")\r\n          .setSize(\"800\",\"214\")\r\n          .setClickMacro(\"%%CLICK_URL_ESC%%\") \r\n          .setReferrerUrlMacro(\"%%REFERRER_URL_ESC%%\") \r\n          .start(); \r\n<\/script><\/div><style type=\"text\/css\">\r\n@media screen and (min-width: 1201px) {\r\n.kymlw69f77a95b5756 {\r\ndisplay: block;\r\n}\r\n}\r\n@media screen and (min-width: 993px) and (max-width: 1200px) {\r\n.kymlw69f77a95b5756 {\r\ndisplay: block;\r\n}\r\n}\r\n@media screen and (min-width: 769px) and (max-width: 992px) {\r\n.kymlw69f77a95b5756 {\r\ndisplay: block;\r\n}\r\n}\r\n@media screen and (min-width: 768px) and (max-width: 768px) {\r\n.kymlw69f77a95b5756 {\r\ndisplay: block;\r\n}\r\n}\r\n@media screen and (max-width: 767px) {\r\n.kymlw69f77a95b5756 {\r\ndisplay: block;\r\n}\r\n}\r\n<\/style>\r\n","protected":false},"excerpt":{"rendered":"<p>O prefeito de Cataguases, Willian Lobo de Almeida, teve negado seu pedido de liminar em Mandado de Seguran\u00e7a impetrado no Tribunal de Justi\u00e7a de Minas Gerais. Ele pediu a paralisa\u00e7\u00e3o do processo de julgamento que tramita na C\u00e2mara Municipal de<\/p>\n<p class=\"link-more\"><a class=\"more-link\" href=\"https:\/\/marcelolopes.jor.br\/site\/2019\/07\/31\/justica-nega-liminar-e-prefeito-sera-julgado-pela-camara-municipal-de-cataguases\/\">Leia mais <span class=\"screen-reader-text\">Justi\u00e7a nega liminar e prefeito ser\u00e1 julgado pela C\u00e2mara Municipal de Cataguases<\/span><\/a><\/p>\n","protected":false},"author":2,"featured_media":4200,"comment_status":"open","ping_status":"open","sticky":false,"template":"","format":"standard","meta":{"footnotes":""},"categories":[1],"tags":[223,908,188,225],"class_list":["post-4197","post","type-post","status-publish","format-standard","has-post-thumbnail","hentry","category-noticias","tag-cassacao","tag-mandado-de-seguranca","tag-prefeito","tag-willian-lobo","thumb-below-title"],"yoast_head":"<!-- This site is optimized with the Yoast SEO plugin v27.4 - https:\/\/yoast.com\/product\/yoast-seo-wordpress\/ -->\n<title>Justi\u00e7a nega liminar e prefeito ser\u00e1 julgado pela C\u00e2mara Municipal de Cataguases | Marcelo Lopes<\/title>\n<meta name=\"robots\" content=\"index, follow, max-snippet:-1, max-image-preview:large, max-video-preview:-1\" \/>\n<link rel=\"canonical\" href=\"https:\/\/marcelolopes.jor.br\/site\/2019\/07\/31\/justica-nega-liminar-e-prefeito-sera-julgado-pela-camara-municipal-de-cataguases\/\" \/>\n<meta property=\"og:locale\" content=\"pt_BR\" \/>\n<meta property=\"og:type\" content=\"article\" \/>\n<meta property=\"og:title\" content=\"Justi\u00e7a nega liminar e prefeito ser\u00e1 julgado pela C\u00e2mara Municipal de Cataguases | Marcelo Lopes\" \/>\n<meta property=\"og:description\" content=\"O prefeito de Cataguases, Willian Lobo de Almeida, teve negado seu pedido de liminar em Mandado de Seguran\u00e7a impetrado no Tribunal de Justi\u00e7a de Minas Gerais. Ele pediu a paralisa\u00e7\u00e3o do processo de julgamento que tramita na C\u00e2mara Municipal deLeia mais Justi\u00e7a nega liminar e prefeito ser\u00e1 julgado pela C\u00e2mara Municipal de Cataguases\" \/>\n<meta property=\"og:url\" content=\"https:\/\/marcelolopes.jor.br\/site\/2019\/07\/31\/justica-nega-liminar-e-prefeito-sera-julgado-pela-camara-municipal-de-cataguases\/\" \/>\n<meta property=\"og:site_name\" content=\"Marcelo Lopes\" \/>\n<meta property=\"article:publisher\" content=\"https:\/\/www.facebook.com\/sitedomarcelolopes\" \/>\n<meta property=\"article:published_time\" content=\"2019-07-31T23:20:42+00:00\" \/>\n<meta property=\"article:modified_time\" content=\"2019-07-31T23:21:17+00:00\" \/>\n<meta property=\"og:image\" content=\"https:\/\/marcelolopes.jor.br\/site\/wp-content\/uploads\/2019\/07\/DSC_0273.jpg\" \/>\n\t<meta property=\"og:image:width\" content=\"800\" \/>\n\t<meta property=\"og:image:height\" content=\"533\" \/>\n\t<meta property=\"og:image:type\" content=\"image\/jpeg\" \/>\n<meta name=\"author\" content=\"Marcelo Lopes\" \/>\n<meta name=\"twitter:card\" content=\"summary_large_image\" \/>\n<meta name=\"twitter:label1\" content=\"Escrito por\" \/>\n\t<meta name=\"twitter:data1\" content=\"Marcelo Lopes\" \/>\n\t<meta name=\"twitter:label2\" content=\"Est. tempo de leitura\" \/>\n\t<meta name=\"twitter:data2\" content=\"2 minutos\" \/>\n<script type=\"application\/ld+json\" class=\"yoast-schema-graph\">{\"@context\":\"https:\\\/\\\/schema.org\",\"@graph\":[{\"@type\":\"NewsArticle\",\"@id\":\"https:\\\/\\\/marcelolopes.jor.br\\\/site\\\/2019\\\/07\\\/31\\\/justica-nega-liminar-e-prefeito-sera-julgado-pela-camara-municipal-de-cataguases\\\/#article\",\"isPartOf\":{\"@id\":\"https:\\\/\\\/marcelolopes.jor.br\\\/site\\\/2019\\\/07\\\/31\\\/justica-nega-liminar-e-prefeito-sera-julgado-pela-camara-municipal-de-cataguases\\\/\"},\"author\":{\"name\":\"Marcelo Lopes\",\"@id\":\"https:\\\/\\\/marcelolopes.jor.br\\\/site\\\/#\\\/schema\\\/person\\\/3e7216a35c34d8fdf952b31da3d1f89f\"},\"headline\":\"Justi\u00e7a nega liminar e prefeito ser\u00e1 julgado pela C\u00e2mara Municipal de Cataguases\",\"datePublished\":\"2019-07-31T23:20:42+00:00\",\"dateModified\":\"2019-07-31T23:21:17+00:00\",\"mainEntityOfPage\":{\"@id\":\"https:\\\/\\\/marcelolopes.jor.br\\\/site\\\/2019\\\/07\\\/31\\\/justica-nega-liminar-e-prefeito-sera-julgado-pela-camara-municipal-de-cataguases\\\/\"},\"wordCount\":460,\"commentCount\":0,\"publisher\":{\"@id\":\"https:\\\/\\\/marcelolopes.jor.br\\\/site\\\/#organization\"},\"image\":{\"@id\":\"https:\\\/\\\/marcelolopes.jor.br\\\/site\\\/2019\\\/07\\\/31\\\/justica-nega-liminar-e-prefeito-sera-julgado-pela-camara-municipal-de-cataguases\\\/#primaryimage\"},\"thumbnailUrl\":\"https:\\\/\\\/marcelolopes.jor.br\\\/site\\\/wp-content\\\/uploads\\\/2019\\\/07\\\/DSC_0273.jpg\",\"keywords\":[\"cassa\u00e7\u00e3o\",\"mandado de seguran\u00e7a\",\"prefeito\",\"Willian Lobo\"],\"articleSection\":[\"Not\u00edcias\"],\"inLanguage\":\"pt-BR\",\"potentialAction\":[{\"@type\":\"CommentAction\",\"name\":\"Comment\",\"target\":[\"https:\\\/\\\/marcelolopes.jor.br\\\/site\\\/2019\\\/07\\\/31\\\/justica-nega-liminar-e-prefeito-sera-julgado-pela-camara-municipal-de-cataguases\\\/#respond\"]}]},{\"@type\":\"WebPage\",\"@id\":\"https:\\\/\\\/marcelolopes.jor.br\\\/site\\\/2019\\\/07\\\/31\\\/justica-nega-liminar-e-prefeito-sera-julgado-pela-camara-municipal-de-cataguases\\\/\",\"url\":\"https:\\\/\\\/marcelolopes.jor.br\\\/site\\\/2019\\\/07\\\/31\\\/justica-nega-liminar-e-prefeito-sera-julgado-pela-camara-municipal-de-cataguases\\\/\",\"name\":\"Justi\u00e7a nega liminar e prefeito ser\u00e1 julgado pela C\u00e2mara Municipal de Cataguases | Marcelo Lopes\",\"isPartOf\":{\"@id\":\"https:\\\/\\\/marcelolopes.jor.br\\\/site\\\/#website\"},\"primaryImageOfPage\":{\"@id\":\"https:\\\/\\\/marcelolopes.jor.br\\\/site\\\/2019\\\/07\\\/31\\\/justica-nega-liminar-e-prefeito-sera-julgado-pela-camara-municipal-de-cataguases\\\/#primaryimage\"},\"image\":{\"@id\":\"https:\\\/\\\/marcelolopes.jor.br\\\/site\\\/2019\\\/07\\\/31\\\/justica-nega-liminar-e-prefeito-sera-julgado-pela-camara-municipal-de-cataguases\\\/#primaryimage\"},\"thumbnailUrl\":\"https:\\\/\\\/marcelolopes.jor.br\\\/site\\\/wp-content\\\/uploads\\\/2019\\\/07\\\/DSC_0273.jpg\",\"datePublished\":\"2019-07-31T23:20:42+00:00\",\"dateModified\":\"2019-07-31T23:21:17+00:00\",\"breadcrumb\":{\"@id\":\"https:\\\/\\\/marcelolopes.jor.br\\\/site\\\/2019\\\/07\\\/31\\\/justica-nega-liminar-e-prefeito-sera-julgado-pela-camara-municipal-de-cataguases\\\/#breadcrumb\"},\"inLanguage\":\"pt-BR\",\"potentialAction\":[{\"@type\":\"ReadAction\",\"target\":[\"https:\\\/\\\/marcelolopes.jor.br\\\/site\\\/2019\\\/07\\\/31\\\/justica-nega-liminar-e-prefeito-sera-julgado-pela-camara-municipal-de-cataguases\\\/\"]}]},{\"@type\":\"ImageObject\",\"inLanguage\":\"pt-BR\",\"@id\":\"https:\\\/\\\/marcelolopes.jor.br\\\/site\\\/2019\\\/07\\\/31\\\/justica-nega-liminar-e-prefeito-sera-julgado-pela-camara-municipal-de-cataguases\\\/#primaryimage\",\"url\":\"https:\\\/\\\/marcelolopes.jor.br\\\/site\\\/wp-content\\\/uploads\\\/2019\\\/07\\\/DSC_0273.jpg\",\"contentUrl\":\"https:\\\/\\\/marcelolopes.jor.br\\\/site\\\/wp-content\\\/uploads\\\/2019\\\/07\\\/DSC_0273.jpg\",\"width\":800,\"height\":533},{\"@type\":\"BreadcrumbList\",\"@id\":\"https:\\\/\\\/marcelolopes.jor.br\\\/site\\\/2019\\\/07\\\/31\\\/justica-nega-liminar-e-prefeito-sera-julgado-pela-camara-municipal-de-cataguases\\\/#breadcrumb\",\"itemListElement\":[{\"@type\":\"ListItem\",\"position\":1,\"name\":\"Home\",\"item\":\"https:\\\/\\\/marcelolopes.jor.br\\\/site\\\/\"},{\"@type\":\"ListItem\",\"position\":2,\"name\":\"Justi\u00e7a nega liminar e prefeito ser\u00e1 julgado pela C\u00e2mara Municipal de Cataguases\"}]},{\"@type\":\"WebSite\",\"@id\":\"https:\\\/\\\/marcelolopes.jor.br\\\/site\\\/#website\",\"url\":\"https:\\\/\\\/marcelolopes.jor.br\\\/site\\\/\",\"name\":\"Marcelo Lopes\",\"description\":\"Not\u00edcias de Cataguases e Regi\u00e3o\",\"publisher\":{\"@id\":\"https:\\\/\\\/marcelolopes.jor.br\\\/site\\\/#organization\"},\"potentialAction\":[{\"@type\":\"SearchAction\",\"target\":{\"@type\":\"EntryPoint\",\"urlTemplate\":\"https:\\\/\\\/marcelolopes.jor.br\\\/site\\\/?s={search_term_string}\"},\"query-input\":{\"@type\":\"PropertyValueSpecification\",\"valueRequired\":true,\"valueName\":\"search_term_string\"}}],\"inLanguage\":\"pt-BR\"},{\"@type\":\"Organization\",\"@id\":\"https:\\\/\\\/marcelolopes.jor.br\\\/site\\\/#organization\",\"name\":\"Site do Marcelo Lopes\",\"url\":\"https:\\\/\\\/marcelolopes.jor.br\\\/site\\\/\",\"logo\":{\"@type\":\"ImageObject\",\"inLanguage\":\"pt-BR\",\"@id\":\"https:\\\/\\\/marcelolopes.jor.br\\\/site\\\/#\\\/schema\\\/logo\\\/image\\\/\",\"url\":\"https:\\\/\\\/marcelolopes.jor.br\\\/site\\\/wp-content\\\/uploads\\\/2024\\\/11\\\/logo-1.png\",\"contentUrl\":\"https:\\\/\\\/marcelolopes.jor.br\\\/site\\\/wp-content\\\/uploads\\\/2024\\\/11\\\/logo-1.png\",\"width\":475,\"height\":80,\"caption\":\"Site do Marcelo Lopes\"},\"image\":{\"@id\":\"https:\\\/\\\/marcelolopes.jor.br\\\/site\\\/#\\\/schema\\\/logo\\\/image\\\/\"},\"sameAs\":[\"https:\\\/\\\/www.facebook.com\\\/sitedomarcelolopes\",\"https:\\\/\\\/www.instagram.com\\\/sitedomarcelolopes\\\/\",\"https:\\\/\\\/www.linkedin.com\\\/company\\\/site-do-marcelo-lopes\\\/\",\"https:\\\/\\\/www.youtube.com\\\/user\\\/marcelolopes957\"]},{\"@type\":\"Person\",\"@id\":\"https:\\\/\\\/marcelolopes.jor.br\\\/site\\\/#\\\/schema\\\/person\\\/3e7216a35c34d8fdf952b31da3d1f89f\",\"name\":\"Marcelo Lopes\",\"sameAs\":[\"http:\\\/\\\/www.marcelolopes.jor.br\"],\"url\":\"https:\\\/\\\/marcelolopes.jor.br\\\/site\\\/author\\\/marcelo\\\/\"}]}<\/script>\n<!-- \/ Yoast SEO plugin. -->","yoast_head_json":{"title":"Justi\u00e7a nega liminar e prefeito ser\u00e1 julgado pela C\u00e2mara Municipal de Cataguases | Marcelo Lopes","robots":{"index":"index","follow":"follow","max-snippet":"max-snippet:-1","max-image-preview":"max-image-preview:large","max-video-preview":"max-video-preview:-1"},"canonical":"https:\/\/marcelolopes.jor.br\/site\/2019\/07\/31\/justica-nega-liminar-e-prefeito-sera-julgado-pela-camara-municipal-de-cataguases\/","og_locale":"pt_BR","og_type":"article","og_title":"Justi\u00e7a nega liminar e prefeito ser\u00e1 julgado pela C\u00e2mara Municipal de Cataguases | Marcelo Lopes","og_description":"O prefeito de Cataguases, Willian Lobo de Almeida, teve negado seu pedido de liminar em Mandado de Seguran\u00e7a impetrado no Tribunal de Justi\u00e7a de Minas Gerais. Ele pediu a paralisa\u00e7\u00e3o do processo de julgamento que tramita na C\u00e2mara Municipal deLeia mais Justi\u00e7a nega liminar e prefeito ser\u00e1 julgado pela C\u00e2mara Municipal de Cataguases","og_url":"https:\/\/marcelolopes.jor.br\/site\/2019\/07\/31\/justica-nega-liminar-e-prefeito-sera-julgado-pela-camara-municipal-de-cataguases\/","og_site_name":"Marcelo Lopes","article_publisher":"https:\/\/www.facebook.com\/sitedomarcelolopes","article_published_time":"2019-07-31T23:20:42+00:00","article_modified_time":"2019-07-31T23:21:17+00:00","og_image":[{"width":800,"height":533,"url":"https:\/\/marcelolopes.jor.br\/site\/wp-content\/uploads\/2019\/07\/DSC_0273.jpg","type":"image\/jpeg"}],"author":"Marcelo Lopes","twitter_card":"summary_large_image","twitter_misc":{"Escrito por":"Marcelo Lopes","Est. tempo de leitura":"2 minutos"},"schema":{"@context":"https:\/\/schema.org","@graph":[{"@type":"NewsArticle","@id":"https:\/\/marcelolopes.jor.br\/site\/2019\/07\/31\/justica-nega-liminar-e-prefeito-sera-julgado-pela-camara-municipal-de-cataguases\/#article","isPartOf":{"@id":"https:\/\/marcelolopes.jor.br\/site\/2019\/07\/31\/justica-nega-liminar-e-prefeito-sera-julgado-pela-camara-municipal-de-cataguases\/"},"author":{"name":"Marcelo Lopes","@id":"https:\/\/marcelolopes.jor.br\/site\/#\/schema\/person\/3e7216a35c34d8fdf952b31da3d1f89f"},"headline":"Justi\u00e7a nega liminar e prefeito ser\u00e1 julgado pela C\u00e2mara Municipal de Cataguases","datePublished":"2019-07-31T23:20:42+00:00","dateModified":"2019-07-31T23:21:17+00:00","mainEntityOfPage":{"@id":"https:\/\/marcelolopes.jor.br\/site\/2019\/07\/31\/justica-nega-liminar-e-prefeito-sera-julgado-pela-camara-municipal-de-cataguases\/"},"wordCount":460,"commentCount":0,"publisher":{"@id":"https:\/\/marcelolopes.jor.br\/site\/#organization"},"image":{"@id":"https:\/\/marcelolopes.jor.br\/site\/2019\/07\/31\/justica-nega-liminar-e-prefeito-sera-julgado-pela-camara-municipal-de-cataguases\/#primaryimage"},"thumbnailUrl":"https:\/\/marcelolopes.jor.br\/site\/wp-content\/uploads\/2019\/07\/DSC_0273.jpg","keywords":["cassa\u00e7\u00e3o","mandado de seguran\u00e7a","prefeito","Willian Lobo"],"articleSection":["Not\u00edcias"],"inLanguage":"pt-BR","potentialAction":[{"@type":"CommentAction","name":"Comment","target":["https:\/\/marcelolopes.jor.br\/site\/2019\/07\/31\/justica-nega-liminar-e-prefeito-sera-julgado-pela-camara-municipal-de-cataguases\/#respond"]}]},{"@type":"WebPage","@id":"https:\/\/marcelolopes.jor.br\/site\/2019\/07\/31\/justica-nega-liminar-e-prefeito-sera-julgado-pela-camara-municipal-de-cataguases\/","url":"https:\/\/marcelolopes.jor.br\/site\/2019\/07\/31\/justica-nega-liminar-e-prefeito-sera-julgado-pela-camara-municipal-de-cataguases\/","name":"Justi\u00e7a nega liminar e prefeito ser\u00e1 julgado pela C\u00e2mara Municipal de Cataguases | Marcelo Lopes","isPartOf":{"@id":"https:\/\/marcelolopes.jor.br\/site\/#website"},"primaryImageOfPage":{"@id":"https:\/\/marcelolopes.jor.br\/site\/2019\/07\/31\/justica-nega-liminar-e-prefeito-sera-julgado-pela-camara-municipal-de-cataguases\/#primaryimage"},"image":{"@id":"https:\/\/marcelolopes.jor.br\/site\/2019\/07\/31\/justica-nega-liminar-e-prefeito-sera-julgado-pela-camara-municipal-de-cataguases\/#primaryimage"},"thumbnailUrl":"https:\/\/marcelolopes.jor.br\/site\/wp-content\/uploads\/2019\/07\/DSC_0273.jpg","datePublished":"2019-07-31T23:20:42+00:00","dateModified":"2019-07-31T23:21:17+00:00","breadcrumb":{"@id":"https:\/\/marcelolopes.jor.br\/site\/2019\/07\/31\/justica-nega-liminar-e-prefeito-sera-julgado-pela-camara-municipal-de-cataguases\/#breadcrumb"},"inLanguage":"pt-BR","potentialAction":[{"@type":"ReadAction","target":["https:\/\/marcelolopes.jor.br\/site\/2019\/07\/31\/justica-nega-liminar-e-prefeito-sera-julgado-pela-camara-municipal-de-cataguases\/"]}]},{"@type":"ImageObject","inLanguage":"pt-BR","@id":"https:\/\/marcelolopes.jor.br\/site\/2019\/07\/31\/justica-nega-liminar-e-prefeito-sera-julgado-pela-camara-municipal-de-cataguases\/#primaryimage","url":"https:\/\/marcelolopes.jor.br\/site\/wp-content\/uploads\/2019\/07\/DSC_0273.jpg","contentUrl":"https:\/\/marcelolopes.jor.br\/site\/wp-content\/uploads\/2019\/07\/DSC_0273.jpg","width":800,"height":533},{"@type":"BreadcrumbList","@id":"https:\/\/marcelolopes.jor.br\/site\/2019\/07\/31\/justica-nega-liminar-e-prefeito-sera-julgado-pela-camara-municipal-de-cataguases\/#breadcrumb","itemListElement":[{"@type":"ListItem","position":1,"name":"Home","item":"https:\/\/marcelolopes.jor.br\/site\/"},{"@type":"ListItem","position":2,"name":"Justi\u00e7a nega liminar e prefeito ser\u00e1 julgado pela C\u00e2mara Municipal de Cataguases"}]},{"@type":"WebSite","@id":"https:\/\/marcelolopes.jor.br\/site\/#website","url":"https:\/\/marcelolopes.jor.br\/site\/","name":"Marcelo Lopes","description":"Not\u00edcias de Cataguases e Regi\u00e3o","publisher":{"@id":"https:\/\/marcelolopes.jor.br\/site\/#organization"},"potentialAction":[{"@type":"SearchAction","target":{"@type":"EntryPoint","urlTemplate":"https:\/\/marcelolopes.jor.br\/site\/?s={search_term_string}"},"query-input":{"@type":"PropertyValueSpecification","valueRequired":true,"valueName":"search_term_string"}}],"inLanguage":"pt-BR"},{"@type":"Organization","@id":"https:\/\/marcelolopes.jor.br\/site\/#organization","name":"Site do Marcelo Lopes","url":"https:\/\/marcelolopes.jor.br\/site\/","logo":{"@type":"ImageObject","inLanguage":"pt-BR","@id":"https:\/\/marcelolopes.jor.br\/site\/#\/schema\/logo\/image\/","url":"https:\/\/marcelolopes.jor.br\/site\/wp-content\/uploads\/2024\/11\/logo-1.png","contentUrl":"https:\/\/marcelolopes.jor.br\/site\/wp-content\/uploads\/2024\/11\/logo-1.png","width":475,"height":80,"caption":"Site do Marcelo Lopes"},"image":{"@id":"https:\/\/marcelolopes.jor.br\/site\/#\/schema\/logo\/image\/"},"sameAs":["https:\/\/www.facebook.com\/sitedomarcelolopes","https:\/\/www.instagram.com\/sitedomarcelolopes\/","https:\/\/www.linkedin.com\/company\/site-do-marcelo-lopes\/","https:\/\/www.youtube.com\/user\/marcelolopes957"]},{"@type":"Person","@id":"https:\/\/marcelolopes.jor.br\/site\/#\/schema\/person\/3e7216a35c34d8fdf952b31da3d1f89f","name":"Marcelo Lopes","sameAs":["http:\/\/www.marcelolopes.jor.br"],"url":"https:\/\/marcelolopes.jor.br\/site\/author\/marcelo\/"}]}},"wps_subtitle":"Desembargador entendeu n\u00e3o existir provas que impe\u00e7am a participa\u00e7\u00e3o dos vereadores no julgamento.","_links":{"self":[{"href":"https:\/\/marcelolopes.jor.br\/site\/wp-json\/wp\/v2\/posts\/4197","targetHints":{"allow":["GET"]}}],"collection":[{"href":"https:\/\/marcelolopes.jor.br\/site\/wp-json\/wp\/v2\/posts"}],"about":[{"href":"https:\/\/marcelolopes.jor.br\/site\/wp-json\/wp\/v2\/types\/post"}],"author":[{"embeddable":true,"href":"https:\/\/marcelolopes.jor.br\/site\/wp-json\/wp\/v2\/users\/2"}],"replies":[{"embeddable":true,"href":"https:\/\/marcelolopes.jor.br\/site\/wp-json\/wp\/v2\/comments?post=4197"}],"version-history":[{"count":0,"href":"https:\/\/marcelolopes.jor.br\/site\/wp-json\/wp\/v2\/posts\/4197\/revisions"}],"wp:featuredmedia":[{"embeddable":true,"href":"https:\/\/marcelolopes.jor.br\/site\/wp-json\/wp\/v2\/media\/4200"}],"wp:attachment":[{"href":"https:\/\/marcelolopes.jor.br\/site\/wp-json\/wp\/v2\/media?parent=4197"}],"wp:term":[{"taxonomy":"category","embeddable":true,"href":"https:\/\/marcelolopes.jor.br\/site\/wp-json\/wp\/v2\/categories?post=4197"},{"taxonomy":"post_tag","embeddable":true,"href":"https:\/\/marcelolopes.jor.br\/site\/wp-json\/wp\/v2\/tags?post=4197"}],"curies":[{"name":"wp","href":"https:\/\/api.w.org\/{rel}","templated":true}]}}