{"id":40929,"date":"2023-05-07T12:00:38","date_gmt":"2023-05-07T15:00:38","guid":{"rendered":"https:\/\/marcelolopes.jor.br\/?p=40929"},"modified":"2023-05-07T09:31:51","modified_gmt":"2023-05-07T12:31:51","slug":"grupo-armado-rende-ocupantes-de-carro-e-deixa-tres-homens-baleados-em-pirauba","status":"publish","type":"post","link":"https:\/\/marcelolopes.jor.br\/site\/2023\/05\/07\/grupo-armado-rende-ocupantes-de-carro-e-deixa-tres-homens-baleados-em-pirauba\/","title":{"rendered":"Grupo armado rende ocupantes de carro e deixa tr\u00eas homens baleados em Pira\u00faba"},"content":{"rendered":"<p>Tr\u00eas homens foram baleados, no in\u00edcio da madrugada deste s\u00e1bado, 6 de maio, em Pira\u00faba. As v\u00edtimas, de 26, 41 e 46 anos, estavam dentro de um ve\u00edculo na Rua Plorival Correa Neto, quando foram surpreendidas por um outro autom\u00f3vel, ocupado por quatro homens.<!--more--><\/p>\n<p>O grupo encapuzado teria descido do carro e iniciado disparos em dire\u00e7\u00e3o \u00e0s v\u00edtimas. O rapaz de 26 anos foi atingido na perna e no abd\u00f4men, o homem de 41 anos sofreu ferimentos no abd\u00f4men e o de 46 foi baleado na cabe\u00e7a. Todos foram socorridos e levados para o Hospital Santa Isabel, em Ub\u00e1.<\/p>\n<p>Conforme informa\u00e7\u00f5es da Pol\u00edcia Militar, o estado de sa\u00fade das v\u00edtimas era considerado grave e passariam por cirurgias. Dentro do carro ocupado pelas v\u00edtimas foram encontrados dois projeteis. A per\u00edcia da Pol\u00edcia Civil recolheu o carro para realizar levantamentos.<\/p>\n<p>Os atiradores conseguiram fugir ap\u00f3s o crime.<\/p>\n<p>Conforme a pol\u00edcia, o rapaz de 26 anos teria desaven\u00e7as com moradores de Pira\u00faba, Tocantins e Campestre e estaria envolvido em ocorr\u00eancias de tr\u00e1fico de drogas. Os militares fizeram rastreamento em busca de suspeitos, mas ningu\u00e9m foi preso.<\/p>\n<p><strong>LEIA TAMB\u00c9M<\/strong><br \/>\n<a href=\"https:\/\/marcelolopes.jor.br\/2023\/03\/22\/policia-civil-e-prefeitura-de-pirauba-desmentem-boato-de-ataque-as-escolas\/\"><strong><span style=\"color: #800000;\">Pol\u00edcia Civil e Prefeitura de Pira\u00faba desmentem boato de ataque \u00e0s escolas<\/span><\/strong><\/a><\/p>\n<p><a href=\"https:\/\/marcelolopes.jor.br\/2023\/03\/18\/homem-e-preso-pela-pm-em-pirauba-por-apologia-ao-nazismo\/\"><strong><span style=\"color: #800000;\">Homem \u00e9 preso pela PM em Pira\u00faba por apologia ao nazismo<\/span><\/strong><\/a><\/p>\n<p>Fonte: g1 Zona da Mata | Foto: Arquivo<\/p>\n<div class=\"ppcly69f77d8e97424\" ><br><\/div><style type=\"text\/css\">\r\n@media screen and (min-width: 1201px) {\r\n.ppcly69f77d8e97424 {\r\ndisplay: block;\r\n}\r\n}\r\n@media screen and (min-width: 993px) and (max-width: 1200px) {\r\n.ppcly69f77d8e97424 {\r\ndisplay: block;\r\n}\r\n}\r\n@media screen and (min-width: 769px) and (max-width: 992px) {\r\n.ppcly69f77d8e97424 {\r\ndisplay: block;\r\n}\r\n}\r\n@media screen and (min-width: 768px) and (max-width: 768px) {\r\n.ppcly69f77d8e97424 {\r\ndisplay: block;\r\n}\r\n}\r\n@media screen and (max-width: 767px) {\r\n.ppcly69f77d8e97424 {\r\ndisplay: block;\r\n}\r\n}\r\n<\/style>\r\n<div class=\"onfbd69f77d8e9e4e3\" ><div id=\"div_destino\"><\/div>\r\n<script src=\"https:\/\/cdn.snsrsv.com\/sdk.js\"><\/script>\r\n<script >\r\n      new sdk(\"464030C30061EA8BE065000000000001\") \r\n          .appendTo(\"div_destino\")\r\n          .disableStyle(true) \r\n          .setCacheBusterMacro(\"%%CACHEBUSTER%%\")\r\n          .setSize(\"800\",\"214\")\r\n          .setClickMacro(\"%%CLICK_URL_ESC%%\") \r\n          .setReferrerUrlMacro(\"%%REFERRER_URL_ESC%%\") \r\n          .start(); \r\n<\/script><\/div><style type=\"text\/css\">\r\n@media screen and (min-width: 1201px) {\r\n.onfbd69f77d8e9e4e3 {\r\ndisplay: block;\r\n}\r\n}\r\n@media screen and (min-width: 993px) and (max-width: 1200px) {\r\n.onfbd69f77d8e9e4e3 {\r\ndisplay: block;\r\n}\r\n}\r\n@media screen and (min-width: 769px) and (max-width: 992px) {\r\n.onfbd69f77d8e9e4e3 {\r\ndisplay: block;\r\n}\r\n}\r\n@media screen and (min-width: 768px) and (max-width: 768px) {\r\n.onfbd69f77d8e9e4e3 {\r\ndisplay: block;\r\n}\r\n}\r\n@media screen and (max-width: 767px) {\r\n.onfbd69f77d8e9e4e3 {\r\ndisplay: block;\r\n}\r\n}\r\n<\/style>\r\n","protected":false},"excerpt":{"rendered":"<p>Tr\u00eas homens foram baleados, no in\u00edcio da madrugada deste s\u00e1bado, 6 de maio, em Pira\u00faba. As v\u00edtimas, de 26, 41 e 46 anos, estavam dentro de um ve\u00edculo na Rua Plorival Correa Neto, quando foram surpreendidas por um outro autom\u00f3vel,<\/p>\n<p class=\"link-more\"><a class=\"more-link\" href=\"https:\/\/marcelolopes.jor.br\/site\/2023\/05\/07\/grupo-armado-rende-ocupantes-de-carro-e-deixa-tres-homens-baleados-em-pirauba\/\">Leia mais <span class=\"screen-reader-text\">Grupo armado rende ocupantes de carro e deixa tr\u00eas homens baleados em Pira\u00faba<\/span><\/a><\/p>\n","protected":false},"author":2,"featured_media":40930,"comment_status":"open","ping_status":"open","sticky":false,"template":"","format":"standard","meta":{"footnotes":""},"categories":[1],"tags":[],"class_list":["post-40929","post","type-post","status-publish","format-standard","has-post-thumbnail","hentry","category-noticias","thumb-below-title"],"yoast_head":"<!-- This site is optimized with the Yoast SEO plugin v27.4 - https:\/\/yoast.com\/product\/yoast-seo-wordpress\/ -->\n<title>Grupo armado rende ocupantes de carro e deixa tr\u00eas homens bale<\/title>\n<meta name=\"description\" content=\"Grupo armado rende ocupantes de carro e deixa tr\u00eas homens baleados em Pira\u00faba. V\u00edtimas foram socorridas em estado grave.\" \/>\n<meta name=\"robots\" content=\"index, follow, max-snippet:-1, max-image-preview:large, max-video-preview:-1\" \/>\n<link rel=\"canonical\" href=\"https:\/\/marcelolopes.jor.br\/site\/2023\/05\/07\/grupo-armado-rende-ocupantes-de-carro-e-deixa-tres-homens-baleados-em-pirauba\/\" \/>\n<meta property=\"og:locale\" content=\"pt_BR\" \/>\n<meta property=\"og:type\" content=\"article\" \/>\n<meta property=\"og:title\" content=\"Grupo armado rende ocupantes de carro e deixa tr\u00eas homens bale\" \/>\n<meta property=\"og:description\" content=\"Grupo armado rende ocupantes de carro e deixa tr\u00eas homens baleados em Pira\u00faba. V\u00edtimas foram socorridas em estado grave.\" \/>\n<meta property=\"og:url\" content=\"https:\/\/marcelolopes.jor.br\/site\/2023\/05\/07\/grupo-armado-rende-ocupantes-de-carro-e-deixa-tres-homens-baleados-em-pirauba\/\" \/>\n<meta property=\"og:site_name\" content=\"Marcelo Lopes\" \/>\n<meta property=\"article:publisher\" content=\"https:\/\/www.facebook.com\/sitedomarcelolopes\" \/>\n<meta property=\"article:published_time\" content=\"2023-05-07T15:00:38+00:00\" \/>\n<meta property=\"og:image\" content=\"https:\/\/marcelolopes.jor.br\/site\/wp-content\/uploads\/2023\/05\/Viatura1.jpg\" \/>\n\t<meta property=\"og:image:width\" content=\"700\" \/>\n\t<meta property=\"og:image:height\" content=\"392\" \/>\n\t<meta property=\"og:image:type\" content=\"image\/jpeg\" \/>\n<meta name=\"author\" content=\"Marcelo Lopes\" \/>\n<meta name=\"twitter:card\" content=\"summary_large_image\" \/>\n<meta name=\"twitter:label1\" content=\"Escrito por\" \/>\n\t<meta name=\"twitter:data1\" content=\"Marcelo Lopes\" \/>\n\t<meta name=\"twitter:label2\" content=\"Est. tempo de leitura\" \/>\n\t<meta name=\"twitter:data2\" content=\"1 minuto\" \/>\n<script type=\"application\/ld+json\" class=\"yoast-schema-graph\">{\"@context\":\"https:\\\/\\\/schema.org\",\"@graph\":[{\"@type\":\"NewsArticle\",\"@id\":\"https:\\\/\\\/marcelolopes.jor.br\\\/site\\\/2023\\\/05\\\/07\\\/grupo-armado-rende-ocupantes-de-carro-e-deixa-tres-homens-baleados-em-pirauba\\\/#article\",\"isPartOf\":{\"@id\":\"https:\\\/\\\/marcelolopes.jor.br\\\/site\\\/2023\\\/05\\\/07\\\/grupo-armado-rende-ocupantes-de-carro-e-deixa-tres-homens-baleados-em-pirauba\\\/\"},\"author\":{\"name\":\"Marcelo Lopes\",\"@id\":\"https:\\\/\\\/marcelolopes.jor.br\\\/site\\\/#\\\/schema\\\/person\\\/3e7216a35c34d8fdf952b31da3d1f89f\"},\"headline\":\"Grupo armado rende ocupantes de carro e deixa tr\u00eas homens baleados em Pira\u00faba\",\"datePublished\":\"2023-05-07T15:00:38+00:00\",\"mainEntityOfPage\":{\"@id\":\"https:\\\/\\\/marcelolopes.jor.br\\\/site\\\/2023\\\/05\\\/07\\\/grupo-armado-rende-ocupantes-de-carro-e-deixa-tres-homens-baleados-em-pirauba\\\/\"},\"wordCount\":251,\"commentCount\":0,\"publisher\":{\"@id\":\"https:\\\/\\\/marcelolopes.jor.br\\\/site\\\/#organization\"},\"image\":{\"@id\":\"https:\\\/\\\/marcelolopes.jor.br\\\/site\\\/2023\\\/05\\\/07\\\/grupo-armado-rende-ocupantes-de-carro-e-deixa-tres-homens-baleados-em-pirauba\\\/#primaryimage\"},\"thumbnailUrl\":\"https:\\\/\\\/marcelolopes.jor.br\\\/site\\\/wp-content\\\/uploads\\\/2023\\\/05\\\/Viatura1.jpg\",\"articleSection\":[\"Not\u00edcias\"],\"inLanguage\":\"pt-BR\",\"potentialAction\":[{\"@type\":\"CommentAction\",\"name\":\"Comment\",\"target\":[\"https:\\\/\\\/marcelolopes.jor.br\\\/site\\\/2023\\\/05\\\/07\\\/grupo-armado-rende-ocupantes-de-carro-e-deixa-tres-homens-baleados-em-pirauba\\\/#respond\"]}]},{\"@type\":\"WebPage\",\"@id\":\"https:\\\/\\\/marcelolopes.jor.br\\\/site\\\/2023\\\/05\\\/07\\\/grupo-armado-rende-ocupantes-de-carro-e-deixa-tres-homens-baleados-em-pirauba\\\/\",\"url\":\"https:\\\/\\\/marcelolopes.jor.br\\\/site\\\/2023\\\/05\\\/07\\\/grupo-armado-rende-ocupantes-de-carro-e-deixa-tres-homens-baleados-em-pirauba\\\/\",\"name\":\"Grupo armado rende ocupantes de carro e deixa tr\u00eas homens bale\",\"isPartOf\":{\"@id\":\"https:\\\/\\\/marcelolopes.jor.br\\\/site\\\/#website\"},\"primaryImageOfPage\":{\"@id\":\"https:\\\/\\\/marcelolopes.jor.br\\\/site\\\/2023\\\/05\\\/07\\\/grupo-armado-rende-ocupantes-de-carro-e-deixa-tres-homens-baleados-em-pirauba\\\/#primaryimage\"},\"image\":{\"@id\":\"https:\\\/\\\/marcelolopes.jor.br\\\/site\\\/2023\\\/05\\\/07\\\/grupo-armado-rende-ocupantes-de-carro-e-deixa-tres-homens-baleados-em-pirauba\\\/#primaryimage\"},\"thumbnailUrl\":\"https:\\\/\\\/marcelolopes.jor.br\\\/site\\\/wp-content\\\/uploads\\\/2023\\\/05\\\/Viatura1.jpg\",\"datePublished\":\"2023-05-07T15:00:38+00:00\",\"description\":\"Grupo armado rende ocupantes de carro e deixa tr\u00eas homens baleados em Pira\u00faba. V\u00edtimas foram socorridas em estado grave.\",\"breadcrumb\":{\"@id\":\"https:\\\/\\\/marcelolopes.jor.br\\\/site\\\/2023\\\/05\\\/07\\\/grupo-armado-rende-ocupantes-de-carro-e-deixa-tres-homens-baleados-em-pirauba\\\/#breadcrumb\"},\"inLanguage\":\"pt-BR\",\"potentialAction\":[{\"@type\":\"ReadAction\",\"target\":[\"https:\\\/\\\/marcelolopes.jor.br\\\/site\\\/2023\\\/05\\\/07\\\/grupo-armado-rende-ocupantes-de-carro-e-deixa-tres-homens-baleados-em-pirauba\\\/\"]}]},{\"@type\":\"ImageObject\",\"inLanguage\":\"pt-BR\",\"@id\":\"https:\\\/\\\/marcelolopes.jor.br\\\/site\\\/2023\\\/05\\\/07\\\/grupo-armado-rende-ocupantes-de-carro-e-deixa-tres-homens-baleados-em-pirauba\\\/#primaryimage\",\"url\":\"https:\\\/\\\/marcelolopes.jor.br\\\/site\\\/wp-content\\\/uploads\\\/2023\\\/05\\\/Viatura1.jpg\",\"contentUrl\":\"https:\\\/\\\/marcelolopes.jor.br\\\/site\\\/wp-content\\\/uploads\\\/2023\\\/05\\\/Viatura1.jpg\",\"width\":700,\"height\":392,\"caption\":\"Grupo armado rende ocupantes\"},{\"@type\":\"BreadcrumbList\",\"@id\":\"https:\\\/\\\/marcelolopes.jor.br\\\/site\\\/2023\\\/05\\\/07\\\/grupo-armado-rende-ocupantes-de-carro-e-deixa-tres-homens-baleados-em-pirauba\\\/#breadcrumb\",\"itemListElement\":[{\"@type\":\"ListItem\",\"position\":1,\"name\":\"Home\",\"item\":\"https:\\\/\\\/marcelolopes.jor.br\\\/site\\\/\"},{\"@type\":\"ListItem\",\"position\":2,\"name\":\"Grupo armado rende ocupantes de carro e deixa tr\u00eas homens baleados em Pira\u00faba\"}]},{\"@type\":\"WebSite\",\"@id\":\"https:\\\/\\\/marcelolopes.jor.br\\\/site\\\/#website\",\"url\":\"https:\\\/\\\/marcelolopes.jor.br\\\/site\\\/\",\"name\":\"Marcelo Lopes\",\"description\":\"Not\u00edcias de Cataguases e Regi\u00e3o\",\"publisher\":{\"@id\":\"https:\\\/\\\/marcelolopes.jor.br\\\/site\\\/#organization\"},\"potentialAction\":[{\"@type\":\"SearchAction\",\"target\":{\"@type\":\"EntryPoint\",\"urlTemplate\":\"https:\\\/\\\/marcelolopes.jor.br\\\/site\\\/?s={search_term_string}\"},\"query-input\":{\"@type\":\"PropertyValueSpecification\",\"valueRequired\":true,\"valueName\":\"search_term_string\"}}],\"inLanguage\":\"pt-BR\"},{\"@type\":\"Organization\",\"@id\":\"https:\\\/\\\/marcelolopes.jor.br\\\/site\\\/#organization\",\"name\":\"Site do Marcelo Lopes\",\"url\":\"https:\\\/\\\/marcelolopes.jor.br\\\/site\\\/\",\"logo\":{\"@type\":\"ImageObject\",\"inLanguage\":\"pt-BR\",\"@id\":\"https:\\\/\\\/marcelolopes.jor.br\\\/site\\\/#\\\/schema\\\/logo\\\/image\\\/\",\"url\":\"https:\\\/\\\/marcelolopes.jor.br\\\/site\\\/wp-content\\\/uploads\\\/2024\\\/11\\\/logo-1.png\",\"contentUrl\":\"https:\\\/\\\/marcelolopes.jor.br\\\/site\\\/wp-content\\\/uploads\\\/2024\\\/11\\\/logo-1.png\",\"width\":475,\"height\":80,\"caption\":\"Site do Marcelo Lopes\"},\"image\":{\"@id\":\"https:\\\/\\\/marcelolopes.jor.br\\\/site\\\/#\\\/schema\\\/logo\\\/image\\\/\"},\"sameAs\":[\"https:\\\/\\\/www.facebook.com\\\/sitedomarcelolopes\",\"https:\\\/\\\/www.instagram.com\\\/sitedomarcelolopes\\\/\",\"https:\\\/\\\/www.linkedin.com\\\/company\\\/site-do-marcelo-lopes\\\/\",\"https:\\\/\\\/www.youtube.com\\\/user\\\/marcelolopes957\"]},{\"@type\":\"Person\",\"@id\":\"https:\\\/\\\/marcelolopes.jor.br\\\/site\\\/#\\\/schema\\\/person\\\/3e7216a35c34d8fdf952b31da3d1f89f\",\"name\":\"Marcelo Lopes\",\"sameAs\":[\"http:\\\/\\\/www.marcelolopes.jor.br\"],\"url\":\"https:\\\/\\\/marcelolopes.jor.br\\\/site\\\/author\\\/marcelo\\\/\"}]}<\/script>\n<!-- \/ Yoast SEO plugin. -->","yoast_head_json":{"title":"Grupo armado rende ocupantes de carro e deixa tr\u00eas homens bale","description":"Grupo armado rende ocupantes de carro e deixa tr\u00eas homens baleados em Pira\u00faba. V\u00edtimas foram socorridas em estado grave.","robots":{"index":"index","follow":"follow","max-snippet":"max-snippet:-1","max-image-preview":"max-image-preview:large","max-video-preview":"max-video-preview:-1"},"canonical":"https:\/\/marcelolopes.jor.br\/site\/2023\/05\/07\/grupo-armado-rende-ocupantes-de-carro-e-deixa-tres-homens-baleados-em-pirauba\/","og_locale":"pt_BR","og_type":"article","og_title":"Grupo armado rende ocupantes de carro e deixa tr\u00eas homens bale","og_description":"Grupo armado rende ocupantes de carro e deixa tr\u00eas homens baleados em Pira\u00faba. V\u00edtimas foram socorridas em estado grave.","og_url":"https:\/\/marcelolopes.jor.br\/site\/2023\/05\/07\/grupo-armado-rende-ocupantes-de-carro-e-deixa-tres-homens-baleados-em-pirauba\/","og_site_name":"Marcelo Lopes","article_publisher":"https:\/\/www.facebook.com\/sitedomarcelolopes","article_published_time":"2023-05-07T15:00:38+00:00","og_image":[{"width":700,"height":392,"url":"https:\/\/marcelolopes.jor.br\/site\/wp-content\/uploads\/2023\/05\/Viatura1.jpg","type":"image\/jpeg"}],"author":"Marcelo Lopes","twitter_card":"summary_large_image","twitter_misc":{"Escrito por":"Marcelo Lopes","Est. tempo de leitura":"1 minuto"},"schema":{"@context":"https:\/\/schema.org","@graph":[{"@type":"NewsArticle","@id":"https:\/\/marcelolopes.jor.br\/site\/2023\/05\/07\/grupo-armado-rende-ocupantes-de-carro-e-deixa-tres-homens-baleados-em-pirauba\/#article","isPartOf":{"@id":"https:\/\/marcelolopes.jor.br\/site\/2023\/05\/07\/grupo-armado-rende-ocupantes-de-carro-e-deixa-tres-homens-baleados-em-pirauba\/"},"author":{"name":"Marcelo Lopes","@id":"https:\/\/marcelolopes.jor.br\/site\/#\/schema\/person\/3e7216a35c34d8fdf952b31da3d1f89f"},"headline":"Grupo armado rende ocupantes de carro e deixa tr\u00eas homens baleados em Pira\u00faba","datePublished":"2023-05-07T15:00:38+00:00","mainEntityOfPage":{"@id":"https:\/\/marcelolopes.jor.br\/site\/2023\/05\/07\/grupo-armado-rende-ocupantes-de-carro-e-deixa-tres-homens-baleados-em-pirauba\/"},"wordCount":251,"commentCount":0,"publisher":{"@id":"https:\/\/marcelolopes.jor.br\/site\/#organization"},"image":{"@id":"https:\/\/marcelolopes.jor.br\/site\/2023\/05\/07\/grupo-armado-rende-ocupantes-de-carro-e-deixa-tres-homens-baleados-em-pirauba\/#primaryimage"},"thumbnailUrl":"https:\/\/marcelolopes.jor.br\/site\/wp-content\/uploads\/2023\/05\/Viatura1.jpg","articleSection":["Not\u00edcias"],"inLanguage":"pt-BR","potentialAction":[{"@type":"CommentAction","name":"Comment","target":["https:\/\/marcelolopes.jor.br\/site\/2023\/05\/07\/grupo-armado-rende-ocupantes-de-carro-e-deixa-tres-homens-baleados-em-pirauba\/#respond"]}]},{"@type":"WebPage","@id":"https:\/\/marcelolopes.jor.br\/site\/2023\/05\/07\/grupo-armado-rende-ocupantes-de-carro-e-deixa-tres-homens-baleados-em-pirauba\/","url":"https:\/\/marcelolopes.jor.br\/site\/2023\/05\/07\/grupo-armado-rende-ocupantes-de-carro-e-deixa-tres-homens-baleados-em-pirauba\/","name":"Grupo armado rende ocupantes de carro e deixa tr\u00eas homens bale","isPartOf":{"@id":"https:\/\/marcelolopes.jor.br\/site\/#website"},"primaryImageOfPage":{"@id":"https:\/\/marcelolopes.jor.br\/site\/2023\/05\/07\/grupo-armado-rende-ocupantes-de-carro-e-deixa-tres-homens-baleados-em-pirauba\/#primaryimage"},"image":{"@id":"https:\/\/marcelolopes.jor.br\/site\/2023\/05\/07\/grupo-armado-rende-ocupantes-de-carro-e-deixa-tres-homens-baleados-em-pirauba\/#primaryimage"},"thumbnailUrl":"https:\/\/marcelolopes.jor.br\/site\/wp-content\/uploads\/2023\/05\/Viatura1.jpg","datePublished":"2023-05-07T15:00:38+00:00","description":"Grupo armado rende ocupantes de carro e deixa tr\u00eas homens baleados em Pira\u00faba. V\u00edtimas foram socorridas em estado grave.","breadcrumb":{"@id":"https:\/\/marcelolopes.jor.br\/site\/2023\/05\/07\/grupo-armado-rende-ocupantes-de-carro-e-deixa-tres-homens-baleados-em-pirauba\/#breadcrumb"},"inLanguage":"pt-BR","potentialAction":[{"@type":"ReadAction","target":["https:\/\/marcelolopes.jor.br\/site\/2023\/05\/07\/grupo-armado-rende-ocupantes-de-carro-e-deixa-tres-homens-baleados-em-pirauba\/"]}]},{"@type":"ImageObject","inLanguage":"pt-BR","@id":"https:\/\/marcelolopes.jor.br\/site\/2023\/05\/07\/grupo-armado-rende-ocupantes-de-carro-e-deixa-tres-homens-baleados-em-pirauba\/#primaryimage","url":"https:\/\/marcelolopes.jor.br\/site\/wp-content\/uploads\/2023\/05\/Viatura1.jpg","contentUrl":"https:\/\/marcelolopes.jor.br\/site\/wp-content\/uploads\/2023\/05\/Viatura1.jpg","width":700,"height":392,"caption":"Grupo armado rende ocupantes"},{"@type":"BreadcrumbList","@id":"https:\/\/marcelolopes.jor.br\/site\/2023\/05\/07\/grupo-armado-rende-ocupantes-de-carro-e-deixa-tres-homens-baleados-em-pirauba\/#breadcrumb","itemListElement":[{"@type":"ListItem","position":1,"name":"Home","item":"https:\/\/marcelolopes.jor.br\/site\/"},{"@type":"ListItem","position":2,"name":"Grupo armado rende ocupantes de carro e deixa tr\u00eas homens baleados em Pira\u00faba"}]},{"@type":"WebSite","@id":"https:\/\/marcelolopes.jor.br\/site\/#website","url":"https:\/\/marcelolopes.jor.br\/site\/","name":"Marcelo Lopes","description":"Not\u00edcias de Cataguases e Regi\u00e3o","publisher":{"@id":"https:\/\/marcelolopes.jor.br\/site\/#organization"},"potentialAction":[{"@type":"SearchAction","target":{"@type":"EntryPoint","urlTemplate":"https:\/\/marcelolopes.jor.br\/site\/?s={search_term_string}"},"query-input":{"@type":"PropertyValueSpecification","valueRequired":true,"valueName":"search_term_string"}}],"inLanguage":"pt-BR"},{"@type":"Organization","@id":"https:\/\/marcelolopes.jor.br\/site\/#organization","name":"Site do Marcelo Lopes","url":"https:\/\/marcelolopes.jor.br\/site\/","logo":{"@type":"ImageObject","inLanguage":"pt-BR","@id":"https:\/\/marcelolopes.jor.br\/site\/#\/schema\/logo\/image\/","url":"https:\/\/marcelolopes.jor.br\/site\/wp-content\/uploads\/2024\/11\/logo-1.png","contentUrl":"https:\/\/marcelolopes.jor.br\/site\/wp-content\/uploads\/2024\/11\/logo-1.png","width":475,"height":80,"caption":"Site do Marcelo Lopes"},"image":{"@id":"https:\/\/marcelolopes.jor.br\/site\/#\/schema\/logo\/image\/"},"sameAs":["https:\/\/www.facebook.com\/sitedomarcelolopes","https:\/\/www.instagram.com\/sitedomarcelolopes\/","https:\/\/www.linkedin.com\/company\/site-do-marcelo-lopes\/","https:\/\/www.youtube.com\/user\/marcelolopes957"]},{"@type":"Person","@id":"https:\/\/marcelolopes.jor.br\/site\/#\/schema\/person\/3e7216a35c34d8fdf952b31da3d1f89f","name":"Marcelo Lopes","sameAs":["http:\/\/www.marcelolopes.jor.br"],"url":"https:\/\/marcelolopes.jor.br\/site\/author\/marcelo\/"}]}},"wps_subtitle":"V\u00edtimas foram socorridas e levadas em estado grave para o Hospital Santa Isabel, em Ub\u00e1.","_links":{"self":[{"href":"https:\/\/marcelolopes.jor.br\/site\/wp-json\/wp\/v2\/posts\/40929","targetHints":{"allow":["GET"]}}],"collection":[{"href":"https:\/\/marcelolopes.jor.br\/site\/wp-json\/wp\/v2\/posts"}],"about":[{"href":"https:\/\/marcelolopes.jor.br\/site\/wp-json\/wp\/v2\/types\/post"}],"author":[{"embeddable":true,"href":"https:\/\/marcelolopes.jor.br\/site\/wp-json\/wp\/v2\/users\/2"}],"replies":[{"embeddable":true,"href":"https:\/\/marcelolopes.jor.br\/site\/wp-json\/wp\/v2\/comments?post=40929"}],"version-history":[{"count":0,"href":"https:\/\/marcelolopes.jor.br\/site\/wp-json\/wp\/v2\/posts\/40929\/revisions"}],"wp:featuredmedia":[{"embeddable":true,"href":"https:\/\/marcelolopes.jor.br\/site\/wp-json\/wp\/v2\/media\/40930"}],"wp:attachment":[{"href":"https:\/\/marcelolopes.jor.br\/site\/wp-json\/wp\/v2\/media?parent=40929"}],"wp:term":[{"taxonomy":"category","embeddable":true,"href":"https:\/\/marcelolopes.jor.br\/site\/wp-json\/wp\/v2\/categories?post=40929"},{"taxonomy":"post_tag","embeddable":true,"href":"https:\/\/marcelolopes.jor.br\/site\/wp-json\/wp\/v2\/tags?post=40929"}],"curies":[{"name":"wp","href":"https:\/\/api.w.org\/{rel}","templated":true}]}}