{"id":4037,"date":"2019-07-28T16:59:39","date_gmt":"2019-07-28T19:59:39","guid":{"rendered":"https:\/\/marcelolopes.jor.br\/?p=4037"},"modified":"2019-07-28T16:59:39","modified_gmt":"2019-07-28T19:59:39","slug":"suspeito-de-crime-se-entrega-a-policia-militar-em-astolfo-dutra","status":"publish","type":"post","link":"https:\/\/marcelolopes.jor.br\/site\/2019\/07\/28\/suspeito-de-crime-se-entrega-a-policia-militar-em-astolfo-dutra\/","title":{"rendered":"Suspeito de crime se entrega \u00e0 Pol\u00edcia Militar em Astolfo Dutra"},"content":{"rendered":"<p style=\"text-align: justify;\">O rapaz suspeito de ter matado a tiros um adolescente de 15 anos, em Astolfo Dutra na madrugada de sexta-feira para s\u00e1bado, 27 de julho, entregou-se \u00e0 Pol\u00edcia Militar acompanhado de seu advogado, Jos\u00e9 Adalberto Almeida da Cunha, na tarde deste domingo, 28. A informa\u00e7\u00e3o foi confirmada pelo comandante do Destacamento da PM naquela cidade, sargento Wanderson Henriques que participou da negocia\u00e7\u00e3o que culminou na apresenta\u00e7\u00e3o do suspeito, que fez 18 anos de idade neste s\u00e1bado.<!--more--><\/p>\n<p style=\"text-align: justify;\">Relembre o caso clicando<a href=\"https:\/\/marcelolopes.jor.br\/2019\/07\/28\/adolescente-e-encontrado-morto-em-astolfo-dutra\/\"><strong> aqui<\/strong><\/a>.<\/p>\n<p style=\"text-align: justify;\">De acordo com sargento Wanderson durante o dia a PM fez buscas pelo suspeito em toda a cidade. No come\u00e7o da tarde o advogado dele entrou em contato com a PM para marcar local e hor\u00e1rio da apresenta\u00e7\u00e3o de seu cliente o que aconteceu por volta das 16 horas. Em seguida, o jovem, que n\u00e3o est\u00e1 preso, porque terminou o prazo de pris\u00e3o em flagrante, foi conduzido para a Delegacia Regional de Pol\u00edcia Civil em Leopoldina para prestar depoimento previsto para acontecer at\u00e9 o in\u00edcio da noite. Ele dever\u00e1 responder ao processo em liberdade. O caso foi registrado pelos policiais cabos Maur\u00edcio e Rodner com a participa\u00e7\u00e3o de sargento Wanderson que deixou sua folga para colaborar com a equipe.<\/p>\n<div class=\"otmmw69f77d8fcafda\" ><br><\/div><style type=\"text\/css\">\r\n@media screen and (min-width: 1201px) {\r\n.otmmw69f77d8fcafda {\r\ndisplay: block;\r\n}\r\n}\r\n@media screen and (min-width: 993px) and (max-width: 1200px) {\r\n.otmmw69f77d8fcafda {\r\ndisplay: block;\r\n}\r\n}\r\n@media screen and (min-width: 769px) and (max-width: 992px) {\r\n.otmmw69f77d8fcafda {\r\ndisplay: block;\r\n}\r\n}\r\n@media screen and (min-width: 768px) and (max-width: 768px) {\r\n.otmmw69f77d8fcafda {\r\ndisplay: block;\r\n}\r\n}\r\n@media screen and (max-width: 767px) {\r\n.otmmw69f77d8fcafda {\r\ndisplay: block;\r\n}\r\n}\r\n<\/style>\r\n<div class=\"uxxqn69f77d8fd0e33\" ><div id=\"div_destino\"><\/div>\r\n<script src=\"https:\/\/cdn.snsrsv.com\/sdk.js\"><\/script>\r\n<script >\r\n      new sdk(\"464030C30061EA8BE065000000000001\") \r\n          .appendTo(\"div_destino\")\r\n          .disableStyle(true) \r\n          .setCacheBusterMacro(\"%%CACHEBUSTER%%\")\r\n          .setSize(\"800\",\"214\")\r\n          .setClickMacro(\"%%CLICK_URL_ESC%%\") \r\n          .setReferrerUrlMacro(\"%%REFERRER_URL_ESC%%\") \r\n          .start(); \r\n<\/script><\/div><style type=\"text\/css\">\r\n@media screen and (min-width: 1201px) {\r\n.uxxqn69f77d8fd0e33 {\r\ndisplay: block;\r\n}\r\n}\r\n@media screen and (min-width: 993px) and (max-width: 1200px) {\r\n.uxxqn69f77d8fd0e33 {\r\ndisplay: block;\r\n}\r\n}\r\n@media screen and (min-width: 769px) and (max-width: 992px) {\r\n.uxxqn69f77d8fd0e33 {\r\ndisplay: block;\r\n}\r\n}\r\n@media screen and (min-width: 768px) and (max-width: 768px) {\r\n.uxxqn69f77d8fd0e33 {\r\ndisplay: block;\r\n}\r\n}\r\n@media screen and (max-width: 767px) {\r\n.uxxqn69f77d8fd0e33 {\r\ndisplay: block;\r\n}\r\n}\r\n<\/style>\r\n","protected":false},"excerpt":{"rendered":"<p>O rapaz suspeito de ter matado a tiros um adolescente de 15 anos, em Astolfo Dutra na madrugada de sexta-feira para s\u00e1bado, 27 de julho, entregou-se \u00e0 Pol\u00edcia Militar acompanhado de seu advogado, Jos\u00e9 Adalberto Almeida da Cunha, na tarde<\/p>\n<p class=\"link-more\"><a class=\"more-link\" href=\"https:\/\/marcelolopes.jor.br\/site\/2019\/07\/28\/suspeito-de-crime-se-entrega-a-policia-militar-em-astolfo-dutra\/\">Leia mais <span class=\"screen-reader-text\">Suspeito de crime se entrega \u00e0 Pol\u00edcia Militar em Astolfo Dutra<\/span><\/a><\/p>\n","protected":false},"author":2,"featured_media":4038,"comment_status":"open","ping_status":"open","sticky":false,"template":"","format":"standard","meta":{"footnotes":""},"categories":[1],"tags":[282,74,245,132],"class_list":["post-4037","post","type-post","status-publish","format-standard","has-post-thumbnail","hentry","category-noticias","tag-astolfo-dutra","tag-crime","tag-homicidio","tag-tiro","thumb-below-title"],"yoast_head":"<!-- This site is optimized with the Yoast SEO plugin v27.4 - https:\/\/yoast.com\/product\/yoast-seo-wordpress\/ -->\n<title>Suspeito de crime se entrega \u00e0 Pol\u00edcia Militar em Astolfo Dutra | Marcelo Lopes<\/title>\n<meta name=\"robots\" content=\"index, follow, max-snippet:-1, max-image-preview:large, max-video-preview:-1\" \/>\n<link rel=\"canonical\" href=\"https:\/\/marcelolopes.jor.br\/site\/2019\/07\/28\/suspeito-de-crime-se-entrega-a-policia-militar-em-astolfo-dutra\/\" \/>\n<meta property=\"og:locale\" content=\"pt_BR\" \/>\n<meta property=\"og:type\" content=\"article\" \/>\n<meta property=\"og:title\" content=\"Suspeito de crime se entrega \u00e0 Pol\u00edcia Militar em Astolfo Dutra | Marcelo Lopes\" \/>\n<meta property=\"og:description\" content=\"O rapaz suspeito de ter matado a tiros um adolescente de 15 anos, em Astolfo Dutra na madrugada de sexta-feira para s\u00e1bado, 27 de julho, entregou-se \u00e0 Pol\u00edcia Militar acompanhado de seu advogado, Jos\u00e9 Adalberto Almeida da Cunha, na tardeLeia mais Suspeito de crime se entrega \u00e0 Pol\u00edcia Militar em Astolfo Dutra\" \/>\n<meta property=\"og:url\" content=\"https:\/\/marcelolopes.jor.br\/site\/2019\/07\/28\/suspeito-de-crime-se-entrega-a-policia-militar-em-astolfo-dutra\/\" \/>\n<meta property=\"og:site_name\" content=\"Marcelo Lopes\" \/>\n<meta property=\"article:publisher\" content=\"https:\/\/www.facebook.com\/sitedomarcelolopes\" \/>\n<meta property=\"article:published_time\" content=\"2019-07-28T19:59:39+00:00\" \/>\n<meta property=\"og:image\" content=\"https:\/\/marcelolopes.jor.br\/site\/wp-content\/uploads\/2019\/07\/imagens_26320151231260.jpg\" \/>\n\t<meta property=\"og:image:width\" content=\"800\" \/>\n\t<meta property=\"og:image:height\" content=\"531\" \/>\n\t<meta property=\"og:image:type\" content=\"image\/jpeg\" \/>\n<meta name=\"author\" content=\"Marcelo Lopes\" \/>\n<meta name=\"twitter:card\" content=\"summary_large_image\" \/>\n<meta name=\"twitter:label1\" content=\"Escrito por\" \/>\n\t<meta name=\"twitter:data1\" content=\"Marcelo Lopes\" \/>\n\t<meta name=\"twitter:label2\" content=\"Est. tempo de leitura\" \/>\n\t<meta name=\"twitter:data2\" content=\"1 minuto\" \/>\n<script type=\"application\/ld+json\" class=\"yoast-schema-graph\">{\"@context\":\"https:\\\/\\\/schema.org\",\"@graph\":[{\"@type\":\"NewsArticle\",\"@id\":\"https:\\\/\\\/marcelolopes.jor.br\\\/site\\\/2019\\\/07\\\/28\\\/suspeito-de-crime-se-entrega-a-policia-militar-em-astolfo-dutra\\\/#article\",\"isPartOf\":{\"@id\":\"https:\\\/\\\/marcelolopes.jor.br\\\/site\\\/2019\\\/07\\\/28\\\/suspeito-de-crime-se-entrega-a-policia-militar-em-astolfo-dutra\\\/\"},\"author\":{\"name\":\"Marcelo Lopes\",\"@id\":\"https:\\\/\\\/marcelolopes.jor.br\\\/site\\\/#\\\/schema\\\/person\\\/3e7216a35c34d8fdf952b31da3d1f89f\"},\"headline\":\"Suspeito de crime se entrega \u00e0 Pol\u00edcia Militar em Astolfo Dutra\",\"datePublished\":\"2019-07-28T19:59:39+00:00\",\"mainEntityOfPage\":{\"@id\":\"https:\\\/\\\/marcelolopes.jor.br\\\/site\\\/2019\\\/07\\\/28\\\/suspeito-de-crime-se-entrega-a-policia-militar-em-astolfo-dutra\\\/\"},\"wordCount\":220,\"commentCount\":0,\"publisher\":{\"@id\":\"https:\\\/\\\/marcelolopes.jor.br\\\/site\\\/#organization\"},\"image\":{\"@id\":\"https:\\\/\\\/marcelolopes.jor.br\\\/site\\\/2019\\\/07\\\/28\\\/suspeito-de-crime-se-entrega-a-policia-militar-em-astolfo-dutra\\\/#primaryimage\"},\"thumbnailUrl\":\"https:\\\/\\\/marcelolopes.jor.br\\\/site\\\/wp-content\\\/uploads\\\/2019\\\/07\\\/imagens_26320151231260.jpg\",\"keywords\":[\"Astolfo Dutra\",\"crime\",\"homic\u00eddio\",\"tiro\"],\"articleSection\":[\"Not\u00edcias\"],\"inLanguage\":\"pt-BR\",\"potentialAction\":[{\"@type\":\"CommentAction\",\"name\":\"Comment\",\"target\":[\"https:\\\/\\\/marcelolopes.jor.br\\\/site\\\/2019\\\/07\\\/28\\\/suspeito-de-crime-se-entrega-a-policia-militar-em-astolfo-dutra\\\/#respond\"]}]},{\"@type\":\"WebPage\",\"@id\":\"https:\\\/\\\/marcelolopes.jor.br\\\/site\\\/2019\\\/07\\\/28\\\/suspeito-de-crime-se-entrega-a-policia-militar-em-astolfo-dutra\\\/\",\"url\":\"https:\\\/\\\/marcelolopes.jor.br\\\/site\\\/2019\\\/07\\\/28\\\/suspeito-de-crime-se-entrega-a-policia-militar-em-astolfo-dutra\\\/\",\"name\":\"Suspeito de crime se entrega \u00e0 Pol\u00edcia Militar em Astolfo Dutra | Marcelo Lopes\",\"isPartOf\":{\"@id\":\"https:\\\/\\\/marcelolopes.jor.br\\\/site\\\/#website\"},\"primaryImageOfPage\":{\"@id\":\"https:\\\/\\\/marcelolopes.jor.br\\\/site\\\/2019\\\/07\\\/28\\\/suspeito-de-crime-se-entrega-a-policia-militar-em-astolfo-dutra\\\/#primaryimage\"},\"image\":{\"@id\":\"https:\\\/\\\/marcelolopes.jor.br\\\/site\\\/2019\\\/07\\\/28\\\/suspeito-de-crime-se-entrega-a-policia-militar-em-astolfo-dutra\\\/#primaryimage\"},\"thumbnailUrl\":\"https:\\\/\\\/marcelolopes.jor.br\\\/site\\\/wp-content\\\/uploads\\\/2019\\\/07\\\/imagens_26320151231260.jpg\",\"datePublished\":\"2019-07-28T19:59:39+00:00\",\"breadcrumb\":{\"@id\":\"https:\\\/\\\/marcelolopes.jor.br\\\/site\\\/2019\\\/07\\\/28\\\/suspeito-de-crime-se-entrega-a-policia-militar-em-astolfo-dutra\\\/#breadcrumb\"},\"inLanguage\":\"pt-BR\",\"potentialAction\":[{\"@type\":\"ReadAction\",\"target\":[\"https:\\\/\\\/marcelolopes.jor.br\\\/site\\\/2019\\\/07\\\/28\\\/suspeito-de-crime-se-entrega-a-policia-militar-em-astolfo-dutra\\\/\"]}]},{\"@type\":\"ImageObject\",\"inLanguage\":\"pt-BR\",\"@id\":\"https:\\\/\\\/marcelolopes.jor.br\\\/site\\\/2019\\\/07\\\/28\\\/suspeito-de-crime-se-entrega-a-policia-militar-em-astolfo-dutra\\\/#primaryimage\",\"url\":\"https:\\\/\\\/marcelolopes.jor.br\\\/site\\\/wp-content\\\/uploads\\\/2019\\\/07\\\/imagens_26320151231260.jpg\",\"contentUrl\":\"https:\\\/\\\/marcelolopes.jor.br\\\/site\\\/wp-content\\\/uploads\\\/2019\\\/07\\\/imagens_26320151231260.jpg\",\"width\":800,\"height\":531},{\"@type\":\"BreadcrumbList\",\"@id\":\"https:\\\/\\\/marcelolopes.jor.br\\\/site\\\/2019\\\/07\\\/28\\\/suspeito-de-crime-se-entrega-a-policia-militar-em-astolfo-dutra\\\/#breadcrumb\",\"itemListElement\":[{\"@type\":\"ListItem\",\"position\":1,\"name\":\"Home\",\"item\":\"https:\\\/\\\/marcelolopes.jor.br\\\/site\\\/\"},{\"@type\":\"ListItem\",\"position\":2,\"name\":\"Suspeito de crime se entrega \u00e0 Pol\u00edcia Militar em Astolfo Dutra\"}]},{\"@type\":\"WebSite\",\"@id\":\"https:\\\/\\\/marcelolopes.jor.br\\\/site\\\/#website\",\"url\":\"https:\\\/\\\/marcelolopes.jor.br\\\/site\\\/\",\"name\":\"Marcelo Lopes\",\"description\":\"Not\u00edcias de Cataguases e Regi\u00e3o\",\"publisher\":{\"@id\":\"https:\\\/\\\/marcelolopes.jor.br\\\/site\\\/#organization\"},\"potentialAction\":[{\"@type\":\"SearchAction\",\"target\":{\"@type\":\"EntryPoint\",\"urlTemplate\":\"https:\\\/\\\/marcelolopes.jor.br\\\/site\\\/?s={search_term_string}\"},\"query-input\":{\"@type\":\"PropertyValueSpecification\",\"valueRequired\":true,\"valueName\":\"search_term_string\"}}],\"inLanguage\":\"pt-BR\"},{\"@type\":\"Organization\",\"@id\":\"https:\\\/\\\/marcelolopes.jor.br\\\/site\\\/#organization\",\"name\":\"Site do Marcelo Lopes\",\"url\":\"https:\\\/\\\/marcelolopes.jor.br\\\/site\\\/\",\"logo\":{\"@type\":\"ImageObject\",\"inLanguage\":\"pt-BR\",\"@id\":\"https:\\\/\\\/marcelolopes.jor.br\\\/site\\\/#\\\/schema\\\/logo\\\/image\\\/\",\"url\":\"https:\\\/\\\/marcelolopes.jor.br\\\/site\\\/wp-content\\\/uploads\\\/2024\\\/11\\\/logo-1.png\",\"contentUrl\":\"https:\\\/\\\/marcelolopes.jor.br\\\/site\\\/wp-content\\\/uploads\\\/2024\\\/11\\\/logo-1.png\",\"width\":475,\"height\":80,\"caption\":\"Site do Marcelo Lopes\"},\"image\":{\"@id\":\"https:\\\/\\\/marcelolopes.jor.br\\\/site\\\/#\\\/schema\\\/logo\\\/image\\\/\"},\"sameAs\":[\"https:\\\/\\\/www.facebook.com\\\/sitedomarcelolopes\",\"https:\\\/\\\/www.instagram.com\\\/sitedomarcelolopes\\\/\",\"https:\\\/\\\/www.linkedin.com\\\/company\\\/site-do-marcelo-lopes\\\/\",\"https:\\\/\\\/www.youtube.com\\\/user\\\/marcelolopes957\"]},{\"@type\":\"Person\",\"@id\":\"https:\\\/\\\/marcelolopes.jor.br\\\/site\\\/#\\\/schema\\\/person\\\/3e7216a35c34d8fdf952b31da3d1f89f\",\"name\":\"Marcelo Lopes\",\"sameAs\":[\"http:\\\/\\\/www.marcelolopes.jor.br\"],\"url\":\"https:\\\/\\\/marcelolopes.jor.br\\\/site\\\/author\\\/marcelo\\\/\"}]}<\/script>\n<!-- \/ Yoast SEO plugin. -->","yoast_head_json":{"title":"Suspeito de crime se entrega \u00e0 Pol\u00edcia Militar em Astolfo Dutra | Marcelo Lopes","robots":{"index":"index","follow":"follow","max-snippet":"max-snippet:-1","max-image-preview":"max-image-preview:large","max-video-preview":"max-video-preview:-1"},"canonical":"https:\/\/marcelolopes.jor.br\/site\/2019\/07\/28\/suspeito-de-crime-se-entrega-a-policia-militar-em-astolfo-dutra\/","og_locale":"pt_BR","og_type":"article","og_title":"Suspeito de crime se entrega \u00e0 Pol\u00edcia Militar em Astolfo Dutra | Marcelo Lopes","og_description":"O rapaz suspeito de ter matado a tiros um adolescente de 15 anos, em Astolfo Dutra na madrugada de sexta-feira para s\u00e1bado, 27 de julho, entregou-se \u00e0 Pol\u00edcia Militar acompanhado de seu advogado, Jos\u00e9 Adalberto Almeida da Cunha, na tardeLeia mais Suspeito de crime se entrega \u00e0 Pol\u00edcia Militar em Astolfo Dutra","og_url":"https:\/\/marcelolopes.jor.br\/site\/2019\/07\/28\/suspeito-de-crime-se-entrega-a-policia-militar-em-astolfo-dutra\/","og_site_name":"Marcelo Lopes","article_publisher":"https:\/\/www.facebook.com\/sitedomarcelolopes","article_published_time":"2019-07-28T19:59:39+00:00","og_image":[{"width":800,"height":531,"url":"https:\/\/marcelolopes.jor.br\/site\/wp-content\/uploads\/2019\/07\/imagens_26320151231260.jpg","type":"image\/jpeg"}],"author":"Marcelo Lopes","twitter_card":"summary_large_image","twitter_misc":{"Escrito por":"Marcelo Lopes","Est. tempo de leitura":"1 minuto"},"schema":{"@context":"https:\/\/schema.org","@graph":[{"@type":"NewsArticle","@id":"https:\/\/marcelolopes.jor.br\/site\/2019\/07\/28\/suspeito-de-crime-se-entrega-a-policia-militar-em-astolfo-dutra\/#article","isPartOf":{"@id":"https:\/\/marcelolopes.jor.br\/site\/2019\/07\/28\/suspeito-de-crime-se-entrega-a-policia-militar-em-astolfo-dutra\/"},"author":{"name":"Marcelo Lopes","@id":"https:\/\/marcelolopes.jor.br\/site\/#\/schema\/person\/3e7216a35c34d8fdf952b31da3d1f89f"},"headline":"Suspeito de crime se entrega \u00e0 Pol\u00edcia Militar em Astolfo Dutra","datePublished":"2019-07-28T19:59:39+00:00","mainEntityOfPage":{"@id":"https:\/\/marcelolopes.jor.br\/site\/2019\/07\/28\/suspeito-de-crime-se-entrega-a-policia-militar-em-astolfo-dutra\/"},"wordCount":220,"commentCount":0,"publisher":{"@id":"https:\/\/marcelolopes.jor.br\/site\/#organization"},"image":{"@id":"https:\/\/marcelolopes.jor.br\/site\/2019\/07\/28\/suspeito-de-crime-se-entrega-a-policia-militar-em-astolfo-dutra\/#primaryimage"},"thumbnailUrl":"https:\/\/marcelolopes.jor.br\/site\/wp-content\/uploads\/2019\/07\/imagens_26320151231260.jpg","keywords":["Astolfo Dutra","crime","homic\u00eddio","tiro"],"articleSection":["Not\u00edcias"],"inLanguage":"pt-BR","potentialAction":[{"@type":"CommentAction","name":"Comment","target":["https:\/\/marcelolopes.jor.br\/site\/2019\/07\/28\/suspeito-de-crime-se-entrega-a-policia-militar-em-astolfo-dutra\/#respond"]}]},{"@type":"WebPage","@id":"https:\/\/marcelolopes.jor.br\/site\/2019\/07\/28\/suspeito-de-crime-se-entrega-a-policia-militar-em-astolfo-dutra\/","url":"https:\/\/marcelolopes.jor.br\/site\/2019\/07\/28\/suspeito-de-crime-se-entrega-a-policia-militar-em-astolfo-dutra\/","name":"Suspeito de crime se entrega \u00e0 Pol\u00edcia Militar em Astolfo Dutra | Marcelo Lopes","isPartOf":{"@id":"https:\/\/marcelolopes.jor.br\/site\/#website"},"primaryImageOfPage":{"@id":"https:\/\/marcelolopes.jor.br\/site\/2019\/07\/28\/suspeito-de-crime-se-entrega-a-policia-militar-em-astolfo-dutra\/#primaryimage"},"image":{"@id":"https:\/\/marcelolopes.jor.br\/site\/2019\/07\/28\/suspeito-de-crime-se-entrega-a-policia-militar-em-astolfo-dutra\/#primaryimage"},"thumbnailUrl":"https:\/\/marcelolopes.jor.br\/site\/wp-content\/uploads\/2019\/07\/imagens_26320151231260.jpg","datePublished":"2019-07-28T19:59:39+00:00","breadcrumb":{"@id":"https:\/\/marcelolopes.jor.br\/site\/2019\/07\/28\/suspeito-de-crime-se-entrega-a-policia-militar-em-astolfo-dutra\/#breadcrumb"},"inLanguage":"pt-BR","potentialAction":[{"@type":"ReadAction","target":["https:\/\/marcelolopes.jor.br\/site\/2019\/07\/28\/suspeito-de-crime-se-entrega-a-policia-militar-em-astolfo-dutra\/"]}]},{"@type":"ImageObject","inLanguage":"pt-BR","@id":"https:\/\/marcelolopes.jor.br\/site\/2019\/07\/28\/suspeito-de-crime-se-entrega-a-policia-militar-em-astolfo-dutra\/#primaryimage","url":"https:\/\/marcelolopes.jor.br\/site\/wp-content\/uploads\/2019\/07\/imagens_26320151231260.jpg","contentUrl":"https:\/\/marcelolopes.jor.br\/site\/wp-content\/uploads\/2019\/07\/imagens_26320151231260.jpg","width":800,"height":531},{"@type":"BreadcrumbList","@id":"https:\/\/marcelolopes.jor.br\/site\/2019\/07\/28\/suspeito-de-crime-se-entrega-a-policia-militar-em-astolfo-dutra\/#breadcrumb","itemListElement":[{"@type":"ListItem","position":1,"name":"Home","item":"https:\/\/marcelolopes.jor.br\/site\/"},{"@type":"ListItem","position":2,"name":"Suspeito de crime se entrega \u00e0 Pol\u00edcia Militar em Astolfo Dutra"}]},{"@type":"WebSite","@id":"https:\/\/marcelolopes.jor.br\/site\/#website","url":"https:\/\/marcelolopes.jor.br\/site\/","name":"Marcelo Lopes","description":"Not\u00edcias de Cataguases e Regi\u00e3o","publisher":{"@id":"https:\/\/marcelolopes.jor.br\/site\/#organization"},"potentialAction":[{"@type":"SearchAction","target":{"@type":"EntryPoint","urlTemplate":"https:\/\/marcelolopes.jor.br\/site\/?s={search_term_string}"},"query-input":{"@type":"PropertyValueSpecification","valueRequired":true,"valueName":"search_term_string"}}],"inLanguage":"pt-BR"},{"@type":"Organization","@id":"https:\/\/marcelolopes.jor.br\/site\/#organization","name":"Site do Marcelo Lopes","url":"https:\/\/marcelolopes.jor.br\/site\/","logo":{"@type":"ImageObject","inLanguage":"pt-BR","@id":"https:\/\/marcelolopes.jor.br\/site\/#\/schema\/logo\/image\/","url":"https:\/\/marcelolopes.jor.br\/site\/wp-content\/uploads\/2024\/11\/logo-1.png","contentUrl":"https:\/\/marcelolopes.jor.br\/site\/wp-content\/uploads\/2024\/11\/logo-1.png","width":475,"height":80,"caption":"Site do Marcelo Lopes"},"image":{"@id":"https:\/\/marcelolopes.jor.br\/site\/#\/schema\/logo\/image\/"},"sameAs":["https:\/\/www.facebook.com\/sitedomarcelolopes","https:\/\/www.instagram.com\/sitedomarcelolopes\/","https:\/\/www.linkedin.com\/company\/site-do-marcelo-lopes\/","https:\/\/www.youtube.com\/user\/marcelolopes957"]},{"@type":"Person","@id":"https:\/\/marcelolopes.jor.br\/site\/#\/schema\/person\/3e7216a35c34d8fdf952b31da3d1f89f","name":"Marcelo Lopes","sameAs":["http:\/\/www.marcelolopes.jor.br"],"url":"https:\/\/marcelolopes.jor.br\/site\/author\/marcelo\/"}]}},"wps_subtitle":"Advogado dele havia anunciado esta medida para segunda-feira, mas resolveu adiantar o procedimento.","_links":{"self":[{"href":"https:\/\/marcelolopes.jor.br\/site\/wp-json\/wp\/v2\/posts\/4037","targetHints":{"allow":["GET"]}}],"collection":[{"href":"https:\/\/marcelolopes.jor.br\/site\/wp-json\/wp\/v2\/posts"}],"about":[{"href":"https:\/\/marcelolopes.jor.br\/site\/wp-json\/wp\/v2\/types\/post"}],"author":[{"embeddable":true,"href":"https:\/\/marcelolopes.jor.br\/site\/wp-json\/wp\/v2\/users\/2"}],"replies":[{"embeddable":true,"href":"https:\/\/marcelolopes.jor.br\/site\/wp-json\/wp\/v2\/comments?post=4037"}],"version-history":[{"count":0,"href":"https:\/\/marcelolopes.jor.br\/site\/wp-json\/wp\/v2\/posts\/4037\/revisions"}],"wp:featuredmedia":[{"embeddable":true,"href":"https:\/\/marcelolopes.jor.br\/site\/wp-json\/wp\/v2\/media\/4038"}],"wp:attachment":[{"href":"https:\/\/marcelolopes.jor.br\/site\/wp-json\/wp\/v2\/media?parent=4037"}],"wp:term":[{"taxonomy":"category","embeddable":true,"href":"https:\/\/marcelolopes.jor.br\/site\/wp-json\/wp\/v2\/categories?post=4037"},{"taxonomy":"post_tag","embeddable":true,"href":"https:\/\/marcelolopes.jor.br\/site\/wp-json\/wp\/v2\/tags?post=4037"}],"curies":[{"name":"wp","href":"https:\/\/api.w.org\/{rel}","templated":true}]}}