{"id":4017,"date":"2019-07-28T19:30:20","date_gmt":"2019-07-28T22:30:20","guid":{"rendered":"https:\/\/marcelolopes.jor.br\/?p=4017"},"modified":"2022-11-13T15:48:42","modified_gmt":"2022-11-13T18:48:42","slug":"igreja-catolica-reune-quase-mil-jovens-no-encontro-liberta-me","status":"publish","type":"post","link":"https:\/\/marcelolopes.jor.br\/site\/2019\/07\/28\/igreja-catolica-reune-quase-mil-jovens-no-encontro-liberta-me\/","title":{"rendered":"Igreja cat\u00f3lica re\u00fane quase mil jovens no encontro &#8220;Liberta-me&#8221;"},"content":{"rendered":"<p style=\"text-align: justify;\">O Clube do Remo sediou na tarde deste domingo, 28 de julho, o encontro cat\u00f3lico &#8220;Liberta-me&#8221; que reuniu quase mil pessoas, a maioria jovens que passaram a tarde em ora\u00e7\u00e3o, ouvindo palestras e cantando. Ao final, \u00e0s 17 horas, foi celebrada uma missa pelo padre Divani, da Par\u00f3quia de S\u00e3o Jos\u00e9 Oper\u00e1rio, organizadora do evento que come\u00e7ou \u00e0s 13 horas.<!--more--><\/p>\n<p style=\"text-align: justify;\"><img loading=\"lazy\" decoding=\"async\" class=\"alignleft wp-image-4020\" src=\"https:\/\/marcelolopes.jor.br\/site\/wp-content\/uploads\/2019\/07\/Reginaldo-223x300.jpg\" alt=\"Igreja cat\u00f3lica re\u00fane quase\" width=\"200\" height=\"269\" srcset=\"https:\/\/marcelolopes.jor.br\/site\/wp-content\/uploads\/2019\/07\/Reginaldo-223x300.jpg 223w, https:\/\/marcelolopes.jor.br\/site\/wp-content\/uploads\/2019\/07\/Reginaldo.jpg 270w\" sizes=\"auto, (max-width: 200px) 100vw, 200px\" \/>Al\u00e9m do p\u00fablico, oriundo de diversas cidades da regi\u00e3o, o encontro foi coordenado por Reginaldo Braz de Carvalho (foto ao lado), de Itaperuna, que participa da comunidade Trindade Santa que tem um n\u00facleo em Cataguases. Ele explica que o evento desta tarde surgiu da ideia de reunir os jovens para motivar o trabalho do grupo Trindade Jovem, que funciona aos s\u00e1bados na Par\u00f3quia de S\u00e3o Jos\u00e9 Oper\u00e1rio. &#8220;Al\u00e9m dele temos o Disc\u00edpulos de Ema\u00fas, grupo misto, que se re\u00fane \u00e0s quintas-feiras, na Matriz de S\u00e3o Jos\u00e9 Oper\u00e1rio.<\/p>\n<p style=\"text-align: justify;\">Ao longo da tarde eles rezaram e assistiram a prega\u00e7\u00f5es feitas pelo pr\u00f3prio Reginaldo, Gabriel Sader, coordenador de grupo de jovens em Itaperuna, Ricardo Braz, outro coordenador de grupo de jovens e Luciano Muskito, um dos pregadores mais conhecidos entre os cat\u00f3licos da regi\u00e3o. Tamb\u00e9m foi apresentado o projeto jovem que a Diocese de Leopoldina est\u00e1 implementando, contou Reginaldo. &#8220;Nosso objetivo \u00e9 incrementar a participa\u00e7\u00e3o dos jovens e este \u00e9 o nosso trabalho; ou seja, atra\u00ed-lo para a Igreja e prepar\u00e1-los tamb\u00e9m para a evangeliza\u00e7\u00e3o&#8221;, explicou. O encontro deste domingo, conforme Reginaldo, &#8220;\u00e9 o pontap\u00e9 inicial neste movimento que, certamente, ir\u00e1 se repetir&#8221;, prev\u00ea.<\/p>\n<p style=\"text-align: justify;\">Durante o evento os participantes cantaram diversas m\u00fasicas executadas pela banda formada por m\u00fasicos da comunidade cat\u00f3lica de Itaperuna. As palestras e prega\u00e7\u00f5es, conforme informou Reginaldo abordaram o epis\u00f3dio dos Disc\u00edpulos de Ema\u00fas (fato narrado no Evangelho de S\u00e3o Lucas sobre a apari\u00e7\u00e3o de Jesus Cristo ressuscitado a dois de seus disc\u00edpulos que seguiam de Jerusal\u00e9m para Ema\u00fas) e tamb\u00e9m sobre o tema &#8220;Liberta-me&#8221; que deu nome ao evento, &#8220;cujo objetivo foi mostrar \u00e0 juventude a verdadeira liberdade; a liberdade dos filhos de Deus&#8221;, completou.<\/p>\n<p>Veja fotos do evento na galeria abaixo.<\/p>\n<div id='gallery-1' class='gallery galleryid-4017 gallery-columns-5 gallery-size-thumbnail'><figure class='gallery-item'>\n\t\t\t<div class='gallery-icon landscape'>\n\t\t\t\t<a href='https:\/\/marcelolopes.jor.br\/site\/2019\/07\/28\/igreja-catolica-reune-quase-mil-jovens-no-encontro-liberta-me\/img_5721\/'><img loading=\"lazy\" decoding=\"async\" width=\"150\" height=\"150\" src=\"https:\/\/marcelolopes.jor.br\/site\/wp-content\/uploads\/2019\/07\/IMG_5721-150x150.jpg\" class=\"attachment-thumbnail size-thumbnail\" alt=\"Igreja cat\u00f3lica re\u00fane quase\" \/><\/a>\n\t\t\t<\/div><\/figure><figure class='gallery-item'>\n\t\t\t<div class='gallery-icon landscape'>\n\t\t\t\t<a href='https:\/\/marcelolopes.jor.br\/site\/2019\/07\/28\/igreja-catolica-reune-quase-mil-jovens-no-encontro-liberta-me\/img_5708\/'><img loading=\"lazy\" decoding=\"async\" width=\"150\" height=\"150\" src=\"https:\/\/marcelolopes.jor.br\/site\/wp-content\/uploads\/2019\/07\/IMG_5708-150x150.jpg\" class=\"attachment-thumbnail size-thumbnail\" alt=\"Igreja cat\u00f3lica re\u00fane quase\" \/><\/a>\n\t\t\t<\/div><\/figure><figure class='gallery-item'>\n\t\t\t<div class='gallery-icon landscape'>\n\t\t\t\t<a href='https:\/\/marcelolopes.jor.br\/site\/2019\/07\/28\/igreja-catolica-reune-quase-mil-jovens-no-encontro-liberta-me\/img_5706\/'><img loading=\"lazy\" decoding=\"async\" width=\"150\" height=\"150\" src=\"https:\/\/marcelolopes.jor.br\/site\/wp-content\/uploads\/2019\/07\/IMG_5706-150x150.jpg\" class=\"attachment-thumbnail size-thumbnail\" alt=\"Igreja cat\u00f3lica re\u00fane quase\" \/><\/a>\n\t\t\t<\/div><\/figure><figure class='gallery-item'>\n\t\t\t<div class='gallery-icon landscape'>\n\t\t\t\t<a href='https:\/\/marcelolopes.jor.br\/site\/2019\/07\/28\/igreja-catolica-reune-quase-mil-jovens-no-encontro-liberta-me\/img_5710\/'><img loading=\"lazy\" decoding=\"async\" width=\"150\" height=\"150\" src=\"https:\/\/marcelolopes.jor.br\/site\/wp-content\/uploads\/2019\/07\/IMG_5710-150x150.jpg\" class=\"attachment-thumbnail size-thumbnail\" alt=\"Igreja cat\u00f3lica re\u00fane quase\" \/><\/a>\n\t\t\t<\/div><\/figure><figure class='gallery-item'>\n\t\t\t<div class='gallery-icon landscape'>\n\t\t\t\t<a href='https:\/\/marcelolopes.jor.br\/site\/2019\/07\/28\/igreja-catolica-reune-quase-mil-jovens-no-encontro-liberta-me\/img_5713\/'><img loading=\"lazy\" decoding=\"async\" width=\"150\" height=\"150\" src=\"https:\/\/marcelolopes.jor.br\/site\/wp-content\/uploads\/2019\/07\/IMG_5713-150x150.jpg\" class=\"attachment-thumbnail size-thumbnail\" alt=\"Igreja cat\u00f3lica re\u00fane quase\" \/><\/a>\n\t\t\t<\/div><\/figure><figure class='gallery-item'>\n\t\t\t<div class='gallery-icon landscape'>\n\t\t\t\t<a href='https:\/\/marcelolopes.jor.br\/site\/2019\/07\/28\/igreja-catolica-reune-quase-mil-jovens-no-encontro-liberta-me\/img_5714\/'><img loading=\"lazy\" decoding=\"async\" width=\"150\" height=\"150\" src=\"https:\/\/marcelolopes.jor.br\/site\/wp-content\/uploads\/2019\/07\/IMG_5714-150x150.jpg\" class=\"attachment-thumbnail size-thumbnail\" alt=\"Igreja cat\u00f3lica re\u00fane quase\" \/><\/a>\n\t\t\t<\/div><\/figure><figure class='gallery-item'>\n\t\t\t<div class='gallery-icon landscape'>\n\t\t\t\t<a href='https:\/\/marcelolopes.jor.br\/site\/2019\/07\/28\/igreja-catolica-reune-quase-mil-jovens-no-encontro-liberta-me\/img_5725\/'><img loading=\"lazy\" decoding=\"async\" width=\"150\" height=\"150\" src=\"https:\/\/marcelolopes.jor.br\/site\/wp-content\/uploads\/2019\/07\/IMG_5725-150x150.jpg\" class=\"attachment-thumbnail size-thumbnail\" alt=\"\" \/><\/a>\n\t\t\t<\/div><\/figure><figure class='gallery-item'>\n\t\t\t<div class='gallery-icon landscape'>\n\t\t\t\t<a href='https:\/\/marcelolopes.jor.br\/site\/2019\/07\/28\/igreja-catolica-reune-quase-mil-jovens-no-encontro-liberta-me\/img_5734\/'><img loading=\"lazy\" decoding=\"async\" width=\"150\" height=\"150\" src=\"https:\/\/marcelolopes.jor.br\/site\/wp-content\/uploads\/2019\/07\/IMG_5734-150x150.jpg\" class=\"attachment-thumbnail size-thumbnail\" alt=\"\" \/><\/a>\n\t\t\t<\/div><\/figure><figure class='gallery-item'>\n\t\t\t<div class='gallery-icon landscape'>\n\t\t\t\t<a href='https:\/\/marcelolopes.jor.br\/site\/2019\/07\/28\/igreja-catolica-reune-quase-mil-jovens-no-encontro-liberta-me\/img_5733\/'><img loading=\"lazy\" decoding=\"async\" width=\"150\" height=\"150\" src=\"https:\/\/marcelolopes.jor.br\/site\/wp-content\/uploads\/2019\/07\/IMG_5733-150x150.jpg\" class=\"attachment-thumbnail size-thumbnail\" alt=\"\" \/><\/a>\n\t\t\t<\/div><\/figure><figure class='gallery-item'>\n\t\t\t<div class='gallery-icon landscape'>\n\t\t\t\t<a href='https:\/\/marcelolopes.jor.br\/site\/2019\/07\/28\/igreja-catolica-reune-quase-mil-jovens-no-encontro-liberta-me\/img_5736\/'><img loading=\"lazy\" decoding=\"async\" width=\"150\" height=\"150\" src=\"https:\/\/marcelolopes.jor.br\/site\/wp-content\/uploads\/2019\/07\/IMG_5736-150x150.jpg\" class=\"attachment-thumbnail size-thumbnail\" alt=\"\" \/><\/a>\n\t\t\t<\/div><\/figure><figure class='gallery-item'>\n\t\t\t<div class='gallery-icon landscape'>\n\t\t\t\t<a href='https:\/\/marcelolopes.jor.br\/site\/2019\/07\/28\/igreja-catolica-reune-quase-mil-jovens-no-encontro-liberta-me\/img_5729\/'><img loading=\"lazy\" decoding=\"async\" width=\"150\" height=\"150\" src=\"https:\/\/marcelolopes.jor.br\/site\/wp-content\/uploads\/2019\/07\/IMG_5729-150x150.jpg\" class=\"attachment-thumbnail size-thumbnail\" alt=\"\" \/><\/a>\n\t\t\t<\/div><\/figure>\n\t\t<\/div>\n\n<p><em>Fotos exclusivas Site do Marcelo Lopes<\/em><\/p>\n<div class=\"cmjrb69f74d4439905\" ><br><\/div><style type=\"text\/css\">\r\n@media screen and (min-width: 1201px) {\r\n.cmjrb69f74d4439905 {\r\ndisplay: block;\r\n}\r\n}\r\n@media screen and (min-width: 993px) and (max-width: 1200px) {\r\n.cmjrb69f74d4439905 {\r\ndisplay: block;\r\n}\r\n}\r\n@media screen and (min-width: 769px) and (max-width: 992px) {\r\n.cmjrb69f74d4439905 {\r\ndisplay: block;\r\n}\r\n}\r\n@media screen and (min-width: 768px) and (max-width: 768px) {\r\n.cmjrb69f74d4439905 {\r\ndisplay: block;\r\n}\r\n}\r\n@media screen and (max-width: 767px) {\r\n.cmjrb69f74d4439905 {\r\ndisplay: block;\r\n}\r\n}\r\n<\/style>\r\n<div class=\"xjbzl69f74d443ea27\" ><div id=\"div_destino\"><\/div>\r\n<script src=\"https:\/\/cdn.snsrsv.com\/sdk.js\"><\/script>\r\n<script >\r\n      new sdk(\"464030C30061EA8BE065000000000001\") \r\n          .appendTo(\"div_destino\")\r\n          .disableStyle(true) \r\n          .setCacheBusterMacro(\"%%CACHEBUSTER%%\")\r\n          .setSize(\"800\",\"214\")\r\n          .setClickMacro(\"%%CLICK_URL_ESC%%\") \r\n          .setReferrerUrlMacro(\"%%REFERRER_URL_ESC%%\") \r\n          .start(); \r\n<\/script><\/div><style type=\"text\/css\">\r\n@media screen and (min-width: 1201px) {\r\n.xjbzl69f74d443ea27 {\r\ndisplay: block;\r\n}\r\n}\r\n@media screen and (min-width: 993px) and (max-width: 1200px) {\r\n.xjbzl69f74d443ea27 {\r\ndisplay: block;\r\n}\r\n}\r\n@media screen and (min-width: 769px) and (max-width: 992px) {\r\n.xjbzl69f74d443ea27 {\r\ndisplay: block;\r\n}\r\n}\r\n@media screen and (min-width: 768px) and (max-width: 768px) {\r\n.xjbzl69f74d443ea27 {\r\ndisplay: block;\r\n}\r\n}\r\n@media screen and (max-width: 767px) {\r\n.xjbzl69f74d443ea27 {\r\ndisplay: block;\r\n}\r\n}\r\n<\/style>\r\n","protected":false},"excerpt":{"rendered":"<p>O Clube do Remo sediou na tarde deste domingo, 28 de julho, o encontro cat\u00f3lico &#8220;Liberta-me&#8221; que reuniu quase mil pessoas, a maioria jovens que passaram a tarde em ora\u00e7\u00e3o, ouvindo palestras e cantando. Ao final, \u00e0s 17 horas, foi<\/p>\n<p class=\"link-more\"><a class=\"more-link\" href=\"https:\/\/marcelolopes.jor.br\/site\/2019\/07\/28\/igreja-catolica-reune-quase-mil-jovens-no-encontro-liberta-me\/\">Leia mais <span class=\"screen-reader-text\">Igreja cat\u00f3lica re\u00fane quase mil jovens no encontro &#8220;Liberta-me&#8221;<\/span><\/a><\/p>\n","protected":false},"author":2,"featured_media":4033,"comment_status":"open","ping_status":"open","sticky":false,"template":"","format":"standard","meta":{"footnotes":""},"categories":[1],"tags":[877,876,878,879],"class_list":["post-4017","post","type-post","status-publish","format-standard","has-post-thumbnail","hentry","category-noticias","tag-igreja-catolica","tag-liberta-me","tag-paroquia","tag-sao-jose-operario","thumb-below-title"],"yoast_head":"<!-- This site is optimized with the Yoast SEO plugin v27.4 - https:\/\/yoast.com\/product\/yoast-seo-wordpress\/ -->\n<title>Igreja cat\u00f3lica re\u00fane quase mil jovens no encontro &quot;Liberta-me&quot;<\/title>\n<meta name=\"description\" content=\"Igreja cat\u00f3lica re\u00fane quase mil jovens no encontro &quot;Liberta-me&quot;. Iniciativa quer motivar a participa\u00e7\u00e3o do jovem na Igreja.\" \/>\n<meta name=\"robots\" content=\"index, follow, max-snippet:-1, max-image-preview:large, max-video-preview:-1\" \/>\n<link rel=\"canonical\" href=\"https:\/\/marcelolopes.jor.br\/site\/2019\/07\/28\/igreja-catolica-reune-quase-mil-jovens-no-encontro-liberta-me\/\" \/>\n<meta property=\"og:locale\" content=\"pt_BR\" \/>\n<meta property=\"og:type\" content=\"article\" \/>\n<meta property=\"og:title\" content=\"Igreja cat\u00f3lica re\u00fane quase mil jovens no encontro &quot;Liberta-me&quot;\" \/>\n<meta property=\"og:description\" content=\"Igreja cat\u00f3lica re\u00fane quase mil jovens no encontro &quot;Liberta-me&quot;. Iniciativa quer motivar a participa\u00e7\u00e3o do jovem na Igreja.\" \/>\n<meta property=\"og:url\" content=\"https:\/\/marcelolopes.jor.br\/site\/2019\/07\/28\/igreja-catolica-reune-quase-mil-jovens-no-encontro-liberta-me\/\" \/>\n<meta property=\"og:site_name\" content=\"Marcelo Lopes\" \/>\n<meta property=\"article:publisher\" content=\"https:\/\/www.facebook.com\/sitedomarcelolopes\" \/>\n<meta property=\"article:published_time\" content=\"2019-07-28T22:30:20+00:00\" \/>\n<meta property=\"article:modified_time\" content=\"2022-11-13T18:48:42+00:00\" \/>\n<meta property=\"og:image\" content=\"https:\/\/marcelolopes.jor.br\/site\/wp-content\/uploads\/2019\/07\/IMG_5712.jpg\" \/>\n\t<meta property=\"og:image:width\" content=\"640\" \/>\n\t<meta property=\"og:image:height\" content=\"480\" \/>\n\t<meta property=\"og:image:type\" content=\"image\/jpeg\" \/>\n<meta name=\"author\" content=\"Marcelo Lopes\" \/>\n<meta name=\"twitter:card\" content=\"summary_large_image\" \/>\n<meta name=\"twitter:label1\" content=\"Escrito por\" \/>\n\t<meta name=\"twitter:data1\" content=\"Marcelo Lopes\" \/>\n\t<meta name=\"twitter:label2\" content=\"Est. tempo de leitura\" \/>\n\t<meta name=\"twitter:data2\" content=\"2 minutos\" \/>\n<script type=\"application\/ld+json\" class=\"yoast-schema-graph\">{\"@context\":\"https:\\\/\\\/schema.org\",\"@graph\":[{\"@type\":\"NewsArticle\",\"@id\":\"https:\\\/\\\/marcelolopes.jor.br\\\/site\\\/2019\\\/07\\\/28\\\/igreja-catolica-reune-quase-mil-jovens-no-encontro-liberta-me\\\/#article\",\"isPartOf\":{\"@id\":\"https:\\\/\\\/marcelolopes.jor.br\\\/site\\\/2019\\\/07\\\/28\\\/igreja-catolica-reune-quase-mil-jovens-no-encontro-liberta-me\\\/\"},\"author\":{\"name\":\"Marcelo Lopes\",\"@id\":\"https:\\\/\\\/marcelolopes.jor.br\\\/site\\\/#\\\/schema\\\/person\\\/3e7216a35c34d8fdf952b31da3d1f89f\"},\"headline\":\"Igreja cat\u00f3lica re\u00fane quase mil jovens no encontro &#8220;Liberta-me&#8221;\",\"datePublished\":\"2019-07-28T22:30:20+00:00\",\"dateModified\":\"2022-11-13T18:48:42+00:00\",\"mainEntityOfPage\":{\"@id\":\"https:\\\/\\\/marcelolopes.jor.br\\\/site\\\/2019\\\/07\\\/28\\\/igreja-catolica-reune-quase-mil-jovens-no-encontro-liberta-me\\\/\"},\"wordCount\":399,\"commentCount\":0,\"publisher\":{\"@id\":\"https:\\\/\\\/marcelolopes.jor.br\\\/site\\\/#organization\"},\"image\":{\"@id\":\"https:\\\/\\\/marcelolopes.jor.br\\\/site\\\/2019\\\/07\\\/28\\\/igreja-catolica-reune-quase-mil-jovens-no-encontro-liberta-me\\\/#primaryimage\"},\"thumbnailUrl\":\"https:\\\/\\\/marcelolopes.jor.br\\\/site\\\/wp-content\\\/uploads\\\/2019\\\/07\\\/IMG_5712.jpg\",\"keywords\":[\"igreja cat\u00f3lica\",\"Liberta-me\",\"par\u00f3quia\",\"S\u00e3o Jos\u00e9 Oper\u00e1rio\"],\"articleSection\":[\"Not\u00edcias\"],\"inLanguage\":\"pt-BR\",\"potentialAction\":[{\"@type\":\"CommentAction\",\"name\":\"Comment\",\"target\":[\"https:\\\/\\\/marcelolopes.jor.br\\\/site\\\/2019\\\/07\\\/28\\\/igreja-catolica-reune-quase-mil-jovens-no-encontro-liberta-me\\\/#respond\"]}]},{\"@type\":\"WebPage\",\"@id\":\"https:\\\/\\\/marcelolopes.jor.br\\\/site\\\/2019\\\/07\\\/28\\\/igreja-catolica-reune-quase-mil-jovens-no-encontro-liberta-me\\\/\",\"url\":\"https:\\\/\\\/marcelolopes.jor.br\\\/site\\\/2019\\\/07\\\/28\\\/igreja-catolica-reune-quase-mil-jovens-no-encontro-liberta-me\\\/\",\"name\":\"Igreja cat\u00f3lica re\u00fane quase mil jovens no encontro \\\"Liberta-me\\\"\",\"isPartOf\":{\"@id\":\"https:\\\/\\\/marcelolopes.jor.br\\\/site\\\/#website\"},\"primaryImageOfPage\":{\"@id\":\"https:\\\/\\\/marcelolopes.jor.br\\\/site\\\/2019\\\/07\\\/28\\\/igreja-catolica-reune-quase-mil-jovens-no-encontro-liberta-me\\\/#primaryimage\"},\"image\":{\"@id\":\"https:\\\/\\\/marcelolopes.jor.br\\\/site\\\/2019\\\/07\\\/28\\\/igreja-catolica-reune-quase-mil-jovens-no-encontro-liberta-me\\\/#primaryimage\"},\"thumbnailUrl\":\"https:\\\/\\\/marcelolopes.jor.br\\\/site\\\/wp-content\\\/uploads\\\/2019\\\/07\\\/IMG_5712.jpg\",\"datePublished\":\"2019-07-28T22:30:20+00:00\",\"dateModified\":\"2022-11-13T18:48:42+00:00\",\"description\":\"Igreja cat\u00f3lica re\u00fane quase mil jovens no encontro \\\"Liberta-me\\\". Iniciativa quer motivar a participa\u00e7\u00e3o do jovem na Igreja.\",\"breadcrumb\":{\"@id\":\"https:\\\/\\\/marcelolopes.jor.br\\\/site\\\/2019\\\/07\\\/28\\\/igreja-catolica-reune-quase-mil-jovens-no-encontro-liberta-me\\\/#breadcrumb\"},\"inLanguage\":\"pt-BR\",\"potentialAction\":[{\"@type\":\"ReadAction\",\"target\":[\"https:\\\/\\\/marcelolopes.jor.br\\\/site\\\/2019\\\/07\\\/28\\\/igreja-catolica-reune-quase-mil-jovens-no-encontro-liberta-me\\\/\"]}]},{\"@type\":\"ImageObject\",\"inLanguage\":\"pt-BR\",\"@id\":\"https:\\\/\\\/marcelolopes.jor.br\\\/site\\\/2019\\\/07\\\/28\\\/igreja-catolica-reune-quase-mil-jovens-no-encontro-liberta-me\\\/#primaryimage\",\"url\":\"https:\\\/\\\/marcelolopes.jor.br\\\/site\\\/wp-content\\\/uploads\\\/2019\\\/07\\\/IMG_5712.jpg\",\"contentUrl\":\"https:\\\/\\\/marcelolopes.jor.br\\\/site\\\/wp-content\\\/uploads\\\/2019\\\/07\\\/IMG_5712.jpg\",\"width\":640,\"height\":480,\"caption\":\"Igreja cat\u00f3lica re\u00fane quase\"},{\"@type\":\"BreadcrumbList\",\"@id\":\"https:\\\/\\\/marcelolopes.jor.br\\\/site\\\/2019\\\/07\\\/28\\\/igreja-catolica-reune-quase-mil-jovens-no-encontro-liberta-me\\\/#breadcrumb\",\"itemListElement\":[{\"@type\":\"ListItem\",\"position\":1,\"name\":\"Home\",\"item\":\"https:\\\/\\\/marcelolopes.jor.br\\\/site\\\/\"},{\"@type\":\"ListItem\",\"position\":2,\"name\":\"Igreja cat\u00f3lica re\u00fane quase mil jovens no encontro &#8220;Liberta-me&#8221;\"}]},{\"@type\":\"WebSite\",\"@id\":\"https:\\\/\\\/marcelolopes.jor.br\\\/site\\\/#website\",\"url\":\"https:\\\/\\\/marcelolopes.jor.br\\\/site\\\/\",\"name\":\"Marcelo Lopes\",\"description\":\"Not\u00edcias de Cataguases e Regi\u00e3o\",\"publisher\":{\"@id\":\"https:\\\/\\\/marcelolopes.jor.br\\\/site\\\/#organization\"},\"potentialAction\":[{\"@type\":\"SearchAction\",\"target\":{\"@type\":\"EntryPoint\",\"urlTemplate\":\"https:\\\/\\\/marcelolopes.jor.br\\\/site\\\/?s={search_term_string}\"},\"query-input\":{\"@type\":\"PropertyValueSpecification\",\"valueRequired\":true,\"valueName\":\"search_term_string\"}}],\"inLanguage\":\"pt-BR\"},{\"@type\":\"Organization\",\"@id\":\"https:\\\/\\\/marcelolopes.jor.br\\\/site\\\/#organization\",\"name\":\"Site do Marcelo Lopes\",\"url\":\"https:\\\/\\\/marcelolopes.jor.br\\\/site\\\/\",\"logo\":{\"@type\":\"ImageObject\",\"inLanguage\":\"pt-BR\",\"@id\":\"https:\\\/\\\/marcelolopes.jor.br\\\/site\\\/#\\\/schema\\\/logo\\\/image\\\/\",\"url\":\"https:\\\/\\\/marcelolopes.jor.br\\\/site\\\/wp-content\\\/uploads\\\/2024\\\/11\\\/logo-1.png\",\"contentUrl\":\"https:\\\/\\\/marcelolopes.jor.br\\\/site\\\/wp-content\\\/uploads\\\/2024\\\/11\\\/logo-1.png\",\"width\":475,\"height\":80,\"caption\":\"Site do Marcelo Lopes\"},\"image\":{\"@id\":\"https:\\\/\\\/marcelolopes.jor.br\\\/site\\\/#\\\/schema\\\/logo\\\/image\\\/\"},\"sameAs\":[\"https:\\\/\\\/www.facebook.com\\\/sitedomarcelolopes\",\"https:\\\/\\\/www.instagram.com\\\/sitedomarcelolopes\\\/\",\"https:\\\/\\\/www.linkedin.com\\\/company\\\/site-do-marcelo-lopes\\\/\",\"https:\\\/\\\/www.youtube.com\\\/user\\\/marcelolopes957\"]},{\"@type\":\"Person\",\"@id\":\"https:\\\/\\\/marcelolopes.jor.br\\\/site\\\/#\\\/schema\\\/person\\\/3e7216a35c34d8fdf952b31da3d1f89f\",\"name\":\"Marcelo Lopes\",\"sameAs\":[\"http:\\\/\\\/www.marcelolopes.jor.br\"],\"url\":\"https:\\\/\\\/marcelolopes.jor.br\\\/site\\\/author\\\/marcelo\\\/\"}]}<\/script>\n<!-- \/ Yoast SEO plugin. -->","yoast_head_json":{"title":"Igreja cat\u00f3lica re\u00fane quase mil jovens no encontro \"Liberta-me\"","description":"Igreja cat\u00f3lica re\u00fane quase mil jovens no encontro \"Liberta-me\". Iniciativa quer motivar a participa\u00e7\u00e3o do jovem na Igreja.","robots":{"index":"index","follow":"follow","max-snippet":"max-snippet:-1","max-image-preview":"max-image-preview:large","max-video-preview":"max-video-preview:-1"},"canonical":"https:\/\/marcelolopes.jor.br\/site\/2019\/07\/28\/igreja-catolica-reune-quase-mil-jovens-no-encontro-liberta-me\/","og_locale":"pt_BR","og_type":"article","og_title":"Igreja cat\u00f3lica re\u00fane quase mil jovens no encontro \"Liberta-me\"","og_description":"Igreja cat\u00f3lica re\u00fane quase mil jovens no encontro \"Liberta-me\". Iniciativa quer motivar a participa\u00e7\u00e3o do jovem na Igreja.","og_url":"https:\/\/marcelolopes.jor.br\/site\/2019\/07\/28\/igreja-catolica-reune-quase-mil-jovens-no-encontro-liberta-me\/","og_site_name":"Marcelo Lopes","article_publisher":"https:\/\/www.facebook.com\/sitedomarcelolopes","article_published_time":"2019-07-28T22:30:20+00:00","article_modified_time":"2022-11-13T18:48:42+00:00","og_image":[{"width":640,"height":480,"url":"https:\/\/marcelolopes.jor.br\/site\/wp-content\/uploads\/2019\/07\/IMG_5712.jpg","type":"image\/jpeg"}],"author":"Marcelo Lopes","twitter_card":"summary_large_image","twitter_misc":{"Escrito por":"Marcelo Lopes","Est. tempo de leitura":"2 minutos"},"schema":{"@context":"https:\/\/schema.org","@graph":[{"@type":"NewsArticle","@id":"https:\/\/marcelolopes.jor.br\/site\/2019\/07\/28\/igreja-catolica-reune-quase-mil-jovens-no-encontro-liberta-me\/#article","isPartOf":{"@id":"https:\/\/marcelolopes.jor.br\/site\/2019\/07\/28\/igreja-catolica-reune-quase-mil-jovens-no-encontro-liberta-me\/"},"author":{"name":"Marcelo Lopes","@id":"https:\/\/marcelolopes.jor.br\/site\/#\/schema\/person\/3e7216a35c34d8fdf952b31da3d1f89f"},"headline":"Igreja cat\u00f3lica re\u00fane quase mil jovens no encontro &#8220;Liberta-me&#8221;","datePublished":"2019-07-28T22:30:20+00:00","dateModified":"2022-11-13T18:48:42+00:00","mainEntityOfPage":{"@id":"https:\/\/marcelolopes.jor.br\/site\/2019\/07\/28\/igreja-catolica-reune-quase-mil-jovens-no-encontro-liberta-me\/"},"wordCount":399,"commentCount":0,"publisher":{"@id":"https:\/\/marcelolopes.jor.br\/site\/#organization"},"image":{"@id":"https:\/\/marcelolopes.jor.br\/site\/2019\/07\/28\/igreja-catolica-reune-quase-mil-jovens-no-encontro-liberta-me\/#primaryimage"},"thumbnailUrl":"https:\/\/marcelolopes.jor.br\/site\/wp-content\/uploads\/2019\/07\/IMG_5712.jpg","keywords":["igreja cat\u00f3lica","Liberta-me","par\u00f3quia","S\u00e3o Jos\u00e9 Oper\u00e1rio"],"articleSection":["Not\u00edcias"],"inLanguage":"pt-BR","potentialAction":[{"@type":"CommentAction","name":"Comment","target":["https:\/\/marcelolopes.jor.br\/site\/2019\/07\/28\/igreja-catolica-reune-quase-mil-jovens-no-encontro-liberta-me\/#respond"]}]},{"@type":"WebPage","@id":"https:\/\/marcelolopes.jor.br\/site\/2019\/07\/28\/igreja-catolica-reune-quase-mil-jovens-no-encontro-liberta-me\/","url":"https:\/\/marcelolopes.jor.br\/site\/2019\/07\/28\/igreja-catolica-reune-quase-mil-jovens-no-encontro-liberta-me\/","name":"Igreja cat\u00f3lica re\u00fane quase mil jovens no encontro \"Liberta-me\"","isPartOf":{"@id":"https:\/\/marcelolopes.jor.br\/site\/#website"},"primaryImageOfPage":{"@id":"https:\/\/marcelolopes.jor.br\/site\/2019\/07\/28\/igreja-catolica-reune-quase-mil-jovens-no-encontro-liberta-me\/#primaryimage"},"image":{"@id":"https:\/\/marcelolopes.jor.br\/site\/2019\/07\/28\/igreja-catolica-reune-quase-mil-jovens-no-encontro-liberta-me\/#primaryimage"},"thumbnailUrl":"https:\/\/marcelolopes.jor.br\/site\/wp-content\/uploads\/2019\/07\/IMG_5712.jpg","datePublished":"2019-07-28T22:30:20+00:00","dateModified":"2022-11-13T18:48:42+00:00","description":"Igreja cat\u00f3lica re\u00fane quase mil jovens no encontro \"Liberta-me\". Iniciativa quer motivar a participa\u00e7\u00e3o do jovem na Igreja.","breadcrumb":{"@id":"https:\/\/marcelolopes.jor.br\/site\/2019\/07\/28\/igreja-catolica-reune-quase-mil-jovens-no-encontro-liberta-me\/#breadcrumb"},"inLanguage":"pt-BR","potentialAction":[{"@type":"ReadAction","target":["https:\/\/marcelolopes.jor.br\/site\/2019\/07\/28\/igreja-catolica-reune-quase-mil-jovens-no-encontro-liberta-me\/"]}]},{"@type":"ImageObject","inLanguage":"pt-BR","@id":"https:\/\/marcelolopes.jor.br\/site\/2019\/07\/28\/igreja-catolica-reune-quase-mil-jovens-no-encontro-liberta-me\/#primaryimage","url":"https:\/\/marcelolopes.jor.br\/site\/wp-content\/uploads\/2019\/07\/IMG_5712.jpg","contentUrl":"https:\/\/marcelolopes.jor.br\/site\/wp-content\/uploads\/2019\/07\/IMG_5712.jpg","width":640,"height":480,"caption":"Igreja cat\u00f3lica re\u00fane quase"},{"@type":"BreadcrumbList","@id":"https:\/\/marcelolopes.jor.br\/site\/2019\/07\/28\/igreja-catolica-reune-quase-mil-jovens-no-encontro-liberta-me\/#breadcrumb","itemListElement":[{"@type":"ListItem","position":1,"name":"Home","item":"https:\/\/marcelolopes.jor.br\/site\/"},{"@type":"ListItem","position":2,"name":"Igreja cat\u00f3lica re\u00fane quase mil jovens no encontro &#8220;Liberta-me&#8221;"}]},{"@type":"WebSite","@id":"https:\/\/marcelolopes.jor.br\/site\/#website","url":"https:\/\/marcelolopes.jor.br\/site\/","name":"Marcelo Lopes","description":"Not\u00edcias de Cataguases e Regi\u00e3o","publisher":{"@id":"https:\/\/marcelolopes.jor.br\/site\/#organization"},"potentialAction":[{"@type":"SearchAction","target":{"@type":"EntryPoint","urlTemplate":"https:\/\/marcelolopes.jor.br\/site\/?s={search_term_string}"},"query-input":{"@type":"PropertyValueSpecification","valueRequired":true,"valueName":"search_term_string"}}],"inLanguage":"pt-BR"},{"@type":"Organization","@id":"https:\/\/marcelolopes.jor.br\/site\/#organization","name":"Site do Marcelo Lopes","url":"https:\/\/marcelolopes.jor.br\/site\/","logo":{"@type":"ImageObject","inLanguage":"pt-BR","@id":"https:\/\/marcelolopes.jor.br\/site\/#\/schema\/logo\/image\/","url":"https:\/\/marcelolopes.jor.br\/site\/wp-content\/uploads\/2024\/11\/logo-1.png","contentUrl":"https:\/\/marcelolopes.jor.br\/site\/wp-content\/uploads\/2024\/11\/logo-1.png","width":475,"height":80,"caption":"Site do Marcelo Lopes"},"image":{"@id":"https:\/\/marcelolopes.jor.br\/site\/#\/schema\/logo\/image\/"},"sameAs":["https:\/\/www.facebook.com\/sitedomarcelolopes","https:\/\/www.instagram.com\/sitedomarcelolopes\/","https:\/\/www.linkedin.com\/company\/site-do-marcelo-lopes\/","https:\/\/www.youtube.com\/user\/marcelolopes957"]},{"@type":"Person","@id":"https:\/\/marcelolopes.jor.br\/site\/#\/schema\/person\/3e7216a35c34d8fdf952b31da3d1f89f","name":"Marcelo Lopes","sameAs":["http:\/\/www.marcelolopes.jor.br"],"url":"https:\/\/marcelolopes.jor.br\/site\/author\/marcelo\/"}]}},"wps_subtitle":"Iniciativa da par\u00f3quia de S\u00e3o Jos\u00e9 Oper\u00e1rio quer motivar a participa\u00e7\u00e3o do jovem na Igreja.","_links":{"self":[{"href":"https:\/\/marcelolopes.jor.br\/site\/wp-json\/wp\/v2\/posts\/4017","targetHints":{"allow":["GET"]}}],"collection":[{"href":"https:\/\/marcelolopes.jor.br\/site\/wp-json\/wp\/v2\/posts"}],"about":[{"href":"https:\/\/marcelolopes.jor.br\/site\/wp-json\/wp\/v2\/types\/post"}],"author":[{"embeddable":true,"href":"https:\/\/marcelolopes.jor.br\/site\/wp-json\/wp\/v2\/users\/2"}],"replies":[{"embeddable":true,"href":"https:\/\/marcelolopes.jor.br\/site\/wp-json\/wp\/v2\/comments?post=4017"}],"version-history":[{"count":0,"href":"https:\/\/marcelolopes.jor.br\/site\/wp-json\/wp\/v2\/posts\/4017\/revisions"}],"wp:featuredmedia":[{"embeddable":true,"href":"https:\/\/marcelolopes.jor.br\/site\/wp-json\/wp\/v2\/media\/4033"}],"wp:attachment":[{"href":"https:\/\/marcelolopes.jor.br\/site\/wp-json\/wp\/v2\/media?parent=4017"}],"wp:term":[{"taxonomy":"category","embeddable":true,"href":"https:\/\/marcelolopes.jor.br\/site\/wp-json\/wp\/v2\/categories?post=4017"},{"taxonomy":"post_tag","embeddable":true,"href":"https:\/\/marcelolopes.jor.br\/site\/wp-json\/wp\/v2\/tags?post=4017"}],"curies":[{"name":"wp","href":"https:\/\/api.w.org\/{rel}","templated":true}]}}