{"id":4012,"date":"2019-07-28T15:30:48","date_gmt":"2019-07-28T18:30:48","guid":{"rendered":"https:\/\/marcelolopes.jor.br\/?p=4012"},"modified":"2019-07-28T15:32:10","modified_gmt":"2019-07-28T18:32:10","slug":"fernando-pacheco-promove-reuniao-com-empresarios-sobre-projeto-minas-macauba","status":"publish","type":"post","link":"https:\/\/marcelolopes.jor.br\/site\/2019\/07\/28\/fernando-pacheco-promove-reuniao-com-empresarios-sobre-projeto-minas-macauba\/","title":{"rendered":"Fernando Pacheco promove reuni\u00e3o com empres\u00e1rios sobre Projeto Minas Maca\u00faba"},"content":{"rendered":"<p style=\"text-align: justify;\">O deputado estadual Fernando Pacheco vai apresentar aos membros do Cezom &#8211; Conselho Empresarial da Zona da Mata &#8211; a Plataforma de Bioquerosene e Renov\u00e1veis da Zona da Mata (PbioZM) \u2013 Projeto Minas Maca\u00faba. A iniciativa pretende utilizar o fruto para produzir combust\u00edvel verde para a avia\u00e7\u00e3o civil, servir de vetor econ\u00f4mico e contribuir para a recupera\u00e7\u00e3o, principalmente, de pastagens degradadas e tamb\u00e9m de reserva legal e \u00e1reas de prote\u00e7\u00e3o permanente (APP).<!--more--><\/p>\n<p style=\"text-align: justify;\"><img loading=\"lazy\" decoding=\"async\" class=\"alignright wp-image-4015\" src=\"https:\/\/marcelolopes.jor.br\/site\/wp-content\/uploads\/2019\/07\/pacheco-211x300.jpg\" alt=\"\" width=\"150\" height=\"213\" srcset=\"https:\/\/marcelolopes.jor.br\/site\/wp-content\/uploads\/2019\/07\/pacheco-211x300.jpg 211w, https:\/\/marcelolopes.jor.br\/site\/wp-content\/uploads\/2019\/07\/pacheco.jpg 640w\" sizes=\"auto, (max-width: 150px) 100vw, 150px\" \/>O projeto ser\u00e1 apresentado aos empres\u00e1rios cataguasenses no pr\u00f3ximo dia 1\u00ba de agosto, a partir das 15 horas, no audit\u00f3rio da FIC, quando ser\u00e1 realizada uma apresenta\u00e7\u00e3o t\u00e9cnica sobre os principais pontos daquele projeto. Segundo explica o deputado, sua fun\u00e7\u00e3o \u00e9 a de &#8220;abrir as portas para que as lideran\u00e7as pol\u00edticas e a sociedade conhe\u00e7am esse projeto que j\u00e1 conta com o apoio de importantes parceiros. Essa iniciativa &#8211; completa &#8211; alia pilares essenciais para nossa regi\u00e3o: impacto social positivo, com gera\u00e7\u00e3o de renda e trabalho principalmente para o pequeno e m\u00e9dio produtor, al\u00e9m da sustentabilidade&#8221;, afirmou Fernando Pacheco.<\/p>\n<p style=\"text-align: justify;\">Lan\u00e7ado oficialmente no ano passado, o projeto da Plataforma de Bioquerosene e Renov\u00e1veis da Zona da Mata est\u00e1 na fase de engajamento e come\u00e7a a ganhar contornos mais concretos este ano, com a perspectiva de implanta\u00e7\u00e3o das primeiras Unidades T\u00e9cnicas de Demonstra\u00e7\u00e3o (UTDs) do plantio, uma esp\u00e9cie de modelo do que se pretende fazer em escala, al\u00e9m da primeira biorrefinaria, a ser instalada em Juiz de Fora, neste segundo semestre. A ALMG tamb\u00e9m j\u00e1 informou que em agosto vai realizar uma audi\u00eancia p\u00fablica para debater esse tema, cuja data divulgada posteriormente, completou aquele deputado.<\/p>\n<p style=\"text-align: justify;\">Tamb\u00e9m est\u00e1 programado, para este ano, o lan\u00e7amento do edital para ades\u00e3o de produtores interessados em plantar maca\u00faba, consorciada com outros g\u00eaneros aliment\u00edcios. Se tudo der certo e o projeto vingar, a expectativa \u00e9 que, em 2031, a Zona da Mata esteja produzindo cerca de 230 milh\u00f5es de litros de bioquerosene de avia\u00e7\u00e3o, a partir do plantio inicial de 66 mil hectares do fruto. A meta \u00e9 consorciar o plantio da maca\u00faba com cultivos sazonais, como o feij\u00e3o e a banana, seguindo a diretriz de aproveitamento do terreno tamb\u00e9m para produ\u00e7\u00e3o alimentar. Al\u00e9m disso, pretende envolver mais de 40 munic\u00edpios da Zona da Mata onde foram identificados 130 mil hectares aptos a receber o plantio de maca\u00faba.<\/p>\n<p style=\"text-align: justify;\"><img loading=\"lazy\" decoding=\"async\" class=\"aligncenter wp-image-4014 size-medium\" src=\"https:\/\/marcelolopes.jor.br\/site\/wp-content\/uploads\/2019\/07\/120-sementes-de-macauba-acrocomia-aculeata-D_NQ_NP_736845-MLB27259719565_042018-F-300x200.jpg\" alt=\"\" width=\"300\" height=\"200\" srcset=\"https:\/\/marcelolopes.jor.br\/site\/wp-content\/uploads\/2019\/07\/120-sementes-de-macauba-acrocomia-aculeata-D_NQ_NP_736845-MLB27259719565_042018-F-300x200.jpg 300w, https:\/\/marcelolopes.jor.br\/site\/wp-content\/uploads\/2019\/07\/120-sementes-de-macauba-acrocomia-aculeata-D_NQ_NP_736845-MLB27259719565_042018-F.jpg 720w\" sizes=\"auto, (max-width: 300px) 100vw, 300px\" \/>A primeira safra da maca\u00faba, capaz de produzir \u00f3leo para biorrefino ou mat\u00e9ria-prima para as ind\u00fastrias de alimenta\u00e7\u00e3o e cosm\u00e9ticos, \u00e9 de cinco anos. Deste modo a expectativa \u00e9 que, em dez anos, seja poss\u00edvel produzir 230 milh\u00f5es de litros de combust\u00edvel. Com alvo de US$ 60 centavos de d\u00f3lar \u2013 R$ 3,77 pela cota\u00e7\u00e3o de desta sexta-feira \u2013, R\u00f4mulo Veiga estima que, na pr\u00f3xima d\u00e9cada, \u00e9 poss\u00edvel movimentar uma economia em mais de R$ 500 milh\u00f5es. \u201cEstamos criando um processo de economia circular, com o m\u00e1ximo de efici\u00eancia poss\u00edvel de uso de territ\u00f3rio\u201d, frisou o secret\u00e1rio de Desenvolvimento Econ\u00f4mico, Turismo e Agropecu\u00e1ria.<\/p>\n<p>Com informa\u00e7\u00f5es do jornal Tribuna de Minas | Fotos: Arquivo e reprodu\u00e7\u00e3o da internet.<\/p>\n<div class=\"iwufs69f783f1b035c\" ><br><\/div><style type=\"text\/css\">\r\n@media screen and (min-width: 1201px) {\r\n.iwufs69f783f1b035c {\r\ndisplay: block;\r\n}\r\n}\r\n@media screen and (min-width: 993px) and (max-width: 1200px) {\r\n.iwufs69f783f1b035c {\r\ndisplay: block;\r\n}\r\n}\r\n@media screen and (min-width: 769px) and (max-width: 992px) {\r\n.iwufs69f783f1b035c {\r\ndisplay: block;\r\n}\r\n}\r\n@media screen and (min-width: 768px) and (max-width: 768px) {\r\n.iwufs69f783f1b035c {\r\ndisplay: block;\r\n}\r\n}\r\n@media screen and (max-width: 767px) {\r\n.iwufs69f783f1b035c {\r\ndisplay: block;\r\n}\r\n}\r\n<\/style>\r\n<div class=\"ftxdn69f783f1b56c5\" ><div id=\"div_destino\"><\/div>\r\n<script src=\"https:\/\/cdn.snsrsv.com\/sdk.js\"><\/script>\r\n<script >\r\n      new sdk(\"464030C30061EA8BE065000000000001\") \r\n          .appendTo(\"div_destino\")\r\n          .disableStyle(true) \r\n          .setCacheBusterMacro(\"%%CACHEBUSTER%%\")\r\n          .setSize(\"800\",\"214\")\r\n          .setClickMacro(\"%%CLICK_URL_ESC%%\") \r\n          .setReferrerUrlMacro(\"%%REFERRER_URL_ESC%%\") \r\n          .start(); \r\n<\/script><\/div><style type=\"text\/css\">\r\n@media screen and (min-width: 1201px) {\r\n.ftxdn69f783f1b56c5 {\r\ndisplay: block;\r\n}\r\n}\r\n@media screen and (min-width: 993px) and (max-width: 1200px) {\r\n.ftxdn69f783f1b56c5 {\r\ndisplay: block;\r\n}\r\n}\r\n@media screen and (min-width: 769px) and (max-width: 992px) {\r\n.ftxdn69f783f1b56c5 {\r\ndisplay: block;\r\n}\r\n}\r\n@media screen and (min-width: 768px) and (max-width: 768px) {\r\n.ftxdn69f783f1b56c5 {\r\ndisplay: block;\r\n}\r\n}\r\n@media screen and (max-width: 767px) {\r\n.ftxdn69f783f1b56c5 {\r\ndisplay: block;\r\n}\r\n}\r\n<\/style>\r\n","protected":false},"excerpt":{"rendered":"<p>O deputado estadual Fernando Pacheco vai apresentar aos membros do Cezom &#8211; Conselho Empresarial da Zona da Mata &#8211; a Plataforma de Bioquerosene e Renov\u00e1veis da Zona da Mata (PbioZM) \u2013 Projeto Minas Maca\u00faba. A iniciativa pretende utilizar o fruto<\/p>\n<p class=\"link-more\"><a class=\"more-link\" href=\"https:\/\/marcelolopes.jor.br\/site\/2019\/07\/28\/fernando-pacheco-promove-reuniao-com-empresarios-sobre-projeto-minas-macauba\/\">Leia mais <span class=\"screen-reader-text\">Fernando Pacheco promove reuni\u00e3o com empres\u00e1rios sobre Projeto Minas Maca\u00faba<\/span><\/a><\/p>\n","protected":false},"author":2,"featured_media":4035,"comment_status":"open","ping_status":"open","sticky":false,"template":"","format":"standard","meta":{"footnotes":""},"categories":[1],"tags":[172,480,874,875],"class_list":["post-4012","post","type-post","status-publish","format-standard","has-post-thumbnail","hentry","category-noticias","tag-fernando-pacheco","tag-fic","tag-macauba","tag-projeto-macauba","thumb-below-title"],"yoast_head":"<!-- This site is optimized with the Yoast SEO plugin v27.4 - https:\/\/yoast.com\/product\/yoast-seo-wordpress\/ -->\n<title>Fernando Pacheco promove reuni\u00e3o com empres\u00e1rios sobre Projeto Minas Maca\u00faba | Marcelo Lopes<\/title>\n<meta name=\"robots\" content=\"index, follow, max-snippet:-1, max-image-preview:large, max-video-preview:-1\" \/>\n<link rel=\"canonical\" href=\"https:\/\/marcelolopes.jor.br\/site\/2019\/07\/28\/fernando-pacheco-promove-reuniao-com-empresarios-sobre-projeto-minas-macauba\/\" \/>\n<meta property=\"og:locale\" content=\"pt_BR\" \/>\n<meta property=\"og:type\" content=\"article\" \/>\n<meta property=\"og:title\" content=\"Fernando Pacheco promove reuni\u00e3o com empres\u00e1rios sobre Projeto Minas Maca\u00faba | Marcelo Lopes\" \/>\n<meta property=\"og:description\" content=\"O deputado estadual Fernando Pacheco vai apresentar aos membros do Cezom &#8211; Conselho Empresarial da Zona da Mata &#8211; a Plataforma de Bioquerosene e Renov\u00e1veis da Zona da Mata (PbioZM) \u2013 Projeto Minas Maca\u00faba. A iniciativa pretende utilizar o frutoLeia mais Fernando Pacheco promove reuni\u00e3o com empres\u00e1rios sobre Projeto Minas Maca\u00faba\" \/>\n<meta property=\"og:url\" content=\"https:\/\/marcelolopes.jor.br\/site\/2019\/07\/28\/fernando-pacheco-promove-reuniao-com-empresarios-sobre-projeto-minas-macauba\/\" \/>\n<meta property=\"og:site_name\" content=\"Marcelo Lopes\" \/>\n<meta property=\"article:publisher\" content=\"https:\/\/www.facebook.com\/sitedomarcelolopes\" \/>\n<meta property=\"article:published_time\" content=\"2019-07-28T18:30:48+00:00\" \/>\n<meta property=\"article:modified_time\" content=\"2019-07-28T18:32:10+00:00\" \/>\n<meta property=\"og:image\" content=\"https:\/\/marcelolopes.jor.br\/site\/wp-content\/uploads\/2019\/07\/Fachada-FIC-2.jpg\" \/>\n\t<meta property=\"og:image:width\" content=\"800\" \/>\n\t<meta property=\"og:image:height\" content=\"450\" \/>\n\t<meta property=\"og:image:type\" content=\"image\/jpeg\" \/>\n<meta name=\"author\" content=\"Marcelo Lopes\" \/>\n<meta name=\"twitter:card\" content=\"summary_large_image\" \/>\n<meta name=\"twitter:label1\" content=\"Escrito por\" \/>\n\t<meta name=\"twitter:data1\" content=\"Marcelo Lopes\" \/>\n\t<meta name=\"twitter:label2\" content=\"Est. tempo de leitura\" \/>\n\t<meta name=\"twitter:data2\" content=\"3 minutos\" \/>\n<script type=\"application\/ld+json\" class=\"yoast-schema-graph\">{\"@context\":\"https:\\\/\\\/schema.org\",\"@graph\":[{\"@type\":\"NewsArticle\",\"@id\":\"https:\\\/\\\/marcelolopes.jor.br\\\/site\\\/2019\\\/07\\\/28\\\/fernando-pacheco-promove-reuniao-com-empresarios-sobre-projeto-minas-macauba\\\/#article\",\"isPartOf\":{\"@id\":\"https:\\\/\\\/marcelolopes.jor.br\\\/site\\\/2019\\\/07\\\/28\\\/fernando-pacheco-promove-reuniao-com-empresarios-sobre-projeto-minas-macauba\\\/\"},\"author\":{\"name\":\"Marcelo Lopes\",\"@id\":\"https:\\\/\\\/marcelolopes.jor.br\\\/site\\\/#\\\/schema\\\/person\\\/3e7216a35c34d8fdf952b31da3d1f89f\"},\"headline\":\"Fernando Pacheco promove reuni\u00e3o com empres\u00e1rios sobre Projeto Minas Maca\u00faba\",\"datePublished\":\"2019-07-28T18:30:48+00:00\",\"dateModified\":\"2019-07-28T18:32:10+00:00\",\"mainEntityOfPage\":{\"@id\":\"https:\\\/\\\/marcelolopes.jor.br\\\/site\\\/2019\\\/07\\\/28\\\/fernando-pacheco-promove-reuniao-com-empresarios-sobre-projeto-minas-macauba\\\/\"},\"wordCount\":562,\"commentCount\":0,\"publisher\":{\"@id\":\"https:\\\/\\\/marcelolopes.jor.br\\\/site\\\/#organization\"},\"image\":{\"@id\":\"https:\\\/\\\/marcelolopes.jor.br\\\/site\\\/2019\\\/07\\\/28\\\/fernando-pacheco-promove-reuniao-com-empresarios-sobre-projeto-minas-macauba\\\/#primaryimage\"},\"thumbnailUrl\":\"https:\\\/\\\/marcelolopes.jor.br\\\/site\\\/wp-content\\\/uploads\\\/2019\\\/07\\\/Fachada-FIC-2.jpg\",\"keywords\":[\"Fernando Pacheco\",\"FIC\",\"Maca\u00faba\",\"Projeto Maca\u00faba\"],\"articleSection\":[\"Not\u00edcias\"],\"inLanguage\":\"pt-BR\",\"potentialAction\":[{\"@type\":\"CommentAction\",\"name\":\"Comment\",\"target\":[\"https:\\\/\\\/marcelolopes.jor.br\\\/site\\\/2019\\\/07\\\/28\\\/fernando-pacheco-promove-reuniao-com-empresarios-sobre-projeto-minas-macauba\\\/#respond\"]}]},{\"@type\":\"WebPage\",\"@id\":\"https:\\\/\\\/marcelolopes.jor.br\\\/site\\\/2019\\\/07\\\/28\\\/fernando-pacheco-promove-reuniao-com-empresarios-sobre-projeto-minas-macauba\\\/\",\"url\":\"https:\\\/\\\/marcelolopes.jor.br\\\/site\\\/2019\\\/07\\\/28\\\/fernando-pacheco-promove-reuniao-com-empresarios-sobre-projeto-minas-macauba\\\/\",\"name\":\"Fernando Pacheco promove reuni\u00e3o com empres\u00e1rios sobre Projeto Minas Maca\u00faba | Marcelo Lopes\",\"isPartOf\":{\"@id\":\"https:\\\/\\\/marcelolopes.jor.br\\\/site\\\/#website\"},\"primaryImageOfPage\":{\"@id\":\"https:\\\/\\\/marcelolopes.jor.br\\\/site\\\/2019\\\/07\\\/28\\\/fernando-pacheco-promove-reuniao-com-empresarios-sobre-projeto-minas-macauba\\\/#primaryimage\"},\"image\":{\"@id\":\"https:\\\/\\\/marcelolopes.jor.br\\\/site\\\/2019\\\/07\\\/28\\\/fernando-pacheco-promove-reuniao-com-empresarios-sobre-projeto-minas-macauba\\\/#primaryimage\"},\"thumbnailUrl\":\"https:\\\/\\\/marcelolopes.jor.br\\\/site\\\/wp-content\\\/uploads\\\/2019\\\/07\\\/Fachada-FIC-2.jpg\",\"datePublished\":\"2019-07-28T18:30:48+00:00\",\"dateModified\":\"2019-07-28T18:32:10+00:00\",\"breadcrumb\":{\"@id\":\"https:\\\/\\\/marcelolopes.jor.br\\\/site\\\/2019\\\/07\\\/28\\\/fernando-pacheco-promove-reuniao-com-empresarios-sobre-projeto-minas-macauba\\\/#breadcrumb\"},\"inLanguage\":\"pt-BR\",\"potentialAction\":[{\"@type\":\"ReadAction\",\"target\":[\"https:\\\/\\\/marcelolopes.jor.br\\\/site\\\/2019\\\/07\\\/28\\\/fernando-pacheco-promove-reuniao-com-empresarios-sobre-projeto-minas-macauba\\\/\"]}]},{\"@type\":\"ImageObject\",\"inLanguage\":\"pt-BR\",\"@id\":\"https:\\\/\\\/marcelolopes.jor.br\\\/site\\\/2019\\\/07\\\/28\\\/fernando-pacheco-promove-reuniao-com-empresarios-sobre-projeto-minas-macauba\\\/#primaryimage\",\"url\":\"https:\\\/\\\/marcelolopes.jor.br\\\/site\\\/wp-content\\\/uploads\\\/2019\\\/07\\\/Fachada-FIC-2.jpg\",\"contentUrl\":\"https:\\\/\\\/marcelolopes.jor.br\\\/site\\\/wp-content\\\/uploads\\\/2019\\\/07\\\/Fachada-FIC-2.jpg\",\"width\":800,\"height\":450},{\"@type\":\"BreadcrumbList\",\"@id\":\"https:\\\/\\\/marcelolopes.jor.br\\\/site\\\/2019\\\/07\\\/28\\\/fernando-pacheco-promove-reuniao-com-empresarios-sobre-projeto-minas-macauba\\\/#breadcrumb\",\"itemListElement\":[{\"@type\":\"ListItem\",\"position\":1,\"name\":\"Home\",\"item\":\"https:\\\/\\\/marcelolopes.jor.br\\\/site\\\/\"},{\"@type\":\"ListItem\",\"position\":2,\"name\":\"Fernando Pacheco promove reuni\u00e3o com empres\u00e1rios sobre Projeto Minas Maca\u00faba\"}]},{\"@type\":\"WebSite\",\"@id\":\"https:\\\/\\\/marcelolopes.jor.br\\\/site\\\/#website\",\"url\":\"https:\\\/\\\/marcelolopes.jor.br\\\/site\\\/\",\"name\":\"Marcelo Lopes\",\"description\":\"Not\u00edcias de Cataguases e Regi\u00e3o\",\"publisher\":{\"@id\":\"https:\\\/\\\/marcelolopes.jor.br\\\/site\\\/#organization\"},\"potentialAction\":[{\"@type\":\"SearchAction\",\"target\":{\"@type\":\"EntryPoint\",\"urlTemplate\":\"https:\\\/\\\/marcelolopes.jor.br\\\/site\\\/?s={search_term_string}\"},\"query-input\":{\"@type\":\"PropertyValueSpecification\",\"valueRequired\":true,\"valueName\":\"search_term_string\"}}],\"inLanguage\":\"pt-BR\"},{\"@type\":\"Organization\",\"@id\":\"https:\\\/\\\/marcelolopes.jor.br\\\/site\\\/#organization\",\"name\":\"Site do Marcelo Lopes\",\"url\":\"https:\\\/\\\/marcelolopes.jor.br\\\/site\\\/\",\"logo\":{\"@type\":\"ImageObject\",\"inLanguage\":\"pt-BR\",\"@id\":\"https:\\\/\\\/marcelolopes.jor.br\\\/site\\\/#\\\/schema\\\/logo\\\/image\\\/\",\"url\":\"https:\\\/\\\/marcelolopes.jor.br\\\/site\\\/wp-content\\\/uploads\\\/2024\\\/11\\\/logo-1.png\",\"contentUrl\":\"https:\\\/\\\/marcelolopes.jor.br\\\/site\\\/wp-content\\\/uploads\\\/2024\\\/11\\\/logo-1.png\",\"width\":475,\"height\":80,\"caption\":\"Site do Marcelo Lopes\"},\"image\":{\"@id\":\"https:\\\/\\\/marcelolopes.jor.br\\\/site\\\/#\\\/schema\\\/logo\\\/image\\\/\"},\"sameAs\":[\"https:\\\/\\\/www.facebook.com\\\/sitedomarcelolopes\",\"https:\\\/\\\/www.instagram.com\\\/sitedomarcelolopes\\\/\",\"https:\\\/\\\/www.linkedin.com\\\/company\\\/site-do-marcelo-lopes\\\/\",\"https:\\\/\\\/www.youtube.com\\\/user\\\/marcelolopes957\"]},{\"@type\":\"Person\",\"@id\":\"https:\\\/\\\/marcelolopes.jor.br\\\/site\\\/#\\\/schema\\\/person\\\/3e7216a35c34d8fdf952b31da3d1f89f\",\"name\":\"Marcelo Lopes\",\"sameAs\":[\"http:\\\/\\\/www.marcelolopes.jor.br\"],\"url\":\"https:\\\/\\\/marcelolopes.jor.br\\\/site\\\/author\\\/marcelo\\\/\"}]}<\/script>\n<!-- \/ Yoast SEO plugin. -->","yoast_head_json":{"title":"Fernando Pacheco promove reuni\u00e3o com empres\u00e1rios sobre Projeto Minas Maca\u00faba | Marcelo Lopes","robots":{"index":"index","follow":"follow","max-snippet":"max-snippet:-1","max-image-preview":"max-image-preview:large","max-video-preview":"max-video-preview:-1"},"canonical":"https:\/\/marcelolopes.jor.br\/site\/2019\/07\/28\/fernando-pacheco-promove-reuniao-com-empresarios-sobre-projeto-minas-macauba\/","og_locale":"pt_BR","og_type":"article","og_title":"Fernando Pacheco promove reuni\u00e3o com empres\u00e1rios sobre Projeto Minas Maca\u00faba | Marcelo Lopes","og_description":"O deputado estadual Fernando Pacheco vai apresentar aos membros do Cezom &#8211; Conselho Empresarial da Zona da Mata &#8211; a Plataforma de Bioquerosene e Renov\u00e1veis da Zona da Mata (PbioZM) \u2013 Projeto Minas Maca\u00faba. A iniciativa pretende utilizar o frutoLeia mais Fernando Pacheco promove reuni\u00e3o com empres\u00e1rios sobre Projeto Minas Maca\u00faba","og_url":"https:\/\/marcelolopes.jor.br\/site\/2019\/07\/28\/fernando-pacheco-promove-reuniao-com-empresarios-sobre-projeto-minas-macauba\/","og_site_name":"Marcelo Lopes","article_publisher":"https:\/\/www.facebook.com\/sitedomarcelolopes","article_published_time":"2019-07-28T18:30:48+00:00","article_modified_time":"2019-07-28T18:32:10+00:00","og_image":[{"width":800,"height":450,"url":"https:\/\/marcelolopes.jor.br\/site\/wp-content\/uploads\/2019\/07\/Fachada-FIC-2.jpg","type":"image\/jpeg"}],"author":"Marcelo Lopes","twitter_card":"summary_large_image","twitter_misc":{"Escrito por":"Marcelo Lopes","Est. tempo de leitura":"3 minutos"},"schema":{"@context":"https:\/\/schema.org","@graph":[{"@type":"NewsArticle","@id":"https:\/\/marcelolopes.jor.br\/site\/2019\/07\/28\/fernando-pacheco-promove-reuniao-com-empresarios-sobre-projeto-minas-macauba\/#article","isPartOf":{"@id":"https:\/\/marcelolopes.jor.br\/site\/2019\/07\/28\/fernando-pacheco-promove-reuniao-com-empresarios-sobre-projeto-minas-macauba\/"},"author":{"name":"Marcelo Lopes","@id":"https:\/\/marcelolopes.jor.br\/site\/#\/schema\/person\/3e7216a35c34d8fdf952b31da3d1f89f"},"headline":"Fernando Pacheco promove reuni\u00e3o com empres\u00e1rios sobre Projeto Minas Maca\u00faba","datePublished":"2019-07-28T18:30:48+00:00","dateModified":"2019-07-28T18:32:10+00:00","mainEntityOfPage":{"@id":"https:\/\/marcelolopes.jor.br\/site\/2019\/07\/28\/fernando-pacheco-promove-reuniao-com-empresarios-sobre-projeto-minas-macauba\/"},"wordCount":562,"commentCount":0,"publisher":{"@id":"https:\/\/marcelolopes.jor.br\/site\/#organization"},"image":{"@id":"https:\/\/marcelolopes.jor.br\/site\/2019\/07\/28\/fernando-pacheco-promove-reuniao-com-empresarios-sobre-projeto-minas-macauba\/#primaryimage"},"thumbnailUrl":"https:\/\/marcelolopes.jor.br\/site\/wp-content\/uploads\/2019\/07\/Fachada-FIC-2.jpg","keywords":["Fernando Pacheco","FIC","Maca\u00faba","Projeto Maca\u00faba"],"articleSection":["Not\u00edcias"],"inLanguage":"pt-BR","potentialAction":[{"@type":"CommentAction","name":"Comment","target":["https:\/\/marcelolopes.jor.br\/site\/2019\/07\/28\/fernando-pacheco-promove-reuniao-com-empresarios-sobre-projeto-minas-macauba\/#respond"]}]},{"@type":"WebPage","@id":"https:\/\/marcelolopes.jor.br\/site\/2019\/07\/28\/fernando-pacheco-promove-reuniao-com-empresarios-sobre-projeto-minas-macauba\/","url":"https:\/\/marcelolopes.jor.br\/site\/2019\/07\/28\/fernando-pacheco-promove-reuniao-com-empresarios-sobre-projeto-minas-macauba\/","name":"Fernando Pacheco promove reuni\u00e3o com empres\u00e1rios sobre Projeto Minas Maca\u00faba | Marcelo Lopes","isPartOf":{"@id":"https:\/\/marcelolopes.jor.br\/site\/#website"},"primaryImageOfPage":{"@id":"https:\/\/marcelolopes.jor.br\/site\/2019\/07\/28\/fernando-pacheco-promove-reuniao-com-empresarios-sobre-projeto-minas-macauba\/#primaryimage"},"image":{"@id":"https:\/\/marcelolopes.jor.br\/site\/2019\/07\/28\/fernando-pacheco-promove-reuniao-com-empresarios-sobre-projeto-minas-macauba\/#primaryimage"},"thumbnailUrl":"https:\/\/marcelolopes.jor.br\/site\/wp-content\/uploads\/2019\/07\/Fachada-FIC-2.jpg","datePublished":"2019-07-28T18:30:48+00:00","dateModified":"2019-07-28T18:32:10+00:00","breadcrumb":{"@id":"https:\/\/marcelolopes.jor.br\/site\/2019\/07\/28\/fernando-pacheco-promove-reuniao-com-empresarios-sobre-projeto-minas-macauba\/#breadcrumb"},"inLanguage":"pt-BR","potentialAction":[{"@type":"ReadAction","target":["https:\/\/marcelolopes.jor.br\/site\/2019\/07\/28\/fernando-pacheco-promove-reuniao-com-empresarios-sobre-projeto-minas-macauba\/"]}]},{"@type":"ImageObject","inLanguage":"pt-BR","@id":"https:\/\/marcelolopes.jor.br\/site\/2019\/07\/28\/fernando-pacheco-promove-reuniao-com-empresarios-sobre-projeto-minas-macauba\/#primaryimage","url":"https:\/\/marcelolopes.jor.br\/site\/wp-content\/uploads\/2019\/07\/Fachada-FIC-2.jpg","contentUrl":"https:\/\/marcelolopes.jor.br\/site\/wp-content\/uploads\/2019\/07\/Fachada-FIC-2.jpg","width":800,"height":450},{"@type":"BreadcrumbList","@id":"https:\/\/marcelolopes.jor.br\/site\/2019\/07\/28\/fernando-pacheco-promove-reuniao-com-empresarios-sobre-projeto-minas-macauba\/#breadcrumb","itemListElement":[{"@type":"ListItem","position":1,"name":"Home","item":"https:\/\/marcelolopes.jor.br\/site\/"},{"@type":"ListItem","position":2,"name":"Fernando Pacheco promove reuni\u00e3o com empres\u00e1rios sobre Projeto Minas Maca\u00faba"}]},{"@type":"WebSite","@id":"https:\/\/marcelolopes.jor.br\/site\/#website","url":"https:\/\/marcelolopes.jor.br\/site\/","name":"Marcelo Lopes","description":"Not\u00edcias de Cataguases e Regi\u00e3o","publisher":{"@id":"https:\/\/marcelolopes.jor.br\/site\/#organization"},"potentialAction":[{"@type":"SearchAction","target":{"@type":"EntryPoint","urlTemplate":"https:\/\/marcelolopes.jor.br\/site\/?s={search_term_string}"},"query-input":{"@type":"PropertyValueSpecification","valueRequired":true,"valueName":"search_term_string"}}],"inLanguage":"pt-BR"},{"@type":"Organization","@id":"https:\/\/marcelolopes.jor.br\/site\/#organization","name":"Site do Marcelo Lopes","url":"https:\/\/marcelolopes.jor.br\/site\/","logo":{"@type":"ImageObject","inLanguage":"pt-BR","@id":"https:\/\/marcelolopes.jor.br\/site\/#\/schema\/logo\/image\/","url":"https:\/\/marcelolopes.jor.br\/site\/wp-content\/uploads\/2024\/11\/logo-1.png","contentUrl":"https:\/\/marcelolopes.jor.br\/site\/wp-content\/uploads\/2024\/11\/logo-1.png","width":475,"height":80,"caption":"Site do Marcelo Lopes"},"image":{"@id":"https:\/\/marcelolopes.jor.br\/site\/#\/schema\/logo\/image\/"},"sameAs":["https:\/\/www.facebook.com\/sitedomarcelolopes","https:\/\/www.instagram.com\/sitedomarcelolopes\/","https:\/\/www.linkedin.com\/company\/site-do-marcelo-lopes\/","https:\/\/www.youtube.com\/user\/marcelolopes957"]},{"@type":"Person","@id":"https:\/\/marcelolopes.jor.br\/site\/#\/schema\/person\/3e7216a35c34d8fdf952b31da3d1f89f","name":"Marcelo Lopes","sameAs":["http:\/\/www.marcelolopes.jor.br"],"url":"https:\/\/marcelolopes.jor.br\/site\/author\/marcelo\/"}]}},"wps_subtitle":"Eles v\u00e3o conhecer detalhes desta iniciativa que vai movimentar mais de R$ 500 milh\u00f5es na Zona da Mata","_links":{"self":[{"href":"https:\/\/marcelolopes.jor.br\/site\/wp-json\/wp\/v2\/posts\/4012","targetHints":{"allow":["GET"]}}],"collection":[{"href":"https:\/\/marcelolopes.jor.br\/site\/wp-json\/wp\/v2\/posts"}],"about":[{"href":"https:\/\/marcelolopes.jor.br\/site\/wp-json\/wp\/v2\/types\/post"}],"author":[{"embeddable":true,"href":"https:\/\/marcelolopes.jor.br\/site\/wp-json\/wp\/v2\/users\/2"}],"replies":[{"embeddable":true,"href":"https:\/\/marcelolopes.jor.br\/site\/wp-json\/wp\/v2\/comments?post=4012"}],"version-history":[{"count":0,"href":"https:\/\/marcelolopes.jor.br\/site\/wp-json\/wp\/v2\/posts\/4012\/revisions"}],"wp:featuredmedia":[{"embeddable":true,"href":"https:\/\/marcelolopes.jor.br\/site\/wp-json\/wp\/v2\/media\/4035"}],"wp:attachment":[{"href":"https:\/\/marcelolopes.jor.br\/site\/wp-json\/wp\/v2\/media?parent=4012"}],"wp:term":[{"taxonomy":"category","embeddable":true,"href":"https:\/\/marcelolopes.jor.br\/site\/wp-json\/wp\/v2\/categories?post=4012"},{"taxonomy":"post_tag","embeddable":true,"href":"https:\/\/marcelolopes.jor.br\/site\/wp-json\/wp\/v2\/tags?post=4012"}],"curies":[{"name":"wp","href":"https:\/\/api.w.org\/{rel}","templated":true}]}}