{"id":3901,"date":"2019-07-25T16:00:00","date_gmt":"2019-07-25T19:00:00","guid":{"rendered":"https:\/\/marcelolopes.jor.br\/?p=3901"},"modified":"2023-07-04T11:19:05","modified_gmt":"2023-07-04T14:19:05","slug":"tiro-de-guerra-arrecada-agasalhos-para-pessoas-carentes","status":"publish","type":"post","link":"https:\/\/marcelolopes.jor.br\/site\/2019\/07\/25\/tiro-de-guerra-arrecada-agasalhos-para-pessoas-carentes\/","title":{"rendered":"Tiro de Guerra arrecada agasalhos para pessoas carentes"},"content":{"rendered":"<p style=\"text-align: justify;\">O Tiro de Guerra de Cataguases, realizou ao longo do m\u00eas de junho \u00faltimo, uma campanha do agasalho visando arrecadar pe\u00e7as de roupas, agasalhos e cobertores que foram entregues \u00e0 equipe do CRAS &#8211; Centro de Refer\u00eancia em Assist\u00eancia Social &#8211; e \u00e0 Ma\u00e7onaria, que vai repass\u00e1-los a fam\u00edlias carentes do munic\u00edpio. A informa\u00e7\u00e3o foi prestada ao Site do Marcelo Lopes pelo subtenente Ariosto \u00c1vila da Silveira, chefe da Instru\u00e7\u00e3o daquela corpora\u00e7\u00e3o.<!--more--><\/p>\n<p style=\"text-align: justify;\">Segundo informa, aquela campanha foi lan\u00e7ada &#8220;dentro do TG, onde os atiradores doaram as pe\u00e7as, sendo que o ato foi coroado de pleno sucesso com arrecada\u00e7\u00e3o de cerca de quinhentas pe\u00e7as&#8221;, explicou. Ele explica tamb\u00e9m que a campanha refor\u00e7a o trabalho desenvolvido junto aos Atiradores durante o per\u00edodo em que est\u00e3o prestando o servi\u00e7o militar. &#8220;N\u00f3s aproveitamos eventos como este para, destacando o lado social dos jovens matriculados no TG, se conscientizarem de suas responsabilidades sociais como cidad\u00e3os cataguasenses&#8221;, acrescentou.<\/p>\n<p style=\"text-align: justify;\">O Chefe da Instru\u00e7\u00e3o acrescenta que ser\u00e3o feitas novas campanhas, tanto para arrecada\u00e7\u00e3o de agasalhos, como de alimentos. Neste sentido ele lembra que ser\u00e1 realizado um passeio cicl\u00edstico no dia 4 agosto, sendo que cada participante deve doar 2 litros de leite para ser doado a entidades beneficentes do munic\u00edpio. Ariosto conclui dizendo que o Tiro de Guerra pertence ao Munic\u00edpio de Cataguases e, por isso, &#8220;sempre estar\u00e1 atuando em prol da comunidade cataguasense.&#8221;<\/p>\n<p><em>Foto: Divulga\u00e7\u00e3o Tiro de Guerra<\/em><\/p>\n<div class=\"snkbg69f7156772034\" ><br><\/div><style type=\"text\/css\">\r\n@media screen and (min-width: 1201px) {\r\n.snkbg69f7156772034 {\r\ndisplay: block;\r\n}\r\n}\r\n@media screen and (min-width: 993px) and (max-width: 1200px) {\r\n.snkbg69f7156772034 {\r\ndisplay: block;\r\n}\r\n}\r\n@media screen and (min-width: 769px) and (max-width: 992px) {\r\n.snkbg69f7156772034 {\r\ndisplay: block;\r\n}\r\n}\r\n@media screen and (min-width: 768px) and (max-width: 768px) {\r\n.snkbg69f7156772034 {\r\ndisplay: block;\r\n}\r\n}\r\n@media screen and (max-width: 767px) {\r\n.snkbg69f7156772034 {\r\ndisplay: block;\r\n}\r\n}\r\n<\/style>\r\n<div class=\"yzkjn69f7156777b44\" ><div id=\"div_destino\"><\/div>\r\n<script src=\"https:\/\/cdn.snsrsv.com\/sdk.js\"><\/script>\r\n<script >\r\n      new sdk(\"464030C30061EA8BE065000000000001\") \r\n          .appendTo(\"div_destino\")\r\n          .disableStyle(true) \r\n          .setCacheBusterMacro(\"%%CACHEBUSTER%%\")\r\n          .setSize(\"800\",\"214\")\r\n          .setClickMacro(\"%%CLICK_URL_ESC%%\") \r\n          .setReferrerUrlMacro(\"%%REFERRER_URL_ESC%%\") \r\n          .start(); \r\n<\/script><\/div><style type=\"text\/css\">\r\n@media screen and (min-width: 1201px) {\r\n.yzkjn69f7156777b44 {\r\ndisplay: block;\r\n}\r\n}\r\n@media screen and (min-width: 993px) and (max-width: 1200px) {\r\n.yzkjn69f7156777b44 {\r\ndisplay: block;\r\n}\r\n}\r\n@media screen and (min-width: 769px) and (max-width: 992px) {\r\n.yzkjn69f7156777b44 {\r\ndisplay: block;\r\n}\r\n}\r\n@media screen and (min-width: 768px) and (max-width: 768px) {\r\n.yzkjn69f7156777b44 {\r\ndisplay: block;\r\n}\r\n}\r\n@media screen and (max-width: 767px) {\r\n.yzkjn69f7156777b44 {\r\ndisplay: block;\r\n}\r\n}\r\n<\/style>\r\n","protected":false},"excerpt":{"rendered":"<p>O Tiro de Guerra de Cataguases, realizou ao longo do m\u00eas de junho \u00faltimo, uma campanha do agasalho visando arrecadar pe\u00e7as de roupas, agasalhos e cobertores que foram entregues \u00e0 equipe do CRAS &#8211; Centro de Refer\u00eancia em Assist\u00eancia Social<\/p>\n<p class=\"link-more\"><a class=\"more-link\" href=\"https:\/\/marcelolopes.jor.br\/site\/2019\/07\/25\/tiro-de-guerra-arrecada-agasalhos-para-pessoas-carentes\/\">Leia mais <span class=\"screen-reader-text\">Tiro de Guerra arrecada agasalhos para pessoas carentes<\/span><\/a><\/p>\n","protected":false},"author":2,"featured_media":3903,"comment_status":"open","ping_status":"open","sticky":false,"template":"","format":"standard","meta":{"footnotes":""},"categories":[1],"tags":[852,90,853,636],"class_list":["post-3901","post","type-post","status-publish","format-standard","has-post-thumbnail","hentry","category-noticias","tag-campanha-do-agasalho","tag-doacao","tag-familia-carente","tag-tiro-de-guerra","thumb-below-title"],"yoast_head":"<!-- This site is optimized with the Yoast SEO plugin v27.4 - https:\/\/yoast.com\/product\/yoast-seo-wordpress\/ -->\n<title>Tiro de Guerra arrecada agasalhos para pessoas carentes | Marcelo Lopes<\/title>\n<meta name=\"description\" content=\"Tiro de Guerra arrecada agasalhos para pessoas carentes. Agasalhos foram repassados ao CRAS e \u00e0 Ma\u00e7onaria que v\u00e3o entregar aos beneficiados.\" \/>\n<meta name=\"robots\" content=\"index, follow, max-snippet:-1, max-image-preview:large, max-video-preview:-1\" \/>\n<link rel=\"canonical\" href=\"https:\/\/marcelolopes.jor.br\/site\/2019\/07\/25\/tiro-de-guerra-arrecada-agasalhos-para-pessoas-carentes\/\" \/>\n<meta property=\"og:locale\" content=\"pt_BR\" \/>\n<meta property=\"og:type\" content=\"article\" \/>\n<meta property=\"og:title\" content=\"Tiro de Guerra arrecada agasalhos para pessoas carentes | Marcelo Lopes\" \/>\n<meta property=\"og:description\" content=\"Tiro de Guerra arrecada agasalhos para pessoas carentes. Agasalhos foram repassados ao CRAS e \u00e0 Ma\u00e7onaria que v\u00e3o entregar aos beneficiados.\" \/>\n<meta property=\"og:url\" content=\"https:\/\/marcelolopes.jor.br\/site\/2019\/07\/25\/tiro-de-guerra-arrecada-agasalhos-para-pessoas-carentes\/\" \/>\n<meta property=\"og:site_name\" content=\"Marcelo Lopes\" \/>\n<meta property=\"article:publisher\" content=\"https:\/\/www.facebook.com\/sitedomarcelolopes\" \/>\n<meta property=\"article:published_time\" content=\"2019-07-25T19:00:00+00:00\" \/>\n<meta property=\"article:modified_time\" content=\"2023-07-04T14:19:05+00:00\" \/>\n<meta property=\"og:image\" content=\"https:\/\/marcelolopes.jor.br\/site\/wp-content\/uploads\/2019\/07\/WhatsApp-Image-2019-07-24-at-16.27.31.jpeg\" \/>\n\t<meta property=\"og:image:width\" content=\"1280\" \/>\n\t<meta property=\"og:image:height\" content=\"960\" \/>\n\t<meta property=\"og:image:type\" content=\"image\/jpeg\" \/>\n<meta name=\"author\" content=\"Marcelo Lopes\" \/>\n<meta name=\"twitter:card\" content=\"summary_large_image\" \/>\n<meta name=\"twitter:label1\" content=\"Escrito por\" \/>\n\t<meta name=\"twitter:data1\" content=\"Marcelo Lopes\" \/>\n\t<meta name=\"twitter:label2\" content=\"Est. tempo de leitura\" \/>\n\t<meta name=\"twitter:data2\" content=\"1 minuto\" \/>\n<script type=\"application\/ld+json\" class=\"yoast-schema-graph\">{\"@context\":\"https:\\\/\\\/schema.org\",\"@graph\":[{\"@type\":\"NewsArticle\",\"@id\":\"https:\\\/\\\/marcelolopes.jor.br\\\/site\\\/2019\\\/07\\\/25\\\/tiro-de-guerra-arrecada-agasalhos-para-pessoas-carentes\\\/#article\",\"isPartOf\":{\"@id\":\"https:\\\/\\\/marcelolopes.jor.br\\\/site\\\/2019\\\/07\\\/25\\\/tiro-de-guerra-arrecada-agasalhos-para-pessoas-carentes\\\/\"},\"author\":{\"name\":\"Marcelo Lopes\",\"@id\":\"https:\\\/\\\/marcelolopes.jor.br\\\/site\\\/#\\\/schema\\\/person\\\/3e7216a35c34d8fdf952b31da3d1f89f\"},\"headline\":\"Tiro de Guerra arrecada agasalhos para pessoas carentes\",\"datePublished\":\"2019-07-25T19:00:00+00:00\",\"dateModified\":\"2023-07-04T14:19:05+00:00\",\"mainEntityOfPage\":{\"@id\":\"https:\\\/\\\/marcelolopes.jor.br\\\/site\\\/2019\\\/07\\\/25\\\/tiro-de-guerra-arrecada-agasalhos-para-pessoas-carentes\\\/\"},\"wordCount\":264,\"commentCount\":0,\"publisher\":{\"@id\":\"https:\\\/\\\/marcelolopes.jor.br\\\/site\\\/#organization\"},\"image\":{\"@id\":\"https:\\\/\\\/marcelolopes.jor.br\\\/site\\\/2019\\\/07\\\/25\\\/tiro-de-guerra-arrecada-agasalhos-para-pessoas-carentes\\\/#primaryimage\"},\"thumbnailUrl\":\"https:\\\/\\\/marcelolopes.jor.br\\\/site\\\/wp-content\\\/uploads\\\/2019\\\/07\\\/WhatsApp-Image-2019-07-24-at-16.27.31.jpeg\",\"keywords\":[\"campanha do agasalho\",\"doa\u00e7\u00e3o\",\"fam\u00edlia carente\",\"Tiro de Guerra\"],\"articleSection\":[\"Not\u00edcias\"],\"inLanguage\":\"pt-BR\",\"potentialAction\":[{\"@type\":\"CommentAction\",\"name\":\"Comment\",\"target\":[\"https:\\\/\\\/marcelolopes.jor.br\\\/site\\\/2019\\\/07\\\/25\\\/tiro-de-guerra-arrecada-agasalhos-para-pessoas-carentes\\\/#respond\"]}]},{\"@type\":\"WebPage\",\"@id\":\"https:\\\/\\\/marcelolopes.jor.br\\\/site\\\/2019\\\/07\\\/25\\\/tiro-de-guerra-arrecada-agasalhos-para-pessoas-carentes\\\/\",\"url\":\"https:\\\/\\\/marcelolopes.jor.br\\\/site\\\/2019\\\/07\\\/25\\\/tiro-de-guerra-arrecada-agasalhos-para-pessoas-carentes\\\/\",\"name\":\"Tiro de Guerra arrecada agasalhos para pessoas carentes | Marcelo Lopes\",\"isPartOf\":{\"@id\":\"https:\\\/\\\/marcelolopes.jor.br\\\/site\\\/#website\"},\"primaryImageOfPage\":{\"@id\":\"https:\\\/\\\/marcelolopes.jor.br\\\/site\\\/2019\\\/07\\\/25\\\/tiro-de-guerra-arrecada-agasalhos-para-pessoas-carentes\\\/#primaryimage\"},\"image\":{\"@id\":\"https:\\\/\\\/marcelolopes.jor.br\\\/site\\\/2019\\\/07\\\/25\\\/tiro-de-guerra-arrecada-agasalhos-para-pessoas-carentes\\\/#primaryimage\"},\"thumbnailUrl\":\"https:\\\/\\\/marcelolopes.jor.br\\\/site\\\/wp-content\\\/uploads\\\/2019\\\/07\\\/WhatsApp-Image-2019-07-24-at-16.27.31.jpeg\",\"datePublished\":\"2019-07-25T19:00:00+00:00\",\"dateModified\":\"2023-07-04T14:19:05+00:00\",\"description\":\"Tiro de Guerra arrecada agasalhos para pessoas carentes. Agasalhos foram repassados ao CRAS e \u00e0 Ma\u00e7onaria que v\u00e3o entregar aos beneficiados.\",\"breadcrumb\":{\"@id\":\"https:\\\/\\\/marcelolopes.jor.br\\\/site\\\/2019\\\/07\\\/25\\\/tiro-de-guerra-arrecada-agasalhos-para-pessoas-carentes\\\/#breadcrumb\"},\"inLanguage\":\"pt-BR\",\"potentialAction\":[{\"@type\":\"ReadAction\",\"target\":[\"https:\\\/\\\/marcelolopes.jor.br\\\/site\\\/2019\\\/07\\\/25\\\/tiro-de-guerra-arrecada-agasalhos-para-pessoas-carentes\\\/\"]}]},{\"@type\":\"ImageObject\",\"inLanguage\":\"pt-BR\",\"@id\":\"https:\\\/\\\/marcelolopes.jor.br\\\/site\\\/2019\\\/07\\\/25\\\/tiro-de-guerra-arrecada-agasalhos-para-pessoas-carentes\\\/#primaryimage\",\"url\":\"https:\\\/\\\/marcelolopes.jor.br\\\/site\\\/wp-content\\\/uploads\\\/2019\\\/07\\\/WhatsApp-Image-2019-07-24-at-16.27.31.jpeg\",\"contentUrl\":\"https:\\\/\\\/marcelolopes.jor.br\\\/site\\\/wp-content\\\/uploads\\\/2019\\\/07\\\/WhatsApp-Image-2019-07-24-at-16.27.31.jpeg\",\"width\":1280,\"height\":960,\"caption\":\"Tiro de Guerra arrecada\"},{\"@type\":\"BreadcrumbList\",\"@id\":\"https:\\\/\\\/marcelolopes.jor.br\\\/site\\\/2019\\\/07\\\/25\\\/tiro-de-guerra-arrecada-agasalhos-para-pessoas-carentes\\\/#breadcrumb\",\"itemListElement\":[{\"@type\":\"ListItem\",\"position\":1,\"name\":\"Home\",\"item\":\"https:\\\/\\\/marcelolopes.jor.br\\\/site\\\/\"},{\"@type\":\"ListItem\",\"position\":2,\"name\":\"Tiro de Guerra arrecada agasalhos para pessoas carentes\"}]},{\"@type\":\"WebSite\",\"@id\":\"https:\\\/\\\/marcelolopes.jor.br\\\/site\\\/#website\",\"url\":\"https:\\\/\\\/marcelolopes.jor.br\\\/site\\\/\",\"name\":\"Marcelo Lopes\",\"description\":\"Not\u00edcias de Cataguases e Regi\u00e3o\",\"publisher\":{\"@id\":\"https:\\\/\\\/marcelolopes.jor.br\\\/site\\\/#organization\"},\"potentialAction\":[{\"@type\":\"SearchAction\",\"target\":{\"@type\":\"EntryPoint\",\"urlTemplate\":\"https:\\\/\\\/marcelolopes.jor.br\\\/site\\\/?s={search_term_string}\"},\"query-input\":{\"@type\":\"PropertyValueSpecification\",\"valueRequired\":true,\"valueName\":\"search_term_string\"}}],\"inLanguage\":\"pt-BR\"},{\"@type\":\"Organization\",\"@id\":\"https:\\\/\\\/marcelolopes.jor.br\\\/site\\\/#organization\",\"name\":\"Site do Marcelo Lopes\",\"url\":\"https:\\\/\\\/marcelolopes.jor.br\\\/site\\\/\",\"logo\":{\"@type\":\"ImageObject\",\"inLanguage\":\"pt-BR\",\"@id\":\"https:\\\/\\\/marcelolopes.jor.br\\\/site\\\/#\\\/schema\\\/logo\\\/image\\\/\",\"url\":\"https:\\\/\\\/marcelolopes.jor.br\\\/site\\\/wp-content\\\/uploads\\\/2024\\\/11\\\/logo-1.png\",\"contentUrl\":\"https:\\\/\\\/marcelolopes.jor.br\\\/site\\\/wp-content\\\/uploads\\\/2024\\\/11\\\/logo-1.png\",\"width\":475,\"height\":80,\"caption\":\"Site do Marcelo Lopes\"},\"image\":{\"@id\":\"https:\\\/\\\/marcelolopes.jor.br\\\/site\\\/#\\\/schema\\\/logo\\\/image\\\/\"},\"sameAs\":[\"https:\\\/\\\/www.facebook.com\\\/sitedomarcelolopes\",\"https:\\\/\\\/www.instagram.com\\\/sitedomarcelolopes\\\/\",\"https:\\\/\\\/www.linkedin.com\\\/company\\\/site-do-marcelo-lopes\\\/\",\"https:\\\/\\\/www.youtube.com\\\/user\\\/marcelolopes957\"]},{\"@type\":\"Person\",\"@id\":\"https:\\\/\\\/marcelolopes.jor.br\\\/site\\\/#\\\/schema\\\/person\\\/3e7216a35c34d8fdf952b31da3d1f89f\",\"name\":\"Marcelo Lopes\",\"sameAs\":[\"http:\\\/\\\/www.marcelolopes.jor.br\"],\"url\":\"https:\\\/\\\/marcelolopes.jor.br\\\/site\\\/author\\\/marcelo\\\/\"}]}<\/script>\n<!-- \/ Yoast SEO plugin. -->","yoast_head_json":{"title":"Tiro de Guerra arrecada agasalhos para pessoas carentes | Marcelo Lopes","description":"Tiro de Guerra arrecada agasalhos para pessoas carentes. Agasalhos foram repassados ao CRAS e \u00e0 Ma\u00e7onaria que v\u00e3o entregar aos beneficiados.","robots":{"index":"index","follow":"follow","max-snippet":"max-snippet:-1","max-image-preview":"max-image-preview:large","max-video-preview":"max-video-preview:-1"},"canonical":"https:\/\/marcelolopes.jor.br\/site\/2019\/07\/25\/tiro-de-guerra-arrecada-agasalhos-para-pessoas-carentes\/","og_locale":"pt_BR","og_type":"article","og_title":"Tiro de Guerra arrecada agasalhos para pessoas carentes | Marcelo Lopes","og_description":"Tiro de Guerra arrecada agasalhos para pessoas carentes. Agasalhos foram repassados ao CRAS e \u00e0 Ma\u00e7onaria que v\u00e3o entregar aos beneficiados.","og_url":"https:\/\/marcelolopes.jor.br\/site\/2019\/07\/25\/tiro-de-guerra-arrecada-agasalhos-para-pessoas-carentes\/","og_site_name":"Marcelo Lopes","article_publisher":"https:\/\/www.facebook.com\/sitedomarcelolopes","article_published_time":"2019-07-25T19:00:00+00:00","article_modified_time":"2023-07-04T14:19:05+00:00","og_image":[{"width":1280,"height":960,"url":"https:\/\/marcelolopes.jor.br\/site\/wp-content\/uploads\/2019\/07\/WhatsApp-Image-2019-07-24-at-16.27.31.jpeg","type":"image\/jpeg"}],"author":"Marcelo Lopes","twitter_card":"summary_large_image","twitter_misc":{"Escrito por":"Marcelo Lopes","Est. tempo de leitura":"1 minuto"},"schema":{"@context":"https:\/\/schema.org","@graph":[{"@type":"NewsArticle","@id":"https:\/\/marcelolopes.jor.br\/site\/2019\/07\/25\/tiro-de-guerra-arrecada-agasalhos-para-pessoas-carentes\/#article","isPartOf":{"@id":"https:\/\/marcelolopes.jor.br\/site\/2019\/07\/25\/tiro-de-guerra-arrecada-agasalhos-para-pessoas-carentes\/"},"author":{"name":"Marcelo Lopes","@id":"https:\/\/marcelolopes.jor.br\/site\/#\/schema\/person\/3e7216a35c34d8fdf952b31da3d1f89f"},"headline":"Tiro de Guerra arrecada agasalhos para pessoas carentes","datePublished":"2019-07-25T19:00:00+00:00","dateModified":"2023-07-04T14:19:05+00:00","mainEntityOfPage":{"@id":"https:\/\/marcelolopes.jor.br\/site\/2019\/07\/25\/tiro-de-guerra-arrecada-agasalhos-para-pessoas-carentes\/"},"wordCount":264,"commentCount":0,"publisher":{"@id":"https:\/\/marcelolopes.jor.br\/site\/#organization"},"image":{"@id":"https:\/\/marcelolopes.jor.br\/site\/2019\/07\/25\/tiro-de-guerra-arrecada-agasalhos-para-pessoas-carentes\/#primaryimage"},"thumbnailUrl":"https:\/\/marcelolopes.jor.br\/site\/wp-content\/uploads\/2019\/07\/WhatsApp-Image-2019-07-24-at-16.27.31.jpeg","keywords":["campanha do agasalho","doa\u00e7\u00e3o","fam\u00edlia carente","Tiro de Guerra"],"articleSection":["Not\u00edcias"],"inLanguage":"pt-BR","potentialAction":[{"@type":"CommentAction","name":"Comment","target":["https:\/\/marcelolopes.jor.br\/site\/2019\/07\/25\/tiro-de-guerra-arrecada-agasalhos-para-pessoas-carentes\/#respond"]}]},{"@type":"WebPage","@id":"https:\/\/marcelolopes.jor.br\/site\/2019\/07\/25\/tiro-de-guerra-arrecada-agasalhos-para-pessoas-carentes\/","url":"https:\/\/marcelolopes.jor.br\/site\/2019\/07\/25\/tiro-de-guerra-arrecada-agasalhos-para-pessoas-carentes\/","name":"Tiro de Guerra arrecada agasalhos para pessoas carentes | Marcelo Lopes","isPartOf":{"@id":"https:\/\/marcelolopes.jor.br\/site\/#website"},"primaryImageOfPage":{"@id":"https:\/\/marcelolopes.jor.br\/site\/2019\/07\/25\/tiro-de-guerra-arrecada-agasalhos-para-pessoas-carentes\/#primaryimage"},"image":{"@id":"https:\/\/marcelolopes.jor.br\/site\/2019\/07\/25\/tiro-de-guerra-arrecada-agasalhos-para-pessoas-carentes\/#primaryimage"},"thumbnailUrl":"https:\/\/marcelolopes.jor.br\/site\/wp-content\/uploads\/2019\/07\/WhatsApp-Image-2019-07-24-at-16.27.31.jpeg","datePublished":"2019-07-25T19:00:00+00:00","dateModified":"2023-07-04T14:19:05+00:00","description":"Tiro de Guerra arrecada agasalhos para pessoas carentes. Agasalhos foram repassados ao CRAS e \u00e0 Ma\u00e7onaria que v\u00e3o entregar aos beneficiados.","breadcrumb":{"@id":"https:\/\/marcelolopes.jor.br\/site\/2019\/07\/25\/tiro-de-guerra-arrecada-agasalhos-para-pessoas-carentes\/#breadcrumb"},"inLanguage":"pt-BR","potentialAction":[{"@type":"ReadAction","target":["https:\/\/marcelolopes.jor.br\/site\/2019\/07\/25\/tiro-de-guerra-arrecada-agasalhos-para-pessoas-carentes\/"]}]},{"@type":"ImageObject","inLanguage":"pt-BR","@id":"https:\/\/marcelolopes.jor.br\/site\/2019\/07\/25\/tiro-de-guerra-arrecada-agasalhos-para-pessoas-carentes\/#primaryimage","url":"https:\/\/marcelolopes.jor.br\/site\/wp-content\/uploads\/2019\/07\/WhatsApp-Image-2019-07-24-at-16.27.31.jpeg","contentUrl":"https:\/\/marcelolopes.jor.br\/site\/wp-content\/uploads\/2019\/07\/WhatsApp-Image-2019-07-24-at-16.27.31.jpeg","width":1280,"height":960,"caption":"Tiro de Guerra arrecada"},{"@type":"BreadcrumbList","@id":"https:\/\/marcelolopes.jor.br\/site\/2019\/07\/25\/tiro-de-guerra-arrecada-agasalhos-para-pessoas-carentes\/#breadcrumb","itemListElement":[{"@type":"ListItem","position":1,"name":"Home","item":"https:\/\/marcelolopes.jor.br\/site\/"},{"@type":"ListItem","position":2,"name":"Tiro de Guerra arrecada agasalhos para pessoas carentes"}]},{"@type":"WebSite","@id":"https:\/\/marcelolopes.jor.br\/site\/#website","url":"https:\/\/marcelolopes.jor.br\/site\/","name":"Marcelo Lopes","description":"Not\u00edcias de Cataguases e Regi\u00e3o","publisher":{"@id":"https:\/\/marcelolopes.jor.br\/site\/#organization"},"potentialAction":[{"@type":"SearchAction","target":{"@type":"EntryPoint","urlTemplate":"https:\/\/marcelolopes.jor.br\/site\/?s={search_term_string}"},"query-input":{"@type":"PropertyValueSpecification","valueRequired":true,"valueName":"search_term_string"}}],"inLanguage":"pt-BR"},{"@type":"Organization","@id":"https:\/\/marcelolopes.jor.br\/site\/#organization","name":"Site do Marcelo Lopes","url":"https:\/\/marcelolopes.jor.br\/site\/","logo":{"@type":"ImageObject","inLanguage":"pt-BR","@id":"https:\/\/marcelolopes.jor.br\/site\/#\/schema\/logo\/image\/","url":"https:\/\/marcelolopes.jor.br\/site\/wp-content\/uploads\/2024\/11\/logo-1.png","contentUrl":"https:\/\/marcelolopes.jor.br\/site\/wp-content\/uploads\/2024\/11\/logo-1.png","width":475,"height":80,"caption":"Site do Marcelo Lopes"},"image":{"@id":"https:\/\/marcelolopes.jor.br\/site\/#\/schema\/logo\/image\/"},"sameAs":["https:\/\/www.facebook.com\/sitedomarcelolopes","https:\/\/www.instagram.com\/sitedomarcelolopes\/","https:\/\/www.linkedin.com\/company\/site-do-marcelo-lopes\/","https:\/\/www.youtube.com\/user\/marcelolopes957"]},{"@type":"Person","@id":"https:\/\/marcelolopes.jor.br\/site\/#\/schema\/person\/3e7216a35c34d8fdf952b31da3d1f89f","name":"Marcelo Lopes","sameAs":["http:\/\/www.marcelolopes.jor.br"],"url":"https:\/\/marcelolopes.jor.br\/site\/author\/marcelo\/"}]}},"wps_subtitle":"Agasalhos arrecadados foram repassados ao CRAS e \u00e0 Ma\u00e7onaria que far\u00e3o a entrega aos beneficiados.","_links":{"self":[{"href":"https:\/\/marcelolopes.jor.br\/site\/wp-json\/wp\/v2\/posts\/3901","targetHints":{"allow":["GET"]}}],"collection":[{"href":"https:\/\/marcelolopes.jor.br\/site\/wp-json\/wp\/v2\/posts"}],"about":[{"href":"https:\/\/marcelolopes.jor.br\/site\/wp-json\/wp\/v2\/types\/post"}],"author":[{"embeddable":true,"href":"https:\/\/marcelolopes.jor.br\/site\/wp-json\/wp\/v2\/users\/2"}],"replies":[{"embeddable":true,"href":"https:\/\/marcelolopes.jor.br\/site\/wp-json\/wp\/v2\/comments?post=3901"}],"version-history":[{"count":0,"href":"https:\/\/marcelolopes.jor.br\/site\/wp-json\/wp\/v2\/posts\/3901\/revisions"}],"wp:featuredmedia":[{"embeddable":true,"href":"https:\/\/marcelolopes.jor.br\/site\/wp-json\/wp\/v2\/media\/3903"}],"wp:attachment":[{"href":"https:\/\/marcelolopes.jor.br\/site\/wp-json\/wp\/v2\/media?parent=3901"}],"wp:term":[{"taxonomy":"category","embeddable":true,"href":"https:\/\/marcelolopes.jor.br\/site\/wp-json\/wp\/v2\/categories?post=3901"},{"taxonomy":"post_tag","embeddable":true,"href":"https:\/\/marcelolopes.jor.br\/site\/wp-json\/wp\/v2\/tags?post=3901"}],"curies":[{"name":"wp","href":"https:\/\/api.w.org\/{rel}","templated":true}]}}