{"id":3837,"date":"2019-07-23T16:00:48","date_gmt":"2019-07-23T19:00:48","guid":{"rendered":"https:\/\/marcelolopes.jor.br\/?p=3837"},"modified":"2019-07-23T16:08:56","modified_gmt":"2019-07-23T19:08:56","slug":"sexta-feira-sera-dedicada-a-viola-no-festival-de-piacatuba","status":"publish","type":"post","link":"https:\/\/marcelolopes.jor.br\/site\/2019\/07\/23\/sexta-feira-sera-dedicada-a-viola-no-festival-de-piacatuba\/","title":{"rendered":"Sexta-feira ser\u00e1 dedicada \u00e0 viola no Festival de Piacatuba"},"content":{"rendered":"<p style=\"text-align: justify;\">Come\u00e7a nesta quarta-feira, 24 de julho, o 16\u00ba Festival de Viola de Piacatuba e Gastronomia. O evento se estende at\u00e9 o pr\u00f3ximo domingo, 28 com diversas atra\u00e7\u00f5es como shows, concurso de viola, oficinas para crian\u00e7as, artesanato, palestras e uma enorme variedade de sabores produzidos pelos restaurantes do lugar que fazem a alegria do paladar dos milhares de visitantes.<!--more--><\/p>\n<p style=\"text-align: justify;\">Produzido e coordenado pela produtora cultural Maria L\u00facia Braga e patrocinado pela Energisa e Governo de Minas, atrav\u00e9s da Lei Estadual de Incentivo \u00e0 Cultura, o Festival \u00e9 gratuito e deve atrair cerca de 30 mil pessoas ao distrito de Leopoldina. O evento conta com v\u00e1rios shows com nomes conhecidos nacionalmente, al\u00e9m de prestigiar os talentos locais.<\/p>\n<p style=\"text-align: justify;\">O concorrido Concurso de Viola, recebe violeiros de todos os cantos do pa\u00eds. Este ano vai contar com dez concorrentes na etapa regional e outros dez na etapa nacional. Os vencedores v\u00e3o receber um total de R$ 29 mil em premia\u00e7\u00e3o. A apresenta\u00e7\u00e3o dos violeiros acontece na sexta-feira, 26, quando tamb\u00e9m s\u00e3o conhecidos os vencedores das duas etapas. A noite termina com um show do violeiro matogrossense Jo\u00e3o Ormond, considerado pela cr\u00edtica um dos novos expoentes da m\u00fasica regional brasileira.<\/p>\n<p>Conhe\u00e7a abaixo os violeiros selecionados para disputar a 16\u00aa edi\u00e7\u00e3o do Festival de Viola.<\/p>\n<p><strong>ETAPA REGIONAL<\/strong><br \/>\nAnderson Guimar\u00e3es &#8211; Juiz de Fora<br \/>\nJos\u00e9 Roberto Mendon\u00e7a de Oliveira &#8211; Juiz de Fora<br \/>\nFabr\u00edcio Manca de Souza &#8211; Leopoldina<br \/>\nThobias Jacobi Lieven &#8211; S\u00e3o Jo\u00e3o del Rei<br \/>\nS\u00e9rgio Braga e Rimante &#8211; Muria\u00e9<br \/>\nCarlos da Cruz Moreira &#8211; Juiz de Fora<br \/>\nEdir Pires da Luz &#8211; Guidoval<br \/>\nMarcos Alves &#8211; Cataguases<br \/>\nLu\u00eds Wagner de Paula &#8211; Ub\u00e1<br \/>\nJos\u00e9 Deusdet Dias &#8211; Conselheiro Lafaiete<\/p>\n<p><strong>ETAPA NACIONAL<\/strong><br \/>\nWalter Luiz Ara\u00fajo de Jesus &#8211; Vit\u00f3ria da Conquista (BA)<br \/>\nJo\u00e3o Correia Lamento &#8211; Rio de Janeiro (RJ)<br \/>\nRamon e Rozado &#8211; Vi\u00e7osa (MG)<br \/>\nC\u00edcero Gon\u00e7alves &#8211; S\u00e3o Paulo (SP)<br \/>\nMarcos C\u00e2ndido Leal &#8211; Uberl\u00e2ndia (MG)<br \/>\nValber Meireles &#8211; Itaperuna (RJ)<br \/>\nLuiz Carlos da Silva Lima &#8211; Pardinho (SP)<br \/>\nThiago Luqui da Silva &#8211; Cruzeiro do Oeste (PR)<br \/>\nTavinho Limma e Robertho Azis Breu &#8211; Ilha Solteira (SP)<br \/>\nC\u00edcero Alves Pereira &#8211; Jan\u00faba (MG)<\/p>\n<div class=\"yovaf69f72ddf765a3\" ><br><\/div><style type=\"text\/css\">\r\n@media screen and (min-width: 1201px) {\r\n.yovaf69f72ddf765a3 {\r\ndisplay: block;\r\n}\r\n}\r\n@media screen and (min-width: 993px) and (max-width: 1200px) {\r\n.yovaf69f72ddf765a3 {\r\ndisplay: block;\r\n}\r\n}\r\n@media screen and (min-width: 769px) and (max-width: 992px) {\r\n.yovaf69f72ddf765a3 {\r\ndisplay: block;\r\n}\r\n}\r\n@media screen and (min-width: 768px) and (max-width: 768px) {\r\n.yovaf69f72ddf765a3 {\r\ndisplay: block;\r\n}\r\n}\r\n@media screen and (max-width: 767px) {\r\n.yovaf69f72ddf765a3 {\r\ndisplay: block;\r\n}\r\n}\r\n<\/style>\r\n<div class=\"sswgc69f72ddf7b7ad\" ><div id=\"div_destino\"><\/div>\r\n<script src=\"https:\/\/cdn.snsrsv.com\/sdk.js\"><\/script>\r\n<script >\r\n      new sdk(\"464030C30061EA8BE065000000000001\") \r\n          .appendTo(\"div_destino\")\r\n          .disableStyle(true) \r\n          .setCacheBusterMacro(\"%%CACHEBUSTER%%\")\r\n          .setSize(\"800\",\"214\")\r\n          .setClickMacro(\"%%CLICK_URL_ESC%%\") \r\n          .setReferrerUrlMacro(\"%%REFERRER_URL_ESC%%\") \r\n          .start(); \r\n<\/script><\/div><style type=\"text\/css\">\r\n@media screen and (min-width: 1201px) {\r\n.sswgc69f72ddf7b7ad {\r\ndisplay: block;\r\n}\r\n}\r\n@media screen and (min-width: 993px) and (max-width: 1200px) {\r\n.sswgc69f72ddf7b7ad {\r\ndisplay: block;\r\n}\r\n}\r\n@media screen and (min-width: 769px) and (max-width: 992px) {\r\n.sswgc69f72ddf7b7ad {\r\ndisplay: block;\r\n}\r\n}\r\n@media screen and (min-width: 768px) and (max-width: 768px) {\r\n.sswgc69f72ddf7b7ad {\r\ndisplay: block;\r\n}\r\n}\r\n@media screen and (max-width: 767px) {\r\n.sswgc69f72ddf7b7ad {\r\ndisplay: block;\r\n}\r\n}\r\n<\/style>\r\n","protected":false},"excerpt":{"rendered":"<p>Come\u00e7a nesta quarta-feira, 24 de julho, o 16\u00ba Festival de Viola de Piacatuba e Gastronomia. O evento se estende at\u00e9 o pr\u00f3ximo domingo, 28 com diversas atra\u00e7\u00f5es como shows, concurso de viola, oficinas para crian\u00e7as, artesanato, palestras e uma enorme<\/p>\n<p class=\"link-more\"><a class=\"more-link\" href=\"https:\/\/marcelolopes.jor.br\/site\/2019\/07\/23\/sexta-feira-sera-dedicada-a-viola-no-festival-de-piacatuba\/\">Leia mais <span class=\"screen-reader-text\">Sexta-feira ser\u00e1 dedicada \u00e0 viola no Festival de Piacatuba<\/span><\/a><\/p>\n","protected":false},"author":2,"featured_media":3839,"comment_status":"open","ping_status":"open","sticky":false,"template":"","format":"standard","meta":{"footnotes":""},"categories":[1],"tags":[497,119,457,117],"class_list":["post-3837","post","type-post","status-publish","format-standard","has-post-thumbnail","hentry","category-noticias","tag-festival-de-viola","tag-gastronomia","tag-musica","tag-piacatuba","thumb-below-title"],"yoast_head":"<!-- This site is optimized with the Yoast SEO plugin v27.4 - https:\/\/yoast.com\/product\/yoast-seo-wordpress\/ -->\n<title>Sexta-feira ser\u00e1 dedicada \u00e0 viola no Festival de Piacatuba | Marcelo Lopes<\/title>\n<meta name=\"robots\" content=\"index, follow, max-snippet:-1, max-image-preview:large, max-video-preview:-1\" \/>\n<link rel=\"canonical\" href=\"https:\/\/marcelolopes.jor.br\/site\/2019\/07\/23\/sexta-feira-sera-dedicada-a-viola-no-festival-de-piacatuba\/\" \/>\n<meta property=\"og:locale\" content=\"pt_BR\" \/>\n<meta property=\"og:type\" content=\"article\" \/>\n<meta property=\"og:title\" content=\"Sexta-feira ser\u00e1 dedicada \u00e0 viola no Festival de Piacatuba | Marcelo Lopes\" \/>\n<meta property=\"og:description\" content=\"Come\u00e7a nesta quarta-feira, 24 de julho, o 16\u00ba Festival de Viola de Piacatuba e Gastronomia. O evento se estende at\u00e9 o pr\u00f3ximo domingo, 28 com diversas atra\u00e7\u00f5es como shows, concurso de viola, oficinas para crian\u00e7as, artesanato, palestras e uma enormeLeia mais Sexta-feira ser\u00e1 dedicada \u00e0 viola no Festival de Piacatuba\" \/>\n<meta property=\"og:url\" content=\"https:\/\/marcelolopes.jor.br\/site\/2019\/07\/23\/sexta-feira-sera-dedicada-a-viola-no-festival-de-piacatuba\/\" \/>\n<meta property=\"og:site_name\" content=\"Marcelo Lopes\" \/>\n<meta property=\"article:publisher\" content=\"https:\/\/www.facebook.com\/sitedomarcelolopes\" \/>\n<meta property=\"article:published_time\" content=\"2019-07-23T19:00:48+00:00\" \/>\n<meta property=\"article:modified_time\" content=\"2019-07-23T19:08:56+00:00\" \/>\n<meta property=\"og:image\" content=\"https:\/\/marcelolopes.jor.br\/site\/wp-content\/uploads\/2019\/07\/foto06.jpg\" \/>\n\t<meta property=\"og:image:width\" content=\"624\" \/>\n\t<meta property=\"og:image:height\" content=\"394\" \/>\n\t<meta property=\"og:image:type\" content=\"image\/jpeg\" \/>\n<meta name=\"author\" content=\"Marcelo Lopes\" \/>\n<meta name=\"twitter:card\" content=\"summary_large_image\" \/>\n<meta name=\"twitter:label1\" content=\"Escrito por\" \/>\n\t<meta name=\"twitter:data1\" content=\"Marcelo Lopes\" \/>\n\t<meta name=\"twitter:label2\" content=\"Est. tempo de leitura\" \/>\n\t<meta name=\"twitter:data2\" content=\"2 minutos\" \/>\n<script type=\"application\/ld+json\" class=\"yoast-schema-graph\">{\"@context\":\"https:\\\/\\\/schema.org\",\"@graph\":[{\"@type\":\"NewsArticle\",\"@id\":\"https:\\\/\\\/marcelolopes.jor.br\\\/site\\\/2019\\\/07\\\/23\\\/sexta-feira-sera-dedicada-a-viola-no-festival-de-piacatuba\\\/#article\",\"isPartOf\":{\"@id\":\"https:\\\/\\\/marcelolopes.jor.br\\\/site\\\/2019\\\/07\\\/23\\\/sexta-feira-sera-dedicada-a-viola-no-festival-de-piacatuba\\\/\"},\"author\":{\"name\":\"Marcelo Lopes\",\"@id\":\"https:\\\/\\\/marcelolopes.jor.br\\\/site\\\/#\\\/schema\\\/person\\\/3e7216a35c34d8fdf952b31da3d1f89f\"},\"headline\":\"Sexta-feira ser\u00e1 dedicada \u00e0 viola no Festival de Piacatuba\",\"datePublished\":\"2019-07-23T19:00:48+00:00\",\"dateModified\":\"2019-07-23T19:08:56+00:00\",\"mainEntityOfPage\":{\"@id\":\"https:\\\/\\\/marcelolopes.jor.br\\\/site\\\/2019\\\/07\\\/23\\\/sexta-feira-sera-dedicada-a-viola-no-festival-de-piacatuba\\\/\"},\"wordCount\":388,\"commentCount\":0,\"publisher\":{\"@id\":\"https:\\\/\\\/marcelolopes.jor.br\\\/site\\\/#organization\"},\"image\":{\"@id\":\"https:\\\/\\\/marcelolopes.jor.br\\\/site\\\/2019\\\/07\\\/23\\\/sexta-feira-sera-dedicada-a-viola-no-festival-de-piacatuba\\\/#primaryimage\"},\"thumbnailUrl\":\"https:\\\/\\\/marcelolopes.jor.br\\\/site\\\/wp-content\\\/uploads\\\/2019\\\/07\\\/foto06.jpg\",\"keywords\":[\"Festival de Viola\",\"Gastronomia\",\"m\u00fasica\",\"Piacatuba\"],\"articleSection\":[\"Not\u00edcias\"],\"inLanguage\":\"pt-BR\",\"potentialAction\":[{\"@type\":\"CommentAction\",\"name\":\"Comment\",\"target\":[\"https:\\\/\\\/marcelolopes.jor.br\\\/site\\\/2019\\\/07\\\/23\\\/sexta-feira-sera-dedicada-a-viola-no-festival-de-piacatuba\\\/#respond\"]}]},{\"@type\":\"WebPage\",\"@id\":\"https:\\\/\\\/marcelolopes.jor.br\\\/site\\\/2019\\\/07\\\/23\\\/sexta-feira-sera-dedicada-a-viola-no-festival-de-piacatuba\\\/\",\"url\":\"https:\\\/\\\/marcelolopes.jor.br\\\/site\\\/2019\\\/07\\\/23\\\/sexta-feira-sera-dedicada-a-viola-no-festival-de-piacatuba\\\/\",\"name\":\"Sexta-feira ser\u00e1 dedicada \u00e0 viola no Festival de Piacatuba | Marcelo Lopes\",\"isPartOf\":{\"@id\":\"https:\\\/\\\/marcelolopes.jor.br\\\/site\\\/#website\"},\"primaryImageOfPage\":{\"@id\":\"https:\\\/\\\/marcelolopes.jor.br\\\/site\\\/2019\\\/07\\\/23\\\/sexta-feira-sera-dedicada-a-viola-no-festival-de-piacatuba\\\/#primaryimage\"},\"image\":{\"@id\":\"https:\\\/\\\/marcelolopes.jor.br\\\/site\\\/2019\\\/07\\\/23\\\/sexta-feira-sera-dedicada-a-viola-no-festival-de-piacatuba\\\/#primaryimage\"},\"thumbnailUrl\":\"https:\\\/\\\/marcelolopes.jor.br\\\/site\\\/wp-content\\\/uploads\\\/2019\\\/07\\\/foto06.jpg\",\"datePublished\":\"2019-07-23T19:00:48+00:00\",\"dateModified\":\"2019-07-23T19:08:56+00:00\",\"breadcrumb\":{\"@id\":\"https:\\\/\\\/marcelolopes.jor.br\\\/site\\\/2019\\\/07\\\/23\\\/sexta-feira-sera-dedicada-a-viola-no-festival-de-piacatuba\\\/#breadcrumb\"},\"inLanguage\":\"pt-BR\",\"potentialAction\":[{\"@type\":\"ReadAction\",\"target\":[\"https:\\\/\\\/marcelolopes.jor.br\\\/site\\\/2019\\\/07\\\/23\\\/sexta-feira-sera-dedicada-a-viola-no-festival-de-piacatuba\\\/\"]}]},{\"@type\":\"ImageObject\",\"inLanguage\":\"pt-BR\",\"@id\":\"https:\\\/\\\/marcelolopes.jor.br\\\/site\\\/2019\\\/07\\\/23\\\/sexta-feira-sera-dedicada-a-viola-no-festival-de-piacatuba\\\/#primaryimage\",\"url\":\"https:\\\/\\\/marcelolopes.jor.br\\\/site\\\/wp-content\\\/uploads\\\/2019\\\/07\\\/foto06.jpg\",\"contentUrl\":\"https:\\\/\\\/marcelolopes.jor.br\\\/site\\\/wp-content\\\/uploads\\\/2019\\\/07\\\/foto06.jpg\",\"width\":624,\"height\":394},{\"@type\":\"BreadcrumbList\",\"@id\":\"https:\\\/\\\/marcelolopes.jor.br\\\/site\\\/2019\\\/07\\\/23\\\/sexta-feira-sera-dedicada-a-viola-no-festival-de-piacatuba\\\/#breadcrumb\",\"itemListElement\":[{\"@type\":\"ListItem\",\"position\":1,\"name\":\"Home\",\"item\":\"https:\\\/\\\/marcelolopes.jor.br\\\/site\\\/\"},{\"@type\":\"ListItem\",\"position\":2,\"name\":\"Sexta-feira ser\u00e1 dedicada \u00e0 viola no Festival de Piacatuba\"}]},{\"@type\":\"WebSite\",\"@id\":\"https:\\\/\\\/marcelolopes.jor.br\\\/site\\\/#website\",\"url\":\"https:\\\/\\\/marcelolopes.jor.br\\\/site\\\/\",\"name\":\"Marcelo Lopes\",\"description\":\"Not\u00edcias de Cataguases e Regi\u00e3o\",\"publisher\":{\"@id\":\"https:\\\/\\\/marcelolopes.jor.br\\\/site\\\/#organization\"},\"potentialAction\":[{\"@type\":\"SearchAction\",\"target\":{\"@type\":\"EntryPoint\",\"urlTemplate\":\"https:\\\/\\\/marcelolopes.jor.br\\\/site\\\/?s={search_term_string}\"},\"query-input\":{\"@type\":\"PropertyValueSpecification\",\"valueRequired\":true,\"valueName\":\"search_term_string\"}}],\"inLanguage\":\"pt-BR\"},{\"@type\":\"Organization\",\"@id\":\"https:\\\/\\\/marcelolopes.jor.br\\\/site\\\/#organization\",\"name\":\"Site do Marcelo Lopes\",\"url\":\"https:\\\/\\\/marcelolopes.jor.br\\\/site\\\/\",\"logo\":{\"@type\":\"ImageObject\",\"inLanguage\":\"pt-BR\",\"@id\":\"https:\\\/\\\/marcelolopes.jor.br\\\/site\\\/#\\\/schema\\\/logo\\\/image\\\/\",\"url\":\"https:\\\/\\\/marcelolopes.jor.br\\\/site\\\/wp-content\\\/uploads\\\/2024\\\/11\\\/logo-1.png\",\"contentUrl\":\"https:\\\/\\\/marcelolopes.jor.br\\\/site\\\/wp-content\\\/uploads\\\/2024\\\/11\\\/logo-1.png\",\"width\":475,\"height\":80,\"caption\":\"Site do Marcelo Lopes\"},\"image\":{\"@id\":\"https:\\\/\\\/marcelolopes.jor.br\\\/site\\\/#\\\/schema\\\/logo\\\/image\\\/\"},\"sameAs\":[\"https:\\\/\\\/www.facebook.com\\\/sitedomarcelolopes\",\"https:\\\/\\\/www.instagram.com\\\/sitedomarcelolopes\\\/\",\"https:\\\/\\\/www.linkedin.com\\\/company\\\/site-do-marcelo-lopes\\\/\",\"https:\\\/\\\/www.youtube.com\\\/user\\\/marcelolopes957\"]},{\"@type\":\"Person\",\"@id\":\"https:\\\/\\\/marcelolopes.jor.br\\\/site\\\/#\\\/schema\\\/person\\\/3e7216a35c34d8fdf952b31da3d1f89f\",\"name\":\"Marcelo Lopes\",\"sameAs\":[\"http:\\\/\\\/www.marcelolopes.jor.br\"],\"url\":\"https:\\\/\\\/marcelolopes.jor.br\\\/site\\\/author\\\/marcelo\\\/\"}]}<\/script>\n<!-- \/ Yoast SEO plugin. -->","yoast_head_json":{"title":"Sexta-feira ser\u00e1 dedicada \u00e0 viola no Festival de Piacatuba | Marcelo Lopes","robots":{"index":"index","follow":"follow","max-snippet":"max-snippet:-1","max-image-preview":"max-image-preview:large","max-video-preview":"max-video-preview:-1"},"canonical":"https:\/\/marcelolopes.jor.br\/site\/2019\/07\/23\/sexta-feira-sera-dedicada-a-viola-no-festival-de-piacatuba\/","og_locale":"pt_BR","og_type":"article","og_title":"Sexta-feira ser\u00e1 dedicada \u00e0 viola no Festival de Piacatuba | Marcelo Lopes","og_description":"Come\u00e7a nesta quarta-feira, 24 de julho, o 16\u00ba Festival de Viola de Piacatuba e Gastronomia. O evento se estende at\u00e9 o pr\u00f3ximo domingo, 28 com diversas atra\u00e7\u00f5es como shows, concurso de viola, oficinas para crian\u00e7as, artesanato, palestras e uma enormeLeia mais Sexta-feira ser\u00e1 dedicada \u00e0 viola no Festival de Piacatuba","og_url":"https:\/\/marcelolopes.jor.br\/site\/2019\/07\/23\/sexta-feira-sera-dedicada-a-viola-no-festival-de-piacatuba\/","og_site_name":"Marcelo Lopes","article_publisher":"https:\/\/www.facebook.com\/sitedomarcelolopes","article_published_time":"2019-07-23T19:00:48+00:00","article_modified_time":"2019-07-23T19:08:56+00:00","og_image":[{"width":624,"height":394,"url":"https:\/\/marcelolopes.jor.br\/site\/wp-content\/uploads\/2019\/07\/foto06.jpg","type":"image\/jpeg"}],"author":"Marcelo Lopes","twitter_card":"summary_large_image","twitter_misc":{"Escrito por":"Marcelo Lopes","Est. tempo de leitura":"2 minutos"},"schema":{"@context":"https:\/\/schema.org","@graph":[{"@type":"NewsArticle","@id":"https:\/\/marcelolopes.jor.br\/site\/2019\/07\/23\/sexta-feira-sera-dedicada-a-viola-no-festival-de-piacatuba\/#article","isPartOf":{"@id":"https:\/\/marcelolopes.jor.br\/site\/2019\/07\/23\/sexta-feira-sera-dedicada-a-viola-no-festival-de-piacatuba\/"},"author":{"name":"Marcelo Lopes","@id":"https:\/\/marcelolopes.jor.br\/site\/#\/schema\/person\/3e7216a35c34d8fdf952b31da3d1f89f"},"headline":"Sexta-feira ser\u00e1 dedicada \u00e0 viola no Festival de Piacatuba","datePublished":"2019-07-23T19:00:48+00:00","dateModified":"2019-07-23T19:08:56+00:00","mainEntityOfPage":{"@id":"https:\/\/marcelolopes.jor.br\/site\/2019\/07\/23\/sexta-feira-sera-dedicada-a-viola-no-festival-de-piacatuba\/"},"wordCount":388,"commentCount":0,"publisher":{"@id":"https:\/\/marcelolopes.jor.br\/site\/#organization"},"image":{"@id":"https:\/\/marcelolopes.jor.br\/site\/2019\/07\/23\/sexta-feira-sera-dedicada-a-viola-no-festival-de-piacatuba\/#primaryimage"},"thumbnailUrl":"https:\/\/marcelolopes.jor.br\/site\/wp-content\/uploads\/2019\/07\/foto06.jpg","keywords":["Festival de Viola","Gastronomia","m\u00fasica","Piacatuba"],"articleSection":["Not\u00edcias"],"inLanguage":"pt-BR","potentialAction":[{"@type":"CommentAction","name":"Comment","target":["https:\/\/marcelolopes.jor.br\/site\/2019\/07\/23\/sexta-feira-sera-dedicada-a-viola-no-festival-de-piacatuba\/#respond"]}]},{"@type":"WebPage","@id":"https:\/\/marcelolopes.jor.br\/site\/2019\/07\/23\/sexta-feira-sera-dedicada-a-viola-no-festival-de-piacatuba\/","url":"https:\/\/marcelolopes.jor.br\/site\/2019\/07\/23\/sexta-feira-sera-dedicada-a-viola-no-festival-de-piacatuba\/","name":"Sexta-feira ser\u00e1 dedicada \u00e0 viola no Festival de Piacatuba | Marcelo Lopes","isPartOf":{"@id":"https:\/\/marcelolopes.jor.br\/site\/#website"},"primaryImageOfPage":{"@id":"https:\/\/marcelolopes.jor.br\/site\/2019\/07\/23\/sexta-feira-sera-dedicada-a-viola-no-festival-de-piacatuba\/#primaryimage"},"image":{"@id":"https:\/\/marcelolopes.jor.br\/site\/2019\/07\/23\/sexta-feira-sera-dedicada-a-viola-no-festival-de-piacatuba\/#primaryimage"},"thumbnailUrl":"https:\/\/marcelolopes.jor.br\/site\/wp-content\/uploads\/2019\/07\/foto06.jpg","datePublished":"2019-07-23T19:00:48+00:00","dateModified":"2019-07-23T19:08:56+00:00","breadcrumb":{"@id":"https:\/\/marcelolopes.jor.br\/site\/2019\/07\/23\/sexta-feira-sera-dedicada-a-viola-no-festival-de-piacatuba\/#breadcrumb"},"inLanguage":"pt-BR","potentialAction":[{"@type":"ReadAction","target":["https:\/\/marcelolopes.jor.br\/site\/2019\/07\/23\/sexta-feira-sera-dedicada-a-viola-no-festival-de-piacatuba\/"]}]},{"@type":"ImageObject","inLanguage":"pt-BR","@id":"https:\/\/marcelolopes.jor.br\/site\/2019\/07\/23\/sexta-feira-sera-dedicada-a-viola-no-festival-de-piacatuba\/#primaryimage","url":"https:\/\/marcelolopes.jor.br\/site\/wp-content\/uploads\/2019\/07\/foto06.jpg","contentUrl":"https:\/\/marcelolopes.jor.br\/site\/wp-content\/uploads\/2019\/07\/foto06.jpg","width":624,"height":394},{"@type":"BreadcrumbList","@id":"https:\/\/marcelolopes.jor.br\/site\/2019\/07\/23\/sexta-feira-sera-dedicada-a-viola-no-festival-de-piacatuba\/#breadcrumb","itemListElement":[{"@type":"ListItem","position":1,"name":"Home","item":"https:\/\/marcelolopes.jor.br\/site\/"},{"@type":"ListItem","position":2,"name":"Sexta-feira ser\u00e1 dedicada \u00e0 viola no Festival de Piacatuba"}]},{"@type":"WebSite","@id":"https:\/\/marcelolopes.jor.br\/site\/#website","url":"https:\/\/marcelolopes.jor.br\/site\/","name":"Marcelo Lopes","description":"Not\u00edcias de Cataguases e Regi\u00e3o","publisher":{"@id":"https:\/\/marcelolopes.jor.br\/site\/#organization"},"potentialAction":[{"@type":"SearchAction","target":{"@type":"EntryPoint","urlTemplate":"https:\/\/marcelolopes.jor.br\/site\/?s={search_term_string}"},"query-input":{"@type":"PropertyValueSpecification","valueRequired":true,"valueName":"search_term_string"}}],"inLanguage":"pt-BR"},{"@type":"Organization","@id":"https:\/\/marcelolopes.jor.br\/site\/#organization","name":"Site do Marcelo Lopes","url":"https:\/\/marcelolopes.jor.br\/site\/","logo":{"@type":"ImageObject","inLanguage":"pt-BR","@id":"https:\/\/marcelolopes.jor.br\/site\/#\/schema\/logo\/image\/","url":"https:\/\/marcelolopes.jor.br\/site\/wp-content\/uploads\/2024\/11\/logo-1.png","contentUrl":"https:\/\/marcelolopes.jor.br\/site\/wp-content\/uploads\/2024\/11\/logo-1.png","width":475,"height":80,"caption":"Site do Marcelo Lopes"},"image":{"@id":"https:\/\/marcelolopes.jor.br\/site\/#\/schema\/logo\/image\/"},"sameAs":["https:\/\/www.facebook.com\/sitedomarcelolopes","https:\/\/www.instagram.com\/sitedomarcelolopes\/","https:\/\/www.linkedin.com\/company\/site-do-marcelo-lopes\/","https:\/\/www.youtube.com\/user\/marcelolopes957"]},{"@type":"Person","@id":"https:\/\/marcelolopes.jor.br\/site\/#\/schema\/person\/3e7216a35c34d8fdf952b31da3d1f89f","name":"Marcelo Lopes","sameAs":["http:\/\/www.marcelolopes.jor.br"],"url":"https:\/\/marcelolopes.jor.br\/site\/author\/marcelo\/"}]}},"wps_subtitle":"Evento come\u00e7a nesta quarta-feira. Na sexta a noite acontece o concurso de viola.","_links":{"self":[{"href":"https:\/\/marcelolopes.jor.br\/site\/wp-json\/wp\/v2\/posts\/3837","targetHints":{"allow":["GET"]}}],"collection":[{"href":"https:\/\/marcelolopes.jor.br\/site\/wp-json\/wp\/v2\/posts"}],"about":[{"href":"https:\/\/marcelolopes.jor.br\/site\/wp-json\/wp\/v2\/types\/post"}],"author":[{"embeddable":true,"href":"https:\/\/marcelolopes.jor.br\/site\/wp-json\/wp\/v2\/users\/2"}],"replies":[{"embeddable":true,"href":"https:\/\/marcelolopes.jor.br\/site\/wp-json\/wp\/v2\/comments?post=3837"}],"version-history":[{"count":0,"href":"https:\/\/marcelolopes.jor.br\/site\/wp-json\/wp\/v2\/posts\/3837\/revisions"}],"wp:featuredmedia":[{"embeddable":true,"href":"https:\/\/marcelolopes.jor.br\/site\/wp-json\/wp\/v2\/media\/3839"}],"wp:attachment":[{"href":"https:\/\/marcelolopes.jor.br\/site\/wp-json\/wp\/v2\/media?parent=3837"}],"wp:term":[{"taxonomy":"category","embeddable":true,"href":"https:\/\/marcelolopes.jor.br\/site\/wp-json\/wp\/v2\/categories?post=3837"},{"taxonomy":"post_tag","embeddable":true,"href":"https:\/\/marcelolopes.jor.br\/site\/wp-json\/wp\/v2\/tags?post=3837"}],"curies":[{"name":"wp","href":"https:\/\/api.w.org\/{rel}","templated":true}]}}