{"id":3735,"date":"2019-07-19T07:00:33","date_gmt":"2019-07-19T10:00:33","guid":{"rendered":"https:\/\/marcelolopes.jor.br\/?p=3735"},"modified":"2019-07-19T07:45:47","modified_gmt":"2019-07-19T10:45:47","slug":"projeto-de-saude-de-muriae-esta-entre-os-500-melhores-do-pais","status":"publish","type":"post","link":"https:\/\/marcelolopes.jor.br\/site\/2019\/07\/19\/projeto-de-saude-de-muriae-esta-entre-os-500-melhores-do-pais\/","title":{"rendered":"Projeto de Sa\u00fade de Muria\u00e9 est\u00e1 entre os 500 melhores do pa\u00eds"},"content":{"rendered":"<p style=\"text-align: justify;\">O trabalho realizado pela C\u00e2mara T\u00e9cnica de Sa\u00fade foi selecionado entre as 500 pr\u00e1ticas exitosas em todo o pa\u00eds de um total de 3.722 projetos inscritos. A experi\u00eancia foi apresentada durante a 35\u00aa edi\u00e7\u00e3o do Congresso Nacional de Secretarias de Sa\u00fade, que aconteceu no in\u00edcio de julho, em Bras\u00edlia. Com o tema \u201cDi\u00e1logos no cotidiano do SUS\u201d, o evento atraiu mais de 6 mil pessoas, entre trabalhadores do SUS, especialistas, autoridades e secret\u00e1rios de sa\u00fade de todo o Brasil.<!--more--><\/p>\n<p style=\"text-align: justify;\">O evento contou com debates, semin\u00e1rios, oficinas e a \u201c16\u00aa Mostra Brasil, aqui tem SUS 2019\u201d, onde o trabalho da C\u00e2mara T\u00e9cnica foi apresentado pela assistente social Maria Carolina Gon\u00e7alves. As 500 melhores pr\u00e1ticas foram escolhidas para serem compartilhadas ao p\u00fablico, fazendo um interc\u00e2mbio de experi\u00eancias municipais bem sucedidas no SUS, fortalecendo as a\u00e7\u00f5es das cidades que inovam nas solu\u00e7\u00f5es visando \u00e0 garantia dos brasileiros ao direito \u00e0 sa\u00fade.<\/p>\n<p style=\"text-align: justify;\">O trabalho de Muria\u00e9 tamb\u00e9m est\u00e1 publicado na edi\u00e7\u00e3o 35 da Revista do Conselho de Secretarias Municipais de Sa\u00fade de Minas Gerais (Cosems\/MG), \u201cExperi\u00eancias Mineiras, Sabores e Viv\u00eancias\u201d.<\/p>\n<p style=\"text-align: justify;\">Al\u00e9m de apresenta\u00e7\u00f5es em congressos nacionais e internacionais, o projeto est\u00e1 sendo modelo para outros munic\u00edpios, que est\u00e3o enviando representantes a Muria\u00e9 para conhecer o funcionamento da C\u00e2mara T\u00e9cnica.<\/p>\n<p style=\"text-align: justify;\"><strong>A C\u00e2mara T\u00e9cnica<\/strong><br \/>\nAtrav\u00e9s de uma iniciativa in\u00e9dita na regi\u00e3o, a C\u00e2mara T\u00e9cnica de Sa\u00fade foi criada pela Prefeitura em 2017. Al\u00e9m de diminuir a judicializa\u00e7\u00e3o, o projeto in\u00e9dito na regi\u00e3o agiliza o atendimento aos pacientes e reduz gastos aos cofres p\u00fablicos. Em dois anos (2017 e 2018), a CTS economizou aproximadamente R$ 5 milh\u00f5es.<\/p>\n<p style=\"text-align: justify;\">Localizada no 1\u00ba andar do Centro Administrativo, a C\u00e2mara T\u00e9cnica \u00e9 formada por uma equipe multidisciplinar, composta por tr\u00eas m\u00e9dicos, dois farmac\u00eauticos, uma assistente social, uma psic\u00f3loga, uma nutricionista, uma assessora jur\u00eddica e um coordenador-geral. Respons\u00e1vel por analisar as demandas relacionadas ao SUS e a sele\u00e7\u00e3o, prescri\u00e7\u00e3o e distribui\u00e7\u00e3o de medicamentos, o grupo d\u00e1 apoio, atrav\u00e9s de laudos t\u00e9cnicos, ao Poder Judici\u00e1rio, ao Minist\u00e9rio P\u00fablico, \u00e0 Defensoria P\u00fablica e \u00e0 Procuradoria do munic\u00edpio nos procedimentos e tratamentos requisitados pela popula\u00e7\u00e3o.<\/p>\n<p style=\"text-align: justify;\"><em>Fonte e foto: Assessoria de Comunica\u00e7\u00e3o da Prefeitura de Muria\u00e9 &#8211; Texto de Gabriela Marquito.<\/em><\/p>\n<div class=\"bdsgp69f7685632d4e\" ><br><\/div><style type=\"text\/css\">\r\n@media screen and (min-width: 1201px) {\r\n.bdsgp69f7685632d4e {\r\ndisplay: block;\r\n}\r\n}\r\n@media screen and (min-width: 993px) and (max-width: 1200px) {\r\n.bdsgp69f7685632d4e {\r\ndisplay: block;\r\n}\r\n}\r\n@media screen and (min-width: 769px) and (max-width: 992px) {\r\n.bdsgp69f7685632d4e {\r\ndisplay: block;\r\n}\r\n}\r\n@media screen and (min-width: 768px) and (max-width: 768px) {\r\n.bdsgp69f7685632d4e {\r\ndisplay: block;\r\n}\r\n}\r\n@media screen and (max-width: 767px) {\r\n.bdsgp69f7685632d4e {\r\ndisplay: block;\r\n}\r\n}\r\n<\/style>\r\n<div class=\"vasre69f7685639b30\" ><div id=\"div_destino\"><\/div>\r\n<script src=\"https:\/\/cdn.snsrsv.com\/sdk.js\"><\/script>\r\n<script >\r\n      new sdk(\"464030C30061EA8BE065000000000001\") \r\n          .appendTo(\"div_destino\")\r\n          .disableStyle(true) \r\n          .setCacheBusterMacro(\"%%CACHEBUSTER%%\")\r\n          .setSize(\"800\",\"214\")\r\n          .setClickMacro(\"%%CLICK_URL_ESC%%\") \r\n          .setReferrerUrlMacro(\"%%REFERRER_URL_ESC%%\") \r\n          .start(); \r\n<\/script><\/div><style type=\"text\/css\">\r\n@media screen and (min-width: 1201px) {\r\n.vasre69f7685639b30 {\r\ndisplay: block;\r\n}\r\n}\r\n@media screen and (min-width: 993px) and (max-width: 1200px) {\r\n.vasre69f7685639b30 {\r\ndisplay: block;\r\n}\r\n}\r\n@media screen and (min-width: 769px) and (max-width: 992px) {\r\n.vasre69f7685639b30 {\r\ndisplay: block;\r\n}\r\n}\r\n@media screen and (min-width: 768px) and (max-width: 768px) {\r\n.vasre69f7685639b30 {\r\ndisplay: block;\r\n}\r\n}\r\n@media screen and (max-width: 767px) {\r\n.vasre69f7685639b30 {\r\ndisplay: block;\r\n}\r\n}\r\n<\/style>\r\n","protected":false},"excerpt":{"rendered":"<p>O trabalho realizado pela C\u00e2mara T\u00e9cnica de Sa\u00fade foi selecionado entre as 500 pr\u00e1ticas exitosas em todo o pa\u00eds de um total de 3.722 projetos inscritos. A experi\u00eancia foi apresentada durante a 35\u00aa edi\u00e7\u00e3o do Congresso Nacional de Secretarias de<\/p>\n<p class=\"link-more\"><a class=\"more-link\" href=\"https:\/\/marcelolopes.jor.br\/site\/2019\/07\/19\/projeto-de-saude-de-muriae-esta-entre-os-500-melhores-do-pais\/\">Leia mais <span class=\"screen-reader-text\">Projeto de Sa\u00fade de Muria\u00e9 est\u00e1 entre os 500 melhores do pa\u00eds<\/span><\/a><\/p>\n","protected":false},"author":2,"featured_media":3737,"comment_status":"open","ping_status":"open","sticky":false,"template":"","format":"standard","meta":{"footnotes":""},"categories":[1],"tags":[810,809,54,59],"class_list":["post-3735","post","type-post","status-publish","format-standard","has-post-thumbnail","hentry","category-noticias","tag-brasilia","tag-camara-tecnica","tag-muriae","tag-saude","thumb-below-title"],"yoast_head":"<!-- This site is optimized with the Yoast SEO plugin v27.4 - https:\/\/yoast.com\/product\/yoast-seo-wordpress\/ -->\n<title>Projeto de Sa\u00fade de Muria\u00e9 est\u00e1 entre os 500 melhores do pa\u00eds | Marcelo Lopes<\/title>\n<meta name=\"robots\" content=\"index, follow, max-snippet:-1, max-image-preview:large, max-video-preview:-1\" \/>\n<link rel=\"canonical\" href=\"https:\/\/marcelolopes.jor.br\/site\/2019\/07\/19\/projeto-de-saude-de-muriae-esta-entre-os-500-melhores-do-pais\/\" \/>\n<meta property=\"og:locale\" content=\"pt_BR\" \/>\n<meta property=\"og:type\" content=\"article\" \/>\n<meta property=\"og:title\" content=\"Projeto de Sa\u00fade de Muria\u00e9 est\u00e1 entre os 500 melhores do pa\u00eds | Marcelo Lopes\" \/>\n<meta property=\"og:description\" content=\"O trabalho realizado pela C\u00e2mara T\u00e9cnica de Sa\u00fade foi selecionado entre as 500 pr\u00e1ticas exitosas em todo o pa\u00eds de um total de 3.722 projetos inscritos. A experi\u00eancia foi apresentada durante a 35\u00aa edi\u00e7\u00e3o do Congresso Nacional de Secretarias deLeia mais Projeto de Sa\u00fade de Muria\u00e9 est\u00e1 entre os 500 melhores do pa\u00eds\" \/>\n<meta property=\"og:url\" content=\"https:\/\/marcelolopes.jor.br\/site\/2019\/07\/19\/projeto-de-saude-de-muriae-esta-entre-os-500-melhores-do-pais\/\" \/>\n<meta property=\"og:site_name\" content=\"Marcelo Lopes\" \/>\n<meta property=\"article:publisher\" content=\"https:\/\/www.facebook.com\/sitedomarcelolopes\" \/>\n<meta property=\"article:published_time\" content=\"2019-07-19T10:00:33+00:00\" \/>\n<meta property=\"article:modified_time\" content=\"2019-07-19T10:45:47+00:00\" \/>\n<meta property=\"og:image\" content=\"https:\/\/marcelolopes.jor.br\/site\/wp-content\/uploads\/2019\/07\/02-1.jpg\" \/>\n\t<meta property=\"og:image:width\" content=\"960\" \/>\n\t<meta property=\"og:image:height\" content=\"764\" \/>\n\t<meta property=\"og:image:type\" content=\"image\/jpeg\" \/>\n<meta name=\"author\" content=\"Marcelo Lopes\" \/>\n<meta name=\"twitter:card\" content=\"summary_large_image\" \/>\n<meta name=\"twitter:label1\" content=\"Escrito por\" \/>\n\t<meta name=\"twitter:data1\" content=\"Marcelo Lopes\" \/>\n\t<meta name=\"twitter:label2\" content=\"Est. tempo de leitura\" \/>\n\t<meta name=\"twitter:data2\" content=\"2 minutos\" \/>\n<script type=\"application\/ld+json\" class=\"yoast-schema-graph\">{\"@context\":\"https:\\\/\\\/schema.org\",\"@graph\":[{\"@type\":\"NewsArticle\",\"@id\":\"https:\\\/\\\/marcelolopes.jor.br\\\/site\\\/2019\\\/07\\\/19\\\/projeto-de-saude-de-muriae-esta-entre-os-500-melhores-do-pais\\\/#article\",\"isPartOf\":{\"@id\":\"https:\\\/\\\/marcelolopes.jor.br\\\/site\\\/2019\\\/07\\\/19\\\/projeto-de-saude-de-muriae-esta-entre-os-500-melhores-do-pais\\\/\"},\"author\":{\"name\":\"Marcelo Lopes\",\"@id\":\"https:\\\/\\\/marcelolopes.jor.br\\\/site\\\/#\\\/schema\\\/person\\\/3e7216a35c34d8fdf952b31da3d1f89f\"},\"headline\":\"Projeto de Sa\u00fade de Muria\u00e9 est\u00e1 entre os 500 melhores do pa\u00eds\",\"datePublished\":\"2019-07-19T10:00:33+00:00\",\"dateModified\":\"2019-07-19T10:45:47+00:00\",\"mainEntityOfPage\":{\"@id\":\"https:\\\/\\\/marcelolopes.jor.br\\\/site\\\/2019\\\/07\\\/19\\\/projeto-de-saude-de-muriae-esta-entre-os-500-melhores-do-pais\\\/\"},\"wordCount\":420,\"commentCount\":0,\"publisher\":{\"@id\":\"https:\\\/\\\/marcelolopes.jor.br\\\/site\\\/#organization\"},\"image\":{\"@id\":\"https:\\\/\\\/marcelolopes.jor.br\\\/site\\\/2019\\\/07\\\/19\\\/projeto-de-saude-de-muriae-esta-entre-os-500-melhores-do-pais\\\/#primaryimage\"},\"thumbnailUrl\":\"https:\\\/\\\/marcelolopes.jor.br\\\/site\\\/wp-content\\\/uploads\\\/2019\\\/07\\\/02-1.jpg\",\"keywords\":[\"Bras\u00edlia\",\"C\u00e2mara T\u00e9cnica\",\"Muria\u00e9\",\"sa\u00fade\"],\"articleSection\":[\"Not\u00edcias\"],\"inLanguage\":\"pt-BR\",\"potentialAction\":[{\"@type\":\"CommentAction\",\"name\":\"Comment\",\"target\":[\"https:\\\/\\\/marcelolopes.jor.br\\\/site\\\/2019\\\/07\\\/19\\\/projeto-de-saude-de-muriae-esta-entre-os-500-melhores-do-pais\\\/#respond\"]}]},{\"@type\":\"WebPage\",\"@id\":\"https:\\\/\\\/marcelolopes.jor.br\\\/site\\\/2019\\\/07\\\/19\\\/projeto-de-saude-de-muriae-esta-entre-os-500-melhores-do-pais\\\/\",\"url\":\"https:\\\/\\\/marcelolopes.jor.br\\\/site\\\/2019\\\/07\\\/19\\\/projeto-de-saude-de-muriae-esta-entre-os-500-melhores-do-pais\\\/\",\"name\":\"Projeto de Sa\u00fade de Muria\u00e9 est\u00e1 entre os 500 melhores do pa\u00eds | Marcelo Lopes\",\"isPartOf\":{\"@id\":\"https:\\\/\\\/marcelolopes.jor.br\\\/site\\\/#website\"},\"primaryImageOfPage\":{\"@id\":\"https:\\\/\\\/marcelolopes.jor.br\\\/site\\\/2019\\\/07\\\/19\\\/projeto-de-saude-de-muriae-esta-entre-os-500-melhores-do-pais\\\/#primaryimage\"},\"image\":{\"@id\":\"https:\\\/\\\/marcelolopes.jor.br\\\/site\\\/2019\\\/07\\\/19\\\/projeto-de-saude-de-muriae-esta-entre-os-500-melhores-do-pais\\\/#primaryimage\"},\"thumbnailUrl\":\"https:\\\/\\\/marcelolopes.jor.br\\\/site\\\/wp-content\\\/uploads\\\/2019\\\/07\\\/02-1.jpg\",\"datePublished\":\"2019-07-19T10:00:33+00:00\",\"dateModified\":\"2019-07-19T10:45:47+00:00\",\"breadcrumb\":{\"@id\":\"https:\\\/\\\/marcelolopes.jor.br\\\/site\\\/2019\\\/07\\\/19\\\/projeto-de-saude-de-muriae-esta-entre-os-500-melhores-do-pais\\\/#breadcrumb\"},\"inLanguage\":\"pt-BR\",\"potentialAction\":[{\"@type\":\"ReadAction\",\"target\":[\"https:\\\/\\\/marcelolopes.jor.br\\\/site\\\/2019\\\/07\\\/19\\\/projeto-de-saude-de-muriae-esta-entre-os-500-melhores-do-pais\\\/\"]}]},{\"@type\":\"ImageObject\",\"inLanguage\":\"pt-BR\",\"@id\":\"https:\\\/\\\/marcelolopes.jor.br\\\/site\\\/2019\\\/07\\\/19\\\/projeto-de-saude-de-muriae-esta-entre-os-500-melhores-do-pais\\\/#primaryimage\",\"url\":\"https:\\\/\\\/marcelolopes.jor.br\\\/site\\\/wp-content\\\/uploads\\\/2019\\\/07\\\/02-1.jpg\",\"contentUrl\":\"https:\\\/\\\/marcelolopes.jor.br\\\/site\\\/wp-content\\\/uploads\\\/2019\\\/07\\\/02-1.jpg\",\"width\":960,\"height\":764},{\"@type\":\"BreadcrumbList\",\"@id\":\"https:\\\/\\\/marcelolopes.jor.br\\\/site\\\/2019\\\/07\\\/19\\\/projeto-de-saude-de-muriae-esta-entre-os-500-melhores-do-pais\\\/#breadcrumb\",\"itemListElement\":[{\"@type\":\"ListItem\",\"position\":1,\"name\":\"Home\",\"item\":\"https:\\\/\\\/marcelolopes.jor.br\\\/site\\\/\"},{\"@type\":\"ListItem\",\"position\":2,\"name\":\"Projeto de Sa\u00fade de Muria\u00e9 est\u00e1 entre os 500 melhores do pa\u00eds\"}]},{\"@type\":\"WebSite\",\"@id\":\"https:\\\/\\\/marcelolopes.jor.br\\\/site\\\/#website\",\"url\":\"https:\\\/\\\/marcelolopes.jor.br\\\/site\\\/\",\"name\":\"Marcelo Lopes\",\"description\":\"Not\u00edcias de Cataguases e Regi\u00e3o\",\"publisher\":{\"@id\":\"https:\\\/\\\/marcelolopes.jor.br\\\/site\\\/#organization\"},\"potentialAction\":[{\"@type\":\"SearchAction\",\"target\":{\"@type\":\"EntryPoint\",\"urlTemplate\":\"https:\\\/\\\/marcelolopes.jor.br\\\/site\\\/?s={search_term_string}\"},\"query-input\":{\"@type\":\"PropertyValueSpecification\",\"valueRequired\":true,\"valueName\":\"search_term_string\"}}],\"inLanguage\":\"pt-BR\"},{\"@type\":\"Organization\",\"@id\":\"https:\\\/\\\/marcelolopes.jor.br\\\/site\\\/#organization\",\"name\":\"Site do Marcelo Lopes\",\"url\":\"https:\\\/\\\/marcelolopes.jor.br\\\/site\\\/\",\"logo\":{\"@type\":\"ImageObject\",\"inLanguage\":\"pt-BR\",\"@id\":\"https:\\\/\\\/marcelolopes.jor.br\\\/site\\\/#\\\/schema\\\/logo\\\/image\\\/\",\"url\":\"https:\\\/\\\/marcelolopes.jor.br\\\/site\\\/wp-content\\\/uploads\\\/2024\\\/11\\\/logo-1.png\",\"contentUrl\":\"https:\\\/\\\/marcelolopes.jor.br\\\/site\\\/wp-content\\\/uploads\\\/2024\\\/11\\\/logo-1.png\",\"width\":475,\"height\":80,\"caption\":\"Site do Marcelo Lopes\"},\"image\":{\"@id\":\"https:\\\/\\\/marcelolopes.jor.br\\\/site\\\/#\\\/schema\\\/logo\\\/image\\\/\"},\"sameAs\":[\"https:\\\/\\\/www.facebook.com\\\/sitedomarcelolopes\",\"https:\\\/\\\/www.instagram.com\\\/sitedomarcelolopes\\\/\",\"https:\\\/\\\/www.linkedin.com\\\/company\\\/site-do-marcelo-lopes\\\/\",\"https:\\\/\\\/www.youtube.com\\\/user\\\/marcelolopes957\"]},{\"@type\":\"Person\",\"@id\":\"https:\\\/\\\/marcelolopes.jor.br\\\/site\\\/#\\\/schema\\\/person\\\/3e7216a35c34d8fdf952b31da3d1f89f\",\"name\":\"Marcelo Lopes\",\"sameAs\":[\"http:\\\/\\\/www.marcelolopes.jor.br\"],\"url\":\"https:\\\/\\\/marcelolopes.jor.br\\\/site\\\/author\\\/marcelo\\\/\"}]}<\/script>\n<!-- \/ Yoast SEO plugin. -->","yoast_head_json":{"title":"Projeto de Sa\u00fade de Muria\u00e9 est\u00e1 entre os 500 melhores do pa\u00eds | Marcelo Lopes","robots":{"index":"index","follow":"follow","max-snippet":"max-snippet:-1","max-image-preview":"max-image-preview:large","max-video-preview":"max-video-preview:-1"},"canonical":"https:\/\/marcelolopes.jor.br\/site\/2019\/07\/19\/projeto-de-saude-de-muriae-esta-entre-os-500-melhores-do-pais\/","og_locale":"pt_BR","og_type":"article","og_title":"Projeto de Sa\u00fade de Muria\u00e9 est\u00e1 entre os 500 melhores do pa\u00eds | Marcelo Lopes","og_description":"O trabalho realizado pela C\u00e2mara T\u00e9cnica de Sa\u00fade foi selecionado entre as 500 pr\u00e1ticas exitosas em todo o pa\u00eds de um total de 3.722 projetos inscritos. A experi\u00eancia foi apresentada durante a 35\u00aa edi\u00e7\u00e3o do Congresso Nacional de Secretarias deLeia mais Projeto de Sa\u00fade de Muria\u00e9 est\u00e1 entre os 500 melhores do pa\u00eds","og_url":"https:\/\/marcelolopes.jor.br\/site\/2019\/07\/19\/projeto-de-saude-de-muriae-esta-entre-os-500-melhores-do-pais\/","og_site_name":"Marcelo Lopes","article_publisher":"https:\/\/www.facebook.com\/sitedomarcelolopes","article_published_time":"2019-07-19T10:00:33+00:00","article_modified_time":"2019-07-19T10:45:47+00:00","og_image":[{"width":960,"height":764,"url":"https:\/\/marcelolopes.jor.br\/site\/wp-content\/uploads\/2019\/07\/02-1.jpg","type":"image\/jpeg"}],"author":"Marcelo Lopes","twitter_card":"summary_large_image","twitter_misc":{"Escrito por":"Marcelo Lopes","Est. tempo de leitura":"2 minutos"},"schema":{"@context":"https:\/\/schema.org","@graph":[{"@type":"NewsArticle","@id":"https:\/\/marcelolopes.jor.br\/site\/2019\/07\/19\/projeto-de-saude-de-muriae-esta-entre-os-500-melhores-do-pais\/#article","isPartOf":{"@id":"https:\/\/marcelolopes.jor.br\/site\/2019\/07\/19\/projeto-de-saude-de-muriae-esta-entre-os-500-melhores-do-pais\/"},"author":{"name":"Marcelo Lopes","@id":"https:\/\/marcelolopes.jor.br\/site\/#\/schema\/person\/3e7216a35c34d8fdf952b31da3d1f89f"},"headline":"Projeto de Sa\u00fade de Muria\u00e9 est\u00e1 entre os 500 melhores do pa\u00eds","datePublished":"2019-07-19T10:00:33+00:00","dateModified":"2019-07-19T10:45:47+00:00","mainEntityOfPage":{"@id":"https:\/\/marcelolopes.jor.br\/site\/2019\/07\/19\/projeto-de-saude-de-muriae-esta-entre-os-500-melhores-do-pais\/"},"wordCount":420,"commentCount":0,"publisher":{"@id":"https:\/\/marcelolopes.jor.br\/site\/#organization"},"image":{"@id":"https:\/\/marcelolopes.jor.br\/site\/2019\/07\/19\/projeto-de-saude-de-muriae-esta-entre-os-500-melhores-do-pais\/#primaryimage"},"thumbnailUrl":"https:\/\/marcelolopes.jor.br\/site\/wp-content\/uploads\/2019\/07\/02-1.jpg","keywords":["Bras\u00edlia","C\u00e2mara T\u00e9cnica","Muria\u00e9","sa\u00fade"],"articleSection":["Not\u00edcias"],"inLanguage":"pt-BR","potentialAction":[{"@type":"CommentAction","name":"Comment","target":["https:\/\/marcelolopes.jor.br\/site\/2019\/07\/19\/projeto-de-saude-de-muriae-esta-entre-os-500-melhores-do-pais\/#respond"]}]},{"@type":"WebPage","@id":"https:\/\/marcelolopes.jor.br\/site\/2019\/07\/19\/projeto-de-saude-de-muriae-esta-entre-os-500-melhores-do-pais\/","url":"https:\/\/marcelolopes.jor.br\/site\/2019\/07\/19\/projeto-de-saude-de-muriae-esta-entre-os-500-melhores-do-pais\/","name":"Projeto de Sa\u00fade de Muria\u00e9 est\u00e1 entre os 500 melhores do pa\u00eds | Marcelo Lopes","isPartOf":{"@id":"https:\/\/marcelolopes.jor.br\/site\/#website"},"primaryImageOfPage":{"@id":"https:\/\/marcelolopes.jor.br\/site\/2019\/07\/19\/projeto-de-saude-de-muriae-esta-entre-os-500-melhores-do-pais\/#primaryimage"},"image":{"@id":"https:\/\/marcelolopes.jor.br\/site\/2019\/07\/19\/projeto-de-saude-de-muriae-esta-entre-os-500-melhores-do-pais\/#primaryimage"},"thumbnailUrl":"https:\/\/marcelolopes.jor.br\/site\/wp-content\/uploads\/2019\/07\/02-1.jpg","datePublished":"2019-07-19T10:00:33+00:00","dateModified":"2019-07-19T10:45:47+00:00","breadcrumb":{"@id":"https:\/\/marcelolopes.jor.br\/site\/2019\/07\/19\/projeto-de-saude-de-muriae-esta-entre-os-500-melhores-do-pais\/#breadcrumb"},"inLanguage":"pt-BR","potentialAction":[{"@type":"ReadAction","target":["https:\/\/marcelolopes.jor.br\/site\/2019\/07\/19\/projeto-de-saude-de-muriae-esta-entre-os-500-melhores-do-pais\/"]}]},{"@type":"ImageObject","inLanguage":"pt-BR","@id":"https:\/\/marcelolopes.jor.br\/site\/2019\/07\/19\/projeto-de-saude-de-muriae-esta-entre-os-500-melhores-do-pais\/#primaryimage","url":"https:\/\/marcelolopes.jor.br\/site\/wp-content\/uploads\/2019\/07\/02-1.jpg","contentUrl":"https:\/\/marcelolopes.jor.br\/site\/wp-content\/uploads\/2019\/07\/02-1.jpg","width":960,"height":764},{"@type":"BreadcrumbList","@id":"https:\/\/marcelolopes.jor.br\/site\/2019\/07\/19\/projeto-de-saude-de-muriae-esta-entre-os-500-melhores-do-pais\/#breadcrumb","itemListElement":[{"@type":"ListItem","position":1,"name":"Home","item":"https:\/\/marcelolopes.jor.br\/site\/"},{"@type":"ListItem","position":2,"name":"Projeto de Sa\u00fade de Muria\u00e9 est\u00e1 entre os 500 melhores do pa\u00eds"}]},{"@type":"WebSite","@id":"https:\/\/marcelolopes.jor.br\/site\/#website","url":"https:\/\/marcelolopes.jor.br\/site\/","name":"Marcelo Lopes","description":"Not\u00edcias de Cataguases e Regi\u00e3o","publisher":{"@id":"https:\/\/marcelolopes.jor.br\/site\/#organization"},"potentialAction":[{"@type":"SearchAction","target":{"@type":"EntryPoint","urlTemplate":"https:\/\/marcelolopes.jor.br\/site\/?s={search_term_string}"},"query-input":{"@type":"PropertyValueSpecification","valueRequired":true,"valueName":"search_term_string"}}],"inLanguage":"pt-BR"},{"@type":"Organization","@id":"https:\/\/marcelolopes.jor.br\/site\/#organization","name":"Site do Marcelo Lopes","url":"https:\/\/marcelolopes.jor.br\/site\/","logo":{"@type":"ImageObject","inLanguage":"pt-BR","@id":"https:\/\/marcelolopes.jor.br\/site\/#\/schema\/logo\/image\/","url":"https:\/\/marcelolopes.jor.br\/site\/wp-content\/uploads\/2024\/11\/logo-1.png","contentUrl":"https:\/\/marcelolopes.jor.br\/site\/wp-content\/uploads\/2024\/11\/logo-1.png","width":475,"height":80,"caption":"Site do Marcelo Lopes"},"image":{"@id":"https:\/\/marcelolopes.jor.br\/site\/#\/schema\/logo\/image\/"},"sameAs":["https:\/\/www.facebook.com\/sitedomarcelolopes","https:\/\/www.instagram.com\/sitedomarcelolopes\/","https:\/\/www.linkedin.com\/company\/site-do-marcelo-lopes\/","https:\/\/www.youtube.com\/user\/marcelolopes957"]},{"@type":"Person","@id":"https:\/\/marcelolopes.jor.br\/site\/#\/schema\/person\/3e7216a35c34d8fdf952b31da3d1f89f","name":"Marcelo Lopes","sameAs":["http:\/\/www.marcelolopes.jor.br"],"url":"https:\/\/marcelolopes.jor.br\/site\/author\/marcelo\/"}]}},"wps_subtitle":"Trabalho feito pela C\u00e2mara T\u00e9cnica de Sa\u00fade foi apresentado em Congresso de Secretarias de Sa\u00fade em Bras\u00edlia.","_links":{"self":[{"href":"https:\/\/marcelolopes.jor.br\/site\/wp-json\/wp\/v2\/posts\/3735","targetHints":{"allow":["GET"]}}],"collection":[{"href":"https:\/\/marcelolopes.jor.br\/site\/wp-json\/wp\/v2\/posts"}],"about":[{"href":"https:\/\/marcelolopes.jor.br\/site\/wp-json\/wp\/v2\/types\/post"}],"author":[{"embeddable":true,"href":"https:\/\/marcelolopes.jor.br\/site\/wp-json\/wp\/v2\/users\/2"}],"replies":[{"embeddable":true,"href":"https:\/\/marcelolopes.jor.br\/site\/wp-json\/wp\/v2\/comments?post=3735"}],"version-history":[{"count":0,"href":"https:\/\/marcelolopes.jor.br\/site\/wp-json\/wp\/v2\/posts\/3735\/revisions"}],"wp:featuredmedia":[{"embeddable":true,"href":"https:\/\/marcelolopes.jor.br\/site\/wp-json\/wp\/v2\/media\/3737"}],"wp:attachment":[{"href":"https:\/\/marcelolopes.jor.br\/site\/wp-json\/wp\/v2\/media?parent=3735"}],"wp:term":[{"taxonomy":"category","embeddable":true,"href":"https:\/\/marcelolopes.jor.br\/site\/wp-json\/wp\/v2\/categories?post=3735"},{"taxonomy":"post_tag","embeddable":true,"href":"https:\/\/marcelolopes.jor.br\/site\/wp-json\/wp\/v2\/tags?post=3735"}],"curies":[{"name":"wp","href":"https:\/\/api.w.org\/{rel}","templated":true}]}}