{"id":35413,"date":"2022-08-27T07:00:12","date_gmt":"2022-08-27T10:00:12","guid":{"rendered":"https:\/\/marcelolopes.jor.br\/?p=35413"},"modified":"2022-08-26T16:33:57","modified_gmt":"2022-08-26T19:33:57","slug":"bailarina-de-cataguases-ensina-danca-a-criancas-carentes","status":"publish","type":"post","link":"https:\/\/marcelolopes.jor.br\/site\/2022\/08\/27\/bailarina-de-cataguases-ensina-danca-a-criancas-carentes\/","title":{"rendered":"Bailarina de Cataguases ensina dan\u00e7a a crian\u00e7as carentes"},"content":{"rendered":"<p style=\"text-align: justify;\">A bailarina e professora de dan\u00e7a cataguasense, Joiciana Pereira Soares, desenvolve h\u00e1 tr\u00eas anos o projeto &#8220;Sonhos em Movimento&#8221;, cujo objetivo \u00e9 ensinar dan\u00e7a para crian\u00e7as carentes, proporcionando \u00e0 elas contato com a Arte e uma nova perspectiva de vida. Atualmente ela ministra aulas para cerca de 200 meninas em escolas como o Educand\u00e1rio Dom Silv\u00e9rio e em projetos sociais, inclusive em Ub\u00e1, al\u00e9m do Piscar, iniciativa da AFAN &#8211; Associa\u00e7\u00e3o Fraterna de Apoio aos Necessitados &#8211; que funciona no Bairro S\u00e3o Vicente, em Cataguases, entre outras.<!--more--><\/p>\n<p style=\"text-align: justify;\"><img loading=\"lazy\" decoding=\"async\" class=\"alignleft wp-image-35415\" src=\"https:\/\/marcelolopes.jor.br\/site\/wp-content\/uploads\/2022\/08\/Joici1-252x300.jpg\" alt=\"Bailarina de Cataguases ensina\" width=\"200\" height=\"238\" srcset=\"https:\/\/marcelolopes.jor.br\/site\/wp-content\/uploads\/2022\/08\/Joici1-252x300.jpg 252w, https:\/\/marcelolopes.jor.br\/site\/wp-content\/uploads\/2022\/08\/Joici1.jpg 432w\" sizes=\"auto, (max-width: 200px) 100vw, 200px\" \/>Joyci (foto ao lado), como \u00e9 chamada, entrou no mundo da dan\u00e7a h\u00e1 13 anos, quando tinha apenas seis anos de idade, atrav\u00e9s das aulas que aconteciam no CTM &#8211; Centro das Tradi\u00e7\u00f5es Mineiras &#8211; que funcionava no Bairro Guanabara. &#8220;L\u00e1 descobri minha voca\u00e7\u00e3o e me apaixonei pela dan\u00e7a e resolvi me dedicar \u00e0 ela profissionalmente&#8221;, explica. Hoje \u00e9 professora de dan\u00e7a folcl\u00f3rica, cl\u00e1ssica e solta, acrescenta. Ela se prepara, tamb\u00e9m, para participar no dia 24 de setembro do Festival do Mundo Bailarin\u00edstico, que vai acontecer no teatro Uni\u00edtalo, em S\u00e3o Paulo. No in\u00edcio de 2023 ela deve embarcar para Lisboa, onde foi convidada a se apresentar em um evento internacional.<\/p>\n<p style=\"text-align: justify;\">Como o projeto \u00e9 voltado para crian\u00e7as carentes, Joyci descobriu uma forma de viabilizar a participa\u00e7\u00e3o das meninas por meio de padrinhos, que s\u00e3o pessoas e empresas que ajudam as alunas por meio da doa\u00e7\u00e3o de materiais, roupas e demais utens\u00edlios utilizados nas aulas. Conseguimos v\u00e1rios padrinhos que est\u00e3o nos ajudando a manter o projeto funcionando. S\u00e3o eles: Bazar Ren\u00e9e, Vert Ambiental, Marina Rufino, Silas e S\u00f4nia, Lojas Ma\u00e7\u00f4nicas, Rosani Brito, Murilo Matias, Cristiane Botarro, Nivaldo Modesto, Cl\u00e1udio Natanael Soares, Quatro Esta\u00e7\u00f5es e Cacau Premium&#8221;, revela.<\/p>\n<p style=\"text-align: justify;\">Ela tamb\u00e9m faz quest\u00e3o de dizer que os padrinhos n\u00e3o doam dinheiro. &#8220;N\u00f3s n\u00e3o recebemos dinheiro de forma alguma, apenas o material necess\u00e1rio para que as alunas possam participar das aulas, como roupa, meia-cal\u00e7a e sapatilha, e outros, de forma que elas possam desenvolver seu potencial&#8221;, explica. Joyci aproveita para fazer um agradecimento a eles, bem como a todos que participam do projeto porque &#8220;sem eles a gente n\u00e3o teria conseguido realizar nada&#8221;, reconhece.<\/p>\n<p><img loading=\"lazy\" decoding=\"async\" class=\"aligncenter wp-image-35416 size-full\" src=\"https:\/\/marcelolopes.jor.br\/site\/wp-content\/uploads\/2022\/08\/Alunas-do-Bale.jpg\" alt=\"Bailarina de Cataguases ensina\" width=\"600\" height=\"519\" srcset=\"https:\/\/marcelolopes.jor.br\/site\/wp-content\/uploads\/2022\/08\/Alunas-do-Bale.jpg 600w, https:\/\/marcelolopes.jor.br\/site\/wp-content\/uploads\/2022\/08\/Alunas-do-Bale-300x260.jpg 300w\" sizes=\"auto, (max-width: 600px) 100vw, 600px\" \/><\/p>\n<p style=\"text-align: justify;\">Conhe\u00e7a abaixo a equipe de profissionais que participam do projeto Sonhos em Movimento:<\/p>\n<p style=\"text-align: justify;\">Cl\u00e1udia Souza &#8211; figurinos<br \/>\nAlinearts Kt\u00e1 &#8211; logo do projeto<br \/>\nDJ Tavin &#8211; DJ<br \/>\nMaria do Carmo Diogo e Jaciane &#8211; Cria\u00e7\u00e3o do projeto<br \/>\nAlex Ventura &#8211; V\u00eddeo<br \/>\nMestres &#8211; Lucas Amaral (Canad\u00e1), Ana Maria Oliveira, David, Wagner Morais, Assunta Leone, Elis\u00e2ngela Rodrigues.<br \/>\nApoio T\u00e9cnico &#8211; Poliana Roberto, Thays Benevenuto, Gabriela Benevenuto, Karla, Georgia Lima, Kamilly Fari, Kenia Vieira, Lojas La bonita e Sal\u00e3o Liso de Milh\u00f5es.<br \/>\nEducand\u00e1rio Dom Silv\u00e9rio, Associa\u00e7\u00e3o do Bairro ITBF, Projeto Piscar, Afan Cataguases e Rafael Toledo (Ub\u00e1).<\/p>\n<p style=\"text-align: justify;\"><strong>LEIA TAMB\u00c9M<\/strong><br \/>\n<a href=\"https:\/\/marcelolopes.jor.br\/2022\/08\/20\/grupo-girarte-oferece-duas-vagas-temporarias-em-seu-elenco\/\"><strong><span style=\"color: #800000;\">Grupo Girarte oferece duas vagas tempor\u00e1rias em seu elenco<\/span><\/strong><\/a><br \/>\n<a href=\"https:\/\/marcelolopes.jor.br\/2021\/12\/01\/grupo-toca-realiza-neste-sabado-4-a-oitava-edicao-do-cortejo-de-natal\/\"><strong><span style=\"color: #800000;\">Grupo TOCA realiza neste s\u00e1bado, 4, a oitava edi\u00e7\u00e3o do Cortejo de Natal<\/span><\/strong><\/a><\/p>\n<p>Fotos: Acervo Joici Soares<\/p>\n<div class=\"kdxqi69f768842090c\" ><br><\/div><style type=\"text\/css\">\r\n@media screen and (min-width: 1201px) {\r\n.kdxqi69f768842090c {\r\ndisplay: block;\r\n}\r\n}\r\n@media screen and (min-width: 993px) and (max-width: 1200px) {\r\n.kdxqi69f768842090c {\r\ndisplay: block;\r\n}\r\n}\r\n@media screen and (min-width: 769px) and (max-width: 992px) {\r\n.kdxqi69f768842090c {\r\ndisplay: block;\r\n}\r\n}\r\n@media screen and (min-width: 768px) and (max-width: 768px) {\r\n.kdxqi69f768842090c {\r\ndisplay: block;\r\n}\r\n}\r\n@media screen and (max-width: 767px) {\r\n.kdxqi69f768842090c {\r\ndisplay: block;\r\n}\r\n}\r\n<\/style>\r\n<div class=\"eajny69f7688426298\" ><div id=\"div_destino\"><\/div>\r\n<script src=\"https:\/\/cdn.snsrsv.com\/sdk.js\"><\/script>\r\n<script >\r\n      new sdk(\"464030C30061EA8BE065000000000001\") \r\n          .appendTo(\"div_destino\")\r\n          .disableStyle(true) \r\n          .setCacheBusterMacro(\"%%CACHEBUSTER%%\")\r\n          .setSize(\"800\",\"214\")\r\n          .setClickMacro(\"%%CLICK_URL_ESC%%\") \r\n          .setReferrerUrlMacro(\"%%REFERRER_URL_ESC%%\") \r\n          .start(); \r\n<\/script><\/div><style type=\"text\/css\">\r\n@media screen and (min-width: 1201px) {\r\n.eajny69f7688426298 {\r\ndisplay: block;\r\n}\r\n}\r\n@media screen and (min-width: 993px) and (max-width: 1200px) {\r\n.eajny69f7688426298 {\r\ndisplay: block;\r\n}\r\n}\r\n@media screen and (min-width: 769px) and (max-width: 992px) {\r\n.eajny69f7688426298 {\r\ndisplay: block;\r\n}\r\n}\r\n@media screen and (min-width: 768px) and (max-width: 768px) {\r\n.eajny69f7688426298 {\r\ndisplay: block;\r\n}\r\n}\r\n@media screen and (max-width: 767px) {\r\n.eajny69f7688426298 {\r\ndisplay: block;\r\n}\r\n}\r\n<\/style>\r\n","protected":false},"excerpt":{"rendered":"<p>A bailarina e professora de dan\u00e7a cataguasense, Joiciana Pereira Soares, desenvolve h\u00e1 tr\u00eas anos o projeto &#8220;Sonhos em Movimento&#8221;, cujo objetivo \u00e9 ensinar dan\u00e7a para crian\u00e7as carentes, proporcionando \u00e0 elas contato com a Arte e uma nova perspectiva de vida.<\/p>\n<p class=\"link-more\"><a class=\"more-link\" href=\"https:\/\/marcelolopes.jor.br\/site\/2022\/08\/27\/bailarina-de-cataguases-ensina-danca-a-criancas-carentes\/\">Leia mais <span class=\"screen-reader-text\">Bailarina de Cataguases ensina dan\u00e7a a crian\u00e7as carentes<\/span><\/a><\/p>\n","protected":false},"author":2,"featured_media":35414,"comment_status":"open","ping_status":"open","sticky":false,"template":"","format":"standard","meta":{"footnotes":""},"categories":[1],"tags":[3362,1854,6550,1462,6551],"class_list":["post-35413","post","type-post","status-publish","format-standard","has-post-thumbnail","hentry","category-noticias","tag-arte-e-danca","tag-bale","tag-ballet","tag-danca","tag-sonhos-em-movimento","thumb-below-title"],"yoast_head":"<!-- This site is optimized with the Yoast SEO plugin v27.4 - https:\/\/yoast.com\/product\/yoast-seo-wordpress\/ -->\n<title>Bailarina de Cataguases ensina dan\u00e7a a crian\u00e7as carentes<\/title>\n<meta name=\"description\" content=\"Bailarina de Cataguases ensina dan\u00e7a a crian\u00e7as carentes. Ela criou o projeto Sonhos em Movimento e tem hoje 200 alunas.\" \/>\n<meta name=\"robots\" content=\"index, follow, max-snippet:-1, max-image-preview:large, max-video-preview:-1\" \/>\n<link rel=\"canonical\" href=\"https:\/\/marcelolopes.jor.br\/site\/2022\/08\/27\/bailarina-de-cataguases-ensina-danca-a-criancas-carentes\/\" \/>\n<meta property=\"og:locale\" content=\"pt_BR\" \/>\n<meta property=\"og:type\" content=\"article\" \/>\n<meta property=\"og:title\" content=\"Bailarina de Cataguases ensina dan\u00e7a a crian\u00e7as carentes\" \/>\n<meta property=\"og:description\" content=\"Bailarina de Cataguases ensina dan\u00e7a a crian\u00e7as carentes. Ela criou o projeto Sonhos em Movimento e tem hoje 200 alunas.\" \/>\n<meta property=\"og:url\" content=\"https:\/\/marcelolopes.jor.br\/site\/2022\/08\/27\/bailarina-de-cataguases-ensina-danca-a-criancas-carentes\/\" \/>\n<meta property=\"og:site_name\" content=\"Marcelo Lopes\" \/>\n<meta property=\"article:publisher\" content=\"https:\/\/www.facebook.com\/sitedomarcelolopes\" \/>\n<meta property=\"article:published_time\" content=\"2022-08-27T10:00:12+00:00\" \/>\n<meta property=\"og:image\" content=\"https:\/\/marcelolopes.jor.br\/site\/wp-content\/uploads\/2022\/08\/Bale.jpg\" \/>\n\t<meta property=\"og:image:width\" content=\"800\" \/>\n\t<meta property=\"og:image:height\" content=\"448\" \/>\n\t<meta property=\"og:image:type\" content=\"image\/jpeg\" \/>\n<meta name=\"author\" content=\"Marcelo Lopes\" \/>\n<meta name=\"twitter:card\" content=\"summary_large_image\" \/>\n<meta name=\"twitter:label1\" content=\"Escrito por\" \/>\n\t<meta name=\"twitter:data1\" content=\"Marcelo Lopes\" \/>\n\t<meta name=\"twitter:label2\" content=\"Est. tempo de leitura\" \/>\n\t<meta name=\"twitter:data2\" content=\"3 minutos\" \/>\n<script type=\"application\/ld+json\" class=\"yoast-schema-graph\">{\"@context\":\"https:\\\/\\\/schema.org\",\"@graph\":[{\"@type\":\"NewsArticle\",\"@id\":\"https:\\\/\\\/marcelolopes.jor.br\\\/site\\\/2022\\\/08\\\/27\\\/bailarina-de-cataguases-ensina-danca-a-criancas-carentes\\\/#article\",\"isPartOf\":{\"@id\":\"https:\\\/\\\/marcelolopes.jor.br\\\/site\\\/2022\\\/08\\\/27\\\/bailarina-de-cataguases-ensina-danca-a-criancas-carentes\\\/\"},\"author\":{\"name\":\"Marcelo Lopes\",\"@id\":\"https:\\\/\\\/marcelolopes.jor.br\\\/site\\\/#\\\/schema\\\/person\\\/3e7216a35c34d8fdf952b31da3d1f89f\"},\"headline\":\"Bailarina de Cataguases ensina dan\u00e7a a crian\u00e7as carentes\",\"datePublished\":\"2022-08-27T10:00:12+00:00\",\"mainEntityOfPage\":{\"@id\":\"https:\\\/\\\/marcelolopes.jor.br\\\/site\\\/2022\\\/08\\\/27\\\/bailarina-de-cataguases-ensina-danca-a-criancas-carentes\\\/\"},\"wordCount\":538,\"commentCount\":0,\"publisher\":{\"@id\":\"https:\\\/\\\/marcelolopes.jor.br\\\/site\\\/#organization\"},\"image\":{\"@id\":\"https:\\\/\\\/marcelolopes.jor.br\\\/site\\\/2022\\\/08\\\/27\\\/bailarina-de-cataguases-ensina-danca-a-criancas-carentes\\\/#primaryimage\"},\"thumbnailUrl\":\"https:\\\/\\\/marcelolopes.jor.br\\\/site\\\/wp-content\\\/uploads\\\/2022\\\/08\\\/Bale.jpg\",\"keywords\":[\"Arte e Dan\u00e7a\",\"bal\u00e9\",\"ballet\",\"dan\u00e7a\",\"Sonhos em Movimento\"],\"articleSection\":[\"Not\u00edcias\"],\"inLanguage\":\"pt-BR\",\"potentialAction\":[{\"@type\":\"CommentAction\",\"name\":\"Comment\",\"target\":[\"https:\\\/\\\/marcelolopes.jor.br\\\/site\\\/2022\\\/08\\\/27\\\/bailarina-de-cataguases-ensina-danca-a-criancas-carentes\\\/#respond\"]}]},{\"@type\":\"WebPage\",\"@id\":\"https:\\\/\\\/marcelolopes.jor.br\\\/site\\\/2022\\\/08\\\/27\\\/bailarina-de-cataguases-ensina-danca-a-criancas-carentes\\\/\",\"url\":\"https:\\\/\\\/marcelolopes.jor.br\\\/site\\\/2022\\\/08\\\/27\\\/bailarina-de-cataguases-ensina-danca-a-criancas-carentes\\\/\",\"name\":\"Bailarina de Cataguases ensina dan\u00e7a a crian\u00e7as carentes\",\"isPartOf\":{\"@id\":\"https:\\\/\\\/marcelolopes.jor.br\\\/site\\\/#website\"},\"primaryImageOfPage\":{\"@id\":\"https:\\\/\\\/marcelolopes.jor.br\\\/site\\\/2022\\\/08\\\/27\\\/bailarina-de-cataguases-ensina-danca-a-criancas-carentes\\\/#primaryimage\"},\"image\":{\"@id\":\"https:\\\/\\\/marcelolopes.jor.br\\\/site\\\/2022\\\/08\\\/27\\\/bailarina-de-cataguases-ensina-danca-a-criancas-carentes\\\/#primaryimage\"},\"thumbnailUrl\":\"https:\\\/\\\/marcelolopes.jor.br\\\/site\\\/wp-content\\\/uploads\\\/2022\\\/08\\\/Bale.jpg\",\"datePublished\":\"2022-08-27T10:00:12+00:00\",\"description\":\"Bailarina de Cataguases ensina dan\u00e7a a crian\u00e7as carentes. Ela criou o projeto Sonhos em Movimento e tem hoje 200 alunas.\",\"breadcrumb\":{\"@id\":\"https:\\\/\\\/marcelolopes.jor.br\\\/site\\\/2022\\\/08\\\/27\\\/bailarina-de-cataguases-ensina-danca-a-criancas-carentes\\\/#breadcrumb\"},\"inLanguage\":\"pt-BR\",\"potentialAction\":[{\"@type\":\"ReadAction\",\"target\":[\"https:\\\/\\\/marcelolopes.jor.br\\\/site\\\/2022\\\/08\\\/27\\\/bailarina-de-cataguases-ensina-danca-a-criancas-carentes\\\/\"]}]},{\"@type\":\"ImageObject\",\"inLanguage\":\"pt-BR\",\"@id\":\"https:\\\/\\\/marcelolopes.jor.br\\\/site\\\/2022\\\/08\\\/27\\\/bailarina-de-cataguases-ensina-danca-a-criancas-carentes\\\/#primaryimage\",\"url\":\"https:\\\/\\\/marcelolopes.jor.br\\\/site\\\/wp-content\\\/uploads\\\/2022\\\/08\\\/Bale.jpg\",\"contentUrl\":\"https:\\\/\\\/marcelolopes.jor.br\\\/site\\\/wp-content\\\/uploads\\\/2022\\\/08\\\/Bale.jpg\",\"width\":800,\"height\":448,\"caption\":\"Bailarina de Cataguases ensina\"},{\"@type\":\"BreadcrumbList\",\"@id\":\"https:\\\/\\\/marcelolopes.jor.br\\\/site\\\/2022\\\/08\\\/27\\\/bailarina-de-cataguases-ensina-danca-a-criancas-carentes\\\/#breadcrumb\",\"itemListElement\":[{\"@type\":\"ListItem\",\"position\":1,\"name\":\"Home\",\"item\":\"https:\\\/\\\/marcelolopes.jor.br\\\/site\\\/\"},{\"@type\":\"ListItem\",\"position\":2,\"name\":\"Bailarina de Cataguases ensina dan\u00e7a a crian\u00e7as carentes\"}]},{\"@type\":\"WebSite\",\"@id\":\"https:\\\/\\\/marcelolopes.jor.br\\\/site\\\/#website\",\"url\":\"https:\\\/\\\/marcelolopes.jor.br\\\/site\\\/\",\"name\":\"Marcelo Lopes\",\"description\":\"Not\u00edcias de Cataguases e Regi\u00e3o\",\"publisher\":{\"@id\":\"https:\\\/\\\/marcelolopes.jor.br\\\/site\\\/#organization\"},\"potentialAction\":[{\"@type\":\"SearchAction\",\"target\":{\"@type\":\"EntryPoint\",\"urlTemplate\":\"https:\\\/\\\/marcelolopes.jor.br\\\/site\\\/?s={search_term_string}\"},\"query-input\":{\"@type\":\"PropertyValueSpecification\",\"valueRequired\":true,\"valueName\":\"search_term_string\"}}],\"inLanguage\":\"pt-BR\"},{\"@type\":\"Organization\",\"@id\":\"https:\\\/\\\/marcelolopes.jor.br\\\/site\\\/#organization\",\"name\":\"Site do Marcelo Lopes\",\"url\":\"https:\\\/\\\/marcelolopes.jor.br\\\/site\\\/\",\"logo\":{\"@type\":\"ImageObject\",\"inLanguage\":\"pt-BR\",\"@id\":\"https:\\\/\\\/marcelolopes.jor.br\\\/site\\\/#\\\/schema\\\/logo\\\/image\\\/\",\"url\":\"https:\\\/\\\/marcelolopes.jor.br\\\/site\\\/wp-content\\\/uploads\\\/2024\\\/11\\\/logo-1.png\",\"contentUrl\":\"https:\\\/\\\/marcelolopes.jor.br\\\/site\\\/wp-content\\\/uploads\\\/2024\\\/11\\\/logo-1.png\",\"width\":475,\"height\":80,\"caption\":\"Site do Marcelo Lopes\"},\"image\":{\"@id\":\"https:\\\/\\\/marcelolopes.jor.br\\\/site\\\/#\\\/schema\\\/logo\\\/image\\\/\"},\"sameAs\":[\"https:\\\/\\\/www.facebook.com\\\/sitedomarcelolopes\",\"https:\\\/\\\/www.instagram.com\\\/sitedomarcelolopes\\\/\",\"https:\\\/\\\/www.linkedin.com\\\/company\\\/site-do-marcelo-lopes\\\/\",\"https:\\\/\\\/www.youtube.com\\\/user\\\/marcelolopes957\"]},{\"@type\":\"Person\",\"@id\":\"https:\\\/\\\/marcelolopes.jor.br\\\/site\\\/#\\\/schema\\\/person\\\/3e7216a35c34d8fdf952b31da3d1f89f\",\"name\":\"Marcelo Lopes\",\"sameAs\":[\"http:\\\/\\\/www.marcelolopes.jor.br\"],\"url\":\"https:\\\/\\\/marcelolopes.jor.br\\\/site\\\/author\\\/marcelo\\\/\"}]}<\/script>\n<!-- \/ Yoast SEO plugin. -->","yoast_head_json":{"title":"Bailarina de Cataguases ensina dan\u00e7a a crian\u00e7as carentes","description":"Bailarina de Cataguases ensina dan\u00e7a a crian\u00e7as carentes. Ela criou o projeto Sonhos em Movimento e tem hoje 200 alunas.","robots":{"index":"index","follow":"follow","max-snippet":"max-snippet:-1","max-image-preview":"max-image-preview:large","max-video-preview":"max-video-preview:-1"},"canonical":"https:\/\/marcelolopes.jor.br\/site\/2022\/08\/27\/bailarina-de-cataguases-ensina-danca-a-criancas-carentes\/","og_locale":"pt_BR","og_type":"article","og_title":"Bailarina de Cataguases ensina dan\u00e7a a crian\u00e7as carentes","og_description":"Bailarina de Cataguases ensina dan\u00e7a a crian\u00e7as carentes. Ela criou o projeto Sonhos em Movimento e tem hoje 200 alunas.","og_url":"https:\/\/marcelolopes.jor.br\/site\/2022\/08\/27\/bailarina-de-cataguases-ensina-danca-a-criancas-carentes\/","og_site_name":"Marcelo Lopes","article_publisher":"https:\/\/www.facebook.com\/sitedomarcelolopes","article_published_time":"2022-08-27T10:00:12+00:00","og_image":[{"width":800,"height":448,"url":"https:\/\/marcelolopes.jor.br\/site\/wp-content\/uploads\/2022\/08\/Bale.jpg","type":"image\/jpeg"}],"author":"Marcelo Lopes","twitter_card":"summary_large_image","twitter_misc":{"Escrito por":"Marcelo Lopes","Est. tempo de leitura":"3 minutos"},"schema":{"@context":"https:\/\/schema.org","@graph":[{"@type":"NewsArticle","@id":"https:\/\/marcelolopes.jor.br\/site\/2022\/08\/27\/bailarina-de-cataguases-ensina-danca-a-criancas-carentes\/#article","isPartOf":{"@id":"https:\/\/marcelolopes.jor.br\/site\/2022\/08\/27\/bailarina-de-cataguases-ensina-danca-a-criancas-carentes\/"},"author":{"name":"Marcelo Lopes","@id":"https:\/\/marcelolopes.jor.br\/site\/#\/schema\/person\/3e7216a35c34d8fdf952b31da3d1f89f"},"headline":"Bailarina de Cataguases ensina dan\u00e7a a crian\u00e7as carentes","datePublished":"2022-08-27T10:00:12+00:00","mainEntityOfPage":{"@id":"https:\/\/marcelolopes.jor.br\/site\/2022\/08\/27\/bailarina-de-cataguases-ensina-danca-a-criancas-carentes\/"},"wordCount":538,"commentCount":0,"publisher":{"@id":"https:\/\/marcelolopes.jor.br\/site\/#organization"},"image":{"@id":"https:\/\/marcelolopes.jor.br\/site\/2022\/08\/27\/bailarina-de-cataguases-ensina-danca-a-criancas-carentes\/#primaryimage"},"thumbnailUrl":"https:\/\/marcelolopes.jor.br\/site\/wp-content\/uploads\/2022\/08\/Bale.jpg","keywords":["Arte e Dan\u00e7a","bal\u00e9","ballet","dan\u00e7a","Sonhos em Movimento"],"articleSection":["Not\u00edcias"],"inLanguage":"pt-BR","potentialAction":[{"@type":"CommentAction","name":"Comment","target":["https:\/\/marcelolopes.jor.br\/site\/2022\/08\/27\/bailarina-de-cataguases-ensina-danca-a-criancas-carentes\/#respond"]}]},{"@type":"WebPage","@id":"https:\/\/marcelolopes.jor.br\/site\/2022\/08\/27\/bailarina-de-cataguases-ensina-danca-a-criancas-carentes\/","url":"https:\/\/marcelolopes.jor.br\/site\/2022\/08\/27\/bailarina-de-cataguases-ensina-danca-a-criancas-carentes\/","name":"Bailarina de Cataguases ensina dan\u00e7a a crian\u00e7as carentes","isPartOf":{"@id":"https:\/\/marcelolopes.jor.br\/site\/#website"},"primaryImageOfPage":{"@id":"https:\/\/marcelolopes.jor.br\/site\/2022\/08\/27\/bailarina-de-cataguases-ensina-danca-a-criancas-carentes\/#primaryimage"},"image":{"@id":"https:\/\/marcelolopes.jor.br\/site\/2022\/08\/27\/bailarina-de-cataguases-ensina-danca-a-criancas-carentes\/#primaryimage"},"thumbnailUrl":"https:\/\/marcelolopes.jor.br\/site\/wp-content\/uploads\/2022\/08\/Bale.jpg","datePublished":"2022-08-27T10:00:12+00:00","description":"Bailarina de Cataguases ensina dan\u00e7a a crian\u00e7as carentes. Ela criou o projeto Sonhos em Movimento e tem hoje 200 alunas.","breadcrumb":{"@id":"https:\/\/marcelolopes.jor.br\/site\/2022\/08\/27\/bailarina-de-cataguases-ensina-danca-a-criancas-carentes\/#breadcrumb"},"inLanguage":"pt-BR","potentialAction":[{"@type":"ReadAction","target":["https:\/\/marcelolopes.jor.br\/site\/2022\/08\/27\/bailarina-de-cataguases-ensina-danca-a-criancas-carentes\/"]}]},{"@type":"ImageObject","inLanguage":"pt-BR","@id":"https:\/\/marcelolopes.jor.br\/site\/2022\/08\/27\/bailarina-de-cataguases-ensina-danca-a-criancas-carentes\/#primaryimage","url":"https:\/\/marcelolopes.jor.br\/site\/wp-content\/uploads\/2022\/08\/Bale.jpg","contentUrl":"https:\/\/marcelolopes.jor.br\/site\/wp-content\/uploads\/2022\/08\/Bale.jpg","width":800,"height":448,"caption":"Bailarina de Cataguases ensina"},{"@type":"BreadcrumbList","@id":"https:\/\/marcelolopes.jor.br\/site\/2022\/08\/27\/bailarina-de-cataguases-ensina-danca-a-criancas-carentes\/#breadcrumb","itemListElement":[{"@type":"ListItem","position":1,"name":"Home","item":"https:\/\/marcelolopes.jor.br\/site\/"},{"@type":"ListItem","position":2,"name":"Bailarina de Cataguases ensina dan\u00e7a a crian\u00e7as carentes"}]},{"@type":"WebSite","@id":"https:\/\/marcelolopes.jor.br\/site\/#website","url":"https:\/\/marcelolopes.jor.br\/site\/","name":"Marcelo Lopes","description":"Not\u00edcias de Cataguases e Regi\u00e3o","publisher":{"@id":"https:\/\/marcelolopes.jor.br\/site\/#organization"},"potentialAction":[{"@type":"SearchAction","target":{"@type":"EntryPoint","urlTemplate":"https:\/\/marcelolopes.jor.br\/site\/?s={search_term_string}"},"query-input":{"@type":"PropertyValueSpecification","valueRequired":true,"valueName":"search_term_string"}}],"inLanguage":"pt-BR"},{"@type":"Organization","@id":"https:\/\/marcelolopes.jor.br\/site\/#organization","name":"Site do Marcelo Lopes","url":"https:\/\/marcelolopes.jor.br\/site\/","logo":{"@type":"ImageObject","inLanguage":"pt-BR","@id":"https:\/\/marcelolopes.jor.br\/site\/#\/schema\/logo\/image\/","url":"https:\/\/marcelolopes.jor.br\/site\/wp-content\/uploads\/2024\/11\/logo-1.png","contentUrl":"https:\/\/marcelolopes.jor.br\/site\/wp-content\/uploads\/2024\/11\/logo-1.png","width":475,"height":80,"caption":"Site do Marcelo Lopes"},"image":{"@id":"https:\/\/marcelolopes.jor.br\/site\/#\/schema\/logo\/image\/"},"sameAs":["https:\/\/www.facebook.com\/sitedomarcelolopes","https:\/\/www.instagram.com\/sitedomarcelolopes\/","https:\/\/www.linkedin.com\/company\/site-do-marcelo-lopes\/","https:\/\/www.youtube.com\/user\/marcelolopes957"]},{"@type":"Person","@id":"https:\/\/marcelolopes.jor.br\/site\/#\/schema\/person\/3e7216a35c34d8fdf952b31da3d1f89f","name":"Marcelo Lopes","sameAs":["http:\/\/www.marcelolopes.jor.br"],"url":"https:\/\/marcelolopes.jor.br\/site\/author\/marcelo\/"}]}},"wps_subtitle":"Ela criou o projeto Sonhos em Movimento e tem hoje 200 alunas.","_links":{"self":[{"href":"https:\/\/marcelolopes.jor.br\/site\/wp-json\/wp\/v2\/posts\/35413","targetHints":{"allow":["GET"]}}],"collection":[{"href":"https:\/\/marcelolopes.jor.br\/site\/wp-json\/wp\/v2\/posts"}],"about":[{"href":"https:\/\/marcelolopes.jor.br\/site\/wp-json\/wp\/v2\/types\/post"}],"author":[{"embeddable":true,"href":"https:\/\/marcelolopes.jor.br\/site\/wp-json\/wp\/v2\/users\/2"}],"replies":[{"embeddable":true,"href":"https:\/\/marcelolopes.jor.br\/site\/wp-json\/wp\/v2\/comments?post=35413"}],"version-history":[{"count":0,"href":"https:\/\/marcelolopes.jor.br\/site\/wp-json\/wp\/v2\/posts\/35413\/revisions"}],"wp:featuredmedia":[{"embeddable":true,"href":"https:\/\/marcelolopes.jor.br\/site\/wp-json\/wp\/v2\/media\/35414"}],"wp:attachment":[{"href":"https:\/\/marcelolopes.jor.br\/site\/wp-json\/wp\/v2\/media?parent=35413"}],"wp:term":[{"taxonomy":"category","embeddable":true,"href":"https:\/\/marcelolopes.jor.br\/site\/wp-json\/wp\/v2\/categories?post=35413"},{"taxonomy":"post_tag","embeddable":true,"href":"https:\/\/marcelolopes.jor.br\/site\/wp-json\/wp\/v2\/tags?post=35413"}],"curies":[{"name":"wp","href":"https:\/\/api.w.org\/{rel}","templated":true}]}}