{"id":35393,"date":"2022-08-27T12:00:40","date_gmt":"2022-08-27T15:00:40","guid":{"rendered":"https:\/\/marcelolopes.jor.br\/?p=35393"},"modified":"2022-08-27T21:42:40","modified_gmt":"2022-08-28T00:42:40","slug":"forum-de-cataguases-divulga-processo-seletivo-para-juiz-leigo","status":"publish","type":"post","link":"https:\/\/marcelolopes.jor.br\/site\/2022\/08\/27\/forum-de-cataguases-divulga-processo-seletivo-para-juiz-leigo\/","title":{"rendered":"F\u00f3rum de Cataguases divulga processo seletivo para Juiz Leigo"},"content":{"rendered":"<p style=\"text-align: justify;\">O Forum da Comarca de Cataguases vai abrir inscri\u00e7\u00f5es na pr\u00f3xima segunda-feira, 29 de agosto, para interessados em participar do processo seletivo de Juiz Leigo. Edital neste sentido (n\u00ba 001\/2022) foi divulgado no \u00faltimo dia 23, pelo juiz Reinaldo Daniel Moreira, diretor substituto daquele Foro. O prazo de inscri\u00e7\u00e3o termina dia 9 de setembro. Est\u00e1 sendo oferecida uma vaga para atua\u00e7\u00e3o na Unidade Jurisdicional C\u00edvel e da Fazenda P\u00fablica da Comarca de Cataguases.<!--more--><\/p>\n<p style=\"text-align: justify;\">Interessados em se inscrever dever\u00e3o comparecer na sala de administra\u00e7\u00e3o do Forum de Cataguases das 12h \u00e0s 18h munido de documento oficial de identifica\u00e7\u00e3o com foto. Antes de se inscrever o candidato deve ler todo o teor do Edital que rege o processo seletivo para saber se preenche todas as exig\u00eancias para o exerc\u00edcio do cargo. A inscri\u00e7\u00e3o \u00e9 gratuita e o Comprovante Definitivo de Inscri\u00e7\u00e3o ser\u00e1 fornecido pelo Forum.<\/p>\n<p style=\"text-align: justify;\">O processo seletivo ser\u00e1 composto por uma prova objetiva de m\u00faltipla escolha e outra dissertativa, ambas eliminat\u00f3ria e classificat\u00f3ria, avalia\u00e7\u00e3o de t\u00edtulos e curso de capacita\u00e7\u00e3o. As provas ser\u00e3o realizadas no dia 16 de setembro, das 8h \u00e0s 12h, no Sal\u00e3o do J\u00fari do F\u00f3rum da Comarca de Cataguases, situado na Pra\u00e7a Dr. Cunha Neto, s\/n, Bairro Granjaria. A designa\u00e7\u00e3o do aprovado ser\u00e1 feita pelo <a href=\"http:\/\/www.tjmg.jus.br\"><strong><span style=\"color: #800000;\">Tribunal de Justi\u00e7a de Minas Gerais<\/span><\/strong><\/a> mediante disponibilidade or\u00e7ament\u00e1ria.<\/p>\n<p>Baixe o edital abaixo.<\/p>\n<p><a href=\"https:\/\/marcelolopes.jor.br\/site\/wp-content\/uploads\/2022\/08\/CamScanner-08-25-2022-15.23.pdf\">CamScanner 08-25-2022 15.23<\/a><\/p>\n<p><strong style=\"text-align: justify; font-size: 1rem; -webkit-text-size-adjust: 100%;\">LEIA TAMB\u00c9M<\/strong><\/p>\n<p style=\"text-align: justify;\"><a href=\"https:\/\/marcelolopes.jor.br\/2022\/08\/12\/forum-de-cataguases-faz-processo-seletivo-para-estagiarios-de-pos-graduacao\/\"><strong><span style=\"color: #800000;\">F\u00f3rum de Cataguases faz processo seletivo para estagi\u00e1rios de p\u00f3s-gradua\u00e7\u00e3o<\/span><\/strong><\/a><br \/>\n<a href=\"https:\/\/marcelolopes.jor.br\/2021\/11\/11\/forum-de-cataguases-realiza-mesa-redonda-de-advocacia-extrajudicial-da-comarca\/\"><strong><span style=\"color: #800000;\">F\u00f3rum de Cataguases realiza Mesa Redonda de Advocacia Extrajudicial<\/span><\/strong><\/a><\/p>\n<div class=\"gotyb69f715bcbbbb8\" ><br><\/div><style type=\"text\/css\">\r\n@media screen and (min-width: 1201px) {\r\n.gotyb69f715bcbbbb8 {\r\ndisplay: block;\r\n}\r\n}\r\n@media screen and (min-width: 993px) and (max-width: 1200px) {\r\n.gotyb69f715bcbbbb8 {\r\ndisplay: block;\r\n}\r\n}\r\n@media screen and (min-width: 769px) and (max-width: 992px) {\r\n.gotyb69f715bcbbbb8 {\r\ndisplay: block;\r\n}\r\n}\r\n@media screen and (min-width: 768px) and (max-width: 768px) {\r\n.gotyb69f715bcbbbb8 {\r\ndisplay: block;\r\n}\r\n}\r\n@media screen and (max-width: 767px) {\r\n.gotyb69f715bcbbbb8 {\r\ndisplay: block;\r\n}\r\n}\r\n<\/style>\r\n<div class=\"zwuma69f715bcc0eaf\" ><div id=\"div_destino\"><\/div>\r\n<script src=\"https:\/\/cdn.snsrsv.com\/sdk.js\"><\/script>\r\n<script >\r\n      new sdk(\"464030C30061EA8BE065000000000001\") \r\n          .appendTo(\"div_destino\")\r\n          .disableStyle(true) \r\n          .setCacheBusterMacro(\"%%CACHEBUSTER%%\")\r\n          .setSize(\"800\",\"214\")\r\n          .setClickMacro(\"%%CLICK_URL_ESC%%\") \r\n          .setReferrerUrlMacro(\"%%REFERRER_URL_ESC%%\") \r\n          .start(); \r\n<\/script><\/div><style type=\"text\/css\">\r\n@media screen and (min-width: 1201px) {\r\n.zwuma69f715bcc0eaf {\r\ndisplay: block;\r\n}\r\n}\r\n@media screen and (min-width: 993px) and (max-width: 1200px) {\r\n.zwuma69f715bcc0eaf {\r\ndisplay: block;\r\n}\r\n}\r\n@media screen and (min-width: 769px) and (max-width: 992px) {\r\n.zwuma69f715bcc0eaf {\r\ndisplay: block;\r\n}\r\n}\r\n@media screen and (min-width: 768px) and (max-width: 768px) {\r\n.zwuma69f715bcc0eaf {\r\ndisplay: block;\r\n}\r\n}\r\n@media screen and (max-width: 767px) {\r\n.zwuma69f715bcc0eaf {\r\ndisplay: block;\r\n}\r\n}\r\n<\/style>\r\n","protected":false},"excerpt":{"rendered":"<p>O Forum da Comarca de Cataguases vai abrir inscri\u00e7\u00f5es na pr\u00f3xima segunda-feira, 29 de agosto, para interessados em participar do processo seletivo de Juiz Leigo. Edital neste sentido (n\u00ba 001\/2022) foi divulgado no \u00faltimo dia 23, pelo juiz Reinaldo Daniel<\/p>\n<p class=\"link-more\"><a class=\"more-link\" href=\"https:\/\/marcelolopes.jor.br\/site\/2022\/08\/27\/forum-de-cataguases-divulga-processo-seletivo-para-juiz-leigo\/\">Leia mais <span class=\"screen-reader-text\">F\u00f3rum de Cataguases divulga processo seletivo para Juiz Leigo<\/span><\/a><\/p>\n","protected":false},"author":2,"featured_media":3812,"comment_status":"open","ping_status":"open","sticky":false,"template":"","format":"standard","meta":{"footnotes":""},"categories":[1],"tags":[5957,3300,6544,159],"class_list":["post-35393","post","type-post","status-publish","format-standard","has-post-thumbnail","hentry","category-noticias","tag-edital-de-selecao","tag-forum-de-cataguases","tag-juiz-leigo","tag-processo-seletivo","thumb-below-title"],"yoast_head":"<!-- This site is optimized with the Yoast SEO plugin v27.4 - https:\/\/yoast.com\/product\/yoast-seo-wordpress\/ -->\n<title>F\u00f3rum de Cataguases divulga processo seletivo para Juiz Leigo<\/title>\n<meta name=\"description\" content=\"F\u00f3rum de Cataguases divulga processo seletivo para Juiz Leigo. Inscri\u00e7\u00f5es come\u00e7am na pr\u00f3xima segunda-feira, 29 e terminam dia 9 de setembro.\" \/>\n<meta name=\"robots\" content=\"index, follow, max-snippet:-1, max-image-preview:large, max-video-preview:-1\" \/>\n<link rel=\"canonical\" href=\"https:\/\/marcelolopes.jor.br\/site\/2022\/08\/27\/forum-de-cataguases-divulga-processo-seletivo-para-juiz-leigo\/\" \/>\n<meta property=\"og:locale\" content=\"pt_BR\" \/>\n<meta property=\"og:type\" content=\"article\" \/>\n<meta property=\"og:title\" content=\"F\u00f3rum de Cataguases divulga processo seletivo para Juiz Leigo\" \/>\n<meta property=\"og:description\" content=\"F\u00f3rum de Cataguases divulga processo seletivo para Juiz Leigo. Inscri\u00e7\u00f5es come\u00e7am na pr\u00f3xima segunda-feira, 29 e terminam dia 9 de setembro.\" \/>\n<meta property=\"og:url\" content=\"https:\/\/marcelolopes.jor.br\/site\/2022\/08\/27\/forum-de-cataguases-divulga-processo-seletivo-para-juiz-leigo\/\" \/>\n<meta property=\"og:site_name\" content=\"Marcelo Lopes\" \/>\n<meta property=\"article:publisher\" content=\"https:\/\/www.facebook.com\/sitedomarcelolopes\" \/>\n<meta property=\"article:published_time\" content=\"2022-08-27T15:00:40+00:00\" \/>\n<meta property=\"article:modified_time\" content=\"2022-08-28T00:42:40+00:00\" \/>\n<meta property=\"og:image\" content=\"https:\/\/marcelolopes.jor.br\/site\/wp-content\/uploads\/2019\/07\/IMG_9480-2.jpeg\" \/>\n\t<meta property=\"og:image:width\" content=\"800\" \/>\n\t<meta property=\"og:image:height\" content=\"600\" \/>\n\t<meta property=\"og:image:type\" content=\"image\/jpeg\" \/>\n<meta name=\"author\" content=\"Marcelo Lopes\" \/>\n<meta name=\"twitter:card\" content=\"summary_large_image\" \/>\n<meta name=\"twitter:label1\" content=\"Escrito por\" \/>\n\t<meta name=\"twitter:data1\" content=\"Marcelo Lopes\" \/>\n\t<meta name=\"twitter:label2\" content=\"Est. tempo de leitura\" \/>\n\t<meta name=\"twitter:data2\" content=\"1 minuto\" \/>\n<script type=\"application\/ld+json\" class=\"yoast-schema-graph\">{\"@context\":\"https:\\\/\\\/schema.org\",\"@graph\":[{\"@type\":\"NewsArticle\",\"@id\":\"https:\\\/\\\/marcelolopes.jor.br\\\/site\\\/2022\\\/08\\\/27\\\/forum-de-cataguases-divulga-processo-seletivo-para-juiz-leigo\\\/#article\",\"isPartOf\":{\"@id\":\"https:\\\/\\\/marcelolopes.jor.br\\\/site\\\/2022\\\/08\\\/27\\\/forum-de-cataguases-divulga-processo-seletivo-para-juiz-leigo\\\/\"},\"author\":{\"name\":\"Marcelo Lopes\",\"@id\":\"https:\\\/\\\/marcelolopes.jor.br\\\/site\\\/#\\\/schema\\\/person\\\/3e7216a35c34d8fdf952b31da3d1f89f\"},\"headline\":\"F\u00f3rum de Cataguases divulga processo seletivo para Juiz Leigo\",\"datePublished\":\"2022-08-27T15:00:40+00:00\",\"dateModified\":\"2022-08-28T00:42:40+00:00\",\"mainEntityOfPage\":{\"@id\":\"https:\\\/\\\/marcelolopes.jor.br\\\/site\\\/2022\\\/08\\\/27\\\/forum-de-cataguases-divulga-processo-seletivo-para-juiz-leigo\\\/\"},\"wordCount\":284,\"commentCount\":0,\"publisher\":{\"@id\":\"https:\\\/\\\/marcelolopes.jor.br\\\/site\\\/#organization\"},\"image\":{\"@id\":\"https:\\\/\\\/marcelolopes.jor.br\\\/site\\\/2022\\\/08\\\/27\\\/forum-de-cataguases-divulga-processo-seletivo-para-juiz-leigo\\\/#primaryimage\"},\"thumbnailUrl\":\"https:\\\/\\\/marcelolopes.jor.br\\\/site\\\/wp-content\\\/uploads\\\/2019\\\/07\\\/IMG_9480-2.jpeg\",\"keywords\":[\"edital de sele\u00e7\u00e3o\",\"F\u00f3rum de Cataguases\",\"juiz leigo\",\"processo seletivo\"],\"articleSection\":[\"Not\u00edcias\"],\"inLanguage\":\"pt-BR\",\"potentialAction\":[{\"@type\":\"CommentAction\",\"name\":\"Comment\",\"target\":[\"https:\\\/\\\/marcelolopes.jor.br\\\/site\\\/2022\\\/08\\\/27\\\/forum-de-cataguases-divulga-processo-seletivo-para-juiz-leigo\\\/#respond\"]}]},{\"@type\":\"WebPage\",\"@id\":\"https:\\\/\\\/marcelolopes.jor.br\\\/site\\\/2022\\\/08\\\/27\\\/forum-de-cataguases-divulga-processo-seletivo-para-juiz-leigo\\\/\",\"url\":\"https:\\\/\\\/marcelolopes.jor.br\\\/site\\\/2022\\\/08\\\/27\\\/forum-de-cataguases-divulga-processo-seletivo-para-juiz-leigo\\\/\",\"name\":\"F\u00f3rum de Cataguases divulga processo seletivo para Juiz Leigo\",\"isPartOf\":{\"@id\":\"https:\\\/\\\/marcelolopes.jor.br\\\/site\\\/#website\"},\"primaryImageOfPage\":{\"@id\":\"https:\\\/\\\/marcelolopes.jor.br\\\/site\\\/2022\\\/08\\\/27\\\/forum-de-cataguases-divulga-processo-seletivo-para-juiz-leigo\\\/#primaryimage\"},\"image\":{\"@id\":\"https:\\\/\\\/marcelolopes.jor.br\\\/site\\\/2022\\\/08\\\/27\\\/forum-de-cataguases-divulga-processo-seletivo-para-juiz-leigo\\\/#primaryimage\"},\"thumbnailUrl\":\"https:\\\/\\\/marcelolopes.jor.br\\\/site\\\/wp-content\\\/uploads\\\/2019\\\/07\\\/IMG_9480-2.jpeg\",\"datePublished\":\"2022-08-27T15:00:40+00:00\",\"dateModified\":\"2022-08-28T00:42:40+00:00\",\"description\":\"F\u00f3rum de Cataguases divulga processo seletivo para Juiz Leigo. Inscri\u00e7\u00f5es come\u00e7am na pr\u00f3xima segunda-feira, 29 e terminam dia 9 de setembro.\",\"breadcrumb\":{\"@id\":\"https:\\\/\\\/marcelolopes.jor.br\\\/site\\\/2022\\\/08\\\/27\\\/forum-de-cataguases-divulga-processo-seletivo-para-juiz-leigo\\\/#breadcrumb\"},\"inLanguage\":\"pt-BR\",\"potentialAction\":[{\"@type\":\"ReadAction\",\"target\":[\"https:\\\/\\\/marcelolopes.jor.br\\\/site\\\/2022\\\/08\\\/27\\\/forum-de-cataguases-divulga-processo-seletivo-para-juiz-leigo\\\/\"]}]},{\"@type\":\"ImageObject\",\"inLanguage\":\"pt-BR\",\"@id\":\"https:\\\/\\\/marcelolopes.jor.br\\\/site\\\/2022\\\/08\\\/27\\\/forum-de-cataguases-divulga-processo-seletivo-para-juiz-leigo\\\/#primaryimage\",\"url\":\"https:\\\/\\\/marcelolopes.jor.br\\\/site\\\/wp-content\\\/uploads\\\/2019\\\/07\\\/IMG_9480-2.jpeg\",\"contentUrl\":\"https:\\\/\\\/marcelolopes.jor.br\\\/site\\\/wp-content\\\/uploads\\\/2019\\\/07\\\/IMG_9480-2.jpeg\",\"width\":800,\"height\":600,\"caption\":\"F\u00f3rum de Cataguases divulga\"},{\"@type\":\"BreadcrumbList\",\"@id\":\"https:\\\/\\\/marcelolopes.jor.br\\\/site\\\/2022\\\/08\\\/27\\\/forum-de-cataguases-divulga-processo-seletivo-para-juiz-leigo\\\/#breadcrumb\",\"itemListElement\":[{\"@type\":\"ListItem\",\"position\":1,\"name\":\"Home\",\"item\":\"https:\\\/\\\/marcelolopes.jor.br\\\/site\\\/\"},{\"@type\":\"ListItem\",\"position\":2,\"name\":\"F\u00f3rum de Cataguases divulga processo seletivo para Juiz Leigo\"}]},{\"@type\":\"WebSite\",\"@id\":\"https:\\\/\\\/marcelolopes.jor.br\\\/site\\\/#website\",\"url\":\"https:\\\/\\\/marcelolopes.jor.br\\\/site\\\/\",\"name\":\"Marcelo Lopes\",\"description\":\"Not\u00edcias de Cataguases e Regi\u00e3o\",\"publisher\":{\"@id\":\"https:\\\/\\\/marcelolopes.jor.br\\\/site\\\/#organization\"},\"potentialAction\":[{\"@type\":\"SearchAction\",\"target\":{\"@type\":\"EntryPoint\",\"urlTemplate\":\"https:\\\/\\\/marcelolopes.jor.br\\\/site\\\/?s={search_term_string}\"},\"query-input\":{\"@type\":\"PropertyValueSpecification\",\"valueRequired\":true,\"valueName\":\"search_term_string\"}}],\"inLanguage\":\"pt-BR\"},{\"@type\":\"Organization\",\"@id\":\"https:\\\/\\\/marcelolopes.jor.br\\\/site\\\/#organization\",\"name\":\"Site do Marcelo Lopes\",\"url\":\"https:\\\/\\\/marcelolopes.jor.br\\\/site\\\/\",\"logo\":{\"@type\":\"ImageObject\",\"inLanguage\":\"pt-BR\",\"@id\":\"https:\\\/\\\/marcelolopes.jor.br\\\/site\\\/#\\\/schema\\\/logo\\\/image\\\/\",\"url\":\"https:\\\/\\\/marcelolopes.jor.br\\\/site\\\/wp-content\\\/uploads\\\/2024\\\/11\\\/logo-1.png\",\"contentUrl\":\"https:\\\/\\\/marcelolopes.jor.br\\\/site\\\/wp-content\\\/uploads\\\/2024\\\/11\\\/logo-1.png\",\"width\":475,\"height\":80,\"caption\":\"Site do Marcelo Lopes\"},\"image\":{\"@id\":\"https:\\\/\\\/marcelolopes.jor.br\\\/site\\\/#\\\/schema\\\/logo\\\/image\\\/\"},\"sameAs\":[\"https:\\\/\\\/www.facebook.com\\\/sitedomarcelolopes\",\"https:\\\/\\\/www.instagram.com\\\/sitedomarcelolopes\\\/\",\"https:\\\/\\\/www.linkedin.com\\\/company\\\/site-do-marcelo-lopes\\\/\",\"https:\\\/\\\/www.youtube.com\\\/user\\\/marcelolopes957\"]},{\"@type\":\"Person\",\"@id\":\"https:\\\/\\\/marcelolopes.jor.br\\\/site\\\/#\\\/schema\\\/person\\\/3e7216a35c34d8fdf952b31da3d1f89f\",\"name\":\"Marcelo Lopes\",\"sameAs\":[\"http:\\\/\\\/www.marcelolopes.jor.br\"],\"url\":\"https:\\\/\\\/marcelolopes.jor.br\\\/site\\\/author\\\/marcelo\\\/\"}]}<\/script>\n<!-- \/ Yoast SEO plugin. -->","yoast_head_json":{"title":"F\u00f3rum de Cataguases divulga processo seletivo para Juiz Leigo","description":"F\u00f3rum de Cataguases divulga processo seletivo para Juiz Leigo. Inscri\u00e7\u00f5es come\u00e7am na pr\u00f3xima segunda-feira, 29 e terminam dia 9 de setembro.","robots":{"index":"index","follow":"follow","max-snippet":"max-snippet:-1","max-image-preview":"max-image-preview:large","max-video-preview":"max-video-preview:-1"},"canonical":"https:\/\/marcelolopes.jor.br\/site\/2022\/08\/27\/forum-de-cataguases-divulga-processo-seletivo-para-juiz-leigo\/","og_locale":"pt_BR","og_type":"article","og_title":"F\u00f3rum de Cataguases divulga processo seletivo para Juiz Leigo","og_description":"F\u00f3rum de Cataguases divulga processo seletivo para Juiz Leigo. Inscri\u00e7\u00f5es come\u00e7am na pr\u00f3xima segunda-feira, 29 e terminam dia 9 de setembro.","og_url":"https:\/\/marcelolopes.jor.br\/site\/2022\/08\/27\/forum-de-cataguases-divulga-processo-seletivo-para-juiz-leigo\/","og_site_name":"Marcelo Lopes","article_publisher":"https:\/\/www.facebook.com\/sitedomarcelolopes","article_published_time":"2022-08-27T15:00:40+00:00","article_modified_time":"2022-08-28T00:42:40+00:00","og_image":[{"width":800,"height":600,"url":"https:\/\/marcelolopes.jor.br\/site\/wp-content\/uploads\/2019\/07\/IMG_9480-2.jpeg","type":"image\/jpeg"}],"author":"Marcelo Lopes","twitter_card":"summary_large_image","twitter_misc":{"Escrito por":"Marcelo Lopes","Est. tempo de leitura":"1 minuto"},"schema":{"@context":"https:\/\/schema.org","@graph":[{"@type":"NewsArticle","@id":"https:\/\/marcelolopes.jor.br\/site\/2022\/08\/27\/forum-de-cataguases-divulga-processo-seletivo-para-juiz-leigo\/#article","isPartOf":{"@id":"https:\/\/marcelolopes.jor.br\/site\/2022\/08\/27\/forum-de-cataguases-divulga-processo-seletivo-para-juiz-leigo\/"},"author":{"name":"Marcelo Lopes","@id":"https:\/\/marcelolopes.jor.br\/site\/#\/schema\/person\/3e7216a35c34d8fdf952b31da3d1f89f"},"headline":"F\u00f3rum de Cataguases divulga processo seletivo para Juiz Leigo","datePublished":"2022-08-27T15:00:40+00:00","dateModified":"2022-08-28T00:42:40+00:00","mainEntityOfPage":{"@id":"https:\/\/marcelolopes.jor.br\/site\/2022\/08\/27\/forum-de-cataguases-divulga-processo-seletivo-para-juiz-leigo\/"},"wordCount":284,"commentCount":0,"publisher":{"@id":"https:\/\/marcelolopes.jor.br\/site\/#organization"},"image":{"@id":"https:\/\/marcelolopes.jor.br\/site\/2022\/08\/27\/forum-de-cataguases-divulga-processo-seletivo-para-juiz-leigo\/#primaryimage"},"thumbnailUrl":"https:\/\/marcelolopes.jor.br\/site\/wp-content\/uploads\/2019\/07\/IMG_9480-2.jpeg","keywords":["edital de sele\u00e7\u00e3o","F\u00f3rum de Cataguases","juiz leigo","processo seletivo"],"articleSection":["Not\u00edcias"],"inLanguage":"pt-BR","potentialAction":[{"@type":"CommentAction","name":"Comment","target":["https:\/\/marcelolopes.jor.br\/site\/2022\/08\/27\/forum-de-cataguases-divulga-processo-seletivo-para-juiz-leigo\/#respond"]}]},{"@type":"WebPage","@id":"https:\/\/marcelolopes.jor.br\/site\/2022\/08\/27\/forum-de-cataguases-divulga-processo-seletivo-para-juiz-leigo\/","url":"https:\/\/marcelolopes.jor.br\/site\/2022\/08\/27\/forum-de-cataguases-divulga-processo-seletivo-para-juiz-leigo\/","name":"F\u00f3rum de Cataguases divulga processo seletivo para Juiz Leigo","isPartOf":{"@id":"https:\/\/marcelolopes.jor.br\/site\/#website"},"primaryImageOfPage":{"@id":"https:\/\/marcelolopes.jor.br\/site\/2022\/08\/27\/forum-de-cataguases-divulga-processo-seletivo-para-juiz-leigo\/#primaryimage"},"image":{"@id":"https:\/\/marcelolopes.jor.br\/site\/2022\/08\/27\/forum-de-cataguases-divulga-processo-seletivo-para-juiz-leigo\/#primaryimage"},"thumbnailUrl":"https:\/\/marcelolopes.jor.br\/site\/wp-content\/uploads\/2019\/07\/IMG_9480-2.jpeg","datePublished":"2022-08-27T15:00:40+00:00","dateModified":"2022-08-28T00:42:40+00:00","description":"F\u00f3rum de Cataguases divulga processo seletivo para Juiz Leigo. Inscri\u00e7\u00f5es come\u00e7am na pr\u00f3xima segunda-feira, 29 e terminam dia 9 de setembro.","breadcrumb":{"@id":"https:\/\/marcelolopes.jor.br\/site\/2022\/08\/27\/forum-de-cataguases-divulga-processo-seletivo-para-juiz-leigo\/#breadcrumb"},"inLanguage":"pt-BR","potentialAction":[{"@type":"ReadAction","target":["https:\/\/marcelolopes.jor.br\/site\/2022\/08\/27\/forum-de-cataguases-divulga-processo-seletivo-para-juiz-leigo\/"]}]},{"@type":"ImageObject","inLanguage":"pt-BR","@id":"https:\/\/marcelolopes.jor.br\/site\/2022\/08\/27\/forum-de-cataguases-divulga-processo-seletivo-para-juiz-leigo\/#primaryimage","url":"https:\/\/marcelolopes.jor.br\/site\/wp-content\/uploads\/2019\/07\/IMG_9480-2.jpeg","contentUrl":"https:\/\/marcelolopes.jor.br\/site\/wp-content\/uploads\/2019\/07\/IMG_9480-2.jpeg","width":800,"height":600,"caption":"F\u00f3rum de Cataguases divulga"},{"@type":"BreadcrumbList","@id":"https:\/\/marcelolopes.jor.br\/site\/2022\/08\/27\/forum-de-cataguases-divulga-processo-seletivo-para-juiz-leigo\/#breadcrumb","itemListElement":[{"@type":"ListItem","position":1,"name":"Home","item":"https:\/\/marcelolopes.jor.br\/site\/"},{"@type":"ListItem","position":2,"name":"F\u00f3rum de Cataguases divulga processo seletivo para Juiz Leigo"}]},{"@type":"WebSite","@id":"https:\/\/marcelolopes.jor.br\/site\/#website","url":"https:\/\/marcelolopes.jor.br\/site\/","name":"Marcelo Lopes","description":"Not\u00edcias de Cataguases e Regi\u00e3o","publisher":{"@id":"https:\/\/marcelolopes.jor.br\/site\/#organization"},"potentialAction":[{"@type":"SearchAction","target":{"@type":"EntryPoint","urlTemplate":"https:\/\/marcelolopes.jor.br\/site\/?s={search_term_string}"},"query-input":{"@type":"PropertyValueSpecification","valueRequired":true,"valueName":"search_term_string"}}],"inLanguage":"pt-BR"},{"@type":"Organization","@id":"https:\/\/marcelolopes.jor.br\/site\/#organization","name":"Site do Marcelo Lopes","url":"https:\/\/marcelolopes.jor.br\/site\/","logo":{"@type":"ImageObject","inLanguage":"pt-BR","@id":"https:\/\/marcelolopes.jor.br\/site\/#\/schema\/logo\/image\/","url":"https:\/\/marcelolopes.jor.br\/site\/wp-content\/uploads\/2024\/11\/logo-1.png","contentUrl":"https:\/\/marcelolopes.jor.br\/site\/wp-content\/uploads\/2024\/11\/logo-1.png","width":475,"height":80,"caption":"Site do Marcelo Lopes"},"image":{"@id":"https:\/\/marcelolopes.jor.br\/site\/#\/schema\/logo\/image\/"},"sameAs":["https:\/\/www.facebook.com\/sitedomarcelolopes","https:\/\/www.instagram.com\/sitedomarcelolopes\/","https:\/\/www.linkedin.com\/company\/site-do-marcelo-lopes\/","https:\/\/www.youtube.com\/user\/marcelolopes957"]},{"@type":"Person","@id":"https:\/\/marcelolopes.jor.br\/site\/#\/schema\/person\/3e7216a35c34d8fdf952b31da3d1f89f","name":"Marcelo Lopes","sameAs":["http:\/\/www.marcelolopes.jor.br"],"url":"https:\/\/marcelolopes.jor.br\/site\/author\/marcelo\/"}]}},"wps_subtitle":"Inscri\u00e7\u00f5es come\u00e7am na pr\u00f3xima segunda-feira, 29 e terminam dia 9 de setembro.","_links":{"self":[{"href":"https:\/\/marcelolopes.jor.br\/site\/wp-json\/wp\/v2\/posts\/35393","targetHints":{"allow":["GET"]}}],"collection":[{"href":"https:\/\/marcelolopes.jor.br\/site\/wp-json\/wp\/v2\/posts"}],"about":[{"href":"https:\/\/marcelolopes.jor.br\/site\/wp-json\/wp\/v2\/types\/post"}],"author":[{"embeddable":true,"href":"https:\/\/marcelolopes.jor.br\/site\/wp-json\/wp\/v2\/users\/2"}],"replies":[{"embeddable":true,"href":"https:\/\/marcelolopes.jor.br\/site\/wp-json\/wp\/v2\/comments?post=35393"}],"version-history":[{"count":0,"href":"https:\/\/marcelolopes.jor.br\/site\/wp-json\/wp\/v2\/posts\/35393\/revisions"}],"wp:featuredmedia":[{"embeddable":true,"href":"https:\/\/marcelolopes.jor.br\/site\/wp-json\/wp\/v2\/media\/3812"}],"wp:attachment":[{"href":"https:\/\/marcelolopes.jor.br\/site\/wp-json\/wp\/v2\/media?parent=35393"}],"wp:term":[{"taxonomy":"category","embeddable":true,"href":"https:\/\/marcelolopes.jor.br\/site\/wp-json\/wp\/v2\/categories?post=35393"},{"taxonomy":"post_tag","embeddable":true,"href":"https:\/\/marcelolopes.jor.br\/site\/wp-json\/wp\/v2\/tags?post=35393"}],"curies":[{"name":"wp","href":"https:\/\/api.w.org\/{rel}","templated":true}]}}