{"id":35377,"date":"2022-08-25T16:00:37","date_gmt":"2022-08-25T19:00:37","guid":{"rendered":"https:\/\/marcelolopes.jor.br\/?p=35377"},"modified":"2022-08-25T15:33:41","modified_gmt":"2022-08-25T18:33:41","slug":"sine-tem-20-vagas-de-trabalho-para-quem-nao-tem-experiencia","status":"publish","type":"post","link":"https:\/\/marcelolopes.jor.br\/site\/2022\/08\/25\/sine-tem-20-vagas-de-trabalho-para-quem-nao-tem-experiencia\/","title":{"rendered":"Sine tem 20 vagas de trabalho para quem n\u00e3o tem experi\u00eancia"},"content":{"rendered":"<p style=\"text-align: justify;\">O Sine em Cataguases est\u00e1 com vagas de trabalho dispon\u00edveis para v\u00e1rias fun\u00e7\u00f5es, dentre elas 20 s\u00e3o Auxiliar Industrial para interessados com ensino fundamental completo. N\u00e3o \u00e9 necess\u00e1ria experi\u00eancia para concorrer a estas vagas.<!--more--><\/p>\n<p style=\"text-align: justify;\">Tamb\u00e9m h\u00e1 outras seis vagas sendo uma para Coordenador de Produ\u00e7\u00e3o; 1 Mec\u00e2nico; 2 faxineira ferista; 1 porteiro; 1 eletricista. Todos estes cargos exigem experi\u00eancia m\u00ednima de seis meses em cada fun\u00e7\u00e3o.<\/p>\n<p style=\"text-align: justify;\">O detalhamento das vagas \u00e9 feito somente no guich\u00ea de atendimento do Sine mediante a apresenta\u00e7\u00e3o de todos os documentos de identifica\u00e7\u00e3o do interessado. O SINE funciona na Rua Gama Cerqueira, 70, antigo Pronto Cordis, em Cataguases, e n\u00e3o d\u00e1 informa\u00e7\u00f5es por telefone.<\/p>\n<p style=\"text-align: justify;\"><strong>LEIA TAMB\u00c9M<\/strong><br \/>\n<a href=\"https:\/\/marcelolopes.jor.br\/2022\/07\/29\/cataguases-abre-533-vagas-de-trabalho-no-primeiro-semestre-de-2022\/\"><strong><span style=\"color: #800000;\">Cataguases abre 533 vagas de trabalho no primeiro semestre de 2022<\/span><\/strong><\/a><br \/>\n<a href=\"https:\/\/marcelolopes.jor.br\/2022\/08\/05\/sine-de-cataguases-esta-oferecendo-dezessete-vagas-de-trabalho\/\"><strong><span style=\"color: #800000;\">Sine de Cataguases est\u00e1 oferecendo dezessete vagas de trabalho<\/span><\/strong><\/a><\/p>\n<p>Foto: Direito News<\/p>\n<div class=\"pntkn69f73dc6d0b8b\" ><br><\/div><style type=\"text\/css\">\r\n@media screen and (min-width: 1201px) {\r\n.pntkn69f73dc6d0b8b {\r\ndisplay: block;\r\n}\r\n}\r\n@media screen and (min-width: 993px) and (max-width: 1200px) {\r\n.pntkn69f73dc6d0b8b {\r\ndisplay: block;\r\n}\r\n}\r\n@media screen and (min-width: 769px) and (max-width: 992px) {\r\n.pntkn69f73dc6d0b8b {\r\ndisplay: block;\r\n}\r\n}\r\n@media screen and (min-width: 768px) and (max-width: 768px) {\r\n.pntkn69f73dc6d0b8b {\r\ndisplay: block;\r\n}\r\n}\r\n@media screen and (max-width: 767px) {\r\n.pntkn69f73dc6d0b8b {\r\ndisplay: block;\r\n}\r\n}\r\n<\/style>\r\n<div class=\"zdcak69f73dc6d5ca4\" ><div id=\"div_destino\"><\/div>\r\n<script src=\"https:\/\/cdn.snsrsv.com\/sdk.js\"><\/script>\r\n<script >\r\n      new sdk(\"464030C30061EA8BE065000000000001\") \r\n          .appendTo(\"div_destino\")\r\n          .disableStyle(true) \r\n          .setCacheBusterMacro(\"%%CACHEBUSTER%%\")\r\n          .setSize(\"800\",\"214\")\r\n          .setClickMacro(\"%%CLICK_URL_ESC%%\") \r\n          .setReferrerUrlMacro(\"%%REFERRER_URL_ESC%%\") \r\n          .start(); \r\n<\/script><\/div><style type=\"text\/css\">\r\n@media screen and (min-width: 1201px) {\r\n.zdcak69f73dc6d5ca4 {\r\ndisplay: block;\r\n}\r\n}\r\n@media screen and (min-width: 993px) and (max-width: 1200px) {\r\n.zdcak69f73dc6d5ca4 {\r\ndisplay: block;\r\n}\r\n}\r\n@media screen and (min-width: 769px) and (max-width: 992px) {\r\n.zdcak69f73dc6d5ca4 {\r\ndisplay: block;\r\n}\r\n}\r\n@media screen and (min-width: 768px) and (max-width: 768px) {\r\n.zdcak69f73dc6d5ca4 {\r\ndisplay: block;\r\n}\r\n}\r\n@media screen and (max-width: 767px) {\r\n.zdcak69f73dc6d5ca4 {\r\ndisplay: block;\r\n}\r\n}\r\n<\/style>\r\n","protected":false},"excerpt":{"rendered":"<p>O Sine em Cataguases est\u00e1 com vagas de trabalho dispon\u00edveis para v\u00e1rias fun\u00e7\u00f5es, dentre elas 20 s\u00e3o Auxiliar Industrial para interessados com ensino fundamental completo. N\u00e3o \u00e9 necess\u00e1ria experi\u00eancia para concorrer a estas vagas.<\/p>\n","protected":false},"author":2,"featured_media":35378,"comment_status":"open","ping_status":"open","sticky":false,"template":"","format":"standard","meta":{"footnotes":""},"categories":[1],"tags":[1042,4652,3566,3273],"class_list":["post-35377","post","type-post","status-publish","format-standard","has-post-thumbnail","hentry","category-noticias","tag-emprego-e-renda","tag-oferta-de-emprego","tag-sine-cataguases","tag-vagas-de-trabalho","thumb-below-title"],"yoast_head":"<!-- This site is optimized with the Yoast SEO plugin v27.4 - https:\/\/yoast.com\/product\/yoast-seo-wordpress\/ -->\n<title>Sine tem 20 vagas de trabalho para quem n\u00e3o tem experi\u00eancia<\/title>\n<meta name=\"description\" content=\"Sine tem 20 vagas de trabalho para quem n\u00e3o tem experi\u00eancia. A \u00fanica exig\u00eancia \u00e9 que o interessado tenha o Ensino Fundamental.\" \/>\n<meta name=\"robots\" content=\"index, follow, max-snippet:-1, max-image-preview:large, max-video-preview:-1\" \/>\n<link rel=\"canonical\" href=\"https:\/\/marcelolopes.jor.br\/site\/2022\/08\/25\/sine-tem-20-vagas-de-trabalho-para-quem-nao-tem-experiencia\/\" \/>\n<meta property=\"og:locale\" content=\"pt_BR\" \/>\n<meta property=\"og:type\" content=\"article\" \/>\n<meta property=\"og:title\" content=\"Sine tem 20 vagas de trabalho para quem n\u00e3o tem experi\u00eancia\" \/>\n<meta property=\"og:description\" content=\"Sine tem 20 vagas de trabalho para quem n\u00e3o tem experi\u00eancia. A \u00fanica exig\u00eancia \u00e9 que o interessado tenha o Ensino Fundamental.\" \/>\n<meta property=\"og:url\" content=\"https:\/\/marcelolopes.jor.br\/site\/2022\/08\/25\/sine-tem-20-vagas-de-trabalho-para-quem-nao-tem-experiencia\/\" \/>\n<meta property=\"og:site_name\" content=\"Marcelo Lopes\" \/>\n<meta property=\"article:publisher\" content=\"https:\/\/www.facebook.com\/sitedomarcelolopes\" \/>\n<meta property=\"article:published_time\" content=\"2022-08-25T19:00:37+00:00\" \/>\n<meta property=\"og:image\" content=\"https:\/\/marcelolopes.jor.br\/site\/wp-content\/uploads\/2022\/08\/emprego-e-renda.jpg\" \/>\n\t<meta property=\"og:image:width\" content=\"800\" \/>\n\t<meta property=\"og:image:height\" content=\"451\" \/>\n\t<meta property=\"og:image:type\" content=\"image\/jpeg\" \/>\n<meta name=\"author\" content=\"Marcelo Lopes\" \/>\n<meta name=\"twitter:card\" content=\"summary_large_image\" \/>\n<meta name=\"twitter:label1\" content=\"Escrito por\" \/>\n\t<meta name=\"twitter:data1\" content=\"Marcelo Lopes\" \/>\n\t<meta name=\"twitter:label2\" content=\"Est. tempo de leitura\" \/>\n\t<meta name=\"twitter:data2\" content=\"1 minuto\" \/>\n<script type=\"application\/ld+json\" class=\"yoast-schema-graph\">{\"@context\":\"https:\\\/\\\/schema.org\",\"@graph\":[{\"@type\":\"NewsArticle\",\"@id\":\"https:\\\/\\\/marcelolopes.jor.br\\\/site\\\/2022\\\/08\\\/25\\\/sine-tem-20-vagas-de-trabalho-para-quem-nao-tem-experiencia\\\/#article\",\"isPartOf\":{\"@id\":\"https:\\\/\\\/marcelolopes.jor.br\\\/site\\\/2022\\\/08\\\/25\\\/sine-tem-20-vagas-de-trabalho-para-quem-nao-tem-experiencia\\\/\"},\"author\":{\"name\":\"Marcelo Lopes\",\"@id\":\"https:\\\/\\\/marcelolopes.jor.br\\\/site\\\/#\\\/schema\\\/person\\\/3e7216a35c34d8fdf952b31da3d1f89f\"},\"headline\":\"Sine tem 20 vagas de trabalho para quem n\u00e3o tem experi\u00eancia\",\"datePublished\":\"2022-08-25T19:00:37+00:00\",\"mainEntityOfPage\":{\"@id\":\"https:\\\/\\\/marcelolopes.jor.br\\\/site\\\/2022\\\/08\\\/25\\\/sine-tem-20-vagas-de-trabalho-para-quem-nao-tem-experiencia\\\/\"},\"wordCount\":154,\"commentCount\":0,\"publisher\":{\"@id\":\"https:\\\/\\\/marcelolopes.jor.br\\\/site\\\/#organization\"},\"image\":{\"@id\":\"https:\\\/\\\/marcelolopes.jor.br\\\/site\\\/2022\\\/08\\\/25\\\/sine-tem-20-vagas-de-trabalho-para-quem-nao-tem-experiencia\\\/#primaryimage\"},\"thumbnailUrl\":\"https:\\\/\\\/marcelolopes.jor.br\\\/site\\\/wp-content\\\/uploads\\\/2022\\\/08\\\/emprego-e-renda.jpg\",\"keywords\":[\"emprego e renda\",\"oferta de emprego\",\"Sine Cataguases\",\"vagas de trabalho\"],\"articleSection\":[\"Not\u00edcias\"],\"inLanguage\":\"pt-BR\",\"potentialAction\":[{\"@type\":\"CommentAction\",\"name\":\"Comment\",\"target\":[\"https:\\\/\\\/marcelolopes.jor.br\\\/site\\\/2022\\\/08\\\/25\\\/sine-tem-20-vagas-de-trabalho-para-quem-nao-tem-experiencia\\\/#respond\"]}]},{\"@type\":\"WebPage\",\"@id\":\"https:\\\/\\\/marcelolopes.jor.br\\\/site\\\/2022\\\/08\\\/25\\\/sine-tem-20-vagas-de-trabalho-para-quem-nao-tem-experiencia\\\/\",\"url\":\"https:\\\/\\\/marcelolopes.jor.br\\\/site\\\/2022\\\/08\\\/25\\\/sine-tem-20-vagas-de-trabalho-para-quem-nao-tem-experiencia\\\/\",\"name\":\"Sine tem 20 vagas de trabalho para quem n\u00e3o tem experi\u00eancia\",\"isPartOf\":{\"@id\":\"https:\\\/\\\/marcelolopes.jor.br\\\/site\\\/#website\"},\"primaryImageOfPage\":{\"@id\":\"https:\\\/\\\/marcelolopes.jor.br\\\/site\\\/2022\\\/08\\\/25\\\/sine-tem-20-vagas-de-trabalho-para-quem-nao-tem-experiencia\\\/#primaryimage\"},\"image\":{\"@id\":\"https:\\\/\\\/marcelolopes.jor.br\\\/site\\\/2022\\\/08\\\/25\\\/sine-tem-20-vagas-de-trabalho-para-quem-nao-tem-experiencia\\\/#primaryimage\"},\"thumbnailUrl\":\"https:\\\/\\\/marcelolopes.jor.br\\\/site\\\/wp-content\\\/uploads\\\/2022\\\/08\\\/emprego-e-renda.jpg\",\"datePublished\":\"2022-08-25T19:00:37+00:00\",\"description\":\"Sine tem 20 vagas de trabalho para quem n\u00e3o tem experi\u00eancia. A \u00fanica exig\u00eancia \u00e9 que o interessado tenha o Ensino Fundamental.\",\"breadcrumb\":{\"@id\":\"https:\\\/\\\/marcelolopes.jor.br\\\/site\\\/2022\\\/08\\\/25\\\/sine-tem-20-vagas-de-trabalho-para-quem-nao-tem-experiencia\\\/#breadcrumb\"},\"inLanguage\":\"pt-BR\",\"potentialAction\":[{\"@type\":\"ReadAction\",\"target\":[\"https:\\\/\\\/marcelolopes.jor.br\\\/site\\\/2022\\\/08\\\/25\\\/sine-tem-20-vagas-de-trabalho-para-quem-nao-tem-experiencia\\\/\"]}]},{\"@type\":\"ImageObject\",\"inLanguage\":\"pt-BR\",\"@id\":\"https:\\\/\\\/marcelolopes.jor.br\\\/site\\\/2022\\\/08\\\/25\\\/sine-tem-20-vagas-de-trabalho-para-quem-nao-tem-experiencia\\\/#primaryimage\",\"url\":\"https:\\\/\\\/marcelolopes.jor.br\\\/site\\\/wp-content\\\/uploads\\\/2022\\\/08\\\/emprego-e-renda.jpg\",\"contentUrl\":\"https:\\\/\\\/marcelolopes.jor.br\\\/site\\\/wp-content\\\/uploads\\\/2022\\\/08\\\/emprego-e-renda.jpg\",\"width\":800,\"height\":451,\"caption\":\"Sine tem 20 vagas\"},{\"@type\":\"BreadcrumbList\",\"@id\":\"https:\\\/\\\/marcelolopes.jor.br\\\/site\\\/2022\\\/08\\\/25\\\/sine-tem-20-vagas-de-trabalho-para-quem-nao-tem-experiencia\\\/#breadcrumb\",\"itemListElement\":[{\"@type\":\"ListItem\",\"position\":1,\"name\":\"Home\",\"item\":\"https:\\\/\\\/marcelolopes.jor.br\\\/site\\\/\"},{\"@type\":\"ListItem\",\"position\":2,\"name\":\"Sine tem 20 vagas de trabalho para quem n\u00e3o tem experi\u00eancia\"}]},{\"@type\":\"WebSite\",\"@id\":\"https:\\\/\\\/marcelolopes.jor.br\\\/site\\\/#website\",\"url\":\"https:\\\/\\\/marcelolopes.jor.br\\\/site\\\/\",\"name\":\"Marcelo Lopes\",\"description\":\"Not\u00edcias de Cataguases e Regi\u00e3o\",\"publisher\":{\"@id\":\"https:\\\/\\\/marcelolopes.jor.br\\\/site\\\/#organization\"},\"potentialAction\":[{\"@type\":\"SearchAction\",\"target\":{\"@type\":\"EntryPoint\",\"urlTemplate\":\"https:\\\/\\\/marcelolopes.jor.br\\\/site\\\/?s={search_term_string}\"},\"query-input\":{\"@type\":\"PropertyValueSpecification\",\"valueRequired\":true,\"valueName\":\"search_term_string\"}}],\"inLanguage\":\"pt-BR\"},{\"@type\":\"Organization\",\"@id\":\"https:\\\/\\\/marcelolopes.jor.br\\\/site\\\/#organization\",\"name\":\"Site do Marcelo Lopes\",\"url\":\"https:\\\/\\\/marcelolopes.jor.br\\\/site\\\/\",\"logo\":{\"@type\":\"ImageObject\",\"inLanguage\":\"pt-BR\",\"@id\":\"https:\\\/\\\/marcelolopes.jor.br\\\/site\\\/#\\\/schema\\\/logo\\\/image\\\/\",\"url\":\"https:\\\/\\\/marcelolopes.jor.br\\\/site\\\/wp-content\\\/uploads\\\/2024\\\/11\\\/logo-1.png\",\"contentUrl\":\"https:\\\/\\\/marcelolopes.jor.br\\\/site\\\/wp-content\\\/uploads\\\/2024\\\/11\\\/logo-1.png\",\"width\":475,\"height\":80,\"caption\":\"Site do Marcelo Lopes\"},\"image\":{\"@id\":\"https:\\\/\\\/marcelolopes.jor.br\\\/site\\\/#\\\/schema\\\/logo\\\/image\\\/\"},\"sameAs\":[\"https:\\\/\\\/www.facebook.com\\\/sitedomarcelolopes\",\"https:\\\/\\\/www.instagram.com\\\/sitedomarcelolopes\\\/\",\"https:\\\/\\\/www.linkedin.com\\\/company\\\/site-do-marcelo-lopes\\\/\",\"https:\\\/\\\/www.youtube.com\\\/user\\\/marcelolopes957\"]},{\"@type\":\"Person\",\"@id\":\"https:\\\/\\\/marcelolopes.jor.br\\\/site\\\/#\\\/schema\\\/person\\\/3e7216a35c34d8fdf952b31da3d1f89f\",\"name\":\"Marcelo Lopes\",\"sameAs\":[\"http:\\\/\\\/www.marcelolopes.jor.br\"],\"url\":\"https:\\\/\\\/marcelolopes.jor.br\\\/site\\\/author\\\/marcelo\\\/\"}]}<\/script>\n<!-- \/ Yoast SEO plugin. -->","yoast_head_json":{"title":"Sine tem 20 vagas de trabalho para quem n\u00e3o tem experi\u00eancia","description":"Sine tem 20 vagas de trabalho para quem n\u00e3o tem experi\u00eancia. A \u00fanica exig\u00eancia \u00e9 que o interessado tenha o Ensino Fundamental.","robots":{"index":"index","follow":"follow","max-snippet":"max-snippet:-1","max-image-preview":"max-image-preview:large","max-video-preview":"max-video-preview:-1"},"canonical":"https:\/\/marcelolopes.jor.br\/site\/2022\/08\/25\/sine-tem-20-vagas-de-trabalho-para-quem-nao-tem-experiencia\/","og_locale":"pt_BR","og_type":"article","og_title":"Sine tem 20 vagas de trabalho para quem n\u00e3o tem experi\u00eancia","og_description":"Sine tem 20 vagas de trabalho para quem n\u00e3o tem experi\u00eancia. A \u00fanica exig\u00eancia \u00e9 que o interessado tenha o Ensino Fundamental.","og_url":"https:\/\/marcelolopes.jor.br\/site\/2022\/08\/25\/sine-tem-20-vagas-de-trabalho-para-quem-nao-tem-experiencia\/","og_site_name":"Marcelo Lopes","article_publisher":"https:\/\/www.facebook.com\/sitedomarcelolopes","article_published_time":"2022-08-25T19:00:37+00:00","og_image":[{"width":800,"height":451,"url":"https:\/\/marcelolopes.jor.br\/site\/wp-content\/uploads\/2022\/08\/emprego-e-renda.jpg","type":"image\/jpeg"}],"author":"Marcelo Lopes","twitter_card":"summary_large_image","twitter_misc":{"Escrito por":"Marcelo Lopes","Est. tempo de leitura":"1 minuto"},"schema":{"@context":"https:\/\/schema.org","@graph":[{"@type":"NewsArticle","@id":"https:\/\/marcelolopes.jor.br\/site\/2022\/08\/25\/sine-tem-20-vagas-de-trabalho-para-quem-nao-tem-experiencia\/#article","isPartOf":{"@id":"https:\/\/marcelolopes.jor.br\/site\/2022\/08\/25\/sine-tem-20-vagas-de-trabalho-para-quem-nao-tem-experiencia\/"},"author":{"name":"Marcelo Lopes","@id":"https:\/\/marcelolopes.jor.br\/site\/#\/schema\/person\/3e7216a35c34d8fdf952b31da3d1f89f"},"headline":"Sine tem 20 vagas de trabalho para quem n\u00e3o tem experi\u00eancia","datePublished":"2022-08-25T19:00:37+00:00","mainEntityOfPage":{"@id":"https:\/\/marcelolopes.jor.br\/site\/2022\/08\/25\/sine-tem-20-vagas-de-trabalho-para-quem-nao-tem-experiencia\/"},"wordCount":154,"commentCount":0,"publisher":{"@id":"https:\/\/marcelolopes.jor.br\/site\/#organization"},"image":{"@id":"https:\/\/marcelolopes.jor.br\/site\/2022\/08\/25\/sine-tem-20-vagas-de-trabalho-para-quem-nao-tem-experiencia\/#primaryimage"},"thumbnailUrl":"https:\/\/marcelolopes.jor.br\/site\/wp-content\/uploads\/2022\/08\/emprego-e-renda.jpg","keywords":["emprego e renda","oferta de emprego","Sine Cataguases","vagas de trabalho"],"articleSection":["Not\u00edcias"],"inLanguage":"pt-BR","potentialAction":[{"@type":"CommentAction","name":"Comment","target":["https:\/\/marcelolopes.jor.br\/site\/2022\/08\/25\/sine-tem-20-vagas-de-trabalho-para-quem-nao-tem-experiencia\/#respond"]}]},{"@type":"WebPage","@id":"https:\/\/marcelolopes.jor.br\/site\/2022\/08\/25\/sine-tem-20-vagas-de-trabalho-para-quem-nao-tem-experiencia\/","url":"https:\/\/marcelolopes.jor.br\/site\/2022\/08\/25\/sine-tem-20-vagas-de-trabalho-para-quem-nao-tem-experiencia\/","name":"Sine tem 20 vagas de trabalho para quem n\u00e3o tem experi\u00eancia","isPartOf":{"@id":"https:\/\/marcelolopes.jor.br\/site\/#website"},"primaryImageOfPage":{"@id":"https:\/\/marcelolopes.jor.br\/site\/2022\/08\/25\/sine-tem-20-vagas-de-trabalho-para-quem-nao-tem-experiencia\/#primaryimage"},"image":{"@id":"https:\/\/marcelolopes.jor.br\/site\/2022\/08\/25\/sine-tem-20-vagas-de-trabalho-para-quem-nao-tem-experiencia\/#primaryimage"},"thumbnailUrl":"https:\/\/marcelolopes.jor.br\/site\/wp-content\/uploads\/2022\/08\/emprego-e-renda.jpg","datePublished":"2022-08-25T19:00:37+00:00","description":"Sine tem 20 vagas de trabalho para quem n\u00e3o tem experi\u00eancia. A \u00fanica exig\u00eancia \u00e9 que o interessado tenha o Ensino Fundamental.","breadcrumb":{"@id":"https:\/\/marcelolopes.jor.br\/site\/2022\/08\/25\/sine-tem-20-vagas-de-trabalho-para-quem-nao-tem-experiencia\/#breadcrumb"},"inLanguage":"pt-BR","potentialAction":[{"@type":"ReadAction","target":["https:\/\/marcelolopes.jor.br\/site\/2022\/08\/25\/sine-tem-20-vagas-de-trabalho-para-quem-nao-tem-experiencia\/"]}]},{"@type":"ImageObject","inLanguage":"pt-BR","@id":"https:\/\/marcelolopes.jor.br\/site\/2022\/08\/25\/sine-tem-20-vagas-de-trabalho-para-quem-nao-tem-experiencia\/#primaryimage","url":"https:\/\/marcelolopes.jor.br\/site\/wp-content\/uploads\/2022\/08\/emprego-e-renda.jpg","contentUrl":"https:\/\/marcelolopes.jor.br\/site\/wp-content\/uploads\/2022\/08\/emprego-e-renda.jpg","width":800,"height":451,"caption":"Sine tem 20 vagas"},{"@type":"BreadcrumbList","@id":"https:\/\/marcelolopes.jor.br\/site\/2022\/08\/25\/sine-tem-20-vagas-de-trabalho-para-quem-nao-tem-experiencia\/#breadcrumb","itemListElement":[{"@type":"ListItem","position":1,"name":"Home","item":"https:\/\/marcelolopes.jor.br\/site\/"},{"@type":"ListItem","position":2,"name":"Sine tem 20 vagas de trabalho para quem n\u00e3o tem experi\u00eancia"}]},{"@type":"WebSite","@id":"https:\/\/marcelolopes.jor.br\/site\/#website","url":"https:\/\/marcelolopes.jor.br\/site\/","name":"Marcelo Lopes","description":"Not\u00edcias de Cataguases e Regi\u00e3o","publisher":{"@id":"https:\/\/marcelolopes.jor.br\/site\/#organization"},"potentialAction":[{"@type":"SearchAction","target":{"@type":"EntryPoint","urlTemplate":"https:\/\/marcelolopes.jor.br\/site\/?s={search_term_string}"},"query-input":{"@type":"PropertyValueSpecification","valueRequired":true,"valueName":"search_term_string"}}],"inLanguage":"pt-BR"},{"@type":"Organization","@id":"https:\/\/marcelolopes.jor.br\/site\/#organization","name":"Site do Marcelo Lopes","url":"https:\/\/marcelolopes.jor.br\/site\/","logo":{"@type":"ImageObject","inLanguage":"pt-BR","@id":"https:\/\/marcelolopes.jor.br\/site\/#\/schema\/logo\/image\/","url":"https:\/\/marcelolopes.jor.br\/site\/wp-content\/uploads\/2024\/11\/logo-1.png","contentUrl":"https:\/\/marcelolopes.jor.br\/site\/wp-content\/uploads\/2024\/11\/logo-1.png","width":475,"height":80,"caption":"Site do Marcelo Lopes"},"image":{"@id":"https:\/\/marcelolopes.jor.br\/site\/#\/schema\/logo\/image\/"},"sameAs":["https:\/\/www.facebook.com\/sitedomarcelolopes","https:\/\/www.instagram.com\/sitedomarcelolopes\/","https:\/\/www.linkedin.com\/company\/site-do-marcelo-lopes\/","https:\/\/www.youtube.com\/user\/marcelolopes957"]},{"@type":"Person","@id":"https:\/\/marcelolopes.jor.br\/site\/#\/schema\/person\/3e7216a35c34d8fdf952b31da3d1f89f","name":"Marcelo Lopes","sameAs":["http:\/\/www.marcelolopes.jor.br"],"url":"https:\/\/marcelolopes.jor.br\/site\/author\/marcelo\/"}]}},"wps_subtitle":"A \u00fanica exig\u00eancia \u00e9 que o interessado tenha o Ensino Fundamental.","_links":{"self":[{"href":"https:\/\/marcelolopes.jor.br\/site\/wp-json\/wp\/v2\/posts\/35377","targetHints":{"allow":["GET"]}}],"collection":[{"href":"https:\/\/marcelolopes.jor.br\/site\/wp-json\/wp\/v2\/posts"}],"about":[{"href":"https:\/\/marcelolopes.jor.br\/site\/wp-json\/wp\/v2\/types\/post"}],"author":[{"embeddable":true,"href":"https:\/\/marcelolopes.jor.br\/site\/wp-json\/wp\/v2\/users\/2"}],"replies":[{"embeddable":true,"href":"https:\/\/marcelolopes.jor.br\/site\/wp-json\/wp\/v2\/comments?post=35377"}],"version-history":[{"count":0,"href":"https:\/\/marcelolopes.jor.br\/site\/wp-json\/wp\/v2\/posts\/35377\/revisions"}],"wp:featuredmedia":[{"embeddable":true,"href":"https:\/\/marcelolopes.jor.br\/site\/wp-json\/wp\/v2\/media\/35378"}],"wp:attachment":[{"href":"https:\/\/marcelolopes.jor.br\/site\/wp-json\/wp\/v2\/media?parent=35377"}],"wp:term":[{"taxonomy":"category","embeddable":true,"href":"https:\/\/marcelolopes.jor.br\/site\/wp-json\/wp\/v2\/categories?post=35377"},{"taxonomy":"post_tag","embeddable":true,"href":"https:\/\/marcelolopes.jor.br\/site\/wp-json\/wp\/v2\/tags?post=35377"}],"curies":[{"name":"wp","href":"https:\/\/api.w.org\/{rel}","templated":true}]}}