{"id":35318,"date":"2022-08-22T20:00:42","date_gmt":"2022-08-22T23:00:42","guid":{"rendered":"https:\/\/marcelolopes.jor.br\/?p=35318"},"modified":"2022-08-23T08:58:37","modified_gmt":"2022-08-23T11:58:37","slug":"motociclista-morre-em-acidente-na-estrada-de-piacatuba","status":"publish","type":"post","link":"https:\/\/marcelolopes.jor.br\/site\/2022\/08\/22\/motociclista-morre-em-acidente-na-estrada-de-piacatuba\/","title":{"rendered":"Motociclista morre em acidente na estrada de Piacatuba"},"content":{"rendered":"<p style=\"text-align: justify;\">Um acidente envolvendo um Jeep Compass e uma moto Honda Bros deixou um motociclista morto na estrada que liga a BR-120 ao distrito leopoldinense de Piacatuba. O acidente ocorreu na tarde desta segunda-feira, 22 de agosto.<!--more--><\/p>\n<p><img loading=\"lazy\" decoding=\"async\" class=\"aligncenter wp-image-35325\" src=\"https:\/\/marcelolopes.jor.br\/site\/wp-content\/uploads\/2022\/08\/WhatsApp-Image-2022-08-22-at-22.55.19-300x175.jpeg\" alt=\"Motociclista morre em acidente\" width=\"700\" height=\"408\" srcset=\"https:\/\/marcelolopes.jor.br\/site\/wp-content\/uploads\/2022\/08\/WhatsApp-Image-2022-08-22-at-22.55.19-300x175.jpeg 300w, https:\/\/marcelolopes.jor.br\/site\/wp-content\/uploads\/2022\/08\/WhatsApp-Image-2022-08-22-at-22.55.19-768x447.jpeg 768w, https:\/\/marcelolopes.jor.br\/site\/wp-content\/uploads\/2022\/08\/WhatsApp-Image-2022-08-22-at-22.55.19.jpeg 900w\" sizes=\"auto, (max-width: 700px) 100vw, 700px\" \/><\/p>\n<p style=\"text-align: justify;\">De acordo com as informa\u00e7\u00f5es divulgadas pelo jornal O Vigilante Online, no interior do autom\u00f3vel estavam duas pessoas, que n\u00e3o se feriram. Na moto, apenas o condutor, que veio a \u00f3bito no local. O nome e a idade da v\u00edtima n\u00e3o foram informados.<\/p>\n<p style=\"text-align: justify;\">Corpo de Bombeiros, Pol\u00edcia Militar e Per\u00edcia T\u00e9cnica da Pol\u00edcia Civil foram acionados. O corpo de motociclista foi encaminhado para o Instituto M\u00e9dico Legal (IML) de Leopoldina e as causas do acidente ser\u00e3o investigadas pela Pol\u00edcia Civil.<\/p>\n<p style=\"text-align: justify;\">A Pol\u00edcia Militar tamb\u00e9m compareceu ao local para dar suporte ao atendimento. O tr\u00e2nsito foi controlado no local pelos militares e fluiu em meia pista durante o atendimento. A din\u00e2mica do acidente n\u00e3o foi informada.<\/p>\n<p style=\"text-align: justify;\"><strong>LEIA TAMB\u00c9M:<\/strong><br \/>\n<a href=\"https:\/\/marcelolopes.jor.br\/2021\/11\/20\/acidente-proximo-ao-trevo-de-piacatuba-deixa-dois-feridos-graves\/\"><strong><span style=\"color: #800000;\">Acidente pr\u00f3ximo ao trevo de Piacatuba deixa dois feridos graves<\/span><\/strong><\/a><br \/>\n<a href=\"https:\/\/marcelolopes.jor.br\/2021\/09\/05\/condutora-fica-presa-as-ferragens-em-acidente-na-estrada-de-piacatuba\/\"><strong><span style=\"color: #800000;\">Condutora fica presa \u00e0s ferragens em acidente na estrada de Piacatuba<\/span><\/strong><\/a><\/p>\n<p><img loading=\"lazy\" decoding=\"async\" class=\"aligncenter wp-image-35326\" src=\"https:\/\/marcelolopes.jor.br\/site\/wp-content\/uploads\/2022\/08\/WhatsApp-Image-2022-08-22-at-22.50.35-300x170.jpeg\" alt=\"Motociclista morre em acidente\" width=\"700\" height=\"396\" srcset=\"https:\/\/marcelolopes.jor.br\/site\/wp-content\/uploads\/2022\/08\/WhatsApp-Image-2022-08-22-at-22.50.35-300x170.jpeg 300w, https:\/\/marcelolopes.jor.br\/site\/wp-content\/uploads\/2022\/08\/WhatsApp-Image-2022-08-22-at-22.50.35-768x434.jpeg 768w, https:\/\/marcelolopes.jor.br\/site\/wp-content\/uploads\/2022\/08\/WhatsApp-Image-2022-08-22-at-22.50.35.jpeg 900w\" sizes=\"auto, (max-width: 700px) 100vw, 700px\" \/><\/p>\n<p>Fonte e foto: Jornal O Vigilante Online<\/p>\n<div class=\"xuyzr69f74f05482ad\" ><br><\/div><style type=\"text\/css\">\r\n@media screen and (min-width: 1201px) {\r\n.xuyzr69f74f05482ad {\r\ndisplay: block;\r\n}\r\n}\r\n@media screen and (min-width: 993px) and (max-width: 1200px) {\r\n.xuyzr69f74f05482ad {\r\ndisplay: block;\r\n}\r\n}\r\n@media screen and (min-width: 769px) and (max-width: 992px) {\r\n.xuyzr69f74f05482ad {\r\ndisplay: block;\r\n}\r\n}\r\n@media screen and (min-width: 768px) and (max-width: 768px) {\r\n.xuyzr69f74f05482ad {\r\ndisplay: block;\r\n}\r\n}\r\n@media screen and (max-width: 767px) {\r\n.xuyzr69f74f05482ad {\r\ndisplay: block;\r\n}\r\n}\r\n<\/style>\r\n<div class=\"pqlzi69f74f054e75d\" ><div id=\"div_destino\"><\/div>\r\n<script src=\"https:\/\/cdn.snsrsv.com\/sdk.js\"><\/script>\r\n<script >\r\n      new sdk(\"464030C30061EA8BE065000000000001\") \r\n          .appendTo(\"div_destino\")\r\n          .disableStyle(true) \r\n          .setCacheBusterMacro(\"%%CACHEBUSTER%%\")\r\n          .setSize(\"800\",\"214\")\r\n          .setClickMacro(\"%%CLICK_URL_ESC%%\") \r\n          .setReferrerUrlMacro(\"%%REFERRER_URL_ESC%%\") \r\n          .start(); \r\n<\/script><\/div><style type=\"text\/css\">\r\n@media screen and (min-width: 1201px) {\r\n.pqlzi69f74f054e75d {\r\ndisplay: block;\r\n}\r\n}\r\n@media screen and (min-width: 993px) and (max-width: 1200px) {\r\n.pqlzi69f74f054e75d {\r\ndisplay: block;\r\n}\r\n}\r\n@media screen and (min-width: 769px) and (max-width: 992px) {\r\n.pqlzi69f74f054e75d {\r\ndisplay: block;\r\n}\r\n}\r\n@media screen and (min-width: 768px) and (max-width: 768px) {\r\n.pqlzi69f74f054e75d {\r\ndisplay: block;\r\n}\r\n}\r\n@media screen and (max-width: 767px) {\r\n.pqlzi69f74f054e75d {\r\ndisplay: block;\r\n}\r\n}\r\n<\/style>\r\n","protected":false},"excerpt":{"rendered":"<p>Um acidente envolvendo um Jeep Compass e uma moto Honda Bros deixou um motociclista morto na estrada que liga a BR-120 ao distrito leopoldinense de Piacatuba. O acidente ocorreu na tarde desta segunda-feira, 22 de agosto.<\/p>\n","protected":false},"author":2,"featured_media":35319,"comment_status":"open","ping_status":"open","sticky":false,"template":"","format":"standard","meta":{"footnotes":""},"categories":[1],"tags":[124,2625,3709,117],"class_list":["post-35318","post","type-post","status-publish","format-standard","has-post-thumbnail","hentry","category-noticias","tag-acidente","tag-carro-e-moto","tag-estrada-piacatuba","tag-piacatuba","thumb-below-title"],"yoast_head":"<!-- This site is optimized with the Yoast SEO plugin v27.4 - https:\/\/yoast.com\/product\/yoast-seo-wordpress\/ -->\n<title>Motociclista morre em acidente na estrada de Piacatuba | Marcelo Lopes<\/title>\n<meta name=\"description\" content=\"Motociclista morre em acidente na estrada de Piacatuba. Colis\u00e3o entre carro e moto foi registrada na tarde desta segunda.\" \/>\n<meta name=\"robots\" content=\"index, follow, max-snippet:-1, max-image-preview:large, max-video-preview:-1\" \/>\n<link rel=\"canonical\" href=\"https:\/\/marcelolopes.jor.br\/site\/2022\/08\/22\/motociclista-morre-em-acidente-na-estrada-de-piacatuba\/\" \/>\n<meta property=\"og:locale\" content=\"pt_BR\" \/>\n<meta property=\"og:type\" content=\"article\" \/>\n<meta property=\"og:title\" content=\"Motociclista morre em acidente na estrada de Piacatuba | Marcelo Lopes\" \/>\n<meta property=\"og:description\" content=\"Motociclista morre em acidente na estrada de Piacatuba. Colis\u00e3o entre carro e moto foi registrada na tarde desta segunda.\" \/>\n<meta property=\"og:url\" content=\"https:\/\/marcelolopes.jor.br\/site\/2022\/08\/22\/motociclista-morre-em-acidente-na-estrada-de-piacatuba\/\" \/>\n<meta property=\"og:site_name\" content=\"Marcelo Lopes\" \/>\n<meta property=\"article:publisher\" content=\"https:\/\/www.facebook.com\/sitedomarcelolopes\" \/>\n<meta property=\"article:published_time\" content=\"2022-08-22T23:00:42+00:00\" \/>\n<meta property=\"article:modified_time\" content=\"2022-08-23T11:58:37+00:00\" \/>\n<meta property=\"og:image\" content=\"https:\/\/marcelolopes.jor.br\/site\/wp-content\/uploads\/2022\/08\/acidente-corpo-de-bombeiros.jpeg\" \/>\n\t<meta property=\"og:image:width\" content=\"851\" \/>\n\t<meta property=\"og:image:height\" content=\"467\" \/>\n\t<meta property=\"og:image:type\" content=\"image\/jpeg\" \/>\n<meta name=\"author\" content=\"Marcelo Lopes\" \/>\n<meta name=\"twitter:card\" content=\"summary_large_image\" \/>\n<meta name=\"twitter:label1\" content=\"Escrito por\" \/>\n\t<meta name=\"twitter:data1\" content=\"Marcelo Lopes\" \/>\n\t<meta name=\"twitter:label2\" content=\"Est. tempo de leitura\" \/>\n\t<meta name=\"twitter:data2\" content=\"1 minuto\" \/>\n<script type=\"application\/ld+json\" class=\"yoast-schema-graph\">{\"@context\":\"https:\\\/\\\/schema.org\",\"@graph\":[{\"@type\":\"NewsArticle\",\"@id\":\"https:\\\/\\\/marcelolopes.jor.br\\\/site\\\/2022\\\/08\\\/22\\\/motociclista-morre-em-acidente-na-estrada-de-piacatuba\\\/#article\",\"isPartOf\":{\"@id\":\"https:\\\/\\\/marcelolopes.jor.br\\\/site\\\/2022\\\/08\\\/22\\\/motociclista-morre-em-acidente-na-estrada-de-piacatuba\\\/\"},\"author\":{\"name\":\"Marcelo Lopes\",\"@id\":\"https:\\\/\\\/marcelolopes.jor.br\\\/site\\\/#\\\/schema\\\/person\\\/3e7216a35c34d8fdf952b31da3d1f89f\"},\"headline\":\"Motociclista morre em acidente na estrada de Piacatuba\",\"datePublished\":\"2022-08-22T23:00:42+00:00\",\"dateModified\":\"2022-08-23T11:58:37+00:00\",\"mainEntityOfPage\":{\"@id\":\"https:\\\/\\\/marcelolopes.jor.br\\\/site\\\/2022\\\/08\\\/22\\\/motociclista-morre-em-acidente-na-estrada-de-piacatuba\\\/\"},\"wordCount\":207,\"commentCount\":0,\"publisher\":{\"@id\":\"https:\\\/\\\/marcelolopes.jor.br\\\/site\\\/#organization\"},\"image\":{\"@id\":\"https:\\\/\\\/marcelolopes.jor.br\\\/site\\\/2022\\\/08\\\/22\\\/motociclista-morre-em-acidente-na-estrada-de-piacatuba\\\/#primaryimage\"},\"thumbnailUrl\":\"https:\\\/\\\/marcelolopes.jor.br\\\/site\\\/wp-content\\\/uploads\\\/2022\\\/08\\\/acidente-corpo-de-bombeiros.jpeg\",\"keywords\":[\"acidente\",\"carro e moto\",\"estrada Piacatuba\",\"Piacatuba\"],\"articleSection\":[\"Not\u00edcias\"],\"inLanguage\":\"pt-BR\",\"potentialAction\":[{\"@type\":\"CommentAction\",\"name\":\"Comment\",\"target\":[\"https:\\\/\\\/marcelolopes.jor.br\\\/site\\\/2022\\\/08\\\/22\\\/motociclista-morre-em-acidente-na-estrada-de-piacatuba\\\/#respond\"]}]},{\"@type\":\"WebPage\",\"@id\":\"https:\\\/\\\/marcelolopes.jor.br\\\/site\\\/2022\\\/08\\\/22\\\/motociclista-morre-em-acidente-na-estrada-de-piacatuba\\\/\",\"url\":\"https:\\\/\\\/marcelolopes.jor.br\\\/site\\\/2022\\\/08\\\/22\\\/motociclista-morre-em-acidente-na-estrada-de-piacatuba\\\/\",\"name\":\"Motociclista morre em acidente na estrada de Piacatuba | Marcelo Lopes\",\"isPartOf\":{\"@id\":\"https:\\\/\\\/marcelolopes.jor.br\\\/site\\\/#website\"},\"primaryImageOfPage\":{\"@id\":\"https:\\\/\\\/marcelolopes.jor.br\\\/site\\\/2022\\\/08\\\/22\\\/motociclista-morre-em-acidente-na-estrada-de-piacatuba\\\/#primaryimage\"},\"image\":{\"@id\":\"https:\\\/\\\/marcelolopes.jor.br\\\/site\\\/2022\\\/08\\\/22\\\/motociclista-morre-em-acidente-na-estrada-de-piacatuba\\\/#primaryimage\"},\"thumbnailUrl\":\"https:\\\/\\\/marcelolopes.jor.br\\\/site\\\/wp-content\\\/uploads\\\/2022\\\/08\\\/acidente-corpo-de-bombeiros.jpeg\",\"datePublished\":\"2022-08-22T23:00:42+00:00\",\"dateModified\":\"2022-08-23T11:58:37+00:00\",\"description\":\"Motociclista morre em acidente na estrada de Piacatuba. Colis\u00e3o entre carro e moto foi registrada na tarde desta segunda.\",\"breadcrumb\":{\"@id\":\"https:\\\/\\\/marcelolopes.jor.br\\\/site\\\/2022\\\/08\\\/22\\\/motociclista-morre-em-acidente-na-estrada-de-piacatuba\\\/#breadcrumb\"},\"inLanguage\":\"pt-BR\",\"potentialAction\":[{\"@type\":\"ReadAction\",\"target\":[\"https:\\\/\\\/marcelolopes.jor.br\\\/site\\\/2022\\\/08\\\/22\\\/motociclista-morre-em-acidente-na-estrada-de-piacatuba\\\/\"]}]},{\"@type\":\"ImageObject\",\"inLanguage\":\"pt-BR\",\"@id\":\"https:\\\/\\\/marcelolopes.jor.br\\\/site\\\/2022\\\/08\\\/22\\\/motociclista-morre-em-acidente-na-estrada-de-piacatuba\\\/#primaryimage\",\"url\":\"https:\\\/\\\/marcelolopes.jor.br\\\/site\\\/wp-content\\\/uploads\\\/2022\\\/08\\\/acidente-corpo-de-bombeiros.jpeg\",\"contentUrl\":\"https:\\\/\\\/marcelolopes.jor.br\\\/site\\\/wp-content\\\/uploads\\\/2022\\\/08\\\/acidente-corpo-de-bombeiros.jpeg\",\"width\":851,\"height\":467,\"caption\":\"Motociclista morre em acidente\"},{\"@type\":\"BreadcrumbList\",\"@id\":\"https:\\\/\\\/marcelolopes.jor.br\\\/site\\\/2022\\\/08\\\/22\\\/motociclista-morre-em-acidente-na-estrada-de-piacatuba\\\/#breadcrumb\",\"itemListElement\":[{\"@type\":\"ListItem\",\"position\":1,\"name\":\"Home\",\"item\":\"https:\\\/\\\/marcelolopes.jor.br\\\/site\\\/\"},{\"@type\":\"ListItem\",\"position\":2,\"name\":\"Motociclista morre em acidente na estrada de Piacatuba\"}]},{\"@type\":\"WebSite\",\"@id\":\"https:\\\/\\\/marcelolopes.jor.br\\\/site\\\/#website\",\"url\":\"https:\\\/\\\/marcelolopes.jor.br\\\/site\\\/\",\"name\":\"Marcelo Lopes\",\"description\":\"Not\u00edcias de Cataguases e Regi\u00e3o\",\"publisher\":{\"@id\":\"https:\\\/\\\/marcelolopes.jor.br\\\/site\\\/#organization\"},\"potentialAction\":[{\"@type\":\"SearchAction\",\"target\":{\"@type\":\"EntryPoint\",\"urlTemplate\":\"https:\\\/\\\/marcelolopes.jor.br\\\/site\\\/?s={search_term_string}\"},\"query-input\":{\"@type\":\"PropertyValueSpecification\",\"valueRequired\":true,\"valueName\":\"search_term_string\"}}],\"inLanguage\":\"pt-BR\"},{\"@type\":\"Organization\",\"@id\":\"https:\\\/\\\/marcelolopes.jor.br\\\/site\\\/#organization\",\"name\":\"Site do Marcelo Lopes\",\"url\":\"https:\\\/\\\/marcelolopes.jor.br\\\/site\\\/\",\"logo\":{\"@type\":\"ImageObject\",\"inLanguage\":\"pt-BR\",\"@id\":\"https:\\\/\\\/marcelolopes.jor.br\\\/site\\\/#\\\/schema\\\/logo\\\/image\\\/\",\"url\":\"https:\\\/\\\/marcelolopes.jor.br\\\/site\\\/wp-content\\\/uploads\\\/2024\\\/11\\\/logo-1.png\",\"contentUrl\":\"https:\\\/\\\/marcelolopes.jor.br\\\/site\\\/wp-content\\\/uploads\\\/2024\\\/11\\\/logo-1.png\",\"width\":475,\"height\":80,\"caption\":\"Site do Marcelo Lopes\"},\"image\":{\"@id\":\"https:\\\/\\\/marcelolopes.jor.br\\\/site\\\/#\\\/schema\\\/logo\\\/image\\\/\"},\"sameAs\":[\"https:\\\/\\\/www.facebook.com\\\/sitedomarcelolopes\",\"https:\\\/\\\/www.instagram.com\\\/sitedomarcelolopes\\\/\",\"https:\\\/\\\/www.linkedin.com\\\/company\\\/site-do-marcelo-lopes\\\/\",\"https:\\\/\\\/www.youtube.com\\\/user\\\/marcelolopes957\"]},{\"@type\":\"Person\",\"@id\":\"https:\\\/\\\/marcelolopes.jor.br\\\/site\\\/#\\\/schema\\\/person\\\/3e7216a35c34d8fdf952b31da3d1f89f\",\"name\":\"Marcelo Lopes\",\"sameAs\":[\"http:\\\/\\\/www.marcelolopes.jor.br\"],\"url\":\"https:\\\/\\\/marcelolopes.jor.br\\\/site\\\/author\\\/marcelo\\\/\"}]}<\/script>\n<!-- \/ Yoast SEO plugin. -->","yoast_head_json":{"title":"Motociclista morre em acidente na estrada de Piacatuba | Marcelo Lopes","description":"Motociclista morre em acidente na estrada de Piacatuba. Colis\u00e3o entre carro e moto foi registrada na tarde desta segunda.","robots":{"index":"index","follow":"follow","max-snippet":"max-snippet:-1","max-image-preview":"max-image-preview:large","max-video-preview":"max-video-preview:-1"},"canonical":"https:\/\/marcelolopes.jor.br\/site\/2022\/08\/22\/motociclista-morre-em-acidente-na-estrada-de-piacatuba\/","og_locale":"pt_BR","og_type":"article","og_title":"Motociclista morre em acidente na estrada de Piacatuba | Marcelo Lopes","og_description":"Motociclista morre em acidente na estrada de Piacatuba. Colis\u00e3o entre carro e moto foi registrada na tarde desta segunda.","og_url":"https:\/\/marcelolopes.jor.br\/site\/2022\/08\/22\/motociclista-morre-em-acidente-na-estrada-de-piacatuba\/","og_site_name":"Marcelo Lopes","article_publisher":"https:\/\/www.facebook.com\/sitedomarcelolopes","article_published_time":"2022-08-22T23:00:42+00:00","article_modified_time":"2022-08-23T11:58:37+00:00","og_image":[{"width":851,"height":467,"url":"https:\/\/marcelolopes.jor.br\/site\/wp-content\/uploads\/2022\/08\/acidente-corpo-de-bombeiros.jpeg","type":"image\/jpeg"}],"author":"Marcelo Lopes","twitter_card":"summary_large_image","twitter_misc":{"Escrito por":"Marcelo Lopes","Est. tempo de leitura":"1 minuto"},"schema":{"@context":"https:\/\/schema.org","@graph":[{"@type":"NewsArticle","@id":"https:\/\/marcelolopes.jor.br\/site\/2022\/08\/22\/motociclista-morre-em-acidente-na-estrada-de-piacatuba\/#article","isPartOf":{"@id":"https:\/\/marcelolopes.jor.br\/site\/2022\/08\/22\/motociclista-morre-em-acidente-na-estrada-de-piacatuba\/"},"author":{"name":"Marcelo Lopes","@id":"https:\/\/marcelolopes.jor.br\/site\/#\/schema\/person\/3e7216a35c34d8fdf952b31da3d1f89f"},"headline":"Motociclista morre em acidente na estrada de Piacatuba","datePublished":"2022-08-22T23:00:42+00:00","dateModified":"2022-08-23T11:58:37+00:00","mainEntityOfPage":{"@id":"https:\/\/marcelolopes.jor.br\/site\/2022\/08\/22\/motociclista-morre-em-acidente-na-estrada-de-piacatuba\/"},"wordCount":207,"commentCount":0,"publisher":{"@id":"https:\/\/marcelolopes.jor.br\/site\/#organization"},"image":{"@id":"https:\/\/marcelolopes.jor.br\/site\/2022\/08\/22\/motociclista-morre-em-acidente-na-estrada-de-piacatuba\/#primaryimage"},"thumbnailUrl":"https:\/\/marcelolopes.jor.br\/site\/wp-content\/uploads\/2022\/08\/acidente-corpo-de-bombeiros.jpeg","keywords":["acidente","carro e moto","estrada Piacatuba","Piacatuba"],"articleSection":["Not\u00edcias"],"inLanguage":"pt-BR","potentialAction":[{"@type":"CommentAction","name":"Comment","target":["https:\/\/marcelolopes.jor.br\/site\/2022\/08\/22\/motociclista-morre-em-acidente-na-estrada-de-piacatuba\/#respond"]}]},{"@type":"WebPage","@id":"https:\/\/marcelolopes.jor.br\/site\/2022\/08\/22\/motociclista-morre-em-acidente-na-estrada-de-piacatuba\/","url":"https:\/\/marcelolopes.jor.br\/site\/2022\/08\/22\/motociclista-morre-em-acidente-na-estrada-de-piacatuba\/","name":"Motociclista morre em acidente na estrada de Piacatuba | Marcelo Lopes","isPartOf":{"@id":"https:\/\/marcelolopes.jor.br\/site\/#website"},"primaryImageOfPage":{"@id":"https:\/\/marcelolopes.jor.br\/site\/2022\/08\/22\/motociclista-morre-em-acidente-na-estrada-de-piacatuba\/#primaryimage"},"image":{"@id":"https:\/\/marcelolopes.jor.br\/site\/2022\/08\/22\/motociclista-morre-em-acidente-na-estrada-de-piacatuba\/#primaryimage"},"thumbnailUrl":"https:\/\/marcelolopes.jor.br\/site\/wp-content\/uploads\/2022\/08\/acidente-corpo-de-bombeiros.jpeg","datePublished":"2022-08-22T23:00:42+00:00","dateModified":"2022-08-23T11:58:37+00:00","description":"Motociclista morre em acidente na estrada de Piacatuba. Colis\u00e3o entre carro e moto foi registrada na tarde desta segunda.","breadcrumb":{"@id":"https:\/\/marcelolopes.jor.br\/site\/2022\/08\/22\/motociclista-morre-em-acidente-na-estrada-de-piacatuba\/#breadcrumb"},"inLanguage":"pt-BR","potentialAction":[{"@type":"ReadAction","target":["https:\/\/marcelolopes.jor.br\/site\/2022\/08\/22\/motociclista-morre-em-acidente-na-estrada-de-piacatuba\/"]}]},{"@type":"ImageObject","inLanguage":"pt-BR","@id":"https:\/\/marcelolopes.jor.br\/site\/2022\/08\/22\/motociclista-morre-em-acidente-na-estrada-de-piacatuba\/#primaryimage","url":"https:\/\/marcelolopes.jor.br\/site\/wp-content\/uploads\/2022\/08\/acidente-corpo-de-bombeiros.jpeg","contentUrl":"https:\/\/marcelolopes.jor.br\/site\/wp-content\/uploads\/2022\/08\/acidente-corpo-de-bombeiros.jpeg","width":851,"height":467,"caption":"Motociclista morre em acidente"},{"@type":"BreadcrumbList","@id":"https:\/\/marcelolopes.jor.br\/site\/2022\/08\/22\/motociclista-morre-em-acidente-na-estrada-de-piacatuba\/#breadcrumb","itemListElement":[{"@type":"ListItem","position":1,"name":"Home","item":"https:\/\/marcelolopes.jor.br\/site\/"},{"@type":"ListItem","position":2,"name":"Motociclista morre em acidente na estrada de Piacatuba"}]},{"@type":"WebSite","@id":"https:\/\/marcelolopes.jor.br\/site\/#website","url":"https:\/\/marcelolopes.jor.br\/site\/","name":"Marcelo Lopes","description":"Not\u00edcias de Cataguases e Regi\u00e3o","publisher":{"@id":"https:\/\/marcelolopes.jor.br\/site\/#organization"},"potentialAction":[{"@type":"SearchAction","target":{"@type":"EntryPoint","urlTemplate":"https:\/\/marcelolopes.jor.br\/site\/?s={search_term_string}"},"query-input":{"@type":"PropertyValueSpecification","valueRequired":true,"valueName":"search_term_string"}}],"inLanguage":"pt-BR"},{"@type":"Organization","@id":"https:\/\/marcelolopes.jor.br\/site\/#organization","name":"Site do Marcelo Lopes","url":"https:\/\/marcelolopes.jor.br\/site\/","logo":{"@type":"ImageObject","inLanguage":"pt-BR","@id":"https:\/\/marcelolopes.jor.br\/site\/#\/schema\/logo\/image\/","url":"https:\/\/marcelolopes.jor.br\/site\/wp-content\/uploads\/2024\/11\/logo-1.png","contentUrl":"https:\/\/marcelolopes.jor.br\/site\/wp-content\/uploads\/2024\/11\/logo-1.png","width":475,"height":80,"caption":"Site do Marcelo Lopes"},"image":{"@id":"https:\/\/marcelolopes.jor.br\/site\/#\/schema\/logo\/image\/"},"sameAs":["https:\/\/www.facebook.com\/sitedomarcelolopes","https:\/\/www.instagram.com\/sitedomarcelolopes\/","https:\/\/www.linkedin.com\/company\/site-do-marcelo-lopes\/","https:\/\/www.youtube.com\/user\/marcelolopes957"]},{"@type":"Person","@id":"https:\/\/marcelolopes.jor.br\/site\/#\/schema\/person\/3e7216a35c34d8fdf952b31da3d1f89f","name":"Marcelo Lopes","sameAs":["http:\/\/www.marcelolopes.jor.br"],"url":"https:\/\/marcelolopes.jor.br\/site\/author\/marcelo\/"}]}},"wps_subtitle":"Colis\u00e3o entre carro e moto foi registrada na tarde desta segunda.","_links":{"self":[{"href":"https:\/\/marcelolopes.jor.br\/site\/wp-json\/wp\/v2\/posts\/35318","targetHints":{"allow":["GET"]}}],"collection":[{"href":"https:\/\/marcelolopes.jor.br\/site\/wp-json\/wp\/v2\/posts"}],"about":[{"href":"https:\/\/marcelolopes.jor.br\/site\/wp-json\/wp\/v2\/types\/post"}],"author":[{"embeddable":true,"href":"https:\/\/marcelolopes.jor.br\/site\/wp-json\/wp\/v2\/users\/2"}],"replies":[{"embeddable":true,"href":"https:\/\/marcelolopes.jor.br\/site\/wp-json\/wp\/v2\/comments?post=35318"}],"version-history":[{"count":0,"href":"https:\/\/marcelolopes.jor.br\/site\/wp-json\/wp\/v2\/posts\/35318\/revisions"}],"wp:featuredmedia":[{"embeddable":true,"href":"https:\/\/marcelolopes.jor.br\/site\/wp-json\/wp\/v2\/media\/35319"}],"wp:attachment":[{"href":"https:\/\/marcelolopes.jor.br\/site\/wp-json\/wp\/v2\/media?parent=35318"}],"wp:term":[{"taxonomy":"category","embeddable":true,"href":"https:\/\/marcelolopes.jor.br\/site\/wp-json\/wp\/v2\/categories?post=35318"},{"taxonomy":"post_tag","embeddable":true,"href":"https:\/\/marcelolopes.jor.br\/site\/wp-json\/wp\/v2\/tags?post=35318"}],"curies":[{"name":"wp","href":"https:\/\/api.w.org\/{rel}","templated":true}]}}