{"id":3531,"date":"2019-07-14T14:00:19","date_gmt":"2019-07-14T17:00:19","guid":{"rendered":"https:\/\/marcelolopes.jor.br\/?p=3531"},"modified":"2019-07-14T14:06:25","modified_gmt":"2019-07-14T17:06:25","slug":"taxista-e-assaltado-em-cataguases-na-noite-deste-sabado","status":"publish","type":"post","link":"https:\/\/marcelolopes.jor.br\/site\/2019\/07\/14\/taxista-e-assaltado-em-cataguases-na-noite-deste-sabado\/","title":{"rendered":"Taxista \u00e9 assaltado em Cataguases na noite deste s\u00e1bado"},"content":{"rendered":"<p style=\"text-align: justify;\">Um taxista de 36 anos de idade, foi assaltado na noite de s\u00e1bado, 13 de julho, em Cataguases. Segundo a Pol\u00edcia Militar (PM), ele estava parado no ponto da Pra\u00e7a Santa Rita, no Centro, quando dois indiv\u00edduos chegaram solicitando uma viagem at\u00e9 \u00e0 Vila Minalda.<!--more--><\/p>\n<p style=\"text-align: justify;\">Durante a viagem, j\u00e1 no meio do caminho, a dupla anunciou o assalto. Eles roubaram o celular da v\u00edtima, o carro e dinheiro, que n\u00e3o teve o valor divulgado.<\/p>\n<p style=\"text-align: justify;\">Ap\u00f3s den\u00fancias an\u00f4nimas, o carro do taxista foi recuperado na manh\u00e3 deste domingo (14). Segundo a PM, o ve\u00edculo estava abandonado no condom\u00ednio Cidade Nova, no Bairro Ibrahim, no meio do mato, com as portas abertas e a chave na igni\u00e7\u00e3o.<\/p>\n<p style=\"text-align: justify;\">At\u00e9 a publica\u00e7\u00e3o desta mat\u00e9ria a Pol\u00edcia n\u00e3o tinha divulgado informa\u00e7\u00f5es sobre prov\u00e1veis suspeitos. O caso ser\u00e1 investigado pela Pol\u00edcia Civil.<\/p>\n<p><em>Fonte: Pol\u00edcia Militar de Minas Gerais e G1 Zona da Mata<\/em><\/p>\n<div class=\"amqny69f74d3bb8b7f\" ><br><\/div><style type=\"text\/css\">\r\n@media screen and (min-width: 1201px) {\r\n.amqny69f74d3bb8b7f {\r\ndisplay: block;\r\n}\r\n}\r\n@media screen and (min-width: 993px) and (max-width: 1200px) {\r\n.amqny69f74d3bb8b7f {\r\ndisplay: block;\r\n}\r\n}\r\n@media screen and (min-width: 769px) and (max-width: 992px) {\r\n.amqny69f74d3bb8b7f {\r\ndisplay: block;\r\n}\r\n}\r\n@media screen and (min-width: 768px) and (max-width: 768px) {\r\n.amqny69f74d3bb8b7f {\r\ndisplay: block;\r\n}\r\n}\r\n@media screen and (max-width: 767px) {\r\n.amqny69f74d3bb8b7f {\r\ndisplay: block;\r\n}\r\n}\r\n<\/style>\r\n<div class=\"zqsfy69f74d3bc1325\" ><div id=\"div_destino\"><\/div>\r\n<script src=\"https:\/\/cdn.snsrsv.com\/sdk.js\"><\/script>\r\n<script >\r\n      new sdk(\"464030C30061EA8BE065000000000001\") \r\n          .appendTo(\"div_destino\")\r\n          .disableStyle(true) \r\n          .setCacheBusterMacro(\"%%CACHEBUSTER%%\")\r\n          .setSize(\"800\",\"214\")\r\n          .setClickMacro(\"%%CLICK_URL_ESC%%\") \r\n          .setReferrerUrlMacro(\"%%REFERRER_URL_ESC%%\") \r\n          .start(); \r\n<\/script><\/div><style type=\"text\/css\">\r\n@media screen and (min-width: 1201px) {\r\n.zqsfy69f74d3bc1325 {\r\ndisplay: block;\r\n}\r\n}\r\n@media screen and (min-width: 993px) and (max-width: 1200px) {\r\n.zqsfy69f74d3bc1325 {\r\ndisplay: block;\r\n}\r\n}\r\n@media screen and (min-width: 769px) and (max-width: 992px) {\r\n.zqsfy69f74d3bc1325 {\r\ndisplay: block;\r\n}\r\n}\r\n@media screen and (min-width: 768px) and (max-width: 768px) {\r\n.zqsfy69f74d3bc1325 {\r\ndisplay: block;\r\n}\r\n}\r\n@media screen and (max-width: 767px) {\r\n.zqsfy69f74d3bc1325 {\r\ndisplay: block;\r\n}\r\n}\r\n<\/style>\r\n","protected":false},"excerpt":{"rendered":"<p>Um taxista de 36 anos de idade, foi assaltado na noite de s\u00e1bado, 13 de julho, em Cataguases. Segundo a Pol\u00edcia Militar (PM), ele estava parado no ponto da Pra\u00e7a Santa Rita, no Centro, quando dois indiv\u00edduos chegaram solicitando uma<\/p>\n<p class=\"link-more\"><a class=\"more-link\" href=\"https:\/\/marcelolopes.jor.br\/site\/2019\/07\/14\/taxista-e-assaltado-em-cataguases-na-noite-deste-sabado\/\">Leia mais <span class=\"screen-reader-text\">Taxista \u00e9 assaltado em Cataguases na noite deste s\u00e1bado<\/span><\/a><\/p>\n","protected":false},"author":2,"featured_media":3533,"comment_status":"open","ping_status":"open","sticky":false,"template":"","format":"standard","meta":{"footnotes":""},"categories":[1],"tags":[106,328,91,92],"class_list":["post-3531","post","type-post","status-publish","format-standard","has-post-thumbnail","hentry","category-noticias","tag-assalto","tag-carro","tag-taxi","tag-taxista","thumb-below-title"],"yoast_head":"<!-- This site is optimized with the Yoast SEO plugin v27.4 - https:\/\/yoast.com\/product\/yoast-seo-wordpress\/ -->\n<title>Taxista \u00e9 assaltado em Cataguases na noite deste s\u00e1bado | Marcelo Lopes<\/title>\n<meta name=\"robots\" content=\"index, follow, max-snippet:-1, max-image-preview:large, max-video-preview:-1\" \/>\n<link rel=\"canonical\" href=\"https:\/\/marcelolopes.jor.br\/site\/2019\/07\/14\/taxista-e-assaltado-em-cataguases-na-noite-deste-sabado\/\" \/>\n<meta property=\"og:locale\" content=\"pt_BR\" \/>\n<meta property=\"og:type\" content=\"article\" \/>\n<meta property=\"og:title\" content=\"Taxista \u00e9 assaltado em Cataguases na noite deste s\u00e1bado | Marcelo Lopes\" \/>\n<meta property=\"og:description\" content=\"Um taxista de 36 anos de idade, foi assaltado na noite de s\u00e1bado, 13 de julho, em Cataguases. Segundo a Pol\u00edcia Militar (PM), ele estava parado no ponto da Pra\u00e7a Santa Rita, no Centro, quando dois indiv\u00edduos chegaram solicitando umaLeia mais Taxista \u00e9 assaltado em Cataguases na noite deste s\u00e1bado\" \/>\n<meta property=\"og:url\" content=\"https:\/\/marcelolopes.jor.br\/site\/2019\/07\/14\/taxista-e-assaltado-em-cataguases-na-noite-deste-sabado\/\" \/>\n<meta property=\"og:site_name\" content=\"Marcelo Lopes\" \/>\n<meta property=\"article:publisher\" content=\"https:\/\/www.facebook.com\/sitedomarcelolopes\" \/>\n<meta property=\"article:published_time\" content=\"2019-07-14T17:00:19+00:00\" \/>\n<meta property=\"article:modified_time\" content=\"2019-07-14T17:06:25+00:00\" \/>\n<meta property=\"og:image\" content=\"https:\/\/marcelolopes.jor.br\/site\/wp-content\/uploads\/2019\/07\/ASSALTO.jpg\" \/>\n\t<meta property=\"og:image:width\" content=\"801\" \/>\n\t<meta property=\"og:image:height\" content=\"601\" \/>\n\t<meta property=\"og:image:type\" content=\"image\/jpeg\" \/>\n<meta name=\"author\" content=\"Marcelo Lopes\" \/>\n<meta name=\"twitter:card\" content=\"summary_large_image\" \/>\n<meta name=\"twitter:label1\" content=\"Escrito por\" \/>\n\t<meta name=\"twitter:data1\" content=\"Marcelo Lopes\" \/>\n\t<meta name=\"twitter:label2\" content=\"Est. tempo de leitura\" \/>\n\t<meta name=\"twitter:data2\" content=\"1 minuto\" \/>\n<script type=\"application\/ld+json\" class=\"yoast-schema-graph\">{\"@context\":\"https:\\\/\\\/schema.org\",\"@graph\":[{\"@type\":\"NewsArticle\",\"@id\":\"https:\\\/\\\/marcelolopes.jor.br\\\/site\\\/2019\\\/07\\\/14\\\/taxista-e-assaltado-em-cataguases-na-noite-deste-sabado\\\/#article\",\"isPartOf\":{\"@id\":\"https:\\\/\\\/marcelolopes.jor.br\\\/site\\\/2019\\\/07\\\/14\\\/taxista-e-assaltado-em-cataguases-na-noite-deste-sabado\\\/\"},\"author\":{\"name\":\"Marcelo Lopes\",\"@id\":\"https:\\\/\\\/marcelolopes.jor.br\\\/site\\\/#\\\/schema\\\/person\\\/3e7216a35c34d8fdf952b31da3d1f89f\"},\"headline\":\"Taxista \u00e9 assaltado em Cataguases na noite deste s\u00e1bado\",\"datePublished\":\"2019-07-14T17:00:19+00:00\",\"dateModified\":\"2019-07-14T17:06:25+00:00\",\"mainEntityOfPage\":{\"@id\":\"https:\\\/\\\/marcelolopes.jor.br\\\/site\\\/2019\\\/07\\\/14\\\/taxista-e-assaltado-em-cataguases-na-noite-deste-sabado\\\/\"},\"wordCount\":172,\"commentCount\":0,\"publisher\":{\"@id\":\"https:\\\/\\\/marcelolopes.jor.br\\\/site\\\/#organization\"},\"image\":{\"@id\":\"https:\\\/\\\/marcelolopes.jor.br\\\/site\\\/2019\\\/07\\\/14\\\/taxista-e-assaltado-em-cataguases-na-noite-deste-sabado\\\/#primaryimage\"},\"thumbnailUrl\":\"https:\\\/\\\/marcelolopes.jor.br\\\/site\\\/wp-content\\\/uploads\\\/2019\\\/07\\\/ASSALTO.jpg\",\"keywords\":[\"assalto\",\"carro\",\"t\u00e1xi\",\"taxista\"],\"articleSection\":[\"Not\u00edcias\"],\"inLanguage\":\"pt-BR\",\"potentialAction\":[{\"@type\":\"CommentAction\",\"name\":\"Comment\",\"target\":[\"https:\\\/\\\/marcelolopes.jor.br\\\/site\\\/2019\\\/07\\\/14\\\/taxista-e-assaltado-em-cataguases-na-noite-deste-sabado\\\/#respond\"]}]},{\"@type\":\"WebPage\",\"@id\":\"https:\\\/\\\/marcelolopes.jor.br\\\/site\\\/2019\\\/07\\\/14\\\/taxista-e-assaltado-em-cataguases-na-noite-deste-sabado\\\/\",\"url\":\"https:\\\/\\\/marcelolopes.jor.br\\\/site\\\/2019\\\/07\\\/14\\\/taxista-e-assaltado-em-cataguases-na-noite-deste-sabado\\\/\",\"name\":\"Taxista \u00e9 assaltado em Cataguases na noite deste s\u00e1bado | Marcelo Lopes\",\"isPartOf\":{\"@id\":\"https:\\\/\\\/marcelolopes.jor.br\\\/site\\\/#website\"},\"primaryImageOfPage\":{\"@id\":\"https:\\\/\\\/marcelolopes.jor.br\\\/site\\\/2019\\\/07\\\/14\\\/taxista-e-assaltado-em-cataguases-na-noite-deste-sabado\\\/#primaryimage\"},\"image\":{\"@id\":\"https:\\\/\\\/marcelolopes.jor.br\\\/site\\\/2019\\\/07\\\/14\\\/taxista-e-assaltado-em-cataguases-na-noite-deste-sabado\\\/#primaryimage\"},\"thumbnailUrl\":\"https:\\\/\\\/marcelolopes.jor.br\\\/site\\\/wp-content\\\/uploads\\\/2019\\\/07\\\/ASSALTO.jpg\",\"datePublished\":\"2019-07-14T17:00:19+00:00\",\"dateModified\":\"2019-07-14T17:06:25+00:00\",\"breadcrumb\":{\"@id\":\"https:\\\/\\\/marcelolopes.jor.br\\\/site\\\/2019\\\/07\\\/14\\\/taxista-e-assaltado-em-cataguases-na-noite-deste-sabado\\\/#breadcrumb\"},\"inLanguage\":\"pt-BR\",\"potentialAction\":[{\"@type\":\"ReadAction\",\"target\":[\"https:\\\/\\\/marcelolopes.jor.br\\\/site\\\/2019\\\/07\\\/14\\\/taxista-e-assaltado-em-cataguases-na-noite-deste-sabado\\\/\"]}]},{\"@type\":\"ImageObject\",\"inLanguage\":\"pt-BR\",\"@id\":\"https:\\\/\\\/marcelolopes.jor.br\\\/site\\\/2019\\\/07\\\/14\\\/taxista-e-assaltado-em-cataguases-na-noite-deste-sabado\\\/#primaryimage\",\"url\":\"https:\\\/\\\/marcelolopes.jor.br\\\/site\\\/wp-content\\\/uploads\\\/2019\\\/07\\\/ASSALTO.jpg\",\"contentUrl\":\"https:\\\/\\\/marcelolopes.jor.br\\\/site\\\/wp-content\\\/uploads\\\/2019\\\/07\\\/ASSALTO.jpg\",\"width\":801,\"height\":601},{\"@type\":\"BreadcrumbList\",\"@id\":\"https:\\\/\\\/marcelolopes.jor.br\\\/site\\\/2019\\\/07\\\/14\\\/taxista-e-assaltado-em-cataguases-na-noite-deste-sabado\\\/#breadcrumb\",\"itemListElement\":[{\"@type\":\"ListItem\",\"position\":1,\"name\":\"Home\",\"item\":\"https:\\\/\\\/marcelolopes.jor.br\\\/site\\\/\"},{\"@type\":\"ListItem\",\"position\":2,\"name\":\"Taxista \u00e9 assaltado em Cataguases na noite deste s\u00e1bado\"}]},{\"@type\":\"WebSite\",\"@id\":\"https:\\\/\\\/marcelolopes.jor.br\\\/site\\\/#website\",\"url\":\"https:\\\/\\\/marcelolopes.jor.br\\\/site\\\/\",\"name\":\"Marcelo Lopes\",\"description\":\"Not\u00edcias de Cataguases e Regi\u00e3o\",\"publisher\":{\"@id\":\"https:\\\/\\\/marcelolopes.jor.br\\\/site\\\/#organization\"},\"potentialAction\":[{\"@type\":\"SearchAction\",\"target\":{\"@type\":\"EntryPoint\",\"urlTemplate\":\"https:\\\/\\\/marcelolopes.jor.br\\\/site\\\/?s={search_term_string}\"},\"query-input\":{\"@type\":\"PropertyValueSpecification\",\"valueRequired\":true,\"valueName\":\"search_term_string\"}}],\"inLanguage\":\"pt-BR\"},{\"@type\":\"Organization\",\"@id\":\"https:\\\/\\\/marcelolopes.jor.br\\\/site\\\/#organization\",\"name\":\"Site do Marcelo Lopes\",\"url\":\"https:\\\/\\\/marcelolopes.jor.br\\\/site\\\/\",\"logo\":{\"@type\":\"ImageObject\",\"inLanguage\":\"pt-BR\",\"@id\":\"https:\\\/\\\/marcelolopes.jor.br\\\/site\\\/#\\\/schema\\\/logo\\\/image\\\/\",\"url\":\"https:\\\/\\\/marcelolopes.jor.br\\\/site\\\/wp-content\\\/uploads\\\/2024\\\/11\\\/logo-1.png\",\"contentUrl\":\"https:\\\/\\\/marcelolopes.jor.br\\\/site\\\/wp-content\\\/uploads\\\/2024\\\/11\\\/logo-1.png\",\"width\":475,\"height\":80,\"caption\":\"Site do Marcelo Lopes\"},\"image\":{\"@id\":\"https:\\\/\\\/marcelolopes.jor.br\\\/site\\\/#\\\/schema\\\/logo\\\/image\\\/\"},\"sameAs\":[\"https:\\\/\\\/www.facebook.com\\\/sitedomarcelolopes\",\"https:\\\/\\\/www.instagram.com\\\/sitedomarcelolopes\\\/\",\"https:\\\/\\\/www.linkedin.com\\\/company\\\/site-do-marcelo-lopes\\\/\",\"https:\\\/\\\/www.youtube.com\\\/user\\\/marcelolopes957\"]},{\"@type\":\"Person\",\"@id\":\"https:\\\/\\\/marcelolopes.jor.br\\\/site\\\/#\\\/schema\\\/person\\\/3e7216a35c34d8fdf952b31da3d1f89f\",\"name\":\"Marcelo Lopes\",\"sameAs\":[\"http:\\\/\\\/www.marcelolopes.jor.br\"],\"url\":\"https:\\\/\\\/marcelolopes.jor.br\\\/site\\\/author\\\/marcelo\\\/\"}]}<\/script>\n<!-- \/ Yoast SEO plugin. -->","yoast_head_json":{"title":"Taxista \u00e9 assaltado em Cataguases na noite deste s\u00e1bado | Marcelo Lopes","robots":{"index":"index","follow":"follow","max-snippet":"max-snippet:-1","max-image-preview":"max-image-preview:large","max-video-preview":"max-video-preview:-1"},"canonical":"https:\/\/marcelolopes.jor.br\/site\/2019\/07\/14\/taxista-e-assaltado-em-cataguases-na-noite-deste-sabado\/","og_locale":"pt_BR","og_type":"article","og_title":"Taxista \u00e9 assaltado em Cataguases na noite deste s\u00e1bado | Marcelo Lopes","og_description":"Um taxista de 36 anos de idade, foi assaltado na noite de s\u00e1bado, 13 de julho, em Cataguases. Segundo a Pol\u00edcia Militar (PM), ele estava parado no ponto da Pra\u00e7a Santa Rita, no Centro, quando dois indiv\u00edduos chegaram solicitando umaLeia mais Taxista \u00e9 assaltado em Cataguases na noite deste s\u00e1bado","og_url":"https:\/\/marcelolopes.jor.br\/site\/2019\/07\/14\/taxista-e-assaltado-em-cataguases-na-noite-deste-sabado\/","og_site_name":"Marcelo Lopes","article_publisher":"https:\/\/www.facebook.com\/sitedomarcelolopes","article_published_time":"2019-07-14T17:00:19+00:00","article_modified_time":"2019-07-14T17:06:25+00:00","og_image":[{"width":801,"height":601,"url":"https:\/\/marcelolopes.jor.br\/site\/wp-content\/uploads\/2019\/07\/ASSALTO.jpg","type":"image\/jpeg"}],"author":"Marcelo Lopes","twitter_card":"summary_large_image","twitter_misc":{"Escrito por":"Marcelo Lopes","Est. tempo de leitura":"1 minuto"},"schema":{"@context":"https:\/\/schema.org","@graph":[{"@type":"NewsArticle","@id":"https:\/\/marcelolopes.jor.br\/site\/2019\/07\/14\/taxista-e-assaltado-em-cataguases-na-noite-deste-sabado\/#article","isPartOf":{"@id":"https:\/\/marcelolopes.jor.br\/site\/2019\/07\/14\/taxista-e-assaltado-em-cataguases-na-noite-deste-sabado\/"},"author":{"name":"Marcelo Lopes","@id":"https:\/\/marcelolopes.jor.br\/site\/#\/schema\/person\/3e7216a35c34d8fdf952b31da3d1f89f"},"headline":"Taxista \u00e9 assaltado em Cataguases na noite deste s\u00e1bado","datePublished":"2019-07-14T17:00:19+00:00","dateModified":"2019-07-14T17:06:25+00:00","mainEntityOfPage":{"@id":"https:\/\/marcelolopes.jor.br\/site\/2019\/07\/14\/taxista-e-assaltado-em-cataguases-na-noite-deste-sabado\/"},"wordCount":172,"commentCount":0,"publisher":{"@id":"https:\/\/marcelolopes.jor.br\/site\/#organization"},"image":{"@id":"https:\/\/marcelolopes.jor.br\/site\/2019\/07\/14\/taxista-e-assaltado-em-cataguases-na-noite-deste-sabado\/#primaryimage"},"thumbnailUrl":"https:\/\/marcelolopes.jor.br\/site\/wp-content\/uploads\/2019\/07\/ASSALTO.jpg","keywords":["assalto","carro","t\u00e1xi","taxista"],"articleSection":["Not\u00edcias"],"inLanguage":"pt-BR","potentialAction":[{"@type":"CommentAction","name":"Comment","target":["https:\/\/marcelolopes.jor.br\/site\/2019\/07\/14\/taxista-e-assaltado-em-cataguases-na-noite-deste-sabado\/#respond"]}]},{"@type":"WebPage","@id":"https:\/\/marcelolopes.jor.br\/site\/2019\/07\/14\/taxista-e-assaltado-em-cataguases-na-noite-deste-sabado\/","url":"https:\/\/marcelolopes.jor.br\/site\/2019\/07\/14\/taxista-e-assaltado-em-cataguases-na-noite-deste-sabado\/","name":"Taxista \u00e9 assaltado em Cataguases na noite deste s\u00e1bado | Marcelo Lopes","isPartOf":{"@id":"https:\/\/marcelolopes.jor.br\/site\/#website"},"primaryImageOfPage":{"@id":"https:\/\/marcelolopes.jor.br\/site\/2019\/07\/14\/taxista-e-assaltado-em-cataguases-na-noite-deste-sabado\/#primaryimage"},"image":{"@id":"https:\/\/marcelolopes.jor.br\/site\/2019\/07\/14\/taxista-e-assaltado-em-cataguases-na-noite-deste-sabado\/#primaryimage"},"thumbnailUrl":"https:\/\/marcelolopes.jor.br\/site\/wp-content\/uploads\/2019\/07\/ASSALTO.jpg","datePublished":"2019-07-14T17:00:19+00:00","dateModified":"2019-07-14T17:06:25+00:00","breadcrumb":{"@id":"https:\/\/marcelolopes.jor.br\/site\/2019\/07\/14\/taxista-e-assaltado-em-cataguases-na-noite-deste-sabado\/#breadcrumb"},"inLanguage":"pt-BR","potentialAction":[{"@type":"ReadAction","target":["https:\/\/marcelolopes.jor.br\/site\/2019\/07\/14\/taxista-e-assaltado-em-cataguases-na-noite-deste-sabado\/"]}]},{"@type":"ImageObject","inLanguage":"pt-BR","@id":"https:\/\/marcelolopes.jor.br\/site\/2019\/07\/14\/taxista-e-assaltado-em-cataguases-na-noite-deste-sabado\/#primaryimage","url":"https:\/\/marcelolopes.jor.br\/site\/wp-content\/uploads\/2019\/07\/ASSALTO.jpg","contentUrl":"https:\/\/marcelolopes.jor.br\/site\/wp-content\/uploads\/2019\/07\/ASSALTO.jpg","width":801,"height":601},{"@type":"BreadcrumbList","@id":"https:\/\/marcelolopes.jor.br\/site\/2019\/07\/14\/taxista-e-assaltado-em-cataguases-na-noite-deste-sabado\/#breadcrumb","itemListElement":[{"@type":"ListItem","position":1,"name":"Home","item":"https:\/\/marcelolopes.jor.br\/site\/"},{"@type":"ListItem","position":2,"name":"Taxista \u00e9 assaltado em Cataguases na noite deste s\u00e1bado"}]},{"@type":"WebSite","@id":"https:\/\/marcelolopes.jor.br\/site\/#website","url":"https:\/\/marcelolopes.jor.br\/site\/","name":"Marcelo Lopes","description":"Not\u00edcias de Cataguases e Regi\u00e3o","publisher":{"@id":"https:\/\/marcelolopes.jor.br\/site\/#organization"},"potentialAction":[{"@type":"SearchAction","target":{"@type":"EntryPoint","urlTemplate":"https:\/\/marcelolopes.jor.br\/site\/?s={search_term_string}"},"query-input":{"@type":"PropertyValueSpecification","valueRequired":true,"valueName":"search_term_string"}}],"inLanguage":"pt-BR"},{"@type":"Organization","@id":"https:\/\/marcelolopes.jor.br\/site\/#organization","name":"Site do Marcelo Lopes","url":"https:\/\/marcelolopes.jor.br\/site\/","logo":{"@type":"ImageObject","inLanguage":"pt-BR","@id":"https:\/\/marcelolopes.jor.br\/site\/#\/schema\/logo\/image\/","url":"https:\/\/marcelolopes.jor.br\/site\/wp-content\/uploads\/2024\/11\/logo-1.png","contentUrl":"https:\/\/marcelolopes.jor.br\/site\/wp-content\/uploads\/2024\/11\/logo-1.png","width":475,"height":80,"caption":"Site do Marcelo Lopes"},"image":{"@id":"https:\/\/marcelolopes.jor.br\/site\/#\/schema\/logo\/image\/"},"sameAs":["https:\/\/www.facebook.com\/sitedomarcelolopes","https:\/\/www.instagram.com\/sitedomarcelolopes\/","https:\/\/www.linkedin.com\/company\/site-do-marcelo-lopes\/","https:\/\/www.youtube.com\/user\/marcelolopes957"]},{"@type":"Person","@id":"https:\/\/marcelolopes.jor.br\/site\/#\/schema\/person\/3e7216a35c34d8fdf952b31da3d1f89f","name":"Marcelo Lopes","sameAs":["http:\/\/www.marcelolopes.jor.br"],"url":"https:\/\/marcelolopes.jor.br\/site\/author\/marcelo\/"}]}},"wps_subtitle":"Carro foi encontrado nesta manh\u00e3, no Bairro Ibrahim Mendon\u00e7a, com a chave na igni\u00e7\u00e3o.","_links":{"self":[{"href":"https:\/\/marcelolopes.jor.br\/site\/wp-json\/wp\/v2\/posts\/3531","targetHints":{"allow":["GET"]}}],"collection":[{"href":"https:\/\/marcelolopes.jor.br\/site\/wp-json\/wp\/v2\/posts"}],"about":[{"href":"https:\/\/marcelolopes.jor.br\/site\/wp-json\/wp\/v2\/types\/post"}],"author":[{"embeddable":true,"href":"https:\/\/marcelolopes.jor.br\/site\/wp-json\/wp\/v2\/users\/2"}],"replies":[{"embeddable":true,"href":"https:\/\/marcelolopes.jor.br\/site\/wp-json\/wp\/v2\/comments?post=3531"}],"version-history":[{"count":0,"href":"https:\/\/marcelolopes.jor.br\/site\/wp-json\/wp\/v2\/posts\/3531\/revisions"}],"wp:featuredmedia":[{"embeddable":true,"href":"https:\/\/marcelolopes.jor.br\/site\/wp-json\/wp\/v2\/media\/3533"}],"wp:attachment":[{"href":"https:\/\/marcelolopes.jor.br\/site\/wp-json\/wp\/v2\/media?parent=3531"}],"wp:term":[{"taxonomy":"category","embeddable":true,"href":"https:\/\/marcelolopes.jor.br\/site\/wp-json\/wp\/v2\/categories?post=3531"},{"taxonomy":"post_tag","embeddable":true,"href":"https:\/\/marcelolopes.jor.br\/site\/wp-json\/wp\/v2\/tags?post=3531"}],"curies":[{"name":"wp","href":"https:\/\/api.w.org\/{rel}","templated":true}]}}