{"id":35230,"date":"2022-08-18T12:00:13","date_gmt":"2022-08-18T15:00:13","guid":{"rendered":"https:\/\/marcelolopes.jor.br\/?p=35230"},"modified":"2022-08-18T10:25:50","modified_gmt":"2022-08-18T13:25:50","slug":"mpmg-divulga-lista-de-criminosos-procurados-pela-justica","status":"publish","type":"post","link":"https:\/\/marcelolopes.jor.br\/site\/2022\/08\/18\/mpmg-divulga-lista-de-criminosos-procurados-pela-justica\/","title":{"rendered":"MPMG divulga lista de criminosos procurados pela Justi\u00e7a"},"content":{"rendered":"<p style=\"text-align: justify;\">O Minist\u00e9rio P\u00fablico de Minas Gerais (MPMG) divulgou, nesta quarta-feira, 17 de agosto, a lista dos criminosos mais procurados de Minas Gerais. Ao todo, s\u00e3o 16 autores de crimes como o de estupro, tr\u00e1fico de drogas, homic\u00eddio, feminic\u00eddio, furto e roubo que est\u00e3o com a pris\u00e3o em aberto.<!--more--><\/p>\n<p style=\"text-align: justify;\">A iniciativa faz parte do projeto MPMG Busca, iniciado em 2021, que consiste em esfor\u00e7o interinstitucional coordenado pelo Centro de Apoio Operacional das Promotorias Criminais (Caocrim), com o objetivo de dar cumprimento a mandados de pris\u00e3o em aberto.<\/p>\n<p style=\"text-align: justify;\">Os alvos foram selecionados mediante consulta aos promotores de Justi\u00e7a Criminais, que fizeram pedido de apoio para cumprimento de mandados de pris\u00e3o de condenados ou foragidos considerados priorit\u00e1rios em raz\u00e3o das particularidades locais (repercuss\u00e3o social, gravidade da conduta, reitera\u00e7\u00e3o delitiva etc).<\/p>\n<p style=\"text-align: justify;\">Atualmente os procurados em todo o pa\u00eds foram condenados nas comarcas de Alfenas, Araguari, Belo Horizonte, Buritis, Espinosa, Carmo do Cajuru, Cataguases, Concei\u00e7\u00e3o das Alagoas, Frutal, Jana\u00faba, Jo\u00e3o Pinheiro e Novo Cruzeiro. Atuam nas buscas institui\u00e7\u00f5es p\u00fablicas parceiras do MPMG.<\/p>\n<h4 style=\"text-align: justify;\">Denuncie<\/h4>\n<p style=\"text-align: justify;\">Quem tiver informa\u00e7\u00f5es sobre a localiza\u00e7\u00e3o dos procurados pode fazer sua den\u00fancia sigilosa \u00e0 Ouvidoria do Minist\u00e9rio P\u00fablico de Minas Gerais pelos telefones 127 e (31) 3330-9504 ou pela <a href=\"https:\/\/aplicacao.mpmg.mp.br\/ouvidoria\/service\/ouvidoria\"><strong><span style=\"color: #800000;\">p\u00e1gina da Ouvidoria no portal do MPMG<\/span><\/strong><\/a>.<\/p>\n<p style=\"text-align: justify;\"><strong>LEIA TAMB\u00c9M<\/strong><br \/>\n<a href=\"https:\/\/marcelolopes.jor.br\/2021\/07\/12\/mpmg-ajuiza-acao-contra-casal-que-recebeu-3-doses-de-vacina-em-rio-novo\/\"><strong><span style=\"color: #800000;\">MPMG ajuiza a\u00e7\u00e3o contra casal que recebeu 3 doses de vacina em Rio Novo<\/span><\/strong><\/a><br \/>\n<a href=\"https:\/\/marcelolopes.jor.br\/2021\/07\/30\/mpmg-recomenda-veto-a-projeto-que-da-gratificacao-a-vereadores-de-muriae\/\"><strong><span style=\"color: #800000;\">MPMG recomenda veto a projeto que d\u00e1 gratifica\u00e7\u00e3o a vereadores de Muria\u00e9<\/span><\/strong><\/a><\/p>\n<p><img loading=\"lazy\" decoding=\"async\" class=\"aligncenter wp-image-35231\" src=\"https:\/\/marcelolopes.jor.br\/site\/wp-content\/uploads\/2022\/08\/MPMG-Busca-procurados_page-0001-1448x2048-1-212x300.webp\" alt=\"MPMG divulga lista de\" width=\"700\" height=\"990\" srcset=\"https:\/\/marcelolopes.jor.br\/site\/wp-content\/uploads\/2022\/08\/MPMG-Busca-procurados_page-0001-1448x2048-1-212x300.webp 212w, https:\/\/marcelolopes.jor.br\/site\/wp-content\/uploads\/2022\/08\/MPMG-Busca-procurados_page-0001-1448x2048-1-724x1024.webp 724w, https:\/\/marcelolopes.jor.br\/site\/wp-content\/uploads\/2022\/08\/MPMG-Busca-procurados_page-0001-1448x2048-1-768x1086.webp 768w, https:\/\/marcelolopes.jor.br\/site\/wp-content\/uploads\/2022\/08\/MPMG-Busca-procurados_page-0001-1448x2048-1-1086x1536.webp 1086w, https:\/\/marcelolopes.jor.br\/site\/wp-content\/uploads\/2022\/08\/MPMG-Busca-procurados_page-0001-1448x2048-1-848x1200.webp 848w, https:\/\/marcelolopes.jor.br\/site\/wp-content\/uploads\/2022\/08\/MPMG-Busca-procurados_page-0001-1448x2048-1.webp 1448w\" sizes=\"auto, (max-width: 700px) 100vw, 700px\" \/><\/p>\n<p style=\"text-align: justify;\">Fonte e foto: MPMG<\/p>\n<div class=\"clfmz69f5db4ebe64f\" ><br><\/div><style type=\"text\/css\">\r\n@media screen and (min-width: 1201px) {\r\n.clfmz69f5db4ebe64f {\r\ndisplay: block;\r\n}\r\n}\r\n@media screen and (min-width: 993px) and (max-width: 1200px) {\r\n.clfmz69f5db4ebe64f {\r\ndisplay: block;\r\n}\r\n}\r\n@media screen and (min-width: 769px) and (max-width: 992px) {\r\n.clfmz69f5db4ebe64f {\r\ndisplay: block;\r\n}\r\n}\r\n@media screen and (min-width: 768px) and (max-width: 768px) {\r\n.clfmz69f5db4ebe64f {\r\ndisplay: block;\r\n}\r\n}\r\n@media screen and (max-width: 767px) {\r\n.clfmz69f5db4ebe64f {\r\ndisplay: block;\r\n}\r\n}\r\n<\/style>\r\n<div class=\"mtoca69f5db4ec5b74\" ><div id=\"div_destino\"><\/div>\r\n<script src=\"https:\/\/cdn.snsrsv.com\/sdk.js\"><\/script>\r\n<script >\r\n      new sdk(\"464030C30061EA8BE065000000000001\") \r\n          .appendTo(\"div_destino\")\r\n          .disableStyle(true) \r\n          .setCacheBusterMacro(\"%%CACHEBUSTER%%\")\r\n          .setSize(\"800\",\"214\")\r\n          .setClickMacro(\"%%CLICK_URL_ESC%%\") \r\n          .setReferrerUrlMacro(\"%%REFERRER_URL_ESC%%\") \r\n          .start(); \r\n<\/script><\/div><style type=\"text\/css\">\r\n@media screen and (min-width: 1201px) {\r\n.mtoca69f5db4ec5b74 {\r\ndisplay: block;\r\n}\r\n}\r\n@media screen and (min-width: 993px) and (max-width: 1200px) {\r\n.mtoca69f5db4ec5b74 {\r\ndisplay: block;\r\n}\r\n}\r\n@media screen and (min-width: 769px) and (max-width: 992px) {\r\n.mtoca69f5db4ec5b74 {\r\ndisplay: block;\r\n}\r\n}\r\n@media screen and (min-width: 768px) and (max-width: 768px) {\r\n.mtoca69f5db4ec5b74 {\r\ndisplay: block;\r\n}\r\n}\r\n@media screen and (max-width: 767px) {\r\n.mtoca69f5db4ec5b74 {\r\ndisplay: block;\r\n}\r\n}\r\n<\/style>\r\n","protected":false},"excerpt":{"rendered":"<p>O Minist\u00e9rio P\u00fablico de Minas Gerais (MPMG) divulgou, nesta quarta-feira, 17 de agosto, a lista dos criminosos mais procurados de Minas Gerais. Ao todo, s\u00e3o 16 autores de crimes como o de estupro, tr\u00e1fico de drogas, homic\u00eddio, feminic\u00eddio, furto e<\/p>\n<p class=\"link-more\"><a class=\"more-link\" href=\"https:\/\/marcelolopes.jor.br\/site\/2022\/08\/18\/mpmg-divulga-lista-de-criminosos-procurados-pela-justica\/\">Leia mais <span class=\"screen-reader-text\">MPMG divulga lista de criminosos procurados pela Justi\u00e7a<\/span><\/a><\/p>\n","protected":false},"author":2,"featured_media":35232,"comment_status":"open","ping_status":"open","sticky":false,"template":"","format":"standard","meta":{"footnotes":""},"categories":[1],"tags":[5351,6497,1201,6496],"class_list":["post-35230","post","type-post","status-publish","format-standard","has-post-thumbnail","hentry","category-noticias","tag-foragidos-da-justica","tag-mais-procurados","tag-mpmg","tag-procurados-pela-justica","thumb-below-title"],"yoast_head":"<!-- This site is optimized with the Yoast SEO plugin v27.4 - https:\/\/yoast.com\/product\/yoast-seo-wordpress\/ -->\n<title>MPMG divulga lista de criminosos procurados pela Justi\u00e7a | Marcelo Lopes<\/title>\n<meta name=\"description\" content=\"MPMG divulga lista de criminosos procurados pela justi\u00e7a. Um condenado de Cataguases, atualmente foragido da justi\u00e7a, est\u00e1 na lista.\" \/>\n<meta name=\"robots\" content=\"index, follow, max-snippet:-1, max-image-preview:large, max-video-preview:-1\" \/>\n<link rel=\"canonical\" href=\"https:\/\/marcelolopes.jor.br\/site\/2022\/08\/18\/mpmg-divulga-lista-de-criminosos-procurados-pela-justica\/\" \/>\n<meta property=\"og:locale\" content=\"pt_BR\" \/>\n<meta property=\"og:type\" content=\"article\" \/>\n<meta property=\"og:title\" content=\"MPMG divulga lista de criminosos procurados pela Justi\u00e7a | Marcelo Lopes\" \/>\n<meta property=\"og:description\" content=\"MPMG divulga lista de criminosos procurados pela justi\u00e7a. Um condenado de Cataguases, atualmente foragido da justi\u00e7a, est\u00e1 na lista.\" \/>\n<meta property=\"og:url\" content=\"https:\/\/marcelolopes.jor.br\/site\/2022\/08\/18\/mpmg-divulga-lista-de-criminosos-procurados-pela-justica\/\" \/>\n<meta property=\"og:site_name\" content=\"Marcelo Lopes\" \/>\n<meta property=\"article:publisher\" content=\"https:\/\/www.facebook.com\/sitedomarcelolopes\" \/>\n<meta property=\"article:published_time\" content=\"2022-08-18T15:00:13+00:00\" \/>\n<meta property=\"og:image\" content=\"https:\/\/marcelolopes.jor.br\/site\/wp-content\/uploads\/2022\/08\/procurados.jpg\" \/>\n\t<meta property=\"og:image:width\" content=\"1111\" \/>\n\t<meta property=\"og:image:height\" content=\"777\" \/>\n\t<meta property=\"og:image:type\" content=\"image\/jpeg\" \/>\n<meta name=\"author\" content=\"Marcelo Lopes\" \/>\n<meta name=\"twitter:card\" content=\"summary_large_image\" \/>\n<meta name=\"twitter:label1\" content=\"Escrito por\" \/>\n\t<meta name=\"twitter:data1\" content=\"Marcelo Lopes\" \/>\n\t<meta name=\"twitter:label2\" content=\"Est. tempo de leitura\" \/>\n\t<meta name=\"twitter:data2\" content=\"1 minuto\" \/>\n<script type=\"application\/ld+json\" class=\"yoast-schema-graph\">{\"@context\":\"https:\\\/\\\/schema.org\",\"@graph\":[{\"@type\":\"NewsArticle\",\"@id\":\"https:\\\/\\\/marcelolopes.jor.br\\\/site\\\/2022\\\/08\\\/18\\\/mpmg-divulga-lista-de-criminosos-procurados-pela-justica\\\/#article\",\"isPartOf\":{\"@id\":\"https:\\\/\\\/marcelolopes.jor.br\\\/site\\\/2022\\\/08\\\/18\\\/mpmg-divulga-lista-de-criminosos-procurados-pela-justica\\\/\"},\"author\":{\"name\":\"Marcelo Lopes\",\"@id\":\"https:\\\/\\\/marcelolopes.jor.br\\\/site\\\/#\\\/schema\\\/person\\\/3e7216a35c34d8fdf952b31da3d1f89f\"},\"headline\":\"MPMG divulga lista de criminosos procurados pela Justi\u00e7a\",\"datePublished\":\"2022-08-18T15:00:13+00:00\",\"mainEntityOfPage\":{\"@id\":\"https:\\\/\\\/marcelolopes.jor.br\\\/site\\\/2022\\\/08\\\/18\\\/mpmg-divulga-lista-de-criminosos-procurados-pela-justica\\\/\"},\"wordCount\":269,\"commentCount\":0,\"publisher\":{\"@id\":\"https:\\\/\\\/marcelolopes.jor.br\\\/site\\\/#organization\"},\"image\":{\"@id\":\"https:\\\/\\\/marcelolopes.jor.br\\\/site\\\/2022\\\/08\\\/18\\\/mpmg-divulga-lista-de-criminosos-procurados-pela-justica\\\/#primaryimage\"},\"thumbnailUrl\":\"https:\\\/\\\/marcelolopes.jor.br\\\/site\\\/wp-content\\\/uploads\\\/2022\\\/08\\\/procurados.jpg\",\"keywords\":[\"foragidos da justi\u00e7a\",\"mais procurados\",\"MPMG\",\"procurados pela justi\u00e7a\"],\"articleSection\":[\"Not\u00edcias\"],\"inLanguage\":\"pt-BR\",\"potentialAction\":[{\"@type\":\"CommentAction\",\"name\":\"Comment\",\"target\":[\"https:\\\/\\\/marcelolopes.jor.br\\\/site\\\/2022\\\/08\\\/18\\\/mpmg-divulga-lista-de-criminosos-procurados-pela-justica\\\/#respond\"]}]},{\"@type\":\"WebPage\",\"@id\":\"https:\\\/\\\/marcelolopes.jor.br\\\/site\\\/2022\\\/08\\\/18\\\/mpmg-divulga-lista-de-criminosos-procurados-pela-justica\\\/\",\"url\":\"https:\\\/\\\/marcelolopes.jor.br\\\/site\\\/2022\\\/08\\\/18\\\/mpmg-divulga-lista-de-criminosos-procurados-pela-justica\\\/\",\"name\":\"MPMG divulga lista de criminosos procurados pela Justi\u00e7a | Marcelo Lopes\",\"isPartOf\":{\"@id\":\"https:\\\/\\\/marcelolopes.jor.br\\\/site\\\/#website\"},\"primaryImageOfPage\":{\"@id\":\"https:\\\/\\\/marcelolopes.jor.br\\\/site\\\/2022\\\/08\\\/18\\\/mpmg-divulga-lista-de-criminosos-procurados-pela-justica\\\/#primaryimage\"},\"image\":{\"@id\":\"https:\\\/\\\/marcelolopes.jor.br\\\/site\\\/2022\\\/08\\\/18\\\/mpmg-divulga-lista-de-criminosos-procurados-pela-justica\\\/#primaryimage\"},\"thumbnailUrl\":\"https:\\\/\\\/marcelolopes.jor.br\\\/site\\\/wp-content\\\/uploads\\\/2022\\\/08\\\/procurados.jpg\",\"datePublished\":\"2022-08-18T15:00:13+00:00\",\"description\":\"MPMG divulga lista de criminosos procurados pela justi\u00e7a. Um condenado de Cataguases, atualmente foragido da justi\u00e7a, est\u00e1 na lista.\",\"breadcrumb\":{\"@id\":\"https:\\\/\\\/marcelolopes.jor.br\\\/site\\\/2022\\\/08\\\/18\\\/mpmg-divulga-lista-de-criminosos-procurados-pela-justica\\\/#breadcrumb\"},\"inLanguage\":\"pt-BR\",\"potentialAction\":[{\"@type\":\"ReadAction\",\"target\":[\"https:\\\/\\\/marcelolopes.jor.br\\\/site\\\/2022\\\/08\\\/18\\\/mpmg-divulga-lista-de-criminosos-procurados-pela-justica\\\/\"]}]},{\"@type\":\"ImageObject\",\"inLanguage\":\"pt-BR\",\"@id\":\"https:\\\/\\\/marcelolopes.jor.br\\\/site\\\/2022\\\/08\\\/18\\\/mpmg-divulga-lista-de-criminosos-procurados-pela-justica\\\/#primaryimage\",\"url\":\"https:\\\/\\\/marcelolopes.jor.br\\\/site\\\/wp-content\\\/uploads\\\/2022\\\/08\\\/procurados.jpg\",\"contentUrl\":\"https:\\\/\\\/marcelolopes.jor.br\\\/site\\\/wp-content\\\/uploads\\\/2022\\\/08\\\/procurados.jpg\",\"width\":1111,\"height\":777,\"caption\":\"MPMG divulga lista de\"},{\"@type\":\"BreadcrumbList\",\"@id\":\"https:\\\/\\\/marcelolopes.jor.br\\\/site\\\/2022\\\/08\\\/18\\\/mpmg-divulga-lista-de-criminosos-procurados-pela-justica\\\/#breadcrumb\",\"itemListElement\":[{\"@type\":\"ListItem\",\"position\":1,\"name\":\"Home\",\"item\":\"https:\\\/\\\/marcelolopes.jor.br\\\/site\\\/\"},{\"@type\":\"ListItem\",\"position\":2,\"name\":\"MPMG divulga lista de criminosos procurados pela Justi\u00e7a\"}]},{\"@type\":\"WebSite\",\"@id\":\"https:\\\/\\\/marcelolopes.jor.br\\\/site\\\/#website\",\"url\":\"https:\\\/\\\/marcelolopes.jor.br\\\/site\\\/\",\"name\":\"Marcelo Lopes\",\"description\":\"Not\u00edcias de Cataguases e Regi\u00e3o\",\"publisher\":{\"@id\":\"https:\\\/\\\/marcelolopes.jor.br\\\/site\\\/#organization\"},\"potentialAction\":[{\"@type\":\"SearchAction\",\"target\":{\"@type\":\"EntryPoint\",\"urlTemplate\":\"https:\\\/\\\/marcelolopes.jor.br\\\/site\\\/?s={search_term_string}\"},\"query-input\":{\"@type\":\"PropertyValueSpecification\",\"valueRequired\":true,\"valueName\":\"search_term_string\"}}],\"inLanguage\":\"pt-BR\"},{\"@type\":\"Organization\",\"@id\":\"https:\\\/\\\/marcelolopes.jor.br\\\/site\\\/#organization\",\"name\":\"Site do Marcelo Lopes\",\"url\":\"https:\\\/\\\/marcelolopes.jor.br\\\/site\\\/\",\"logo\":{\"@type\":\"ImageObject\",\"inLanguage\":\"pt-BR\",\"@id\":\"https:\\\/\\\/marcelolopes.jor.br\\\/site\\\/#\\\/schema\\\/logo\\\/image\\\/\",\"url\":\"https:\\\/\\\/marcelolopes.jor.br\\\/site\\\/wp-content\\\/uploads\\\/2024\\\/11\\\/logo-1.png\",\"contentUrl\":\"https:\\\/\\\/marcelolopes.jor.br\\\/site\\\/wp-content\\\/uploads\\\/2024\\\/11\\\/logo-1.png\",\"width\":475,\"height\":80,\"caption\":\"Site do Marcelo Lopes\"},\"image\":{\"@id\":\"https:\\\/\\\/marcelolopes.jor.br\\\/site\\\/#\\\/schema\\\/logo\\\/image\\\/\"},\"sameAs\":[\"https:\\\/\\\/www.facebook.com\\\/sitedomarcelolopes\",\"https:\\\/\\\/www.instagram.com\\\/sitedomarcelolopes\\\/\",\"https:\\\/\\\/www.linkedin.com\\\/company\\\/site-do-marcelo-lopes\\\/\",\"https:\\\/\\\/www.youtube.com\\\/user\\\/marcelolopes957\"]},{\"@type\":\"Person\",\"@id\":\"https:\\\/\\\/marcelolopes.jor.br\\\/site\\\/#\\\/schema\\\/person\\\/3e7216a35c34d8fdf952b31da3d1f89f\",\"name\":\"Marcelo Lopes\",\"sameAs\":[\"http:\\\/\\\/www.marcelolopes.jor.br\"],\"url\":\"https:\\\/\\\/marcelolopes.jor.br\\\/site\\\/author\\\/marcelo\\\/\"}]}<\/script>\n<!-- \/ Yoast SEO plugin. -->","yoast_head_json":{"title":"MPMG divulga lista de criminosos procurados pela Justi\u00e7a | Marcelo Lopes","description":"MPMG divulga lista de criminosos procurados pela justi\u00e7a. Um condenado de Cataguases, atualmente foragido da justi\u00e7a, est\u00e1 na lista.","robots":{"index":"index","follow":"follow","max-snippet":"max-snippet:-1","max-image-preview":"max-image-preview:large","max-video-preview":"max-video-preview:-1"},"canonical":"https:\/\/marcelolopes.jor.br\/site\/2022\/08\/18\/mpmg-divulga-lista-de-criminosos-procurados-pela-justica\/","og_locale":"pt_BR","og_type":"article","og_title":"MPMG divulga lista de criminosos procurados pela Justi\u00e7a | Marcelo Lopes","og_description":"MPMG divulga lista de criminosos procurados pela justi\u00e7a. Um condenado de Cataguases, atualmente foragido da justi\u00e7a, est\u00e1 na lista.","og_url":"https:\/\/marcelolopes.jor.br\/site\/2022\/08\/18\/mpmg-divulga-lista-de-criminosos-procurados-pela-justica\/","og_site_name":"Marcelo Lopes","article_publisher":"https:\/\/www.facebook.com\/sitedomarcelolopes","article_published_time":"2022-08-18T15:00:13+00:00","og_image":[{"width":1111,"height":777,"url":"https:\/\/marcelolopes.jor.br\/site\/wp-content\/uploads\/2022\/08\/procurados.jpg","type":"image\/jpeg"}],"author":"Marcelo Lopes","twitter_card":"summary_large_image","twitter_misc":{"Escrito por":"Marcelo Lopes","Est. tempo de leitura":"1 minuto"},"schema":{"@context":"https:\/\/schema.org","@graph":[{"@type":"NewsArticle","@id":"https:\/\/marcelolopes.jor.br\/site\/2022\/08\/18\/mpmg-divulga-lista-de-criminosos-procurados-pela-justica\/#article","isPartOf":{"@id":"https:\/\/marcelolopes.jor.br\/site\/2022\/08\/18\/mpmg-divulga-lista-de-criminosos-procurados-pela-justica\/"},"author":{"name":"Marcelo Lopes","@id":"https:\/\/marcelolopes.jor.br\/site\/#\/schema\/person\/3e7216a35c34d8fdf952b31da3d1f89f"},"headline":"MPMG divulga lista de criminosos procurados pela Justi\u00e7a","datePublished":"2022-08-18T15:00:13+00:00","mainEntityOfPage":{"@id":"https:\/\/marcelolopes.jor.br\/site\/2022\/08\/18\/mpmg-divulga-lista-de-criminosos-procurados-pela-justica\/"},"wordCount":269,"commentCount":0,"publisher":{"@id":"https:\/\/marcelolopes.jor.br\/site\/#organization"},"image":{"@id":"https:\/\/marcelolopes.jor.br\/site\/2022\/08\/18\/mpmg-divulga-lista-de-criminosos-procurados-pela-justica\/#primaryimage"},"thumbnailUrl":"https:\/\/marcelolopes.jor.br\/site\/wp-content\/uploads\/2022\/08\/procurados.jpg","keywords":["foragidos da justi\u00e7a","mais procurados","MPMG","procurados pela justi\u00e7a"],"articleSection":["Not\u00edcias"],"inLanguage":"pt-BR","potentialAction":[{"@type":"CommentAction","name":"Comment","target":["https:\/\/marcelolopes.jor.br\/site\/2022\/08\/18\/mpmg-divulga-lista-de-criminosos-procurados-pela-justica\/#respond"]}]},{"@type":"WebPage","@id":"https:\/\/marcelolopes.jor.br\/site\/2022\/08\/18\/mpmg-divulga-lista-de-criminosos-procurados-pela-justica\/","url":"https:\/\/marcelolopes.jor.br\/site\/2022\/08\/18\/mpmg-divulga-lista-de-criminosos-procurados-pela-justica\/","name":"MPMG divulga lista de criminosos procurados pela Justi\u00e7a | Marcelo Lopes","isPartOf":{"@id":"https:\/\/marcelolopes.jor.br\/site\/#website"},"primaryImageOfPage":{"@id":"https:\/\/marcelolopes.jor.br\/site\/2022\/08\/18\/mpmg-divulga-lista-de-criminosos-procurados-pela-justica\/#primaryimage"},"image":{"@id":"https:\/\/marcelolopes.jor.br\/site\/2022\/08\/18\/mpmg-divulga-lista-de-criminosos-procurados-pela-justica\/#primaryimage"},"thumbnailUrl":"https:\/\/marcelolopes.jor.br\/site\/wp-content\/uploads\/2022\/08\/procurados.jpg","datePublished":"2022-08-18T15:00:13+00:00","description":"MPMG divulga lista de criminosos procurados pela justi\u00e7a. Um condenado de Cataguases, atualmente foragido da justi\u00e7a, est\u00e1 na lista.","breadcrumb":{"@id":"https:\/\/marcelolopes.jor.br\/site\/2022\/08\/18\/mpmg-divulga-lista-de-criminosos-procurados-pela-justica\/#breadcrumb"},"inLanguage":"pt-BR","potentialAction":[{"@type":"ReadAction","target":["https:\/\/marcelolopes.jor.br\/site\/2022\/08\/18\/mpmg-divulga-lista-de-criminosos-procurados-pela-justica\/"]}]},{"@type":"ImageObject","inLanguage":"pt-BR","@id":"https:\/\/marcelolopes.jor.br\/site\/2022\/08\/18\/mpmg-divulga-lista-de-criminosos-procurados-pela-justica\/#primaryimage","url":"https:\/\/marcelolopes.jor.br\/site\/wp-content\/uploads\/2022\/08\/procurados.jpg","contentUrl":"https:\/\/marcelolopes.jor.br\/site\/wp-content\/uploads\/2022\/08\/procurados.jpg","width":1111,"height":777,"caption":"MPMG divulga lista de"},{"@type":"BreadcrumbList","@id":"https:\/\/marcelolopes.jor.br\/site\/2022\/08\/18\/mpmg-divulga-lista-de-criminosos-procurados-pela-justica\/#breadcrumb","itemListElement":[{"@type":"ListItem","position":1,"name":"Home","item":"https:\/\/marcelolopes.jor.br\/site\/"},{"@type":"ListItem","position":2,"name":"MPMG divulga lista de criminosos procurados pela Justi\u00e7a"}]},{"@type":"WebSite","@id":"https:\/\/marcelolopes.jor.br\/site\/#website","url":"https:\/\/marcelolopes.jor.br\/site\/","name":"Marcelo Lopes","description":"Not\u00edcias de Cataguases e Regi\u00e3o","publisher":{"@id":"https:\/\/marcelolopes.jor.br\/site\/#organization"},"potentialAction":[{"@type":"SearchAction","target":{"@type":"EntryPoint","urlTemplate":"https:\/\/marcelolopes.jor.br\/site\/?s={search_term_string}"},"query-input":{"@type":"PropertyValueSpecification","valueRequired":true,"valueName":"search_term_string"}}],"inLanguage":"pt-BR"},{"@type":"Organization","@id":"https:\/\/marcelolopes.jor.br\/site\/#organization","name":"Site do Marcelo Lopes","url":"https:\/\/marcelolopes.jor.br\/site\/","logo":{"@type":"ImageObject","inLanguage":"pt-BR","@id":"https:\/\/marcelolopes.jor.br\/site\/#\/schema\/logo\/image\/","url":"https:\/\/marcelolopes.jor.br\/site\/wp-content\/uploads\/2024\/11\/logo-1.png","contentUrl":"https:\/\/marcelolopes.jor.br\/site\/wp-content\/uploads\/2024\/11\/logo-1.png","width":475,"height":80,"caption":"Site do Marcelo Lopes"},"image":{"@id":"https:\/\/marcelolopes.jor.br\/site\/#\/schema\/logo\/image\/"},"sameAs":["https:\/\/www.facebook.com\/sitedomarcelolopes","https:\/\/www.instagram.com\/sitedomarcelolopes\/","https:\/\/www.linkedin.com\/company\/site-do-marcelo-lopes\/","https:\/\/www.youtube.com\/user\/marcelolopes957"]},{"@type":"Person","@id":"https:\/\/marcelolopes.jor.br\/site\/#\/schema\/person\/3e7216a35c34d8fdf952b31da3d1f89f","name":"Marcelo Lopes","sameAs":["http:\/\/www.marcelolopes.jor.br"],"url":"https:\/\/marcelolopes.jor.br\/site\/author\/marcelo\/"}]}},"wps_subtitle":"Um condenado de Cataguases, atualmente foragido da justi\u00e7a, est\u00e1 na lista.","_links":{"self":[{"href":"https:\/\/marcelolopes.jor.br\/site\/wp-json\/wp\/v2\/posts\/35230","targetHints":{"allow":["GET"]}}],"collection":[{"href":"https:\/\/marcelolopes.jor.br\/site\/wp-json\/wp\/v2\/posts"}],"about":[{"href":"https:\/\/marcelolopes.jor.br\/site\/wp-json\/wp\/v2\/types\/post"}],"author":[{"embeddable":true,"href":"https:\/\/marcelolopes.jor.br\/site\/wp-json\/wp\/v2\/users\/2"}],"replies":[{"embeddable":true,"href":"https:\/\/marcelolopes.jor.br\/site\/wp-json\/wp\/v2\/comments?post=35230"}],"version-history":[{"count":0,"href":"https:\/\/marcelolopes.jor.br\/site\/wp-json\/wp\/v2\/posts\/35230\/revisions"}],"wp:featuredmedia":[{"embeddable":true,"href":"https:\/\/marcelolopes.jor.br\/site\/wp-json\/wp\/v2\/media\/35232"}],"wp:attachment":[{"href":"https:\/\/marcelolopes.jor.br\/site\/wp-json\/wp\/v2\/media?parent=35230"}],"wp:term":[{"taxonomy":"category","embeddable":true,"href":"https:\/\/marcelolopes.jor.br\/site\/wp-json\/wp\/v2\/categories?post=35230"},{"taxonomy":"post_tag","embeddable":true,"href":"https:\/\/marcelolopes.jor.br\/site\/wp-json\/wp\/v2\/tags?post=35230"}],"curies":[{"name":"wp","href":"https:\/\/api.w.org\/{rel}","templated":true}]}}