{"id":35196,"date":"2022-08-16T12:00:29","date_gmt":"2022-08-16T15:00:29","guid":{"rendered":"https:\/\/marcelolopes.jor.br\/?p=35196"},"modified":"2022-08-16T10:16:20","modified_gmt":"2022-08-16T13:16:20","slug":"minas-tem-2-500-candidatos-nas-eleicoes-2022","status":"publish","type":"post","link":"https:\/\/marcelolopes.jor.br\/site\/2022\/08\/16\/minas-tem-2-500-candidatos-nas-eleicoes-2022\/","title":{"rendered":"Minas tem 2.500 candidatos nas Elei\u00e7\u00f5es 2022"},"content":{"rendered":"<p style=\"text-align: justify;\">Terminou nesta segunda-feira, 15 de agosto, o prazo para registro de candidaturas para as Elei\u00e7\u00f5es 2022. Em Minas Gerais, foram entregues 2.500* pedidos de registro para disputar as 53 vagas para deputado federal, 77 para deputado estadual, uma para senador e uma para governador. O n\u00famero \u00e9 5,1% maior que nas \u00faltimas elei\u00e7\u00f5es gerais, em 2018, quando houve 2.374 candidaturas.<!--more--><\/p>\n<p style=\"text-align: justify;\">Confira a quantidade de candidatas e candidatos por cargo:<\/p>\n<p style=\"text-align: justify;\"><strong>Deputado federal:<\/strong> 1.071<br \/>\n<strong>Deputado estadual:<\/strong> 1.382<br \/>\n<strong>Senador:<\/strong> 9 (com 2 suplentes cada)<br \/>\n<strong>Governador:<\/strong> 10 (com 1 vice cada)<\/p>\n<p style=\"text-align: justify;\">Cada pedido de registro de candidatura ser\u00e1 analisado pelo TRE-MG, que vai verificar o cumprimento dos requisitos de elegibilidade e se h\u00e1 alguma causa de inelegibilidade. Esse julgamento dos pedidos deve ser conclu\u00eddo at\u00e9 o dia 12 de setembro, 20 dias antes da realiza\u00e7\u00e3o do 1\u00ba turno, que est\u00e1 marcado para 2 de outubro.<\/p>\n<p style=\"text-align: justify;\">O prazo \u00e9 o mesmo para pedir a substitui\u00e7\u00e3o de candidatas e candidatos nas chapas majorit\u00e1rias e proporcionais. A substitui\u00e7\u00e3o ser\u00e1 poss\u00edvel em caso de ren\u00fancia, indeferimento, cancelamento, cassa\u00e7\u00e3o do registro ou falecimento do titular. No caso de falecimento, a mudan\u00e7a poder\u00e1 ser feita ap\u00f3s o dia 12 de setembro. Vale ressaltar que todos os pedidos de substitui\u00e7\u00e3o devem ser apresentados at\u00e9 10 dias ap\u00f3s o fato ou decis\u00e3o judicial que a originou.<\/p>\n<p style=\"text-align: justify;\">E se os partidos e federa\u00e7\u00f5es n\u00e3o tiverem registrado o n\u00famero total de candidaturas permitidas aos cargos de deputado federal (54) e estadual (78), poder\u00e3o indicar candidatas e candidatos, em vagas remanescentes, at\u00e9 o dia 2 de setembro.<\/p>\n<h4 style=\"text-align: justify;\">DivulgaCandContas<\/h4>\n<p style=\"text-align: justify;\">Eleitoras e eleitores podem conhecer os candidatos acessando o sistema <a href=\"https:\/\/divulgacandcontas.tse.jus.br\/divulga\/#\/\"><strong><span style=\"color: #800000;\">DivulgaCandContas<\/span><\/strong><\/a>, dispon\u00edvel no site do TRE. No perfil de cada pessoa, \u00e9 poss\u00edvel verificar o n\u00famero com o qual ela concorre; partido, federa\u00e7\u00e3o ou coliga\u00e7\u00e3o; dados pessoais, como grau de instru\u00e7\u00e3o e cor\/ra\u00e7a; n\u00famero do processo judicial que analisa o pedido de registro; bens declarados; e a movimenta\u00e7\u00e3o de receitas e despesas da campanha.<\/p>\n<p style=\"text-align: justify;\">Quatro pedidos de registro ao cargo de deputado estadual foram entregues ao TRE-MG nas \u00faltimas horas do prazo e as informa\u00e7\u00f5es s\u00f3 devem ser disponibilizadas no DivulgaCand no dia 16 de agosto.<\/p>\n<h4 style=\"text-align: justify;\">Perfil das candidatas e candidatos<\/h4>\n<p style=\"text-align: justify;\">Entre as 2.496 pessoas cujos dados j\u00e1 estavam inseridos no DivulgaCand na noite desta segunda (15), 1.691 (67,75%) s\u00e3o homens e 805 (32,25%) s\u00e3o mulheres. A faixa et\u00e1ria com maior n\u00famero de candidatos \u00e9 de 50 a 54 anos, com 402 pessoas.<\/p>\n<p style=\"text-align: justify;\">A maioria dos candidatos tem ensino superior completo: 1.267 (50,76%). Quanto \u00e0 ra\u00e7a, 1.234 pessoas (49,44%) se declararam brancas e 1.222 (48,95%) se declararam pretas ou pardas. H\u00e1, ainda, 25 pessoas com ra\u00e7a n\u00e3o informada, nove identificadas como cor amarela e seis ind\u00edgenas.<\/p>\n<p style=\"text-align: justify;\">As estat\u00edsticas detalhadas sobre as candidatas e candidatos de Minas Gerais podem ser consultadas no sistema <a href=\"https:\/\/sig.tse.jus.br\/ords\/dwapr\/seai\/r\/sig-eleicao\/home?session=5168658733950\"><strong><span style=\"color: #800000;\">Estat\u00edsticas Eleitorais<\/span><\/strong><\/a>, do TSE. Basta acessar a aba \u201cCandidaturas\u201d; e, em seguida, \u201cPerfil das candidaturas\u201d. Na p\u00e1gina, \u00e9 necess\u00e1rio mudar a abrang\u00eancia para Minas Gerais, alterando os filtros de pesquisa na parte superior.<\/p>\n<p style=\"text-align: justify;\">*N\u00famero sujeito a altera\u00e7\u00f5es, em raz\u00e3o de mudan\u00e7as nas chapas majorit\u00e1rias e proporcionais, dentro dos prazos permitidos pela legisla\u00e7\u00e3o.<\/p>\n<p style=\"text-align: justify;\"><strong>LEIA TAMB\u00c9M<\/strong><br \/>\n<a href=\"https:\/\/marcelolopes.jor.br\/2022\/08\/13\/propaganda-eleitoral-dos-candidatos-comeca-na-terca-feira\/\"><strong><span style=\"color: #800000;\">Propaganda eleitoral dos candidatos come\u00e7a na ter\u00e7a-feira<\/span><\/strong><\/a><br \/>\n<a href=\"https:\/\/marcelolopes.jor.br\/2022\/07\/19\/voto-em-transito-pode-ser-solicitado-ate-o-dia-18-de-agosto\/\"><strong><span style=\"color: #800000;\">Voto em tr\u00e2nsito pode ser solicitado at\u00e9 18 de agosto<\/span><\/strong><\/a><\/p>\n<p>Fonte: TRE-MG | Foto:<\/p>\n<div class=\"fkgya6a956c0c170ea\" ><br><\/div><style type=\"text\/css\">\r\n@media screen and (min-width: 1201px) {\r\n.fkgya6a956c0c170ea {\r\ndisplay: block;\r\n}\r\n}\r\n@media screen and (min-width: 993px) and (max-width: 1200px) {\r\n.fkgya6a956c0c170ea {\r\ndisplay: block;\r\n}\r\n}\r\n@media screen and (min-width: 769px) and (max-width: 992px) {\r\n.fkgya6a956c0c170ea {\r\ndisplay: block;\r\n}\r\n}\r\n@media screen and (min-width: 768px) and (max-width: 768px) {\r\n.fkgya6a956c0c170ea {\r\ndisplay: block;\r\n}\r\n}\r\n@media screen and (max-width: 767px) {\r\n.fkgya6a956c0c170ea {\r\ndisplay: block;\r\n}\r\n}\r\n<\/style>\r\n<div class=\"tudqp6a956c0c1c8b3\" ><div id=\"div_destino\"><\/div>\r\n<script src=\"https:\/\/cdn.snsrsv.com\/sdk.js\"><\/script>\r\n<script >\r\n      new sdk(\"464030C30061EA8BE065000000000001\") \r\n          .appendTo(\"div_destino\")\r\n          .disableStyle(true) \r\n          .setCacheBusterMacro(\"%%CACHEBUSTER%%\")\r\n          .setSize(\"800\",\"214\")\r\n          .setClickMacro(\"%%CLICK_URL_ESC%%\") \r\n          .setReferrerUrlMacro(\"%%REFERRER_URL_ESC%%\") \r\n          .start(); \r\n<\/script><\/div><style type=\"text\/css\">\r\n@media screen and (min-width: 1201px) {\r\n.tudqp6a956c0c1c8b3 {\r\ndisplay: block;\r\n}\r\n}\r\n@media screen and (min-width: 993px) and (max-width: 1200px) {\r\n.tudqp6a956c0c1c8b3 {\r\ndisplay: block;\r\n}\r\n}\r\n@media screen and (min-width: 769px) and (max-width: 992px) {\r\n.tudqp6a956c0c1c8b3 {\r\ndisplay: block;\r\n}\r\n}\r\n@media screen and (min-width: 768px) and (max-width: 768px) {\r\n.tudqp6a956c0c1c8b3 {\r\ndisplay: block;\r\n}\r\n}\r\n@media screen and (max-width: 767px) {\r\n.tudqp6a956c0c1c8b3 {\r\ndisplay: block;\r\n}\r\n}\r\n<\/style>\r\n","protected":false},"excerpt":{"rendered":"<p>Terminou nesta segunda-feira, 15 de agosto, o prazo para registro de candidaturas para as Elei\u00e7\u00f5es 2022. Em Minas Gerais, foram entregues 2.500* pedidos de registro para disputar as 53 vagas para deputado federal, 77 para deputado estadual, uma para senador<\/p>\n<p class=\"link-more\"><a class=\"more-link\" href=\"https:\/\/marcelolopes.jor.br\/site\/2022\/08\/16\/minas-tem-2-500-candidatos-nas-eleicoes-2022\/\">Leia mais <span class=\"screen-reader-text\">Minas tem 2.500 candidatos nas Elei\u00e7\u00f5es 2022<\/span><\/a><\/p>\n","protected":false},"author":2,"featured_media":35197,"comment_status":"open","ping_status":"open","sticky":false,"template":"","format":"standard","meta":{"footnotes":""},"categories":[1],"tags":[2305,5337,6482,6483],"class_list":["post-35196","post","type-post","status-publish","format-standard","has-post-thumbnail","hentry","category-noticias","tag-candidaturas","tag-eleicoes-2022","tag-eleicoes-em-minas-gerais","tag-estatisticas-eleitorais","thumb-below-title"],"yoast_head":"<!-- This site is optimized with the Yoast SEO plugin v28.3 - https:\/\/yoast.com\/product\/yoast-seo-wordpress\/ -->\n<title>Minas tem 2.500 candidatos nas Elei\u00e7\u00f5es 2022 | Marcelo Lopes<\/title>\n<meta name=\"description\" content=\"Minas tem 2.500 candidatos nas elei\u00e7\u00f5es 2022. TRE vai analisar todos os pedidos de candidaturas at\u00e9 o dia 12 de setembro.\" \/>\n<meta name=\"robots\" content=\"index, follow, max-snippet:-1, max-image-preview:large, max-video-preview:-1\" \/>\n<link rel=\"canonical\" href=\"https:\/\/marcelolopes.jor.br\/site\/2022\/08\/16\/minas-tem-2-500-candidatos-nas-eleicoes-2022\/\" \/>\n<meta property=\"og:locale\" content=\"pt_BR\" \/>\n<meta property=\"og:type\" content=\"article\" \/>\n<meta property=\"og:title\" content=\"Minas tem 2.500 candidatos nas Elei\u00e7\u00f5es 2022 | Marcelo Lopes\" \/>\n<meta property=\"og:description\" content=\"Minas tem 2.500 candidatos nas elei\u00e7\u00f5es 2022. TRE vai analisar todos os pedidos de candidaturas at\u00e9 o dia 12 de setembro.\" \/>\n<meta property=\"og:url\" content=\"https:\/\/marcelolopes.jor.br\/site\/2022\/08\/16\/minas-tem-2-500-candidatos-nas-eleicoes-2022\/\" \/>\n<meta property=\"og:site_name\" content=\"Marcelo Lopes\" \/>\n<meta property=\"article:publisher\" content=\"https:\/\/www.facebook.com\/sitedomarcelolopes\" \/>\n<meta property=\"article:published_time\" content=\"2022-08-16T15:00:29+00:00\" \/>\n<meta property=\"og:image\" content=\"https:\/\/marcelolopes.jor.br\/site\/wp-content\/uploads\/2022\/08\/eleicoes-2022-cargos-titulo-datas-899x600.jpg.webp\" \/>\n\t<meta property=\"og:image:width\" content=\"899\" \/>\n\t<meta property=\"og:image:height\" content=\"600\" \/>\n\t<meta property=\"og:image:type\" content=\"image\/webp\" \/>\n<meta name=\"author\" content=\"Marcelo Lopes\" \/>\n<meta name=\"twitter:card\" content=\"summary_large_image\" \/>\n<meta name=\"twitter:label1\" content=\"Escrito por\" \/>\n\t<meta name=\"twitter:data1\" content=\"Marcelo Lopes\" \/>\n\t<meta name=\"twitter:label2\" content=\"Est. tempo de leitura\" \/>\n\t<meta name=\"twitter:data2\" content=\"3 minutos\" \/>\n<script type=\"application\/ld+json\" class=\"yoast-schema-graph\">{\"@context\":\"https:\\\/\\\/schema.org\",\"@graph\":[{\"@type\":\"NewsArticle\",\"@id\":\"https:\\\/\\\/marcelolopes.jor.br\\\/site\\\/2022\\\/08\\\/16\\\/minas-tem-2-500-candidatos-nas-eleicoes-2022\\\/#article\",\"isPartOf\":{\"@id\":\"https:\\\/\\\/marcelolopes.jor.br\\\/site\\\/2022\\\/08\\\/16\\\/minas-tem-2-500-candidatos-nas-eleicoes-2022\\\/\"},\"author\":{\"name\":\"Marcelo Lopes\",\"@id\":\"https:\\\/\\\/marcelolopes.jor.br\\\/site\\\/#\\\/schema\\\/person\\\/3e7216a35c34d8fdf952b31da3d1f89f\"},\"headline\":\"Minas tem 2.500 candidatos nas Elei\u00e7\u00f5es 2022\",\"datePublished\":\"2022-08-16T15:00:29+00:00\",\"mainEntityOfPage\":{\"@id\":\"https:\\\/\\\/marcelolopes.jor.br\\\/site\\\/2022\\\/08\\\/16\\\/minas-tem-2-500-candidatos-nas-eleicoes-2022\\\/\"},\"wordCount\":542,\"commentCount\":0,\"publisher\":{\"@id\":\"https:\\\/\\\/marcelolopes.jor.br\\\/site\\\/#organization\"},\"image\":{\"@id\":\"https:\\\/\\\/marcelolopes.jor.br\\\/site\\\/2022\\\/08\\\/16\\\/minas-tem-2-500-candidatos-nas-eleicoes-2022\\\/#primaryimage\"},\"thumbnailUrl\":\"https:\\\/\\\/marcelolopes.jor.br\\\/site\\\/wp-content\\\/uploads\\\/2022\\\/08\\\/eleicoes-2022-cargos-titulo-datas-899x600.jpg.webp\",\"keywords\":[\"candidaturas\",\"elei\u00e7\u00f5es 2022\",\"elei\u00e7\u00f5es em Minas Gerais\",\"estat\u00edsticas eleitorais\"],\"articleSection\":[\"Not\u00edcias\"],\"inLanguage\":\"pt-BR\",\"potentialAction\":[{\"@type\":\"CommentAction\",\"name\":\"Comment\",\"target\":[\"https:\\\/\\\/marcelolopes.jor.br\\\/site\\\/2022\\\/08\\\/16\\\/minas-tem-2-500-candidatos-nas-eleicoes-2022\\\/#respond\"]}]},{\"@type\":\"WebPage\",\"@id\":\"https:\\\/\\\/marcelolopes.jor.br\\\/site\\\/2022\\\/08\\\/16\\\/minas-tem-2-500-candidatos-nas-eleicoes-2022\\\/\",\"url\":\"https:\\\/\\\/marcelolopes.jor.br\\\/site\\\/2022\\\/08\\\/16\\\/minas-tem-2-500-candidatos-nas-eleicoes-2022\\\/\",\"name\":\"Minas tem 2.500 candidatos nas Elei\u00e7\u00f5es 2022 | Marcelo Lopes\",\"isPartOf\":{\"@id\":\"https:\\\/\\\/marcelolopes.jor.br\\\/site\\\/#website\"},\"primaryImageOfPage\":{\"@id\":\"https:\\\/\\\/marcelolopes.jor.br\\\/site\\\/2022\\\/08\\\/16\\\/minas-tem-2-500-candidatos-nas-eleicoes-2022\\\/#primaryimage\"},\"image\":{\"@id\":\"https:\\\/\\\/marcelolopes.jor.br\\\/site\\\/2022\\\/08\\\/16\\\/minas-tem-2-500-candidatos-nas-eleicoes-2022\\\/#primaryimage\"},\"thumbnailUrl\":\"https:\\\/\\\/marcelolopes.jor.br\\\/site\\\/wp-content\\\/uploads\\\/2022\\\/08\\\/eleicoes-2022-cargos-titulo-datas-899x600.jpg.webp\",\"datePublished\":\"2022-08-16T15:00:29+00:00\",\"description\":\"Minas tem 2.500 candidatos nas elei\u00e7\u00f5es 2022. TRE vai analisar todos os pedidos de candidaturas at\u00e9 o dia 12 de setembro.\",\"breadcrumb\":{\"@id\":\"https:\\\/\\\/marcelolopes.jor.br\\\/site\\\/2022\\\/08\\\/16\\\/minas-tem-2-500-candidatos-nas-eleicoes-2022\\\/#breadcrumb\"},\"inLanguage\":\"pt-BR\",\"potentialAction\":[{\"@type\":\"ReadAction\",\"target\":[\"https:\\\/\\\/marcelolopes.jor.br\\\/site\\\/2022\\\/08\\\/16\\\/minas-tem-2-500-candidatos-nas-eleicoes-2022\\\/\"]}]},{\"@type\":\"ImageObject\",\"inLanguage\":\"pt-BR\",\"@id\":\"https:\\\/\\\/marcelolopes.jor.br\\\/site\\\/2022\\\/08\\\/16\\\/minas-tem-2-500-candidatos-nas-eleicoes-2022\\\/#primaryimage\",\"url\":\"https:\\\/\\\/marcelolopes.jor.br\\\/site\\\/wp-content\\\/uploads\\\/2022\\\/08\\\/eleicoes-2022-cargos-titulo-datas-899x600.jpg.webp\",\"contentUrl\":\"https:\\\/\\\/marcelolopes.jor.br\\\/site\\\/wp-content\\\/uploads\\\/2022\\\/08\\\/eleicoes-2022-cargos-titulo-datas-899x600.jpg.webp\",\"width\":899,\"height\":600,\"caption\":\"Minas tem 2.500 candidatos\"},{\"@type\":\"BreadcrumbList\",\"@id\":\"https:\\\/\\\/marcelolopes.jor.br\\\/site\\\/2022\\\/08\\\/16\\\/minas-tem-2-500-candidatos-nas-eleicoes-2022\\\/#breadcrumb\",\"itemListElement\":[{\"@type\":\"ListItem\",\"position\":1,\"name\":\"Home\",\"item\":\"https:\\\/\\\/marcelolopes.jor.br\\\/site\\\/\"},{\"@type\":\"ListItem\",\"position\":2,\"name\":\"Minas tem 2.500 candidatos nas Elei\u00e7\u00f5es 2022\"}]},{\"@type\":\"WebSite\",\"@id\":\"https:\\\/\\\/marcelolopes.jor.br\\\/site\\\/#website\",\"url\":\"https:\\\/\\\/marcelolopes.jor.br\\\/site\\\/\",\"name\":\"Marcelo Lopes\",\"description\":\"Not\u00edcias de Cataguases e Regi\u00e3o\",\"publisher\":{\"@id\":\"https:\\\/\\\/marcelolopes.jor.br\\\/site\\\/#organization\"},\"potentialAction\":[{\"@type\":\"SearchAction\",\"target\":{\"@type\":\"EntryPoint\",\"urlTemplate\":\"https:\\\/\\\/marcelolopes.jor.br\\\/site\\\/?s={search_term_string}\"},\"query-input\":{\"@type\":\"PropertyValueSpecification\",\"valueRequired\":true,\"valueName\":\"search_term_string\"}}],\"inLanguage\":\"pt-BR\"},{\"@type\":\"Organization\",\"@id\":\"https:\\\/\\\/marcelolopes.jor.br\\\/site\\\/#organization\",\"name\":\"Site do Marcelo Lopes\",\"url\":\"https:\\\/\\\/marcelolopes.jor.br\\\/site\\\/\",\"logo\":{\"@type\":\"ImageObject\",\"inLanguage\":\"pt-BR\",\"@id\":\"https:\\\/\\\/marcelolopes.jor.br\\\/site\\\/#\\\/schema\\\/logo\\\/image\\\/\",\"url\":\"https:\\\/\\\/marcelolopes.jor.br\\\/site\\\/wp-content\\\/uploads\\\/2026\\\/07\\\/cropped-logo2026.png\",\"contentUrl\":\"https:\\\/\\\/marcelolopes.jor.br\\\/site\\\/wp-content\\\/uploads\\\/2026\\\/07\\\/cropped-logo2026.png\",\"width\":328,\"height\":96,\"caption\":\"Site do Marcelo Lopes\"},\"image\":{\"@id\":\"https:\\\/\\\/marcelolopes.jor.br\\\/site\\\/#\\\/schema\\\/logo\\\/image\\\/\"},\"sameAs\":[\"https:\\\/\\\/www.facebook.com\\\/sitedomarcelolopes\",\"https:\\\/\\\/www.instagram.com\\\/sitedomarcelolopes\\\/\",\"https:\\\/\\\/www.linkedin.com\\\/company\\\/site-do-marcelo-lopes\\\/\",\"https:\\\/\\\/www.youtube.com\\\/user\\\/marcelolopes957\"]},{\"@type\":\"Person\",\"@id\":\"https:\\\/\\\/marcelolopes.jor.br\\\/site\\\/#\\\/schema\\\/person\\\/3e7216a35c34d8fdf952b31da3d1f89f\",\"name\":\"Marcelo Lopes\",\"sameAs\":[\"http:\\\/\\\/www.marcelolopes.jor.br\"],\"url\":\"https:\\\/\\\/marcelolopes.jor.br\\\/site\\\/author\\\/marcelo\\\/\"}]}<\/script>\n<!-- \/ Yoast SEO plugin. -->","yoast_head_json":{"title":"Minas tem 2.500 candidatos nas Elei\u00e7\u00f5es 2022 | Marcelo Lopes","description":"Minas tem 2.500 candidatos nas elei\u00e7\u00f5es 2022. TRE vai analisar todos os pedidos de candidaturas at\u00e9 o dia 12 de setembro.","robots":{"index":"index","follow":"follow","max-snippet":"max-snippet:-1","max-image-preview":"max-image-preview:large","max-video-preview":"max-video-preview:-1"},"canonical":"https:\/\/marcelolopes.jor.br\/site\/2022\/08\/16\/minas-tem-2-500-candidatos-nas-eleicoes-2022\/","og_locale":"pt_BR","og_type":"article","og_title":"Minas tem 2.500 candidatos nas Elei\u00e7\u00f5es 2022 | Marcelo Lopes","og_description":"Minas tem 2.500 candidatos nas elei\u00e7\u00f5es 2022. TRE vai analisar todos os pedidos de candidaturas at\u00e9 o dia 12 de setembro.","og_url":"https:\/\/marcelolopes.jor.br\/site\/2022\/08\/16\/minas-tem-2-500-candidatos-nas-eleicoes-2022\/","og_site_name":"Marcelo Lopes","article_publisher":"https:\/\/www.facebook.com\/sitedomarcelolopes","article_published_time":"2022-08-16T15:00:29+00:00","og_image":[{"width":899,"height":600,"url":"https:\/\/marcelolopes.jor.br\/site\/wp-content\/uploads\/2022\/08\/eleicoes-2022-cargos-titulo-datas-899x600.jpg.webp","type":"image\/webp"}],"author":"Marcelo Lopes","twitter_card":"summary_large_image","twitter_misc":{"Escrito por":"Marcelo Lopes","Est. tempo de leitura":"3 minutos"},"schema":{"@context":"https:\/\/schema.org","@graph":[{"@type":"NewsArticle","@id":"https:\/\/marcelolopes.jor.br\/site\/2022\/08\/16\/minas-tem-2-500-candidatos-nas-eleicoes-2022\/#article","isPartOf":{"@id":"https:\/\/marcelolopes.jor.br\/site\/2022\/08\/16\/minas-tem-2-500-candidatos-nas-eleicoes-2022\/"},"author":{"name":"Marcelo Lopes","@id":"https:\/\/marcelolopes.jor.br\/site\/#\/schema\/person\/3e7216a35c34d8fdf952b31da3d1f89f"},"headline":"Minas tem 2.500 candidatos nas Elei\u00e7\u00f5es 2022","datePublished":"2022-08-16T15:00:29+00:00","mainEntityOfPage":{"@id":"https:\/\/marcelolopes.jor.br\/site\/2022\/08\/16\/minas-tem-2-500-candidatos-nas-eleicoes-2022\/"},"wordCount":542,"commentCount":0,"publisher":{"@id":"https:\/\/marcelolopes.jor.br\/site\/#organization"},"image":{"@id":"https:\/\/marcelolopes.jor.br\/site\/2022\/08\/16\/minas-tem-2-500-candidatos-nas-eleicoes-2022\/#primaryimage"},"thumbnailUrl":"https:\/\/marcelolopes.jor.br\/site\/wp-content\/uploads\/2022\/08\/eleicoes-2022-cargos-titulo-datas-899x600.jpg.webp","keywords":["candidaturas","elei\u00e7\u00f5es 2022","elei\u00e7\u00f5es em Minas Gerais","estat\u00edsticas eleitorais"],"articleSection":["Not\u00edcias"],"inLanguage":"pt-BR","potentialAction":[{"@type":"CommentAction","name":"Comment","target":["https:\/\/marcelolopes.jor.br\/site\/2022\/08\/16\/minas-tem-2-500-candidatos-nas-eleicoes-2022\/#respond"]}]},{"@type":"WebPage","@id":"https:\/\/marcelolopes.jor.br\/site\/2022\/08\/16\/minas-tem-2-500-candidatos-nas-eleicoes-2022\/","url":"https:\/\/marcelolopes.jor.br\/site\/2022\/08\/16\/minas-tem-2-500-candidatos-nas-eleicoes-2022\/","name":"Minas tem 2.500 candidatos nas Elei\u00e7\u00f5es 2022 | Marcelo Lopes","isPartOf":{"@id":"https:\/\/marcelolopes.jor.br\/site\/#website"},"primaryImageOfPage":{"@id":"https:\/\/marcelolopes.jor.br\/site\/2022\/08\/16\/minas-tem-2-500-candidatos-nas-eleicoes-2022\/#primaryimage"},"image":{"@id":"https:\/\/marcelolopes.jor.br\/site\/2022\/08\/16\/minas-tem-2-500-candidatos-nas-eleicoes-2022\/#primaryimage"},"thumbnailUrl":"https:\/\/marcelolopes.jor.br\/site\/wp-content\/uploads\/2022\/08\/eleicoes-2022-cargos-titulo-datas-899x600.jpg.webp","datePublished":"2022-08-16T15:00:29+00:00","description":"Minas tem 2.500 candidatos nas elei\u00e7\u00f5es 2022. TRE vai analisar todos os pedidos de candidaturas at\u00e9 o dia 12 de setembro.","breadcrumb":{"@id":"https:\/\/marcelolopes.jor.br\/site\/2022\/08\/16\/minas-tem-2-500-candidatos-nas-eleicoes-2022\/#breadcrumb"},"inLanguage":"pt-BR","potentialAction":[{"@type":"ReadAction","target":["https:\/\/marcelolopes.jor.br\/site\/2022\/08\/16\/minas-tem-2-500-candidatos-nas-eleicoes-2022\/"]}]},{"@type":"ImageObject","inLanguage":"pt-BR","@id":"https:\/\/marcelolopes.jor.br\/site\/2022\/08\/16\/minas-tem-2-500-candidatos-nas-eleicoes-2022\/#primaryimage","url":"https:\/\/marcelolopes.jor.br\/site\/wp-content\/uploads\/2022\/08\/eleicoes-2022-cargos-titulo-datas-899x600.jpg.webp","contentUrl":"https:\/\/marcelolopes.jor.br\/site\/wp-content\/uploads\/2022\/08\/eleicoes-2022-cargos-titulo-datas-899x600.jpg.webp","width":899,"height":600,"caption":"Minas tem 2.500 candidatos"},{"@type":"BreadcrumbList","@id":"https:\/\/marcelolopes.jor.br\/site\/2022\/08\/16\/minas-tem-2-500-candidatos-nas-eleicoes-2022\/#breadcrumb","itemListElement":[{"@type":"ListItem","position":1,"name":"Home","item":"https:\/\/marcelolopes.jor.br\/site\/"},{"@type":"ListItem","position":2,"name":"Minas tem 2.500 candidatos nas Elei\u00e7\u00f5es 2022"}]},{"@type":"WebSite","@id":"https:\/\/marcelolopes.jor.br\/site\/#website","url":"https:\/\/marcelolopes.jor.br\/site\/","name":"Marcelo Lopes","description":"Not\u00edcias de Cataguases e Regi\u00e3o","publisher":{"@id":"https:\/\/marcelolopes.jor.br\/site\/#organization"},"potentialAction":[{"@type":"SearchAction","target":{"@type":"EntryPoint","urlTemplate":"https:\/\/marcelolopes.jor.br\/site\/?s={search_term_string}"},"query-input":{"@type":"PropertyValueSpecification","valueRequired":true,"valueName":"search_term_string"}}],"inLanguage":"pt-BR"},{"@type":"Organization","@id":"https:\/\/marcelolopes.jor.br\/site\/#organization","name":"Site do Marcelo Lopes","url":"https:\/\/marcelolopes.jor.br\/site\/","logo":{"@type":"ImageObject","inLanguage":"pt-BR","@id":"https:\/\/marcelolopes.jor.br\/site\/#\/schema\/logo\/image\/","url":"https:\/\/marcelolopes.jor.br\/site\/wp-content\/uploads\/2026\/07\/cropped-logo2026.png","contentUrl":"https:\/\/marcelolopes.jor.br\/site\/wp-content\/uploads\/2026\/07\/cropped-logo2026.png","width":328,"height":96,"caption":"Site do Marcelo Lopes"},"image":{"@id":"https:\/\/marcelolopes.jor.br\/site\/#\/schema\/logo\/image\/"},"sameAs":["https:\/\/www.facebook.com\/sitedomarcelolopes","https:\/\/www.instagram.com\/sitedomarcelolopes\/","https:\/\/www.linkedin.com\/company\/site-do-marcelo-lopes\/","https:\/\/www.youtube.com\/user\/marcelolopes957"]},{"@type":"Person","@id":"https:\/\/marcelolopes.jor.br\/site\/#\/schema\/person\/3e7216a35c34d8fdf952b31da3d1f89f","name":"Marcelo Lopes","sameAs":["http:\/\/www.marcelolopes.jor.br"],"url":"https:\/\/marcelolopes.jor.br\/site\/author\/marcelo\/"}]}},"wps_subtitle":"TRE vai analisar todos os pedidos de candidaturas at\u00e9 o dia 12 de setembro.","_links":{"self":[{"href":"https:\/\/marcelolopes.jor.br\/site\/wp-json\/wp\/v2\/posts\/35196","targetHints":{"allow":["GET"]}}],"collection":[{"href":"https:\/\/marcelolopes.jor.br\/site\/wp-json\/wp\/v2\/posts"}],"about":[{"href":"https:\/\/marcelolopes.jor.br\/site\/wp-json\/wp\/v2\/types\/post"}],"author":[{"embeddable":true,"href":"https:\/\/marcelolopes.jor.br\/site\/wp-json\/wp\/v2\/users\/2"}],"replies":[{"embeddable":true,"href":"https:\/\/marcelolopes.jor.br\/site\/wp-json\/wp\/v2\/comments?post=35196"}],"version-history":[{"count":0,"href":"https:\/\/marcelolopes.jor.br\/site\/wp-json\/wp\/v2\/posts\/35196\/revisions"}],"wp:featuredmedia":[{"embeddable":true,"href":"https:\/\/marcelolopes.jor.br\/site\/wp-json\/wp\/v2\/media\/35197"}],"wp:attachment":[{"href":"https:\/\/marcelolopes.jor.br\/site\/wp-json\/wp\/v2\/media?parent=35196"}],"wp:term":[{"taxonomy":"category","embeddable":true,"href":"https:\/\/marcelolopes.jor.br\/site\/wp-json\/wp\/v2\/categories?post=35196"},{"taxonomy":"post_tag","embeddable":true,"href":"https:\/\/marcelolopes.jor.br\/site\/wp-json\/wp\/v2\/tags?post=35196"}],"curies":[{"name":"wp","href":"https:\/\/api.w.org\/{rel}","templated":true}]}}