{"id":35012,"date":"2022-08-06T19:00:18","date_gmt":"2022-08-06T22:00:18","guid":{"rendered":"https:\/\/marcelolopes.jor.br\/?p=35012"},"modified":"2022-08-06T16:43:38","modified_gmt":"2022-08-06T19:43:38","slug":"jovem-atira-contra-policiais-e-acaba-morto-em-alem-paraiba","status":"publish","type":"post","link":"https:\/\/marcelolopes.jor.br\/site\/2022\/08\/06\/jovem-atira-contra-policiais-e-acaba-morto-em-alem-paraiba\/","title":{"rendered":"Jovem atira contra policiais e acaba morto em Al\u00e9m Para\u00edba"},"content":{"rendered":"<p style=\"text-align: justify;\">Um jovem morreu baleado ap\u00f3s atirar contra policiais militares na noite desta sexta-feira, 5 de agosto, no Bairro S\u00e3o Jos\u00e9, em Al\u00e9m Para\u00edba.<!--more--><\/p>\n<p style=\"text-align: justify;\">De acordo com as informa\u00e7\u00f5es divulgadas pelo jornal <a href=\"http:\/\/www.ovigilanteonline.com\"><strong><span style=\"color: #800000;\">O Vigilante Online<\/span><\/strong><\/a>, a corpora\u00e7\u00e3o realizava uma opera\u00e7\u00e3o de combate ao tr\u00e1fico de drogas naquele munic\u00edpio quando os militares da ROTAM foram recebidos a tiros pelo rapaz, de 18 anos de idade.<\/p>\n<p style=\"text-align: justify;\">Conforme a Pol\u00edcia Militar, ele segurava uma pistola calibre 380 com numera\u00e7\u00e3o raspada e disparou contra os militares que realizavam o cerco na altura da Rua da Trindade. Em seguida, fugiu pulando um muro quando atirou novamente contra dois militares que reagiram com disparos.<\/p>\n<p style=\"text-align: justify;\">O jovem caiu ao solo e com ele foram apreendidos 43 buchas de maconha, 7 papelotes de coca\u00edna, al\u00e9m de uma pistola. Ele foi socorrido pelos policiais at\u00e9 o Hospital S\u00e3o Salvador, local onde veio a \u00f3bito.<\/p>\n<p style=\"text-align: justify;\">Conforme a pol\u00edcia, o indiv\u00edduo possu\u00eda diversas passagens por tr\u00e1fico de drogas.<\/p>\n<p style=\"text-align: justify;\"><strong>LEIA TAMB\u00c9M<\/strong><br \/>\n<a href=\"https:\/\/marcelolopes.jor.br\/2022\/07\/29\/dupla-e-presa-com-890-pinos-de-cocaina-em-alem-paraiba\/\"><strong><span style=\"color: #800000;\">Dupla \u00e9 presa com 890 pinos de coca\u00edna em Al\u00e9m Para\u00edba<\/span><\/strong><\/a><br \/>\n<a href=\"https:\/\/marcelolopes.jor.br\/2022\/07\/03\/batalhao-de-choque-apreende-drogas-e-armas-em-ilha-de-alem-paraiba\/\"><strong><span style=\"color: #800000;\">Batalh\u00e3o de Choque apreende drogas e armas em ilha de Al\u00e9m Para\u00edba<\/span><\/strong><\/a><\/p>\n<p>Fonte: Jornal O Vigilante Online | Foto: Reprodu\u00e7\u00e3o<\/p>\n<div class=\"qeqrc69f74d429c806\" ><br><\/div><style type=\"text\/css\">\r\n@media screen and (min-width: 1201px) {\r\n.qeqrc69f74d429c806 {\r\ndisplay: block;\r\n}\r\n}\r\n@media screen and (min-width: 993px) and (max-width: 1200px) {\r\n.qeqrc69f74d429c806 {\r\ndisplay: block;\r\n}\r\n}\r\n@media screen and (min-width: 769px) and (max-width: 992px) {\r\n.qeqrc69f74d429c806 {\r\ndisplay: block;\r\n}\r\n}\r\n@media screen and (min-width: 768px) and (max-width: 768px) {\r\n.qeqrc69f74d429c806 {\r\ndisplay: block;\r\n}\r\n}\r\n@media screen and (max-width: 767px) {\r\n.qeqrc69f74d429c806 {\r\ndisplay: block;\r\n}\r\n}\r\n<\/style>\r\n<div class=\"nkizd69f74d42a4772\" ><div id=\"div_destino\"><\/div>\r\n<script src=\"https:\/\/cdn.snsrsv.com\/sdk.js\"><\/script>\r\n<script >\r\n      new sdk(\"464030C30061EA8BE065000000000001\") \r\n          .appendTo(\"div_destino\")\r\n          .disableStyle(true) \r\n          .setCacheBusterMacro(\"%%CACHEBUSTER%%\")\r\n          .setSize(\"800\",\"214\")\r\n          .setClickMacro(\"%%CLICK_URL_ESC%%\") \r\n          .setReferrerUrlMacro(\"%%REFERRER_URL_ESC%%\") \r\n          .start(); \r\n<\/script><\/div><style type=\"text\/css\">\r\n@media screen and (min-width: 1201px) {\r\n.nkizd69f74d42a4772 {\r\ndisplay: block;\r\n}\r\n}\r\n@media screen and (min-width: 993px) and (max-width: 1200px) {\r\n.nkizd69f74d42a4772 {\r\ndisplay: block;\r\n}\r\n}\r\n@media screen and (min-width: 769px) and (max-width: 992px) {\r\n.nkizd69f74d42a4772 {\r\ndisplay: block;\r\n}\r\n}\r\n@media screen and (min-width: 768px) and (max-width: 768px) {\r\n.nkizd69f74d42a4772 {\r\ndisplay: block;\r\n}\r\n}\r\n@media screen and (max-width: 767px) {\r\n.nkizd69f74d42a4772 {\r\ndisplay: block;\r\n}\r\n}\r\n<\/style>\r\n","protected":false},"excerpt":{"rendered":"<p>Um jovem morreu baleado ap\u00f3s atirar contra policiais militares na noite desta sexta-feira, 5 de agosto, no Bairro S\u00e3o Jos\u00e9, em Al\u00e9m Para\u00edba.<\/p>\n","protected":false},"author":2,"featured_media":35014,"comment_status":"open","ping_status":"open","sticky":false,"template":"","format":"standard","meta":{"footnotes":""},"categories":[1],"tags":[6438,6156,3339,6437],"class_list":["post-35012","post","type-post","status-publish","format-standard","has-post-thumbnail","hentry","category-noticias","tag-disparo-de-arma-de-fogo","tag-morte-a-tiros","tag-rotam","tag-tiro-contra-policiais","thumb-below-title"],"yoast_head":"<!-- This site is optimized with the Yoast SEO plugin v27.4 - https:\/\/yoast.com\/product\/yoast-seo-wordpress\/ -->\n<title>Jovem atira contra policiais e acaba morto em Al\u00e9m Para\u00edba<\/title>\n<meta name=\"description\" content=\"Jovem atira contra policiais e acaba morto em Al\u00e9m Para\u00edba. Militares da ROTAM foram recebidos a tiros durante Opera\u00e7\u00e3o.\" \/>\n<meta name=\"robots\" content=\"index, follow, max-snippet:-1, max-image-preview:large, max-video-preview:-1\" \/>\n<link rel=\"canonical\" href=\"https:\/\/marcelolopes.jor.br\/site\/2022\/08\/06\/jovem-atira-contra-policiais-e-acaba-morto-em-alem-paraiba\/\" \/>\n<meta property=\"og:locale\" content=\"pt_BR\" \/>\n<meta property=\"og:type\" content=\"article\" \/>\n<meta property=\"og:title\" content=\"Jovem atira contra policiais e acaba morto em Al\u00e9m Para\u00edba\" \/>\n<meta property=\"og:description\" content=\"Jovem atira contra policiais e acaba morto em Al\u00e9m Para\u00edba. Militares da ROTAM foram recebidos a tiros durante Opera\u00e7\u00e3o.\" \/>\n<meta property=\"og:url\" content=\"https:\/\/marcelolopes.jor.br\/site\/2022\/08\/06\/jovem-atira-contra-policiais-e-acaba-morto-em-alem-paraiba\/\" \/>\n<meta property=\"og:site_name\" content=\"Marcelo Lopes\" \/>\n<meta property=\"article:publisher\" content=\"https:\/\/www.facebook.com\/sitedomarcelolopes\" \/>\n<meta property=\"article:published_time\" content=\"2022-08-06T22:00:18+00:00\" \/>\n<meta property=\"og:image\" content=\"https:\/\/marcelolopes.jor.br\/site\/wp-content\/uploads\/2022\/08\/rotam-alem-paraiba.jpeg\" \/>\n\t<meta property=\"og:image:width\" content=\"900\" \/>\n\t<meta property=\"og:image:height\" content=\"525\" \/>\n\t<meta property=\"og:image:type\" content=\"image\/jpeg\" \/>\n<meta name=\"author\" content=\"Marcelo Lopes\" \/>\n<meta name=\"twitter:card\" content=\"summary_large_image\" \/>\n<meta name=\"twitter:label1\" content=\"Escrito por\" \/>\n\t<meta name=\"twitter:data1\" content=\"Marcelo Lopes\" \/>\n\t<meta name=\"twitter:label2\" content=\"Est. tempo de leitura\" \/>\n\t<meta name=\"twitter:data2\" content=\"1 minuto\" \/>\n<script type=\"application\/ld+json\" class=\"yoast-schema-graph\">{\"@context\":\"https:\\\/\\\/schema.org\",\"@graph\":[{\"@type\":\"NewsArticle\",\"@id\":\"https:\\\/\\\/marcelolopes.jor.br\\\/site\\\/2022\\\/08\\\/06\\\/jovem-atira-contra-policiais-e-acaba-morto-em-alem-paraiba\\\/#article\",\"isPartOf\":{\"@id\":\"https:\\\/\\\/marcelolopes.jor.br\\\/site\\\/2022\\\/08\\\/06\\\/jovem-atira-contra-policiais-e-acaba-morto-em-alem-paraiba\\\/\"},\"author\":{\"name\":\"Marcelo Lopes\",\"@id\":\"https:\\\/\\\/marcelolopes.jor.br\\\/site\\\/#\\\/schema\\\/person\\\/3e7216a35c34d8fdf952b31da3d1f89f\"},\"headline\":\"Jovem atira contra policiais e acaba morto em Al\u00e9m Para\u00edba\",\"datePublished\":\"2022-08-06T22:00:18+00:00\",\"mainEntityOfPage\":{\"@id\":\"https:\\\/\\\/marcelolopes.jor.br\\\/site\\\/2022\\\/08\\\/06\\\/jovem-atira-contra-policiais-e-acaba-morto-em-alem-paraiba\\\/\"},\"wordCount\":219,\"commentCount\":0,\"publisher\":{\"@id\":\"https:\\\/\\\/marcelolopes.jor.br\\\/site\\\/#organization\"},\"image\":{\"@id\":\"https:\\\/\\\/marcelolopes.jor.br\\\/site\\\/2022\\\/08\\\/06\\\/jovem-atira-contra-policiais-e-acaba-morto-em-alem-paraiba\\\/#primaryimage\"},\"thumbnailUrl\":\"https:\\\/\\\/marcelolopes.jor.br\\\/site\\\/wp-content\\\/uploads\\\/2022\\\/08\\\/rotam-alem-paraiba.jpeg\",\"keywords\":[\"disparo de arma de fogo\",\"morte a tiros\",\"ROTAM\",\"tiro contra policiais\"],\"articleSection\":[\"Not\u00edcias\"],\"inLanguage\":\"pt-BR\",\"potentialAction\":[{\"@type\":\"CommentAction\",\"name\":\"Comment\",\"target\":[\"https:\\\/\\\/marcelolopes.jor.br\\\/site\\\/2022\\\/08\\\/06\\\/jovem-atira-contra-policiais-e-acaba-morto-em-alem-paraiba\\\/#respond\"]}]},{\"@type\":\"WebPage\",\"@id\":\"https:\\\/\\\/marcelolopes.jor.br\\\/site\\\/2022\\\/08\\\/06\\\/jovem-atira-contra-policiais-e-acaba-morto-em-alem-paraiba\\\/\",\"url\":\"https:\\\/\\\/marcelolopes.jor.br\\\/site\\\/2022\\\/08\\\/06\\\/jovem-atira-contra-policiais-e-acaba-morto-em-alem-paraiba\\\/\",\"name\":\"Jovem atira contra policiais e acaba morto em Al\u00e9m Para\u00edba\",\"isPartOf\":{\"@id\":\"https:\\\/\\\/marcelolopes.jor.br\\\/site\\\/#website\"},\"primaryImageOfPage\":{\"@id\":\"https:\\\/\\\/marcelolopes.jor.br\\\/site\\\/2022\\\/08\\\/06\\\/jovem-atira-contra-policiais-e-acaba-morto-em-alem-paraiba\\\/#primaryimage\"},\"image\":{\"@id\":\"https:\\\/\\\/marcelolopes.jor.br\\\/site\\\/2022\\\/08\\\/06\\\/jovem-atira-contra-policiais-e-acaba-morto-em-alem-paraiba\\\/#primaryimage\"},\"thumbnailUrl\":\"https:\\\/\\\/marcelolopes.jor.br\\\/site\\\/wp-content\\\/uploads\\\/2022\\\/08\\\/rotam-alem-paraiba.jpeg\",\"datePublished\":\"2022-08-06T22:00:18+00:00\",\"description\":\"Jovem atira contra policiais e acaba morto em Al\u00e9m Para\u00edba. Militares da ROTAM foram recebidos a tiros durante Opera\u00e7\u00e3o.\",\"breadcrumb\":{\"@id\":\"https:\\\/\\\/marcelolopes.jor.br\\\/site\\\/2022\\\/08\\\/06\\\/jovem-atira-contra-policiais-e-acaba-morto-em-alem-paraiba\\\/#breadcrumb\"},\"inLanguage\":\"pt-BR\",\"potentialAction\":[{\"@type\":\"ReadAction\",\"target\":[\"https:\\\/\\\/marcelolopes.jor.br\\\/site\\\/2022\\\/08\\\/06\\\/jovem-atira-contra-policiais-e-acaba-morto-em-alem-paraiba\\\/\"]}]},{\"@type\":\"ImageObject\",\"inLanguage\":\"pt-BR\",\"@id\":\"https:\\\/\\\/marcelolopes.jor.br\\\/site\\\/2022\\\/08\\\/06\\\/jovem-atira-contra-policiais-e-acaba-morto-em-alem-paraiba\\\/#primaryimage\",\"url\":\"https:\\\/\\\/marcelolopes.jor.br\\\/site\\\/wp-content\\\/uploads\\\/2022\\\/08\\\/rotam-alem-paraiba.jpeg\",\"contentUrl\":\"https:\\\/\\\/marcelolopes.jor.br\\\/site\\\/wp-content\\\/uploads\\\/2022\\\/08\\\/rotam-alem-paraiba.jpeg\",\"width\":900,\"height\":525,\"caption\":\"Jovem atira contra policiais\"},{\"@type\":\"BreadcrumbList\",\"@id\":\"https:\\\/\\\/marcelolopes.jor.br\\\/site\\\/2022\\\/08\\\/06\\\/jovem-atira-contra-policiais-e-acaba-morto-em-alem-paraiba\\\/#breadcrumb\",\"itemListElement\":[{\"@type\":\"ListItem\",\"position\":1,\"name\":\"Home\",\"item\":\"https:\\\/\\\/marcelolopes.jor.br\\\/site\\\/\"},{\"@type\":\"ListItem\",\"position\":2,\"name\":\"Jovem atira contra policiais e acaba morto em Al\u00e9m Para\u00edba\"}]},{\"@type\":\"WebSite\",\"@id\":\"https:\\\/\\\/marcelolopes.jor.br\\\/site\\\/#website\",\"url\":\"https:\\\/\\\/marcelolopes.jor.br\\\/site\\\/\",\"name\":\"Marcelo Lopes\",\"description\":\"Not\u00edcias de Cataguases e Regi\u00e3o\",\"publisher\":{\"@id\":\"https:\\\/\\\/marcelolopes.jor.br\\\/site\\\/#organization\"},\"potentialAction\":[{\"@type\":\"SearchAction\",\"target\":{\"@type\":\"EntryPoint\",\"urlTemplate\":\"https:\\\/\\\/marcelolopes.jor.br\\\/site\\\/?s={search_term_string}\"},\"query-input\":{\"@type\":\"PropertyValueSpecification\",\"valueRequired\":true,\"valueName\":\"search_term_string\"}}],\"inLanguage\":\"pt-BR\"},{\"@type\":\"Organization\",\"@id\":\"https:\\\/\\\/marcelolopes.jor.br\\\/site\\\/#organization\",\"name\":\"Site do Marcelo Lopes\",\"url\":\"https:\\\/\\\/marcelolopes.jor.br\\\/site\\\/\",\"logo\":{\"@type\":\"ImageObject\",\"inLanguage\":\"pt-BR\",\"@id\":\"https:\\\/\\\/marcelolopes.jor.br\\\/site\\\/#\\\/schema\\\/logo\\\/image\\\/\",\"url\":\"https:\\\/\\\/marcelolopes.jor.br\\\/site\\\/wp-content\\\/uploads\\\/2024\\\/11\\\/logo-1.png\",\"contentUrl\":\"https:\\\/\\\/marcelolopes.jor.br\\\/site\\\/wp-content\\\/uploads\\\/2024\\\/11\\\/logo-1.png\",\"width\":475,\"height\":80,\"caption\":\"Site do Marcelo Lopes\"},\"image\":{\"@id\":\"https:\\\/\\\/marcelolopes.jor.br\\\/site\\\/#\\\/schema\\\/logo\\\/image\\\/\"},\"sameAs\":[\"https:\\\/\\\/www.facebook.com\\\/sitedomarcelolopes\",\"https:\\\/\\\/www.instagram.com\\\/sitedomarcelolopes\\\/\",\"https:\\\/\\\/www.linkedin.com\\\/company\\\/site-do-marcelo-lopes\\\/\",\"https:\\\/\\\/www.youtube.com\\\/user\\\/marcelolopes957\"]},{\"@type\":\"Person\",\"@id\":\"https:\\\/\\\/marcelolopes.jor.br\\\/site\\\/#\\\/schema\\\/person\\\/3e7216a35c34d8fdf952b31da3d1f89f\",\"name\":\"Marcelo Lopes\",\"sameAs\":[\"http:\\\/\\\/www.marcelolopes.jor.br\"],\"url\":\"https:\\\/\\\/marcelolopes.jor.br\\\/site\\\/author\\\/marcelo\\\/\"}]}<\/script>\n<!-- \/ Yoast SEO plugin. -->","yoast_head_json":{"title":"Jovem atira contra policiais e acaba morto em Al\u00e9m Para\u00edba","description":"Jovem atira contra policiais e acaba morto em Al\u00e9m Para\u00edba. Militares da ROTAM foram recebidos a tiros durante Opera\u00e7\u00e3o.","robots":{"index":"index","follow":"follow","max-snippet":"max-snippet:-1","max-image-preview":"max-image-preview:large","max-video-preview":"max-video-preview:-1"},"canonical":"https:\/\/marcelolopes.jor.br\/site\/2022\/08\/06\/jovem-atira-contra-policiais-e-acaba-morto-em-alem-paraiba\/","og_locale":"pt_BR","og_type":"article","og_title":"Jovem atira contra policiais e acaba morto em Al\u00e9m Para\u00edba","og_description":"Jovem atira contra policiais e acaba morto em Al\u00e9m Para\u00edba. Militares da ROTAM foram recebidos a tiros durante Opera\u00e7\u00e3o.","og_url":"https:\/\/marcelolopes.jor.br\/site\/2022\/08\/06\/jovem-atira-contra-policiais-e-acaba-morto-em-alem-paraiba\/","og_site_name":"Marcelo Lopes","article_publisher":"https:\/\/www.facebook.com\/sitedomarcelolopes","article_published_time":"2022-08-06T22:00:18+00:00","og_image":[{"width":900,"height":525,"url":"https:\/\/marcelolopes.jor.br\/site\/wp-content\/uploads\/2022\/08\/rotam-alem-paraiba.jpeg","type":"image\/jpeg"}],"author":"Marcelo Lopes","twitter_card":"summary_large_image","twitter_misc":{"Escrito por":"Marcelo Lopes","Est. tempo de leitura":"1 minuto"},"schema":{"@context":"https:\/\/schema.org","@graph":[{"@type":"NewsArticle","@id":"https:\/\/marcelolopes.jor.br\/site\/2022\/08\/06\/jovem-atira-contra-policiais-e-acaba-morto-em-alem-paraiba\/#article","isPartOf":{"@id":"https:\/\/marcelolopes.jor.br\/site\/2022\/08\/06\/jovem-atira-contra-policiais-e-acaba-morto-em-alem-paraiba\/"},"author":{"name":"Marcelo Lopes","@id":"https:\/\/marcelolopes.jor.br\/site\/#\/schema\/person\/3e7216a35c34d8fdf952b31da3d1f89f"},"headline":"Jovem atira contra policiais e acaba morto em Al\u00e9m Para\u00edba","datePublished":"2022-08-06T22:00:18+00:00","mainEntityOfPage":{"@id":"https:\/\/marcelolopes.jor.br\/site\/2022\/08\/06\/jovem-atira-contra-policiais-e-acaba-morto-em-alem-paraiba\/"},"wordCount":219,"commentCount":0,"publisher":{"@id":"https:\/\/marcelolopes.jor.br\/site\/#organization"},"image":{"@id":"https:\/\/marcelolopes.jor.br\/site\/2022\/08\/06\/jovem-atira-contra-policiais-e-acaba-morto-em-alem-paraiba\/#primaryimage"},"thumbnailUrl":"https:\/\/marcelolopes.jor.br\/site\/wp-content\/uploads\/2022\/08\/rotam-alem-paraiba.jpeg","keywords":["disparo de arma de fogo","morte a tiros","ROTAM","tiro contra policiais"],"articleSection":["Not\u00edcias"],"inLanguage":"pt-BR","potentialAction":[{"@type":"CommentAction","name":"Comment","target":["https:\/\/marcelolopes.jor.br\/site\/2022\/08\/06\/jovem-atira-contra-policiais-e-acaba-morto-em-alem-paraiba\/#respond"]}]},{"@type":"WebPage","@id":"https:\/\/marcelolopes.jor.br\/site\/2022\/08\/06\/jovem-atira-contra-policiais-e-acaba-morto-em-alem-paraiba\/","url":"https:\/\/marcelolopes.jor.br\/site\/2022\/08\/06\/jovem-atira-contra-policiais-e-acaba-morto-em-alem-paraiba\/","name":"Jovem atira contra policiais e acaba morto em Al\u00e9m Para\u00edba","isPartOf":{"@id":"https:\/\/marcelolopes.jor.br\/site\/#website"},"primaryImageOfPage":{"@id":"https:\/\/marcelolopes.jor.br\/site\/2022\/08\/06\/jovem-atira-contra-policiais-e-acaba-morto-em-alem-paraiba\/#primaryimage"},"image":{"@id":"https:\/\/marcelolopes.jor.br\/site\/2022\/08\/06\/jovem-atira-contra-policiais-e-acaba-morto-em-alem-paraiba\/#primaryimage"},"thumbnailUrl":"https:\/\/marcelolopes.jor.br\/site\/wp-content\/uploads\/2022\/08\/rotam-alem-paraiba.jpeg","datePublished":"2022-08-06T22:00:18+00:00","description":"Jovem atira contra policiais e acaba morto em Al\u00e9m Para\u00edba. Militares da ROTAM foram recebidos a tiros durante Opera\u00e7\u00e3o.","breadcrumb":{"@id":"https:\/\/marcelolopes.jor.br\/site\/2022\/08\/06\/jovem-atira-contra-policiais-e-acaba-morto-em-alem-paraiba\/#breadcrumb"},"inLanguage":"pt-BR","potentialAction":[{"@type":"ReadAction","target":["https:\/\/marcelolopes.jor.br\/site\/2022\/08\/06\/jovem-atira-contra-policiais-e-acaba-morto-em-alem-paraiba\/"]}]},{"@type":"ImageObject","inLanguage":"pt-BR","@id":"https:\/\/marcelolopes.jor.br\/site\/2022\/08\/06\/jovem-atira-contra-policiais-e-acaba-morto-em-alem-paraiba\/#primaryimage","url":"https:\/\/marcelolopes.jor.br\/site\/wp-content\/uploads\/2022\/08\/rotam-alem-paraiba.jpeg","contentUrl":"https:\/\/marcelolopes.jor.br\/site\/wp-content\/uploads\/2022\/08\/rotam-alem-paraiba.jpeg","width":900,"height":525,"caption":"Jovem atira contra policiais"},{"@type":"BreadcrumbList","@id":"https:\/\/marcelolopes.jor.br\/site\/2022\/08\/06\/jovem-atira-contra-policiais-e-acaba-morto-em-alem-paraiba\/#breadcrumb","itemListElement":[{"@type":"ListItem","position":1,"name":"Home","item":"https:\/\/marcelolopes.jor.br\/site\/"},{"@type":"ListItem","position":2,"name":"Jovem atira contra policiais e acaba morto em Al\u00e9m Para\u00edba"}]},{"@type":"WebSite","@id":"https:\/\/marcelolopes.jor.br\/site\/#website","url":"https:\/\/marcelolopes.jor.br\/site\/","name":"Marcelo Lopes","description":"Not\u00edcias de Cataguases e Regi\u00e3o","publisher":{"@id":"https:\/\/marcelolopes.jor.br\/site\/#organization"},"potentialAction":[{"@type":"SearchAction","target":{"@type":"EntryPoint","urlTemplate":"https:\/\/marcelolopes.jor.br\/site\/?s={search_term_string}"},"query-input":{"@type":"PropertyValueSpecification","valueRequired":true,"valueName":"search_term_string"}}],"inLanguage":"pt-BR"},{"@type":"Organization","@id":"https:\/\/marcelolopes.jor.br\/site\/#organization","name":"Site do Marcelo Lopes","url":"https:\/\/marcelolopes.jor.br\/site\/","logo":{"@type":"ImageObject","inLanguage":"pt-BR","@id":"https:\/\/marcelolopes.jor.br\/site\/#\/schema\/logo\/image\/","url":"https:\/\/marcelolopes.jor.br\/site\/wp-content\/uploads\/2024\/11\/logo-1.png","contentUrl":"https:\/\/marcelolopes.jor.br\/site\/wp-content\/uploads\/2024\/11\/logo-1.png","width":475,"height":80,"caption":"Site do Marcelo Lopes"},"image":{"@id":"https:\/\/marcelolopes.jor.br\/site\/#\/schema\/logo\/image\/"},"sameAs":["https:\/\/www.facebook.com\/sitedomarcelolopes","https:\/\/www.instagram.com\/sitedomarcelolopes\/","https:\/\/www.linkedin.com\/company\/site-do-marcelo-lopes\/","https:\/\/www.youtube.com\/user\/marcelolopes957"]},{"@type":"Person","@id":"https:\/\/marcelolopes.jor.br\/site\/#\/schema\/person\/3e7216a35c34d8fdf952b31da3d1f89f","name":"Marcelo Lopes","sameAs":["http:\/\/www.marcelolopes.jor.br"],"url":"https:\/\/marcelolopes.jor.br\/site\/author\/marcelo\/"}]}},"wps_subtitle":"Militares da ROTAM foram recebidos a tiros durante Opera\u00e7\u00e3o contra o tr\u00e1fico de drogas.","_links":{"self":[{"href":"https:\/\/marcelolopes.jor.br\/site\/wp-json\/wp\/v2\/posts\/35012","targetHints":{"allow":["GET"]}}],"collection":[{"href":"https:\/\/marcelolopes.jor.br\/site\/wp-json\/wp\/v2\/posts"}],"about":[{"href":"https:\/\/marcelolopes.jor.br\/site\/wp-json\/wp\/v2\/types\/post"}],"author":[{"embeddable":true,"href":"https:\/\/marcelolopes.jor.br\/site\/wp-json\/wp\/v2\/users\/2"}],"replies":[{"embeddable":true,"href":"https:\/\/marcelolopes.jor.br\/site\/wp-json\/wp\/v2\/comments?post=35012"}],"version-history":[{"count":0,"href":"https:\/\/marcelolopes.jor.br\/site\/wp-json\/wp\/v2\/posts\/35012\/revisions"}],"wp:featuredmedia":[{"embeddable":true,"href":"https:\/\/marcelolopes.jor.br\/site\/wp-json\/wp\/v2\/media\/35014"}],"wp:attachment":[{"href":"https:\/\/marcelolopes.jor.br\/site\/wp-json\/wp\/v2\/media?parent=35012"}],"wp:term":[{"taxonomy":"category","embeddable":true,"href":"https:\/\/marcelolopes.jor.br\/site\/wp-json\/wp\/v2\/categories?post=35012"},{"taxonomy":"post_tag","embeddable":true,"href":"https:\/\/marcelolopes.jor.br\/site\/wp-json\/wp\/v2\/tags?post=35012"}],"curies":[{"name":"wp","href":"https:\/\/api.w.org\/{rel}","templated":true}]}}